{"id":1389491,"date":"2021-06-29T15:07:41","date_gmt":"2021-06-29T14:07:41","guid":{"rendered":"https:\/\/www.pressenza.com\/?p=1389491"},"modified":"2021-06-29T15:11:41","modified_gmt":"2021-06-29T14:11:41","slug":"migranti-otto-minuti-di-ipocrisia","status":"publish","type":"post","link":"https:\/\/www.pressenza.com\/it\/2021\/06\/migranti-otto-minuti-di-ipocrisia\/","title":{"rendered":"Migranti, otto minuti di ipocrisia"},"content":{"rendered":"<p><strong>I governi dell\u2019UE non riescono a definire una nuova politica dell\u2019asilo e pi\u00f9 complessivamente di gestione dell\u2019immigrazione. Al tema hanno dedicato, a quanto risulta, otto minuti nell\u2019ultimo vertice<\/strong>. In questa\u00a0<em>impasse,<\/em>\u00a0la linea su cui convergono consiste nel ribadire e rafforzare l\u2019esternalizzazione delle frontiere. Su impulso tedesco si\u00a0<strong>rinnoveranno gli accordi con la Turchia<\/strong>. Si prevedono nove miliardi di spesa. Anche sul versante Sud si vorrebbe incrementare la medesima politica, gi\u00e0 ispiratrice degli accordi con la Libia del governo Gentiloni-Minniti e di altri simili, come quello con il Niger. Qui la promessa \u00e8 di otto miliardi aggiuntivi.<\/p>\n<p>Questa politica, spesso giustificata con la chiusura dei governi del blocco di Visegrad, \u00e8 in realt\u00e0 assai pi\u00f9 condivisa. Lo stesso Mario Draghi, purtroppo, l\u2019ha convintamente sposata in occasione del suo ultimo incontro con Angela Merkel. Oltre all\u2019indignazione morale per l\u2019indifferenza verso le vittime di questa cinica impostazione (gi\u00e0 espressa con vigore dal direttore di Avvenire pochi giorni fa), alcuni rilievi di fatto consentono di affermare che si tratta di un passo sbagliato.<\/p>\n<p>Anzitutto,\u00a0<strong>non \u00e8 vero che l\u2019UE sta sopportando flussi ingenti e incontrollabili di richiedenti asilo<\/strong>. Nel 2020 hanno chiesto asilo nell\u2019Unione Europea circa 416.600 persone, oltre 200.000 in meno rispetto al dato 2019 (631.300). Soprattutto, si tratta di un terzo rispetto al picco toccato nel 2015-2016, quando il dato aveva raggiunto rispettivamente 1.321.000 e 1.259.000 casi. Saremmo in realt\u00e0 in un momento favorevole per costruire nuove soluzioni, al riparo da urgenze impellenti. Lo stesso piano von der Leyen del settembre scorso insiste invece sui rimpatri (citati 88 volte) e sugli accordi con i paesi esterni, come principale strategia dell\u2019UE sull\u2019argomento.<\/p>\n<p>In secondo luogo,\u00a0<strong>l\u2019Italia non \u00e8 affatto in prima linea, come si continua a ripetere acriticamente nel nostro ristretto cortile<\/strong>. Ha ricevuto nel 2020 21.200 domande di asilo (39% in meno rispetto al 2019), e si situa al quinto posto nell\u2019Ue dopo la Germania (102.500), la Spagna (86.400, per effetto soprattutto degli arrivi dal Venezuela), la Francia (81.800) e la Grecia (37.900). Anche considerando i casi accumulati nel corso degli anni, siamo sotto la media dell\u2019Europa Occidentale. Secondo l\u2019Unhcr, a fine 2019 il nostro Paese accoglieva 3,4 tra rifugiati e richiedenti asilo ogni 1.000 abitanti, contro circa 25 della Svezia, 18 di Malta, 15 dell\u2019Austria, 14 della Germania, 6 di Danimarca, Grecia e Francia. Le convenzioni di Dublino andrebbero riviste, perch\u00e9 impongono obblighi di accoglienza disuguali ai governi nazionali, ma non perch\u00e9 l\u2019Italia sia particolarmente penalizzata.<\/p>\n<p>In terzo luogo,\u00a0<strong>come italiani ed europei stiamo piegando la promozione dello sviluppo e la cooperazione internazionale all\u2019obiettivo del controllo dei confini<\/strong>. I governi interessati ricevono fondi a patto che collaborino nel fermare i migranti, comprese donne, famiglie con bambini, persone in fuga da guerre e repressioni. Per di pi\u00f9, chiamiamo sviluppo l\u2019acquisto di armamenti e il finanziamento di centri di detenzione. Ma anche quando si parla di affrontare le cause profonde delle migrazioni, si finge di ignorare un dato: lo sviluppo rallenta l\u2019emigrazione solo nel lungo periodo. Nel breve termine si associa con un aumento delle partenze, perch\u00e9 sale il numero delle persone che accedono alle risorse per partire, crescono le aspirazioni, cresce l\u2019istruzione, che a sua volta incentiva la partenza verso Paesi dove un titolo di studio rende di pi\u00f9. Si deve sostenere lo sviluppo dei popoli, ma non far credere che questo serva a contenere le migrazioni nei prossimi vent\u2019anni.<\/p>\n<p>Infine, c\u2019\u00e8 il dazio politico da pagare. Non solo gli accordi mettono di fatto l\u2019Ue in una\u00a0<strong>posizione subalterna rispetto agli Erdogan\u00a0<\/strong>con cui si scende a patti, ma la stessa immagine dell\u2019Europa come il faro dei diritti umani nel mondo si macchia di una pesante ipocrisia: forse accoglieremo i perseguitati, ma prima facciamo di tutto per impedire loro di arrivare alle nostre frontiere e chiedere protezione. Non \u00e8 questa l\u2019Europa sognata dai padri fondatori.<\/p>\n<p>Pubblicato su Avvenire del 26 giugno 2021 (con il titolo\u00a0<strong><em><a href=\"https:\/\/www.avvenire.it\/opinioni\/pagine\/responsabilit?fbclid=IwAR1DYLoEwCwouKTn3DruyusB3lPnPd-DTdT_c6ue4xcA88YKO5rCXUfFw0c\">Ecco la vera realt\u00e0 dei rifugiati. Responsabilit\u00e0 e vite in fuga<\/a><\/em><\/strong>). Qui con l\u2019autorizzazione dell\u2019autore Maurizio Ambrosini.<\/p>\n","protected":false},"excerpt":{"rendered":"<p>I governi dell\u2019UE non riescono a definire una nuova politica dell\u2019asilo e pi\u00f9 complessivamente di gestione dell\u2019immigrazione. Al tema hanno dedicato, a quanto risulta, otto minuti nell\u2019ultimo vertice. In questa\u00a0impasse,\u00a0la linea su cui convergono consiste nel ribadire e rafforzare l\u2019esternalizzazione&hellip;<\/p>\n","protected":false},"author":1436,"featured_media":1389492,"comment_status":"closed","ping_status":"closed","sticky":false,"template":"","format":"standard","meta":{"footnotes":""},"categories":[47,54572,162,55],"tags":[4153,92466,3420,35769,3788],"class_list":["post-1389491","post","type-post","status-publish","format-standard","has-post-thumbnail","hentry","category-europa","category-migranti","category-opinioni","category-politica","tag-asilo","tag-controllo-dei-confini","tag-rifugiati","tag-rimpatri","tag-unione-europea"],"yoast_head":"<!-- This site is optimized with the Yoast SEO plugin v27.1.1 - https:\/\/yoast.com\/product\/yoast-seo-wordpress\/ -->\n<title>Migranti, otto minuti di ipocrisia<\/title>\n<meta name=\"description\" content=\"I governi dell\u2019UE non riescono a definire una nuova politica dell\u2019asilo e pi\u00f9 complessivamente di gestione dell\u2019immigrazione. Al tema hanno dedicato, a\" \/>\n<meta name=\"robots\" content=\"index, follow, max-snippet:-1, max-image-preview:large, max-video-preview:-1\" \/>\n<link rel=\"canonical\" href=\"https:\/\/www.pressenza.com\/it\/2021\/06\/migranti-otto-minuti-di-ipocrisia\/\" \/>\n<meta property=\"og:locale\" content=\"it_IT\" \/>\n<meta property=\"og:type\" content=\"article\" \/>\n<meta property=\"og:title\" content=\"Migranti, otto minuti di ipocrisia\" \/>\n<meta property=\"og:description\" content=\"I governi dell\u2019UE non riescono a definire una nuova politica dell\u2019asilo e pi\u00f9 complessivamente di gestione dell\u2019immigrazione. Al tema hanno dedicato, a\" \/>\n<meta property=\"og:url\" content=\"https:\/\/www.pressenza.com\/it\/2021\/06\/migranti-otto-minuti-di-ipocrisia\/\" \/>\n<meta property=\"og:site_name\" content=\"Pressenza\" \/>\n<meta property=\"article:publisher\" content=\"https:\/\/www.facebook.com\/PressenzaItalia\" \/>\n<meta property=\"article:published_time\" content=\"2021-06-29T14:07:41+00:00\" \/>\n<meta property=\"article:modified_time\" content=\"2021-06-29T14:11:41+00:00\" \/>\n<meta property=\"og:image\" content=\"https:\/\/www.pressenza.com\/wp-content\/uploads\/2021\/06\/viso-ragazza.jpg\" \/>\n\t<meta property=\"og:image:width\" content=\"997\" \/>\n\t<meta property=\"og:image:height\" content=\"835\" \/>\n\t<meta property=\"og:image:type\" content=\"image\/jpeg\" \/>\n<meta name=\"author\" content=\"Comune-info\" \/>\n<meta name=\"twitter:card\" content=\"summary_large_image\" \/>\n<meta name=\"twitter:creator\" content=\"@PressenzaIPA\" \/>\n<meta name=\"twitter:site\" content=\"@PressenzaIPA\" \/>\n<meta name=\"twitter:label1\" content=\"Scritto da\" \/>\n\t<meta name=\"twitter:data1\" content=\"Comune-info\" \/>\n\t<meta name=\"twitter:label2\" content=\"Tempo di lettura stimato\" \/>\n\t<meta name=\"twitter:data2\" content=\"3 minuti\" \/>\n<script type=\"application\/ld+json\" class=\"yoast-schema-graph\">{\"@context\":\"https:\/\/schema.org\",\"@graph\":[{\"@type\":\"Article\",\"@id\":\"https:\/\/www.pressenza.com\/it\/2021\/06\/migranti-otto-minuti-di-ipocrisia\/#article\",\"isPartOf\":{\"@id\":\"https:\/\/www.pressenza.com\/it\/2021\/06\/migranti-otto-minuti-di-ipocrisia\/\"},\"author\":{\"name\":\"Comune-info\",\"@id\":\"https:\/\/www.pressenza.com\/it\/#\/schema\/person\/1ee2824dbc73024ca26b2ff0897954a1\"},\"headline\":\"Migranti, otto minuti di ipocrisia\",\"datePublished\":\"2021-06-29T14:07:41+00:00\",\"dateModified\":\"2021-06-29T14:11:41+00:00\",\"mainEntityOfPage\":{\"@id\":\"https:\/\/www.pressenza.com\/it\/2021\/06\/migranti-otto-minuti-di-ipocrisia\/\"},\"wordCount\":663,\"publisher\":{\"@id\":\"https:\/\/www.pressenza.com\/it\/#organization\"},\"image\":{\"@id\":\"https:\/\/www.pressenza.com\/it\/2021\/06\/migranti-otto-minuti-di-ipocrisia\/#primaryimage\"},\"thumbnailUrl\":\"https:\/\/www.pressenza.com\/wp-content\/uploads\/2021\/06\/viso-ragazza.jpg\",\"keywords\":[\"asilo\",\"controllo dei confini\",\"rifugiati\",\"rimpatri\",\"Unione Europea\"],\"articleSection\":[\"Europa\",\"Migranti\",\"Opinioni\",\"Politica\"],\"inLanguage\":\"it-IT\"},{\"@type\":\"WebPage\",\"@id\":\"https:\/\/www.pressenza.com\/it\/2021\/06\/migranti-otto-minuti-di-ipocrisia\/\",\"url\":\"https:\/\/www.pressenza.com\/it\/2021\/06\/migranti-otto-minuti-di-ipocrisia\/\",\"name\":\"Migranti, otto minuti di ipocrisia\",\"isPartOf\":{\"@id\":\"https:\/\/www.pressenza.com\/it\/#website\"},\"primaryImageOfPage\":{\"@id\":\"https:\/\/www.pressenza.com\/it\/2021\/06\/migranti-otto-minuti-di-ipocrisia\/#primaryimage\"},\"image\":{\"@id\":\"https:\/\/www.pressenza.com\/it\/2021\/06\/migranti-otto-minuti-di-ipocrisia\/#primaryimage\"},\"thumbnailUrl\":\"https:\/\/www.pressenza.com\/wp-content\/uploads\/2021\/06\/viso-ragazza.jpg\",\"datePublished\":\"2021-06-29T14:07:41+00:00\",\"dateModified\":\"2021-06-29T14:11:41+00:00\",\"description\":\"I governi dell\u2019UE non riescono a definire una nuova politica dell\u2019asilo e pi\u00f9 complessivamente di gestione dell\u2019immigrazione. Al tema hanno dedicato, a\",\"breadcrumb\":{\"@id\":\"https:\/\/www.pressenza.com\/it\/2021\/06\/migranti-otto-minuti-di-ipocrisia\/#breadcrumb\"},\"inLanguage\":\"it-IT\",\"potentialAction\":[{\"@type\":\"ReadAction\",\"target\":[\"https:\/\/www.pressenza.com\/it\/2021\/06\/migranti-otto-minuti-di-ipocrisia\/\"]}]},{\"@type\":\"ImageObject\",\"inLanguage\":\"it-IT\",\"@id\":\"https:\/\/www.pressenza.com\/it\/2021\/06\/migranti-otto-minuti-di-ipocrisia\/#primaryimage\",\"url\":\"https:\/\/www.pressenza.com\/wp-content\/uploads\/2021\/06\/viso-ragazza.jpg\",\"contentUrl\":\"https:\/\/www.pressenza.com\/wp-content\/uploads\/2021\/06\/viso-ragazza.jpg\",\"width\":997,\"height\":835},{\"@type\":\"BreadcrumbList\",\"@id\":\"https:\/\/www.pressenza.com\/it\/2021\/06\/migranti-otto-minuti-di-ipocrisia\/#breadcrumb\",\"itemListElement\":[{\"@type\":\"ListItem\",\"position\":1,\"name\":\"Accueil\",\"item\":\"https:\/\/www.pressenza.com\/it\/\"},{\"@type\":\"ListItem\",\"position\":2,\"name\":\"Migranti, otto minuti di ipocrisia\"}]},{\"@type\":\"WebSite\",\"@id\":\"https:\/\/www.pressenza.com\/it\/#website\",\"url\":\"https:\/\/www.pressenza.com\/it\/\",\"name\":\"Pressenza\",\"description\":\"Agenzia di Stampa Internazionale\",\"publisher\":{\"@id\":\"https:\/\/www.pressenza.com\/it\/#organization\"},\"potentialAction\":[{\"@type\":\"SearchAction\",\"target\":{\"@type\":\"EntryPoint\",\"urlTemplate\":\"https:\/\/www.pressenza.com\/it\/?s={search_term_string}\"},\"query-input\":{\"@type\":\"PropertyValueSpecification\",\"valueRequired\":true,\"valueName\":\"search_term_string\"}}],\"inLanguage\":\"it-IT\"},{\"@type\":\"Organization\",\"@id\":\"https:\/\/www.pressenza.com\/it\/#organization\",\"name\":\"Pressenza\",\"url\":\"https:\/\/www.pressenza.com\/it\/\",\"logo\":{\"@type\":\"ImageObject\",\"inLanguage\":\"it-IT\",\"@id\":\"https:\/\/www.pressenza.com\/it\/#\/schema\/logo\/image\/\",\"url\":\"https:\/\/www.pressenza.com\/wp-content\/uploads\/2022\/10\/pressenza_logo_200x200.jpg\",\"contentUrl\":\"https:\/\/www.pressenza.com\/wp-content\/uploads\/2022\/10\/pressenza_logo_200x200.jpg\",\"width\":200,\"height\":200,\"caption\":\"Pressenza\"},\"image\":{\"@id\":\"https:\/\/www.pressenza.com\/it\/#\/schema\/logo\/image\/\"},\"sameAs\":[\"https:\/\/www.facebook.com\/PressenzaItalia\",\"https:\/\/x.com\/PressenzaIPA\"]},{\"@type\":\"Person\",\"@id\":\"https:\/\/www.pressenza.com\/it\/#\/schema\/person\/1ee2824dbc73024ca26b2ff0897954a1\",\"name\":\"Comune-info\",\"description\":\"Informazione indipendente su beni comuni, decrescita, altra economia\",\"sameAs\":[\"http:\/\/comune-info.net\/\"],\"url\":\"https:\/\/www.pressenza.com\/it\/author\/comune-info\/\"}]}<\/script>\n<!-- \/ Yoast SEO plugin. -->","yoast_head_json":{"title":"Migranti, otto minuti di ipocrisia","description":"I governi dell\u2019UE non riescono a definire una nuova politica dell\u2019asilo e pi\u00f9 complessivamente di gestione dell\u2019immigrazione. Al tema hanno dedicato, a","robots":{"index":"index","follow":"follow","max-snippet":"max-snippet:-1","max-image-preview":"max-image-preview:large","max-video-preview":"max-video-preview:-1"},"canonical":"https:\/\/www.pressenza.com\/it\/2021\/06\/migranti-otto-minuti-di-ipocrisia\/","og_locale":"it_IT","og_type":"article","og_title":"Migranti, otto minuti di ipocrisia","og_description":"I governi dell\u2019UE non riescono a definire una nuova politica dell\u2019asilo e pi\u00f9 complessivamente di gestione dell\u2019immigrazione. Al tema hanno dedicato, a","og_url":"https:\/\/www.pressenza.com\/it\/2021\/06\/migranti-otto-minuti-di-ipocrisia\/","og_site_name":"Pressenza","article_publisher":"https:\/\/www.facebook.com\/PressenzaItalia","article_published_time":"2021-06-29T14:07:41+00:00","article_modified_time":"2021-06-29T14:11:41+00:00","og_image":[{"width":997,"height":835,"url":"https:\/\/www.pressenza.com\/wp-content\/uploads\/2021\/06\/viso-ragazza.jpg","type":"image\/jpeg"}],"author":"Comune-info","twitter_card":"summary_large_image","twitter_creator":"@PressenzaIPA","twitter_site":"@PressenzaIPA","twitter_misc":{"Scritto da":"Comune-info","Tempo di lettura stimato":"3 minuti"},"schema":{"@context":"https:\/\/schema.org","@graph":[{"@type":"Article","@id":"https:\/\/www.pressenza.com\/it\/2021\/06\/migranti-otto-minuti-di-ipocrisia\/#article","isPartOf":{"@id":"https:\/\/www.pressenza.com\/it\/2021\/06\/migranti-otto-minuti-di-ipocrisia\/"},"author":{"name":"Comune-info","@id":"https:\/\/www.pressenza.com\/it\/#\/schema\/person\/1ee2824dbc73024ca26b2ff0897954a1"},"headline":"Migranti, otto minuti di ipocrisia","datePublished":"2021-06-29T14:07:41+00:00","dateModified":"2021-06-29T14:11:41+00:00","mainEntityOfPage":{"@id":"https:\/\/www.pressenza.com\/it\/2021\/06\/migranti-otto-minuti-di-ipocrisia\/"},"wordCount":663,"publisher":{"@id":"https:\/\/www.pressenza.com\/it\/#organization"},"image":{"@id":"https:\/\/www.pressenza.com\/it\/2021\/06\/migranti-otto-minuti-di-ipocrisia\/#primaryimage"},"thumbnailUrl":"https:\/\/www.pressenza.com\/wp-content\/uploads\/2021\/06\/viso-ragazza.jpg","keywords":["asilo","controllo dei confini","rifugiati","rimpatri","Unione Europea"],"articleSection":["Europa","Migranti","Opinioni","Politica"],"inLanguage":"it-IT"},{"@type":"WebPage","@id":"https:\/\/www.pressenza.com\/it\/2021\/06\/migranti-otto-minuti-di-ipocrisia\/","url":"https:\/\/www.pressenza.com\/it\/2021\/06\/migranti-otto-minuti-di-ipocrisia\/","name":"Migranti, otto minuti di ipocrisia","isPartOf":{"@id":"https:\/\/www.pressenza.com\/it\/#website"},"primaryImageOfPage":{"@id":"https:\/\/www.pressenza.com\/it\/2021\/06\/migranti-otto-minuti-di-ipocrisia\/#primaryimage"},"image":{"@id":"https:\/\/www.pressenza.com\/it\/2021\/06\/migranti-otto-minuti-di-ipocrisia\/#primaryimage"},"thumbnailUrl":"https:\/\/www.pressenza.com\/wp-content\/uploads\/2021\/06\/viso-ragazza.jpg","datePublished":"2021-06-29T14:07:41+00:00","dateModified":"2021-06-29T14:11:41+00:00","description":"I governi dell\u2019UE non riescono a definire una nuova politica dell\u2019asilo e pi\u00f9 complessivamente di gestione dell\u2019immigrazione. Al tema hanno dedicato, a","breadcrumb":{"@id":"https:\/\/www.pressenza.com\/it\/2021\/06\/migranti-otto-minuti-di-ipocrisia\/#breadcrumb"},"inLanguage":"it-IT","potentialAction":[{"@type":"ReadAction","target":["https:\/\/www.pressenza.com\/it\/2021\/06\/migranti-otto-minuti-di-ipocrisia\/"]}]},{"@type":"ImageObject","inLanguage":"it-IT","@id":"https:\/\/www.pressenza.com\/it\/2021\/06\/migranti-otto-minuti-di-ipocrisia\/#primaryimage","url":"https:\/\/www.pressenza.com\/wp-content\/uploads\/2021\/06\/viso-ragazza.jpg","contentUrl":"https:\/\/www.pressenza.com\/wp-content\/uploads\/2021\/06\/viso-ragazza.jpg","width":997,"height":835},{"@type":"BreadcrumbList","@id":"https:\/\/www.pressenza.com\/it\/2021\/06\/migranti-otto-minuti-di-ipocrisia\/#breadcrumb","itemListElement":[{"@type":"ListItem","position":1,"name":"Accueil","item":"https:\/\/www.pressenza.com\/it\/"},{"@type":"ListItem","position":2,"name":"Migranti, otto minuti di ipocrisia"}]},{"@type":"WebSite","@id":"https:\/\/www.pressenza.com\/it\/#website","url":"https:\/\/www.pressenza.com\/it\/","name":"Pressenza","description":"Agenzia di Stampa Internazionale","publisher":{"@id":"https:\/\/www.pressenza.com\/it\/#organization"},"potentialAction":[{"@type":"SearchAction","target":{"@type":"EntryPoint","urlTemplate":"https:\/\/www.pressenza.com\/it\/?s={search_term_string}"},"query-input":{"@type":"PropertyValueSpecification","valueRequired":true,"valueName":"search_term_string"}}],"inLanguage":"it-IT"},{"@type":"Organization","@id":"https:\/\/www.pressenza.com\/it\/#organization","name":"Pressenza","url":"https:\/\/www.pressenza.com\/it\/","logo":{"@type":"ImageObject","inLanguage":"it-IT","@id":"https:\/\/www.pressenza.com\/it\/#\/schema\/logo\/image\/","url":"https:\/\/www.pressenza.com\/wp-content\/uploads\/2022\/10\/pressenza_logo_200x200.jpg","contentUrl":"https:\/\/www.pressenza.com\/wp-content\/uploads\/2022\/10\/pressenza_logo_200x200.jpg","width":200,"height":200,"caption":"Pressenza"},"image":{"@id":"https:\/\/www.pressenza.com\/it\/#\/schema\/logo\/image\/"},"sameAs":["https:\/\/www.facebook.com\/PressenzaItalia","https:\/\/x.com\/PressenzaIPA"]},{"@type":"Person","@id":"https:\/\/www.pressenza.com\/it\/#\/schema\/person\/1ee2824dbc73024ca26b2ff0897954a1","name":"Comune-info","description":"Informazione indipendente su beni comuni, decrescita, altra economia","sameAs":["http:\/\/comune-info.net\/"],"url":"https:\/\/www.pressenza.com\/it\/author\/comune-info\/"}]}},"place":"","original_article_url":"http:\/\/omune-info.net\/otto-minuti-di-ipocrisia\/?utm_source=mailpoet&utm_medium=email&utm_campaign=Saperi%2C+futuro+e+destino+umano","_links":{"self":[{"href":"https:\/\/www.pressenza.com\/it\/wp-json\/wp\/v2\/posts\/1389491","targetHints":{"allow":["GET"]}}],"collection":[{"href":"https:\/\/www.pressenza.com\/it\/wp-json\/wp\/v2\/posts"}],"about":[{"href":"https:\/\/www.pressenza.com\/it\/wp-json\/wp\/v2\/types\/post"}],"author":[{"embeddable":true,"href":"https:\/\/www.pressenza.com\/it\/wp-json\/wp\/v2\/users\/1436"}],"replies":[{"embeddable":true,"href":"https:\/\/www.pressenza.com\/it\/wp-json\/wp\/v2\/comments?post=1389491"}],"version-history":[{"count":0,"href":"https:\/\/www.pressenza.com\/it\/wp-json\/wp\/v2\/posts\/1389491\/revisions"}],"wp:featuredmedia":[{"embeddable":true,"href":"https:\/\/www.pressenza.com\/it\/wp-json\/wp\/v2\/media\/1389492"}],"wp:attachment":[{"href":"https:\/\/www.pressenza.com\/it\/wp-json\/wp\/v2\/media?parent=1389491"}],"wp:term":[{"taxonomy":"category","embeddable":true,"href":"https:\/\/www.pressenza.com\/it\/wp-json\/wp\/v2\/categories?post=1389491"},{"taxonomy":"post_tag","embeddable":true,"href":"https:\/\/www.pressenza.com\/it\/wp-json\/wp\/v2\/tags?post=1389491"}],"curies":[{"name":"wp","href":"https:\/\/api.w.org\/{rel}","templated":true}]}}