{"id":1380620,"date":"2021-06-15T17:37:15","date_gmt":"2021-06-15T16:37:15","guid":{"rendered":"https:\/\/www.pressenza.com\/?p=1380620"},"modified":"2021-06-15T17:49:01","modified_gmt":"2021-06-15T16:49:01","slug":"quanto-subisco-rispecchia-il-concetto-di-femminicidio-in-vita-non-siamo-un-sesso-debole-siamo-sopravvissute","status":"publish","type":"post","link":"https:\/\/www.pressenza.com\/it\/2021\/06\/quanto-subisco-rispecchia-il-concetto-di-femminicidio-in-vita-non-siamo-un-sesso-debole-siamo-sopravvissute\/","title":{"rendered":"\u00abQuanto subisco rispecchia il concetto di femminicidio in vita, non siamo un sesso debole, siamo sopravvissute\u00bb"},"content":{"rendered":"<p><em>Denuncia pubblica di Ilaria Di Roberto, di quanto subisce da anni e dell\u2019ultima molestia subita l\u201911 giugno. Il suo drammatico appello: \u00abho bisogno di essere creduta e di aiuto\u00bb.<\/em><\/p>\n<p>&nbsp;<\/p>\n<p><strong>Ilaria Di Roberto<\/strong> \u00e8 una scrittrice, attivista femminista radicale, artista, donna che ha sempre infranto e si \u00e8 ribellata al copione dell\u2019oppressione patriarcale nei confronti delle vittime di abusi. Che lei ha ripetutamente subito in una catena drammatica di tentativi di stupri, revenge porn, cyber bullismo, psicosette, violazioni ed insulti del suo nome e della sua persona. Alle sue denunce, sui social e nel web cos\u00ec come nel suo paese, sono seguite catene di vittimizzazione secondaria e di \u00abcolpevolizzazione\u00bb contro di lei. Anche l\u00ec dove la giustizia e le leggi dovrebbero tutelare le vittime e punire i criminali. Ha raccontato questa criminale catena che prosegue il primo gennaio dell\u2019anno scorso alla nostra Cristina Mirra <a href=\"https:\/\/www.pressenza.com\/it\/2020\/01\/nuovi-modi-di-essere-avanzano-in-rete\/\">https:\/\/www.pressenza.com\/it\/2020\/01\/nuovi-modi-di-essere-avanzano-in-rete\/<\/a> . Intervista in cui \u00e8 emerso anche l\u2019impegno per tutte le donne, di attivista femminista radicale, scrittrice e artista. Autrice di un libro uscito anni fa (e nei prossimi mesi uscir\u00e0 un secondo libro) durante i primi mesi di lockdown l\u2019anno scorso pubblic\u00f2 la canzone \u201cAbbassa la voce\u201d i cui proventi furono devoluti alla lotta contro la violenza maschile e patriarcale \u2013 il cui video pubblicammo in quest\u2019articolo di Cristina Mirra <a href=\"https:\/\/www.pressenza.com\/it\/2020\/03\/abbassa-la-voce-una-canzone-contro-la-violenza-sulle-donne\/\">https:\/\/www.pressenza.com\/it\/2020\/03\/abbassa-la-voce-una-canzone-contro-la-violenza-sulle-donne\/<\/a> . Nei mesi scorsi abbiamo pubblicato alcuni articoli della stessa Ilaria sul patriarcato e i suoi frutti nefasti, deleteri e venefici anche nelle mobilitazioni di contrasto alle violenze contro le donne<\/p>\n<h2>Manifestazione o scenografia?<\/h2>\n<p><a href=\"https:\/\/www.pressenza.com\/it\/2021\/03\/manifestazione-o-scenografia\/\">https:\/\/www.pressenza.com\/it\/2021\/03\/manifestazione-o-scenografia\/<\/a><\/p>\n<h2>8 Marzo: tra politica, falsi miti e sentimentalismo tossico.<\/h2>\n<p><a href=\"https:\/\/www.pressenza.com\/it\/2021\/03\/8-marzo-tra-politica-falsi-miti-e-sentimentalismo-tossico\/\">https:\/\/www.pressenza.com\/it\/2021\/03\/8-marzo-tra-politica-falsi-miti-e-sentimentalismo-tossico\/<\/a><\/p>\n<h2>Basta dare la colpa agli abiti<\/h2>\n<p><a href=\"https:\/\/www.pressenza.com\/it\/2021\/03\/basta-dare-la-colpa-agli-abiti\/\">https:\/\/www.pressenza.com\/it\/2021\/03\/basta-dare-la-colpa-agli-abiti\/<\/a><\/p>\n<p>&nbsp;<\/p>\n<p>Dopo la recente sentenza della Corte Europea per i Diritti Umani che ha condannato l\u2019Italia per una sentenza su uno stupro avvenuto nel 2015 a Firenze in questa videointervista <a href=\"https:\/\/www.wordnews.it\/condanna-della-corte-europea-per-i-diritti-umani-per-vittimizzazione-secondaria-in-tribunale\">https:\/\/www.wordnews.it\/condanna-della-corte-europea-per-i-diritti-umani-per-vittimizzazione-secondaria-in-tribunale<\/a>\u00a0 \u00e8 tornata a raccontare con coraggio e profonda umanit\u00e0 la sua vicenda, quel che ha subito e cosa ha incontrato sulla sua strada. Ribadendo il suo rifiuto totale e sotto ogni aspetto della colpevolizzazione delle vittime, degli stereotipi sessisti condannati anche dalla Corte Europea per Diritti Umani e di un copione mediatico e sociale che \u00e8 l\u2019essenza brutale e complice dei carnefici in una societ\u00e0 che continua ad essere vergognosamente patriarcale, maschilista e vigliacca.<\/p>\n<p>Venerd\u00ec 11 giugno, mentre l\u2019interesse e le attenzioni di quasi tutta Italia erano concentrati sul debutto della nazionale di calcio ai campionati europei, Ilaria stava compiendo un banalissimo, normale, pacifico gesto: uscire di casa per andare a gettare la spazzatura. \u00c8 stato invece l\u2019inferno, l\u2019inizio di ore e ore di angoscia, terrore, dramma. Temendo per la propria incolumit\u00e0 e sconvolta per quanto accaduto, appena ha potuto lo ha denunciato e testimoniato sui social network.<\/p>\n<p><img loading=\"lazy\" decoding=\"async\" class=\"wp-image-1380621 alignleft\" src=\"https:\/\/www.pressenza.com\/wp-content\/uploads\/2021\/06\/screenilaria-222x300.jpg\" alt=\"\" width=\"274\" height=\"370\" srcset=\"https:\/\/www.pressenza.com\/wp-content\/uploads\/2021\/06\/screenilaria-222x300.jpg 222w, https:\/\/www.pressenza.com\/wp-content\/uploads\/2021\/06\/screenilaria.jpg 570w\" sizes=\"auto, (max-width: 274px) 100vw, 274px\" \/><\/p>\n<p>Nella serata di sabato 12 giugno, provata e sconvolta, ha denunciato in una videointervista (pubblicata qui <a href=\"https:\/\/www.wordnews.it\/non-siamo-un-sesso-debole-siamo-sopravvissute\">https:\/\/www.wordnews.it\/non-siamo-un-sesso-debole-siamo-sopravvissute<\/a> ) cosa le \u00e8 accaduto, quanto subisce da almeno due anni e il muro di indifferenza, incredulit\u00e0 e abbandono che vive. Vorrebbe lasciare <strong>Cori<\/strong>, il comune in cui vive, perch\u00e9 questa situazione \u00e8 ormai diventata insopportabile per lei e la sua famiglia \u2013 a sua volta vittima di atti gravi e violenti nei mesi \u2013 ma per ragioni soprattutto economiche non le \u00e8 ancora possibile. Avrebbe bisogno di un aiuto, un sostegno, qualcuno che le permetta di superare le difficolt\u00e0 e trasferirsi altrove.<\/p>\n<p>Dopo quest\u2019ultima molestia subita Ilaria, scioccata e provata, spaventata e terrorizzata da possibili nuovi episodi da parte di personaggi che pu\u00f2 rischiare purtroppo in ogni momento di incrociare, \u00e8 costretta ad uscire di casa attrezzandosi a documentare e registrare per raccogliere prove. \u00c8 stata costretta a modificare le sue abitudini (abbigliamento compreso, e qua torniamo all\u2019imposizione patriarcale da lei denunciata anche sulle nostre pagine a Marzo) e non esce di casa neanche a buttare l\u2019immondizia se non \u00e8 scortata dalla sorella. Scortata, una parola che si associa a chi viene minacciato da mafie e criminali vari. E questo fa capire il peso e il pericolo a che livelli sono arrivati. \u00a0Ha paura ogni volta che varca la soglia di casa, la sua vita quotidiana \u00e8 segnata dal timore di altre molestie.\u00a0 In una societ\u00e0 sempre contro le donne, in cui se si \u00e8 donna si vivono pericoli costanti e \u2013 nello stesso tempo, come accade a lei \u2013 agli occhi di troppe persone, troppa \u00abgente\u00bb si \u00e8 anche considerati colpevoli. Lo ricorda, con il cuore che generosamente guarda verso tante, troppe altre donne, che subiscono veri \u00abfemminicidi in vita\u00bb e molestie, abusi e violenze ogni giorno, nella videointervista pubblicata qui <a href=\"https:\/\/www.wordnews.it\/non-siamo-un-sesso-debole-siamo-sopravvissute\">https:\/\/www.wordnews.it\/non-siamo-un-sesso-debole-siamo-sopravvissute<\/a>\u00a0\u00a0 con l\u2019appello\u00a0 a non lasciarla sola, a non emarginarla ed abbandonarla. Un appello finora caduto nel silenzio e nell\u2019indifferenza totali da parte di grandi testate giornalistiche che, in passato, non hanno esitato a servirsi della sua storia nel momento in cui l\u2019hanno considerata \u201cnotizia\u201d sfruttabile.<\/p>\n<p>&nbsp;<\/p>\n","protected":false},"excerpt":{"rendered":"<p>Denuncia pubblica di Ilaria Di Roberto, di quanto subisce da anni e dell\u2019ultima molestia subita l\u201911 giugno. Il suo drammatico appello: \u00abho bisogno di essere creduta e di aiuto\u00bb. &nbsp; Ilaria Di Roberto \u00e8 una scrittrice, attivista femminista radicale, artista,&hellip;<\/p>\n","protected":false},"author":902,"featured_media":1380644,"comment_status":"closed","ping_status":"closed","sticky":false,"template":"","format":"standard","meta":{"footnotes":""},"categories":[11388,47,54513],"tags":[19939,88004,88003,27767,43697,9619,88738,49644],"class_list":["post-1380620","post","type-post","status-publish","format-standard","has-post-thumbnail","hentry","category-contenuti-originali","category-europa","category-genere-e-femminismi","tag-abusi","tag-femminismo-radicale","tag-ilaria-di-roberto","tag-maschilismo","tag-molestie","tag-patriarcato","tag-revenge-porn","tag-violenze"],"yoast_head":"<!-- This site is optimized with the Yoast SEO plugin v27.1.1 - https:\/\/yoast.com\/product\/yoast-seo-wordpress\/ -->\n<title>\u00abQuanto subisco rispecchia il concetto di femminicidio in vita, non siamo un sesso debole, siamo sopravvissute\u00bb<\/title>\n<meta name=\"description\" content=\"Denuncia pubblica di Ilaria Di Roberto, di quanto subisce da anni e dell\u2019ultima molestia subita l\u201911 giugno. Il suo drammatico appello: \u00abho bisogno di\" \/>\n<meta name=\"robots\" content=\"index, follow, max-snippet:-1, max-image-preview:large, max-video-preview:-1\" \/>\n<link rel=\"canonical\" href=\"https:\/\/www.pressenza.com\/it\/2021\/06\/quanto-subisco-rispecchia-il-concetto-di-femminicidio-in-vita-non-siamo-un-sesso-debole-siamo-sopravvissute\/\" \/>\n<meta property=\"og:locale\" content=\"it_IT\" \/>\n<meta property=\"og:type\" content=\"article\" \/>\n<meta property=\"og:title\" content=\"\u00abQuanto subisco rispecchia il concetto di femminicidio in vita, non siamo un sesso debole, siamo sopravvissute\u00bb\" \/>\n<meta property=\"og:description\" content=\"Denuncia pubblica di Ilaria Di Roberto, di quanto subisce da anni e dell\u2019ultima molestia subita l\u201911 giugno. Il suo drammatico appello: \u00abho bisogno di\" \/>\n<meta property=\"og:url\" content=\"https:\/\/www.pressenza.com\/it\/2021\/06\/quanto-subisco-rispecchia-il-concetto-di-femminicidio-in-vita-non-siamo-un-sesso-debole-siamo-sopravvissute\/\" \/>\n<meta property=\"og:site_name\" content=\"Pressenza\" \/>\n<meta property=\"article:publisher\" content=\"https:\/\/www.facebook.com\/PressenzaItalia\" \/>\n<meta property=\"article:published_time\" content=\"2021-06-15T16:37:15+00:00\" \/>\n<meta property=\"article:modified_time\" content=\"2021-06-15T16:49:01+00:00\" \/>\n<meta property=\"og:image\" content=\"https:\/\/www.pressenza.com\/wp-content\/uploads\/2021\/06\/ilariadirobertoscreenshot-1.jpg\" \/>\n\t<meta property=\"og:image:width\" content=\"350\" \/>\n\t<meta property=\"og:image:height\" content=\"404\" \/>\n\t<meta property=\"og:image:type\" content=\"image\/jpeg\" \/>\n<meta name=\"author\" content=\"Alessio Di Florio\" \/>\n<meta name=\"twitter:card\" content=\"summary_large_image\" \/>\n<meta name=\"twitter:creator\" content=\"@PressenzaIPA\" \/>\n<meta name=\"twitter:site\" content=\"@PressenzaIPA\" \/>\n<meta name=\"twitter:label1\" content=\"Scritto da\" \/>\n\t<meta name=\"twitter:data1\" content=\"Alessio Di Florio\" \/>\n\t<meta name=\"twitter:label2\" content=\"Tempo di lettura stimato\" \/>\n\t<meta name=\"twitter:data2\" content=\"4 minuti\" \/>\n<script type=\"application\/ld+json\" class=\"yoast-schema-graph\">{\"@context\":\"https:\/\/schema.org\",\"@graph\":[{\"@type\":\"Article\",\"@id\":\"https:\/\/www.pressenza.com\/it\/2021\/06\/quanto-subisco-rispecchia-il-concetto-di-femminicidio-in-vita-non-siamo-un-sesso-debole-siamo-sopravvissute\/#article\",\"isPartOf\":{\"@id\":\"https:\/\/www.pressenza.com\/it\/2021\/06\/quanto-subisco-rispecchia-il-concetto-di-femminicidio-in-vita-non-siamo-un-sesso-debole-siamo-sopravvissute\/\"},\"author\":{\"name\":\"Alessio Di Florio\",\"@id\":\"https:\/\/www.pressenza.com\/it\/#\/schema\/person\/727eb83f95962ed83c06040905743f28\"},\"headline\":\"\u00abQuanto subisco rispecchia il concetto di femminicidio in vita, non siamo un sesso debole, siamo sopravvissute\u00bb\",\"datePublished\":\"2021-06-15T16:37:15+00:00\",\"dateModified\":\"2021-06-15T16:49:01+00:00\",\"mainEntityOfPage\":{\"@id\":\"https:\/\/www.pressenza.com\/it\/2021\/06\/quanto-subisco-rispecchia-il-concetto-di-femminicidio-in-vita-non-siamo-un-sesso-debole-siamo-sopravvissute\/\"},\"wordCount\":838,\"publisher\":{\"@id\":\"https:\/\/www.pressenza.com\/it\/#organization\"},\"image\":{\"@id\":\"https:\/\/www.pressenza.com\/it\/2021\/06\/quanto-subisco-rispecchia-il-concetto-di-femminicidio-in-vita-non-siamo-un-sesso-debole-siamo-sopravvissute\/#primaryimage\"},\"thumbnailUrl\":\"https:\/\/www.pressenza.com\/wp-content\/uploads\/2021\/06\/ilariadirobertoscreenshot-1.jpg\",\"keywords\":[\"abusi\",\"femminismo radicale\",\"Ilaria Di Roberto\",\"maschilismo\",\"molestie\",\"patriarcato\",\"revenge porn\",\"violenze\"],\"articleSection\":[\"contenuti originali\",\"Europa\",\"Genere e femminismi\"],\"inLanguage\":\"it-IT\"},{\"@type\":\"WebPage\",\"@id\":\"https:\/\/www.pressenza.com\/it\/2021\/06\/quanto-subisco-rispecchia-il-concetto-di-femminicidio-in-vita-non-siamo-un-sesso-debole-siamo-sopravvissute\/\",\"url\":\"https:\/\/www.pressenza.com\/it\/2021\/06\/quanto-subisco-rispecchia-il-concetto-di-femminicidio-in-vita-non-siamo-un-sesso-debole-siamo-sopravvissute\/\",\"name\":\"\u00abQuanto subisco rispecchia il concetto di femminicidio in vita, non siamo un sesso debole, siamo sopravvissute\u00bb\",\"isPartOf\":{\"@id\":\"https:\/\/www.pressenza.com\/it\/#website\"},\"primaryImageOfPage\":{\"@id\":\"https:\/\/www.pressenza.com\/it\/2021\/06\/quanto-subisco-rispecchia-il-concetto-di-femminicidio-in-vita-non-siamo-un-sesso-debole-siamo-sopravvissute\/#primaryimage\"},\"image\":{\"@id\":\"https:\/\/www.pressenza.com\/it\/2021\/06\/quanto-subisco-rispecchia-il-concetto-di-femminicidio-in-vita-non-siamo-un-sesso-debole-siamo-sopravvissute\/#primaryimage\"},\"thumbnailUrl\":\"https:\/\/www.pressenza.com\/wp-content\/uploads\/2021\/06\/ilariadirobertoscreenshot-1.jpg\",\"datePublished\":\"2021-06-15T16:37:15+00:00\",\"dateModified\":\"2021-06-15T16:49:01+00:00\",\"description\":\"Denuncia pubblica di Ilaria Di Roberto, di quanto subisce da anni e dell\u2019ultima molestia subita l\u201911 giugno. Il suo drammatico appello: \u00abho bisogno di\",\"breadcrumb\":{\"@id\":\"https:\/\/www.pressenza.com\/it\/2021\/06\/quanto-subisco-rispecchia-il-concetto-di-femminicidio-in-vita-non-siamo-un-sesso-debole-siamo-sopravvissute\/#breadcrumb\"},\"inLanguage\":\"it-IT\",\"potentialAction\":[{\"@type\":\"ReadAction\",\"target\":[\"https:\/\/www.pressenza.com\/it\/2021\/06\/quanto-subisco-rispecchia-il-concetto-di-femminicidio-in-vita-non-siamo-un-sesso-debole-siamo-sopravvissute\/\"]}]},{\"@type\":\"ImageObject\",\"inLanguage\":\"it-IT\",\"@id\":\"https:\/\/www.pressenza.com\/it\/2021\/06\/quanto-subisco-rispecchia-il-concetto-di-femminicidio-in-vita-non-siamo-un-sesso-debole-siamo-sopravvissute\/#primaryimage\",\"url\":\"https:\/\/www.pressenza.com\/wp-content\/uploads\/2021\/06\/ilariadirobertoscreenshot-1.jpg\",\"contentUrl\":\"https:\/\/www.pressenza.com\/wp-content\/uploads\/2021\/06\/ilariadirobertoscreenshot-1.jpg\",\"width\":350,\"height\":404,\"caption\":\"Ilaria Di Roberto\"},{\"@type\":\"BreadcrumbList\",\"@id\":\"https:\/\/www.pressenza.com\/it\/2021\/06\/quanto-subisco-rispecchia-il-concetto-di-femminicidio-in-vita-non-siamo-un-sesso-debole-siamo-sopravvissute\/#breadcrumb\",\"itemListElement\":[{\"@type\":\"ListItem\",\"position\":1,\"name\":\"Accueil\",\"item\":\"https:\/\/www.pressenza.com\/it\/\"},{\"@type\":\"ListItem\",\"position\":2,\"name\":\"\u00abQuanto subisco rispecchia il concetto di femminicidio in vita, non siamo un sesso debole, siamo sopravvissute\u00bb\"}]},{\"@type\":\"WebSite\",\"@id\":\"https:\/\/www.pressenza.com\/it\/#website\",\"url\":\"https:\/\/www.pressenza.com\/it\/\",\"name\":\"Pressenza\",\"description\":\"Agenzia di Stampa Internazionale\",\"publisher\":{\"@id\":\"https:\/\/www.pressenza.com\/it\/#organization\"},\"potentialAction\":[{\"@type\":\"SearchAction\",\"target\":{\"@type\":\"EntryPoint\",\"urlTemplate\":\"https:\/\/www.pressenza.com\/it\/?s={search_term_string}\"},\"query-input\":{\"@type\":\"PropertyValueSpecification\",\"valueRequired\":true,\"valueName\":\"search_term_string\"}}],\"inLanguage\":\"it-IT\"},{\"@type\":\"Organization\",\"@id\":\"https:\/\/www.pressenza.com\/it\/#organization\",\"name\":\"Pressenza\",\"url\":\"https:\/\/www.pressenza.com\/it\/\",\"logo\":{\"@type\":\"ImageObject\",\"inLanguage\":\"it-IT\",\"@id\":\"https:\/\/www.pressenza.com\/it\/#\/schema\/logo\/image\/\",\"url\":\"https:\/\/www.pressenza.com\/wp-content\/uploads\/2022\/10\/pressenza_logo_200x200.jpg\",\"contentUrl\":\"https:\/\/www.pressenza.com\/wp-content\/uploads\/2022\/10\/pressenza_logo_200x200.jpg\",\"width\":200,\"height\":200,\"caption\":\"Pressenza\"},\"image\":{\"@id\":\"https:\/\/www.pressenza.com\/it\/#\/schema\/logo\/image\/\"},\"sameAs\":[\"https:\/\/www.facebook.com\/PressenzaItalia\",\"https:\/\/x.com\/PressenzaIPA\"]},{\"@type\":\"Person\",\"@id\":\"https:\/\/www.pressenza.com\/it\/#\/schema\/person\/727eb83f95962ed83c06040905743f28\",\"name\":\"Alessio Di Florio\",\"url\":\"https:\/\/www.pressenza.com\/it\/author\/alessio-di-florio\/\"}]}<\/script>\n<!-- \/ Yoast SEO plugin. -->","yoast_head_json":{"title":"\u00abQuanto subisco rispecchia il concetto di femminicidio in vita, non siamo un sesso debole, siamo sopravvissute\u00bb","description":"Denuncia pubblica di Ilaria Di Roberto, di quanto subisce da anni e dell\u2019ultima molestia subita l\u201911 giugno. Il suo drammatico appello: \u00abho bisogno di","robots":{"index":"index","follow":"follow","max-snippet":"max-snippet:-1","max-image-preview":"max-image-preview:large","max-video-preview":"max-video-preview:-1"},"canonical":"https:\/\/www.pressenza.com\/it\/2021\/06\/quanto-subisco-rispecchia-il-concetto-di-femminicidio-in-vita-non-siamo-un-sesso-debole-siamo-sopravvissute\/","og_locale":"it_IT","og_type":"article","og_title":"\u00abQuanto subisco rispecchia il concetto di femminicidio in vita, non siamo un sesso debole, siamo sopravvissute\u00bb","og_description":"Denuncia pubblica di Ilaria Di Roberto, di quanto subisce da anni e dell\u2019ultima molestia subita l\u201911 giugno. Il suo drammatico appello: \u00abho bisogno di","og_url":"https:\/\/www.pressenza.com\/it\/2021\/06\/quanto-subisco-rispecchia-il-concetto-di-femminicidio-in-vita-non-siamo-un-sesso-debole-siamo-sopravvissute\/","og_site_name":"Pressenza","article_publisher":"https:\/\/www.facebook.com\/PressenzaItalia","article_published_time":"2021-06-15T16:37:15+00:00","article_modified_time":"2021-06-15T16:49:01+00:00","og_image":[{"width":350,"height":404,"url":"https:\/\/www.pressenza.com\/wp-content\/uploads\/2021\/06\/ilariadirobertoscreenshot-1.jpg","type":"image\/jpeg"}],"author":"Alessio Di Florio","twitter_card":"summary_large_image","twitter_creator":"@PressenzaIPA","twitter_site":"@PressenzaIPA","twitter_misc":{"Scritto da":"Alessio Di Florio","Tempo di lettura stimato":"4 minuti"},"schema":{"@context":"https:\/\/schema.org","@graph":[{"@type":"Article","@id":"https:\/\/www.pressenza.com\/it\/2021\/06\/quanto-subisco-rispecchia-il-concetto-di-femminicidio-in-vita-non-siamo-un-sesso-debole-siamo-sopravvissute\/#article","isPartOf":{"@id":"https:\/\/www.pressenza.com\/it\/2021\/06\/quanto-subisco-rispecchia-il-concetto-di-femminicidio-in-vita-non-siamo-un-sesso-debole-siamo-sopravvissute\/"},"author":{"name":"Alessio Di Florio","@id":"https:\/\/www.pressenza.com\/it\/#\/schema\/person\/727eb83f95962ed83c06040905743f28"},"headline":"\u00abQuanto subisco rispecchia il concetto di femminicidio in vita, non siamo un sesso debole, siamo sopravvissute\u00bb","datePublished":"2021-06-15T16:37:15+00:00","dateModified":"2021-06-15T16:49:01+00:00","mainEntityOfPage":{"@id":"https:\/\/www.pressenza.com\/it\/2021\/06\/quanto-subisco-rispecchia-il-concetto-di-femminicidio-in-vita-non-siamo-un-sesso-debole-siamo-sopravvissute\/"},"wordCount":838,"publisher":{"@id":"https:\/\/www.pressenza.com\/it\/#organization"},"image":{"@id":"https:\/\/www.pressenza.com\/it\/2021\/06\/quanto-subisco-rispecchia-il-concetto-di-femminicidio-in-vita-non-siamo-un-sesso-debole-siamo-sopravvissute\/#primaryimage"},"thumbnailUrl":"https:\/\/www.pressenza.com\/wp-content\/uploads\/2021\/06\/ilariadirobertoscreenshot-1.jpg","keywords":["abusi","femminismo radicale","Ilaria Di Roberto","maschilismo","molestie","patriarcato","revenge porn","violenze"],"articleSection":["contenuti originali","Europa","Genere e femminismi"],"inLanguage":"it-IT"},{"@type":"WebPage","@id":"https:\/\/www.pressenza.com\/it\/2021\/06\/quanto-subisco-rispecchia-il-concetto-di-femminicidio-in-vita-non-siamo-un-sesso-debole-siamo-sopravvissute\/","url":"https:\/\/www.pressenza.com\/it\/2021\/06\/quanto-subisco-rispecchia-il-concetto-di-femminicidio-in-vita-non-siamo-un-sesso-debole-siamo-sopravvissute\/","name":"\u00abQuanto subisco rispecchia il concetto di femminicidio in vita, non siamo un sesso debole, siamo sopravvissute\u00bb","isPartOf":{"@id":"https:\/\/www.pressenza.com\/it\/#website"},"primaryImageOfPage":{"@id":"https:\/\/www.pressenza.com\/it\/2021\/06\/quanto-subisco-rispecchia-il-concetto-di-femminicidio-in-vita-non-siamo-un-sesso-debole-siamo-sopravvissute\/#primaryimage"},"image":{"@id":"https:\/\/www.pressenza.com\/it\/2021\/06\/quanto-subisco-rispecchia-il-concetto-di-femminicidio-in-vita-non-siamo-un-sesso-debole-siamo-sopravvissute\/#primaryimage"},"thumbnailUrl":"https:\/\/www.pressenza.com\/wp-content\/uploads\/2021\/06\/ilariadirobertoscreenshot-1.jpg","datePublished":"2021-06-15T16:37:15+00:00","dateModified":"2021-06-15T16:49:01+00:00","description":"Denuncia pubblica di Ilaria Di Roberto, di quanto subisce da anni e dell\u2019ultima molestia subita l\u201911 giugno. Il suo drammatico appello: \u00abho bisogno di","breadcrumb":{"@id":"https:\/\/www.pressenza.com\/it\/2021\/06\/quanto-subisco-rispecchia-il-concetto-di-femminicidio-in-vita-non-siamo-un-sesso-debole-siamo-sopravvissute\/#breadcrumb"},"inLanguage":"it-IT","potentialAction":[{"@type":"ReadAction","target":["https:\/\/www.pressenza.com\/it\/2021\/06\/quanto-subisco-rispecchia-il-concetto-di-femminicidio-in-vita-non-siamo-un-sesso-debole-siamo-sopravvissute\/"]}]},{"@type":"ImageObject","inLanguage":"it-IT","@id":"https:\/\/www.pressenza.com\/it\/2021\/06\/quanto-subisco-rispecchia-il-concetto-di-femminicidio-in-vita-non-siamo-un-sesso-debole-siamo-sopravvissute\/#primaryimage","url":"https:\/\/www.pressenza.com\/wp-content\/uploads\/2021\/06\/ilariadirobertoscreenshot-1.jpg","contentUrl":"https:\/\/www.pressenza.com\/wp-content\/uploads\/2021\/06\/ilariadirobertoscreenshot-1.jpg","width":350,"height":404,"caption":"Ilaria Di Roberto"},{"@type":"BreadcrumbList","@id":"https:\/\/www.pressenza.com\/it\/2021\/06\/quanto-subisco-rispecchia-il-concetto-di-femminicidio-in-vita-non-siamo-un-sesso-debole-siamo-sopravvissute\/#breadcrumb","itemListElement":[{"@type":"ListItem","position":1,"name":"Accueil","item":"https:\/\/www.pressenza.com\/it\/"},{"@type":"ListItem","position":2,"name":"\u00abQuanto subisco rispecchia il concetto di femminicidio in vita, non siamo un sesso debole, siamo sopravvissute\u00bb"}]},{"@type":"WebSite","@id":"https:\/\/www.pressenza.com\/it\/#website","url":"https:\/\/www.pressenza.com\/it\/","name":"Pressenza","description":"Agenzia di Stampa Internazionale","publisher":{"@id":"https:\/\/www.pressenza.com\/it\/#organization"},"potentialAction":[{"@type":"SearchAction","target":{"@type":"EntryPoint","urlTemplate":"https:\/\/www.pressenza.com\/it\/?s={search_term_string}"},"query-input":{"@type":"PropertyValueSpecification","valueRequired":true,"valueName":"search_term_string"}}],"inLanguage":"it-IT"},{"@type":"Organization","@id":"https:\/\/www.pressenza.com\/it\/#organization","name":"Pressenza","url":"https:\/\/www.pressenza.com\/it\/","logo":{"@type":"ImageObject","inLanguage":"it-IT","@id":"https:\/\/www.pressenza.com\/it\/#\/schema\/logo\/image\/","url":"https:\/\/www.pressenza.com\/wp-content\/uploads\/2022\/10\/pressenza_logo_200x200.jpg","contentUrl":"https:\/\/www.pressenza.com\/wp-content\/uploads\/2022\/10\/pressenza_logo_200x200.jpg","width":200,"height":200,"caption":"Pressenza"},"image":{"@id":"https:\/\/www.pressenza.com\/it\/#\/schema\/logo\/image\/"},"sameAs":["https:\/\/www.facebook.com\/PressenzaItalia","https:\/\/x.com\/PressenzaIPA"]},{"@type":"Person","@id":"https:\/\/www.pressenza.com\/it\/#\/schema\/person\/727eb83f95962ed83c06040905743f28","name":"Alessio Di Florio","url":"https:\/\/www.pressenza.com\/it\/author\/alessio-di-florio\/"}]}},"place":"","original_article_url":"","_links":{"self":[{"href":"https:\/\/www.pressenza.com\/it\/wp-json\/wp\/v2\/posts\/1380620","targetHints":{"allow":["GET"]}}],"collection":[{"href":"https:\/\/www.pressenza.com\/it\/wp-json\/wp\/v2\/posts"}],"about":[{"href":"https:\/\/www.pressenza.com\/it\/wp-json\/wp\/v2\/types\/post"}],"author":[{"embeddable":true,"href":"https:\/\/www.pressenza.com\/it\/wp-json\/wp\/v2\/users\/902"}],"replies":[{"embeddable":true,"href":"https:\/\/www.pressenza.com\/it\/wp-json\/wp\/v2\/comments?post=1380620"}],"version-history":[{"count":0,"href":"https:\/\/www.pressenza.com\/it\/wp-json\/wp\/v2\/posts\/1380620\/revisions"}],"wp:featuredmedia":[{"embeddable":true,"href":"https:\/\/www.pressenza.com\/it\/wp-json\/wp\/v2\/media\/1380644"}],"wp:attachment":[{"href":"https:\/\/www.pressenza.com\/it\/wp-json\/wp\/v2\/media?parent=1380620"}],"wp:term":[{"taxonomy":"category","embeddable":true,"href":"https:\/\/www.pressenza.com\/it\/wp-json\/wp\/v2\/categories?post=1380620"},{"taxonomy":"post_tag","embeddable":true,"href":"https:\/\/www.pressenza.com\/it\/wp-json\/wp\/v2\/tags?post=1380620"}],"curies":[{"name":"wp","href":"https:\/\/api.w.org\/{rel}","templated":true}]}}