{"id":1380556,"date":"2021-06-15T15:48:37","date_gmt":"2021-06-15T14:48:37","guid":{"rendered":"https:\/\/www.pressenza.com\/?p=1380556"},"modified":"2021-06-15T15:53:54","modified_gmt":"2021-06-15T14:53:54","slug":"cabilia-il-destino-di-una-nazione-senza-uno-stato-a-garantire-autonomia-e-indipendenza","status":"publish","type":"post","link":"https:\/\/www.pressenza.com\/it\/2021\/06\/cabilia-il-destino-di-una-nazione-senza-uno-stato-a-garantire-autonomia-e-indipendenza\/","title":{"rendered":"Cabilia: il destino di una nazione senza uno stato a garantire autonomia e indipendenza"},"content":{"rendered":"<p>La Cabilia \u00e8 una regione montuosa nordafricana. I suoi abitanti la chiamano in Cabilo \u201cTamurt Idurar\u201d (Paese delle Montagne) o \u201cTamurt Legyayel\u201d (Paese dei Cabili). Fa parte della catena montuosa dell&#8217;Atlante e si trova vicino al Mar Mediterraneo.\u00a0La Cabilia ha sette divisioni amministrative: Tizi Ouzou, Bejaia (Bgayet), Buira (Tubirett), Bordj Bou Arreridj, Jijel, Boumerdes e S\u00e9tif.\u00a0Occupa un posto molto speciale nel mondo berbero contemporaneo.\u00a0L&#8217;importanza e il dinamismo delle sue \u00e9lite, il suo ruolo decisivo nello sviluppo della coscienza berbera contemporanea e le rivendicazioni ne fanno a tutti gli effetti una regione chiave del mondo berbero.<\/p>\n<p>Le tendenze attuali in Cabilia saranno indubbiamente decisive per il futuro e per la sopravvivenza stessa dell&#8217;identit\u00e0 berbera. \u00c8 abitata da una popolazione dinamica e pacifica che fa della libert\u00e0 il valore pi\u00f9 sacro della sua esistenza. Terra di tutte le aspirazioni, ha visto molti invasori.<\/p>\n<p>La Cabilia ha una cultura, una lingua, un sistema giuridico e una storia unici e caratteristici. La maggior parte della popolazione cabila \u00e8 fortemente radicata all&#8217;ambiente e attaccata alla sua terra e al suo territorio tradizionale. Spesso, per generazioni, \u00e8 stata perseguitata e soggiogata, vittima della distruzione della propria cultura, della discriminazione e delle diffuse violazioni dei loro diritti umani. Per secoli ha sofferto del mancato riconoscimento delle sue istituzioni politiche e culturali, e l&#8217;integrit\u00e0 della sua cultura \u00e8 stata danneggiata.<\/p>\n<p>Ci\u00f2 \u00e8 stato sostenuto dal persistere di una politica anti-cabila del regime algerino su una popolazione stigmatizzata e sottoposta a politiche statali particolarmente violente.<br \/>\nIl principio di ogni sovranit\u00e0 risiede essenzialmente nella \u201cNazione\u201d eppure, dopo l&#8217;indipendenza nel 1962, la Cabilia \u00e8 ingannata da una pseudo-sovranit\u00e0 che crede di detenere proprio perch\u00e9 \u00e8 \u201cLo Stato\u201d.<\/p>\n<p>La Cabilia \u00e8 rimasta una regione a parte, ed \u00e8 sempre stata considerata una regione ribelle, prima e dopo gli eventi storici: si \u00e8 opposta ai Romani, agli Arabi, ai Turchi e poi ai Francesi. Nella lotta contro il colonizzatore, speravano in cambio nel riconoscimento della loro specificit\u00e0 all&#8217;interno della nazione algerina. L&#8217;Algeria socialista non riconobbe la loro lingua, la loro cultura, e nemmeno il ruolo svolto dai loro leader nella guerra per l&#8217;indipendenza dell&#8217;Algeria. I cabili furono emarginati nei gradi superiori del nuovo potere e i successivi presidenti, Ahmed Ben Bella, Houari Boumediene, Bouteflika e oggi anche Teboune, che guidati dai generali del clan Oujda continuano ad arabizzare e islamizzare questa popolazione.<\/p>\n<p>L\u2019errore \u00e8 tutto l\u00ec. Un errore sostenuto dalla comunit\u00e0 internazionale che vede gli Stati attraverso la definizione data dal diritto internazionale, portando a un\u2019evidente confusione tra lo Stato che riconosce, un collettivo di anime e un guscio vuoto, senz\u2019anima poich\u00e9 senza nazione e quindi una terra dove la democrazia, non servendo una nazione, serve una manciata di individui costituiti come stato.<\/p>\n<p>Infatti solo l&#8217;appartenenza ad una \u201cnazione\u201d genera consapevolezza di un&#8217;identit\u00e0 nazionale opponibile allo Stato e alla sua egemonia. Questo \u00e8 il motivo per cui lo Stato algerino, non avendo costruito nazioni, continua a dominare i popoli che, non costituiti come nazioni, sono etnicamente divisi.<\/p>\n<p>In pi\u00f9, la Cabilia ha subito gli effetti negativi dei processi di sviluppo che minacciano gravemente la sua esistenza. Il consenso libero, preventivo e informato del popolo cabilo su questioni riguardanti le loro terre, il territorio ancestrale e le risorse naturali \u00e8 stato considerato una condizione essenziale per la realizzazione del loro diritto all&#8217;autodeterminazione, la conservazione della loro identit\u00e0, la cultura e la lingua specifiche, ribadite dall&#8217;articolo 3 della Dichiarazione delle Nazioni Unite.<\/p>\n<p>Si noti che lo Statuto delle Nazioni Unite, il Patto internazionale sui diritti economici, sociali e culturali e il Patto internazionale sui diritti civili e politici, come anche la Dichiarazione e Programma d&#8217;azione di Vienna, affermano l&#8217;importanza fondamentale del diritto di tutti i popoli all&#8217;autodeterminazione, diritto in virt\u00f9 del quale essi determinano liberamente il proprio status politico e il proprio sviluppo economico, sociale e culturale.<\/p>\n<p>Nulla in questa dichiarazione pu\u00f2 essere invocato per negare a un qualsivoglia popolo il suo diritto all&#8217;autodeterminazione, esercitato in conformit\u00e0 del diritto internazionale.<\/p>\n<p>Il popolo cabilo si trova spesso ad affrontare l&#8217;emarginazione e la discriminazione legale nel proprio paese, il che lo rende particolarmente vulnerabile alle violazioni dei diritti umani. Chi difende i diritti del popolo cabilo deve affrontare intimidazioni e violenze, spesso supportate dal regime algerino.<\/p>\n<p>Di fronte alle proteste dell&#8217;Hirak (parola araba che significa etimologicamente \u201cmovimento\u201d), il governo algerino ha sfruttato questa apparente differenza tra le regioni: oltre a bandire la bandiera berbera, il regime ha anche diffuso numerose voci, accusando la Cabilia di manipolare la protesta. \u201cLa campagna anti-rivoluzionaria usa la Cabilia come scusa\u201d.<\/p>\n<p>La ricerca dell\u2019arabit\u00e0 ha avuto come corollario l\u2019islamit\u00e0. Le autorit\u00e0 algerine hanno sempre fatto affidamento su una politica di arabizzazione in quanto sancisce la legittimit\u00e0 dello Stato di cui l&#8217;Islam era depositario. La religione fu quindi usata come strumento per contenere una possibile serie di movimenti secolari e democratici.<\/p>\n<p>Allo stesso tempo il governo algerino ha favorito movimenti estremisti islamici e ha permesso loro di aumentare la propria influenza politica fino a minacciare l&#8217;esistenza del popolo cabilo, vittima dell&#8217;arabismo e dell&#8217;islamismo che non sono altro che maschere di ipocrisia.<br \/>\nQuesta lotta \u00e8 quella della verit\u00e0 contro la menzogna, della nonviolenza contro la violenza, della democrazia contro un regime autoritario, della giustizia contro l&#8217;ingiustizia e la privazione della libert\u00e0. La resistenza nonviolenta \u00e8 qui il mezzo privilegiato di lotta a favore dei diritti umani. Il suo scopo generale \u00e8 di lavorare per maggior giustizia e libert\u00e0.<\/p>\n<p>Di Rabah Arkam<\/p>\n<p><em>Traduzione dall\u2019inglese di Enrica Marchi. Revisione di Thomas Schmid<\/em><\/p>\n","protected":false},"excerpt":{"rendered":"<p>La Cabilia \u00e8 una regione montuosa nordafricana. I suoi abitanti la chiamano in Cabilo \u201cTamurt Idurar\u201d (Paese delle Montagne) o \u201cTamurt Legyayel\u201d (Paese dei Cabili). Fa parte della catena montuosa dell&#8217;Atlante e si trova vicino al Mar Mediterraneo.\u00a0La Cabilia ha&hellip;<\/p>\n","protected":false},"author":1885,"featured_media":1351245,"comment_status":"closed","ping_status":"closed","sticky":false,"template":"","format":"standard","meta":{"footnotes":""},"categories":[45,11388,56,62,162,61],"tags":[11652,13326,75182],"class_list":["post-1380556","post","type-post","status-publish","format-standard","has-post-thumbnail","hentry","category-africa-it","category-contenuti-originali","category-cultura","category-economia","category-opinioni","category-popoli-aborigeni","tag-algeria-it","tag-autodeterminazione","tag-cabilia"],"yoast_head":"<!-- This site is optimized with the Yoast SEO plugin v27.1.1 - https:\/\/yoast.com\/product\/yoast-seo-wordpress\/ -->\n<title>Cabilia: il destino di una nazione senza uno stato a garantire autonomia e indipendenza<\/title>\n<meta name=\"description\" content=\"La Cabilia \u00e8 una regione montuosa nordafricana. I suoi abitanti la chiamano in Cabilo \u201cTamurt Idurar\u201d (Paese delle Montagne) o \u201cTamurt Legyayel\u201d (Paese\" \/>\n<meta name=\"robots\" content=\"index, follow, max-snippet:-1, max-image-preview:large, max-video-preview:-1\" \/>\n<link rel=\"canonical\" href=\"https:\/\/www.pressenza.com\/it\/2021\/06\/cabilia-il-destino-di-una-nazione-senza-uno-stato-a-garantire-autonomia-e-indipendenza\/\" \/>\n<meta property=\"og:locale\" content=\"it_IT\" \/>\n<meta property=\"og:type\" content=\"article\" \/>\n<meta property=\"og:title\" content=\"Cabilia: il destino di una nazione senza uno stato a garantire autonomia e indipendenza\" \/>\n<meta property=\"og:description\" content=\"La Cabilia \u00e8 una regione montuosa nordafricana. I suoi abitanti la chiamano in Cabilo \u201cTamurt Idurar\u201d (Paese delle Montagne) o \u201cTamurt Legyayel\u201d (Paese\" \/>\n<meta property=\"og:url\" content=\"https:\/\/www.pressenza.com\/it\/2021\/06\/cabilia-il-destino-di-una-nazione-senza-uno-stato-a-garantire-autonomia-e-indipendenza\/\" \/>\n<meta property=\"og:site_name\" content=\"Pressenza\" \/>\n<meta property=\"article:publisher\" content=\"https:\/\/www.facebook.com\/PressenzaItalia\" \/>\n<meta property=\"article:published_time\" content=\"2021-06-15T14:48:37+00:00\" \/>\n<meta property=\"article:modified_time\" content=\"2021-06-15T14:53:54+00:00\" \/>\n<meta property=\"og:image\" content=\"https:\/\/www.pressenza.com\/wp-content\/uploads\/2021\/04\/Kabylia.jpg\" \/>\n\t<meta property=\"og:image:width\" content=\"2048\" \/>\n\t<meta property=\"og:image:height\" content=\"1536\" \/>\n\t<meta property=\"og:image:type\" content=\"image\/jpeg\" \/>\n<meta name=\"author\" content=\"Rabah Arkam\" \/>\n<meta name=\"twitter:card\" content=\"summary_large_image\" \/>\n<meta name=\"twitter:creator\" content=\"@PressenzaIPA\" \/>\n<meta name=\"twitter:site\" content=\"@PressenzaIPA\" \/>\n<meta name=\"twitter:label1\" content=\"Scritto da\" \/>\n\t<meta name=\"twitter:data1\" content=\"Rabah Arkam\" \/>\n\t<meta name=\"twitter:label2\" content=\"Tempo di lettura stimato\" \/>\n\t<meta name=\"twitter:data2\" content=\"4 minuti\" \/>\n<script type=\"application\/ld+json\" class=\"yoast-schema-graph\">{\"@context\":\"https:\/\/schema.org\",\"@graph\":[{\"@type\":\"Article\",\"@id\":\"https:\/\/www.pressenza.com\/it\/2021\/06\/cabilia-il-destino-di-una-nazione-senza-uno-stato-a-garantire-autonomia-e-indipendenza\/#article\",\"isPartOf\":{\"@id\":\"https:\/\/www.pressenza.com\/it\/2021\/06\/cabilia-il-destino-di-una-nazione-senza-uno-stato-a-garantire-autonomia-e-indipendenza\/\"},\"author\":{\"name\":\"Rabah Arkam\",\"@id\":\"https:\/\/www.pressenza.com\/it\/#\/schema\/person\/8731a6cc6cacc7cbfaa4129a24d0e058\"},\"headline\":\"Cabilia: il destino di una nazione senza uno stato a garantire autonomia e indipendenza\",\"datePublished\":\"2021-06-15T14:48:37+00:00\",\"dateModified\":\"2021-06-15T14:53:54+00:00\",\"mainEntityOfPage\":{\"@id\":\"https:\/\/www.pressenza.com\/it\/2021\/06\/cabilia-il-destino-di-una-nazione-senza-uno-stato-a-garantire-autonomia-e-indipendenza\/\"},\"wordCount\":936,\"publisher\":{\"@id\":\"https:\/\/www.pressenza.com\/it\/#organization\"},\"image\":{\"@id\":\"https:\/\/www.pressenza.com\/it\/2021\/06\/cabilia-il-destino-di-una-nazione-senza-uno-stato-a-garantire-autonomia-e-indipendenza\/#primaryimage\"},\"thumbnailUrl\":\"https:\/\/www.pressenza.com\/wp-content\/uploads\/2021\/04\/Kabylia.jpg\",\"keywords\":[\"Algeria\",\"autodeterminazione\",\"Cabilia\"],\"articleSection\":[\"Africa\",\"contenuti originali\",\"Cultura e Media\",\"Economia\",\"Opinioni\",\"Popoli originari\"],\"inLanguage\":\"it-IT\"},{\"@type\":\"WebPage\",\"@id\":\"https:\/\/www.pressenza.com\/it\/2021\/06\/cabilia-il-destino-di-una-nazione-senza-uno-stato-a-garantire-autonomia-e-indipendenza\/\",\"url\":\"https:\/\/www.pressenza.com\/it\/2021\/06\/cabilia-il-destino-di-una-nazione-senza-uno-stato-a-garantire-autonomia-e-indipendenza\/\",\"name\":\"Cabilia: il destino di una nazione senza uno stato a garantire autonomia e indipendenza\",\"isPartOf\":{\"@id\":\"https:\/\/www.pressenza.com\/it\/#website\"},\"primaryImageOfPage\":{\"@id\":\"https:\/\/www.pressenza.com\/it\/2021\/06\/cabilia-il-destino-di-una-nazione-senza-uno-stato-a-garantire-autonomia-e-indipendenza\/#primaryimage\"},\"image\":{\"@id\":\"https:\/\/www.pressenza.com\/it\/2021\/06\/cabilia-il-destino-di-una-nazione-senza-uno-stato-a-garantire-autonomia-e-indipendenza\/#primaryimage\"},\"thumbnailUrl\":\"https:\/\/www.pressenza.com\/wp-content\/uploads\/2021\/04\/Kabylia.jpg\",\"datePublished\":\"2021-06-15T14:48:37+00:00\",\"dateModified\":\"2021-06-15T14:53:54+00:00\",\"description\":\"La Cabilia \u00e8 una regione montuosa nordafricana. I suoi abitanti la chiamano in Cabilo \u201cTamurt Idurar\u201d (Paese delle Montagne) o \u201cTamurt Legyayel\u201d (Paese\",\"breadcrumb\":{\"@id\":\"https:\/\/www.pressenza.com\/it\/2021\/06\/cabilia-il-destino-di-una-nazione-senza-uno-stato-a-garantire-autonomia-e-indipendenza\/#breadcrumb\"},\"inLanguage\":\"it-IT\",\"potentialAction\":[{\"@type\":\"ReadAction\",\"target\":[\"https:\/\/www.pressenza.com\/it\/2021\/06\/cabilia-il-destino-di-una-nazione-senza-uno-stato-a-garantire-autonomia-e-indipendenza\/\"]}]},{\"@type\":\"ImageObject\",\"inLanguage\":\"it-IT\",\"@id\":\"https:\/\/www.pressenza.com\/it\/2021\/06\/cabilia-il-destino-di-una-nazione-senza-uno-stato-a-garantire-autonomia-e-indipendenza\/#primaryimage\",\"url\":\"https:\/\/www.pressenza.com\/wp-content\/uploads\/2021\/04\/Kabylia.jpg\",\"contentUrl\":\"https:\/\/www.pressenza.com\/wp-content\/uploads\/2021\/04\/Kabylia.jpg\",\"width\":2048,\"height\":1536},{\"@type\":\"BreadcrumbList\",\"@id\":\"https:\/\/www.pressenza.com\/it\/2021\/06\/cabilia-il-destino-di-una-nazione-senza-uno-stato-a-garantire-autonomia-e-indipendenza\/#breadcrumb\",\"itemListElement\":[{\"@type\":\"ListItem\",\"position\":1,\"name\":\"Accueil\",\"item\":\"https:\/\/www.pressenza.com\/it\/\"},{\"@type\":\"ListItem\",\"position\":2,\"name\":\"Cabilia: il destino di una nazione senza uno stato a garantire autonomia e indipendenza\"}]},{\"@type\":\"WebSite\",\"@id\":\"https:\/\/www.pressenza.com\/it\/#website\",\"url\":\"https:\/\/www.pressenza.com\/it\/\",\"name\":\"Pressenza\",\"description\":\"Agenzia di Stampa Internazionale\",\"publisher\":{\"@id\":\"https:\/\/www.pressenza.com\/it\/#organization\"},\"potentialAction\":[{\"@type\":\"SearchAction\",\"target\":{\"@type\":\"EntryPoint\",\"urlTemplate\":\"https:\/\/www.pressenza.com\/it\/?s={search_term_string}\"},\"query-input\":{\"@type\":\"PropertyValueSpecification\",\"valueRequired\":true,\"valueName\":\"search_term_string\"}}],\"inLanguage\":\"it-IT\"},{\"@type\":\"Organization\",\"@id\":\"https:\/\/www.pressenza.com\/it\/#organization\",\"name\":\"Pressenza\",\"url\":\"https:\/\/www.pressenza.com\/it\/\",\"logo\":{\"@type\":\"ImageObject\",\"inLanguage\":\"it-IT\",\"@id\":\"https:\/\/www.pressenza.com\/it\/#\/schema\/logo\/image\/\",\"url\":\"https:\/\/www.pressenza.com\/wp-content\/uploads\/2022\/10\/pressenza_logo_200x200.jpg\",\"contentUrl\":\"https:\/\/www.pressenza.com\/wp-content\/uploads\/2022\/10\/pressenza_logo_200x200.jpg\",\"width\":200,\"height\":200,\"caption\":\"Pressenza\"},\"image\":{\"@id\":\"https:\/\/www.pressenza.com\/it\/#\/schema\/logo\/image\/\"},\"sameAs\":[\"https:\/\/www.facebook.com\/PressenzaItalia\",\"https:\/\/x.com\/PressenzaIPA\"]},{\"@type\":\"Person\",\"@id\":\"https:\/\/www.pressenza.com\/it\/#\/schema\/person\/8731a6cc6cacc7cbfaa4129a24d0e058\",\"name\":\"Rabah Arkam\",\"description\":\"Rabah Arkam is a human rights advocate known for promoting Amazigh identity, cultural rights, and democratic, secular reform in Algeria and North Africa.\",\"url\":\"https:\/\/www.pressenza.com\/it\/author\/rabah-arkam\/\"}]}<\/script>\n<!-- \/ Yoast SEO plugin. -->","yoast_head_json":{"title":"Cabilia: il destino di una nazione senza uno stato a garantire autonomia e indipendenza","description":"La Cabilia \u00e8 una regione montuosa nordafricana. I suoi abitanti la chiamano in Cabilo \u201cTamurt Idurar\u201d (Paese delle Montagne) o \u201cTamurt Legyayel\u201d (Paese","robots":{"index":"index","follow":"follow","max-snippet":"max-snippet:-1","max-image-preview":"max-image-preview:large","max-video-preview":"max-video-preview:-1"},"canonical":"https:\/\/www.pressenza.com\/it\/2021\/06\/cabilia-il-destino-di-una-nazione-senza-uno-stato-a-garantire-autonomia-e-indipendenza\/","og_locale":"it_IT","og_type":"article","og_title":"Cabilia: il destino di una nazione senza uno stato a garantire autonomia e indipendenza","og_description":"La Cabilia \u00e8 una regione montuosa nordafricana. I suoi abitanti la chiamano in Cabilo \u201cTamurt Idurar\u201d (Paese delle Montagne) o \u201cTamurt Legyayel\u201d (Paese","og_url":"https:\/\/www.pressenza.com\/it\/2021\/06\/cabilia-il-destino-di-una-nazione-senza-uno-stato-a-garantire-autonomia-e-indipendenza\/","og_site_name":"Pressenza","article_publisher":"https:\/\/www.facebook.com\/PressenzaItalia","article_published_time":"2021-06-15T14:48:37+00:00","article_modified_time":"2021-06-15T14:53:54+00:00","og_image":[{"width":2048,"height":1536,"url":"https:\/\/www.pressenza.com\/wp-content\/uploads\/2021\/04\/Kabylia.jpg","type":"image\/jpeg"}],"author":"Rabah Arkam","twitter_card":"summary_large_image","twitter_creator":"@PressenzaIPA","twitter_site":"@PressenzaIPA","twitter_misc":{"Scritto da":"Rabah Arkam","Tempo di lettura stimato":"4 minuti"},"schema":{"@context":"https:\/\/schema.org","@graph":[{"@type":"Article","@id":"https:\/\/www.pressenza.com\/it\/2021\/06\/cabilia-il-destino-di-una-nazione-senza-uno-stato-a-garantire-autonomia-e-indipendenza\/#article","isPartOf":{"@id":"https:\/\/www.pressenza.com\/it\/2021\/06\/cabilia-il-destino-di-una-nazione-senza-uno-stato-a-garantire-autonomia-e-indipendenza\/"},"author":{"name":"Rabah Arkam","@id":"https:\/\/www.pressenza.com\/it\/#\/schema\/person\/8731a6cc6cacc7cbfaa4129a24d0e058"},"headline":"Cabilia: il destino di una nazione senza uno stato a garantire autonomia e indipendenza","datePublished":"2021-06-15T14:48:37+00:00","dateModified":"2021-06-15T14:53:54+00:00","mainEntityOfPage":{"@id":"https:\/\/www.pressenza.com\/it\/2021\/06\/cabilia-il-destino-di-una-nazione-senza-uno-stato-a-garantire-autonomia-e-indipendenza\/"},"wordCount":936,"publisher":{"@id":"https:\/\/www.pressenza.com\/it\/#organization"},"image":{"@id":"https:\/\/www.pressenza.com\/it\/2021\/06\/cabilia-il-destino-di-una-nazione-senza-uno-stato-a-garantire-autonomia-e-indipendenza\/#primaryimage"},"thumbnailUrl":"https:\/\/www.pressenza.com\/wp-content\/uploads\/2021\/04\/Kabylia.jpg","keywords":["Algeria","autodeterminazione","Cabilia"],"articleSection":["Africa","contenuti originali","Cultura e Media","Economia","Opinioni","Popoli originari"],"inLanguage":"it-IT"},{"@type":"WebPage","@id":"https:\/\/www.pressenza.com\/it\/2021\/06\/cabilia-il-destino-di-una-nazione-senza-uno-stato-a-garantire-autonomia-e-indipendenza\/","url":"https:\/\/www.pressenza.com\/it\/2021\/06\/cabilia-il-destino-di-una-nazione-senza-uno-stato-a-garantire-autonomia-e-indipendenza\/","name":"Cabilia: il destino di una nazione senza uno stato a garantire autonomia e indipendenza","isPartOf":{"@id":"https:\/\/www.pressenza.com\/it\/#website"},"primaryImageOfPage":{"@id":"https:\/\/www.pressenza.com\/it\/2021\/06\/cabilia-il-destino-di-una-nazione-senza-uno-stato-a-garantire-autonomia-e-indipendenza\/#primaryimage"},"image":{"@id":"https:\/\/www.pressenza.com\/it\/2021\/06\/cabilia-il-destino-di-una-nazione-senza-uno-stato-a-garantire-autonomia-e-indipendenza\/#primaryimage"},"thumbnailUrl":"https:\/\/www.pressenza.com\/wp-content\/uploads\/2021\/04\/Kabylia.jpg","datePublished":"2021-06-15T14:48:37+00:00","dateModified":"2021-06-15T14:53:54+00:00","description":"La Cabilia \u00e8 una regione montuosa nordafricana. I suoi abitanti la chiamano in Cabilo \u201cTamurt Idurar\u201d (Paese delle Montagne) o \u201cTamurt Legyayel\u201d (Paese","breadcrumb":{"@id":"https:\/\/www.pressenza.com\/it\/2021\/06\/cabilia-il-destino-di-una-nazione-senza-uno-stato-a-garantire-autonomia-e-indipendenza\/#breadcrumb"},"inLanguage":"it-IT","potentialAction":[{"@type":"ReadAction","target":["https:\/\/www.pressenza.com\/it\/2021\/06\/cabilia-il-destino-di-una-nazione-senza-uno-stato-a-garantire-autonomia-e-indipendenza\/"]}]},{"@type":"ImageObject","inLanguage":"it-IT","@id":"https:\/\/www.pressenza.com\/it\/2021\/06\/cabilia-il-destino-di-una-nazione-senza-uno-stato-a-garantire-autonomia-e-indipendenza\/#primaryimage","url":"https:\/\/www.pressenza.com\/wp-content\/uploads\/2021\/04\/Kabylia.jpg","contentUrl":"https:\/\/www.pressenza.com\/wp-content\/uploads\/2021\/04\/Kabylia.jpg","width":2048,"height":1536},{"@type":"BreadcrumbList","@id":"https:\/\/www.pressenza.com\/it\/2021\/06\/cabilia-il-destino-di-una-nazione-senza-uno-stato-a-garantire-autonomia-e-indipendenza\/#breadcrumb","itemListElement":[{"@type":"ListItem","position":1,"name":"Accueil","item":"https:\/\/www.pressenza.com\/it\/"},{"@type":"ListItem","position":2,"name":"Cabilia: il destino di una nazione senza uno stato a garantire autonomia e indipendenza"}]},{"@type":"WebSite","@id":"https:\/\/www.pressenza.com\/it\/#website","url":"https:\/\/www.pressenza.com\/it\/","name":"Pressenza","description":"Agenzia di Stampa Internazionale","publisher":{"@id":"https:\/\/www.pressenza.com\/it\/#organization"},"potentialAction":[{"@type":"SearchAction","target":{"@type":"EntryPoint","urlTemplate":"https:\/\/www.pressenza.com\/it\/?s={search_term_string}"},"query-input":{"@type":"PropertyValueSpecification","valueRequired":true,"valueName":"search_term_string"}}],"inLanguage":"it-IT"},{"@type":"Organization","@id":"https:\/\/www.pressenza.com\/it\/#organization","name":"Pressenza","url":"https:\/\/www.pressenza.com\/it\/","logo":{"@type":"ImageObject","inLanguage":"it-IT","@id":"https:\/\/www.pressenza.com\/it\/#\/schema\/logo\/image\/","url":"https:\/\/www.pressenza.com\/wp-content\/uploads\/2022\/10\/pressenza_logo_200x200.jpg","contentUrl":"https:\/\/www.pressenza.com\/wp-content\/uploads\/2022\/10\/pressenza_logo_200x200.jpg","width":200,"height":200,"caption":"Pressenza"},"image":{"@id":"https:\/\/www.pressenza.com\/it\/#\/schema\/logo\/image\/"},"sameAs":["https:\/\/www.facebook.com\/PressenzaItalia","https:\/\/x.com\/PressenzaIPA"]},{"@type":"Person","@id":"https:\/\/www.pressenza.com\/it\/#\/schema\/person\/8731a6cc6cacc7cbfaa4129a24d0e058","name":"Rabah Arkam","description":"Rabah Arkam is a human rights advocate known for promoting Amazigh identity, cultural rights, and democratic, secular reform in Algeria and North Africa.","url":"https:\/\/www.pressenza.com\/it\/author\/rabah-arkam\/"}]}},"place":"Cabilia","original_article_url":"","_links":{"self":[{"href":"https:\/\/www.pressenza.com\/it\/wp-json\/wp\/v2\/posts\/1380556","targetHints":{"allow":["GET"]}}],"collection":[{"href":"https:\/\/www.pressenza.com\/it\/wp-json\/wp\/v2\/posts"}],"about":[{"href":"https:\/\/www.pressenza.com\/it\/wp-json\/wp\/v2\/types\/post"}],"author":[{"embeddable":true,"href":"https:\/\/www.pressenza.com\/it\/wp-json\/wp\/v2\/users\/1885"}],"replies":[{"embeddable":true,"href":"https:\/\/www.pressenza.com\/it\/wp-json\/wp\/v2\/comments?post=1380556"}],"version-history":[{"count":0,"href":"https:\/\/www.pressenza.com\/it\/wp-json\/wp\/v2\/posts\/1380556\/revisions"}],"wp:featuredmedia":[{"embeddable":true,"href":"https:\/\/www.pressenza.com\/it\/wp-json\/wp\/v2\/media\/1351245"}],"wp:attachment":[{"href":"https:\/\/www.pressenza.com\/it\/wp-json\/wp\/v2\/media?parent=1380556"}],"wp:term":[{"taxonomy":"category","embeddable":true,"href":"https:\/\/www.pressenza.com\/it\/wp-json\/wp\/v2\/categories?post=1380556"},{"taxonomy":"post_tag","embeddable":true,"href":"https:\/\/www.pressenza.com\/it\/wp-json\/wp\/v2\/tags?post=1380556"}],"curies":[{"name":"wp","href":"https:\/\/api.w.org\/{rel}","templated":true}]}}