{"id":1372887,"date":"2021-06-02T16:40:21","date_gmt":"2021-06-02T15:40:21","guid":{"rendered":"https:\/\/www.pressenza.com\/?p=1372887"},"modified":"2021-06-02T16:43:05","modified_gmt":"2021-06-02T15:43:05","slug":"altri-45-giorni-di-custodia-cautelare-per-patrick-zaki-trascorrera-il-30esimo-compleanno-in-carcere","status":"publish","type":"post","link":"https:\/\/www.pressenza.com\/it\/2021\/06\/altri-45-giorni-di-custodia-cautelare-per-patrick-zaki-trascorrera-il-30esimo-compleanno-in-carcere\/","title":{"rendered":"Altri 45 giorni di custodia cautelare per Patrick Zaki, trascorrer\u00e0 il 30esimo compleanno in carcere"},"content":{"rendered":"<p>La custodia cautelare per\u00a0<strong style=\"font-style: inherit;\">Patrick Zaki<\/strong>\u00a0\u00e8 stata prolungata di altri\u00a0<strong style=\"font-style: inherit;\">45 giorni.\u00a0<\/strong>A renderlo noto, secondo quanto si apprende, la legale dello studente egiziano iscritto all\u2019Universit\u00e0 di Bologna\u00a0<strong style=\"font-style: inherit;\">in carcere preventivo al Cairo dall\u20198 febbraio del 2020<\/strong>.<strong style=\"font-style: inherit;\">\u00a0<\/strong><\/p>\n<p><strong>NOURY (AMNESTY): \u201cSU ZAKY PERSECUZIONE EVIDENTE<\/strong>\u201c<\/p>\n<p>\u201cDopo questa ennesima decisione crudele delle autorit\u00e0 egiziane, per Patrick Zaki si apre un nuovo periodo drammatico. Trascorrer\u00e0 in carcere il suo trentesimo compleanno e non \u00e8 ancora stato vaccinato, una cosa che andrebbe fatta con la massima urgenza. C\u2019\u00e8 da chiedersi di nuovo cosa intenda fare il governo italiano di fronte a questa ennesima persecuzione, ormai evidente nei confronti di questo studente dell\u2019Universit\u00e0 di Bologna. E siccome Patrick sa tutte le cose che si fanno e non si fanno per la sua liberazione,<strong style=\"font-style: inherit;\">\u00a0vorrei che gli arrivasse il nostro messaggio di solidariet\u00e0 e vicinanza, il nostro appello a resistere<\/strong>, tenendo sempre in mente il proposito che si \u00e8 dato qualche giorno fa: consegnare di persona una lettera alla senatrice Liliana Segre per ringraziarla di tutto quello che lei ha fatto. Deve pensare che quel momento arriver\u00e0\u201d, ha commentato all\u2019agenzia DIRE il portavoce di\u00a0<strong style=\"font-style: inherit;\">Amnesty international, Riccardo Noury,<\/strong>\u00a0in merito al prolungamento della detenzione cautelare di 45 giorni per Patrick George Zaki.<\/p>\n<p><strong>PETIZIONE PER ZAKI \u2018ITALIANO\u2019 VOLA IN EUROPA: 264.000 FIRME<\/strong><\/p>\n<p>Mentre dal Cairo giunge notizia dell\u2019esito dell\u2019ultima udienza che ha confermato la detenzione di Patrick Zaki, studente egiziano dell\u2019Universit\u00e0 di Bologna e attivista per i diritti umani,\u00a0<strong style=\"font-style: inherit;\">registra un\u2019impennata di firme da tutta Europa la petizione lanciata a gennaio dalla community Station to Station e 6000 Sardine su Change.org che ha dato origine alla richiesta di conferire a Zaki la cittadinanza italiana e di conseguenza europea.<\/strong>\u00a0Ad oggi il contatore registra\u00a0<strong style=\"font-style: inherit;\">264.000 firme in tutto<\/strong>, di cui circa 56mila da Spagna, Francia, Germania e Regno Unito. La campagna dal basso, le cui proposte sono state accolte con l\u2019approvazione di una mozione al Senato ad aprile ma \u201crispetto alla quale il governo- dopo aver favorevolmente accolto la mozione dando parere positivo, non ha ancora dato seguito\u201d, dicono i promotori, ha varcato, su Change.org, i confini italiani \u201ced \u00e8 arrivata nelle case di tutti i cittadini europei grazie ad una traduzione multilingue\u201d.<\/p>\n<p>I firmatari chiedono che \u201ctutte le nazioni europee, che continuano a fare affari di ogni genere con l\u2019Egitto, mandino un\u00a0<strong style=\"font-style: inherit;\">segnale molto forte<\/strong>\u00a0spingendo per il conferimento della cittadinanza italiana a Patrick. I governi devono prendere una posizione pubblica contro questa grave violazione dei diritti umani, visto anche che Patrick ha lasciato l\u2019Egitto grazie a una borsa di studio sponsorizzata dall\u2019Ue\u201d. E \u201cvogliamo un\u2019Europa che dia vita alla nostra\u00a0<em style=\"font-weight: inherit;\">Carta dei diritti fondamentali<\/em>\u201d, prosegue il testo della petizione. \u201cPatrick sta pagando per la difesa di quei diritti, subendo torture. L\u2019Europa non deve arrendersi e non pu\u00f2 restare indifferente\u201d, scrivono i promotori rivolgendosi ai primi ministri dei principali paesi UE e ai rappresentanti delle Istituzioni Europee Von Der Leyen e Borrell.<\/p>\n<p>\u201cQuesto coro di voci provenienti da tutta Europa si somma a quello, gi\u00e0 forte, proveniente dall\u2019Italia, nel tentativo di rompere l\u2019assordante silenzio in cui l\u2019esecutivo ha fatto sprofondare la mozione approvata in Parlamento e con essa la volont\u00e0 di oltre 200.000 cittadini italiani\u201d, dichiara Station to Station. \u201cDa oggi, il governo italiano non deve pi\u00f9 rispondere solo ai propri cittadini in merito a questa richiesta votata in Parlamento. Per oltre 264.000 persone in tutta Europa Patrick Zaki \u00e8 gi\u00e0 cittadino europeo. Queste persone si aspettano che il Governo dia conto dell\u2019esito della richiesta a tutti i cittadini europei che hanno firmato l\u2019appello, nonch\u00e9 al Parlamento italiano che molti di questi firmatari rappresenta.\u201d<\/p>\n<p>\u201cQuesta petizione, nata a gennaio per iniziativa della community Station to Station, ha raccolto in pochissimo tempo un consenso ampio e trasversale nella politica e nell\u2019opinione pubblica del Paese e, adesso, a livello europeo. Grazie alle firme raccolte, la proposta \u00e8 approdata in Parlamento con due mozioni presentate alla Camera e poi al Senato. Il voto della mozione al Senato lo scorso 14 aprile, che ha visto un\u2019ampia maggioranza di favorevoli, nessun contrario e pochi astenuti, \u00e8 stato un momento importante di democrazia nel quale le forze politiche hanno accolto la richiesta bipartisan di mandare un segnale forte e chiaro all\u2019Egitto su Zaki, anche per lenire la ferita lasciata nel paese dalla morte di Giulio Regeni. Adesso, anche i cittadini europei chiedono al governo italiano di dar seguito a questa proposta affinch\u00e9 Patrick diventi cittadino europeo\u201d, dice la responsabile comunicazione di Change.org Italia Fiamma Goretti.<\/p>\n","protected":false},"excerpt":{"rendered":"<p>La custodia cautelare per\u00a0Patrick Zaki\u00a0\u00e8 stata prolungata di altri\u00a045 giorni.\u00a0A renderlo noto, secondo quanto si apprende, la legale dello studente egiziano iscritto all\u2019Universit\u00e0 di Bologna\u00a0in carcere preventivo al Cairo dall\u20198 febbraio del 2020.\u00a0 NOURY (AMNESTY): \u201cSU ZAKY PERSECUZIONE EVIDENTE\u201c \u201cDopo&hellip;<\/p>\n","protected":false},"author":1478,"featured_media":1281086,"comment_status":"closed","ping_status":"closed","sticky":false,"template":"","format":"standard","meta":{"footnotes":""},"categories":[45,60,47],"tags":[34407,72165,2827,71018,1564],"class_list":["post-1372887","post","type-post","status-publish","format-standard","has-post-thumbnail","hentry","category-africa-it","category-diritti-umani","category-europa","tag-cittadinanza-italiana","tag-detenzione-preventiva","tag-egitto","tag-patrick-zaki","tag-petizione"],"yoast_head":"<!-- This site is optimized with the Yoast SEO plugin v27.1.1 - https:\/\/yoast.com\/product\/yoast-seo-wordpress\/ -->\n<title>Altri 45 giorni di custodia cautelare per Patrick Zaki, trascorrer\u00e0 il 30esimo compleanno in carcere<\/title>\n<meta name=\"description\" content=\"La custodia cautelare per\u00a0Patrick Zaki\u00a0\u00e8 stata prolungata di altri\u00a045 giorni.\u00a0A renderlo noto, secondo quanto si apprende, la legale dello studente\" \/>\n<meta name=\"robots\" content=\"index, follow, max-snippet:-1, max-image-preview:large, max-video-preview:-1\" \/>\n<link rel=\"canonical\" href=\"https:\/\/www.pressenza.com\/it\/2021\/06\/altri-45-giorni-di-custodia-cautelare-per-patrick-zaki-trascorrera-il-30esimo-compleanno-in-carcere\/\" \/>\n<meta property=\"og:locale\" content=\"it_IT\" \/>\n<meta property=\"og:type\" content=\"article\" \/>\n<meta property=\"og:title\" content=\"Altri 45 giorni di custodia cautelare per Patrick Zaki, trascorrer\u00e0 il 30esimo compleanno in carcere\" \/>\n<meta property=\"og:description\" content=\"La custodia cautelare per\u00a0Patrick Zaki\u00a0\u00e8 stata prolungata di altri\u00a045 giorni.\u00a0A renderlo noto, secondo quanto si apprende, la legale dello studente\" \/>\n<meta property=\"og:url\" content=\"https:\/\/www.pressenza.com\/it\/2021\/06\/altri-45-giorni-di-custodia-cautelare-per-patrick-zaki-trascorrera-il-30esimo-compleanno-in-carcere\/\" \/>\n<meta property=\"og:site_name\" content=\"Pressenza\" \/>\n<meta property=\"article:publisher\" content=\"https:\/\/www.facebook.com\/PressenzaItalia\" \/>\n<meta property=\"article:published_time\" content=\"2021-06-02T15:40:21+00:00\" \/>\n<meta property=\"article:modified_time\" content=\"2021-06-02T15:43:05+00:00\" \/>\n<meta property=\"og:image\" content=\"https:\/\/www.pressenza.com\/wp-content\/uploads\/2021\/01\/Patrick-Zaki-disegno-rit.jpg\" \/>\n\t<meta property=\"og:image:width\" content=\"958\" \/>\n\t<meta property=\"og:image:height\" content=\"561\" \/>\n\t<meta property=\"og:image:type\" content=\"image\/jpeg\" \/>\n<meta name=\"author\" content=\"Agenzia DIRE\" \/>\n<meta name=\"twitter:card\" content=\"summary_large_image\" \/>\n<meta name=\"twitter:creator\" content=\"@PressenzaIPA\" \/>\n<meta name=\"twitter:site\" content=\"@PressenzaIPA\" \/>\n<meta name=\"twitter:label1\" content=\"Scritto da\" \/>\n\t<meta name=\"twitter:data1\" content=\"Agenzia DIRE\" \/>\n\t<meta name=\"twitter:label2\" content=\"Tempo di lettura stimato\" \/>\n\t<meta name=\"twitter:data2\" content=\"4 minuti\" \/>\n<script type=\"application\/ld+json\" class=\"yoast-schema-graph\">{\"@context\":\"https:\/\/schema.org\",\"@graph\":[{\"@type\":\"Article\",\"@id\":\"https:\/\/www.pressenza.com\/it\/2021\/06\/altri-45-giorni-di-custodia-cautelare-per-patrick-zaki-trascorrera-il-30esimo-compleanno-in-carcere\/#article\",\"isPartOf\":{\"@id\":\"https:\/\/www.pressenza.com\/it\/2021\/06\/altri-45-giorni-di-custodia-cautelare-per-patrick-zaki-trascorrera-il-30esimo-compleanno-in-carcere\/\"},\"author\":{\"name\":\"Agenzia DIRE\",\"@id\":\"https:\/\/www.pressenza.com\/it\/#\/schema\/person\/bb13dad7d75de3f57ef0c4246101316b\"},\"headline\":\"Altri 45 giorni di custodia cautelare per Patrick Zaki, trascorrer\u00e0 il 30esimo compleanno in carcere\",\"datePublished\":\"2021-06-02T15:40:21+00:00\",\"dateModified\":\"2021-06-02T15:43:05+00:00\",\"mainEntityOfPage\":{\"@id\":\"https:\/\/www.pressenza.com\/it\/2021\/06\/altri-45-giorni-di-custodia-cautelare-per-patrick-zaki-trascorrera-il-30esimo-compleanno-in-carcere\/\"},\"wordCount\":764,\"publisher\":{\"@id\":\"https:\/\/www.pressenza.com\/it\/#organization\"},\"image\":{\"@id\":\"https:\/\/www.pressenza.com\/it\/2021\/06\/altri-45-giorni-di-custodia-cautelare-per-patrick-zaki-trascorrera-il-30esimo-compleanno-in-carcere\/#primaryimage\"},\"thumbnailUrl\":\"https:\/\/www.pressenza.com\/wp-content\/uploads\/2021\/01\/Patrick-Zaki-disegno-rit.jpg\",\"keywords\":[\"cittadinanza italiana\",\"detenzione preventiva\",\"Egitto\",\"Patrick Zaki\",\"petizione\"],\"articleSection\":[\"Africa\",\"Diritti Umani\",\"Europa\"],\"inLanguage\":\"it-IT\"},{\"@type\":\"WebPage\",\"@id\":\"https:\/\/www.pressenza.com\/it\/2021\/06\/altri-45-giorni-di-custodia-cautelare-per-patrick-zaki-trascorrera-il-30esimo-compleanno-in-carcere\/\",\"url\":\"https:\/\/www.pressenza.com\/it\/2021\/06\/altri-45-giorni-di-custodia-cautelare-per-patrick-zaki-trascorrera-il-30esimo-compleanno-in-carcere\/\",\"name\":\"Altri 45 giorni di custodia cautelare per Patrick Zaki, trascorrer\u00e0 il 30esimo compleanno in carcere\",\"isPartOf\":{\"@id\":\"https:\/\/www.pressenza.com\/it\/#website\"},\"primaryImageOfPage\":{\"@id\":\"https:\/\/www.pressenza.com\/it\/2021\/06\/altri-45-giorni-di-custodia-cautelare-per-patrick-zaki-trascorrera-il-30esimo-compleanno-in-carcere\/#primaryimage\"},\"image\":{\"@id\":\"https:\/\/www.pressenza.com\/it\/2021\/06\/altri-45-giorni-di-custodia-cautelare-per-patrick-zaki-trascorrera-il-30esimo-compleanno-in-carcere\/#primaryimage\"},\"thumbnailUrl\":\"https:\/\/www.pressenza.com\/wp-content\/uploads\/2021\/01\/Patrick-Zaki-disegno-rit.jpg\",\"datePublished\":\"2021-06-02T15:40:21+00:00\",\"dateModified\":\"2021-06-02T15:43:05+00:00\",\"description\":\"La custodia cautelare per\u00a0Patrick Zaki\u00a0\u00e8 stata prolungata di altri\u00a045 giorni.\u00a0A renderlo noto, secondo quanto si apprende, la legale dello studente\",\"breadcrumb\":{\"@id\":\"https:\/\/www.pressenza.com\/it\/2021\/06\/altri-45-giorni-di-custodia-cautelare-per-patrick-zaki-trascorrera-il-30esimo-compleanno-in-carcere\/#breadcrumb\"},\"inLanguage\":\"it-IT\",\"potentialAction\":[{\"@type\":\"ReadAction\",\"target\":[\"https:\/\/www.pressenza.com\/it\/2021\/06\/altri-45-giorni-di-custodia-cautelare-per-patrick-zaki-trascorrera-il-30esimo-compleanno-in-carcere\/\"]}]},{\"@type\":\"ImageObject\",\"inLanguage\":\"it-IT\",\"@id\":\"https:\/\/www.pressenza.com\/it\/2021\/06\/altri-45-giorni-di-custodia-cautelare-per-patrick-zaki-trascorrera-il-30esimo-compleanno-in-carcere\/#primaryimage\",\"url\":\"https:\/\/www.pressenza.com\/wp-content\/uploads\/2021\/01\/Patrick-Zaki-disegno-rit.jpg\",\"contentUrl\":\"https:\/\/www.pressenza.com\/wp-content\/uploads\/2021\/01\/Patrick-Zaki-disegno-rit.jpg\",\"width\":958,\"height\":561},{\"@type\":\"BreadcrumbList\",\"@id\":\"https:\/\/www.pressenza.com\/it\/2021\/06\/altri-45-giorni-di-custodia-cautelare-per-patrick-zaki-trascorrera-il-30esimo-compleanno-in-carcere\/#breadcrumb\",\"itemListElement\":[{\"@type\":\"ListItem\",\"position\":1,\"name\":\"Accueil\",\"item\":\"https:\/\/www.pressenza.com\/it\/\"},{\"@type\":\"ListItem\",\"position\":2,\"name\":\"Altri 45 giorni di custodia cautelare per Patrick Zaki, trascorrer\u00e0 il 30esimo compleanno in carcere\"}]},{\"@type\":\"WebSite\",\"@id\":\"https:\/\/www.pressenza.com\/it\/#website\",\"url\":\"https:\/\/www.pressenza.com\/it\/\",\"name\":\"Pressenza\",\"description\":\"Agenzia di Stampa Internazionale\",\"publisher\":{\"@id\":\"https:\/\/www.pressenza.com\/it\/#organization\"},\"potentialAction\":[{\"@type\":\"SearchAction\",\"target\":{\"@type\":\"EntryPoint\",\"urlTemplate\":\"https:\/\/www.pressenza.com\/it\/?s={search_term_string}\"},\"query-input\":{\"@type\":\"PropertyValueSpecification\",\"valueRequired\":true,\"valueName\":\"search_term_string\"}}],\"inLanguage\":\"it-IT\"},{\"@type\":\"Organization\",\"@id\":\"https:\/\/www.pressenza.com\/it\/#organization\",\"name\":\"Pressenza\",\"url\":\"https:\/\/www.pressenza.com\/it\/\",\"logo\":{\"@type\":\"ImageObject\",\"inLanguage\":\"it-IT\",\"@id\":\"https:\/\/www.pressenza.com\/it\/#\/schema\/logo\/image\/\",\"url\":\"https:\/\/www.pressenza.com\/wp-content\/uploads\/2022\/10\/pressenza_logo_200x200.jpg\",\"contentUrl\":\"https:\/\/www.pressenza.com\/wp-content\/uploads\/2022\/10\/pressenza_logo_200x200.jpg\",\"width\":200,\"height\":200,\"caption\":\"Pressenza\"},\"image\":{\"@id\":\"https:\/\/www.pressenza.com\/it\/#\/schema\/logo\/image\/\"},\"sameAs\":[\"https:\/\/www.facebook.com\/PressenzaItalia\",\"https:\/\/x.com\/PressenzaIPA\"]},{\"@type\":\"Person\",\"@id\":\"https:\/\/www.pressenza.com\/it\/#\/schema\/person\/bb13dad7d75de3f57ef0c4246101316b\",\"name\":\"Agenzia DIRE\",\"description\":\"La DIRE \u00e8 una delle principali agenzie di stampa nazionali, trasmette sui propri notiziari multimediali tutte le notizie dell'ultimo minuto, approfondimenti, interviste, newsletter tematiche. Specializzata in politiche parlamentari e di governo, oltre che esteri, sanit\u00e0, ambiente, welfare, politiche regionali e locali, giovani. Su Dire.it pubblica, ogni giorno, tutte le principali notizie. E' presente su tutto il territorio nazionale con sei sedi, cinquanta giornalisti e corrispondenti da tutte le regioni.\",\"sameAs\":[\"http:\/\/www.dire.it\/\"],\"url\":\"https:\/\/www.pressenza.com\/it\/author\/agenzia-dire\/\"}]}<\/script>\n<!-- \/ Yoast SEO plugin. -->","yoast_head_json":{"title":"Altri 45 giorni di custodia cautelare per Patrick Zaki, trascorrer\u00e0 il 30esimo compleanno in carcere","description":"La custodia cautelare per\u00a0Patrick Zaki\u00a0\u00e8 stata prolungata di altri\u00a045 giorni.\u00a0A renderlo noto, secondo quanto si apprende, la legale dello studente","robots":{"index":"index","follow":"follow","max-snippet":"max-snippet:-1","max-image-preview":"max-image-preview:large","max-video-preview":"max-video-preview:-1"},"canonical":"https:\/\/www.pressenza.com\/it\/2021\/06\/altri-45-giorni-di-custodia-cautelare-per-patrick-zaki-trascorrera-il-30esimo-compleanno-in-carcere\/","og_locale":"it_IT","og_type":"article","og_title":"Altri 45 giorni di custodia cautelare per Patrick Zaki, trascorrer\u00e0 il 30esimo compleanno in carcere","og_description":"La custodia cautelare per\u00a0Patrick Zaki\u00a0\u00e8 stata prolungata di altri\u00a045 giorni.\u00a0A renderlo noto, secondo quanto si apprende, la legale dello studente","og_url":"https:\/\/www.pressenza.com\/it\/2021\/06\/altri-45-giorni-di-custodia-cautelare-per-patrick-zaki-trascorrera-il-30esimo-compleanno-in-carcere\/","og_site_name":"Pressenza","article_publisher":"https:\/\/www.facebook.com\/PressenzaItalia","article_published_time":"2021-06-02T15:40:21+00:00","article_modified_time":"2021-06-02T15:43:05+00:00","og_image":[{"width":958,"height":561,"url":"https:\/\/www.pressenza.com\/wp-content\/uploads\/2021\/01\/Patrick-Zaki-disegno-rit.jpg","type":"image\/jpeg"}],"author":"Agenzia DIRE","twitter_card":"summary_large_image","twitter_creator":"@PressenzaIPA","twitter_site":"@PressenzaIPA","twitter_misc":{"Scritto da":"Agenzia DIRE","Tempo di lettura stimato":"4 minuti"},"schema":{"@context":"https:\/\/schema.org","@graph":[{"@type":"Article","@id":"https:\/\/www.pressenza.com\/it\/2021\/06\/altri-45-giorni-di-custodia-cautelare-per-patrick-zaki-trascorrera-il-30esimo-compleanno-in-carcere\/#article","isPartOf":{"@id":"https:\/\/www.pressenza.com\/it\/2021\/06\/altri-45-giorni-di-custodia-cautelare-per-patrick-zaki-trascorrera-il-30esimo-compleanno-in-carcere\/"},"author":{"name":"Agenzia DIRE","@id":"https:\/\/www.pressenza.com\/it\/#\/schema\/person\/bb13dad7d75de3f57ef0c4246101316b"},"headline":"Altri 45 giorni di custodia cautelare per Patrick Zaki, trascorrer\u00e0 il 30esimo compleanno in carcere","datePublished":"2021-06-02T15:40:21+00:00","dateModified":"2021-06-02T15:43:05+00:00","mainEntityOfPage":{"@id":"https:\/\/www.pressenza.com\/it\/2021\/06\/altri-45-giorni-di-custodia-cautelare-per-patrick-zaki-trascorrera-il-30esimo-compleanno-in-carcere\/"},"wordCount":764,"publisher":{"@id":"https:\/\/www.pressenza.com\/it\/#organization"},"image":{"@id":"https:\/\/www.pressenza.com\/it\/2021\/06\/altri-45-giorni-di-custodia-cautelare-per-patrick-zaki-trascorrera-il-30esimo-compleanno-in-carcere\/#primaryimage"},"thumbnailUrl":"https:\/\/www.pressenza.com\/wp-content\/uploads\/2021\/01\/Patrick-Zaki-disegno-rit.jpg","keywords":["cittadinanza italiana","detenzione preventiva","Egitto","Patrick Zaki","petizione"],"articleSection":["Africa","Diritti Umani","Europa"],"inLanguage":"it-IT"},{"@type":"WebPage","@id":"https:\/\/www.pressenza.com\/it\/2021\/06\/altri-45-giorni-di-custodia-cautelare-per-patrick-zaki-trascorrera-il-30esimo-compleanno-in-carcere\/","url":"https:\/\/www.pressenza.com\/it\/2021\/06\/altri-45-giorni-di-custodia-cautelare-per-patrick-zaki-trascorrera-il-30esimo-compleanno-in-carcere\/","name":"Altri 45 giorni di custodia cautelare per Patrick Zaki, trascorrer\u00e0 il 30esimo compleanno in carcere","isPartOf":{"@id":"https:\/\/www.pressenza.com\/it\/#website"},"primaryImageOfPage":{"@id":"https:\/\/www.pressenza.com\/it\/2021\/06\/altri-45-giorni-di-custodia-cautelare-per-patrick-zaki-trascorrera-il-30esimo-compleanno-in-carcere\/#primaryimage"},"image":{"@id":"https:\/\/www.pressenza.com\/it\/2021\/06\/altri-45-giorni-di-custodia-cautelare-per-patrick-zaki-trascorrera-il-30esimo-compleanno-in-carcere\/#primaryimage"},"thumbnailUrl":"https:\/\/www.pressenza.com\/wp-content\/uploads\/2021\/01\/Patrick-Zaki-disegno-rit.jpg","datePublished":"2021-06-02T15:40:21+00:00","dateModified":"2021-06-02T15:43:05+00:00","description":"La custodia cautelare per\u00a0Patrick Zaki\u00a0\u00e8 stata prolungata di altri\u00a045 giorni.\u00a0A renderlo noto, secondo quanto si apprende, la legale dello studente","breadcrumb":{"@id":"https:\/\/www.pressenza.com\/it\/2021\/06\/altri-45-giorni-di-custodia-cautelare-per-patrick-zaki-trascorrera-il-30esimo-compleanno-in-carcere\/#breadcrumb"},"inLanguage":"it-IT","potentialAction":[{"@type":"ReadAction","target":["https:\/\/www.pressenza.com\/it\/2021\/06\/altri-45-giorni-di-custodia-cautelare-per-patrick-zaki-trascorrera-il-30esimo-compleanno-in-carcere\/"]}]},{"@type":"ImageObject","inLanguage":"it-IT","@id":"https:\/\/www.pressenza.com\/it\/2021\/06\/altri-45-giorni-di-custodia-cautelare-per-patrick-zaki-trascorrera-il-30esimo-compleanno-in-carcere\/#primaryimage","url":"https:\/\/www.pressenza.com\/wp-content\/uploads\/2021\/01\/Patrick-Zaki-disegno-rit.jpg","contentUrl":"https:\/\/www.pressenza.com\/wp-content\/uploads\/2021\/01\/Patrick-Zaki-disegno-rit.jpg","width":958,"height":561},{"@type":"BreadcrumbList","@id":"https:\/\/www.pressenza.com\/it\/2021\/06\/altri-45-giorni-di-custodia-cautelare-per-patrick-zaki-trascorrera-il-30esimo-compleanno-in-carcere\/#breadcrumb","itemListElement":[{"@type":"ListItem","position":1,"name":"Accueil","item":"https:\/\/www.pressenza.com\/it\/"},{"@type":"ListItem","position":2,"name":"Altri 45 giorni di custodia cautelare per Patrick Zaki, trascorrer\u00e0 il 30esimo compleanno in carcere"}]},{"@type":"WebSite","@id":"https:\/\/www.pressenza.com\/it\/#website","url":"https:\/\/www.pressenza.com\/it\/","name":"Pressenza","description":"Agenzia di Stampa Internazionale","publisher":{"@id":"https:\/\/www.pressenza.com\/it\/#organization"},"potentialAction":[{"@type":"SearchAction","target":{"@type":"EntryPoint","urlTemplate":"https:\/\/www.pressenza.com\/it\/?s={search_term_string}"},"query-input":{"@type":"PropertyValueSpecification","valueRequired":true,"valueName":"search_term_string"}}],"inLanguage":"it-IT"},{"@type":"Organization","@id":"https:\/\/www.pressenza.com\/it\/#organization","name":"Pressenza","url":"https:\/\/www.pressenza.com\/it\/","logo":{"@type":"ImageObject","inLanguage":"it-IT","@id":"https:\/\/www.pressenza.com\/it\/#\/schema\/logo\/image\/","url":"https:\/\/www.pressenza.com\/wp-content\/uploads\/2022\/10\/pressenza_logo_200x200.jpg","contentUrl":"https:\/\/www.pressenza.com\/wp-content\/uploads\/2022\/10\/pressenza_logo_200x200.jpg","width":200,"height":200,"caption":"Pressenza"},"image":{"@id":"https:\/\/www.pressenza.com\/it\/#\/schema\/logo\/image\/"},"sameAs":["https:\/\/www.facebook.com\/PressenzaItalia","https:\/\/x.com\/PressenzaIPA"]},{"@type":"Person","@id":"https:\/\/www.pressenza.com\/it\/#\/schema\/person\/bb13dad7d75de3f57ef0c4246101316b","name":"Agenzia DIRE","description":"La DIRE \u00e8 una delle principali agenzie di stampa nazionali, trasmette sui propri notiziari multimediali tutte le notizie dell'ultimo minuto, approfondimenti, interviste, newsletter tematiche. Specializzata in politiche parlamentari e di governo, oltre che esteri, sanit\u00e0, ambiente, welfare, politiche regionali e locali, giovani. Su Dire.it pubblica, ogni giorno, tutte le principali notizie. E' presente su tutto il territorio nazionale con sei sedi, cinquanta giornalisti e corrispondenti da tutte le regioni.","sameAs":["http:\/\/www.dire.it\/"],"url":"https:\/\/www.pressenza.com\/it\/author\/agenzia-dire\/"}]}},"place":"","original_article_url":"https:\/\/www.dire.it\/02-06-2021\/640089-altri-45-giorni-di-custodia-cautelare-per-patrick-zaki\/","_links":{"self":[{"href":"https:\/\/www.pressenza.com\/it\/wp-json\/wp\/v2\/posts\/1372887","targetHints":{"allow":["GET"]}}],"collection":[{"href":"https:\/\/www.pressenza.com\/it\/wp-json\/wp\/v2\/posts"}],"about":[{"href":"https:\/\/www.pressenza.com\/it\/wp-json\/wp\/v2\/types\/post"}],"author":[{"embeddable":true,"href":"https:\/\/www.pressenza.com\/it\/wp-json\/wp\/v2\/users\/1478"}],"replies":[{"embeddable":true,"href":"https:\/\/www.pressenza.com\/it\/wp-json\/wp\/v2\/comments?post=1372887"}],"version-history":[{"count":0,"href":"https:\/\/www.pressenza.com\/it\/wp-json\/wp\/v2\/posts\/1372887\/revisions"}],"wp:featuredmedia":[{"embeddable":true,"href":"https:\/\/www.pressenza.com\/it\/wp-json\/wp\/v2\/media\/1281086"}],"wp:attachment":[{"href":"https:\/\/www.pressenza.com\/it\/wp-json\/wp\/v2\/media?parent=1372887"}],"wp:term":[{"taxonomy":"category","embeddable":true,"href":"https:\/\/www.pressenza.com\/it\/wp-json\/wp\/v2\/categories?post=1372887"},{"taxonomy":"post_tag","embeddable":true,"href":"https:\/\/www.pressenza.com\/it\/wp-json\/wp\/v2\/tags?post=1372887"}],"curies":[{"name":"wp","href":"https:\/\/api.w.org\/{rel}","templated":true}]}}