{"id":1365715,"date":"2021-05-21T15:41:51","date_gmt":"2021-05-21T14:41:51","guid":{"rendered":"https:\/\/www.pressenza.com\/?p=1365715"},"modified":"2021-05-21T15:46:03","modified_gmt":"2021-05-21T14:46:03","slug":"missioni-di-assistenza-medica-in-palestina-intervista-al-dottor-vincenzo-stefano-luisi","status":"publish","type":"post","link":"https:\/\/www.pressenza.com\/it\/2021\/05\/missioni-di-assistenza-medica-in-palestina-intervista-al-dottor-vincenzo-stefano-luisi\/","title":{"rendered":"Missioni di assistenza medica in Palestina. Intervista al dottor Vincenzo \u201cStefano\u201d Luisi"},"content":{"rendered":"<p><em>Il dottor Luisi \u00e8 il presidente di Palestine Children\u2019s Relief Fund Italia e coordina le missioni umanitarie italiane in Palestina.<\/em><\/p>\n<p><strong>Dottor Luisi, che cos\u2019\u00e8 l\u2019associazione di cui lei \u00e8 presidente? <\/strong><\/p>\n<p>Palestine Children\u2019s Relief Fund (PCRF) \u00e8 una organizzazione umanitaria fondata nel 1992 negli Stati Uniti da membri della comunit\u00e0 palestinese desiderosi di aiutare i propri connazionali, soprattutto i minori, rimasti in patria o rifugiati nei paesi limitrofi. E&#8217; operativa in Palestina, con uffici sia in Cisgiordania che nella Striscia di Gaza, in Libano e in Giordania, ed \u00e8 sostenuta da una vasta rete di &#8220;chapters&#8221; in diversi paesi del mondo, tra cui PCRF-Italia che rappresento.<\/p>\n<p>Anche PCRF-Italia \u00e8 un&#8217;organizzazione non profit, \u00e8 indipendente da qualsiasi formazione politica o religiosa e concorre agli sforzi di PCRF per fornire aiuti umanitari e assistenza medica alle bambine e ai bambini palestinesi, senza alcuna distinzione nazionale, politica o religiosa. L&#8217;unico obiettivo \u00e8 garantire il diritto alla vita e al benessere dei minori, sostenendo il loro accesso ai servizi sanitari e socio-sanitari.<\/p>\n<p><strong>Com\u2019\u00e8 nata PCRF-Italia?<\/strong><\/p>\n<p>La nostra costituzione in Italia risale al 2013, ma muove dalle mie prime esperienze come volontario in Palestina nel 2007. Sono un cardiochirurgo pediatrico e dopo un primo contatto con PCRF ho iniziato a coinvolgere i miei colleghi dell&#8217;Ospedale del Cuore &#8220;G. Pasquinucci&#8221; di Massa a titolo personale, poi direttamente la Fondazione Toscana G. Monasterio (FTGM), ossia l&#8217;ente pubblico che gestisce questo ospedale. La partecipazione \u00e8 stata ampia, il sostegno anche istituzionale oltre le migliori aspettative. La Regione Toscana ha iniziato a finanziare le missioni (noi siamo volontari, ma abbiamo bisogno di strumentazione costosissima per le attivit\u00e0 chirurgiche). Per darvi un&#8217;idea dei numeri, dal 2007 ad oggi abbiamo svolto 47 missioni durante le quali abbiamo curato e operato 442 bambini, tra Gerusalemme, Ramallah (Cisgiordania) e Khan Yunis (Striscia di Gaza). Un&#8217;enormit\u00e0.<\/p>\n<p>Ma siamo andati anche oltre, iniziando a coinvolgere e a mettere in rete altri specialisti gi\u00e0 in qualche modo impegnati con PCRF o comunque interessati alle sue attivit\u00e0. Oggi abbiamo team volontari di neurochirurgia, endoscopia respiratoria, emergenza\/urgenza, odontoiatria, chirurgia plastica, chirurgia generale. Riceviamo anche il supporto istituzionale di numerose ASL toscane: oltre a \u00a0FTGM, anche l&#8217;AOU Meyer di Firenze, l&#8217;AOU Pisa, l&#8217;Azienda USL Toscana Nord-Ovest e l&#8217;AOU Toscana Centro.<\/p>\n<p>Tutto questo &#8220;movimento toscano&#8221; attorno a PCRF doveva trovare un ordine ed essere valorizzato. E&#8217; cos\u00ec che ci siamo messi in rete e abbiamo costituito l&#8217;associazione di volontariato PCRF-Italia.<\/p>\n<p><strong>I vostri sforzi si incentrano molto sul territorio di Gaza. Perch\u00e9?<\/strong><\/p>\n<p>Perch\u00e9 a Gaza manca tutto quello che \u00e8 necessario per curare le ferite fisiche e psicologiche causate dagli attacchi militari, per cui il trauma \u00e8 un qualcosa che accompagna l&#8217;infanzia in modo sistematico. A Gaza l&#8217;emergenza \u00e8 permanente, stante un sistema sanitario al collasso, pressato da richieste sempre pi\u00f9 ingenti per l&#8217;altro numero di feriti e di persone che si ammalano per gli effetti delle armi chimiche, dell&#8217;inquinamento, dell&#8217;acqua non potabile, del cibo scadente. Il sistema sanitario di Gaza inoltre \u00e8 impoverito dalle ripetute distruzioni, dagli alti costi di importazione di taluni prodotti, tra cui farmaci e carburante per far funzionare i generatori che alimentano i macchinari negli ospedali (ad esempio le incubatrici, i monitor, le macchie per le trasfusioni e per le dialisi). Andiamo a Gaza perch\u00e9 per i malati farsi curare fuori dalla Striscia costituisce un&#8217;impresa estenuante.<\/p>\n<p>Gli oltre 2 milioni di cittadini di Gaza, infatti, non possono uscire dal recinto in cui sono costretti a vivere e hanno poche possibilit\u00e0 di ottenere l&#8217;autorizzazione a passare da parte delle autorit\u00e0 israeliane che controllano il confine. L&#8217;OMS parla di un terzo di richieste negate, anche per cure urgenti e gravi, anche per quelle dei bambini, di un 50% di permessi negati anche agli accompagnatori. E per &#8220;accompagnatori&#8221; si intende ad esempio la madre di bambino di 4 anni affetto da leucemia, che deve curarsi fuori dalla Striscia. Non \u00e8 raro vedere \u00a0bambini &#8220;fortunati&#8221; (quelli cio\u00e8 che hanno avuto il lasciapassare) che partono da soli, anche per molti mesi. Questo naturalmente mette ancora di pi\u00f9 a repentaglio le loro condizioni di salute gi\u00e0 precarie. C&#8217;\u00e8 da dire poi che in generale molti dei pazienti che ricevono l&#8217;autorizzazione a uscire la ottengono molto in ritardo, per cui ogni cura non prestata tempestivamente risulta praticamente inutile.<\/p>\n<p>Noi promuoviamo l&#8217;accesso ai servizi e vogliamo fornire ai bambini servizi di qualit\u00e0. Per questo andiamo a Gaza, per portare le nostre conoscenze e capacit\u00e0 a vantaggio di chi altrimenti non ha nessuno o limitato accesso alle cure. E lo facciamo negli ospedali pubblici, per servizi gratuiti e universali, facendoci affiancare dal personale locale che cos\u00ec si confronta e pu\u00f2 apprendere da noi che abbiamo maggiori opportunit\u00e0 di formazione e di aggiornamento professionale.<\/p>\n<p><strong>Com\u2019\u00e8 oggi la situazione con la pandemia da Sars Covid19?<\/strong><\/p>\n<p>Purtroppo gi\u00e0 prima di questi ultimi attacchi, la situazione era critica, dato il numero esiguo di posti letto in terapia intensiva, l&#8217;insufficiente numero di ventilatori e la penuria di strumenti di protezione individuale anche per lo stesso personale sanitario.<\/p>\n<p>Inutile dire che adesso la situazione sta degenerando: secondo gli ultimi dati dell&#8217;OMS di met\u00e0 maggio, risultano oltre 106mila casi positivi, quasi 1.000 morti e oltre 100 ricoverati. Secondo MSF gi\u00e0 tra marzo e aprile si \u00e8 passati da meno di 1.000 nuovi casi a settimana a 1.000 al giorno.\u00a0 Il tutto senza vaccini per lo stesso personale sanitario: le dosi donate dal programma COVAX, Emirati Arabi e Russia (circa 83.000) sono irrisorie, mentre\u00a0 Israele dovrebbe garantire la copertura vaccinale come ha fatto per i suoi cittadini. Ci sono vincoli chiari dettati dal diritto internazionale in quanto potenza occupante.\u00a0 Ma la &#8220;distribuzione a pioggia&#8221; che riserva a Gaza \u00e8 di tutt&#8217;altro ordine&#8230;<\/p>\n<p>Adesso, con la situazione in corso e la marea di sfollati che si riversano a cercare rifugio nelle scuole dell&#8217;UNRWA, va da s\u00e9 che si perder\u00e0 il controllo della situazione.<\/p>\n<p><strong>Cosa chiedete per aiutarvi?<\/strong><\/p>\n<p>Purtroppo anche PCRF \u00e8 stato vittima degli attacchi militari. Il 17 maggio la nostra sede principale di Gaza City \u00e8 stata distrutta. Questo ufficio rappresentava il quartier generale del lavoro nella Striscia ed \u00e8 andato tutto perso. Un danno enorme, ma fortunatamente non c&#8217;erano operatori all&#8217;interno in quel momento, poich\u00e9 era stato dato ordine di non recarsi in ufficio, ma di seguire diversamente le attivit\u00e0.<\/p>\n<p>E&#8217; un fatto che nemmeno si commenta: PCRF \u00e8 senza ombra di dubbio un&#8217;organizzazione neutrale, offre solo aiuto umanitario.<\/p>\n<p>Ad ogni modo parliamo di un ufficio, un ufficio che a fatica ricostruiremo, un lavoro che i nostri operatori di Gaza rimetteranno insieme. Ora quello che serve davvero \u00e8 sostenere il Sistema Sanitario e la popolazione locale che non ha pi\u00f9 acqua, non ha pi\u00f9 cibo, non ha pi\u00f9 un tetto, non ha di che curarsi. Stiamo raccogliendo fondi e vi chiediamo di aiutarci.<\/p>\n<p><strong>Ecco come sostenere PCRF-Italia:<\/strong><\/p>\n<p>IBAN per donazioni bancarie: IT32H0872670220000000037379<\/p>\n<p><a href=\"https:\/\/www.gofundme.com\/35peth-help-palestine\">https:\/\/www.gofundme.com\/35peth-help-palestine<\/a><\/p>\n<p>Codice Fiscale per 5 per mille: 94012630466<\/p>\n<p>Per maggiori informazioni:<\/p>\n<p><a href=\"http:\/\/www.pcrf.net\/italy\">www.pcrf.net\/italy<\/a><\/p>\n<p><a href=\"https:\/\/www.facebook.com\/PcrfItalia\">https:\/\/www.facebook.com\/PcrfItalia<\/a><\/p>\n<p>email: <a href=\"mailto:italy@pcrf.net\">italy@pcrf.net<\/a><\/p>\n<p>&nbsp;<\/p>\n","protected":false},"excerpt":{"rendered":"<p>Il dottor Luisi \u00e8 il presidente di Palestine Children\u2019s Relief Fund Italia e coordina le missioni umanitarie italiane in Palestina. Dottor Luisi, che cos\u2019\u00e8 l\u2019associazione di cui lei \u00e8 presidente? Palestine Children\u2019s Relief Fund (PCRF) \u00e8 una organizzazione umanitaria fondata&hellip;<\/p>\n","protected":false},"author":2000,"featured_media":1365716,"comment_status":"closed","ping_status":"closed","sticky":false,"template":"","format":"standard","meta":{"footnotes":""},"categories":[11388,47,157,52,1259],"tags":[9291,16036,72593,91233,11659,778,91232,6986],"class_list":["post-1365715","post","type-post","status-publish","format-standard","has-post-thumbnail","hentry","category-contenuti-originali","category-europa","category-interviste","category-medio-oriente","category-salute-argomento","tag-assistenza-medica","tag-bombardamenti","tag-covid","tag-dottor-vincenzo-stefano-luisi","tag-gaza-it","tag-israele","tag-palestine-childrens-relief-fund-italia","tag-regione-toscana"],"yoast_head":"<!-- This site is optimized with the Yoast SEO plugin v27.1.1 - https:\/\/yoast.com\/product\/yoast-seo-wordpress\/ -->\n<title>Missioni di assistenza medica in Palestina. Intervista al dottor Vincenzo \u201cStefano\u201d Luisi<\/title>\n<meta name=\"description\" content=\"Il dottor Luisi \u00e8 il presidente di Palestine Children\u2019s Relief Fund Italia e coordina le missioni umanitarie italiane in Palestina. Dottor Luisi, che\" \/>\n<meta name=\"robots\" content=\"index, follow, max-snippet:-1, max-image-preview:large, max-video-preview:-1\" \/>\n<link rel=\"canonical\" href=\"https:\/\/www.pressenza.com\/it\/2021\/05\/missioni-di-assistenza-medica-in-palestina-intervista-al-dottor-vincenzo-stefano-luisi\/\" \/>\n<meta property=\"og:locale\" content=\"it_IT\" \/>\n<meta property=\"og:type\" content=\"article\" \/>\n<meta property=\"og:title\" content=\"Missioni di assistenza medica in Palestina. Intervista al dottor Vincenzo \u201cStefano\u201d Luisi\" \/>\n<meta property=\"og:description\" content=\"Il dottor Luisi \u00e8 il presidente di Palestine Children\u2019s Relief Fund Italia e coordina le missioni umanitarie italiane in Palestina. Dottor Luisi, che\" \/>\n<meta property=\"og:url\" content=\"https:\/\/www.pressenza.com\/it\/2021\/05\/missioni-di-assistenza-medica-in-palestina-intervista-al-dottor-vincenzo-stefano-luisi\/\" \/>\n<meta property=\"og:site_name\" content=\"Pressenza\" \/>\n<meta property=\"article:publisher\" content=\"https:\/\/www.facebook.com\/PressenzaItalia\" \/>\n<meta property=\"article:published_time\" content=\"2021-05-21T14:41:51+00:00\" \/>\n<meta property=\"article:modified_time\" content=\"2021-05-21T14:46:03+00:00\" \/>\n<meta property=\"og:image\" content=\"https:\/\/www.pressenza.com\/wp-content\/uploads\/2021\/05\/dottor-Luisi.jpg\" \/>\n\t<meta property=\"og:image:width\" content=\"1084\" \/>\n\t<meta property=\"og:image:height\" content=\"864\" \/>\n\t<meta property=\"og:image:type\" content=\"image\/jpeg\" \/>\n<meta name=\"author\" content=\"Mariella Valenti\" \/>\n<meta name=\"twitter:card\" content=\"summary_large_image\" \/>\n<meta name=\"twitter:creator\" content=\"@PressenzaIPA\" \/>\n<meta name=\"twitter:site\" content=\"@PressenzaIPA\" \/>\n<meta name=\"twitter:label1\" content=\"Scritto da\" \/>\n\t<meta name=\"twitter:data1\" content=\"Mariella Valenti\" \/>\n\t<meta name=\"twitter:label2\" content=\"Tempo di lettura stimato\" \/>\n\t<meta name=\"twitter:data2\" content=\"6 minuti\" \/>\n<script type=\"application\/ld+json\" class=\"yoast-schema-graph\">{\"@context\":\"https:\/\/schema.org\",\"@graph\":[{\"@type\":\"Article\",\"@id\":\"https:\/\/www.pressenza.com\/it\/2021\/05\/missioni-di-assistenza-medica-in-palestina-intervista-al-dottor-vincenzo-stefano-luisi\/#article\",\"isPartOf\":{\"@id\":\"https:\/\/www.pressenza.com\/it\/2021\/05\/missioni-di-assistenza-medica-in-palestina-intervista-al-dottor-vincenzo-stefano-luisi\/\"},\"author\":{\"name\":\"Mariella Valenti\",\"@id\":\"https:\/\/www.pressenza.com\/it\/#\/schema\/person\/3df1c272857085c385e369a5561ec776\"},\"headline\":\"Missioni di assistenza medica in Palestina. Intervista al dottor Vincenzo \u201cStefano\u201d Luisi\",\"datePublished\":\"2021-05-21T14:41:51+00:00\",\"dateModified\":\"2021-05-21T14:46:03+00:00\",\"mainEntityOfPage\":{\"@id\":\"https:\/\/www.pressenza.com\/it\/2021\/05\/missioni-di-assistenza-medica-in-palestina-intervista-al-dottor-vincenzo-stefano-luisi\/\"},\"wordCount\":1166,\"publisher\":{\"@id\":\"https:\/\/www.pressenza.com\/it\/#organization\"},\"image\":{\"@id\":\"https:\/\/www.pressenza.com\/it\/2021\/05\/missioni-di-assistenza-medica-in-palestina-intervista-al-dottor-vincenzo-stefano-luisi\/#primaryimage\"},\"thumbnailUrl\":\"https:\/\/www.pressenza.com\/wp-content\/uploads\/2021\/05\/dottor-Luisi.jpg\",\"keywords\":[\"assistenza medica\",\"bombardamenti\",\"covid\",\"dottor Vincenzo \u201cStefano\u201d Luisi\",\"Gaza\",\"Israele\",\"Palestine Children\u2019s Relief Fund Italia\",\"Regione Toscana\"],\"articleSection\":[\"contenuti originali\",\"Europa\",\"Interviste\",\"Medio Oriente\",\"Salute\"],\"inLanguage\":\"it-IT\"},{\"@type\":\"WebPage\",\"@id\":\"https:\/\/www.pressenza.com\/it\/2021\/05\/missioni-di-assistenza-medica-in-palestina-intervista-al-dottor-vincenzo-stefano-luisi\/\",\"url\":\"https:\/\/www.pressenza.com\/it\/2021\/05\/missioni-di-assistenza-medica-in-palestina-intervista-al-dottor-vincenzo-stefano-luisi\/\",\"name\":\"Missioni di assistenza medica in Palestina. Intervista al dottor Vincenzo \u201cStefano\u201d Luisi\",\"isPartOf\":{\"@id\":\"https:\/\/www.pressenza.com\/it\/#website\"},\"primaryImageOfPage\":{\"@id\":\"https:\/\/www.pressenza.com\/it\/2021\/05\/missioni-di-assistenza-medica-in-palestina-intervista-al-dottor-vincenzo-stefano-luisi\/#primaryimage\"},\"image\":{\"@id\":\"https:\/\/www.pressenza.com\/it\/2021\/05\/missioni-di-assistenza-medica-in-palestina-intervista-al-dottor-vincenzo-stefano-luisi\/#primaryimage\"},\"thumbnailUrl\":\"https:\/\/www.pressenza.com\/wp-content\/uploads\/2021\/05\/dottor-Luisi.jpg\",\"datePublished\":\"2021-05-21T14:41:51+00:00\",\"dateModified\":\"2021-05-21T14:46:03+00:00\",\"description\":\"Il dottor Luisi \u00e8 il presidente di Palestine Children\u2019s Relief Fund Italia e coordina le missioni umanitarie italiane in Palestina. Dottor Luisi, che\",\"breadcrumb\":{\"@id\":\"https:\/\/www.pressenza.com\/it\/2021\/05\/missioni-di-assistenza-medica-in-palestina-intervista-al-dottor-vincenzo-stefano-luisi\/#breadcrumb\"},\"inLanguage\":\"it-IT\",\"potentialAction\":[{\"@type\":\"ReadAction\",\"target\":[\"https:\/\/www.pressenza.com\/it\/2021\/05\/missioni-di-assistenza-medica-in-palestina-intervista-al-dottor-vincenzo-stefano-luisi\/\"]}]},{\"@type\":\"ImageObject\",\"inLanguage\":\"it-IT\",\"@id\":\"https:\/\/www.pressenza.com\/it\/2021\/05\/missioni-di-assistenza-medica-in-palestina-intervista-al-dottor-vincenzo-stefano-luisi\/#primaryimage\",\"url\":\"https:\/\/www.pressenza.com\/wp-content\/uploads\/2021\/05\/dottor-Luisi.jpg\",\"contentUrl\":\"https:\/\/www.pressenza.com\/wp-content\/uploads\/2021\/05\/dottor-Luisi.jpg\",\"width\":1084,\"height\":864},{\"@type\":\"BreadcrumbList\",\"@id\":\"https:\/\/www.pressenza.com\/it\/2021\/05\/missioni-di-assistenza-medica-in-palestina-intervista-al-dottor-vincenzo-stefano-luisi\/#breadcrumb\",\"itemListElement\":[{\"@type\":\"ListItem\",\"position\":1,\"name\":\"Accueil\",\"item\":\"https:\/\/www.pressenza.com\/it\/\"},{\"@type\":\"ListItem\",\"position\":2,\"name\":\"Missioni di assistenza medica in Palestina. Intervista al dottor Vincenzo \u201cStefano\u201d Luisi\"}]},{\"@type\":\"WebSite\",\"@id\":\"https:\/\/www.pressenza.com\/it\/#website\",\"url\":\"https:\/\/www.pressenza.com\/it\/\",\"name\":\"Pressenza\",\"description\":\"Agenzia di Stampa Internazionale\",\"publisher\":{\"@id\":\"https:\/\/www.pressenza.com\/it\/#organization\"},\"potentialAction\":[{\"@type\":\"SearchAction\",\"target\":{\"@type\":\"EntryPoint\",\"urlTemplate\":\"https:\/\/www.pressenza.com\/it\/?s={search_term_string}\"},\"query-input\":{\"@type\":\"PropertyValueSpecification\",\"valueRequired\":true,\"valueName\":\"search_term_string\"}}],\"inLanguage\":\"it-IT\"},{\"@type\":\"Organization\",\"@id\":\"https:\/\/www.pressenza.com\/it\/#organization\",\"name\":\"Pressenza\",\"url\":\"https:\/\/www.pressenza.com\/it\/\",\"logo\":{\"@type\":\"ImageObject\",\"inLanguage\":\"it-IT\",\"@id\":\"https:\/\/www.pressenza.com\/it\/#\/schema\/logo\/image\/\",\"url\":\"https:\/\/www.pressenza.com\/wp-content\/uploads\/2022\/10\/pressenza_logo_200x200.jpg\",\"contentUrl\":\"https:\/\/www.pressenza.com\/wp-content\/uploads\/2022\/10\/pressenza_logo_200x200.jpg\",\"width\":200,\"height\":200,\"caption\":\"Pressenza\"},\"image\":{\"@id\":\"https:\/\/www.pressenza.com\/it\/#\/schema\/logo\/image\/\"},\"sameAs\":[\"https:\/\/www.facebook.com\/PressenzaItalia\",\"https:\/\/x.com\/PressenzaIPA\"]},{\"@type\":\"Person\",\"@id\":\"https:\/\/www.pressenza.com\/it\/#\/schema\/person\/3df1c272857085c385e369a5561ec776\",\"name\":\"Mariella Valenti\",\"description\":\"Fa parte dell'Associazione di Amicizia Italo Palestinese onlus di Firenze, pur abitando a Livorno, impegnata da anni nel far conoscere la realt\u00e0 palestinese, e denunciando la sua occupazione illegale. Responsabile immigrazione del PRC di Livorno e provincia.\",\"url\":\"https:\/\/www.pressenza.com\/it\/author\/mariella-valenti\/\"}]}<\/script>\n<!-- \/ Yoast SEO plugin. -->","yoast_head_json":{"title":"Missioni di assistenza medica in Palestina. Intervista al dottor Vincenzo \u201cStefano\u201d Luisi","description":"Il dottor Luisi \u00e8 il presidente di Palestine Children\u2019s Relief Fund Italia e coordina le missioni umanitarie italiane in Palestina. Dottor Luisi, che","robots":{"index":"index","follow":"follow","max-snippet":"max-snippet:-1","max-image-preview":"max-image-preview:large","max-video-preview":"max-video-preview:-1"},"canonical":"https:\/\/www.pressenza.com\/it\/2021\/05\/missioni-di-assistenza-medica-in-palestina-intervista-al-dottor-vincenzo-stefano-luisi\/","og_locale":"it_IT","og_type":"article","og_title":"Missioni di assistenza medica in Palestina. Intervista al dottor Vincenzo \u201cStefano\u201d Luisi","og_description":"Il dottor Luisi \u00e8 il presidente di Palestine Children\u2019s Relief Fund Italia e coordina le missioni umanitarie italiane in Palestina. Dottor Luisi, che","og_url":"https:\/\/www.pressenza.com\/it\/2021\/05\/missioni-di-assistenza-medica-in-palestina-intervista-al-dottor-vincenzo-stefano-luisi\/","og_site_name":"Pressenza","article_publisher":"https:\/\/www.facebook.com\/PressenzaItalia","article_published_time":"2021-05-21T14:41:51+00:00","article_modified_time":"2021-05-21T14:46:03+00:00","og_image":[{"width":1084,"height":864,"url":"https:\/\/www.pressenza.com\/wp-content\/uploads\/2021\/05\/dottor-Luisi.jpg","type":"image\/jpeg"}],"author":"Mariella Valenti","twitter_card":"summary_large_image","twitter_creator":"@PressenzaIPA","twitter_site":"@PressenzaIPA","twitter_misc":{"Scritto da":"Mariella Valenti","Tempo di lettura stimato":"6 minuti"},"schema":{"@context":"https:\/\/schema.org","@graph":[{"@type":"Article","@id":"https:\/\/www.pressenza.com\/it\/2021\/05\/missioni-di-assistenza-medica-in-palestina-intervista-al-dottor-vincenzo-stefano-luisi\/#article","isPartOf":{"@id":"https:\/\/www.pressenza.com\/it\/2021\/05\/missioni-di-assistenza-medica-in-palestina-intervista-al-dottor-vincenzo-stefano-luisi\/"},"author":{"name":"Mariella Valenti","@id":"https:\/\/www.pressenza.com\/it\/#\/schema\/person\/3df1c272857085c385e369a5561ec776"},"headline":"Missioni di assistenza medica in Palestina. Intervista al dottor Vincenzo \u201cStefano\u201d Luisi","datePublished":"2021-05-21T14:41:51+00:00","dateModified":"2021-05-21T14:46:03+00:00","mainEntityOfPage":{"@id":"https:\/\/www.pressenza.com\/it\/2021\/05\/missioni-di-assistenza-medica-in-palestina-intervista-al-dottor-vincenzo-stefano-luisi\/"},"wordCount":1166,"publisher":{"@id":"https:\/\/www.pressenza.com\/it\/#organization"},"image":{"@id":"https:\/\/www.pressenza.com\/it\/2021\/05\/missioni-di-assistenza-medica-in-palestina-intervista-al-dottor-vincenzo-stefano-luisi\/#primaryimage"},"thumbnailUrl":"https:\/\/www.pressenza.com\/wp-content\/uploads\/2021\/05\/dottor-Luisi.jpg","keywords":["assistenza medica","bombardamenti","covid","dottor Vincenzo \u201cStefano\u201d Luisi","Gaza","Israele","Palestine Children\u2019s Relief Fund Italia","Regione Toscana"],"articleSection":["contenuti originali","Europa","Interviste","Medio Oriente","Salute"],"inLanguage":"it-IT"},{"@type":"WebPage","@id":"https:\/\/www.pressenza.com\/it\/2021\/05\/missioni-di-assistenza-medica-in-palestina-intervista-al-dottor-vincenzo-stefano-luisi\/","url":"https:\/\/www.pressenza.com\/it\/2021\/05\/missioni-di-assistenza-medica-in-palestina-intervista-al-dottor-vincenzo-stefano-luisi\/","name":"Missioni di assistenza medica in Palestina. Intervista al dottor Vincenzo \u201cStefano\u201d Luisi","isPartOf":{"@id":"https:\/\/www.pressenza.com\/it\/#website"},"primaryImageOfPage":{"@id":"https:\/\/www.pressenza.com\/it\/2021\/05\/missioni-di-assistenza-medica-in-palestina-intervista-al-dottor-vincenzo-stefano-luisi\/#primaryimage"},"image":{"@id":"https:\/\/www.pressenza.com\/it\/2021\/05\/missioni-di-assistenza-medica-in-palestina-intervista-al-dottor-vincenzo-stefano-luisi\/#primaryimage"},"thumbnailUrl":"https:\/\/www.pressenza.com\/wp-content\/uploads\/2021\/05\/dottor-Luisi.jpg","datePublished":"2021-05-21T14:41:51+00:00","dateModified":"2021-05-21T14:46:03+00:00","description":"Il dottor Luisi \u00e8 il presidente di Palestine Children\u2019s Relief Fund Italia e coordina le missioni umanitarie italiane in Palestina. Dottor Luisi, che","breadcrumb":{"@id":"https:\/\/www.pressenza.com\/it\/2021\/05\/missioni-di-assistenza-medica-in-palestina-intervista-al-dottor-vincenzo-stefano-luisi\/#breadcrumb"},"inLanguage":"it-IT","potentialAction":[{"@type":"ReadAction","target":["https:\/\/www.pressenza.com\/it\/2021\/05\/missioni-di-assistenza-medica-in-palestina-intervista-al-dottor-vincenzo-stefano-luisi\/"]}]},{"@type":"ImageObject","inLanguage":"it-IT","@id":"https:\/\/www.pressenza.com\/it\/2021\/05\/missioni-di-assistenza-medica-in-palestina-intervista-al-dottor-vincenzo-stefano-luisi\/#primaryimage","url":"https:\/\/www.pressenza.com\/wp-content\/uploads\/2021\/05\/dottor-Luisi.jpg","contentUrl":"https:\/\/www.pressenza.com\/wp-content\/uploads\/2021\/05\/dottor-Luisi.jpg","width":1084,"height":864},{"@type":"BreadcrumbList","@id":"https:\/\/www.pressenza.com\/it\/2021\/05\/missioni-di-assistenza-medica-in-palestina-intervista-al-dottor-vincenzo-stefano-luisi\/#breadcrumb","itemListElement":[{"@type":"ListItem","position":1,"name":"Accueil","item":"https:\/\/www.pressenza.com\/it\/"},{"@type":"ListItem","position":2,"name":"Missioni di assistenza medica in Palestina. Intervista al dottor Vincenzo \u201cStefano\u201d Luisi"}]},{"@type":"WebSite","@id":"https:\/\/www.pressenza.com\/it\/#website","url":"https:\/\/www.pressenza.com\/it\/","name":"Pressenza","description":"Agenzia di Stampa Internazionale","publisher":{"@id":"https:\/\/www.pressenza.com\/it\/#organization"},"potentialAction":[{"@type":"SearchAction","target":{"@type":"EntryPoint","urlTemplate":"https:\/\/www.pressenza.com\/it\/?s={search_term_string}"},"query-input":{"@type":"PropertyValueSpecification","valueRequired":true,"valueName":"search_term_string"}}],"inLanguage":"it-IT"},{"@type":"Organization","@id":"https:\/\/www.pressenza.com\/it\/#organization","name":"Pressenza","url":"https:\/\/www.pressenza.com\/it\/","logo":{"@type":"ImageObject","inLanguage":"it-IT","@id":"https:\/\/www.pressenza.com\/it\/#\/schema\/logo\/image\/","url":"https:\/\/www.pressenza.com\/wp-content\/uploads\/2022\/10\/pressenza_logo_200x200.jpg","contentUrl":"https:\/\/www.pressenza.com\/wp-content\/uploads\/2022\/10\/pressenza_logo_200x200.jpg","width":200,"height":200,"caption":"Pressenza"},"image":{"@id":"https:\/\/www.pressenza.com\/it\/#\/schema\/logo\/image\/"},"sameAs":["https:\/\/www.facebook.com\/PressenzaItalia","https:\/\/x.com\/PressenzaIPA"]},{"@type":"Person","@id":"https:\/\/www.pressenza.com\/it\/#\/schema\/person\/3df1c272857085c385e369a5561ec776","name":"Mariella Valenti","description":"Fa parte dell'Associazione di Amicizia Italo Palestinese onlus di Firenze, pur abitando a Livorno, impegnata da anni nel far conoscere la realt\u00e0 palestinese, e denunciando la sua occupazione illegale. Responsabile immigrazione del PRC di Livorno e provincia.","url":"https:\/\/www.pressenza.com\/it\/author\/mariella-valenti\/"}]}},"place":"","original_article_url":"","_links":{"self":[{"href":"https:\/\/www.pressenza.com\/it\/wp-json\/wp\/v2\/posts\/1365715","targetHints":{"allow":["GET"]}}],"collection":[{"href":"https:\/\/www.pressenza.com\/it\/wp-json\/wp\/v2\/posts"}],"about":[{"href":"https:\/\/www.pressenza.com\/it\/wp-json\/wp\/v2\/types\/post"}],"author":[{"embeddable":true,"href":"https:\/\/www.pressenza.com\/it\/wp-json\/wp\/v2\/users\/2000"}],"replies":[{"embeddable":true,"href":"https:\/\/www.pressenza.com\/it\/wp-json\/wp\/v2\/comments?post=1365715"}],"version-history":[{"count":0,"href":"https:\/\/www.pressenza.com\/it\/wp-json\/wp\/v2\/posts\/1365715\/revisions"}],"wp:featuredmedia":[{"embeddable":true,"href":"https:\/\/www.pressenza.com\/it\/wp-json\/wp\/v2\/media\/1365716"}],"wp:attachment":[{"href":"https:\/\/www.pressenza.com\/it\/wp-json\/wp\/v2\/media?parent=1365715"}],"wp:term":[{"taxonomy":"category","embeddable":true,"href":"https:\/\/www.pressenza.com\/it\/wp-json\/wp\/v2\/categories?post=1365715"},{"taxonomy":"post_tag","embeddable":true,"href":"https:\/\/www.pressenza.com\/it\/wp-json\/wp\/v2\/tags?post=1365715"}],"curies":[{"name":"wp","href":"https:\/\/api.w.org\/{rel}","templated":true}]}}