{"id":1365619,"date":"2021-05-21T10:13:57","date_gmt":"2021-05-21T09:13:57","guid":{"rendered":"https:\/\/www.pressenza.com\/?p=1365619"},"modified":"2021-05-21T17:39:35","modified_gmt":"2021-05-21T16:39:35","slug":"se-il-ministro-loda-lalternativa-dellenergia-nucleare","status":"publish","type":"post","link":"https:\/\/www.pressenza.com\/it\/2021\/05\/se-il-ministro-loda-lalternativa-dellenergia-nucleare\/","title":{"rendered":"Se il ministro loda l\u2019alternativa dell\u2019energia nucleare"},"content":{"rendered":"<p>Transizione atomica. Il ministro Cingolani si scopre interessato fattivamente anche alla fissione nucleare, particolarmente a quei mini reattori che erroneamente identifica con quelli impiegati nella propulsione navale, appannaggio esclusivo del settore militare.<\/p>\n<p>Dopo lo stantio panegirico della fusione nucleare (si ripete uguale da 60 anni!) il ministro Cingolani si scopre interessato fattivamente anche alla fissione nucleare, particolarmente a quei mini reattori che erroneamente identifica con quelli impiegati nella propulsione navale, appannaggio esclusivo del\u00a0 settore militare. Questi, dio ci scampi dalla loro diffusione, dal punto di vista radiologico sono delle bombe atomiche galleggianti essendo classificati non a caso \u00abweapon grade\u00bb,\u00a0dato che hanno un arricchimento in U235 che va dal 20 al 90%.<\/p>\n<p>Probabilmente il ministro voleva riferirsi ai reattori modulari di piccola (si fa per dire) taglia come il Bwrx da 300 Mw della General Electric, su cui si basa il rilancio del nucleare Usa (vedi Manifesto del 21.07.2020). Non \u00e8 comunque un errore da poco considerata la fama di super competente che lo ha accompagnato, ma soprattutto la sua uscita sul nucleare (oltre alla concezione utilitaristica che ha dell\u2019ambiente, definito un volano per la crescita) ce lo mette a nudo per ci\u00f2 che riguarda l\u2019idea di transizione ecologica che si va affermando, cio\u00e8 qualcosa che, sfrondata dagli orpelli ambientalistici, serva al rilancio dell\u2019accumulazione capitalistica, senza intaccare il vecchio e consolidato modello di sviluppo.<\/p>\n<p>Qui la questione si fa dirimente perch\u00e9 dietro l\u2019atteggiamento di Cingolani (caldeggiato dai 5Stelle, con Grillo in prima fila a tesserne le lodi) si cela l\u2019ambiguit\u00e0 di chi era o \u00e8 diventato possibilista sull\u2019impiego dell\u2019energia nucleare perch\u00e9 spacciata per carbon free, oppure perch\u00e9 semplicemente invisa ai petrolieri (secondo il logoro e travisato concetto che il nemico del mio nemico \u00e8 amico mio).<\/p>\n<p>Cos\u00ec si son fatte strada, grazie anche alla piaggeria elogiativa sui media, le posizioni ambigue di alcuni neo movimenti ambientali (Fff o Xr) tutti attraversati dalla contraddizione nucleare-si-nucleare-no che raggiunge toni assai discutibili quando Greta Thunberg, come \u00e8 accaduto pochi giorni fa, ha twittato contro la Cina per essere la nazione che emette pi\u00f9 gas serra di tutti gli altri paesi (senza tener conto che essendo anche il paese pi\u00f9 popoloso, le emissioni procapite sono di gran lunga inferiori a quelle dei paesi occidentali), mentre non risultano suoi commenti quando il primo ministro giapponese Suga (lo scorso 13 aprile) annunci\u00f2 di voler scaricare in mare l\u2019acqua radioattiva di Fukushima.<\/p>\n<p>Mai come in questo momento c\u2019\u00e8 bisogno di chiarezza sulla questione nucleare, perch\u00e9 mai come in questa fase storica ci siamo trovati di fronte a rotture, forse irreversibili, degli equilibri naturali (pandemie\/sindemie e crisi climatiche) a cui non si pu\u00f2 opporre l\u2019interpretazione distorta che vede esclusivamente nelle emissioni di gas serra la causa dei cambiamenti climatici. Queste emissioni sono un prodotto (dunque un effetto) del modo di produzione capitalistico e del modo di sfruttamento dell\u2019energia, che proprio perch\u00e9 intimamente legati tra loro, non possono essere affrontati disgiuntamente.<\/p>\n<p>L\u2019energia nucleare da fissione rappresenta il peggior modo di sfruttamento dell\u2019energia che sia mai stato concepito: inefficiente, costoso e pericoloso. Non facciamo finta che non sia pi\u00f9 cos\u00ec perch\u00e9 ce lo dice un ministro ricco di titoli accademici<\/p>\n<p>Articolo originale sul Manifesto del \u00a021.05.2021<\/p>\n","protected":false},"excerpt":{"rendered":"<p>Transizione atomica. Il ministro Cingolani si scopre interessato fattivamente anche alla fissione nucleare, particolarmente a quei mini reattori che erroneamente identifica con quelli impiegati nella propulsione navale, appannaggio esclusivo del settore militare. Dopo lo stantio panegirico della fusione nucleare (si&hellip;<\/p>\n","protected":false},"author":1977,"featured_media":430687,"comment_status":"closed","ping_status":"closed","sticky":false,"template":"","format":"standard","meta":{"footnotes":""},"categories":[59,162],"tags":[3900,90059,331,87433],"class_list":["post-1365619","post","type-post","status-publish","format-standard","has-post-thumbnail","hentry","category-ambiente-ecologia","category-opinioni","tag-fukushima-it","tag-fusione-nucleare","tag-nucleare","tag-roberto-cingolani"],"yoast_head":"<!-- This site is optimized with the Yoast SEO plugin v27.1.1 - https:\/\/yoast.com\/product\/yoast-seo-wordpress\/ -->\n<title>Se il ministro loda l\u2019alternativa dell\u2019energia nucleare<\/title>\n<meta name=\"description\" content=\"Transizione atomica. Il ministro Cingolani si scopre interessato fattivamente anche alla fissione nucleare, particolarmente a quei mini reattori che\" \/>\n<meta name=\"robots\" content=\"index, follow, max-snippet:-1, max-image-preview:large, max-video-preview:-1\" \/>\n<link rel=\"canonical\" href=\"https:\/\/www.pressenza.com\/it\/2021\/05\/se-il-ministro-loda-lalternativa-dellenergia-nucleare\/\" \/>\n<meta property=\"og:locale\" content=\"it_IT\" \/>\n<meta property=\"og:type\" content=\"article\" \/>\n<meta property=\"og:title\" content=\"Se il ministro loda l\u2019alternativa dell\u2019energia nucleare\" \/>\n<meta property=\"og:description\" content=\"Transizione atomica. Il ministro Cingolani si scopre interessato fattivamente anche alla fissione nucleare, particolarmente a quei mini reattori che\" \/>\n<meta property=\"og:url\" content=\"https:\/\/www.pressenza.com\/it\/2021\/05\/se-il-ministro-loda-lalternativa-dellenergia-nucleare\/\" \/>\n<meta property=\"og:site_name\" content=\"Pressenza\" \/>\n<meta property=\"article:publisher\" content=\"https:\/\/www.facebook.com\/PressenzaItalia\" \/>\n<meta property=\"article:published_time\" content=\"2021-05-21T09:13:57+00:00\" \/>\n<meta property=\"article:modified_time\" content=\"2021-05-21T16:39:35+00:00\" \/>\n<meta property=\"og:image\" content=\"https:\/\/www.pressenza.com\/wp-content\/uploads\/2017\/02\/no-nuke-720x527-2.jpg\" \/>\n\t<meta property=\"og:image:width\" content=\"720\" \/>\n\t<meta property=\"og:image:height\" content=\"527\" \/>\n\t<meta property=\"og:image:type\" content=\"image\/jpeg\" \/>\n<meta name=\"author\" content=\"Giorgio Ferrari\" \/>\n<meta name=\"twitter:card\" content=\"summary_large_image\" \/>\n<meta name=\"twitter:creator\" content=\"@PressenzaIPA\" \/>\n<meta name=\"twitter:site\" content=\"@PressenzaIPA\" \/>\n<meta name=\"twitter:label1\" content=\"Scritto da\" \/>\n\t<meta name=\"twitter:data1\" content=\"Giorgio Ferrari\" \/>\n\t<meta name=\"twitter:label2\" content=\"Tempo di lettura stimato\" \/>\n\t<meta name=\"twitter:data2\" content=\"3 minuti\" \/>\n<script type=\"application\/ld+json\" class=\"yoast-schema-graph\">{\"@context\":\"https:\/\/schema.org\",\"@graph\":[{\"@type\":\"Article\",\"@id\":\"https:\/\/www.pressenza.com\/it\/2021\/05\/se-il-ministro-loda-lalternativa-dellenergia-nucleare\/#article\",\"isPartOf\":{\"@id\":\"https:\/\/www.pressenza.com\/it\/2021\/05\/se-il-ministro-loda-lalternativa-dellenergia-nucleare\/\"},\"author\":{\"name\":\"Giorgio Ferrari\",\"@id\":\"https:\/\/www.pressenza.com\/it\/#\/schema\/person\/b88d0830911d337677c613864de47cae\"},\"headline\":\"Se il ministro loda l\u2019alternativa dell\u2019energia nucleare\",\"datePublished\":\"2021-05-21T09:13:57+00:00\",\"dateModified\":\"2021-05-21T16:39:35+00:00\",\"mainEntityOfPage\":{\"@id\":\"https:\/\/www.pressenza.com\/it\/2021\/05\/se-il-ministro-loda-lalternativa-dellenergia-nucleare\/\"},\"wordCount\":537,\"publisher\":{\"@id\":\"https:\/\/www.pressenza.com\/it\/#organization\"},\"image\":{\"@id\":\"https:\/\/www.pressenza.com\/it\/2021\/05\/se-il-ministro-loda-lalternativa-dellenergia-nucleare\/#primaryimage\"},\"thumbnailUrl\":\"https:\/\/www.pressenza.com\/wp-content\/uploads\/2017\/02\/no-nuke-720x527-2.jpg\",\"keywords\":[\"Fukushima\",\"fusione nucleare\",\"nucleare\",\"Roberto\u00a0Cingolani\"],\"articleSection\":[\"Ecologia ed Ambiente\",\"Opinioni\"],\"inLanguage\":\"it-IT\"},{\"@type\":\"WebPage\",\"@id\":\"https:\/\/www.pressenza.com\/it\/2021\/05\/se-il-ministro-loda-lalternativa-dellenergia-nucleare\/\",\"url\":\"https:\/\/www.pressenza.com\/it\/2021\/05\/se-il-ministro-loda-lalternativa-dellenergia-nucleare\/\",\"name\":\"Se il ministro loda l\u2019alternativa dell\u2019energia nucleare\",\"isPartOf\":{\"@id\":\"https:\/\/www.pressenza.com\/it\/#website\"},\"primaryImageOfPage\":{\"@id\":\"https:\/\/www.pressenza.com\/it\/2021\/05\/se-il-ministro-loda-lalternativa-dellenergia-nucleare\/#primaryimage\"},\"image\":{\"@id\":\"https:\/\/www.pressenza.com\/it\/2021\/05\/se-il-ministro-loda-lalternativa-dellenergia-nucleare\/#primaryimage\"},\"thumbnailUrl\":\"https:\/\/www.pressenza.com\/wp-content\/uploads\/2017\/02\/no-nuke-720x527-2.jpg\",\"datePublished\":\"2021-05-21T09:13:57+00:00\",\"dateModified\":\"2021-05-21T16:39:35+00:00\",\"description\":\"Transizione atomica. Il ministro Cingolani si scopre interessato fattivamente anche alla fissione nucleare, particolarmente a quei mini reattori che\",\"breadcrumb\":{\"@id\":\"https:\/\/www.pressenza.com\/it\/2021\/05\/se-il-ministro-loda-lalternativa-dellenergia-nucleare\/#breadcrumb\"},\"inLanguage\":\"it-IT\",\"potentialAction\":[{\"@type\":\"ReadAction\",\"target\":[\"https:\/\/www.pressenza.com\/it\/2021\/05\/se-il-ministro-loda-lalternativa-dellenergia-nucleare\/\"]}]},{\"@type\":\"ImageObject\",\"inLanguage\":\"it-IT\",\"@id\":\"https:\/\/www.pressenza.com\/it\/2021\/05\/se-il-ministro-loda-lalternativa-dellenergia-nucleare\/#primaryimage\",\"url\":\"https:\/\/www.pressenza.com\/wp-content\/uploads\/2017\/02\/no-nuke-720x527-2.jpg\",\"contentUrl\":\"https:\/\/www.pressenza.com\/wp-content\/uploads\/2017\/02\/no-nuke-720x527-2.jpg\",\"width\":720,\"height\":527},{\"@type\":\"BreadcrumbList\",\"@id\":\"https:\/\/www.pressenza.com\/it\/2021\/05\/se-il-ministro-loda-lalternativa-dellenergia-nucleare\/#breadcrumb\",\"itemListElement\":[{\"@type\":\"ListItem\",\"position\":1,\"name\":\"Accueil\",\"item\":\"https:\/\/www.pressenza.com\/it\/\"},{\"@type\":\"ListItem\",\"position\":2,\"name\":\"Se il ministro loda l\u2019alternativa dell\u2019energia nucleare\"}]},{\"@type\":\"WebSite\",\"@id\":\"https:\/\/www.pressenza.com\/it\/#website\",\"url\":\"https:\/\/www.pressenza.com\/it\/\",\"name\":\"Pressenza\",\"description\":\"Agenzia di Stampa Internazionale\",\"publisher\":{\"@id\":\"https:\/\/www.pressenza.com\/it\/#organization\"},\"potentialAction\":[{\"@type\":\"SearchAction\",\"target\":{\"@type\":\"EntryPoint\",\"urlTemplate\":\"https:\/\/www.pressenza.com\/it\/?s={search_term_string}\"},\"query-input\":{\"@type\":\"PropertyValueSpecification\",\"valueRequired\":true,\"valueName\":\"search_term_string\"}}],\"inLanguage\":\"it-IT\"},{\"@type\":\"Organization\",\"@id\":\"https:\/\/www.pressenza.com\/it\/#organization\",\"name\":\"Pressenza\",\"url\":\"https:\/\/www.pressenza.com\/it\/\",\"logo\":{\"@type\":\"ImageObject\",\"inLanguage\":\"it-IT\",\"@id\":\"https:\/\/www.pressenza.com\/it\/#\/schema\/logo\/image\/\",\"url\":\"https:\/\/www.pressenza.com\/wp-content\/uploads\/2022\/10\/pressenza_logo_200x200.jpg\",\"contentUrl\":\"https:\/\/www.pressenza.com\/wp-content\/uploads\/2022\/10\/pressenza_logo_200x200.jpg\",\"width\":200,\"height\":200,\"caption\":\"Pressenza\"},\"image\":{\"@id\":\"https:\/\/www.pressenza.com\/it\/#\/schema\/logo\/image\/\"},\"sameAs\":[\"https:\/\/www.facebook.com\/PressenzaItalia\",\"https:\/\/x.com\/PressenzaIPA\"]},{\"@type\":\"Person\",\"@id\":\"https:\/\/www.pressenza.com\/it\/#\/schema\/person\/b88d0830911d337677c613864de47cae\",\"name\":\"Giorgio Ferrari\",\"description\":\"Giorgio Ferrari, classe 1944, si diploma perito in Energia Nucleare all\u2019Istituto Enrico Fermi di Roma, l\u2019unica scuola esistente allora in Italia in questa disciplina. Dopo una prima esperienza presso la Senn (Societ\u00e0 elettronucleare nazionale) che aveva da poco ultimato la costruzione della centrale nucleare del Garigliano, passa al CRN come assistente ricercatore sulla nave oceanografica Bannock e poi presso l\u2019Infam (Istituto di fisica dell\u2019atmosfera e meteorologia). Nel 1967 entra all\u2019Enel, settore nucleare e si dedica principalmente alla progettazione dei noccioli e del combustibile nucleare di cui diviene responsabile del controllo di fabbricazione per tutte le centrali dell\u2019Enel, mansione che manterr\u00e0 fino al 1987 quando, dopo l\u2019incidente di Chernobyl, fece obiezione di coscienza. Successivamente ha svolto altri impieghi nel settore esteri dell\u2019Enel in diversi paesi dell\u2019America Latina , medio ed estremo oriente. Nel 1972 entra a far parte del Comitato Politico Enel, organizzazione di base che proprio in quegli anni inizia a sviluppare una critica del modello energetico dominante e, in particolare, all\u2019energia nucleare sostenendo e promuovendo le lotte del movimento antinucleare. Stretto collaboratore di Dario Paccino, riedita insieme a lui la rivista \u201crossovivo\u201d e, nel 1977, \u00e8 tra i fondatori di \u201cRadio Ondarossa\u201d, con la quale collabora tutt\u2019ora. Insieme a Dario Paccino ha scritto \u201cLa teppa all\u2019assalto del cielo\u201d i 72 giorni della Comune di Parigi, Edizioni libri del No. Con Angelo Baracca ha scritto \u201cSCRAM: la fine del nucleare\u201d edito da jaca Book -2011. Scrive sul manifesto ed altre riviste di ecologia ed \u00e8 consulente scientifico di Isde.\",\"url\":\"https:\/\/www.pressenza.com\/it\/author\/giorgio-ferrari\/\"}]}<\/script>\n<!-- \/ Yoast SEO plugin. -->","yoast_head_json":{"title":"Se il ministro loda l\u2019alternativa dell\u2019energia nucleare","description":"Transizione atomica. Il ministro Cingolani si scopre interessato fattivamente anche alla fissione nucleare, particolarmente a quei mini reattori che","robots":{"index":"index","follow":"follow","max-snippet":"max-snippet:-1","max-image-preview":"max-image-preview:large","max-video-preview":"max-video-preview:-1"},"canonical":"https:\/\/www.pressenza.com\/it\/2021\/05\/se-il-ministro-loda-lalternativa-dellenergia-nucleare\/","og_locale":"it_IT","og_type":"article","og_title":"Se il ministro loda l\u2019alternativa dell\u2019energia nucleare","og_description":"Transizione atomica. Il ministro Cingolani si scopre interessato fattivamente anche alla fissione nucleare, particolarmente a quei mini reattori che","og_url":"https:\/\/www.pressenza.com\/it\/2021\/05\/se-il-ministro-loda-lalternativa-dellenergia-nucleare\/","og_site_name":"Pressenza","article_publisher":"https:\/\/www.facebook.com\/PressenzaItalia","article_published_time":"2021-05-21T09:13:57+00:00","article_modified_time":"2021-05-21T16:39:35+00:00","og_image":[{"width":720,"height":527,"url":"https:\/\/www.pressenza.com\/wp-content\/uploads\/2017\/02\/no-nuke-720x527-2.jpg","type":"image\/jpeg"}],"author":"Giorgio Ferrari","twitter_card":"summary_large_image","twitter_creator":"@PressenzaIPA","twitter_site":"@PressenzaIPA","twitter_misc":{"Scritto da":"Giorgio Ferrari","Tempo di lettura stimato":"3 minuti"},"schema":{"@context":"https:\/\/schema.org","@graph":[{"@type":"Article","@id":"https:\/\/www.pressenza.com\/it\/2021\/05\/se-il-ministro-loda-lalternativa-dellenergia-nucleare\/#article","isPartOf":{"@id":"https:\/\/www.pressenza.com\/it\/2021\/05\/se-il-ministro-loda-lalternativa-dellenergia-nucleare\/"},"author":{"name":"Giorgio Ferrari","@id":"https:\/\/www.pressenza.com\/it\/#\/schema\/person\/b88d0830911d337677c613864de47cae"},"headline":"Se il ministro loda l\u2019alternativa dell\u2019energia nucleare","datePublished":"2021-05-21T09:13:57+00:00","dateModified":"2021-05-21T16:39:35+00:00","mainEntityOfPage":{"@id":"https:\/\/www.pressenza.com\/it\/2021\/05\/se-il-ministro-loda-lalternativa-dellenergia-nucleare\/"},"wordCount":537,"publisher":{"@id":"https:\/\/www.pressenza.com\/it\/#organization"},"image":{"@id":"https:\/\/www.pressenza.com\/it\/2021\/05\/se-il-ministro-loda-lalternativa-dellenergia-nucleare\/#primaryimage"},"thumbnailUrl":"https:\/\/www.pressenza.com\/wp-content\/uploads\/2017\/02\/no-nuke-720x527-2.jpg","keywords":["Fukushima","fusione nucleare","nucleare","Roberto\u00a0Cingolani"],"articleSection":["Ecologia ed Ambiente","Opinioni"],"inLanguage":"it-IT"},{"@type":"WebPage","@id":"https:\/\/www.pressenza.com\/it\/2021\/05\/se-il-ministro-loda-lalternativa-dellenergia-nucleare\/","url":"https:\/\/www.pressenza.com\/it\/2021\/05\/se-il-ministro-loda-lalternativa-dellenergia-nucleare\/","name":"Se il ministro loda l\u2019alternativa dell\u2019energia nucleare","isPartOf":{"@id":"https:\/\/www.pressenza.com\/it\/#website"},"primaryImageOfPage":{"@id":"https:\/\/www.pressenza.com\/it\/2021\/05\/se-il-ministro-loda-lalternativa-dellenergia-nucleare\/#primaryimage"},"image":{"@id":"https:\/\/www.pressenza.com\/it\/2021\/05\/se-il-ministro-loda-lalternativa-dellenergia-nucleare\/#primaryimage"},"thumbnailUrl":"https:\/\/www.pressenza.com\/wp-content\/uploads\/2017\/02\/no-nuke-720x527-2.jpg","datePublished":"2021-05-21T09:13:57+00:00","dateModified":"2021-05-21T16:39:35+00:00","description":"Transizione atomica. Il ministro Cingolani si scopre interessato fattivamente anche alla fissione nucleare, particolarmente a quei mini reattori che","breadcrumb":{"@id":"https:\/\/www.pressenza.com\/it\/2021\/05\/se-il-ministro-loda-lalternativa-dellenergia-nucleare\/#breadcrumb"},"inLanguage":"it-IT","potentialAction":[{"@type":"ReadAction","target":["https:\/\/www.pressenza.com\/it\/2021\/05\/se-il-ministro-loda-lalternativa-dellenergia-nucleare\/"]}]},{"@type":"ImageObject","inLanguage":"it-IT","@id":"https:\/\/www.pressenza.com\/it\/2021\/05\/se-il-ministro-loda-lalternativa-dellenergia-nucleare\/#primaryimage","url":"https:\/\/www.pressenza.com\/wp-content\/uploads\/2017\/02\/no-nuke-720x527-2.jpg","contentUrl":"https:\/\/www.pressenza.com\/wp-content\/uploads\/2017\/02\/no-nuke-720x527-2.jpg","width":720,"height":527},{"@type":"BreadcrumbList","@id":"https:\/\/www.pressenza.com\/it\/2021\/05\/se-il-ministro-loda-lalternativa-dellenergia-nucleare\/#breadcrumb","itemListElement":[{"@type":"ListItem","position":1,"name":"Accueil","item":"https:\/\/www.pressenza.com\/it\/"},{"@type":"ListItem","position":2,"name":"Se il ministro loda l\u2019alternativa dell\u2019energia nucleare"}]},{"@type":"WebSite","@id":"https:\/\/www.pressenza.com\/it\/#website","url":"https:\/\/www.pressenza.com\/it\/","name":"Pressenza","description":"Agenzia di Stampa Internazionale","publisher":{"@id":"https:\/\/www.pressenza.com\/it\/#organization"},"potentialAction":[{"@type":"SearchAction","target":{"@type":"EntryPoint","urlTemplate":"https:\/\/www.pressenza.com\/it\/?s={search_term_string}"},"query-input":{"@type":"PropertyValueSpecification","valueRequired":true,"valueName":"search_term_string"}}],"inLanguage":"it-IT"},{"@type":"Organization","@id":"https:\/\/www.pressenza.com\/it\/#organization","name":"Pressenza","url":"https:\/\/www.pressenza.com\/it\/","logo":{"@type":"ImageObject","inLanguage":"it-IT","@id":"https:\/\/www.pressenza.com\/it\/#\/schema\/logo\/image\/","url":"https:\/\/www.pressenza.com\/wp-content\/uploads\/2022\/10\/pressenza_logo_200x200.jpg","contentUrl":"https:\/\/www.pressenza.com\/wp-content\/uploads\/2022\/10\/pressenza_logo_200x200.jpg","width":200,"height":200,"caption":"Pressenza"},"image":{"@id":"https:\/\/www.pressenza.com\/it\/#\/schema\/logo\/image\/"},"sameAs":["https:\/\/www.facebook.com\/PressenzaItalia","https:\/\/x.com\/PressenzaIPA"]},{"@type":"Person","@id":"https:\/\/www.pressenza.com\/it\/#\/schema\/person\/b88d0830911d337677c613864de47cae","name":"Giorgio Ferrari","description":"Giorgio Ferrari, classe 1944, si diploma perito in Energia Nucleare all\u2019Istituto Enrico Fermi di Roma, l\u2019unica scuola esistente allora in Italia in questa disciplina. Dopo una prima esperienza presso la Senn (Societ\u00e0 elettronucleare nazionale) che aveva da poco ultimato la costruzione della centrale nucleare del Garigliano, passa al CRN come assistente ricercatore sulla nave oceanografica Bannock e poi presso l\u2019Infam (Istituto di fisica dell\u2019atmosfera e meteorologia). Nel 1967 entra all\u2019Enel, settore nucleare e si dedica principalmente alla progettazione dei noccioli e del combustibile nucleare di cui diviene responsabile del controllo di fabbricazione per tutte le centrali dell\u2019Enel, mansione che manterr\u00e0 fino al 1987 quando, dopo l\u2019incidente di Chernobyl, fece obiezione di coscienza. Successivamente ha svolto altri impieghi nel settore esteri dell\u2019Enel in diversi paesi dell\u2019America Latina , medio ed estremo oriente. Nel 1972 entra a far parte del Comitato Politico Enel, organizzazione di base che proprio in quegli anni inizia a sviluppare una critica del modello energetico dominante e, in particolare, all\u2019energia nucleare sostenendo e promuovendo le lotte del movimento antinucleare. Stretto collaboratore di Dario Paccino, riedita insieme a lui la rivista \u201crossovivo\u201d e, nel 1977, \u00e8 tra i fondatori di \u201cRadio Ondarossa\u201d, con la quale collabora tutt\u2019ora. Insieme a Dario Paccino ha scritto \u201cLa teppa all\u2019assalto del cielo\u201d i 72 giorni della Comune di Parigi, Edizioni libri del No. Con Angelo Baracca ha scritto \u201cSCRAM: la fine del nucleare\u201d edito da jaca Book -2011. Scrive sul manifesto ed altre riviste di ecologia ed \u00e8 consulente scientifico di Isde.","url":"https:\/\/www.pressenza.com\/it\/author\/giorgio-ferrari\/"}]}},"place":"","original_article_url":"","_links":{"self":[{"href":"https:\/\/www.pressenza.com\/it\/wp-json\/wp\/v2\/posts\/1365619","targetHints":{"allow":["GET"]}}],"collection":[{"href":"https:\/\/www.pressenza.com\/it\/wp-json\/wp\/v2\/posts"}],"about":[{"href":"https:\/\/www.pressenza.com\/it\/wp-json\/wp\/v2\/types\/post"}],"author":[{"embeddable":true,"href":"https:\/\/www.pressenza.com\/it\/wp-json\/wp\/v2\/users\/1977"}],"replies":[{"embeddable":true,"href":"https:\/\/www.pressenza.com\/it\/wp-json\/wp\/v2\/comments?post=1365619"}],"version-history":[{"count":0,"href":"https:\/\/www.pressenza.com\/it\/wp-json\/wp\/v2\/posts\/1365619\/revisions"}],"wp:featuredmedia":[{"embeddable":true,"href":"https:\/\/www.pressenza.com\/it\/wp-json\/wp\/v2\/media\/430687"}],"wp:attachment":[{"href":"https:\/\/www.pressenza.com\/it\/wp-json\/wp\/v2\/media?parent=1365619"}],"wp:term":[{"taxonomy":"category","embeddable":true,"href":"https:\/\/www.pressenza.com\/it\/wp-json\/wp\/v2\/categories?post=1365619"},{"taxonomy":"post_tag","embeddable":true,"href":"https:\/\/www.pressenza.com\/it\/wp-json\/wp\/v2\/tags?post=1365619"}],"curies":[{"name":"wp","href":"https:\/\/api.w.org\/{rel}","templated":true}]}}