{"id":1364327,"date":"2021-05-19T16:08:31","date_gmt":"2021-05-19T15:08:31","guid":{"rendered":"https:\/\/www.pressenza.com\/?p=1364327"},"modified":"2021-05-19T16:10:10","modified_gmt":"2021-05-19T15:10:10","slug":"stop-brevetti-basta-con-il-fumo-negli-occhi-draghi-si-schieri-per-il-si","status":"publish","type":"post","link":"https:\/\/www.pressenza.com\/it\/2021\/05\/stop-brevetti-basta-con-il-fumo-negli-occhi-draghi-si-schieri-per-il-si\/","title":{"rendered":"Stop brevetti, basta con il fumo negli occhi: Draghi si schieri per il s\u00ec!"},"content":{"rendered":"<p>\u201cEsprimiamo forte preoccupazione per la pressoch\u00e9 totale assenza di riferimenti alla sospensione dei brevetti sui vaccini nella bozza di dichiarazione per il<strong>\u00a0Global Health Summit<\/strong>\u00a0di venerd\u00ec a Roma, organizzato dal G20 e dalla Commissione Europea. Occorre che dall\u2019incontro esca un netto s\u00ec alla proposta presentata, ormai da oltre sei mesi, da India e Sudafrica al WTO e rilanciata dal presidente USA<strong>\u00a0Biden;<\/strong>\u00a0proposta resa ancora pi\u00f9 urgente dall&#8217;aggravarsi inarrestabile della situazione in molti paesi, tra i quali proprio\u00a0<strong>l&#8217;India,<\/strong>\u00a0che, come avevamo gi\u00e0 anticipato, non pu\u00f2 pi\u00f9 garantire l&#8217;approvvigionamento di vaccini ad altre nazioni, comprese quelle del primo mondo che ne hanno fino ad ora beneficiato, dovendo prima di tutto utilizzarli nel proprio paese.\u201dE\u2019 quanto dichiara il\u00a0<strong>Comitato Italiano<\/strong>\u00a0della\u00a0<strong>Campagna Europea -Right2Cure #NoprofitOnPandemic, a cui hanno aderito ad oggi,\u00a0110 realt\u00e0 associative, fra cui i principali sindacati, impegnate nella raccolta di un milione di firme, che in base alla normativa ICE, Iniziativa Cittadini Europei, pu\u00f2 \u201ccostringere\u201d la Commissione Europea a rimettere in discussione la propria opposizione alla moratoria sui brevetti.<\/strong><\/p>\n<p>L\u2019Italia come presidente di turno del G20 ha enormi responsabilit\u00e0 nelle decisioni che verranno assunte. Pensare di risolvere la situazione ricorrendo alle licenze volontarie, lasciando alle aziende farmaceutiche la possibilit\u00e0 di decidere a chi concedere l\u2019uso del brevetto e della tecnologia, non modifica l\u2019attuale situazione e rischia di condannare a morte centinaia di migliaia di persone. Anche l\u2019idea di finanziare un centro di produzione di vaccini in Africa \u00e8 un progetto a lunga scadenza, che non pu\u00f2 incidere sull&#8217;attuale pandemia e non risolve la dipendenza globale dalle aziende proprietarie dei brevetti. L\u2019unica soluzione \u00e8 liberare i vaccini dal<em>\u00a0cappio\u00a0<\/em>dei brevetti e realizzare i necessari trasferimenti tecnologici per consentire un significativo aumento della produzione in tutto il mondo.<\/p>\n<p>\u201cSiamo inoltre sconcertati- aggiunge\u00a0<strong>Vittorio Agnoletto\u00a0<\/strong>coordinatore italiano della Campagna #NoprofitOnPandemic &#8211; per l&#8217;assenza di risposte da parte del no<strong>s<\/strong>tro Presidente del Consiglio alla lettera che gli abbiamo inviato esattamente un mese fa, il\u00a0<strong>19 aprile scorso,<\/strong>\u00a0in cui gli abbiamo chiesto di sostenere la sospensione dei brevetti in seno alla Commissione Europea e al WTO: non pu\u00f2 ignorare la richiesta di 110 organizzazioni che rappresentano milioni di cittadini italiani! Nessuno in Italia pensi di essere \u201cal sicuro\u201d, perch\u00e9 ci stiamo vaccinando; infatti, essendo stato vaccinato soltanto lo<em>\u00a0<\/em><strong>0,3%\u00a0<\/strong>della popolazione dei paesi a basso reddito, il virus continuer\u00e0 a diffondersi e a mutare e la pandemia, con tutte le sue varianti, continuer\u00e0 a imperversare, con conseguenze inimmaginabili anche in Europa e nel cosiddetto primo mondo!\u201d<\/p>\n<p>Non \u00e8 pi\u00f9 tempo di dichiarazioni ambigue e fumose come, ultima in ordine di tempo, quella del\u00a0vertice di\u00a0<strong>Parigi\u00a0<\/strong>sulle economie africane, in cui<strong>\u00a0<em>tutti\u00a0<\/em><\/strong>i paesi partecipanti,<strong>\u00a0<\/strong>fra cui l<strong>&#8216;Italia con Draghi,<em>\u00a0avrebbero chiesto<\/em>\u00a0<\/strong>che siano tolti i brevetti sui vaccini contro il Covid-19, secondo quanto riferito dal presidente francese,<strong>\u00a0Emmanuel Macron,\u00a0<\/strong>nella conferenza stampa finale<strong>. Un condizionale d&#8217;obbligo, perch\u00e9 nessuna dichiarazione ufficiale \u00e8 arrivata dal Presidente del Consiglio italiano.<\/strong><\/p>\n<p>&nbsp;<\/p>\n","protected":false},"excerpt":{"rendered":"<p>\u201cEsprimiamo forte preoccupazione per la pressoch\u00e9 totale assenza di riferimenti alla sospensione dei brevetti sui vaccini nella bozza di dichiarazione per il\u00a0Global Health Summit\u00a0di venerd\u00ec a Roma, organizzato dal G20 e dalla Commissione Europea. Occorre che dall\u2019incontro esca un netto&hellip;<\/p>\n","protected":false},"author":594,"featured_media":1334018,"comment_status":"closed","ping_status":"closed","sticky":false,"template":"","format":"standard","meta":{"footnotes":""},"categories":[150,38,1259],"tags":[9022,85538,91149,18492,70346,27683,9794],"class_list":["post-1364327","post","type-post","status-publish","format-standard","has-post-thumbnail","hentry","category-comunicati-stampa","category-internazionale","category-salute-argomento","tag-brevetti","tag-campagna-diritto-alla-cura","tag-global-health-summit","tag-mario-draghi","tag-pandemia","tag-sospensione","tag-vaccini"],"yoast_head":"<!-- This site is optimized with the Yoast SEO plugin v27.1.1 - https:\/\/yoast.com\/product\/yoast-seo-wordpress\/ -->\n<title>Stop brevetti, basta con il fumo negli occhi: Draghi si schieri per il s\u00ec!<\/title>\n<meta name=\"description\" content=\"\u201cEsprimiamo forte preoccupazione per la pressoch\u00e9 totale assenza di riferimenti alla sospensione dei brevetti sui vaccini nella bozza di dichiarazione per\" \/>\n<meta name=\"robots\" content=\"index, follow, max-snippet:-1, max-image-preview:large, max-video-preview:-1\" \/>\n<link rel=\"canonical\" href=\"https:\/\/www.pressenza.com\/it\/2021\/05\/stop-brevetti-basta-con-il-fumo-negli-occhi-draghi-si-schieri-per-il-si\/\" \/>\n<meta property=\"og:locale\" content=\"it_IT\" \/>\n<meta property=\"og:type\" content=\"article\" \/>\n<meta property=\"og:title\" content=\"Stop brevetti, basta con il fumo negli occhi: Draghi si schieri per il s\u00ec!\" \/>\n<meta property=\"og:description\" content=\"\u201cEsprimiamo forte preoccupazione per la pressoch\u00e9 totale assenza di riferimenti alla sospensione dei brevetti sui vaccini nella bozza di dichiarazione per\" \/>\n<meta property=\"og:url\" content=\"https:\/\/www.pressenza.com\/it\/2021\/05\/stop-brevetti-basta-con-il-fumo-negli-occhi-draghi-si-schieri-per-il-si\/\" \/>\n<meta property=\"og:site_name\" content=\"Pressenza\" \/>\n<meta property=\"article:publisher\" content=\"https:\/\/www.facebook.com\/PressenzaItalia\" \/>\n<meta property=\"article:author\" content=\"https:\/\/www.facebook.com\/PressenzaItalia\" \/>\n<meta property=\"article:published_time\" content=\"2021-05-19T15:08:31+00:00\" \/>\n<meta property=\"article:modified_time\" content=\"2021-05-19T15:10:10+00:00\" \/>\n<meta property=\"og:image\" content=\"https:\/\/www.pressenza.com\/wp-content\/uploads\/2021\/04\/NoProfit_on_pandemic.png\" \/>\n\t<meta property=\"og:image:width\" content=\"500\" \/>\n\t<meta property=\"og:image:height\" content=\"232\" \/>\n\t<meta property=\"og:image:type\" content=\"image\/png\" \/>\n<meta name=\"author\" content=\"Redazione Italia\" \/>\n<meta name=\"twitter:card\" content=\"summary_large_image\" \/>\n<meta name=\"twitter:creator\" content=\"@pressenza_it\" \/>\n<meta name=\"twitter:site\" content=\"@PressenzaIPA\" \/>\n<meta name=\"twitter:label1\" content=\"Scritto da\" \/>\n\t<meta name=\"twitter:data1\" content=\"Redazione Italia\" \/>\n\t<meta name=\"twitter:label2\" content=\"Tempo di lettura stimato\" \/>\n\t<meta name=\"twitter:data2\" content=\"2 minuti\" \/>\n<script type=\"application\/ld+json\" class=\"yoast-schema-graph\">{\"@context\":\"https:\/\/schema.org\",\"@graph\":[{\"@type\":\"Article\",\"@id\":\"https:\/\/www.pressenza.com\/it\/2021\/05\/stop-brevetti-basta-con-il-fumo-negli-occhi-draghi-si-schieri-per-il-si\/#article\",\"isPartOf\":{\"@id\":\"https:\/\/www.pressenza.com\/it\/2021\/05\/stop-brevetti-basta-con-il-fumo-negli-occhi-draghi-si-schieri-per-il-si\/\"},\"author\":{\"name\":\"Redazione Italia\",\"@id\":\"https:\/\/www.pressenza.com\/it\/#\/schema\/person\/d983e81827ae24f2c7b1a2123d197f8d\"},\"headline\":\"Stop brevetti, basta con il fumo negli occhi: Draghi si schieri per il s\u00ec!\",\"datePublished\":\"2021-05-19T15:08:31+00:00\",\"dateModified\":\"2021-05-19T15:10:10+00:00\",\"mainEntityOfPage\":{\"@id\":\"https:\/\/www.pressenza.com\/it\/2021\/05\/stop-brevetti-basta-con-il-fumo-negli-occhi-draghi-si-schieri-per-il-si\/\"},\"wordCount\":510,\"publisher\":{\"@id\":\"https:\/\/www.pressenza.com\/it\/#organization\"},\"image\":{\"@id\":\"https:\/\/www.pressenza.com\/it\/2021\/05\/stop-brevetti-basta-con-il-fumo-negli-occhi-draghi-si-schieri-per-il-si\/#primaryimage\"},\"thumbnailUrl\":\"https:\/\/www.pressenza.com\/wp-content\/uploads\/2021\/04\/NoProfit_on_pandemic.png\",\"keywords\":[\"brevetti\",\"Campagna Diritto alla cura\",\"Global Health Summit\",\"Mario Draghi\",\"pandemia\",\"sospensione\",\"Vaccini\"],\"articleSection\":[\"Comunicati Stampa\",\"Internazionale\",\"Salute\"],\"inLanguage\":\"it-IT\"},{\"@type\":\"WebPage\",\"@id\":\"https:\/\/www.pressenza.com\/it\/2021\/05\/stop-brevetti-basta-con-il-fumo-negli-occhi-draghi-si-schieri-per-il-si\/\",\"url\":\"https:\/\/www.pressenza.com\/it\/2021\/05\/stop-brevetti-basta-con-il-fumo-negli-occhi-draghi-si-schieri-per-il-si\/\",\"name\":\"Stop brevetti, basta con il fumo negli occhi: Draghi si schieri per il s\u00ec!\",\"isPartOf\":{\"@id\":\"https:\/\/www.pressenza.com\/it\/#website\"},\"primaryImageOfPage\":{\"@id\":\"https:\/\/www.pressenza.com\/it\/2021\/05\/stop-brevetti-basta-con-il-fumo-negli-occhi-draghi-si-schieri-per-il-si\/#primaryimage\"},\"image\":{\"@id\":\"https:\/\/www.pressenza.com\/it\/2021\/05\/stop-brevetti-basta-con-il-fumo-negli-occhi-draghi-si-schieri-per-il-si\/#primaryimage\"},\"thumbnailUrl\":\"https:\/\/www.pressenza.com\/wp-content\/uploads\/2021\/04\/NoProfit_on_pandemic.png\",\"datePublished\":\"2021-05-19T15:08:31+00:00\",\"dateModified\":\"2021-05-19T15:10:10+00:00\",\"description\":\"\u201cEsprimiamo forte preoccupazione per la pressoch\u00e9 totale assenza di riferimenti alla sospensione dei brevetti sui vaccini nella bozza di dichiarazione per\",\"breadcrumb\":{\"@id\":\"https:\/\/www.pressenza.com\/it\/2021\/05\/stop-brevetti-basta-con-il-fumo-negli-occhi-draghi-si-schieri-per-il-si\/#breadcrumb\"},\"inLanguage\":\"it-IT\",\"potentialAction\":[{\"@type\":\"ReadAction\",\"target\":[\"https:\/\/www.pressenza.com\/it\/2021\/05\/stop-brevetti-basta-con-il-fumo-negli-occhi-draghi-si-schieri-per-il-si\/\"]}]},{\"@type\":\"ImageObject\",\"inLanguage\":\"it-IT\",\"@id\":\"https:\/\/www.pressenza.com\/it\/2021\/05\/stop-brevetti-basta-con-il-fumo-negli-occhi-draghi-si-schieri-per-il-si\/#primaryimage\",\"url\":\"https:\/\/www.pressenza.com\/wp-content\/uploads\/2021\/04\/NoProfit_on_pandemic.png\",\"contentUrl\":\"https:\/\/www.pressenza.com\/wp-content\/uploads\/2021\/04\/NoProfit_on_pandemic.png\",\"width\":500,\"height\":232,\"caption\":\"Wir unterst\u00fctzen zwei europ\u00e4ische B\u00fcrgerinitiativen: Bedingungsloses Grundeinkommen und \u201eKein Profit durch die Pandemie\u201c\"},{\"@type\":\"BreadcrumbList\",\"@id\":\"https:\/\/www.pressenza.com\/it\/2021\/05\/stop-brevetti-basta-con-il-fumo-negli-occhi-draghi-si-schieri-per-il-si\/#breadcrumb\",\"itemListElement\":[{\"@type\":\"ListItem\",\"position\":1,\"name\":\"Accueil\",\"item\":\"https:\/\/www.pressenza.com\/it\/\"},{\"@type\":\"ListItem\",\"position\":2,\"name\":\"Stop brevetti, basta con il fumo negli occhi: Draghi si schieri per il s\u00ec!\"}]},{\"@type\":\"WebSite\",\"@id\":\"https:\/\/www.pressenza.com\/it\/#website\",\"url\":\"https:\/\/www.pressenza.com\/it\/\",\"name\":\"Pressenza\",\"description\":\"Agenzia di Stampa Internazionale\",\"publisher\":{\"@id\":\"https:\/\/www.pressenza.com\/it\/#organization\"},\"potentialAction\":[{\"@type\":\"SearchAction\",\"target\":{\"@type\":\"EntryPoint\",\"urlTemplate\":\"https:\/\/www.pressenza.com\/it\/?s={search_term_string}\"},\"query-input\":{\"@type\":\"PropertyValueSpecification\",\"valueRequired\":true,\"valueName\":\"search_term_string\"}}],\"inLanguage\":\"it-IT\"},{\"@type\":\"Organization\",\"@id\":\"https:\/\/www.pressenza.com\/it\/#organization\",\"name\":\"Pressenza\",\"url\":\"https:\/\/www.pressenza.com\/it\/\",\"logo\":{\"@type\":\"ImageObject\",\"inLanguage\":\"it-IT\",\"@id\":\"https:\/\/www.pressenza.com\/it\/#\/schema\/logo\/image\/\",\"url\":\"https:\/\/www.pressenza.com\/wp-content\/uploads\/2022\/10\/pressenza_logo_200x200.jpg\",\"contentUrl\":\"https:\/\/www.pressenza.com\/wp-content\/uploads\/2022\/10\/pressenza_logo_200x200.jpg\",\"width\":200,\"height\":200,\"caption\":\"Pressenza\"},\"image\":{\"@id\":\"https:\/\/www.pressenza.com\/it\/#\/schema\/logo\/image\/\"},\"sameAs\":[\"https:\/\/www.facebook.com\/PressenzaItalia\",\"https:\/\/x.com\/PressenzaIPA\"]},{\"@type\":\"Person\",\"@id\":\"https:\/\/www.pressenza.com\/it\/#\/schema\/person\/d983e81827ae24f2c7b1a2123d197f8d\",\"name\":\"Redazione Italia\",\"description\":\"News from the Pressenza Bureau in Italy\",\"sameAs\":[\"https:\/\/www.pressenza.com\/it\/author\/redazione-italia\/\",\"https:\/\/www.facebook.com\/PressenzaItalia\",\"https:\/\/www.instagram.com\/pressenza_italia\/\",\"https:\/\/x.com\/pressenza_it\",\"https:\/\/www.youtube.com\/channel\/UCSalEIWjE1RSxkwjfftFuqg\"],\"url\":\"https:\/\/www.pressenza.com\/it\/author\/redazione-italia\/\"}]}<\/script>\n<!-- \/ Yoast SEO plugin. -->","yoast_head_json":{"title":"Stop brevetti, basta con il fumo negli occhi: Draghi si schieri per il s\u00ec!","description":"\u201cEsprimiamo forte preoccupazione per la pressoch\u00e9 totale assenza di riferimenti alla sospensione dei brevetti sui vaccini nella bozza di dichiarazione per","robots":{"index":"index","follow":"follow","max-snippet":"max-snippet:-1","max-image-preview":"max-image-preview:large","max-video-preview":"max-video-preview:-1"},"canonical":"https:\/\/www.pressenza.com\/it\/2021\/05\/stop-brevetti-basta-con-il-fumo-negli-occhi-draghi-si-schieri-per-il-si\/","og_locale":"it_IT","og_type":"article","og_title":"Stop brevetti, basta con il fumo negli occhi: Draghi si schieri per il s\u00ec!","og_description":"\u201cEsprimiamo forte preoccupazione per la pressoch\u00e9 totale assenza di riferimenti alla sospensione dei brevetti sui vaccini nella bozza di dichiarazione per","og_url":"https:\/\/www.pressenza.com\/it\/2021\/05\/stop-brevetti-basta-con-il-fumo-negli-occhi-draghi-si-schieri-per-il-si\/","og_site_name":"Pressenza","article_publisher":"https:\/\/www.facebook.com\/PressenzaItalia","article_author":"https:\/\/www.facebook.com\/PressenzaItalia","article_published_time":"2021-05-19T15:08:31+00:00","article_modified_time":"2021-05-19T15:10:10+00:00","og_image":[{"width":500,"height":232,"url":"https:\/\/www.pressenza.com\/wp-content\/uploads\/2021\/04\/NoProfit_on_pandemic.png","type":"image\/png"}],"author":"Redazione Italia","twitter_card":"summary_large_image","twitter_creator":"@pressenza_it","twitter_site":"@PressenzaIPA","twitter_misc":{"Scritto da":"Redazione Italia","Tempo di lettura stimato":"2 minuti"},"schema":{"@context":"https:\/\/schema.org","@graph":[{"@type":"Article","@id":"https:\/\/www.pressenza.com\/it\/2021\/05\/stop-brevetti-basta-con-il-fumo-negli-occhi-draghi-si-schieri-per-il-si\/#article","isPartOf":{"@id":"https:\/\/www.pressenza.com\/it\/2021\/05\/stop-brevetti-basta-con-il-fumo-negli-occhi-draghi-si-schieri-per-il-si\/"},"author":{"name":"Redazione Italia","@id":"https:\/\/www.pressenza.com\/it\/#\/schema\/person\/d983e81827ae24f2c7b1a2123d197f8d"},"headline":"Stop brevetti, basta con il fumo negli occhi: Draghi si schieri per il s\u00ec!","datePublished":"2021-05-19T15:08:31+00:00","dateModified":"2021-05-19T15:10:10+00:00","mainEntityOfPage":{"@id":"https:\/\/www.pressenza.com\/it\/2021\/05\/stop-brevetti-basta-con-il-fumo-negli-occhi-draghi-si-schieri-per-il-si\/"},"wordCount":510,"publisher":{"@id":"https:\/\/www.pressenza.com\/it\/#organization"},"image":{"@id":"https:\/\/www.pressenza.com\/it\/2021\/05\/stop-brevetti-basta-con-il-fumo-negli-occhi-draghi-si-schieri-per-il-si\/#primaryimage"},"thumbnailUrl":"https:\/\/www.pressenza.com\/wp-content\/uploads\/2021\/04\/NoProfit_on_pandemic.png","keywords":["brevetti","Campagna Diritto alla cura","Global Health Summit","Mario Draghi","pandemia","sospensione","Vaccini"],"articleSection":["Comunicati Stampa","Internazionale","Salute"],"inLanguage":"it-IT"},{"@type":"WebPage","@id":"https:\/\/www.pressenza.com\/it\/2021\/05\/stop-brevetti-basta-con-il-fumo-negli-occhi-draghi-si-schieri-per-il-si\/","url":"https:\/\/www.pressenza.com\/it\/2021\/05\/stop-brevetti-basta-con-il-fumo-negli-occhi-draghi-si-schieri-per-il-si\/","name":"Stop brevetti, basta con il fumo negli occhi: Draghi si schieri per il s\u00ec!","isPartOf":{"@id":"https:\/\/www.pressenza.com\/it\/#website"},"primaryImageOfPage":{"@id":"https:\/\/www.pressenza.com\/it\/2021\/05\/stop-brevetti-basta-con-il-fumo-negli-occhi-draghi-si-schieri-per-il-si\/#primaryimage"},"image":{"@id":"https:\/\/www.pressenza.com\/it\/2021\/05\/stop-brevetti-basta-con-il-fumo-negli-occhi-draghi-si-schieri-per-il-si\/#primaryimage"},"thumbnailUrl":"https:\/\/www.pressenza.com\/wp-content\/uploads\/2021\/04\/NoProfit_on_pandemic.png","datePublished":"2021-05-19T15:08:31+00:00","dateModified":"2021-05-19T15:10:10+00:00","description":"\u201cEsprimiamo forte preoccupazione per la pressoch\u00e9 totale assenza di riferimenti alla sospensione dei brevetti sui vaccini nella bozza di dichiarazione per","breadcrumb":{"@id":"https:\/\/www.pressenza.com\/it\/2021\/05\/stop-brevetti-basta-con-il-fumo-negli-occhi-draghi-si-schieri-per-il-si\/#breadcrumb"},"inLanguage":"it-IT","potentialAction":[{"@type":"ReadAction","target":["https:\/\/www.pressenza.com\/it\/2021\/05\/stop-brevetti-basta-con-il-fumo-negli-occhi-draghi-si-schieri-per-il-si\/"]}]},{"@type":"ImageObject","inLanguage":"it-IT","@id":"https:\/\/www.pressenza.com\/it\/2021\/05\/stop-brevetti-basta-con-il-fumo-negli-occhi-draghi-si-schieri-per-il-si\/#primaryimage","url":"https:\/\/www.pressenza.com\/wp-content\/uploads\/2021\/04\/NoProfit_on_pandemic.png","contentUrl":"https:\/\/www.pressenza.com\/wp-content\/uploads\/2021\/04\/NoProfit_on_pandemic.png","width":500,"height":232,"caption":"Wir unterst\u00fctzen zwei europ\u00e4ische B\u00fcrgerinitiativen: Bedingungsloses Grundeinkommen und \u201eKein Profit durch die Pandemie\u201c"},{"@type":"BreadcrumbList","@id":"https:\/\/www.pressenza.com\/it\/2021\/05\/stop-brevetti-basta-con-il-fumo-negli-occhi-draghi-si-schieri-per-il-si\/#breadcrumb","itemListElement":[{"@type":"ListItem","position":1,"name":"Accueil","item":"https:\/\/www.pressenza.com\/it\/"},{"@type":"ListItem","position":2,"name":"Stop brevetti, basta con il fumo negli occhi: Draghi si schieri per il s\u00ec!"}]},{"@type":"WebSite","@id":"https:\/\/www.pressenza.com\/it\/#website","url":"https:\/\/www.pressenza.com\/it\/","name":"Pressenza","description":"Agenzia di Stampa Internazionale","publisher":{"@id":"https:\/\/www.pressenza.com\/it\/#organization"},"potentialAction":[{"@type":"SearchAction","target":{"@type":"EntryPoint","urlTemplate":"https:\/\/www.pressenza.com\/it\/?s={search_term_string}"},"query-input":{"@type":"PropertyValueSpecification","valueRequired":true,"valueName":"search_term_string"}}],"inLanguage":"it-IT"},{"@type":"Organization","@id":"https:\/\/www.pressenza.com\/it\/#organization","name":"Pressenza","url":"https:\/\/www.pressenza.com\/it\/","logo":{"@type":"ImageObject","inLanguage":"it-IT","@id":"https:\/\/www.pressenza.com\/it\/#\/schema\/logo\/image\/","url":"https:\/\/www.pressenza.com\/wp-content\/uploads\/2022\/10\/pressenza_logo_200x200.jpg","contentUrl":"https:\/\/www.pressenza.com\/wp-content\/uploads\/2022\/10\/pressenza_logo_200x200.jpg","width":200,"height":200,"caption":"Pressenza"},"image":{"@id":"https:\/\/www.pressenza.com\/it\/#\/schema\/logo\/image\/"},"sameAs":["https:\/\/www.facebook.com\/PressenzaItalia","https:\/\/x.com\/PressenzaIPA"]},{"@type":"Person","@id":"https:\/\/www.pressenza.com\/it\/#\/schema\/person\/d983e81827ae24f2c7b1a2123d197f8d","name":"Redazione Italia","description":"News from the Pressenza Bureau in Italy","sameAs":["https:\/\/www.pressenza.com\/it\/author\/redazione-italia\/","https:\/\/www.facebook.com\/PressenzaItalia","https:\/\/www.instagram.com\/pressenza_italia\/","https:\/\/x.com\/pressenza_it","https:\/\/www.youtube.com\/channel\/UCSalEIWjE1RSxkwjfftFuqg"],"url":"https:\/\/www.pressenza.com\/it\/author\/redazione-italia\/"}]}},"place":"","original_article_url":"","_links":{"self":[{"href":"https:\/\/www.pressenza.com\/it\/wp-json\/wp\/v2\/posts\/1364327","targetHints":{"allow":["GET"]}}],"collection":[{"href":"https:\/\/www.pressenza.com\/it\/wp-json\/wp\/v2\/posts"}],"about":[{"href":"https:\/\/www.pressenza.com\/it\/wp-json\/wp\/v2\/types\/post"}],"author":[{"embeddable":true,"href":"https:\/\/www.pressenza.com\/it\/wp-json\/wp\/v2\/users\/594"}],"replies":[{"embeddable":true,"href":"https:\/\/www.pressenza.com\/it\/wp-json\/wp\/v2\/comments?post=1364327"}],"version-history":[{"count":0,"href":"https:\/\/www.pressenza.com\/it\/wp-json\/wp\/v2\/posts\/1364327\/revisions"}],"wp:featuredmedia":[{"embeddable":true,"href":"https:\/\/www.pressenza.com\/it\/wp-json\/wp\/v2\/media\/1334018"}],"wp:attachment":[{"href":"https:\/\/www.pressenza.com\/it\/wp-json\/wp\/v2\/media?parent=1364327"}],"wp:term":[{"taxonomy":"category","embeddable":true,"href":"https:\/\/www.pressenza.com\/it\/wp-json\/wp\/v2\/categories?post=1364327"},{"taxonomy":"post_tag","embeddable":true,"href":"https:\/\/www.pressenza.com\/it\/wp-json\/wp\/v2\/tags?post=1364327"}],"curies":[{"name":"wp","href":"https:\/\/api.w.org\/{rel}","templated":true}]}}