{"id":1363096,"date":"2021-05-17T10:34:25","date_gmt":"2021-05-17T09:34:25","guid":{"rendered":"https:\/\/www.pressenza.com\/?p=1363096"},"modified":"2021-05-19T11:16:19","modified_gmt":"2021-05-19T10:16:19","slug":"43palermoi%c6%9e%e1%b8%bfovimento-bloc-news-della-contronarrazione-sociale","status":"publish","type":"post","link":"https:\/\/www.pressenza.com\/it\/2021\/05\/43palermoi%c6%9e%e1%b8%bfovimento-bloc-news-della-contronarrazione-sociale\/","title":{"rendered":"43#Palermo\u1eca\u019e\u1e3eovimento. Bloc-News della contronarrazione sociale"},"content":{"rendered":"<p><em>Rubrica settimanale su eventi e fatti in Sicilia\u00a0 -a cura RedazionePA- <\/em><\/p>\n<p>&nbsp;<\/p>\n<p><em><strong>Catania con la Palestina contro l\u2019occupazione israeliana e la sua politica di sterminio\u00a0<\/strong><\/em><\/p>\n<p>Anche a Catania ieri si \u00e8 svolta, a piazza Stesicoro,\u00a0 una manifestazione di solidariet\u00e0 in favore del popolo palestinese nella lotta contro l\u2019occupazione sionista e la sua politica di sterminio, con l\u2019obiettivo di premere sulla comunit\u00e0 internazionale per ottenere una immediata fine degli attacchi aerei e da terra sulla Striscia di Gaza e\u00a0 per un \u00a0contestuale\u00a0 immediato arresto degli sfratti etnici imposti alle famiglie palestinesi, con lo sfollamento dalle loro case, nella zona di Sheikh Jarrah a Gerusalemme Est.<\/p>\n<p>Cos\u00ec come rileva una testata online locale (<em><a href=\"https:\/\/freepressonline.it\/2021\/05\/17\/una-catania-meticcia-in-piazza-stesicoro-per-la-palestina\/?fbclid=IwAR3pTcfnxlP0jdZGot3a-AOL16cp6JDD2re0sIIHLVE3t7wbqikZHBgmzrQ\">freepressonline<\/a>) a<\/em>lla iniziativa etnea \u00a0ha partecipato anche la comunit\u00e0 araba di Catania. Inoltre: \u00abTantissimi gli interventi \u201ca microfono aperto\u201d, da alcuni dei rappresentanti delle organizzazioni presenti alle cittadine e ai cittadini arabi giunti in piazza Stesicoro con striscioni e palloncini con i colori della bandiera palestinese\u00bb.<\/p>\n<p>La manifestazione si \u00e8 chiusa con l\u2019intonazione di <em>Bella Ciao, <\/em>oramai divenuto inno internazionale, o meglio,\u00a0 aria simbolica intergenerazionale di\u00a0 liberazione e resistenza contro tutte le ingiustizie.<\/p>\n<p>&nbsp;<\/p>\n<p>&nbsp;<\/p>\n<p><strong>Le colpe di Frontex nel Mediterraneo centrale<\/strong>: \u00a0&#8211; <strong>Comunicato <\/strong><a href=\"https:\/\/www.facebook.com\/seawatchprojekt\/?__cft__%5b0%5d=AZX8pM6nWJOl7Rjv8i6_VvL3XEk-e0uRdxr1fmSRiuHovNHuP9gsIJeF6K_7xfwid_wKVEUGYeQLnCDfQ5lmEsdh66bCkd-OJYXIPjS0eWqfY9B4K7Xph1fwQd5voUN5u-ZOBKZz-yqXS4_Pv6sIwk2Qx_4XDBuLAlkekKMovMElyw&amp;__tn__=-UC%2CP-y-R\"><strong>Sea-Watch<\/strong><\/a><strong>\u00a0<\/strong><\/p>\n<p><em>coinvolgimento nelle intercettazioni della cosiddetta Guardia Costiera libica<\/em><\/p>\n<p>Il 12 febbraio 2020 l\u2019equipaggio di Moonbird ha visto l&#8217;aereo Osprey1 di Frontex rimanere sulla scena di un caso nella zona di ricerca e soccorso libica, fino a quando la motovedetta Fezzan della cosiddetta guardia costiera libica ha intercettato l&#8217;imbarcazione. Quando tutte le persone a bordo sono state portate sulla nave libica, su un canale radio aperto Frontex ha annunciato: &#8220;operazione completata, direzione nord&#8221;.<\/p>\n<p>Le persone a bordo della motovedetta sono state poi riportate in Libia, dove \u00e8 risaputo che affrontano torture, morte e gravi violazioni dei diritti umani.<\/p>\n<p>Un\u2019intercettazione illegale &#8211; coordinata e finanziata dall&#8217;UE.<\/p>\n<p>Per quasi 4 anni, gli equipaggi dei nostri aerei Moonbird e Seabird sono stati testimoni di episodi come questo. Gli altri casi che coinvolgono Frontex nei respingimenti illegali in Libia sono nel nostro ultimo report: <a href=\"https:\/\/sea-watch.org\/en\/frontex_crimes\/?fbclid=IwAR2FJpKRVHc8T55oJogD0Tqc8fErIgFiz-o0eGKnUzWhQVPrLrC2IiC5BoY\">https:\/\/sea-watch.org\/en\/frontex_crimes\/<\/a>\u00a0 <a href=\"https:\/\/www.facebook.com\/seawatchprojekt\/posts\/2824997247718338?__cft__%5b0%5d=AZX8pM6nWJOl7Rjv8i6_VvL3XEk-e0uRdxr1fmSRiuHovNHuP9gsIJeF6K_7xfwid_wKVEUGYeQLnCDfQ5lmEsdh66bCkd-OJYXIPjS0eWqfY9B4K7Xph1fwQd5voUN5u-ZOBKZz-yqXS4_Pv6sIwk2Qx_4XDBuLAlkekKMovMElyw&amp;__tn__=%2CO%2CP-y-R\">comunicato<\/a><\/p>\n<p>&nbsp;<\/p>\n<p>&nbsp;<\/p>\n<p><strong>Processo <\/strong><strong><a href=\"https:\/\/www.facebook.com\/hashtag\/gregoretti?__eep__=6&amp;__cft__%5b0%5d=AZW5csrG9mLSLc-a3_TKtIUrQUZBimzJXrgT8StZeQAk1Ogp_jv4n0xNDnw3hxWo_8U7KyuP3DWcHCNuwhwzOGyO0a_6Dkib7XGgiWfdt9NAsQGnEnRZmJN6CFHJBF0Qgd4S_Ghb83dShww71sZANZgi6N0tsJ26R5PCIiciidZT8ytXVktFn4ND7ls3CqfznIM&amp;__tn__=*NK-R\">#gregoretti<\/a><\/strong><strong>: al peggio non c&#8217;\u00e8 fine &#8211; comunicato<\/strong><\/p>\n<p>Una decisione inquietante sul caso Gregoretti che mette in crisi lo Stato di diritto perch\u00e9 afferma che esiste un area di discrezionalit\u00e0 politica, esercitata in questo caso limitando la libert\u00e0 personale per ottenere la redistribuzione in Europa, sottratta a qualsiasi controllo giurisdizionale.<\/p>\n<p>A Catania, sul processo Gregoretti, con la complicit\u00e0 della Procura, questo tentativo sembra riuscito, ignorando cos\u00ec quello che afferma la Corte di Cassazione sulla differenza tra giudizio politico, rimesso al Parlamento e giudizio tecnico di competenza della magistratura. Il processo Gregoretti non pu\u00f2 essere assimilato al processo Open Arms, perch\u00e9 la Gregoretti era una nave militare, territorio dello Stato , alla quale non poteva applicarsi il divieto di sbarco sulla base del decreto sicurezza bis n.53 del 2019. I naufraghi non potevano certo essere sbarcati a Malta o in Spagna. Il trattenimento su quella nave era identico a quello che si sarebbe potuto verificare in una caserma di polizia italiana.<\/p>\n<p>Come se oggi si fosse dichiarata la inapplicabilit\u00e0 dell\u2019art. 13 della Costituzione italiana che stabilisce il principio di legalit\u00e0 e la riserva di giurisdizione in favore di tutte le persone private della libert\u00e0\u2019 personale. Oggi tocca ai migranti ostaggio di una trattativa politica con l\u2019Unione Europea, domani potrebbe toccare a qualsiasi cittadino italiano vittima di una \u201cscelta politica\u201d di un ministro dell\u2019interno.<\/p>\n<p>In merito al protrarsi del boicottaggio dei soccorsi in mare ed alla criminalizzazione delle Ong delle navi umanitarie facciamo appello a tutte le realt\u00e0 solidali siciliane ed a livello europeo a potenziare il sostegno sociale all\u2019apertura dei porti all\u2019accoglienza delle e dei migranti, a impedire i respingimenti in Libia e Tunisia, a monitorare il processo Salvini\/Open Arms a Palermo (prossima udienza il 15 settembre), affinch\u00e9 non si ripetano indebite limitazioni della libert\u00e0 personale per finalit\u00e0 di trattativa politica e per odiose strumentalizzazioni elettorali .<\/p>\n<p>Non in nostro nome, Noi vi accusiamo!<\/p>\n<p><a href=\"https:\/\/www.facebook.com\/AssociazioneDirittiEFrontiere\/?__cft__%5b0%5d=AZW5csrG9mLSLc-a3_TKtIUrQUZBimzJXrgT8StZeQAk1Ogp_jv4n0xNDnw3hxWo_8U7KyuP3DWcHCNuwhwzOGyO0a_6Dkib7XGgiWfdt9NAsQGnEnRZmJN6CFHJBF0Qgd4S_Ghb83dShww71sZANZgi6N0tsJ26R5PCIiciidZT8ytXVktFn4ND7ls3CqfznIM&amp;__tn__=kK-R\">ADIF &#8211; Associazione Diritti e Frontiere<\/a> <a href=\"https:\/\/www.facebook.com\/LasciateCIEntrare\/?__cft__%5b0%5d=AZW5csrG9mLSLc-a3_TKtIUrQUZBimzJXrgT8StZeQAk1Ogp_jv4n0xNDnw3hxWo_8U7KyuP3DWcHCNuwhwzOGyO0a_6Dkib7XGgiWfdt9NAsQGnEnRZmJN6CFHJBF0Qgd4S_Ghb83dShww71sZANZgi6N0tsJ26R5PCIiciidZT8ytXVktFn4ND7ls3CqfznIM&amp;__tn__=kK-R\">LasciateCIEntrare<\/a> <a href=\"https:\/\/www.facebook.com\/ReteAntirazzistaCatanese\/?__cft__%5b0%5d=AZW5csrG9mLSLc-a3_TKtIUrQUZBimzJXrgT8StZeQAk1Ogp_jv4n0xNDnw3hxWo_8U7KyuP3DWcHCNuwhwzOGyO0a_6Dkib7XGgiWfdt9NAsQGnEnRZmJN6CFHJBF0Qgd4S_Ghb83dShww71sZANZgi6N0tsJ26R5PCIiciidZT8ytXVktFn4ND7ls3CqfznIM&amp;__tn__=kK-R\">Rete Antirazzista Catanese<\/a> <a href=\"https:\/\/www.facebook.com\/AccoglienzaControVento\/?__cft__%5b0%5d=AZW5csrG9mLSLc-a3_TKtIUrQUZBimzJXrgT8StZeQAk1Ogp_jv4n0xNDnw3hxWo_8U7KyuP3DWcHCNuwhwzOGyO0a_6Dkib7XGgiWfdt9NAsQGnEnRZmJN6CFHJBF0Qgd4S_Ghb83dShww71sZANZgi6N0tsJ26R5PCIiciidZT8ytXVktFn4ND7ls3CqfznIM&amp;__tn__=kK-R\">Accoglienza ControVento<\/a> <a href=\"https:\/\/www.facebook.com\/carovanemigranti\/?__cft__%5b0%5d=AZW5csrG9mLSLc-a3_TKtIUrQUZBimzJXrgT8StZeQAk1Ogp_jv4n0xNDnw3hxWo_8U7KyuP3DWcHCNuwhwzOGyO0a_6Dkib7XGgiWfdt9NAsQGnEnRZmJN6CFHJBF0Qgd4S_Ghb83dShww71sZANZgi6N0tsJ26R5PCIiciidZT8ytXVktFn4ND7ls3CqfznIM&amp;__tn__=kK-R\">CarovaneMigranti<\/a><\/p>\n<p><strong>\u00a0<\/strong><\/p>\n<p><strong>\u00a0<\/strong><\/p>\n<p><strong>Presentazione &#8220;Manifesto della cura&#8221;<\/strong><strong> del #CollettivoFemministaFuorimercato<\/strong><\/p>\n<p><em>Di cosa parliamo quando parliamo di cura? Cosa vuol dire avere cura degli altri? E chi sono questi altri? Come fare in modo che prendersi cura degli altri non sia solo un\u2019attitudine individuale ma un imperativo etico e una responsabilit\u00e0 politica? \u00a0&#8211;\u00a0 dalla prefazione di Sara R. Farris<\/em><\/p>\n<p><em>Marted\u00ec 25 ore 18:30 &#8211; <\/em><em><a href=\"https:\/\/www.facebook.com\/partinicosolidale\/?__cft__%5b0%5d=AZWd3j-Wor2jU8HFJlx5CWS1FeQOmElvoi1GumR7EYlmV0wCU-xo0hNApJOLXvznW0l0JJO046apahUlq1HPYSbeFnt6wB0C3Xoyl9dzq4LemC_u-L6WwuRJOXHy0PZ2SDLeOjBPi2tfs6PgRHurDVro_a1eLMkmbtdjJ-Ug6Ncz4w&amp;__tn__=-UC%2CP-R\"><strong>Partinico Solidale<\/strong><\/a> fra i promotori<\/em><\/p>\n<p>Come si fa in un sistema neoliberista dove la cura viene vista come qualcosa di individuale e da privatizzare a rirenderla politica e collettiva? The Care Collective individua quattro pilastri che permetterebbero di dare vita a una comunit\u00e0 di cura: lo spazio pubblico, il mutuo soccorso, la condivisione di risorse e la democrazia di prossimit\u00e0.<\/p>\n<p>Come rete Fuorimercato sentiamo questi punti alla base delle nostre pratiche e degli interventi che in questi anni abbiamo costruito in diverse zone d\u2019Italia, prima e durante la <a href=\"https:\/\/www.facebook.com\/hashtag\/pandemia?__eep__=6&amp;__cft__%5b0%5d=AZXENcib9eWM12rlAqggG9wMawDHCLqi-fJAUEK92cNubytPNOxnBM91sDgdT7ehMo3UDX9C2o-QGQtae4Y_6IRjrjYZgFnztM6mR_NUOA4r-HtjIOaAvuFDF4g6xRKgbmmF4FNwpTxevj09LHI_SchZcfihRkvHAvzWmU_KcHNTXQ&amp;__tn__=*NK-y-R\">#pandemia<\/a>.<\/p>\n<p>Discuteremo, a partire dal &#8220;Manifesto della cura&#8221;, di <a href=\"https:\/\/www.facebook.com\/hashtag\/mutualismo?__eep__=6&amp;__cft__%5b0%5d=AZXENcib9eWM12rlAqggG9wMawDHCLqi-fJAUEK92cNubytPNOxnBM91sDgdT7ehMo3UDX9C2o-QGQtae4Y_6IRjrjYZgFnztM6mR_NUOA4r-HtjIOaAvuFDF4g6xRKgbmmF4FNwpTxevj09LHI_SchZcfihRkvHAvzWmU_KcHNTXQ&amp;__tn__=*NK-y-R\">#mutualismo<\/a> e pratiche fuorimercato, dell\u2019interconnessione che esiste, e di cui anche il testo parla, fra la cura delle persone e la cura dell\u2019ambiente, a partire dalle esperienze e dai movimenti che attraversiamo.<\/p>\n<p><em>Evento online \\ Pagina FB di Fuorimercato \u00a0<\/em><a href=\"https:\/\/fb.me\/e\/4Wv2JA1nb\">info<\/a> &#8211;\u00a0 <a href=\"https:\/\/www.facebook.com\/partinicosolidale\/posts\/801004993860746?__cft__%5b0%5d=AZWd3j-Wor2jU8HFJlx5CWS1FeQOmElvoi1GumR7EYlmV0wCU-xo0hNApJOLXvznW0l0JJO046apahUlq1HPYSbeFnt6wB0C3Xoyl9dzq4LemC_u-L6WwuRJOXHy0PZ2SDLeOjBPi2tfs6PgRHurDVro_a1eLMkmbtdjJ-Ug6Ncz4w&amp;__tn__=%2CO%2CP-R\"><span aria-labelledby=\"jsc_c_4p\">PartinicoSolidale<\/span><\/a>\u00a0\u00a0\u00b7<\/p>\n<p><a href=\"https:\/\/www.facebook.com\/fuorimercatorete\/?__cft__%5b0%5d=AZXENcib9eWM12rlAqggG9wMawDHCLqi-fJAUEK92cNubytPNOxnBM91sDgdT7ehMo3UDX9C2o-QGQtae4Y_6IRjrjYZgFnztM6mR_NUOA4r-HtjIOaAvuFDF4g6xRKgbmmF4FNwpTxevj09LHI_SchZcfihRkvHAvzWmU_KcHNTXQ&amp;__tn__=kK-y-R\">Fuorimercato rete nazionale<\/a> <a href=\"https:\/\/www.facebook.com\/breadandrosesbari\/?__cft__%5b0%5d=AZXENcib9eWM12rlAqggG9wMawDHCLqi-fJAUEK92cNubytPNOxnBM91sDgdT7ehMo3UDX9C2o-QGQtae4Y_6IRjrjYZgFnztM6mR_NUOA4r-HtjIOaAvuFDF4g6xRKgbmmF4FNwpTxevj09LHI_SchZcfihRkvHAvzWmU_KcHNTXQ&amp;__tn__=kK-y-R\">Bread&amp;Roses spazio di mutuo soccorso<\/a> <a href=\"https:\/\/www.facebook.com\/PuntoComuneGAS\/?__cft__%5b0%5d=AZXENcib9eWM12rlAqggG9wMawDHCLqi-fJAUEK92cNubytPNOxnBM91sDgdT7ehMo3UDX9C2o-QGQtae4Y_6IRjrjYZgFnztM6mR_NUOA4r-HtjIOaAvuFDF4g6xRKgbmmF4FNwpTxevj09LHI_SchZcfihRkvHAvzWmU_KcHNTXQ&amp;__tn__=kK-y-R\">PuntoComune<\/a> <a href=\"https:\/\/www.facebook.com\/partinicosolidale\/?__cft__%5b0%5d=AZXENcib9eWM12rlAqggG9wMawDHCLqi-fJAUEK92cNubytPNOxnBM91sDgdT7ehMo3UDX9C2o-QGQtae4Y_6IRjrjYZgFnztM6mR_NUOA4r-HtjIOaAvuFDF4g6xRKgbmmF4FNwpTxevj09LHI_SchZcfihRkvHAvzWmU_KcHNTXQ&amp;__tn__=kK-y-R\">Partinico Solidale<\/a> <a href=\"https:\/\/www.facebook.com\/contadinatione\/?__cft__%5b0%5d=AZXENcib9eWM12rlAqggG9wMawDHCLqi-fJAUEK92cNubytPNOxnBM91sDgdT7ehMo3UDX9C2o-QGQtae4Y_6IRjrjYZgFnztM6mR_NUOA4r-HtjIOaAvuFDF4g6xRKgbmmF4FNwpTxevj09LHI_SchZcfihRkvHAvzWmU_KcHNTXQ&amp;__tn__=kK-y-R\">Contadinazioni<\/a> <a href=\"https:\/\/www.facebook.com\/Ri.make1\/?__cft__%5b0%5d=AZXENcib9eWM12rlAqggG9wMawDHCLqi-fJAUEK92cNubytPNOxnBM91sDgdT7ehMo3UDX9C2o-QGQtae4Y_6IRjrjYZgFnztM6mR_NUOA4r-HtjIOaAvuFDF4g6xRKgbmmF4FNwpTxevj09LHI_SchZcfihRkvHAvzWmU_KcHNTXQ&amp;__tn__=kK-y-R\">Ri-Make<\/a> <a href=\"https:\/\/www.facebook.com\/fuorimercatobiella\/?__cft__%5b0%5d=AZXENcib9eWM12rlAqggG9wMawDHCLqi-fJAUEK92cNubytPNOxnBM91sDgdT7ehMo3UDX9C2o-QGQtae4Y_6IRjrjYZgFnztM6mR_NUOA4r-HtjIOaAvuFDF4g6xRKgbmmF4FNwpTxevj09LHI_SchZcfihRkvHAvzWmU_KcHNTXQ&amp;__tn__=kK-y-R\">FuoriMercato Biella<\/a> <a href=\"https:\/\/www.facebook.com\/SaluteFuorimercato\/?__cft__%5b0%5d=AZXENcib9eWM12rlAqggG9wMawDHCLqi-fJAUEK92cNubytPNOxnBM91sDgdT7ehMo3UDX9C2o-QGQtae4Y_6IRjrjYZgFnztM6mR_NUOA4r-HtjIOaAvuFDF4g6xRKgbmmF4FNwpTxevj09LHI_SchZcfihRkvHAvzWmU_KcHNTXQ&amp;__tn__=kK-y-R\">Salute Fuorimercato<\/a> <a href=\"https:\/\/www.facebook.com\/EdizioniAlegre\/?__cft__%5b0%5d=AZXENcib9eWM12rlAqggG9wMawDHCLqi-fJAUEK92cNubytPNOxnBM91sDgdT7ehMo3UDX9C2o-QGQtae4Y_6IRjrjYZgFnztM6mR_NUOA4r-HtjIOaAvuFDF4g6xRKgbmmF4FNwpTxevj09LHI_SchZcfihRkvHAvzWmU_KcHNTXQ&amp;__tn__=kK-y-R\">Edizioni Alegre<\/a><\/p>\n<p>&nbsp;<\/p>\n<p>&nbsp;<\/p>\n<p><strong>Regressione Ecologica: Eni, Trivelle e Bioraffinerie<\/strong><\/p>\n<p><em>Gioved\u00ec 20 ore17.00 &#8211; LabAut \\ biblioteca autogestita, viale delle Scienze (di fronte edificio 19)<\/em><\/p>\n<p>All\u2019interno del Recovery Plan verranno indicati i capitoli di spesa dell\u2019enorme massa di fondi del Next Generation Europe che arriveranno all\u2019Italia. Dei 221,5 complessivi, 57 miliardi di euro sono destinati alla transizione energetica, alla rivoluzione ecologica che dovrebbe condurre il paese verso l&#8217;abbandono delle fonti energetiche fossili.<\/p>\n<p>L\u2019Italia ha addirittura istituito un Ministero ad hoc, quello per la transizione ecologica.<\/p>\n<p>Il gioiellino del cambiamento del Governo Draghi, dovr\u00e0 portare avanti la Rivoluzione verde.<\/p>\n<p>I presupposti ci sono. Il nome pure. Peccato, per\u00f2, che la prima (e unica) azione concreta del neonato Ministero sia stata l\u2019autorizzazione di 20 nuovi pozzi, che erano bloccati da anni in attesa delle VIA. Le Valutazioni di Impatto Ambientale hanno autorizzato nuove trivellazioni per sfruttare i giacimenti nazionali di gas fossile e petrolio. Dei 20 progetti, uno interessa la Sicilia, nella costa tra Licata e Gela. Un progetto di trivellazioni presentato da Eni.<\/p>\n<p>Quella del Ministero sar\u00e0 davvero una transizione ecologica? O Cingolani finir\u00e0 per gestire gli enormi flussi di denaro destinati alla riconversione green, che di green avr\u00e0 veramente poco?<\/p>\n<p>Non si tratta di domande da poco, visto che in ballo c&#8217;\u00e8 il futuro nostro e dei nostri territori.<\/p>\n<p>Siamo sicuri di voler assecondare un modello di sviluppo che alle nostre latitudini ha sempre prodotto sfruttamento e devastazione; o \u00e8 forse il momento di fermarlo per trovare nuovi modelli che mettano al centro la salute dell&#8217;ambiente e degli abitanti?<\/p>\n<p>Ne parliamo con: Salvo Torre, docente presso l\u2019Universit\u00e0 degli Studi di Catania; Renato Chemello, docente presso l\u2019Universit\u00e0 degli Studi di Palermo; Marco Castrogiovanni, Comitato NoTriv Licata<\/p>\n<p>L\u2019iniziativa vuole essere un momento di confronto su temi di estrema attualit\u00e0 che ci riguardano tutte e tutti. Sar\u00e0 in presenza, all\u2019universit\u00e0, per tornare a vivere i nostri spazi e riempirli di contenuti autotutelandoci. Il dibattito si svolger\u00e0 all\u2019aperto e nel rispetto di tutte le disposizioni sanitarie.\u00a0<a href=\"https:\/\/www.facebook.com\/events\/528193991887484\">info<\/a><\/p>\n<p><strong>\u00a0<\/strong><\/p>\n<p>&nbsp;<\/p>\n<p><strong>Sciopero USB-Sanit\u00e0 NoG20Salute &#8211; Manifestazione Regionale<\/strong><\/p>\n<p><em>Palermo, venerd\u00ec 21 ore 10:00 \u00a0Piazza Indipendenza (Presidenza Regione Siciliana) &#8211; nota sindacale<\/em><br \/>\nIl 21 maggio si terr\u00e0 a Roma il Global Health Summit, il vertice tra i ministri dei venti paesi pi\u00f9 industrializzati, che metter\u00e0 al centro il tema della salute.<br \/>\nQuesto appuntamento assume un significato particolare in questa fase storica segnata dalla pandemia e dal dramma socio-sanitario causato dal Covid 19. L\u2019ultimo anno e mezzo ha visto le nostre societ\u00e0 travolte dall\u2019emergenza continua, con i sistemi sanitari nazionali che sono entrati in crisi dopo anni di tagli indiscriminati, ed il personale sanitario che si \u00e8 trovato a resistere all\u2019ondata pandemica con pochi mezzi e, spesso, rimettendoci la vita.<\/p>\n<p>Le politiche dell\u2019Unione Europea sono state \u2013 quasi tutte &#8211; caratterizzate da privatizzazioni, tagli e aziendalizzazioni dei sistemi pubblici, con la conseguenza di rendere ingestibile l\u2019emergenza Covid e restituirci un conto altissimo in termini di vite umane perse. Lo smantellamento progressivo della medicina di base, della sanit\u00e0 territoriale e di prossimit\u00e0, il depotenziamento delle strutture sanitarie pubbliche, i massicci contributi pubblici alla sanit\u00e0 privata sono, cos\u00ec, drammaticamente ritornati al centro del dibattito politico, senza concretizzarsi, per\u00f2, in interventi efficaci. Basti pensare al caso italiano. Sui famosi 248miliardi del Recovery Fund, si prevedeva di destinarne circa 65 proprio al rilancio della sanit\u00e0 del Paese. Nella versione finale del PNRR, per\u00f2, i fondi diventano appena 20miliardi, cifra assolutamente insufficiente al rilancio di una vera sanit\u00e0 pubblica in Italia.<\/p>\n<p>Gli interventi immediati da fare sarebbero moltissimi: rilanciare un piano immediato di istituzione di presidi sanitari territoriali diffusi nei territori, dai grandi ai piccoli centri; riammodernare le deficitarie strutture esistenti; sul fronte del personale sanitario, \u00e8 necessaria l\u2019immissione in massa di medici ed infermieri negli organici del Servizio Sanitario Nazionale.<br \/>\nNella lotta quotidiana al Covid abbiamo dovuto osservare impotenti le difficolt\u00e0 determinate dalla scarsit\u00e0 degli organici degli ospedali a cui, cinicamente, le aziende ospedaliere provavano a far fronte attraverso contratti precari, a termine, o collaborazioni con lavorat* formalmente autonom*.<br \/>\nIl G20 non \u00e8 altro che l\u2019ennesima inutile passerella, facendosi nuovamente portatore di un\u2019idea malsana che lega il diritto alla salute al profitto aziendale, come se sulla salute delle persone si possa speculare come in una normale azienda privata. Logiche, queste, che conducono sempre allo stesso risultato: il taglio delle spese per \u201cfar quadrare i conti\u201d. Lo abbiamo visto con mascherine, camici e dispositivi di protezione individuale, considerati spese inutili; ma anche nei salari inadeguati del personale medico ed infermieristico, nella logica delle esternalizzazioni dei servizi (vedi quelli della sanificazione e pulizia degli ospedali) che da un lato \u201calleggeriscono\u201d i bilanci delle aziende ospedaliere, dall\u2019altro aggravano i costi complessivi della sanit\u00e0 e precarizzano i lavoratori e le lavoratrici del settore.<\/p>\n<p>La sanit\u00e0 (italiana ma non solo) \u00e8 allo sbando. La pandemia sembra non aver insegnato niente a chi ci governa, troppo impegnato a lucrare profitti sul nostro diritto alla salute. Non \u00e8 un caso che, dietro la gestione delle aziende ospedaliere, delle regioni e delle burocrazie si scoprano di continuo scandali \u2013 non ultima la Regione Sicilia \u2013 e corruzione.<\/p>\n<p>Per queste ragioni l\u2019Unione sindacale di Base ha convocato per venerd\u00ec 21 maggio uno sciopero di tutto il comparto sanit\u00e0 (pubblico, privato, in appalto) per protestare contro un vertice che puzza di passerella e di farsa.<\/p>\n<p><em>SANIT\u00c0 E SALUTE SONO DIRITTI DI TUTT*, NON OCCASIONI DI PROFITTO PER POCHE TASCHE E PASSERELLE &#8211; <\/em><strong><a href=\"https:\/\/www.facebook.com\/events\/545294819793398\/?acontext=%7B%22source%22%3A%2229%22%2C%22ref_notif_type%22%3A%22event_calendar_create%22%2C%22action_history%22%3A%22null%22%7D&amp;notif_id=1621242644749719&amp;notif_t=event_calendar_create&amp;ref=notif\">info<\/a><\/strong><\/p>\n<p>&nbsp;<\/p>\n<p>&nbsp;<\/p>\n<p><strong>Appello\u00a0NoG20Catania <\/strong><strong>&#8211; Assemblea cittadina a Palermo<\/strong><\/p>\n<p><strong>venerd\u00ec 21 ore 17:00 &#8211; <\/strong>Piazza Magione<\/p>\n<p>Il 22 e 23 giugno 2021 la citt\u00e0 di Catania ospiter\u00e0 la Riunione interministeriale su \u201cLavoro e Istruzione\u201d nell\u2019ambito del G20, il foro internazionale che riunisce le principali economie mondiali (Arabia Saudita, Argentina, Australia, Brasile, Canada, Cina, Corea del Sud, Francia, Germania, Giappone, India, Indonesia, Italia, Messico, Regno Unito, Russia, Stati Uniti, Sud Africa, Turchia, Unione Europea). Nonostante questi paesi generino l\u201980% del PIL del pianeta e il 75% del commercio globale, essi rappresentano solo il 60% della popolazione mondiale. Inoltre il G20 \u00e8 precluso a paesi che ospitano immense risorse naturali e strategiche, saccheggiate da tempo immemorabile dalle transnazionali e dalle potenze internazionali.<br \/>\nSi tratta di un appuntamento tra i pi\u00f9 importanti di questo ciclo di meeting internazionali sotto la presidenza italiana, perch\u00e9 affronta il nodo centrale dell\u2019istruzione, su cui il nostro paese, negli ultimi decenni, invece di investire ha tagliato, rendendo la scuola sempre pi\u00f9 escludente e &#8211; in linea a quanto ormai avviene a livello globale \u2013 ha sottomesso i sistemi educativi e l\u2019universit\u00e0 alle esigenze e agli interessi delle imprese e delle classi dominanti, imponendo false \u201crivoluzioni\u201d (vedi digitalizzazione o green economy) che accrescono i profitti di queste ultime e, contestualmente, le disuguaglianze sociale, le precariet\u00e0, l\u2019autoritarismo e i dispositivi di controllo, lo sfruttamento e le flessibilit\u00e0 nel mondo dei lavoratori. Tutto il contrario cio\u00e8 del ruolo emancipatorio e critico che la lotta per l&#8217;istruzione pubblica e democratica per tutte e tutti ha rappresentato per i movimenti e per le forze democratiche negli ultimi 60 anni. La sfida che tutti i soggetti (giovanili, politici, sindacali e di movimento, ma anche le famiglie e l&#8217;intera societ\u00e0) sono chiamati a cogliere nelle date di mobilitazione del 22 e 23 giugno, a Catania.<\/p>\n<p>Per dar voce a chi non ha diritto di rappresentanza nei fori mondiali e continua a credere che un altro mondo \u00e8 possibile difendendo i territori dal saccheggio e dall\u2019espropriazione delle \u00e9lite che governano il pianeta;<br \/>\nper continuare a lottare qui in Sicilia per il diritto all&#8217;istruzione e al lavoro per tutte e tutti, per un\u2019economia equa e sostenibile, per la promozione dei diritti sociali e di una scuola pubblica realmente democratica e partecipata, per la pace e il disarmo, contro le infiltrazioni criminali e in difesa dei diritti delle sorelle e fratelli migranti;<br \/>\nper rivendicare il rispetto dei diritti democratici e costituzionali, contro ogni deriva tecnocratica e oligarchica;<br \/>\ninvitiamo tutte le realt\u00e0 e i soggetti che in questi anni si sono battuti: contro i processi di privatizzazione del sistema sanitario, della scuola e del sapere, gli operatori della salute, studenti, lavoratori della scuola e genitori per un sapere critico e per una scuola inclusiva che rispetti i tempi e i bisogni di alunne e alunni; contro l&#8217;attacco costante al mondo del lavoro, contro il MUOS e le grandi opere nell\u2019Isola (il Ponte sullo Stretto ecc.), i crimini socio ambientali che hanno investito i territori (le megadiscariche di rifiuti, i poli chimici e petroliferi inquinanti, i depositi di scorie nucleari, le trivellazioni in terra e mare aperto), le politiche economiche neoliberiste e i loro effetti in termini di perdita di diritti e precariet\u00e0; tutte e tutti coloro che hanno manifestato contro il razzismo a difesa dei diritti dei migranti, a promuovere una grande manifestazione di protesta nei giorni in cui saranno presenti in Sicilia i ministri del lavoro e dell\u2019istruzione del G20. <strong><a href=\"https:\/\/www.facebook.com\/events\/930585227785865\">info<\/a><\/strong><\/p>\n<p>&nbsp;<\/p>\n<p>&nbsp;<\/p>\n<p><strong>Manifestazione &#8211; Palermo con la Palestina che resiste e lotta<\/strong><\/p>\n<p><em>sabato 22 ore 16:00 &#8211; <\/em><em>appuntamento in piazza Verdi<\/em><em> (Teatro Massimo): <\/em><em>mobilitazione<\/em><em> a fianco della Palestina\u00a0<\/em><\/p>\n<p>Da diverse settimane il popolo palestinese \u00e8 sotto attacco da parte dell&#8217;esercito e dello Stato israeliano. Il pretesto stavolta risale al 16 febbraio 2021, quando la Corte distrettuale di Gerusalemme decide che quattro famiglie palestinesi residenti nel quartiere di Sheikh Jarrah (Gerusalemme Est) devono lasciare le proprie case a favore dell\u2019ingresso di coloni israeliani. Questi ne rivendicano il possesso in base a una legge israeliana secondo cui gli israeliani possono rivendicare i terreni di presunta appartenenza dei loro avi. Un pretesto utilizzato gi\u00e0 in moltissimi casi di esproprio di terreni ai danni di famiglie palestinesi, che in questo caso ha come obbiettivo la tanto desiderata de-arabizzazione di Gerusalemme Est.<\/p>\n<p>Le famiglie palestinesi si sono appellate alla Corte suprema israeliana e, dopo alcuni momenti di tensione, l\u2019udienza \u00e8 stata inizialmente rimandata al 10 maggio. In questa data si festeggia la \u00abGiornata di Gerusalemme\u00bb, con la quale Israele celebra la \u00abriunificazione\u00bb della citt\u00e0 &#8211; avvenuta nel giugno del 1967 con l\u2019occupazione militare della zona araba. Dall\u2019inizio della vicenda, la violenza degli israeliani nei confronti del popolo palestinese si \u00e8 intensificata, riaccendendo il conflitto tra le due parti.<\/p>\n<p>Dal 2 maggio gli abitanti di Sheikh Jarrah sono assediati da soldati e coloni. Sebbene l\u2019udienza sia stata spostata a data da destinarsi, i palestinesi continuano a riversarsi nelle piazze di tante citt\u00e0 arabe per solidarizzare con gli abitanti del quartiere di Sheikh Jarrah. Se da un lato, Israele ha intensificato gli abusi, le irruzioni nelle abitazioni, i raid aerei e le violenze che \u00e8 solita portare avanti, dall\u2019altro i palestinesi hanno opposto strenua resistenza, dimostrando di non essere disposti a cedere terreno. Perch\u00e9 \u00e8 proprio sul campo del \u201cterreno\u201d, nel senso pi\u00f9 letterale del termine, che si gioca lo scontro tra l\u2019imperialismo israeliano e la resistenza palestinese. Ogni casa, ogni quartiere e ogni citt\u00e0, da Gaza alla Cisgiordania, sono presidio di un popolo che continua a lottare per la sua autodeterminazione.<\/p>\n<p><a href=\"https:\/\/www.facebook.com\/events\/1215206502249589\">info<\/a><\/p>\n<p>&nbsp;<\/p>\n<p><strong>\u00a0<\/strong><\/p>\n<p><strong>la rubrica settimanale \u00e8 soggetta ad aggiornamenti: per segnalazioni, contributi, comunicati stampa scrivere a\u00a0<\/strong><a href=\"mailto:pressenza.redazionepalermo@gmail.com\"><strong>pressenza.redazionepalermo@gmail.com<\/strong><\/a><\/p>\n<p>&nbsp;<\/p>\n<p>&nbsp;<\/p>\n<p>&nbsp;<\/p>\n<p><strong>\u00a0<\/strong><\/p>\n<p>&nbsp;<\/p>\n<p>&nbsp;<\/p>\n","protected":false},"excerpt":{"rendered":"<p>Rubrica settimanale su eventi e fatti in Sicilia\u00a0 -a cura RedazionePA- &nbsp; Catania con la Palestina contro l\u2019occupazione israeliana e la sua politica di sterminio\u00a0 Anche a Catania ieri si \u00e8 svolta, a piazza Stesicoro,\u00a0 una manifestazione di solidariet\u00e0 in&hellip;<\/p>\n","protected":false},"author":1860,"featured_media":1363108,"comment_status":"closed","ping_status":"closed","sticky":false,"template":"","format":"standard","meta":{"footnotes":""},"categories":[150,56,60,59,38,55],"tags":[4339,91077,91078,80792],"class_list":["post-1363096","post","type-post","status-publish","format-standard","has-post-thumbnail","hentry","category-comunicati-stampa","category-cultura","category-diritti-umani","category-ambiente-ecologia","category-internazionale","category-politica","tag-eventi","tag-migranza","tag-partinicosolidale","tag-societa-della-cura"],"yoast_head":"<!-- This site is optimized with the Yoast SEO plugin v27.1.1 - https:\/\/yoast.com\/product\/yoast-seo-wordpress\/ -->\n<title>43#Palermo\u1eca\u019e\u1e3eovimento. Bloc-News della contronarrazione sociale<\/title>\n<meta name=\"description\" content=\"Rubrica settimanale su eventi e fatti in Sicilia\u00a0 -a cura RedazionePA- &nbsp; Catania con la Palestina contro l\u2019occupazione israeliana e la sua politica\" \/>\n<meta name=\"robots\" content=\"index, follow, max-snippet:-1, max-image-preview:large, max-video-preview:-1\" \/>\n<link rel=\"canonical\" href=\"https:\/\/www.pressenza.com\/it\/2021\/05\/43palermoi%c6%9e%e1%b8%bfovimento-bloc-news-della-contronarrazione-sociale\/\" \/>\n<meta property=\"og:locale\" content=\"it_IT\" \/>\n<meta property=\"og:type\" content=\"article\" \/>\n<meta property=\"og:title\" content=\"43#Palermo\u1eca\u019e\u1e3eovimento. Bloc-News della contronarrazione sociale\" \/>\n<meta property=\"og:description\" content=\"Rubrica settimanale su eventi e fatti in Sicilia\u00a0 -a cura RedazionePA- &nbsp; Catania con la Palestina contro l\u2019occupazione israeliana e la sua politica\" \/>\n<meta property=\"og:url\" content=\"https:\/\/www.pressenza.com\/it\/2021\/05\/43palermoi%c6%9e%e1%b8%bfovimento-bloc-news-della-contronarrazione-sociale\/\" \/>\n<meta property=\"og:site_name\" content=\"Pressenza\" \/>\n<meta property=\"article:publisher\" content=\"https:\/\/www.facebook.com\/PressenzaItalia\" \/>\n<meta property=\"article:published_time\" content=\"2021-05-17T09:34:25+00:00\" \/>\n<meta property=\"article:modified_time\" content=\"2021-05-19T10:16:19+00:00\" \/>\n<meta property=\"og:image\" content=\"https:\/\/www.pressenza.com\/wp-content\/uploads\/2021\/05\/TabulaRogeriana_particolareMediterraneo_ultima_ultima_Bis-1.jpg\" \/>\n\t<meta property=\"og:image:width\" content=\"1920\" \/>\n\t<meta property=\"og:image:height\" content=\"858\" \/>\n\t<meta property=\"og:image:type\" content=\"image\/jpeg\" \/>\n<meta name=\"author\" content=\"Redazione Palermo\" \/>\n<meta name=\"twitter:card\" content=\"summary_large_image\" \/>\n<meta name=\"twitter:creator\" content=\"@PressenzaIPA\" \/>\n<meta name=\"twitter:site\" content=\"@PressenzaIPA\" \/>\n<meta name=\"twitter:label1\" content=\"Scritto da\" \/>\n\t<meta name=\"twitter:data1\" content=\"Redazione Palermo\" \/>\n\t<meta name=\"twitter:label2\" content=\"Tempo di lettura stimato\" \/>\n\t<meta name=\"twitter:data2\" content=\"14 minuti\" \/>\n<script type=\"application\/ld+json\" class=\"yoast-schema-graph\">{\"@context\":\"https:\/\/schema.org\",\"@graph\":[{\"@type\":\"Article\",\"@id\":\"https:\/\/www.pressenza.com\/it\/2021\/05\/43palermoi%c6%9e%e1%b8%bfovimento-bloc-news-della-contronarrazione-sociale\/#article\",\"isPartOf\":{\"@id\":\"https:\/\/www.pressenza.com\/it\/2021\/05\/43palermoi%c6%9e%e1%b8%bfovimento-bloc-news-della-contronarrazione-sociale\/\"},\"author\":{\"name\":\"Redazione Palermo\",\"@id\":\"https:\/\/www.pressenza.com\/it\/#\/schema\/person\/dd233b73788fa2d4f797777f9b6c1100\"},\"headline\":\"43#Palermo\u1eca\u019e\u1e3eovimento. Bloc-News della contronarrazione sociale\",\"datePublished\":\"2021-05-17T09:34:25+00:00\",\"dateModified\":\"2021-05-19T10:16:19+00:00\",\"mainEntityOfPage\":{\"@id\":\"https:\/\/www.pressenza.com\/it\/2021\/05\/43palermoi%c6%9e%e1%b8%bfovimento-bloc-news-della-contronarrazione-sociale\/\"},\"wordCount\":2737,\"publisher\":{\"@id\":\"https:\/\/www.pressenza.com\/it\/#organization\"},\"image\":{\"@id\":\"https:\/\/www.pressenza.com\/it\/2021\/05\/43palermoi%c6%9e%e1%b8%bfovimento-bloc-news-della-contronarrazione-sociale\/#primaryimage\"},\"thumbnailUrl\":\"https:\/\/www.pressenza.com\/wp-content\/uploads\/2021\/05\/TabulaRogeriana_particolareMediterraneo_ultima_ultima_Bis-1.jpg\",\"keywords\":[\"eventi\",\"migranza\",\"PartinicoSolidale\",\"societ\u00e0 della cura\"],\"articleSection\":[\"Comunicati Stampa\",\"Cultura e Media\",\"Diritti Umani\",\"Ecologia ed Ambiente\",\"Internazionale\",\"Politica\"],\"inLanguage\":\"it-IT\"},{\"@type\":\"WebPage\",\"@id\":\"https:\/\/www.pressenza.com\/it\/2021\/05\/43palermoi%c6%9e%e1%b8%bfovimento-bloc-news-della-contronarrazione-sociale\/\",\"url\":\"https:\/\/www.pressenza.com\/it\/2021\/05\/43palermoi%c6%9e%e1%b8%bfovimento-bloc-news-della-contronarrazione-sociale\/\",\"name\":\"43#Palermo\u1eca\u019e\u1e3eovimento. Bloc-News della contronarrazione sociale\",\"isPartOf\":{\"@id\":\"https:\/\/www.pressenza.com\/it\/#website\"},\"primaryImageOfPage\":{\"@id\":\"https:\/\/www.pressenza.com\/it\/2021\/05\/43palermoi%c6%9e%e1%b8%bfovimento-bloc-news-della-contronarrazione-sociale\/#primaryimage\"},\"image\":{\"@id\":\"https:\/\/www.pressenza.com\/it\/2021\/05\/43palermoi%c6%9e%e1%b8%bfovimento-bloc-news-della-contronarrazione-sociale\/#primaryimage\"},\"thumbnailUrl\":\"https:\/\/www.pressenza.com\/wp-content\/uploads\/2021\/05\/TabulaRogeriana_particolareMediterraneo_ultima_ultima_Bis-1.jpg\",\"datePublished\":\"2021-05-17T09:34:25+00:00\",\"dateModified\":\"2021-05-19T10:16:19+00:00\",\"description\":\"Rubrica settimanale su eventi e fatti in Sicilia\u00a0 -a cura RedazionePA- &nbsp; Catania con la Palestina contro l\u2019occupazione israeliana e la sua politica\",\"breadcrumb\":{\"@id\":\"https:\/\/www.pressenza.com\/it\/2021\/05\/43palermoi%c6%9e%e1%b8%bfovimento-bloc-news-della-contronarrazione-sociale\/#breadcrumb\"},\"inLanguage\":\"it-IT\",\"potentialAction\":[{\"@type\":\"ReadAction\",\"target\":[\"https:\/\/www.pressenza.com\/it\/2021\/05\/43palermoi%c6%9e%e1%b8%bfovimento-bloc-news-della-contronarrazione-sociale\/\"]}]},{\"@type\":\"ImageObject\",\"inLanguage\":\"it-IT\",\"@id\":\"https:\/\/www.pressenza.com\/it\/2021\/05\/43palermoi%c6%9e%e1%b8%bfovimento-bloc-news-della-contronarrazione-sociale\/#primaryimage\",\"url\":\"https:\/\/www.pressenza.com\/wp-content\/uploads\/2021\/05\/TabulaRogeriana_particolareMediterraneo_ultima_ultima_Bis-1.jpg\",\"contentUrl\":\"https:\/\/www.pressenza.com\/wp-content\/uploads\/2021\/05\/TabulaRogeriana_particolareMediterraneo_ultima_ultima_Bis-1.jpg\",\"width\":1920,\"height\":858},{\"@type\":\"BreadcrumbList\",\"@id\":\"https:\/\/www.pressenza.com\/it\/2021\/05\/43palermoi%c6%9e%e1%b8%bfovimento-bloc-news-della-contronarrazione-sociale\/#breadcrumb\",\"itemListElement\":[{\"@type\":\"ListItem\",\"position\":1,\"name\":\"Accueil\",\"item\":\"https:\/\/www.pressenza.com\/it\/\"},{\"@type\":\"ListItem\",\"position\":2,\"name\":\"43#Palermo\u1eca\u019e\u1e3eovimento. Bloc-News della contronarrazione sociale\"}]},{\"@type\":\"WebSite\",\"@id\":\"https:\/\/www.pressenza.com\/it\/#website\",\"url\":\"https:\/\/www.pressenza.com\/it\/\",\"name\":\"Pressenza\",\"description\":\"Agenzia di Stampa Internazionale\",\"publisher\":{\"@id\":\"https:\/\/www.pressenza.com\/it\/#organization\"},\"potentialAction\":[{\"@type\":\"SearchAction\",\"target\":{\"@type\":\"EntryPoint\",\"urlTemplate\":\"https:\/\/www.pressenza.com\/it\/?s={search_term_string}\"},\"query-input\":{\"@type\":\"PropertyValueSpecification\",\"valueRequired\":true,\"valueName\":\"search_term_string\"}}],\"inLanguage\":\"it-IT\"},{\"@type\":\"Organization\",\"@id\":\"https:\/\/www.pressenza.com\/it\/#organization\",\"name\":\"Pressenza\",\"url\":\"https:\/\/www.pressenza.com\/it\/\",\"logo\":{\"@type\":\"ImageObject\",\"inLanguage\":\"it-IT\",\"@id\":\"https:\/\/www.pressenza.com\/it\/#\/schema\/logo\/image\/\",\"url\":\"https:\/\/www.pressenza.com\/wp-content\/uploads\/2022\/10\/pressenza_logo_200x200.jpg\",\"contentUrl\":\"https:\/\/www.pressenza.com\/wp-content\/uploads\/2022\/10\/pressenza_logo_200x200.jpg\",\"width\":200,\"height\":200,\"caption\":\"Pressenza\"},\"image\":{\"@id\":\"https:\/\/www.pressenza.com\/it\/#\/schema\/logo\/image\/\"},\"sameAs\":[\"https:\/\/www.facebook.com\/PressenzaItalia\",\"https:\/\/x.com\/PressenzaIPA\"]},{\"@type\":\"Person\",\"@id\":\"https:\/\/www.pressenza.com\/it\/#\/schema\/person\/dd233b73788fa2d4f797777f9b6c1100\",\"name\":\"Redazione Palermo\",\"description\":\"News from the Pressenza Bureau in Palermo, Italy\",\"url\":\"https:\/\/www.pressenza.com\/it\/author\/redazione-palermo\/\"}]}<\/script>\n<!-- \/ Yoast SEO plugin. -->","yoast_head_json":{"title":"43#Palermo\u1eca\u019e\u1e3eovimento. Bloc-News della contronarrazione sociale","description":"Rubrica settimanale su eventi e fatti in Sicilia\u00a0 -a cura RedazionePA- &nbsp; Catania con la Palestina contro l\u2019occupazione israeliana e la sua politica","robots":{"index":"index","follow":"follow","max-snippet":"max-snippet:-1","max-image-preview":"max-image-preview:large","max-video-preview":"max-video-preview:-1"},"canonical":"https:\/\/www.pressenza.com\/it\/2021\/05\/43palermoi%c6%9e%e1%b8%bfovimento-bloc-news-della-contronarrazione-sociale\/","og_locale":"it_IT","og_type":"article","og_title":"43#Palermo\u1eca\u019e\u1e3eovimento. Bloc-News della contronarrazione sociale","og_description":"Rubrica settimanale su eventi e fatti in Sicilia\u00a0 -a cura RedazionePA- &nbsp; Catania con la Palestina contro l\u2019occupazione israeliana e la sua politica","og_url":"https:\/\/www.pressenza.com\/it\/2021\/05\/43palermoi%c6%9e%e1%b8%bfovimento-bloc-news-della-contronarrazione-sociale\/","og_site_name":"Pressenza","article_publisher":"https:\/\/www.facebook.com\/PressenzaItalia","article_published_time":"2021-05-17T09:34:25+00:00","article_modified_time":"2021-05-19T10:16:19+00:00","og_image":[{"width":1920,"height":858,"url":"https:\/\/www.pressenza.com\/wp-content\/uploads\/2021\/05\/TabulaRogeriana_particolareMediterraneo_ultima_ultima_Bis-1.jpg","type":"image\/jpeg"}],"author":"Redazione Palermo","twitter_card":"summary_large_image","twitter_creator":"@PressenzaIPA","twitter_site":"@PressenzaIPA","twitter_misc":{"Scritto da":"Redazione Palermo","Tempo di lettura stimato":"14 minuti"},"schema":{"@context":"https:\/\/schema.org","@graph":[{"@type":"Article","@id":"https:\/\/www.pressenza.com\/it\/2021\/05\/43palermoi%c6%9e%e1%b8%bfovimento-bloc-news-della-contronarrazione-sociale\/#article","isPartOf":{"@id":"https:\/\/www.pressenza.com\/it\/2021\/05\/43palermoi%c6%9e%e1%b8%bfovimento-bloc-news-della-contronarrazione-sociale\/"},"author":{"name":"Redazione Palermo","@id":"https:\/\/www.pressenza.com\/it\/#\/schema\/person\/dd233b73788fa2d4f797777f9b6c1100"},"headline":"43#Palermo\u1eca\u019e\u1e3eovimento. Bloc-News della contronarrazione sociale","datePublished":"2021-05-17T09:34:25+00:00","dateModified":"2021-05-19T10:16:19+00:00","mainEntityOfPage":{"@id":"https:\/\/www.pressenza.com\/it\/2021\/05\/43palermoi%c6%9e%e1%b8%bfovimento-bloc-news-della-contronarrazione-sociale\/"},"wordCount":2737,"publisher":{"@id":"https:\/\/www.pressenza.com\/it\/#organization"},"image":{"@id":"https:\/\/www.pressenza.com\/it\/2021\/05\/43palermoi%c6%9e%e1%b8%bfovimento-bloc-news-della-contronarrazione-sociale\/#primaryimage"},"thumbnailUrl":"https:\/\/www.pressenza.com\/wp-content\/uploads\/2021\/05\/TabulaRogeriana_particolareMediterraneo_ultima_ultima_Bis-1.jpg","keywords":["eventi","migranza","PartinicoSolidale","societ\u00e0 della cura"],"articleSection":["Comunicati Stampa","Cultura e Media","Diritti Umani","Ecologia ed Ambiente","Internazionale","Politica"],"inLanguage":"it-IT"},{"@type":"WebPage","@id":"https:\/\/www.pressenza.com\/it\/2021\/05\/43palermoi%c6%9e%e1%b8%bfovimento-bloc-news-della-contronarrazione-sociale\/","url":"https:\/\/www.pressenza.com\/it\/2021\/05\/43palermoi%c6%9e%e1%b8%bfovimento-bloc-news-della-contronarrazione-sociale\/","name":"43#Palermo\u1eca\u019e\u1e3eovimento. Bloc-News della contronarrazione sociale","isPartOf":{"@id":"https:\/\/www.pressenza.com\/it\/#website"},"primaryImageOfPage":{"@id":"https:\/\/www.pressenza.com\/it\/2021\/05\/43palermoi%c6%9e%e1%b8%bfovimento-bloc-news-della-contronarrazione-sociale\/#primaryimage"},"image":{"@id":"https:\/\/www.pressenza.com\/it\/2021\/05\/43palermoi%c6%9e%e1%b8%bfovimento-bloc-news-della-contronarrazione-sociale\/#primaryimage"},"thumbnailUrl":"https:\/\/www.pressenza.com\/wp-content\/uploads\/2021\/05\/TabulaRogeriana_particolareMediterraneo_ultima_ultima_Bis-1.jpg","datePublished":"2021-05-17T09:34:25+00:00","dateModified":"2021-05-19T10:16:19+00:00","description":"Rubrica settimanale su eventi e fatti in Sicilia\u00a0 -a cura RedazionePA- &nbsp; Catania con la Palestina contro l\u2019occupazione israeliana e la sua politica","breadcrumb":{"@id":"https:\/\/www.pressenza.com\/it\/2021\/05\/43palermoi%c6%9e%e1%b8%bfovimento-bloc-news-della-contronarrazione-sociale\/#breadcrumb"},"inLanguage":"it-IT","potentialAction":[{"@type":"ReadAction","target":["https:\/\/www.pressenza.com\/it\/2021\/05\/43palermoi%c6%9e%e1%b8%bfovimento-bloc-news-della-contronarrazione-sociale\/"]}]},{"@type":"ImageObject","inLanguage":"it-IT","@id":"https:\/\/www.pressenza.com\/it\/2021\/05\/43palermoi%c6%9e%e1%b8%bfovimento-bloc-news-della-contronarrazione-sociale\/#primaryimage","url":"https:\/\/www.pressenza.com\/wp-content\/uploads\/2021\/05\/TabulaRogeriana_particolareMediterraneo_ultima_ultima_Bis-1.jpg","contentUrl":"https:\/\/www.pressenza.com\/wp-content\/uploads\/2021\/05\/TabulaRogeriana_particolareMediterraneo_ultima_ultima_Bis-1.jpg","width":1920,"height":858},{"@type":"BreadcrumbList","@id":"https:\/\/www.pressenza.com\/it\/2021\/05\/43palermoi%c6%9e%e1%b8%bfovimento-bloc-news-della-contronarrazione-sociale\/#breadcrumb","itemListElement":[{"@type":"ListItem","position":1,"name":"Accueil","item":"https:\/\/www.pressenza.com\/it\/"},{"@type":"ListItem","position":2,"name":"43#Palermo\u1eca\u019e\u1e3eovimento. Bloc-News della contronarrazione sociale"}]},{"@type":"WebSite","@id":"https:\/\/www.pressenza.com\/it\/#website","url":"https:\/\/www.pressenza.com\/it\/","name":"Pressenza","description":"Agenzia di Stampa Internazionale","publisher":{"@id":"https:\/\/www.pressenza.com\/it\/#organization"},"potentialAction":[{"@type":"SearchAction","target":{"@type":"EntryPoint","urlTemplate":"https:\/\/www.pressenza.com\/it\/?s={search_term_string}"},"query-input":{"@type":"PropertyValueSpecification","valueRequired":true,"valueName":"search_term_string"}}],"inLanguage":"it-IT"},{"@type":"Organization","@id":"https:\/\/www.pressenza.com\/it\/#organization","name":"Pressenza","url":"https:\/\/www.pressenza.com\/it\/","logo":{"@type":"ImageObject","inLanguage":"it-IT","@id":"https:\/\/www.pressenza.com\/it\/#\/schema\/logo\/image\/","url":"https:\/\/www.pressenza.com\/wp-content\/uploads\/2022\/10\/pressenza_logo_200x200.jpg","contentUrl":"https:\/\/www.pressenza.com\/wp-content\/uploads\/2022\/10\/pressenza_logo_200x200.jpg","width":200,"height":200,"caption":"Pressenza"},"image":{"@id":"https:\/\/www.pressenza.com\/it\/#\/schema\/logo\/image\/"},"sameAs":["https:\/\/www.facebook.com\/PressenzaItalia","https:\/\/x.com\/PressenzaIPA"]},{"@type":"Person","@id":"https:\/\/www.pressenza.com\/it\/#\/schema\/person\/dd233b73788fa2d4f797777f9b6c1100","name":"Redazione Palermo","description":"News from the Pressenza Bureau in Palermo, Italy","url":"https:\/\/www.pressenza.com\/it\/author\/redazione-palermo\/"}]}},"place":"","original_article_url":"","_links":{"self":[{"href":"https:\/\/www.pressenza.com\/it\/wp-json\/wp\/v2\/posts\/1363096","targetHints":{"allow":["GET"]}}],"collection":[{"href":"https:\/\/www.pressenza.com\/it\/wp-json\/wp\/v2\/posts"}],"about":[{"href":"https:\/\/www.pressenza.com\/it\/wp-json\/wp\/v2\/types\/post"}],"author":[{"embeddable":true,"href":"https:\/\/www.pressenza.com\/it\/wp-json\/wp\/v2\/users\/1860"}],"replies":[{"embeddable":true,"href":"https:\/\/www.pressenza.com\/it\/wp-json\/wp\/v2\/comments?post=1363096"}],"version-history":[{"count":0,"href":"https:\/\/www.pressenza.com\/it\/wp-json\/wp\/v2\/posts\/1363096\/revisions"}],"wp:featuredmedia":[{"embeddable":true,"href":"https:\/\/www.pressenza.com\/it\/wp-json\/wp\/v2\/media\/1363108"}],"wp:attachment":[{"href":"https:\/\/www.pressenza.com\/it\/wp-json\/wp\/v2\/media?parent=1363096"}],"wp:term":[{"taxonomy":"category","embeddable":true,"href":"https:\/\/www.pressenza.com\/it\/wp-json\/wp\/v2\/categories?post=1363096"},{"taxonomy":"post_tag","embeddable":true,"href":"https:\/\/www.pressenza.com\/it\/wp-json\/wp\/v2\/tags?post=1363096"}],"curies":[{"name":"wp","href":"https:\/\/api.w.org\/{rel}","templated":true}]}}