{"id":1358597,"date":"2021-05-11T18:53:27","date_gmt":"2021-05-11T17:53:27","guid":{"rendered":"https:\/\/www.pressenza.com\/?p=1358597"},"modified":"2021-05-11T18:55:05","modified_gmt":"2021-05-11T17:55:05","slug":"extinction-rebellion-il-12-maggio-presidia-lassemblea-degli-azionisti-di-eni","status":"publish","type":"post","link":"https:\/\/www.pressenza.com\/it\/2021\/05\/extinction-rebellion-il-12-maggio-presidia-lassemblea-degli-azionisti-di-eni\/","title":{"rendered":"Extinction Rebellion il 12 maggio presidia l\u2019assemblea degli azionisti di ENI"},"content":{"rendered":"<p dir=\"ltr\">Appuntamento a Roma sotto il palazzo di vetro e a Ravenna in P.za Kennedy contro il CCS. Mobilitazioni anche a Milano, Torino e altre citt\u00e0 in Italia.<\/p>\n<p dir=\"ltr\">Mercoled\u00ec 12 maggio Extinction Rebellion Italia (XR) presidia l\u2019assemblea degli azionisti di ENI per chiedere al Governo di cessare la connivenza con il cane a sei zampe, principale responsabile italiano delle emissioni di gas serra e del collasso climatico ed ecologico.<\/p>\n<p dir=\"ltr\">A Roma, dalle 9.00 alle 13.00, in Piazza della Stazione Enrico Fermi appuntamento per \u201cfar rumore\u201d e pretendere dagli azionisti l\u2019eliminazione definitiva delle fonti fossili dai piani energetici di ENI.<\/p>\n<p dir=\"ltr\">A Ravenna, dalle 17:00 in Piazza Kennedy manifestazione nazionale \u201cIl futuro non si (s)tocca! &#8211; NO CCS\u201d per denunciare l\u2019ipocrisia green malcelata dietro il progetto di ENI per la cattura e lo stoccaggio della CO\u2082 a largo della costa ravennate.<\/p>\n<p dir=\"ltr\">Mobilitazioni anche a Milano, Napoli e in altre citt\u00e0 italiane. Tutti appuntamenti che vedranno schierati, accanto a XR, cittadin* e attivist* dei maggiori schieramenti ecologisti locali, nazionali e internazionali tra cui GreenPeace, Fridays for Future e Rise Up for Climate Justice.<\/p>\n<p dir=\"ltr\">I progetti pilota sul CCS nel mondo raccontano una tecnologia con una grossa inefficienza nella cattura, molto costosa, non consolidata, energivora e che perpetua lo sfruttamento dei pozzi e del fossile.<\/p>\n<p dir=\"ltr\">Un dato su tutti: a fronte delle attuali 400 milioni di tonnellate di CO\u2082 emesse all&#8217;anno dall\u2019Italia, ENI prevede di stoccare 7 milioni di tonnellate di CO\u2082 all&#8217;anno sotto il mare di Ravenna entro il 2030 e 50 milioni di tonnellate all&#8217;anno entro il 2050, per una capacit\u00e0 complessiva di stoccaggio del sito fino a 300-500 milioni di tonnellate di CO\u2082.<\/p>\n<p dir=\"ltr\">ENI stima un costo di circa due miliardi di euro per il CCS ravennate e lesina finanziamenti pubblici per realizzarlo. L\u2019Ente Nazionale Idrocarburi \u00e8 partecipato al 30% dalla Cassa Depositi e Prestiti (controllata dal Ministero dell\u2019Economia e delle Finanze), di fatto \u00e8 sostenuto dal settore pubblico italiano, con i soldi di tutt*. Questo impone scelte collettive e condivise su come attuare una reale transizione energetica e abbandonare il vigente sistema tossico della finanza fossile.<\/p>\n<p>Il Governo deve rispondere al mandato costituzionale che gli impone di proteggere la salute della popolazione. Il Governo deve fare scelte coraggiose e introdurre le assemblee dei cittadin*, reale strumento di democrazia deliberativa su questioni che, come il CCS, riguardano il benessere e il futuro di tutt*. Sulla base delle migliori evidenze scientifiche, le assemblee delibereranno su strategie e percorsi da attuare per trasformare la societ\u00e0 in chiave di neutralit\u00e0 di emissioni e rispetto dei sistemi ecologici, in equit\u00e0 con tutti gli esseri viventi.<\/p>\n<p>Extinction Rebellion chiede al Governo di agire ora, di dire la verit\u00e0, di andare oltre la politica.<\/p>\n","protected":false},"excerpt":{"rendered":"<p>Appuntamento a Roma sotto il palazzo di vetro e a Ravenna in P.za Kennedy contro il CCS. Mobilitazioni anche a Milano, Torino e altre citt\u00e0 in Italia. Mercoled\u00ec 12 maggio Extinction Rebellion Italia (XR) presidia l\u2019assemblea degli azionisti di ENI&hellip;<\/p>\n","protected":false},"author":1696,"featured_media":1358598,"comment_status":"closed","ping_status":"closed","sticky":false,"template":"","format":"standard","meta":{"footnotes":""},"categories":[150,59,47],"tags":[46111,5490,57914],"class_list":["post-1358597","post","type-post","status-publish","format-standard","has-post-thumbnail","hentry","category-comunicati-stampa","category-ambiente-ecologia","category-europa","tag-assemblea-degli-azionisti","tag-eni","tag-extinction-rebellion-it"],"yoast_head":"<!-- This site is optimized with the Yoast SEO plugin v27.1.1 - https:\/\/yoast.com\/product\/yoast-seo-wordpress\/ -->\n<title>Extinction Rebellion il 12 maggio presidia l\u2019assemblea degli azionisti di ENI<\/title>\n<meta name=\"description\" content=\"Appuntamento a Roma sotto il palazzo di vetro e a Ravenna in P.za Kennedy contro il CCS. Mobilitazioni anche a Milano, Torino e altre citt\u00e0 in Italia.\" \/>\n<meta name=\"robots\" content=\"index, follow, max-snippet:-1, max-image-preview:large, max-video-preview:-1\" \/>\n<link rel=\"canonical\" href=\"https:\/\/www.pressenza.com\/it\/2021\/05\/extinction-rebellion-il-12-maggio-presidia-lassemblea-degli-azionisti-di-eni\/\" \/>\n<meta property=\"og:locale\" content=\"it_IT\" \/>\n<meta property=\"og:type\" content=\"article\" \/>\n<meta property=\"og:title\" content=\"Extinction Rebellion il 12 maggio presidia l\u2019assemblea degli azionisti di ENI\" \/>\n<meta property=\"og:description\" content=\"Appuntamento a Roma sotto il palazzo di vetro e a Ravenna in P.za Kennedy contro il CCS. Mobilitazioni anche a Milano, Torino e altre citt\u00e0 in Italia.\" \/>\n<meta property=\"og:url\" content=\"https:\/\/www.pressenza.com\/it\/2021\/05\/extinction-rebellion-il-12-maggio-presidia-lassemblea-degli-azionisti-di-eni\/\" \/>\n<meta property=\"og:site_name\" content=\"Pressenza\" \/>\n<meta property=\"article:publisher\" content=\"https:\/\/www.facebook.com\/PressenzaItalia\" \/>\n<meta property=\"article:published_time\" content=\"2021-05-11T17:53:27+00:00\" \/>\n<meta property=\"article:modified_time\" content=\"2021-05-11T17:55:05+00:00\" \/>\n<meta property=\"og:image\" content=\"https:\/\/www.pressenza.com\/wp-content\/uploads\/2021\/05\/XR_ENI-1.jpg\" \/>\n\t<meta property=\"og:image:width\" content=\"800\" \/>\n\t<meta property=\"og:image:height\" content=\"533\" \/>\n\t<meta property=\"og:image:type\" content=\"image\/jpeg\" \/>\n<meta name=\"author\" content=\"Extinction Rebellion\" \/>\n<meta name=\"twitter:card\" content=\"summary_large_image\" \/>\n<meta name=\"twitter:creator\" content=\"@PressenzaIPA\" \/>\n<meta name=\"twitter:site\" content=\"@PressenzaIPA\" \/>\n<meta name=\"twitter:label1\" content=\"Scritto da\" \/>\n\t<meta name=\"twitter:data1\" content=\"Extinction Rebellion\" \/>\n\t<meta name=\"twitter:label2\" content=\"Tempo di lettura stimato\" \/>\n\t<meta name=\"twitter:data2\" content=\"2 minuti\" \/>\n<script type=\"application\/ld+json\" class=\"yoast-schema-graph\">{\"@context\":\"https:\/\/schema.org\",\"@graph\":[{\"@type\":\"Article\",\"@id\":\"https:\/\/www.pressenza.com\/it\/2021\/05\/extinction-rebellion-il-12-maggio-presidia-lassemblea-degli-azionisti-di-eni\/#article\",\"isPartOf\":{\"@id\":\"https:\/\/www.pressenza.com\/it\/2021\/05\/extinction-rebellion-il-12-maggio-presidia-lassemblea-degli-azionisti-di-eni\/\"},\"author\":{\"name\":\"Extinction Rebellion\",\"@id\":\"https:\/\/www.pressenza.com\/it\/#\/schema\/person\/469654e5f261458f78054b73ca6931aa\"},\"headline\":\"Extinction Rebellion il 12 maggio presidia l\u2019assemblea degli azionisti di ENI\",\"datePublished\":\"2021-05-11T17:53:27+00:00\",\"dateModified\":\"2021-05-11T17:55:05+00:00\",\"mainEntityOfPage\":{\"@id\":\"https:\/\/www.pressenza.com\/it\/2021\/05\/extinction-rebellion-il-12-maggio-presidia-lassemblea-degli-azionisti-di-eni\/\"},\"wordCount\":456,\"publisher\":{\"@id\":\"https:\/\/www.pressenza.com\/it\/#organization\"},\"image\":{\"@id\":\"https:\/\/www.pressenza.com\/it\/2021\/05\/extinction-rebellion-il-12-maggio-presidia-lassemblea-degli-azionisti-di-eni\/#primaryimage\"},\"thumbnailUrl\":\"https:\/\/www.pressenza.com\/wp-content\/uploads\/2021\/05\/XR_ENI-1.jpg\",\"keywords\":[\"assemblea degli azionisti\",\"ENI\",\"Extinction Rebellion\"],\"articleSection\":[\"Comunicati Stampa\",\"Ecologia ed Ambiente\",\"Europa\"],\"inLanguage\":\"it-IT\"},{\"@type\":\"WebPage\",\"@id\":\"https:\/\/www.pressenza.com\/it\/2021\/05\/extinction-rebellion-il-12-maggio-presidia-lassemblea-degli-azionisti-di-eni\/\",\"url\":\"https:\/\/www.pressenza.com\/it\/2021\/05\/extinction-rebellion-il-12-maggio-presidia-lassemblea-degli-azionisti-di-eni\/\",\"name\":\"Extinction Rebellion il 12 maggio presidia l\u2019assemblea degli azionisti di ENI\",\"isPartOf\":{\"@id\":\"https:\/\/www.pressenza.com\/it\/#website\"},\"primaryImageOfPage\":{\"@id\":\"https:\/\/www.pressenza.com\/it\/2021\/05\/extinction-rebellion-il-12-maggio-presidia-lassemblea-degli-azionisti-di-eni\/#primaryimage\"},\"image\":{\"@id\":\"https:\/\/www.pressenza.com\/it\/2021\/05\/extinction-rebellion-il-12-maggio-presidia-lassemblea-degli-azionisti-di-eni\/#primaryimage\"},\"thumbnailUrl\":\"https:\/\/www.pressenza.com\/wp-content\/uploads\/2021\/05\/XR_ENI-1.jpg\",\"datePublished\":\"2021-05-11T17:53:27+00:00\",\"dateModified\":\"2021-05-11T17:55:05+00:00\",\"description\":\"Appuntamento a Roma sotto il palazzo di vetro e a Ravenna in P.za Kennedy contro il CCS. Mobilitazioni anche a Milano, Torino e altre citt\u00e0 in Italia.\",\"breadcrumb\":{\"@id\":\"https:\/\/www.pressenza.com\/it\/2021\/05\/extinction-rebellion-il-12-maggio-presidia-lassemblea-degli-azionisti-di-eni\/#breadcrumb\"},\"inLanguage\":\"it-IT\",\"potentialAction\":[{\"@type\":\"ReadAction\",\"target\":[\"https:\/\/www.pressenza.com\/it\/2021\/05\/extinction-rebellion-il-12-maggio-presidia-lassemblea-degli-azionisti-di-eni\/\"]}]},{\"@type\":\"ImageObject\",\"inLanguage\":\"it-IT\",\"@id\":\"https:\/\/www.pressenza.com\/it\/2021\/05\/extinction-rebellion-il-12-maggio-presidia-lassemblea-degli-azionisti-di-eni\/#primaryimage\",\"url\":\"https:\/\/www.pressenza.com\/wp-content\/uploads\/2021\/05\/XR_ENI-1.jpg\",\"contentUrl\":\"https:\/\/www.pressenza.com\/wp-content\/uploads\/2021\/05\/XR_ENI-1.jpg\",\"width\":800,\"height\":533},{\"@type\":\"BreadcrumbList\",\"@id\":\"https:\/\/www.pressenza.com\/it\/2021\/05\/extinction-rebellion-il-12-maggio-presidia-lassemblea-degli-azionisti-di-eni\/#breadcrumb\",\"itemListElement\":[{\"@type\":\"ListItem\",\"position\":1,\"name\":\"Accueil\",\"item\":\"https:\/\/www.pressenza.com\/it\/\"},{\"@type\":\"ListItem\",\"position\":2,\"name\":\"Extinction Rebellion il 12 maggio presidia l\u2019assemblea degli azionisti di ENI\"}]},{\"@type\":\"WebSite\",\"@id\":\"https:\/\/www.pressenza.com\/it\/#website\",\"url\":\"https:\/\/www.pressenza.com\/it\/\",\"name\":\"Pressenza\",\"description\":\"Agenzia di Stampa Internazionale\",\"publisher\":{\"@id\":\"https:\/\/www.pressenza.com\/it\/#organization\"},\"potentialAction\":[{\"@type\":\"SearchAction\",\"target\":{\"@type\":\"EntryPoint\",\"urlTemplate\":\"https:\/\/www.pressenza.com\/it\/?s={search_term_string}\"},\"query-input\":{\"@type\":\"PropertyValueSpecification\",\"valueRequired\":true,\"valueName\":\"search_term_string\"}}],\"inLanguage\":\"it-IT\"},{\"@type\":\"Organization\",\"@id\":\"https:\/\/www.pressenza.com\/it\/#organization\",\"name\":\"Pressenza\",\"url\":\"https:\/\/www.pressenza.com\/it\/\",\"logo\":{\"@type\":\"ImageObject\",\"inLanguage\":\"it-IT\",\"@id\":\"https:\/\/www.pressenza.com\/it\/#\/schema\/logo\/image\/\",\"url\":\"https:\/\/www.pressenza.com\/wp-content\/uploads\/2022\/10\/pressenza_logo_200x200.jpg\",\"contentUrl\":\"https:\/\/www.pressenza.com\/wp-content\/uploads\/2022\/10\/pressenza_logo_200x200.jpg\",\"width\":200,\"height\":200,\"caption\":\"Pressenza\"},\"image\":{\"@id\":\"https:\/\/www.pressenza.com\/it\/#\/schema\/logo\/image\/\"},\"sameAs\":[\"https:\/\/www.facebook.com\/PressenzaItalia\",\"https:\/\/x.com\/PressenzaIPA\"]},{\"@type\":\"Person\",\"@id\":\"https:\/\/www.pressenza.com\/it\/#\/schema\/person\/469654e5f261458f78054b73ca6931aa\",\"name\":\"Extinction Rebellion\",\"description\":\"Extinction Rebellion (XR) \u00e8 un movimento internazionale \u201cdal basso\u201d, nonviolento, fondato in Inghilterra in risposta alla devastazione ambientale causata dalle attivit\u00e0 umane. La sua ragione d\u2019essere si basa sui risultati scientifici.\",\"sameAs\":[\"https:\/\/rebellion.earth\/\"],\"url\":\"https:\/\/www.pressenza.com\/it\/author\/extinction-rebellion\/\"}]}<\/script>\n<!-- \/ Yoast SEO plugin. -->","yoast_head_json":{"title":"Extinction Rebellion il 12 maggio presidia l\u2019assemblea degli azionisti di ENI","description":"Appuntamento a Roma sotto il palazzo di vetro e a Ravenna in P.za Kennedy contro il CCS. Mobilitazioni anche a Milano, Torino e altre citt\u00e0 in Italia.","robots":{"index":"index","follow":"follow","max-snippet":"max-snippet:-1","max-image-preview":"max-image-preview:large","max-video-preview":"max-video-preview:-1"},"canonical":"https:\/\/www.pressenza.com\/it\/2021\/05\/extinction-rebellion-il-12-maggio-presidia-lassemblea-degli-azionisti-di-eni\/","og_locale":"it_IT","og_type":"article","og_title":"Extinction Rebellion il 12 maggio presidia l\u2019assemblea degli azionisti di ENI","og_description":"Appuntamento a Roma sotto il palazzo di vetro e a Ravenna in P.za Kennedy contro il CCS. Mobilitazioni anche a Milano, Torino e altre citt\u00e0 in Italia.","og_url":"https:\/\/www.pressenza.com\/it\/2021\/05\/extinction-rebellion-il-12-maggio-presidia-lassemblea-degli-azionisti-di-eni\/","og_site_name":"Pressenza","article_publisher":"https:\/\/www.facebook.com\/PressenzaItalia","article_published_time":"2021-05-11T17:53:27+00:00","article_modified_time":"2021-05-11T17:55:05+00:00","og_image":[{"width":800,"height":533,"url":"https:\/\/www.pressenza.com\/wp-content\/uploads\/2021\/05\/XR_ENI-1.jpg","type":"image\/jpeg"}],"author":"Extinction Rebellion","twitter_card":"summary_large_image","twitter_creator":"@PressenzaIPA","twitter_site":"@PressenzaIPA","twitter_misc":{"Scritto da":"Extinction Rebellion","Tempo di lettura stimato":"2 minuti"},"schema":{"@context":"https:\/\/schema.org","@graph":[{"@type":"Article","@id":"https:\/\/www.pressenza.com\/it\/2021\/05\/extinction-rebellion-il-12-maggio-presidia-lassemblea-degli-azionisti-di-eni\/#article","isPartOf":{"@id":"https:\/\/www.pressenza.com\/it\/2021\/05\/extinction-rebellion-il-12-maggio-presidia-lassemblea-degli-azionisti-di-eni\/"},"author":{"name":"Extinction Rebellion","@id":"https:\/\/www.pressenza.com\/it\/#\/schema\/person\/469654e5f261458f78054b73ca6931aa"},"headline":"Extinction Rebellion il 12 maggio presidia l\u2019assemblea degli azionisti di ENI","datePublished":"2021-05-11T17:53:27+00:00","dateModified":"2021-05-11T17:55:05+00:00","mainEntityOfPage":{"@id":"https:\/\/www.pressenza.com\/it\/2021\/05\/extinction-rebellion-il-12-maggio-presidia-lassemblea-degli-azionisti-di-eni\/"},"wordCount":456,"publisher":{"@id":"https:\/\/www.pressenza.com\/it\/#organization"},"image":{"@id":"https:\/\/www.pressenza.com\/it\/2021\/05\/extinction-rebellion-il-12-maggio-presidia-lassemblea-degli-azionisti-di-eni\/#primaryimage"},"thumbnailUrl":"https:\/\/www.pressenza.com\/wp-content\/uploads\/2021\/05\/XR_ENI-1.jpg","keywords":["assemblea degli azionisti","ENI","Extinction Rebellion"],"articleSection":["Comunicati Stampa","Ecologia ed Ambiente","Europa"],"inLanguage":"it-IT"},{"@type":"WebPage","@id":"https:\/\/www.pressenza.com\/it\/2021\/05\/extinction-rebellion-il-12-maggio-presidia-lassemblea-degli-azionisti-di-eni\/","url":"https:\/\/www.pressenza.com\/it\/2021\/05\/extinction-rebellion-il-12-maggio-presidia-lassemblea-degli-azionisti-di-eni\/","name":"Extinction Rebellion il 12 maggio presidia l\u2019assemblea degli azionisti di ENI","isPartOf":{"@id":"https:\/\/www.pressenza.com\/it\/#website"},"primaryImageOfPage":{"@id":"https:\/\/www.pressenza.com\/it\/2021\/05\/extinction-rebellion-il-12-maggio-presidia-lassemblea-degli-azionisti-di-eni\/#primaryimage"},"image":{"@id":"https:\/\/www.pressenza.com\/it\/2021\/05\/extinction-rebellion-il-12-maggio-presidia-lassemblea-degli-azionisti-di-eni\/#primaryimage"},"thumbnailUrl":"https:\/\/www.pressenza.com\/wp-content\/uploads\/2021\/05\/XR_ENI-1.jpg","datePublished":"2021-05-11T17:53:27+00:00","dateModified":"2021-05-11T17:55:05+00:00","description":"Appuntamento a Roma sotto il palazzo di vetro e a Ravenna in P.za Kennedy contro il CCS. Mobilitazioni anche a Milano, Torino e altre citt\u00e0 in Italia.","breadcrumb":{"@id":"https:\/\/www.pressenza.com\/it\/2021\/05\/extinction-rebellion-il-12-maggio-presidia-lassemblea-degli-azionisti-di-eni\/#breadcrumb"},"inLanguage":"it-IT","potentialAction":[{"@type":"ReadAction","target":["https:\/\/www.pressenza.com\/it\/2021\/05\/extinction-rebellion-il-12-maggio-presidia-lassemblea-degli-azionisti-di-eni\/"]}]},{"@type":"ImageObject","inLanguage":"it-IT","@id":"https:\/\/www.pressenza.com\/it\/2021\/05\/extinction-rebellion-il-12-maggio-presidia-lassemblea-degli-azionisti-di-eni\/#primaryimage","url":"https:\/\/www.pressenza.com\/wp-content\/uploads\/2021\/05\/XR_ENI-1.jpg","contentUrl":"https:\/\/www.pressenza.com\/wp-content\/uploads\/2021\/05\/XR_ENI-1.jpg","width":800,"height":533},{"@type":"BreadcrumbList","@id":"https:\/\/www.pressenza.com\/it\/2021\/05\/extinction-rebellion-il-12-maggio-presidia-lassemblea-degli-azionisti-di-eni\/#breadcrumb","itemListElement":[{"@type":"ListItem","position":1,"name":"Accueil","item":"https:\/\/www.pressenza.com\/it\/"},{"@type":"ListItem","position":2,"name":"Extinction Rebellion il 12 maggio presidia l\u2019assemblea degli azionisti di ENI"}]},{"@type":"WebSite","@id":"https:\/\/www.pressenza.com\/it\/#website","url":"https:\/\/www.pressenza.com\/it\/","name":"Pressenza","description":"Agenzia di Stampa Internazionale","publisher":{"@id":"https:\/\/www.pressenza.com\/it\/#organization"},"potentialAction":[{"@type":"SearchAction","target":{"@type":"EntryPoint","urlTemplate":"https:\/\/www.pressenza.com\/it\/?s={search_term_string}"},"query-input":{"@type":"PropertyValueSpecification","valueRequired":true,"valueName":"search_term_string"}}],"inLanguage":"it-IT"},{"@type":"Organization","@id":"https:\/\/www.pressenza.com\/it\/#organization","name":"Pressenza","url":"https:\/\/www.pressenza.com\/it\/","logo":{"@type":"ImageObject","inLanguage":"it-IT","@id":"https:\/\/www.pressenza.com\/it\/#\/schema\/logo\/image\/","url":"https:\/\/www.pressenza.com\/wp-content\/uploads\/2022\/10\/pressenza_logo_200x200.jpg","contentUrl":"https:\/\/www.pressenza.com\/wp-content\/uploads\/2022\/10\/pressenza_logo_200x200.jpg","width":200,"height":200,"caption":"Pressenza"},"image":{"@id":"https:\/\/www.pressenza.com\/it\/#\/schema\/logo\/image\/"},"sameAs":["https:\/\/www.facebook.com\/PressenzaItalia","https:\/\/x.com\/PressenzaIPA"]},{"@type":"Person","@id":"https:\/\/www.pressenza.com\/it\/#\/schema\/person\/469654e5f261458f78054b73ca6931aa","name":"Extinction Rebellion","description":"Extinction Rebellion (XR) \u00e8 un movimento internazionale \u201cdal basso\u201d, nonviolento, fondato in Inghilterra in risposta alla devastazione ambientale causata dalle attivit\u00e0 umane. La sua ragione d\u2019essere si basa sui risultati scientifici.","sameAs":["https:\/\/rebellion.earth\/"],"url":"https:\/\/www.pressenza.com\/it\/author\/extinction-rebellion\/"}]}},"place":"Italia","original_article_url":"","_links":{"self":[{"href":"https:\/\/www.pressenza.com\/it\/wp-json\/wp\/v2\/posts\/1358597","targetHints":{"allow":["GET"]}}],"collection":[{"href":"https:\/\/www.pressenza.com\/it\/wp-json\/wp\/v2\/posts"}],"about":[{"href":"https:\/\/www.pressenza.com\/it\/wp-json\/wp\/v2\/types\/post"}],"author":[{"embeddable":true,"href":"https:\/\/www.pressenza.com\/it\/wp-json\/wp\/v2\/users\/1696"}],"replies":[{"embeddable":true,"href":"https:\/\/www.pressenza.com\/it\/wp-json\/wp\/v2\/comments?post=1358597"}],"version-history":[{"count":0,"href":"https:\/\/www.pressenza.com\/it\/wp-json\/wp\/v2\/posts\/1358597\/revisions"}],"wp:featuredmedia":[{"embeddable":true,"href":"https:\/\/www.pressenza.com\/it\/wp-json\/wp\/v2\/media\/1358598"}],"wp:attachment":[{"href":"https:\/\/www.pressenza.com\/it\/wp-json\/wp\/v2\/media?parent=1358597"}],"wp:term":[{"taxonomy":"category","embeddable":true,"href":"https:\/\/www.pressenza.com\/it\/wp-json\/wp\/v2\/categories?post=1358597"},{"taxonomy":"post_tag","embeddable":true,"href":"https:\/\/www.pressenza.com\/it\/wp-json\/wp\/v2\/tags?post=1358597"}],"curies":[{"name":"wp","href":"https:\/\/api.w.org\/{rel}","templated":true}]}}