{"id":135835,"date":"2014-10-01T15:31:40","date_gmt":"2014-10-01T14:31:40","guid":{"rendered":"http:\/\/www.pressenza.com\/?p=135835"},"modified":"2014-10-01T15:31:40","modified_gmt":"2014-10-01T14:31:40","slug":"comunita-milanese-gli-aiuti-umanitari-popolazione-gaza-assedio","status":"publish","type":"post","link":"https:\/\/www.pressenza.com\/it\/2014\/10\/comunita-milanese-gli-aiuti-umanitari-popolazione-gaza-assedio\/","title":{"rendered":"La comunit\u00e0 milanese e gli aiuti umanitari alla popolazione di Gaza ancora sotto assedio"},"content":{"rendered":"<p><b>Dibattito pubblico<\/b><\/p>\n<p><b>Marted\u00ec 7 ottobre 2014 <\/b><b>ore<\/b> <b>18.00 \u2013 20.00 <\/b><\/p>\n<p><b>Sala Vitman Acquario Civico \u2013 Viale Gadio 2, Milano<\/b><\/p>\n<p><b><\/b>Intervengono:<\/p>\n<p><b>&#8211; Rosa Schiano, <\/b>attivista, giornalista di Nena News<\/p>\n<p><b>&#8211; Hani Gaber, <\/b>\u00a0rappresentante dell\u2019autorit\u00e0 palestinese per il nord Italia<\/p>\n<p>&#8211; Un rappresentante dell\u2019Associazione <b>Ebrei Contro l&#8217;Occupazione.<\/b><b>\u00a0<\/b><\/p>\n<p><b>&#8211; Anita Sonego, <\/b>\u00a0consigliera comunale della Federazione della Sinistra<\/p>\n<p>Verr\u00e0 inoltre proiettata una video intervista a <b>Stefano Luisi, <\/b>\u00a0chirurgo che presta la sua opera a Gaza e presidente di \u00a0Palestine Children&#8217;s Relief Fund Italia.<\/p>\n<p>Iniziativa promossa dal Gruppo Consiliare <b>SINISTRA per PISAPIA &#8211; F.d.S. <\/b>\u00a0in collaborazione con <b>BDS MILANO.<\/b><\/p>\n<p>&nbsp;<\/p>\n<p align=\"left\">\n","protected":false},"excerpt":{"rendered":"<p>Dibattito pubblico Marted\u00ec 7 ottobre 2014 ore 18.00 \u2013 20.00 Sala Vitman Acquario Civico \u2013 Viale Gadio 2, Milano Intervengono: &#8211; Rosa Schiano, attivista, giornalista di Nena News &#8211; Hani Gaber, \u00a0rappresentante dell\u2019autorit\u00e0 palestinese per il nord Italia &#8211; Un&hellip;<\/p>\n","protected":false},"author":1007,"featured_media":135837,"comment_status":"closed","ping_status":"open","sticky":false,"template":"","format":"standard","meta":{"footnotes":""},"categories":[150,60,52,1259],"tags":[2954,1005],"class_list":["post-135835","post","type-post","status-publish","format-standard","has-post-thumbnail","hentry","category-comunicati-stampa","category-diritti-umani","category-medio-oriente","category-salute-argomento","tag-aiuti-umanitari","tag-gaza"],"yoast_head":"<!-- This site is optimized with the Yoast SEO plugin v27.1.1 - https:\/\/yoast.com\/product\/yoast-seo-wordpress\/ -->\n<title>La comunit\u00e0 milanese e gli aiuti umanitari alla popolazione di Gaza ancora sotto assedio<\/title>\n<meta name=\"description\" content=\"Dibattito pubblico Marted\u00ec 7 ottobre 2014 ore 18.00 \u2013 20.00 Sala Vitman Acquario Civico \u2013 Viale Gadio 2, Milano Intervengono: - Rosa Schiano, attivista,\" \/>\n<meta name=\"robots\" content=\"index, follow, max-snippet:-1, max-image-preview:large, max-video-preview:-1\" \/>\n<link rel=\"canonical\" href=\"https:\/\/www.pressenza.com\/it\/2014\/10\/comunita-milanese-gli-aiuti-umanitari-popolazione-gaza-assedio\/\" \/>\n<meta property=\"og:locale\" content=\"it_IT\" \/>\n<meta property=\"og:type\" content=\"article\" \/>\n<meta property=\"og:title\" content=\"La comunit\u00e0 milanese e gli aiuti umanitari alla popolazione di Gaza ancora sotto assedio\" \/>\n<meta property=\"og:description\" content=\"Dibattito pubblico Marted\u00ec 7 ottobre 2014 ore 18.00 \u2013 20.00 Sala Vitman Acquario Civico \u2013 Viale Gadio 2, Milano Intervengono: - Rosa Schiano, attivista,\" \/>\n<meta property=\"og:url\" content=\"https:\/\/www.pressenza.com\/it\/2014\/10\/comunita-milanese-gli-aiuti-umanitari-popolazione-gaza-assedio\/\" \/>\n<meta property=\"og:site_name\" content=\"Pressenza\" \/>\n<meta property=\"article:publisher\" content=\"https:\/\/www.facebook.com\/PressenzaItalia\" \/>\n<meta property=\"article:published_time\" content=\"2014-10-01T14:31:40+00:00\" \/>\n<meta property=\"og:image\" content=\"https:\/\/www.pressenza.com\/wp-content\/uploads\/2014\/10\/medici-senza-frontiere-Gaza.jpg\" \/>\n\t<meta property=\"og:image:width\" content=\"580\" \/>\n\t<meta property=\"og:image:height\" content=\"270\" \/>\n\t<meta property=\"og:image:type\" content=\"image\/jpeg\" \/>\n<meta name=\"author\" content=\"Anita Sonego\" \/>\n<meta name=\"twitter:card\" content=\"summary_large_image\" \/>\n<meta name=\"twitter:creator\" content=\"@PressenzaIPA\" \/>\n<meta name=\"twitter:site\" content=\"@PressenzaIPA\" \/>\n<meta name=\"twitter:label1\" content=\"Scritto da\" \/>\n\t<meta name=\"twitter:data1\" content=\"Anita Sonego\" \/>\n<script type=\"application\/ld+json\" class=\"yoast-schema-graph\">{\"@context\":\"https:\/\/schema.org\",\"@graph\":[{\"@type\":\"Article\",\"@id\":\"https:\/\/www.pressenza.com\/it\/2014\/10\/comunita-milanese-gli-aiuti-umanitari-popolazione-gaza-assedio\/#article\",\"isPartOf\":{\"@id\":\"https:\/\/www.pressenza.com\/it\/2014\/10\/comunita-milanese-gli-aiuti-umanitari-popolazione-gaza-assedio\/\"},\"author\":{\"name\":\"Anita Sonego\",\"@id\":\"https:\/\/www.pressenza.com\/it\/#\/schema\/person\/508a428987d2880e3d65bd35e6c7cbc5\"},\"headline\":\"La comunit\u00e0 milanese e gli aiuti umanitari alla popolazione di Gaza ancora sotto assedio\",\"datePublished\":\"2014-10-01T14:31:40+00:00\",\"mainEntityOfPage\":{\"@id\":\"https:\/\/www.pressenza.com\/it\/2014\/10\/comunita-milanese-gli-aiuti-umanitari-popolazione-gaza-assedio\/\"},\"wordCount\":108,\"publisher\":{\"@id\":\"https:\/\/www.pressenza.com\/it\/#organization\"},\"image\":{\"@id\":\"https:\/\/www.pressenza.com\/it\/2014\/10\/comunita-milanese-gli-aiuti-umanitari-popolazione-gaza-assedio\/#primaryimage\"},\"thumbnailUrl\":\"https:\/\/www.pressenza.com\/wp-content\/uploads\/2014\/10\/medici-senza-frontiere-Gaza.jpg\",\"keywords\":[\"aiuti umanitari\",\"Gaza\"],\"articleSection\":[\"Comunicati Stampa\",\"Diritti Umani\",\"Medio Oriente\",\"Salute\"],\"inLanguage\":\"it-IT\"},{\"@type\":\"WebPage\",\"@id\":\"https:\/\/www.pressenza.com\/it\/2014\/10\/comunita-milanese-gli-aiuti-umanitari-popolazione-gaza-assedio\/\",\"url\":\"https:\/\/www.pressenza.com\/it\/2014\/10\/comunita-milanese-gli-aiuti-umanitari-popolazione-gaza-assedio\/\",\"name\":\"La comunit\u00e0 milanese e gli aiuti umanitari alla popolazione di Gaza ancora sotto assedio\",\"isPartOf\":{\"@id\":\"https:\/\/www.pressenza.com\/it\/#website\"},\"primaryImageOfPage\":{\"@id\":\"https:\/\/www.pressenza.com\/it\/2014\/10\/comunita-milanese-gli-aiuti-umanitari-popolazione-gaza-assedio\/#primaryimage\"},\"image\":{\"@id\":\"https:\/\/www.pressenza.com\/it\/2014\/10\/comunita-milanese-gli-aiuti-umanitari-popolazione-gaza-assedio\/#primaryimage\"},\"thumbnailUrl\":\"https:\/\/www.pressenza.com\/wp-content\/uploads\/2014\/10\/medici-senza-frontiere-Gaza.jpg\",\"datePublished\":\"2014-10-01T14:31:40+00:00\",\"description\":\"Dibattito pubblico Marted\u00ec 7 ottobre 2014 ore 18.00 \u2013 20.00 Sala Vitman Acquario Civico \u2013 Viale Gadio 2, Milano Intervengono: - Rosa Schiano, attivista,\",\"breadcrumb\":{\"@id\":\"https:\/\/www.pressenza.com\/it\/2014\/10\/comunita-milanese-gli-aiuti-umanitari-popolazione-gaza-assedio\/#breadcrumb\"},\"inLanguage\":\"it-IT\",\"potentialAction\":[{\"@type\":\"ReadAction\",\"target\":[\"https:\/\/www.pressenza.com\/it\/2014\/10\/comunita-milanese-gli-aiuti-umanitari-popolazione-gaza-assedio\/\"]}]},{\"@type\":\"ImageObject\",\"inLanguage\":\"it-IT\",\"@id\":\"https:\/\/www.pressenza.com\/it\/2014\/10\/comunita-milanese-gli-aiuti-umanitari-popolazione-gaza-assedio\/#primaryimage\",\"url\":\"https:\/\/www.pressenza.com\/wp-content\/uploads\/2014\/10\/medici-senza-frontiere-Gaza.jpg\",\"contentUrl\":\"https:\/\/www.pressenza.com\/wp-content\/uploads\/2014\/10\/medici-senza-frontiere-Gaza.jpg\",\"width\":580,\"height\":270},{\"@type\":\"BreadcrumbList\",\"@id\":\"https:\/\/www.pressenza.com\/it\/2014\/10\/comunita-milanese-gli-aiuti-umanitari-popolazione-gaza-assedio\/#breadcrumb\",\"itemListElement\":[{\"@type\":\"ListItem\",\"position\":1,\"name\":\"Accueil\",\"item\":\"https:\/\/www.pressenza.com\/it\/\"},{\"@type\":\"ListItem\",\"position\":2,\"name\":\"La comunit\u00e0 milanese e gli aiuti umanitari alla popolazione di Gaza ancora sotto assedio\"}]},{\"@type\":\"WebSite\",\"@id\":\"https:\/\/www.pressenza.com\/it\/#website\",\"url\":\"https:\/\/www.pressenza.com\/it\/\",\"name\":\"Pressenza\",\"description\":\"Agenzia di Stampa Internazionale\",\"publisher\":{\"@id\":\"https:\/\/www.pressenza.com\/it\/#organization\"},\"potentialAction\":[{\"@type\":\"SearchAction\",\"target\":{\"@type\":\"EntryPoint\",\"urlTemplate\":\"https:\/\/www.pressenza.com\/it\/?s={search_term_string}\"},\"query-input\":{\"@type\":\"PropertyValueSpecification\",\"valueRequired\":true,\"valueName\":\"search_term_string\"}}],\"inLanguage\":\"it-IT\"},{\"@type\":\"Organization\",\"@id\":\"https:\/\/www.pressenza.com\/it\/#organization\",\"name\":\"Pressenza\",\"url\":\"https:\/\/www.pressenza.com\/it\/\",\"logo\":{\"@type\":\"ImageObject\",\"inLanguage\":\"it-IT\",\"@id\":\"https:\/\/www.pressenza.com\/it\/#\/schema\/logo\/image\/\",\"url\":\"https:\/\/www.pressenza.com\/wp-content\/uploads\/2022\/10\/pressenza_logo_200x200.jpg\",\"contentUrl\":\"https:\/\/www.pressenza.com\/wp-content\/uploads\/2022\/10\/pressenza_logo_200x200.jpg\",\"width\":200,\"height\":200,\"caption\":\"Pressenza\"},\"image\":{\"@id\":\"https:\/\/www.pressenza.com\/it\/#\/schema\/logo\/image\/\"},\"sameAs\":[\"https:\/\/www.facebook.com\/PressenzaItalia\",\"https:\/\/x.com\/PressenzaIPA\"]},{\"@type\":\"Person\",\"@id\":\"https:\/\/www.pressenza.com\/it\/#\/schema\/person\/508a428987d2880e3d65bd35e6c7cbc5\",\"name\":\"Anita Sonego\",\"description\":\"Consigliera comunale a Milano per la lista Sinistra per Pisapia. \u00c8 stata presidente della Libera Universit\u00e0 delle Donne che ha fondato, assieme ad altre, nel 1987. All'interno della stessa Universit\u00e0 ha dato vita al gruppo \\\" Soggettivit\u00e0 Lesbica\\\". Quale Presidente della Commissione Pari Opportunit\u00e0 ha promosso i \\\" Tavoli delle Donne\\\", forme di partecipazione attiva della cittadinanza in relazione con l'Amministrazione Comunale. Si \u00e8 impegnata per realizzare i punti qualificanti del suo programma: -Istituzione del Registro delle Unioni Civili -Istituzione della Casa delle Donne -Difesa e potenziamento dei Consultori per la salute delle donne La sua attivit\u00e0 all'interno del Comune di Milano ha come ambito privilegiato la promozione della partecipazione, la difesa dei beni comuni, i diritti, il dare voce a chi non ha voce.\",\"url\":\"https:\/\/www.pressenza.com\/it\/author\/anita-sonego\/\"}]}<\/script>\n<!-- \/ Yoast SEO plugin. -->","yoast_head_json":{"title":"La comunit\u00e0 milanese e gli aiuti umanitari alla popolazione di Gaza ancora sotto assedio","description":"Dibattito pubblico Marted\u00ec 7 ottobre 2014 ore 18.00 \u2013 20.00 Sala Vitman Acquario Civico \u2013 Viale Gadio 2, Milano Intervengono: - Rosa Schiano, attivista,","robots":{"index":"index","follow":"follow","max-snippet":"max-snippet:-1","max-image-preview":"max-image-preview:large","max-video-preview":"max-video-preview:-1"},"canonical":"https:\/\/www.pressenza.com\/it\/2014\/10\/comunita-milanese-gli-aiuti-umanitari-popolazione-gaza-assedio\/","og_locale":"it_IT","og_type":"article","og_title":"La comunit\u00e0 milanese e gli aiuti umanitari alla popolazione di Gaza ancora sotto assedio","og_description":"Dibattito pubblico Marted\u00ec 7 ottobre 2014 ore 18.00 \u2013 20.00 Sala Vitman Acquario Civico \u2013 Viale Gadio 2, Milano Intervengono: - Rosa Schiano, attivista,","og_url":"https:\/\/www.pressenza.com\/it\/2014\/10\/comunita-milanese-gli-aiuti-umanitari-popolazione-gaza-assedio\/","og_site_name":"Pressenza","article_publisher":"https:\/\/www.facebook.com\/PressenzaItalia","article_published_time":"2014-10-01T14:31:40+00:00","og_image":[{"width":580,"height":270,"url":"https:\/\/www.pressenza.com\/wp-content\/uploads\/2014\/10\/medici-senza-frontiere-Gaza.jpg","type":"image\/jpeg"}],"author":"Anita Sonego","twitter_card":"summary_large_image","twitter_creator":"@PressenzaIPA","twitter_site":"@PressenzaIPA","twitter_misc":{"Scritto da":"Anita Sonego"},"schema":{"@context":"https:\/\/schema.org","@graph":[{"@type":"Article","@id":"https:\/\/www.pressenza.com\/it\/2014\/10\/comunita-milanese-gli-aiuti-umanitari-popolazione-gaza-assedio\/#article","isPartOf":{"@id":"https:\/\/www.pressenza.com\/it\/2014\/10\/comunita-milanese-gli-aiuti-umanitari-popolazione-gaza-assedio\/"},"author":{"name":"Anita Sonego","@id":"https:\/\/www.pressenza.com\/it\/#\/schema\/person\/508a428987d2880e3d65bd35e6c7cbc5"},"headline":"La comunit\u00e0 milanese e gli aiuti umanitari alla popolazione di Gaza ancora sotto assedio","datePublished":"2014-10-01T14:31:40+00:00","mainEntityOfPage":{"@id":"https:\/\/www.pressenza.com\/it\/2014\/10\/comunita-milanese-gli-aiuti-umanitari-popolazione-gaza-assedio\/"},"wordCount":108,"publisher":{"@id":"https:\/\/www.pressenza.com\/it\/#organization"},"image":{"@id":"https:\/\/www.pressenza.com\/it\/2014\/10\/comunita-milanese-gli-aiuti-umanitari-popolazione-gaza-assedio\/#primaryimage"},"thumbnailUrl":"https:\/\/www.pressenza.com\/wp-content\/uploads\/2014\/10\/medici-senza-frontiere-Gaza.jpg","keywords":["aiuti umanitari","Gaza"],"articleSection":["Comunicati Stampa","Diritti Umani","Medio Oriente","Salute"],"inLanguage":"it-IT"},{"@type":"WebPage","@id":"https:\/\/www.pressenza.com\/it\/2014\/10\/comunita-milanese-gli-aiuti-umanitari-popolazione-gaza-assedio\/","url":"https:\/\/www.pressenza.com\/it\/2014\/10\/comunita-milanese-gli-aiuti-umanitari-popolazione-gaza-assedio\/","name":"La comunit\u00e0 milanese e gli aiuti umanitari alla popolazione di Gaza ancora sotto assedio","isPartOf":{"@id":"https:\/\/www.pressenza.com\/it\/#website"},"primaryImageOfPage":{"@id":"https:\/\/www.pressenza.com\/it\/2014\/10\/comunita-milanese-gli-aiuti-umanitari-popolazione-gaza-assedio\/#primaryimage"},"image":{"@id":"https:\/\/www.pressenza.com\/it\/2014\/10\/comunita-milanese-gli-aiuti-umanitari-popolazione-gaza-assedio\/#primaryimage"},"thumbnailUrl":"https:\/\/www.pressenza.com\/wp-content\/uploads\/2014\/10\/medici-senza-frontiere-Gaza.jpg","datePublished":"2014-10-01T14:31:40+00:00","description":"Dibattito pubblico Marted\u00ec 7 ottobre 2014 ore 18.00 \u2013 20.00 Sala Vitman Acquario Civico \u2013 Viale Gadio 2, Milano Intervengono: - Rosa Schiano, attivista,","breadcrumb":{"@id":"https:\/\/www.pressenza.com\/it\/2014\/10\/comunita-milanese-gli-aiuti-umanitari-popolazione-gaza-assedio\/#breadcrumb"},"inLanguage":"it-IT","potentialAction":[{"@type":"ReadAction","target":["https:\/\/www.pressenza.com\/it\/2014\/10\/comunita-milanese-gli-aiuti-umanitari-popolazione-gaza-assedio\/"]}]},{"@type":"ImageObject","inLanguage":"it-IT","@id":"https:\/\/www.pressenza.com\/it\/2014\/10\/comunita-milanese-gli-aiuti-umanitari-popolazione-gaza-assedio\/#primaryimage","url":"https:\/\/www.pressenza.com\/wp-content\/uploads\/2014\/10\/medici-senza-frontiere-Gaza.jpg","contentUrl":"https:\/\/www.pressenza.com\/wp-content\/uploads\/2014\/10\/medici-senza-frontiere-Gaza.jpg","width":580,"height":270},{"@type":"BreadcrumbList","@id":"https:\/\/www.pressenza.com\/it\/2014\/10\/comunita-milanese-gli-aiuti-umanitari-popolazione-gaza-assedio\/#breadcrumb","itemListElement":[{"@type":"ListItem","position":1,"name":"Accueil","item":"https:\/\/www.pressenza.com\/it\/"},{"@type":"ListItem","position":2,"name":"La comunit\u00e0 milanese e gli aiuti umanitari alla popolazione di Gaza ancora sotto assedio"}]},{"@type":"WebSite","@id":"https:\/\/www.pressenza.com\/it\/#website","url":"https:\/\/www.pressenza.com\/it\/","name":"Pressenza","description":"Agenzia di Stampa Internazionale","publisher":{"@id":"https:\/\/www.pressenza.com\/it\/#organization"},"potentialAction":[{"@type":"SearchAction","target":{"@type":"EntryPoint","urlTemplate":"https:\/\/www.pressenza.com\/it\/?s={search_term_string}"},"query-input":{"@type":"PropertyValueSpecification","valueRequired":true,"valueName":"search_term_string"}}],"inLanguage":"it-IT"},{"@type":"Organization","@id":"https:\/\/www.pressenza.com\/it\/#organization","name":"Pressenza","url":"https:\/\/www.pressenza.com\/it\/","logo":{"@type":"ImageObject","inLanguage":"it-IT","@id":"https:\/\/www.pressenza.com\/it\/#\/schema\/logo\/image\/","url":"https:\/\/www.pressenza.com\/wp-content\/uploads\/2022\/10\/pressenza_logo_200x200.jpg","contentUrl":"https:\/\/www.pressenza.com\/wp-content\/uploads\/2022\/10\/pressenza_logo_200x200.jpg","width":200,"height":200,"caption":"Pressenza"},"image":{"@id":"https:\/\/www.pressenza.com\/it\/#\/schema\/logo\/image\/"},"sameAs":["https:\/\/www.facebook.com\/PressenzaItalia","https:\/\/x.com\/PressenzaIPA"]},{"@type":"Person","@id":"https:\/\/www.pressenza.com\/it\/#\/schema\/person\/508a428987d2880e3d65bd35e6c7cbc5","name":"Anita Sonego","description":"Consigliera comunale a Milano per la lista Sinistra per Pisapia. \u00c8 stata presidente della Libera Universit\u00e0 delle Donne che ha fondato, assieme ad altre, nel 1987. All'interno della stessa Universit\u00e0 ha dato vita al gruppo \" Soggettivit\u00e0 Lesbica\". Quale Presidente della Commissione Pari Opportunit\u00e0 ha promosso i \" Tavoli delle Donne\", forme di partecipazione attiva della cittadinanza in relazione con l'Amministrazione Comunale. Si \u00e8 impegnata per realizzare i punti qualificanti del suo programma: -Istituzione del Registro delle Unioni Civili -Istituzione della Casa delle Donne -Difesa e potenziamento dei Consultori per la salute delle donne La sua attivit\u00e0 all'interno del Comune di Milano ha come ambito privilegiato la promozione della partecipazione, la difesa dei beni comuni, i diritti, il dare voce a chi non ha voce.","url":"https:\/\/www.pressenza.com\/it\/author\/anita-sonego\/"}]}},"place":"Milano","original_article_url":"","_links":{"self":[{"href":"https:\/\/www.pressenza.com\/it\/wp-json\/wp\/v2\/posts\/135835","targetHints":{"allow":["GET"]}}],"collection":[{"href":"https:\/\/www.pressenza.com\/it\/wp-json\/wp\/v2\/posts"}],"about":[{"href":"https:\/\/www.pressenza.com\/it\/wp-json\/wp\/v2\/types\/post"}],"author":[{"embeddable":true,"href":"https:\/\/www.pressenza.com\/it\/wp-json\/wp\/v2\/users\/1007"}],"replies":[{"embeddable":true,"href":"https:\/\/www.pressenza.com\/it\/wp-json\/wp\/v2\/comments?post=135835"}],"version-history":[{"count":0,"href":"https:\/\/www.pressenza.com\/it\/wp-json\/wp\/v2\/posts\/135835\/revisions"}],"wp:featuredmedia":[{"embeddable":true,"href":"https:\/\/www.pressenza.com\/it\/wp-json\/wp\/v2\/media\/135837"}],"wp:attachment":[{"href":"https:\/\/www.pressenza.com\/it\/wp-json\/wp\/v2\/media?parent=135835"}],"wp:term":[{"taxonomy":"category","embeddable":true,"href":"https:\/\/www.pressenza.com\/it\/wp-json\/wp\/v2\/categories?post=135835"},{"taxonomy":"post_tag","embeddable":true,"href":"https:\/\/www.pressenza.com\/it\/wp-json\/wp\/v2\/tags?post=135835"}],"curies":[{"name":"wp","href":"https:\/\/api.w.org\/{rel}","templated":true}]}}