{"id":135430,"date":"2014-09-29T18:39:49","date_gmt":"2014-09-29T17:39:49","guid":{"rendered":"http:\/\/www.pressenza.com\/?p=135430"},"modified":"2014-09-29T18:40:10","modified_gmt":"2014-09-29T17:40:10","slug":"messina-presentato-percorso-cammini-nonviolenza-ricerca-pace","status":"publish","type":"post","link":"https:\/\/www.pressenza.com\/it\/2014\/09\/messina-presentato-percorso-cammini-nonviolenza-ricerca-pace\/","title":{"rendered":"Messina: presentato il percorso &#8221;Cammini di nonviolenza, ricerca di pace&#8221;"},"content":{"rendered":"<p align=\"left\">Il percorso &#8220;Cammini di Nonviolenza, ricerca di Pace&#8221;, che prender\u00e0 il via gioved\u00ec 2 ottobre, in occasione delle celebrazione della Giornata internazionale della Nonviolenza, \u00e8 stato illustrato stamani, nel corso di un incontro con la stampa, dal sindaco, Renato Accorinti, dall&#8217;assessore alla Pubblica istruzione, Patrizia Panarello, dalla consigliera comunale, Ivana Risitano, e da alcuni rappresentanti del gruppo tematico &#8220;Nonviolenza, Pace, Disarmo, NoMuos&#8221; del movimento Cambiamo Messina dal Basso.<\/p>\n<p align=\"left\">\u201cCelebrare il 2 ottobre, la giornata internazionale della nonviolenza &#8211; ha detto Accorinti &#8211; significa credere che possa esistere un\u2019alternativa al sistema in cui sembriamo ingabbiati ed \u00e8 una tensione ideale che va dalla sfera personale e delle relazioni quotidiane a quella dei rapporti tra i popoli e delle scelte a dimensione planetaria. Piccoli e grandi uomini, nella storia,\u00a0hanno creduto possibile una strada diversa e hanno lasciato solchi aperti, in cui oggi abbiamo la possibilit\u00e0 di inoltrarci. Molti identificano la nonviolenza con un atteggiamento passivo, quasi arrendevole, eppure la nonviolenza \u00e8 un modo di stare al mondo dai risvolti molto concreti: si tratta di opporsi ad ogni forma di violenza, da quella dei rapporti interpersonali fondati sul sopruso del forte sul debole, a quella del modello economico in cui siamo immersi, a quella perpetrata sull\u2019ambiente da stili di vita predatori e consumisti\u201d.<\/p>\n<p align=\"left\">\u201cNoi celebreremo questa Giornata internazionale del 2 ottobre &#8211; ha continuato l&#8217;assessore Panarello &#8211; invitando le scuole alla lettura di brani sulla nonviolenza e all\u2019esposizione della bandiera della pace e la sera, alle ore 21, in piazza Unione Europea, faremo per la prima volta un\u2019ora di silenzio per la pace, come da anni, a Genova, fanno ogni mese. Abbiamo scelto il silenzio perch\u00e9 \u00e8 un codice universale, che unisce credenti di varie religioni e non credenti. Nel silenzio \u00e8 possibile meditare, riflettere, pregare; \u00e8 possibile rallentare rispetto ai ritmi frenetici della nostra quotidianit\u00e0, e dedicare tempo a se stessi e allo sguardo, anch\u2019esso spesso frettoloso e sfuggente\u201d.<\/p>\n<p align=\"left\">Le iniziative del percorso della pace proseguiranno, domenica 5 ottobre, alle ore 18, nel Salone delle Bandiere di Palazzo Zanca, con &#8220;Sui passi di Francesco&#8221;, un incontro sull&#8217;attualit\u00e0 del messaggio di Francesco d&#8217;Assisi, che \u00e8 patrimonio non solo dei cattolici e dei francescani, ma di tutta l&#8217;umanit\u00e0. Al convegno interverranno, dopo i saluti del sindaco Renato Accorinti, \u00a0padre Felice Scalia, che tratter\u00e0 \u201cLa fraternit\u00e0: la civilt\u00e0 dell\u2019amore, alternativa alla legge del pi\u00f9 forte\u201d; Tonino Cafeo, con \u00a0\u201cFrancesco e l&#8217;Islam\u201d; \u00a0Suor Anna Ingoglia su \u201cDalla parte degli ultimi\u201d . Il consigliere comunale Luigi Sturniolo relazioner\u00e0 su \u201cBeni comuni, beni in comune\u201d. Nel corso dei lavori sono previsti intermezzi poetici e musicali.<\/p>\n<p align=\"left\">&#8221;Cammini di nonviolenza, ricerca di pace&#8221; si concluder\u00e0 domenica 19 ottobre con la marcia Perugia-Assisi. \u201cQuello della nonviolenza \u00e8 un orizzonte antropologico, spirituale, politico &#8211; ha concluso Accorinti &#8211; \u00a0Messina \u00e8 gemellata con Assisi e anche questo gemellaggio ha un forte valore simbolico, perch\u00e9 Assisi \u00e8 citt\u00e0 di Pace e Francesco non smette di parlare a donne e uomini di tutte le religioni e le culture\u201d.<\/p>\n<p align=\"left\">Foto: Comune di Messina<\/p>\n","protected":false},"excerpt":{"rendered":"<p>Il percorso &#8220;Cammini di Nonviolenza, ricerca di Pace&#8221;, che prender\u00e0 il via gioved\u00ec 2 ottobre, in occasione delle celebrazione della Giornata internazionale della Nonviolenza, \u00e8 stato illustrato stamani, nel corso di un incontro con la stampa, dal sindaco, Renato Accorinti,&hellip;<\/p>\n","protected":false},"author":594,"featured_media":135431,"comment_status":"closed","ping_status":"open","sticky":false,"template":"","format":"standard","meta":{"footnotes":""},"categories":[150,47,1262],"tags":[719,636],"class_list":["post-135430","post","type-post","status-publish","format-standard","has-post-thumbnail","hentry","category-comunicati-stampa","category-europa","category-nonviolenza-argomento","tag-2-ottobre","tag-messina"],"yoast_head":"<!-- This site is optimized with the Yoast SEO plugin v27.1.1 - https:\/\/yoast.com\/product\/yoast-seo-wordpress\/ -->\n<title>Messina: presentato il percorso &#039;&#039;Cammini di nonviolenza, ricerca di pace&quot;<\/title>\n<meta name=\"description\" content=\"Il percorso &quot;Cammini di Nonviolenza, ricerca di Pace&quot;, che prender\u00e0 il via gioved\u00ec 2 ottobre, in occasione delle celebrazione della Giornata\" \/>\n<meta name=\"robots\" content=\"index, follow, max-snippet:-1, max-image-preview:large, max-video-preview:-1\" \/>\n<link rel=\"canonical\" href=\"https:\/\/www.pressenza.com\/it\/2014\/09\/messina-presentato-percorso-cammini-nonviolenza-ricerca-pace\/\" \/>\n<meta property=\"og:locale\" content=\"it_IT\" \/>\n<meta property=\"og:type\" content=\"article\" \/>\n<meta property=\"og:title\" content=\"Messina: presentato il percorso &#039;&#039;Cammini di nonviolenza, ricerca di pace&quot;\" \/>\n<meta property=\"og:description\" content=\"Il percorso &quot;Cammini di Nonviolenza, ricerca di Pace&quot;, che prender\u00e0 il via gioved\u00ec 2 ottobre, in occasione delle celebrazione della Giornata\" \/>\n<meta property=\"og:url\" content=\"https:\/\/www.pressenza.com\/it\/2014\/09\/messina-presentato-percorso-cammini-nonviolenza-ricerca-pace\/\" \/>\n<meta property=\"og:site_name\" content=\"Pressenza\" \/>\n<meta property=\"article:publisher\" content=\"https:\/\/www.facebook.com\/PressenzaItalia\" \/>\n<meta property=\"article:author\" content=\"https:\/\/www.facebook.com\/PressenzaItalia\" \/>\n<meta property=\"article:published_time\" content=\"2014-09-29T17:39:49+00:00\" \/>\n<meta property=\"article:modified_time\" content=\"2014-09-29T17:40:10+00:00\" \/>\n<meta property=\"og:image\" content=\"https:\/\/www.pressenza.com\/wp-content\/uploads\/2014\/09\/sindaco-Messina-conf-stampa.jpg\" \/>\n\t<meta property=\"og:image:width\" content=\"360\" \/>\n\t<meta property=\"og:image:height\" content=\"270\" \/>\n\t<meta property=\"og:image:type\" content=\"image\/jpeg\" \/>\n<meta name=\"author\" content=\"Redazione Italia\" \/>\n<meta name=\"twitter:card\" content=\"summary_large_image\" \/>\n<meta name=\"twitter:creator\" content=\"@pressenza_it\" \/>\n<meta name=\"twitter:site\" content=\"@PressenzaIPA\" \/>\n<meta name=\"twitter:label1\" content=\"Scritto da\" \/>\n\t<meta name=\"twitter:data1\" content=\"Redazione Italia\" \/>\n\t<meta name=\"twitter:label2\" content=\"Tempo di lettura stimato\" \/>\n\t<meta name=\"twitter:data2\" content=\"2 minuti\" \/>\n<script type=\"application\/ld+json\" class=\"yoast-schema-graph\">{\"@context\":\"https:\/\/schema.org\",\"@graph\":[{\"@type\":\"Article\",\"@id\":\"https:\/\/www.pressenza.com\/it\/2014\/09\/messina-presentato-percorso-cammini-nonviolenza-ricerca-pace\/#article\",\"isPartOf\":{\"@id\":\"https:\/\/www.pressenza.com\/it\/2014\/09\/messina-presentato-percorso-cammini-nonviolenza-ricerca-pace\/\"},\"author\":{\"name\":\"Redazione Italia\",\"@id\":\"https:\/\/www.pressenza.com\/it\/#\/schema\/person\/d983e81827ae24f2c7b1a2123d197f8d\"},\"headline\":\"Messina: presentato il percorso &#8221;Cammini di nonviolenza, ricerca di pace&#8221;\",\"datePublished\":\"2014-09-29T17:39:49+00:00\",\"dateModified\":\"2014-09-29T17:40:10+00:00\",\"mainEntityOfPage\":{\"@id\":\"https:\/\/www.pressenza.com\/it\/2014\/09\/messina-presentato-percorso-cammini-nonviolenza-ricerca-pace\/\"},\"wordCount\":502,\"publisher\":{\"@id\":\"https:\/\/www.pressenza.com\/it\/#organization\"},\"image\":{\"@id\":\"https:\/\/www.pressenza.com\/it\/2014\/09\/messina-presentato-percorso-cammini-nonviolenza-ricerca-pace\/#primaryimage\"},\"thumbnailUrl\":\"https:\/\/www.pressenza.com\/wp-content\/uploads\/2014\/09\/sindaco-Messina-conf-stampa.jpg\",\"keywords\":[\"2 ottobre\",\"Messina\"],\"articleSection\":[\"Comunicati Stampa\",\"Europa\",\"Nonviolenza\"],\"inLanguage\":\"it-IT\"},{\"@type\":\"WebPage\",\"@id\":\"https:\/\/www.pressenza.com\/it\/2014\/09\/messina-presentato-percorso-cammini-nonviolenza-ricerca-pace\/\",\"url\":\"https:\/\/www.pressenza.com\/it\/2014\/09\/messina-presentato-percorso-cammini-nonviolenza-ricerca-pace\/\",\"name\":\"Messina: presentato il percorso ''Cammini di nonviolenza, ricerca di pace\\\"\",\"isPartOf\":{\"@id\":\"https:\/\/www.pressenza.com\/it\/#website\"},\"primaryImageOfPage\":{\"@id\":\"https:\/\/www.pressenza.com\/it\/2014\/09\/messina-presentato-percorso-cammini-nonviolenza-ricerca-pace\/#primaryimage\"},\"image\":{\"@id\":\"https:\/\/www.pressenza.com\/it\/2014\/09\/messina-presentato-percorso-cammini-nonviolenza-ricerca-pace\/#primaryimage\"},\"thumbnailUrl\":\"https:\/\/www.pressenza.com\/wp-content\/uploads\/2014\/09\/sindaco-Messina-conf-stampa.jpg\",\"datePublished\":\"2014-09-29T17:39:49+00:00\",\"dateModified\":\"2014-09-29T17:40:10+00:00\",\"description\":\"Il percorso \\\"Cammini di Nonviolenza, ricerca di Pace\\\", che prender\u00e0 il via gioved\u00ec 2 ottobre, in occasione delle celebrazione della Giornata\",\"breadcrumb\":{\"@id\":\"https:\/\/www.pressenza.com\/it\/2014\/09\/messina-presentato-percorso-cammini-nonviolenza-ricerca-pace\/#breadcrumb\"},\"inLanguage\":\"it-IT\",\"potentialAction\":[{\"@type\":\"ReadAction\",\"target\":[\"https:\/\/www.pressenza.com\/it\/2014\/09\/messina-presentato-percorso-cammini-nonviolenza-ricerca-pace\/\"]}]},{\"@type\":\"ImageObject\",\"inLanguage\":\"it-IT\",\"@id\":\"https:\/\/www.pressenza.com\/it\/2014\/09\/messina-presentato-percorso-cammini-nonviolenza-ricerca-pace\/#primaryimage\",\"url\":\"https:\/\/www.pressenza.com\/wp-content\/uploads\/2014\/09\/sindaco-Messina-conf-stampa.jpg\",\"contentUrl\":\"https:\/\/www.pressenza.com\/wp-content\/uploads\/2014\/09\/sindaco-Messina-conf-stampa.jpg\",\"width\":360,\"height\":270},{\"@type\":\"BreadcrumbList\",\"@id\":\"https:\/\/www.pressenza.com\/it\/2014\/09\/messina-presentato-percorso-cammini-nonviolenza-ricerca-pace\/#breadcrumb\",\"itemListElement\":[{\"@type\":\"ListItem\",\"position\":1,\"name\":\"Accueil\",\"item\":\"https:\/\/www.pressenza.com\/it\/\"},{\"@type\":\"ListItem\",\"position\":2,\"name\":\"Messina: presentato il percorso &#8221;Cammini di nonviolenza, ricerca di pace&#8221;\"}]},{\"@type\":\"WebSite\",\"@id\":\"https:\/\/www.pressenza.com\/it\/#website\",\"url\":\"https:\/\/www.pressenza.com\/it\/\",\"name\":\"Pressenza\",\"description\":\"Agenzia di Stampa Internazionale\",\"publisher\":{\"@id\":\"https:\/\/www.pressenza.com\/it\/#organization\"},\"potentialAction\":[{\"@type\":\"SearchAction\",\"target\":{\"@type\":\"EntryPoint\",\"urlTemplate\":\"https:\/\/www.pressenza.com\/it\/?s={search_term_string}\"},\"query-input\":{\"@type\":\"PropertyValueSpecification\",\"valueRequired\":true,\"valueName\":\"search_term_string\"}}],\"inLanguage\":\"it-IT\"},{\"@type\":\"Organization\",\"@id\":\"https:\/\/www.pressenza.com\/it\/#organization\",\"name\":\"Pressenza\",\"url\":\"https:\/\/www.pressenza.com\/it\/\",\"logo\":{\"@type\":\"ImageObject\",\"inLanguage\":\"it-IT\",\"@id\":\"https:\/\/www.pressenza.com\/it\/#\/schema\/logo\/image\/\",\"url\":\"https:\/\/www.pressenza.com\/wp-content\/uploads\/2022\/10\/pressenza_logo_200x200.jpg\",\"contentUrl\":\"https:\/\/www.pressenza.com\/wp-content\/uploads\/2022\/10\/pressenza_logo_200x200.jpg\",\"width\":200,\"height\":200,\"caption\":\"Pressenza\"},\"image\":{\"@id\":\"https:\/\/www.pressenza.com\/it\/#\/schema\/logo\/image\/\"},\"sameAs\":[\"https:\/\/www.facebook.com\/PressenzaItalia\",\"https:\/\/x.com\/PressenzaIPA\"]},{\"@type\":\"Person\",\"@id\":\"https:\/\/www.pressenza.com\/it\/#\/schema\/person\/d983e81827ae24f2c7b1a2123d197f8d\",\"name\":\"Redazione Italia\",\"description\":\"News from the Pressenza Bureau in Italy\",\"sameAs\":[\"https:\/\/www.pressenza.com\/it\/author\/redazione-italia\/\",\"https:\/\/www.facebook.com\/PressenzaItalia\",\"https:\/\/www.instagram.com\/pressenza_italia\/\",\"https:\/\/x.com\/pressenza_it\",\"https:\/\/www.youtube.com\/channel\/UCSalEIWjE1RSxkwjfftFuqg\"],\"url\":\"https:\/\/www.pressenza.com\/it\/author\/redazione-italia\/\"}]}<\/script>\n<!-- \/ Yoast SEO plugin. -->","yoast_head_json":{"title":"Messina: presentato il percorso ''Cammini di nonviolenza, ricerca di pace\"","description":"Il percorso \"Cammini di Nonviolenza, ricerca di Pace\", che prender\u00e0 il via gioved\u00ec 2 ottobre, in occasione delle celebrazione della Giornata","robots":{"index":"index","follow":"follow","max-snippet":"max-snippet:-1","max-image-preview":"max-image-preview:large","max-video-preview":"max-video-preview:-1"},"canonical":"https:\/\/www.pressenza.com\/it\/2014\/09\/messina-presentato-percorso-cammini-nonviolenza-ricerca-pace\/","og_locale":"it_IT","og_type":"article","og_title":"Messina: presentato il percorso ''Cammini di nonviolenza, ricerca di pace\"","og_description":"Il percorso \"Cammini di Nonviolenza, ricerca di Pace\", che prender\u00e0 il via gioved\u00ec 2 ottobre, in occasione delle celebrazione della Giornata","og_url":"https:\/\/www.pressenza.com\/it\/2014\/09\/messina-presentato-percorso-cammini-nonviolenza-ricerca-pace\/","og_site_name":"Pressenza","article_publisher":"https:\/\/www.facebook.com\/PressenzaItalia","article_author":"https:\/\/www.facebook.com\/PressenzaItalia","article_published_time":"2014-09-29T17:39:49+00:00","article_modified_time":"2014-09-29T17:40:10+00:00","og_image":[{"width":360,"height":270,"url":"https:\/\/www.pressenza.com\/wp-content\/uploads\/2014\/09\/sindaco-Messina-conf-stampa.jpg","type":"image\/jpeg"}],"author":"Redazione Italia","twitter_card":"summary_large_image","twitter_creator":"@pressenza_it","twitter_site":"@PressenzaIPA","twitter_misc":{"Scritto da":"Redazione Italia","Tempo di lettura stimato":"2 minuti"},"schema":{"@context":"https:\/\/schema.org","@graph":[{"@type":"Article","@id":"https:\/\/www.pressenza.com\/it\/2014\/09\/messina-presentato-percorso-cammini-nonviolenza-ricerca-pace\/#article","isPartOf":{"@id":"https:\/\/www.pressenza.com\/it\/2014\/09\/messina-presentato-percorso-cammini-nonviolenza-ricerca-pace\/"},"author":{"name":"Redazione Italia","@id":"https:\/\/www.pressenza.com\/it\/#\/schema\/person\/d983e81827ae24f2c7b1a2123d197f8d"},"headline":"Messina: presentato il percorso &#8221;Cammini di nonviolenza, ricerca di pace&#8221;","datePublished":"2014-09-29T17:39:49+00:00","dateModified":"2014-09-29T17:40:10+00:00","mainEntityOfPage":{"@id":"https:\/\/www.pressenza.com\/it\/2014\/09\/messina-presentato-percorso-cammini-nonviolenza-ricerca-pace\/"},"wordCount":502,"publisher":{"@id":"https:\/\/www.pressenza.com\/it\/#organization"},"image":{"@id":"https:\/\/www.pressenza.com\/it\/2014\/09\/messina-presentato-percorso-cammini-nonviolenza-ricerca-pace\/#primaryimage"},"thumbnailUrl":"https:\/\/www.pressenza.com\/wp-content\/uploads\/2014\/09\/sindaco-Messina-conf-stampa.jpg","keywords":["2 ottobre","Messina"],"articleSection":["Comunicati Stampa","Europa","Nonviolenza"],"inLanguage":"it-IT"},{"@type":"WebPage","@id":"https:\/\/www.pressenza.com\/it\/2014\/09\/messina-presentato-percorso-cammini-nonviolenza-ricerca-pace\/","url":"https:\/\/www.pressenza.com\/it\/2014\/09\/messina-presentato-percorso-cammini-nonviolenza-ricerca-pace\/","name":"Messina: presentato il percorso ''Cammini di nonviolenza, ricerca di pace\"","isPartOf":{"@id":"https:\/\/www.pressenza.com\/it\/#website"},"primaryImageOfPage":{"@id":"https:\/\/www.pressenza.com\/it\/2014\/09\/messina-presentato-percorso-cammini-nonviolenza-ricerca-pace\/#primaryimage"},"image":{"@id":"https:\/\/www.pressenza.com\/it\/2014\/09\/messina-presentato-percorso-cammini-nonviolenza-ricerca-pace\/#primaryimage"},"thumbnailUrl":"https:\/\/www.pressenza.com\/wp-content\/uploads\/2014\/09\/sindaco-Messina-conf-stampa.jpg","datePublished":"2014-09-29T17:39:49+00:00","dateModified":"2014-09-29T17:40:10+00:00","description":"Il percorso \"Cammini di Nonviolenza, ricerca di Pace\", che prender\u00e0 il via gioved\u00ec 2 ottobre, in occasione delle celebrazione della Giornata","breadcrumb":{"@id":"https:\/\/www.pressenza.com\/it\/2014\/09\/messina-presentato-percorso-cammini-nonviolenza-ricerca-pace\/#breadcrumb"},"inLanguage":"it-IT","potentialAction":[{"@type":"ReadAction","target":["https:\/\/www.pressenza.com\/it\/2014\/09\/messina-presentato-percorso-cammini-nonviolenza-ricerca-pace\/"]}]},{"@type":"ImageObject","inLanguage":"it-IT","@id":"https:\/\/www.pressenza.com\/it\/2014\/09\/messina-presentato-percorso-cammini-nonviolenza-ricerca-pace\/#primaryimage","url":"https:\/\/www.pressenza.com\/wp-content\/uploads\/2014\/09\/sindaco-Messina-conf-stampa.jpg","contentUrl":"https:\/\/www.pressenza.com\/wp-content\/uploads\/2014\/09\/sindaco-Messina-conf-stampa.jpg","width":360,"height":270},{"@type":"BreadcrumbList","@id":"https:\/\/www.pressenza.com\/it\/2014\/09\/messina-presentato-percorso-cammini-nonviolenza-ricerca-pace\/#breadcrumb","itemListElement":[{"@type":"ListItem","position":1,"name":"Accueil","item":"https:\/\/www.pressenza.com\/it\/"},{"@type":"ListItem","position":2,"name":"Messina: presentato il percorso &#8221;Cammini di nonviolenza, ricerca di pace&#8221;"}]},{"@type":"WebSite","@id":"https:\/\/www.pressenza.com\/it\/#website","url":"https:\/\/www.pressenza.com\/it\/","name":"Pressenza","description":"Agenzia di Stampa Internazionale","publisher":{"@id":"https:\/\/www.pressenza.com\/it\/#organization"},"potentialAction":[{"@type":"SearchAction","target":{"@type":"EntryPoint","urlTemplate":"https:\/\/www.pressenza.com\/it\/?s={search_term_string}"},"query-input":{"@type":"PropertyValueSpecification","valueRequired":true,"valueName":"search_term_string"}}],"inLanguage":"it-IT"},{"@type":"Organization","@id":"https:\/\/www.pressenza.com\/it\/#organization","name":"Pressenza","url":"https:\/\/www.pressenza.com\/it\/","logo":{"@type":"ImageObject","inLanguage":"it-IT","@id":"https:\/\/www.pressenza.com\/it\/#\/schema\/logo\/image\/","url":"https:\/\/www.pressenza.com\/wp-content\/uploads\/2022\/10\/pressenza_logo_200x200.jpg","contentUrl":"https:\/\/www.pressenza.com\/wp-content\/uploads\/2022\/10\/pressenza_logo_200x200.jpg","width":200,"height":200,"caption":"Pressenza"},"image":{"@id":"https:\/\/www.pressenza.com\/it\/#\/schema\/logo\/image\/"},"sameAs":["https:\/\/www.facebook.com\/PressenzaItalia","https:\/\/x.com\/PressenzaIPA"]},{"@type":"Person","@id":"https:\/\/www.pressenza.com\/it\/#\/schema\/person\/d983e81827ae24f2c7b1a2123d197f8d","name":"Redazione Italia","description":"News from the Pressenza Bureau in Italy","sameAs":["https:\/\/www.pressenza.com\/it\/author\/redazione-italia\/","https:\/\/www.facebook.com\/PressenzaItalia","https:\/\/www.instagram.com\/pressenza_italia\/","https:\/\/x.com\/pressenza_it","https:\/\/www.youtube.com\/channel\/UCSalEIWjE1RSxkwjfftFuqg"],"url":"https:\/\/www.pressenza.com\/it\/author\/redazione-italia\/"}]}},"place":"Messina","original_article_url":"","_links":{"self":[{"href":"https:\/\/www.pressenza.com\/it\/wp-json\/wp\/v2\/posts\/135430","targetHints":{"allow":["GET"]}}],"collection":[{"href":"https:\/\/www.pressenza.com\/it\/wp-json\/wp\/v2\/posts"}],"about":[{"href":"https:\/\/www.pressenza.com\/it\/wp-json\/wp\/v2\/types\/post"}],"author":[{"embeddable":true,"href":"https:\/\/www.pressenza.com\/it\/wp-json\/wp\/v2\/users\/594"}],"replies":[{"embeddable":true,"href":"https:\/\/www.pressenza.com\/it\/wp-json\/wp\/v2\/comments?post=135430"}],"version-history":[{"count":0,"href":"https:\/\/www.pressenza.com\/it\/wp-json\/wp\/v2\/posts\/135430\/revisions"}],"wp:featuredmedia":[{"embeddable":true,"href":"https:\/\/www.pressenza.com\/it\/wp-json\/wp\/v2\/media\/135431"}],"wp:attachment":[{"href":"https:\/\/www.pressenza.com\/it\/wp-json\/wp\/v2\/media?parent=135430"}],"wp:term":[{"taxonomy":"category","embeddable":true,"href":"https:\/\/www.pressenza.com\/it\/wp-json\/wp\/v2\/categories?post=135430"},{"taxonomy":"post_tag","embeddable":true,"href":"https:\/\/www.pressenza.com\/it\/wp-json\/wp\/v2\/tags?post=135430"}],"curies":[{"name":"wp","href":"https:\/\/api.w.org\/{rel}","templated":true}]}}