{"id":1353665,"date":"2021-05-03T18:05:20","date_gmt":"2021-05-03T17:05:20","guid":{"rendered":"https:\/\/www.pressenza.com\/?p=1353665"},"modified":"2021-05-03T18:08:57","modified_gmt":"2021-05-03T17:08:57","slug":"la-funzione-ecologica-delledera-una-pianta-perseguitata","status":"publish","type":"post","link":"https:\/\/www.pressenza.com\/it\/2021\/05\/la-funzione-ecologica-delledera-una-pianta-perseguitata\/","title":{"rendered":"La funzione ecologica dell\u2019edera, una pianta \u201cperseguitata\u201d"},"content":{"rendered":"<p>\u00c8 primavera, \u00e8 la stagione in cui la Natura si risveglia e allo stesso tempo \u00e8 la stagione in cui si \u201cfa pulizia\u201d. Questa \u00e8 la tipica espressione che viene usata per \u201csistemare i boschi\u201d e \u201ctenerli in ordine\u201d, ma che spesso sfocia in incendi dolosi o addirittura in massicci disboscamenti mai motivati, se non in vista dei periodi di caccia. Queste espressioni linguistiche e modi di dire non denotano i saperi tramandati dai nostri nonni, dai vecchi contadini e agricoltori, ma un retaggio culturale che ormai si \u00e8 insediato \u201cnormalmente\u201d nelle nostre societ\u00e0: il distacco tra essere umano e Natura. Le pratiche di disboscamento incondizionato, immotivato e irrazionale che vengono spacciate con il termine di \u201cpulizia\u201d assomigliano pi\u00f9 a una pratica di \u201cpolizia\u201d, in cui la Natura deve sottostare al modo in cui viene concepita dall\u2019essere umano.<\/p>\n<p>Tra le vittime di queste pulizie c\u2019\u00e8 una pianta che il nostro linguaggio definisce \u201cinutile\u201d, \u201cnociva\u201d, \u201cdegradante\u201d e che \u201cdanneggia il bosco\u201d. Pu\u00f2 essere decorativa ed ornamentale solo nei parametri previsti dall\u2019essere umano: stiamo parlando dell\u2019edera. Il suo nome scientifico \u00e8<em> Hedera helix<\/em>\u00a0ed \u00e8 un arbusto rampicante che viene\u00a0spesso distrutto perch\u00e9 accusato di essere \u201cspecie parassita\u201d responsabile del soffocamento e del disseccamento degli alberi.<\/p>\n<p>Nulla di pi\u00f9 falso e a dirlo non sono fricchettoni hippy che amano incommensurabilmente Madre Natura, ma la scienza botanica. L\u2019edera\u00a0svolge\u00a0un importantissimo ruolo ecologico per i micro-ecosistemi, l\u2019equilibrio del bosco e la fauna selvatica. Sebbene venga spesso tagliata \u201cper il bene del bosco\u201d, l\u2019edera non si nutre della linfa dell\u2019albero, ma semplicemente si serve dell\u2019albero ospite in quanto pianta rampicante come la passiflora, la vite, il glicine, la bignonia e il caprifoglio.<\/p>\n<p>Inoltre le foglie dell&#8217;edera\u00a0sono scure perch\u00e9 sono molto ricche di clorofilla e possono svolgere la fotosintesi anche in condizioni di luce molto sfavorevoli per le altre piante. L\u2019edera\u00a0si arrampica sul tronco senza mai arrivare dove si trovano le foglie della pianta ospite, senza mai entrare in competizione con essa per la luce. Le radici dell\u2019edera la rendono autosufficiente, non competono con la pianta ospite, ma addirittura la aiutano. La sua massima attivit\u00e0 fotosintetica avviene quando la pianta-ospite \u00e8 in riposo vegetativo, contribuendo cos\u00ec ad accumulare risorse energetiche anche durante l&#8217;inverno e a metterle a disposizione della pianta-ospite quando essa ne avr\u00e0 bisogno per riprendere l&#8217;attivit\u00e0 vegetativa in primavera. L\u2019edera\u00a0ha tutto l\u2019interesse che la pianta su cui si arrampica sia sana e che si spinga in alto a sovrastare le altre piante del sottobosco, con le quali invece essa\u00a0compete.<\/p>\n<p>Non bisogna dimenticare che con i suoi frutti e i suoi fiori l&#8217;edera\u00a0attira mammiferi, uccelli ed insetti che contribuiscono anche all&#8217;impollinazione e alla disseminazione della pianta ospite. Secondo degli studi, i suoi fiori sono di\u00a0enorme importanza per le api\u00a0che li visitano immettendo grandi quantit\u00e0 di nettare e polline. Per le api i suoi fiori sono una salvezza, in quanto sono disponibili in settembre-ottobre, periodo in cui mancano tutti gli altri fiori. Secondo la Federazione Apicoltori Italiani,\u00a0un ettaro coltivato ad edera\u00a0potrebbe fornire dai 200 ai 500 chilogrammi di miele ogni anno.<\/p>\n<p>Le foglie sempreverdi dell\u2019edera sono molto importanti per i boschi, in quanto cibo per rare specie di farfalle\u00a0come la falena dell\u2019edera e per animali erbivori\u00a0come cervi, daini, caprioli soprattutto nella stagione invernale, quando scarseggiano altre fonti alimentari. Quando cadono sul suolo si decompongono rapidamente e\u00a0formano humus di buona qualit\u00e0 per altre specie vegetali. La copertura delle sue foglie, che avvolge i tronchi, protegge gli alberi dalle temperature rigide. Le radici dell&#8217;edera\u00a0e quelle della pianta ospite sono intimamente connesse grazie alle micorrize, scambiandosi sostanze nutritive e messaggi molecolari per contribuire allo stato di salute e benessere di entrambe le specie.<\/p>\n<p>L\u2019edera, la pianta di Dioniso per gli antichi Greci,\u00a0opera anche una selezione naturale del bosco e con il suo peso\u00a0contribuisce a far cadere gli\u00a0alberi meno resistenti o\u00a0malati, accelerando il processo di maturazione e\u00a0di rinnovo\u00a0del bosco. Secondo il ciclo biologico, e quindi senza l\u2019intervento dell\u2019uomo, le piante morte\u00a0che cadono al suolo\u00a0diventano alimento per gli insetti xilofagi e\u00a0i funghi che si nutrono del legno in decomposizione.<\/p>\n<p>In questo stadio l\u2019edera non \u00e8 dunque un parassita, ma \u00e8 la pianta ospite a lasciarle pi\u00f9 spazio per conquistare la chioma, permettendole di compiere il suo ultimo compito ecologico: accompagnare lentamente la morte della pianta, diventando un importante fattore di stabilit\u00e0 ecologica del bosco.<\/p>\n<p>Oltre ad offrire tra i suoi rametti un luogo accogliente per la nidificazione di uccelli, le sue bacche, sebbene siano velenose per l\u2019essere umano, vengono\u00a0consumate da tordi, merli, storni\u00a0e molte altre specie, che in determinate stagioni dell\u2019anno\u00a0si nutrono quasi esclusivamente dei suoi frutti in assenza di altri.<\/p>\n<p>L\u2019edera \u00e8 infine una pianta\u00a0molto utilizzata in fitoterapia ed erboristeria, in quanto contiene saponine, tannino, resine, sali minerali e svolge una funzione espettorante<a href=\"#_ftn1\" name=\"_ftnref1\">[1]<\/a>, emmenagoga<a href=\"#_ftn2\" name=\"_ftnref2\">[2]<\/a> e antireumatica. Pu\u00f2 essere usata anche a livello cosmetico con un infuso in acqua per sciacquare i capelli dopo lo shampoo, rendendoli lucidi e scuri, oltre ad avere propriet\u00e0 astringente e a coadiuvare cure anticellulite.<\/p>\n<p>Una decina d\u2019anni fa la NASA<a href=\"#_ftn3\" name=\"_ftnref3\">[3]<\/a> ha divulgato le caratteristiche di alcune piante con propriet\u00e0 fito-depurative in funzione anti-inquinamento; tra queste veniva menzionata l\u2019edera, in quanto avrebbe la capacit\u00e0 di assorbire il 90% del benzene ed oltre il 10% del tricloroetilene, due grandi sostanze inquinanti per l\u2019aria e il suolo.<\/p>\n<p>Tagliare l\u2019edera significa dunque danneggiare i boschi e soprattutto eliminare un\u2019indispensabile fonte trofica per le specie di animali selvatici. In Natura nulla si presenta per caso e nulla \u00e8 inutile, ma tutto \u00e8 interconnesso e coopera in un delicato e complesso sistema ecologico fatto di equilibri, interdipendenza e autosostentamento.<\/p>\n<p>In un periodo storico in cui i temi ambientali sono sempre pi\u00f9 al centro del dibattito politico e culturale, \u00e8 arrivato il momento di abbandonare le gestioni selvi-colturali delle guardie forestali e dei piccoli privati indirizzate verso la \u201ccapitozzatura\u201d e la \u201ctabula rasa\u201d <em>tout court<\/em>, approfondendo invece la conoscenza botanica che ci permette di capire come le piante possano vivere benissimo da sole senza troppo intervento antropico.<\/p>\n<p>Forse dovremmo imparare dalle piante e in particolare dall\u2019edera a pensare come il nostro sviluppo possa essere uno sviluppo per tutti, senza che rimanga un\u2019azione egoistica.<\/p>\n<p><a href=\"#_ftnref1\" name=\"_ftn1\">[1]<\/a> che facilita l&#8217;espulsione del catarro bronchiale per via orale<\/p>\n<p><a href=\"#_ftnref2\" name=\"_ftn2\">[2]<\/a> capace di stimolare la mestruazione<\/p>\n<p><a href=\"#_ftnref3\" name=\"_ftn3\">[3]<\/a> <a href=\"https:\/\/archive.org\/details\/nasa_techdoc_19930072988\">https:\/\/archive.org\/details\/nasa_techdoc_19930072988<\/a><\/p>\n","protected":false},"excerpt":{"rendered":"<p>\u00c8 primavera, \u00e8 la stagione in cui la Natura si risveglia e allo stesso tempo \u00e8 la stagione in cui si \u201cfa pulizia\u201d. Questa \u00e8 la tipica espressione che viene usata per \u201csistemare i boschi\u201d e \u201ctenerli in ordine\u201d, ma&hellip;<\/p>\n","protected":false},"author":1887,"featured_media":1353666,"comment_status":"closed","ping_status":"closed","sticky":false,"template":"","format":"standard","meta":{"footnotes":""},"categories":[11388,59,162],"tags":[27468,90556,72659,3896,90557],"class_list":["post-1353665","post","type-post","status-publish","format-standard","has-post-thumbnail","hentry","category-contenuti-originali","category-ambiente-ecologia","category-opinioni","tag-disboscamento","tag-edera","tag-interconnessione","tag-natura","tag-ruolo-ecologico"],"yoast_head":"<!-- This site is optimized with the Yoast SEO plugin v27.1.1 - https:\/\/yoast.com\/product\/yoast-seo-wordpress\/ -->\n<title>La funzione ecologica dell\u2019edera, una pianta \u201cperseguitata\u201d<\/title>\n<meta name=\"description\" content=\"\u00c8 primavera, \u00e8 la stagione in cui la Natura si risveglia e allo stesso tempo \u00e8 la stagione in cui si \u201cfa pulizia\u201d. Questa \u00e8 la tipica espressione che\" \/>\n<meta name=\"robots\" content=\"index, follow, max-snippet:-1, max-image-preview:large, max-video-preview:-1\" \/>\n<link rel=\"canonical\" href=\"https:\/\/www.pressenza.com\/it\/2021\/05\/la-funzione-ecologica-delledera-una-pianta-perseguitata\/\" \/>\n<meta property=\"og:locale\" content=\"it_IT\" \/>\n<meta property=\"og:type\" content=\"article\" \/>\n<meta property=\"og:title\" content=\"La funzione ecologica dell\u2019edera, una pianta \u201cperseguitata\u201d\" \/>\n<meta property=\"og:description\" content=\"\u00c8 primavera, \u00e8 la stagione in cui la Natura si risveglia e allo stesso tempo \u00e8 la stagione in cui si \u201cfa pulizia\u201d. Questa \u00e8 la tipica espressione che\" \/>\n<meta property=\"og:url\" content=\"https:\/\/www.pressenza.com\/it\/2021\/05\/la-funzione-ecologica-delledera-una-pianta-perseguitata\/\" \/>\n<meta property=\"og:site_name\" content=\"Pressenza\" \/>\n<meta property=\"article:publisher\" content=\"https:\/\/www.facebook.com\/PressenzaItalia\" \/>\n<meta property=\"article:published_time\" content=\"2021-05-03T17:05:20+00:00\" \/>\n<meta property=\"article:modified_time\" content=\"2021-05-03T17:08:57+00:00\" \/>\n<meta property=\"og:image\" content=\"https:\/\/www.pressenza.com\/wp-content\/uploads\/2021\/05\/foto-Edera.jpg\" \/>\n\t<meta property=\"og:image:width\" content=\"1920\" \/>\n\t<meta property=\"og:image:height\" content=\"1275\" \/>\n\t<meta property=\"og:image:type\" content=\"image\/jpeg\" \/>\n<meta name=\"author\" content=\"Lorenzo Poli\" \/>\n<meta name=\"twitter:card\" content=\"summary_large_image\" \/>\n<meta name=\"twitter:creator\" content=\"@PressenzaIPA\" \/>\n<meta name=\"twitter:site\" content=\"@PressenzaIPA\" \/>\n<meta name=\"twitter:label1\" content=\"Scritto da\" \/>\n\t<meta name=\"twitter:data1\" content=\"Lorenzo Poli\" \/>\n\t<meta name=\"twitter:label2\" content=\"Tempo di lettura stimato\" \/>\n\t<meta name=\"twitter:data2\" content=\"5 minuti\" \/>\n<script type=\"application\/ld+json\" class=\"yoast-schema-graph\">{\"@context\":\"https:\/\/schema.org\",\"@graph\":[{\"@type\":\"Article\",\"@id\":\"https:\/\/www.pressenza.com\/it\/2021\/05\/la-funzione-ecologica-delledera-una-pianta-perseguitata\/#article\",\"isPartOf\":{\"@id\":\"https:\/\/www.pressenza.com\/it\/2021\/05\/la-funzione-ecologica-delledera-una-pianta-perseguitata\/\"},\"author\":{\"name\":\"Lorenzo Poli\",\"@id\":\"https:\/\/www.pressenza.com\/it\/#\/schema\/person\/83cab62d5aaad28d2ef7c9b71a62926b\"},\"headline\":\"La funzione ecologica dell\u2019edera, una pianta \u201cperseguitata\u201d\",\"datePublished\":\"2021-05-03T17:05:20+00:00\",\"dateModified\":\"2021-05-03T17:08:57+00:00\",\"mainEntityOfPage\":{\"@id\":\"https:\/\/www.pressenza.com\/it\/2021\/05\/la-funzione-ecologica-delledera-una-pianta-perseguitata\/\"},\"wordCount\":1083,\"publisher\":{\"@id\":\"https:\/\/www.pressenza.com\/it\/#organization\"},\"image\":{\"@id\":\"https:\/\/www.pressenza.com\/it\/2021\/05\/la-funzione-ecologica-delledera-una-pianta-perseguitata\/#primaryimage\"},\"thumbnailUrl\":\"https:\/\/www.pressenza.com\/wp-content\/uploads\/2021\/05\/foto-Edera.jpg\",\"keywords\":[\"disboscamento\",\"edera\",\"interconnessione\",\"natura\",\"ruolo ecologico\"],\"articleSection\":[\"contenuti originali\",\"Ecologia ed Ambiente\",\"Opinioni\"],\"inLanguage\":\"it-IT\"},{\"@type\":\"WebPage\",\"@id\":\"https:\/\/www.pressenza.com\/it\/2021\/05\/la-funzione-ecologica-delledera-una-pianta-perseguitata\/\",\"url\":\"https:\/\/www.pressenza.com\/it\/2021\/05\/la-funzione-ecologica-delledera-una-pianta-perseguitata\/\",\"name\":\"La funzione ecologica dell\u2019edera, una pianta \u201cperseguitata\u201d\",\"isPartOf\":{\"@id\":\"https:\/\/www.pressenza.com\/it\/#website\"},\"primaryImageOfPage\":{\"@id\":\"https:\/\/www.pressenza.com\/it\/2021\/05\/la-funzione-ecologica-delledera-una-pianta-perseguitata\/#primaryimage\"},\"image\":{\"@id\":\"https:\/\/www.pressenza.com\/it\/2021\/05\/la-funzione-ecologica-delledera-una-pianta-perseguitata\/#primaryimage\"},\"thumbnailUrl\":\"https:\/\/www.pressenza.com\/wp-content\/uploads\/2021\/05\/foto-Edera.jpg\",\"datePublished\":\"2021-05-03T17:05:20+00:00\",\"dateModified\":\"2021-05-03T17:08:57+00:00\",\"description\":\"\u00c8 primavera, \u00e8 la stagione in cui la Natura si risveglia e allo stesso tempo \u00e8 la stagione in cui si \u201cfa pulizia\u201d. Questa \u00e8 la tipica espressione che\",\"breadcrumb\":{\"@id\":\"https:\/\/www.pressenza.com\/it\/2021\/05\/la-funzione-ecologica-delledera-una-pianta-perseguitata\/#breadcrumb\"},\"inLanguage\":\"it-IT\",\"potentialAction\":[{\"@type\":\"ReadAction\",\"target\":[\"https:\/\/www.pressenza.com\/it\/2021\/05\/la-funzione-ecologica-delledera-una-pianta-perseguitata\/\"]}]},{\"@type\":\"ImageObject\",\"inLanguage\":\"it-IT\",\"@id\":\"https:\/\/www.pressenza.com\/it\/2021\/05\/la-funzione-ecologica-delledera-una-pianta-perseguitata\/#primaryimage\",\"url\":\"https:\/\/www.pressenza.com\/wp-content\/uploads\/2021\/05\/foto-Edera.jpg\",\"contentUrl\":\"https:\/\/www.pressenza.com\/wp-content\/uploads\/2021\/05\/foto-Edera.jpg\",\"width\":1920,\"height\":1275},{\"@type\":\"BreadcrumbList\",\"@id\":\"https:\/\/www.pressenza.com\/it\/2021\/05\/la-funzione-ecologica-delledera-una-pianta-perseguitata\/#breadcrumb\",\"itemListElement\":[{\"@type\":\"ListItem\",\"position\":1,\"name\":\"Accueil\",\"item\":\"https:\/\/www.pressenza.com\/it\/\"},{\"@type\":\"ListItem\",\"position\":2,\"name\":\"La funzione ecologica dell\u2019edera, una pianta \u201cperseguitata\u201d\"}]},{\"@type\":\"WebSite\",\"@id\":\"https:\/\/www.pressenza.com\/it\/#website\",\"url\":\"https:\/\/www.pressenza.com\/it\/\",\"name\":\"Pressenza\",\"description\":\"Agenzia di Stampa Internazionale\",\"publisher\":{\"@id\":\"https:\/\/www.pressenza.com\/it\/#organization\"},\"potentialAction\":[{\"@type\":\"SearchAction\",\"target\":{\"@type\":\"EntryPoint\",\"urlTemplate\":\"https:\/\/www.pressenza.com\/it\/?s={search_term_string}\"},\"query-input\":{\"@type\":\"PropertyValueSpecification\",\"valueRequired\":true,\"valueName\":\"search_term_string\"}}],\"inLanguage\":\"it-IT\"},{\"@type\":\"Organization\",\"@id\":\"https:\/\/www.pressenza.com\/it\/#organization\",\"name\":\"Pressenza\",\"url\":\"https:\/\/www.pressenza.com\/it\/\",\"logo\":{\"@type\":\"ImageObject\",\"inLanguage\":\"it-IT\",\"@id\":\"https:\/\/www.pressenza.com\/it\/#\/schema\/logo\/image\/\",\"url\":\"https:\/\/www.pressenza.com\/wp-content\/uploads\/2022\/10\/pressenza_logo_200x200.jpg\",\"contentUrl\":\"https:\/\/www.pressenza.com\/wp-content\/uploads\/2022\/10\/pressenza_logo_200x200.jpg\",\"width\":200,\"height\":200,\"caption\":\"Pressenza\"},\"image\":{\"@id\":\"https:\/\/www.pressenza.com\/it\/#\/schema\/logo\/image\/\"},\"sameAs\":[\"https:\/\/www.facebook.com\/PressenzaItalia\",\"https:\/\/x.com\/PressenzaIPA\"]},{\"@type\":\"Person\",\"@id\":\"https:\/\/www.pressenza.com\/it\/#\/schema\/person\/83cab62d5aaad28d2ef7c9b71a62926b\",\"name\":\"Lorenzo Poli\",\"url\":\"https:\/\/www.pressenza.com\/it\/author\/lorenzo-poli\/\"}]}<\/script>\n<!-- \/ Yoast SEO plugin. -->","yoast_head_json":{"title":"La funzione ecologica dell\u2019edera, una pianta \u201cperseguitata\u201d","description":"\u00c8 primavera, \u00e8 la stagione in cui la Natura si risveglia e allo stesso tempo \u00e8 la stagione in cui si \u201cfa pulizia\u201d. Questa \u00e8 la tipica espressione che","robots":{"index":"index","follow":"follow","max-snippet":"max-snippet:-1","max-image-preview":"max-image-preview:large","max-video-preview":"max-video-preview:-1"},"canonical":"https:\/\/www.pressenza.com\/it\/2021\/05\/la-funzione-ecologica-delledera-una-pianta-perseguitata\/","og_locale":"it_IT","og_type":"article","og_title":"La funzione ecologica dell\u2019edera, una pianta \u201cperseguitata\u201d","og_description":"\u00c8 primavera, \u00e8 la stagione in cui la Natura si risveglia e allo stesso tempo \u00e8 la stagione in cui si \u201cfa pulizia\u201d. Questa \u00e8 la tipica espressione che","og_url":"https:\/\/www.pressenza.com\/it\/2021\/05\/la-funzione-ecologica-delledera-una-pianta-perseguitata\/","og_site_name":"Pressenza","article_publisher":"https:\/\/www.facebook.com\/PressenzaItalia","article_published_time":"2021-05-03T17:05:20+00:00","article_modified_time":"2021-05-03T17:08:57+00:00","og_image":[{"width":1920,"height":1275,"url":"https:\/\/www.pressenza.com\/wp-content\/uploads\/2021\/05\/foto-Edera.jpg","type":"image\/jpeg"}],"author":"Lorenzo Poli","twitter_card":"summary_large_image","twitter_creator":"@PressenzaIPA","twitter_site":"@PressenzaIPA","twitter_misc":{"Scritto da":"Lorenzo Poli","Tempo di lettura stimato":"5 minuti"},"schema":{"@context":"https:\/\/schema.org","@graph":[{"@type":"Article","@id":"https:\/\/www.pressenza.com\/it\/2021\/05\/la-funzione-ecologica-delledera-una-pianta-perseguitata\/#article","isPartOf":{"@id":"https:\/\/www.pressenza.com\/it\/2021\/05\/la-funzione-ecologica-delledera-una-pianta-perseguitata\/"},"author":{"name":"Lorenzo Poli","@id":"https:\/\/www.pressenza.com\/it\/#\/schema\/person\/83cab62d5aaad28d2ef7c9b71a62926b"},"headline":"La funzione ecologica dell\u2019edera, una pianta \u201cperseguitata\u201d","datePublished":"2021-05-03T17:05:20+00:00","dateModified":"2021-05-03T17:08:57+00:00","mainEntityOfPage":{"@id":"https:\/\/www.pressenza.com\/it\/2021\/05\/la-funzione-ecologica-delledera-una-pianta-perseguitata\/"},"wordCount":1083,"publisher":{"@id":"https:\/\/www.pressenza.com\/it\/#organization"},"image":{"@id":"https:\/\/www.pressenza.com\/it\/2021\/05\/la-funzione-ecologica-delledera-una-pianta-perseguitata\/#primaryimage"},"thumbnailUrl":"https:\/\/www.pressenza.com\/wp-content\/uploads\/2021\/05\/foto-Edera.jpg","keywords":["disboscamento","edera","interconnessione","natura","ruolo ecologico"],"articleSection":["contenuti originali","Ecologia ed Ambiente","Opinioni"],"inLanguage":"it-IT"},{"@type":"WebPage","@id":"https:\/\/www.pressenza.com\/it\/2021\/05\/la-funzione-ecologica-delledera-una-pianta-perseguitata\/","url":"https:\/\/www.pressenza.com\/it\/2021\/05\/la-funzione-ecologica-delledera-una-pianta-perseguitata\/","name":"La funzione ecologica dell\u2019edera, una pianta \u201cperseguitata\u201d","isPartOf":{"@id":"https:\/\/www.pressenza.com\/it\/#website"},"primaryImageOfPage":{"@id":"https:\/\/www.pressenza.com\/it\/2021\/05\/la-funzione-ecologica-delledera-una-pianta-perseguitata\/#primaryimage"},"image":{"@id":"https:\/\/www.pressenza.com\/it\/2021\/05\/la-funzione-ecologica-delledera-una-pianta-perseguitata\/#primaryimage"},"thumbnailUrl":"https:\/\/www.pressenza.com\/wp-content\/uploads\/2021\/05\/foto-Edera.jpg","datePublished":"2021-05-03T17:05:20+00:00","dateModified":"2021-05-03T17:08:57+00:00","description":"\u00c8 primavera, \u00e8 la stagione in cui la Natura si risveglia e allo stesso tempo \u00e8 la stagione in cui si \u201cfa pulizia\u201d. Questa \u00e8 la tipica espressione che","breadcrumb":{"@id":"https:\/\/www.pressenza.com\/it\/2021\/05\/la-funzione-ecologica-delledera-una-pianta-perseguitata\/#breadcrumb"},"inLanguage":"it-IT","potentialAction":[{"@type":"ReadAction","target":["https:\/\/www.pressenza.com\/it\/2021\/05\/la-funzione-ecologica-delledera-una-pianta-perseguitata\/"]}]},{"@type":"ImageObject","inLanguage":"it-IT","@id":"https:\/\/www.pressenza.com\/it\/2021\/05\/la-funzione-ecologica-delledera-una-pianta-perseguitata\/#primaryimage","url":"https:\/\/www.pressenza.com\/wp-content\/uploads\/2021\/05\/foto-Edera.jpg","contentUrl":"https:\/\/www.pressenza.com\/wp-content\/uploads\/2021\/05\/foto-Edera.jpg","width":1920,"height":1275},{"@type":"BreadcrumbList","@id":"https:\/\/www.pressenza.com\/it\/2021\/05\/la-funzione-ecologica-delledera-una-pianta-perseguitata\/#breadcrumb","itemListElement":[{"@type":"ListItem","position":1,"name":"Accueil","item":"https:\/\/www.pressenza.com\/it\/"},{"@type":"ListItem","position":2,"name":"La funzione ecologica dell\u2019edera, una pianta \u201cperseguitata\u201d"}]},{"@type":"WebSite","@id":"https:\/\/www.pressenza.com\/it\/#website","url":"https:\/\/www.pressenza.com\/it\/","name":"Pressenza","description":"Agenzia di Stampa Internazionale","publisher":{"@id":"https:\/\/www.pressenza.com\/it\/#organization"},"potentialAction":[{"@type":"SearchAction","target":{"@type":"EntryPoint","urlTemplate":"https:\/\/www.pressenza.com\/it\/?s={search_term_string}"},"query-input":{"@type":"PropertyValueSpecification","valueRequired":true,"valueName":"search_term_string"}}],"inLanguage":"it-IT"},{"@type":"Organization","@id":"https:\/\/www.pressenza.com\/it\/#organization","name":"Pressenza","url":"https:\/\/www.pressenza.com\/it\/","logo":{"@type":"ImageObject","inLanguage":"it-IT","@id":"https:\/\/www.pressenza.com\/it\/#\/schema\/logo\/image\/","url":"https:\/\/www.pressenza.com\/wp-content\/uploads\/2022\/10\/pressenza_logo_200x200.jpg","contentUrl":"https:\/\/www.pressenza.com\/wp-content\/uploads\/2022\/10\/pressenza_logo_200x200.jpg","width":200,"height":200,"caption":"Pressenza"},"image":{"@id":"https:\/\/www.pressenza.com\/it\/#\/schema\/logo\/image\/"},"sameAs":["https:\/\/www.facebook.com\/PressenzaItalia","https:\/\/x.com\/PressenzaIPA"]},{"@type":"Person","@id":"https:\/\/www.pressenza.com\/it\/#\/schema\/person\/83cab62d5aaad28d2ef7c9b71a62926b","name":"Lorenzo Poli","url":"https:\/\/www.pressenza.com\/it\/author\/lorenzo-poli\/"}]}},"place":"","original_article_url":"","_links":{"self":[{"href":"https:\/\/www.pressenza.com\/it\/wp-json\/wp\/v2\/posts\/1353665","targetHints":{"allow":["GET"]}}],"collection":[{"href":"https:\/\/www.pressenza.com\/it\/wp-json\/wp\/v2\/posts"}],"about":[{"href":"https:\/\/www.pressenza.com\/it\/wp-json\/wp\/v2\/types\/post"}],"author":[{"embeddable":true,"href":"https:\/\/www.pressenza.com\/it\/wp-json\/wp\/v2\/users\/1887"}],"replies":[{"embeddable":true,"href":"https:\/\/www.pressenza.com\/it\/wp-json\/wp\/v2\/comments?post=1353665"}],"version-history":[{"count":0,"href":"https:\/\/www.pressenza.com\/it\/wp-json\/wp\/v2\/posts\/1353665\/revisions"}],"wp:featuredmedia":[{"embeddable":true,"href":"https:\/\/www.pressenza.com\/it\/wp-json\/wp\/v2\/media\/1353666"}],"wp:attachment":[{"href":"https:\/\/www.pressenza.com\/it\/wp-json\/wp\/v2\/media?parent=1353665"}],"wp:term":[{"taxonomy":"category","embeddable":true,"href":"https:\/\/www.pressenza.com\/it\/wp-json\/wp\/v2\/categories?post=1353665"},{"taxonomy":"post_tag","embeddable":true,"href":"https:\/\/www.pressenza.com\/it\/wp-json\/wp\/v2\/tags?post=1353665"}],"curies":[{"name":"wp","href":"https:\/\/api.w.org\/{rel}","templated":true}]}}