{"id":1352964,"date":"2021-05-02T09:30:21","date_gmt":"2021-05-02T08:30:21","guid":{"rendered":"https:\/\/www.pressenza.com\/?p=1352964"},"modified":"2021-05-02T09:30:21","modified_gmt":"2021-05-02T08:30:21","slug":"torino-per-moria-basta-morti-in-mare-e-sulle-frontiere","status":"publish","type":"post","link":"https:\/\/www.pressenza.com\/it\/2021\/05\/torino-per-moria-basta-morti-in-mare-e-sulle-frontiere\/","title":{"rendered":"Torino per Moria: basta morti in mare e sulle frontiere"},"content":{"rendered":"<p><strong>La tragedia di gioved\u00ec 22 aprile, in cui almeno 130 persone hanno perso la vita nel Mediterraneo, \u00e8 una strage annunciata, come ormai purtroppo succede da molti anni nell\u2019indignazione immediata di tutt\u0259<\/strong> e nella successiva altrettanto totale indifferenza e assenza di volont\u00e0 di intraprendere azioni concrete volte ad evitare queste stragi.<\/p>\n<p>Da un lato assistiamo, da parte dei governi europei, ad una <strong>politica securitaria dei flussi migratori che impedisce l\u2019accesso alla Fortezza Europa attraverso canali legali e sicuri<\/strong>, di fatto consegnando i migranti nelle mani dei trafficanti (vedi accordi con Turchia e Libia). Dall\u2019altro c\u2019\u00e8 il <strong>progressivo ritiro dal Mediterraneo delle navi dei governi europei <\/strong>e l\u2019assenza di un sistema di coordinamento dei soccorsi.<\/p>\n<p><strong>Dal 2014, pi\u00f9 di 20.000 uomini, donne e bambin\u0259 sono morti o scomparsi nel Mediterraneo centrale, confermando il suo triste primato di rotta migratoria pi\u00f9 letale al mondo. Nessuno degli accordi e provvedimenti adottati dagli Stati, dopo la fine dell\u2019operazione Mare Nostrum, \u00e8 mai riuscito a far diminuire il tasso di mortalit\u00e0. Le ONG hanno cercato di colmare questo vuoto ma le ripetute campagne di delegittimazione e criminalizzazione, passando dalla politica dei porti chiusi (Salvini) a quella dei blocchi amministrativi di molte unit\u00e0 (Lamorgese), ha di fatto reso sempre pi\u00f9 difficili le operazione di salvataggio in mare. Il soccorso in mare non \u00e8 solo un diritto del naufrago ma anche un obbligo giuridico degli stati, sancito dal diritto internazionale marittimo.<\/strong><\/p>\n<p><strong>L\u2019accordo con la Turchia nel 2016, che blocca la rotta balcanica, e quello tra l\u2019Italia e il Governo Libico del 2017, sono due veri e propri atti di guerra contro le persone migranti.<\/strong> Lo sono per il numero dei morti che hanno portato con s\u00e9 e perch\u00e9 hanno decretato politicamente la prevalenza delle frontiere sulla vita e sulla libert\u00e0 di movimento. A fronte di oltre 40.000 morti nel Mediterraneo, dei quali almeno la met\u00e0 negli ultimi 5 anni, sosteniamo che <strong>il controllo delle frontiere non pu\u00f2 essere considerata prioritario rispetto al salvare vite umane, <\/strong>come ha sentenziato anche la Corte di\u00a0<a href=\"https:\/\/www.meltingpot.org\/Caso-Rackete-la-Corte-di-Cassazione-riconosce-l-obbligo.html#.YEt0Sf7SI1k\" target=\"_blank\" rel=\"noopener\">Cassazione nel caso di Carola Rackete<\/a>, <strong>riconoscendo la preminenza della tutela della vita e dell\u2019accesso alla protezione su quella dei confini.<\/strong><\/p>\n<p>In cambio del sostegno economico e tecnico alla Libia si \u00e8 delegato il soccorso in mare alla famigerata Guardia Costiera Libica, collusa con i trafficanti libici e assolutamente incompetente, con la conseguenza che le persone migranti, invece di essere soccorse e condotte in un <strong>porto sicuro<\/strong>, come vorrebbe la normativa marittima internazionale, vengono <strong>riportate dalle autorit\u00e0 libiche in Libia. Qui esse sono vittime di detenzioni arbitrarie, violenze e abusi di ogni genere, ampiamente documentati<\/strong>. <strong>Si stima che dal 2017 pi\u00f9 di 55.000 persone siano state intercettate e riportate nei centri di detenzione libici<\/strong>.<\/p>\n<p><strong>Noi attivisti e attiviste di Torino per<\/strong> <strong>Moria<\/strong>, rete nata all\u2019indomani dell\u2019incendio a Lesvos nel settembre 2020, per sostenere con beni di prima necessit\u00e0 le persone bloccate nell\u2019isola e sensibilizzare Torino su quella tragica situazione, <strong>non possiamo stare a guardare senza indignarci profondamente per le morti, gli abusi e le torture inflitte alle persone migranti bloccate sulla Rotta Balcanica e nei lager libici e per le morti nel Mediterraneo. Chiediamo che vengano completamente riviste le leggi che regolano gli ingressi in Europa, che siano a nord \u2013 Balkan Route \u2013 o a sud \u2013 Mediterraneo centrale, e vengano cancellati gli accordi stipulati con Libia e Turchia che hanno come unico obiettivo di fermare, <em>ad ogni costo<\/em>, le persone migranti, anche a scapito della vita. <\/strong><\/p>\n<p><strong>Noi di Torino per Moria respingiamo con forza e sdegno la politica europea di \u201cdifesa delle frontiere\u201d, a scapito del principio di giustizia e della salvaguardia della vita umana in mare o in terra e della dignit\u00e0 della persona, da riconoscere quale che sia il suo stato giuridico e il luogo in cui si trovi.<\/strong><\/p>\n<p style=\"text-align: right;\">\u00a0Rete Torino per Moria<\/p>\n<div class=\"post-gallery\">\n\t\t\t<figure class=\"post-gallery-item\">\n\t\t\t\t<img decoding=\"async\" src=\"https:\/\/www.pressenza.com\/wp-content\/uploads\/2021\/05\/TpMTO20210501__1-720x540.jpg\" loading=\"lazy\">\n\t\t\t\t<figcaption>\n\t\t\t\t\t\n\t\t\t\t<\/figcaption>\n\t\t\t<\/figure>\n\t\t\t<figure class=\"post-gallery-item\">\n\t\t\t\t<img decoding=\"async\" src=\"https:\/\/www.pressenza.com\/wp-content\/uploads\/2021\/05\/TpMTO20210501__2-720x540.jpg\" loading=\"lazy\">\n\t\t\t\t<figcaption>\n\t\t\t\t\t\n\t\t\t\t<\/figcaption>\n\t\t\t<\/figure>\n\t\t\t<figure class=\"post-gallery-item\">\n\t\t\t\t<img decoding=\"async\" src=\"https:\/\/www.pressenza.com\/wp-content\/uploads\/2021\/05\/TpMTO20210501__3-720x540.jpg\" loading=\"lazy\">\n\t\t\t\t<figcaption>\n\t\t\t\t\t\n\t\t\t\t<\/figcaption>\n\t\t\t<\/figure>\n\t\t\t<figure class=\"post-gallery-item\">\n\t\t\t\t<img decoding=\"async\" src=\"https:\/\/www.pressenza.com\/wp-content\/uploads\/2021\/05\/TpMTO20210501__4-720x540.jpg\" loading=\"lazy\">\n\t\t\t\t<figcaption>\n\t\t\t\t\t\n\t\t\t\t<\/figcaption>\n\t\t\t<\/figure>\n\t\t\t<figure class=\"post-gallery-item\">\n\t\t\t\t<img decoding=\"async\" src=\"https:\/\/www.pressenza.com\/wp-content\/uploads\/2021\/05\/TpMTO20210501__5-720x376.jpg\" loading=\"lazy\">\n\t\t\t\t<figcaption>\n\t\t\t\t\t\n\t\t\t\t<\/figcaption>\n\t\t\t<\/figure><\/div>\n","protected":false},"excerpt":{"rendered":"<p>La tragedia di gioved\u00ec 22 aprile, in cui almeno 130 persone hanno perso la vita nel Mediterraneo, \u00e8 una strage annunciata, come ormai purtroppo succede da molti anni nell\u2019indignazione immediata di tutt\u0259 e nella successiva altrettanto totale indifferenza e assenza&hellip;<\/p>\n","protected":false},"author":1640,"featured_media":1352975,"comment_status":"closed","ping_status":"closed","sticky":false,"template":"","format":"standard","meta":{"footnotes":""},"categories":[150,47,5677,54572],"tags":[4653,81717],"class_list":["post-1352964","post","type-post","status-publish","format-standard","has-post-thumbnail","hentry","category-comunicati-stampa","category-europa","category-fotoreportages","category-migranti","tag-primo-maggio","tag-torino-per-moria"],"yoast_head":"<!-- This site is optimized with the Yoast SEO plugin v27.1.1 - https:\/\/yoast.com\/product\/yoast-seo-wordpress\/ -->\n<title>Torino per Moria: basta morti in mare e sulle frontiere<\/title>\n<meta name=\"description\" content=\"La tragedia di gioved\u00ec 22 aprile, in cui almeno 130 persone hanno perso la vita nel Mediterraneo, \u00e8 una strage annunciata, come ormai purtroppo succede da\" \/>\n<meta name=\"robots\" content=\"index, follow, max-snippet:-1, max-image-preview:large, max-video-preview:-1\" \/>\n<link rel=\"canonical\" href=\"https:\/\/www.pressenza.com\/it\/2021\/05\/torino-per-moria-basta-morti-in-mare-e-sulle-frontiere\/\" \/>\n<meta property=\"og:locale\" content=\"it_IT\" \/>\n<meta property=\"og:type\" content=\"article\" \/>\n<meta property=\"og:title\" content=\"Torino per Moria: basta morti in mare e sulle frontiere\" \/>\n<meta property=\"og:description\" content=\"La tragedia di gioved\u00ec 22 aprile, in cui almeno 130 persone hanno perso la vita nel Mediterraneo, \u00e8 una strage annunciata, come ormai purtroppo succede da\" \/>\n<meta property=\"og:url\" content=\"https:\/\/www.pressenza.com\/it\/2021\/05\/torino-per-moria-basta-morti-in-mare-e-sulle-frontiere\/\" \/>\n<meta property=\"og:site_name\" content=\"Pressenza\" \/>\n<meta property=\"article:publisher\" content=\"https:\/\/www.facebook.com\/PressenzaItalia\" \/>\n<meta property=\"article:published_time\" content=\"2021-05-02T08:30:21+00:00\" \/>\n<meta property=\"og:image\" content=\"https:\/\/www.pressenza.com\/wp-content\/uploads\/2021\/05\/TpMTO20210501__2.jpg\" \/>\n\t<meta property=\"og:image:width\" content=\"1200\" \/>\n\t<meta property=\"og:image:height\" content=\"900\" \/>\n\t<meta property=\"og:image:type\" content=\"image\/jpeg\" \/>\n<meta name=\"author\" content=\"Redazione Torino\" \/>\n<meta name=\"twitter:card\" content=\"summary_large_image\" \/>\n<meta name=\"twitter:creator\" content=\"@PressenzaIPA\" \/>\n<meta name=\"twitter:site\" content=\"@PressenzaIPA\" \/>\n<meta name=\"twitter:label1\" content=\"Scritto da\" \/>\n\t<meta name=\"twitter:data1\" content=\"Redazione Torino\" \/>\n\t<meta name=\"twitter:label2\" content=\"Tempo di lettura stimato\" \/>\n\t<meta name=\"twitter:data2\" content=\"3 minuti\" \/>\n<script type=\"application\/ld+json\" class=\"yoast-schema-graph\">{\"@context\":\"https:\/\/schema.org\",\"@graph\":[{\"@type\":\"Article\",\"@id\":\"https:\/\/www.pressenza.com\/it\/2021\/05\/torino-per-moria-basta-morti-in-mare-e-sulle-frontiere\/#article\",\"isPartOf\":{\"@id\":\"https:\/\/www.pressenza.com\/it\/2021\/05\/torino-per-moria-basta-morti-in-mare-e-sulle-frontiere\/\"},\"author\":{\"name\":\"Redazione Torino\",\"@id\":\"https:\/\/www.pressenza.com\/it\/#\/schema\/person\/da0d4ca096515102c096dbbc39d69593\"},\"headline\":\"Torino per Moria: basta morti in mare e sulle frontiere\",\"datePublished\":\"2021-05-02T08:30:21+00:00\",\"mainEntityOfPage\":{\"@id\":\"https:\/\/www.pressenza.com\/it\/2021\/05\/torino-per-moria-basta-morti-in-mare-e-sulle-frontiere\/\"},\"wordCount\":637,\"publisher\":{\"@id\":\"https:\/\/www.pressenza.com\/it\/#organization\"},\"image\":{\"@id\":\"https:\/\/www.pressenza.com\/it\/2021\/05\/torino-per-moria-basta-morti-in-mare-e-sulle-frontiere\/#primaryimage\"},\"thumbnailUrl\":\"https:\/\/www.pressenza.com\/wp-content\/uploads\/2021\/05\/TpMTO20210501__2.jpg\",\"keywords\":[\"Primo maggio\",\"Torino per Moria\"],\"articleSection\":[\"Comunicati Stampa\",\"Europa\",\"Fotoreportages\",\"Migranti\"],\"inLanguage\":\"it-IT\"},{\"@type\":\"WebPage\",\"@id\":\"https:\/\/www.pressenza.com\/it\/2021\/05\/torino-per-moria-basta-morti-in-mare-e-sulle-frontiere\/\",\"url\":\"https:\/\/www.pressenza.com\/it\/2021\/05\/torino-per-moria-basta-morti-in-mare-e-sulle-frontiere\/\",\"name\":\"Torino per Moria: basta morti in mare e sulle frontiere\",\"isPartOf\":{\"@id\":\"https:\/\/www.pressenza.com\/it\/#website\"},\"primaryImageOfPage\":{\"@id\":\"https:\/\/www.pressenza.com\/it\/2021\/05\/torino-per-moria-basta-morti-in-mare-e-sulle-frontiere\/#primaryimage\"},\"image\":{\"@id\":\"https:\/\/www.pressenza.com\/it\/2021\/05\/torino-per-moria-basta-morti-in-mare-e-sulle-frontiere\/#primaryimage\"},\"thumbnailUrl\":\"https:\/\/www.pressenza.com\/wp-content\/uploads\/2021\/05\/TpMTO20210501__2.jpg\",\"datePublished\":\"2021-05-02T08:30:21+00:00\",\"description\":\"La tragedia di gioved\u00ec 22 aprile, in cui almeno 130 persone hanno perso la vita nel Mediterraneo, \u00e8 una strage annunciata, come ormai purtroppo succede da\",\"breadcrumb\":{\"@id\":\"https:\/\/www.pressenza.com\/it\/2021\/05\/torino-per-moria-basta-morti-in-mare-e-sulle-frontiere\/#breadcrumb\"},\"inLanguage\":\"it-IT\",\"potentialAction\":[{\"@type\":\"ReadAction\",\"target\":[\"https:\/\/www.pressenza.com\/it\/2021\/05\/torino-per-moria-basta-morti-in-mare-e-sulle-frontiere\/\"]}]},{\"@type\":\"ImageObject\",\"inLanguage\":\"it-IT\",\"@id\":\"https:\/\/www.pressenza.com\/it\/2021\/05\/torino-per-moria-basta-morti-in-mare-e-sulle-frontiere\/#primaryimage\",\"url\":\"https:\/\/www.pressenza.com\/wp-content\/uploads\/2021\/05\/TpMTO20210501__2.jpg\",\"contentUrl\":\"https:\/\/www.pressenza.com\/wp-content\/uploads\/2021\/05\/TpMTO20210501__2.jpg\",\"width\":1200,\"height\":900},{\"@type\":\"BreadcrumbList\",\"@id\":\"https:\/\/www.pressenza.com\/it\/2021\/05\/torino-per-moria-basta-morti-in-mare-e-sulle-frontiere\/#breadcrumb\",\"itemListElement\":[{\"@type\":\"ListItem\",\"position\":1,\"name\":\"Accueil\",\"item\":\"https:\/\/www.pressenza.com\/it\/\"},{\"@type\":\"ListItem\",\"position\":2,\"name\":\"Torino per Moria: basta morti in mare e sulle frontiere\"}]},{\"@type\":\"WebSite\",\"@id\":\"https:\/\/www.pressenza.com\/it\/#website\",\"url\":\"https:\/\/www.pressenza.com\/it\/\",\"name\":\"Pressenza\",\"description\":\"Agenzia di Stampa Internazionale\",\"publisher\":{\"@id\":\"https:\/\/www.pressenza.com\/it\/#organization\"},\"potentialAction\":[{\"@type\":\"SearchAction\",\"target\":{\"@type\":\"EntryPoint\",\"urlTemplate\":\"https:\/\/www.pressenza.com\/it\/?s={search_term_string}\"},\"query-input\":{\"@type\":\"PropertyValueSpecification\",\"valueRequired\":true,\"valueName\":\"search_term_string\"}}],\"inLanguage\":\"it-IT\"},{\"@type\":\"Organization\",\"@id\":\"https:\/\/www.pressenza.com\/it\/#organization\",\"name\":\"Pressenza\",\"url\":\"https:\/\/www.pressenza.com\/it\/\",\"logo\":{\"@type\":\"ImageObject\",\"inLanguage\":\"it-IT\",\"@id\":\"https:\/\/www.pressenza.com\/it\/#\/schema\/logo\/image\/\",\"url\":\"https:\/\/www.pressenza.com\/wp-content\/uploads\/2022\/10\/pressenza_logo_200x200.jpg\",\"contentUrl\":\"https:\/\/www.pressenza.com\/wp-content\/uploads\/2022\/10\/pressenza_logo_200x200.jpg\",\"width\":200,\"height\":200,\"caption\":\"Pressenza\"},\"image\":{\"@id\":\"https:\/\/www.pressenza.com\/it\/#\/schema\/logo\/image\/\"},\"sameAs\":[\"https:\/\/www.facebook.com\/PressenzaItalia\",\"https:\/\/x.com\/PressenzaIPA\"]},{\"@type\":\"Person\",\"@id\":\"https:\/\/www.pressenza.com\/it\/#\/schema\/person\/da0d4ca096515102c096dbbc39d69593\",\"name\":\"Redazione Torino\",\"description\":\"News from the Pressenza Bureau in Turin, Italy redazione.torino@pressenza.com\",\"url\":\"https:\/\/www.pressenza.com\/it\/author\/redazione-torino\/\"}]}<\/script>\n<!-- \/ Yoast SEO plugin. -->","yoast_head_json":{"title":"Torino per Moria: basta morti in mare e sulle frontiere","description":"La tragedia di gioved\u00ec 22 aprile, in cui almeno 130 persone hanno perso la vita nel Mediterraneo, \u00e8 una strage annunciata, come ormai purtroppo succede da","robots":{"index":"index","follow":"follow","max-snippet":"max-snippet:-1","max-image-preview":"max-image-preview:large","max-video-preview":"max-video-preview:-1"},"canonical":"https:\/\/www.pressenza.com\/it\/2021\/05\/torino-per-moria-basta-morti-in-mare-e-sulle-frontiere\/","og_locale":"it_IT","og_type":"article","og_title":"Torino per Moria: basta morti in mare e sulle frontiere","og_description":"La tragedia di gioved\u00ec 22 aprile, in cui almeno 130 persone hanno perso la vita nel Mediterraneo, \u00e8 una strage annunciata, come ormai purtroppo succede da","og_url":"https:\/\/www.pressenza.com\/it\/2021\/05\/torino-per-moria-basta-morti-in-mare-e-sulle-frontiere\/","og_site_name":"Pressenza","article_publisher":"https:\/\/www.facebook.com\/PressenzaItalia","article_published_time":"2021-05-02T08:30:21+00:00","og_image":[{"width":1200,"height":900,"url":"https:\/\/www.pressenza.com\/wp-content\/uploads\/2021\/05\/TpMTO20210501__2.jpg","type":"image\/jpeg"}],"author":"Redazione Torino","twitter_card":"summary_large_image","twitter_creator":"@PressenzaIPA","twitter_site":"@PressenzaIPA","twitter_misc":{"Scritto da":"Redazione Torino","Tempo di lettura stimato":"3 minuti"},"schema":{"@context":"https:\/\/schema.org","@graph":[{"@type":"Article","@id":"https:\/\/www.pressenza.com\/it\/2021\/05\/torino-per-moria-basta-morti-in-mare-e-sulle-frontiere\/#article","isPartOf":{"@id":"https:\/\/www.pressenza.com\/it\/2021\/05\/torino-per-moria-basta-morti-in-mare-e-sulle-frontiere\/"},"author":{"name":"Redazione Torino","@id":"https:\/\/www.pressenza.com\/it\/#\/schema\/person\/da0d4ca096515102c096dbbc39d69593"},"headline":"Torino per Moria: basta morti in mare e sulle frontiere","datePublished":"2021-05-02T08:30:21+00:00","mainEntityOfPage":{"@id":"https:\/\/www.pressenza.com\/it\/2021\/05\/torino-per-moria-basta-morti-in-mare-e-sulle-frontiere\/"},"wordCount":637,"publisher":{"@id":"https:\/\/www.pressenza.com\/it\/#organization"},"image":{"@id":"https:\/\/www.pressenza.com\/it\/2021\/05\/torino-per-moria-basta-morti-in-mare-e-sulle-frontiere\/#primaryimage"},"thumbnailUrl":"https:\/\/www.pressenza.com\/wp-content\/uploads\/2021\/05\/TpMTO20210501__2.jpg","keywords":["Primo maggio","Torino per Moria"],"articleSection":["Comunicati Stampa","Europa","Fotoreportages","Migranti"],"inLanguage":"it-IT"},{"@type":"WebPage","@id":"https:\/\/www.pressenza.com\/it\/2021\/05\/torino-per-moria-basta-morti-in-mare-e-sulle-frontiere\/","url":"https:\/\/www.pressenza.com\/it\/2021\/05\/torino-per-moria-basta-morti-in-mare-e-sulle-frontiere\/","name":"Torino per Moria: basta morti in mare e sulle frontiere","isPartOf":{"@id":"https:\/\/www.pressenza.com\/it\/#website"},"primaryImageOfPage":{"@id":"https:\/\/www.pressenza.com\/it\/2021\/05\/torino-per-moria-basta-morti-in-mare-e-sulle-frontiere\/#primaryimage"},"image":{"@id":"https:\/\/www.pressenza.com\/it\/2021\/05\/torino-per-moria-basta-morti-in-mare-e-sulle-frontiere\/#primaryimage"},"thumbnailUrl":"https:\/\/www.pressenza.com\/wp-content\/uploads\/2021\/05\/TpMTO20210501__2.jpg","datePublished":"2021-05-02T08:30:21+00:00","description":"La tragedia di gioved\u00ec 22 aprile, in cui almeno 130 persone hanno perso la vita nel Mediterraneo, \u00e8 una strage annunciata, come ormai purtroppo succede da","breadcrumb":{"@id":"https:\/\/www.pressenza.com\/it\/2021\/05\/torino-per-moria-basta-morti-in-mare-e-sulle-frontiere\/#breadcrumb"},"inLanguage":"it-IT","potentialAction":[{"@type":"ReadAction","target":["https:\/\/www.pressenza.com\/it\/2021\/05\/torino-per-moria-basta-morti-in-mare-e-sulle-frontiere\/"]}]},{"@type":"ImageObject","inLanguage":"it-IT","@id":"https:\/\/www.pressenza.com\/it\/2021\/05\/torino-per-moria-basta-morti-in-mare-e-sulle-frontiere\/#primaryimage","url":"https:\/\/www.pressenza.com\/wp-content\/uploads\/2021\/05\/TpMTO20210501__2.jpg","contentUrl":"https:\/\/www.pressenza.com\/wp-content\/uploads\/2021\/05\/TpMTO20210501__2.jpg","width":1200,"height":900},{"@type":"BreadcrumbList","@id":"https:\/\/www.pressenza.com\/it\/2021\/05\/torino-per-moria-basta-morti-in-mare-e-sulle-frontiere\/#breadcrumb","itemListElement":[{"@type":"ListItem","position":1,"name":"Accueil","item":"https:\/\/www.pressenza.com\/it\/"},{"@type":"ListItem","position":2,"name":"Torino per Moria: basta morti in mare e sulle frontiere"}]},{"@type":"WebSite","@id":"https:\/\/www.pressenza.com\/it\/#website","url":"https:\/\/www.pressenza.com\/it\/","name":"Pressenza","description":"Agenzia di Stampa Internazionale","publisher":{"@id":"https:\/\/www.pressenza.com\/it\/#organization"},"potentialAction":[{"@type":"SearchAction","target":{"@type":"EntryPoint","urlTemplate":"https:\/\/www.pressenza.com\/it\/?s={search_term_string}"},"query-input":{"@type":"PropertyValueSpecification","valueRequired":true,"valueName":"search_term_string"}}],"inLanguage":"it-IT"},{"@type":"Organization","@id":"https:\/\/www.pressenza.com\/it\/#organization","name":"Pressenza","url":"https:\/\/www.pressenza.com\/it\/","logo":{"@type":"ImageObject","inLanguage":"it-IT","@id":"https:\/\/www.pressenza.com\/it\/#\/schema\/logo\/image\/","url":"https:\/\/www.pressenza.com\/wp-content\/uploads\/2022\/10\/pressenza_logo_200x200.jpg","contentUrl":"https:\/\/www.pressenza.com\/wp-content\/uploads\/2022\/10\/pressenza_logo_200x200.jpg","width":200,"height":200,"caption":"Pressenza"},"image":{"@id":"https:\/\/www.pressenza.com\/it\/#\/schema\/logo\/image\/"},"sameAs":["https:\/\/www.facebook.com\/PressenzaItalia","https:\/\/x.com\/PressenzaIPA"]},{"@type":"Person","@id":"https:\/\/www.pressenza.com\/it\/#\/schema\/person\/da0d4ca096515102c096dbbc39d69593","name":"Redazione Torino","description":"News from the Pressenza Bureau in Turin, Italy redazione.torino@pressenza.com","url":"https:\/\/www.pressenza.com\/it\/author\/redazione-torino\/"}]}},"place":"","original_article_url":"","_links":{"self":[{"href":"https:\/\/www.pressenza.com\/it\/wp-json\/wp\/v2\/posts\/1352964","targetHints":{"allow":["GET"]}}],"collection":[{"href":"https:\/\/www.pressenza.com\/it\/wp-json\/wp\/v2\/posts"}],"about":[{"href":"https:\/\/www.pressenza.com\/it\/wp-json\/wp\/v2\/types\/post"}],"author":[{"embeddable":true,"href":"https:\/\/www.pressenza.com\/it\/wp-json\/wp\/v2\/users\/1640"}],"replies":[{"embeddable":true,"href":"https:\/\/www.pressenza.com\/it\/wp-json\/wp\/v2\/comments?post=1352964"}],"version-history":[{"count":0,"href":"https:\/\/www.pressenza.com\/it\/wp-json\/wp\/v2\/posts\/1352964\/revisions"}],"wp:featuredmedia":[{"embeddable":true,"href":"https:\/\/www.pressenza.com\/it\/wp-json\/wp\/v2\/media\/1352975"}],"wp:attachment":[{"href":"https:\/\/www.pressenza.com\/it\/wp-json\/wp\/v2\/media?parent=1352964"}],"wp:term":[{"taxonomy":"category","embeddable":true,"href":"https:\/\/www.pressenza.com\/it\/wp-json\/wp\/v2\/categories?post=1352964"},{"taxonomy":"post_tag","embeddable":true,"href":"https:\/\/www.pressenza.com\/it\/wp-json\/wp\/v2\/tags?post=1352964"}],"curies":[{"name":"wp","href":"https:\/\/api.w.org\/{rel}","templated":true}]}}