{"id":135082,"date":"2014-09-27T20:55:26","date_gmt":"2014-09-27T19:55:26","guid":{"rendered":"http:\/\/www.pressenza.com\/?p=135082"},"modified":"2014-09-29T17:52:18","modified_gmt":"2014-09-29T16:52:18","slug":"giornata-nonviolenza-pistoia","status":"publish","type":"post","link":"https:\/\/www.pressenza.com\/it\/2014\/09\/giornata-nonviolenza-pistoia\/","title":{"rendered":"Giornata della nonviolenza a Pistoia"},"content":{"rendered":"<p><img loading=\"lazy\" decoding=\"async\" class=\"alignnone\" alt=\"\" src=\"https:\/\/scontent-a-ams.xx.fbcdn.net\/hphotos-xpa1\/v\/t1.0-9\/10402428_877752868932006_4084488074109823199_n.jpg?oh=fbf8a47bc5b92bb9eceea1e3ce8e3f58&amp;oe=54C2504A\" width=\"460\" height=\"341\" \/><br \/>\n5 OTTOBRE 2014 a Pistoia, in occasione della Giornata Internazionale della Nonviolenza si svolger\u00e0 la manifestazione &#8220;<span style=\"font-family: Times New Roman,serif;\"><span style=\"font-size: large;\"><b>ART-11, <\/b><\/span><\/span><span style=\"color: #000000;\"><span style=\"font-family: Times New Roman,serif;\"><span style=\"font-size: large;\"><b>Nonviolenza e Disarmo\u201d.<\/b><\/span><\/span><\/span><\/p>\n<p><span style=\"color: #000000;\"><span style=\"font-family: Times New Roman,serif;\"><span style=\"font-size: large;\"><b>Che cos&#8217;\u00e8 ART-11<\/b><\/span><\/span><\/span><\/p>\n<p align=\"JUSTIFY\">\u00a0<span style=\"color: #000000;\"><span style=\"font-size: small;\">Questo progetto nasce dall\u2019interesse e dalla necessit\u00e0, condivisi da varie realt\u00e0 associative pistoiesi, di sensibilizzare la societ\u00e0 sui temi della Pace e della Nonviolenza. Quale miglior \u201cpretesto\u201d, dunque, se non quello di prendere come punto di riferimento il 2 ottobre, anniversario della nascita del Mahatma Gandhi e \u201cGiornata Internazionale per la Pace e la Nonviolenza\u201d istituita dall&#8217;ONU?<\/span><\/span><\/p>\n<p align=\"JUSTIFY\"><span style=\"color: #000000;\"><span style=\"font-size: small;\">Anche quest&#8217;anno si \u00e8 creata una rete di organizzazioni che, con la co-promozione del Comune di Pistoia, hanno costruito un programma contenente iniziative culturali, sociali e di rivendicazione di diritti. Il tema comune \u00e8, ancora una volta, la Nonviolenza, che abbiamo voluto associare, nel titolo, al Disarmo: di fronte all&#8217;intensit\u00e0 e alla ferocia dei conflitti, che ormai riguardano sempre pi\u00f9 ampie parti del mondo, crediamo che l&#8217;unica risposta sia chiedere con risolutezza la fine della produzione di armi e la chiusura del relativo mercato, insieme allo smantellamento di tutte le testate nucleari. Anche per questo abbiamo deciso di aderire ufficialmente alla \u201cCampagna per il disarmo e la difesa civile\u201d promossa da Azione Nonviolenta:<\/span><\/span><\/p>\n<p align=\"LEFT\"><span style=\"color: #000000;\"><span style=\"font-family: Times New Roman,serif;\"><span style=\"font-size: medium;\">\u00ab<\/span><\/span><\/span><span style=\"color: #000000;\"><span style=\"font-family: Times New Roman,serif;\"><span style=\"font-size: medium;\">Di fronte alla drammatica crisi economica e sociale del Paese, che sostanzialmente non ha sfiorato lo strumento militare, vogliamo fare un passo in avanti, promuovendo congiuntamente la Campagna per il disarmo e la difesa civile, lanciando la proposta di legge di iniziativa popolare per l&#8217;istituzione e il finanziamento del Dipartimento per la difesa civile, non armata e nonviolenta. (\u2026) La Campagna \u00e8 stata presentata il 21 aprile 2014 in Arena di pace e disarmo. Viene lanciata in occasione del 2 giugno 2014, Festa della Repubblica che ripudia la guerra. La raccolta delle 5o.ooo firme necessarie per depositare alla Camera la Proposta di Legge di iniziativa popolare inizier\u00e0 il 2 ottobre 2014, Giornata internazionale della Nonviolenza e si concluder\u00e0 dopo 6 mesi\u00bb.<\/span><\/span><\/span><\/p>\n<p align=\"LEFT\"><span style=\"color: #000000;\"><span style=\"font-family: Times New Roman,serif;\"><span style=\"font-size: large;\"><b>Il programma <\/b><\/span><\/span><\/span><\/p>\n<p align=\"JUSTIFY\"><span style=\"color: #000000;\"><span style=\"font-family: Times New Roman,serif;\"><span style=\"font-size: medium;\">Il programma di ART-11 quest\u2019anno si sviluppa in una sola giornata, domenica 5 ottobre, e si inserisce nell&#8217;ambito di iniziative per la pace promosse dal Comune di Pistoia.<\/span><\/span><\/span><\/p>\n<p align=\"LEFT\"><span style=\"color: #000000;\"><span style=\"font-family: Times New Roman,serif;\"><span style=\"font-size: medium;\">ORE 16, Piazza Duono: <\/span><\/span><\/span><span style=\"color: #000000;\"><span style=\"font-family: Times New Roman,serif;\"><span style=\"font-size: medium;\">meditazione camminata per le vie del centro, a cura del \u201cSangha di Pistoia nella tradizione di <\/span><\/span><\/span><em><span style=\"color: #000000;\"><span style=\"font-family: Times New Roman,serif;\"><span style=\"font-size: medium;\">THICH NHAT HANH\u201d<\/span><\/span><\/span><\/em><span style=\"color: #000000;\"><span style=\"font-family: Times New Roman,serif;\"><span style=\"font-size: medium;\">.<\/span><\/span><\/span><\/p>\n<p align=\"LEFT\"><span style=\"color: #000000;\"><span style=\"font-family: Times New Roman,serif;\"><span style=\"font-size: medium;\">ORE 18, Antichi magazzini del sale, via Ripa del Sale: <\/span><\/span><\/span><span style=\"color: #000000;\"><span style=\"font-family: Times New Roman,serif;\"><span style=\"font-size: medium;\">Recital di Piero Nissim &#8220;ANCH&#8217;IO MI INDIGNO! Poesie della Legalit\u00e0&#8221; <\/span><\/span><\/span><span style=\"color: #000000;\"><span style=\"font-family: Times New Roman,serif;\"><span style=\"font-size: medium;\">con David Domilici alle percussioni; regia di Andrea Mancini.<\/span><\/span><\/span><\/p>\n<p align=\"JUSTIFY\"><span style=\"color: #000000;\"><span style=\"font-family: Times New Roman,serif;\"><span style=\"font-size: medium;\">Durante tutto il pomeriggio saranno presenti in piazza Duomo gli stand informativi delle associazioni promotrici e di altre associazioni che eventualmente potranno aderire in seguito all&#8217;iniziativa. <\/span><\/span><\/span><\/p>\n<p align=\"LEFT\"><span style=\"color: #000000;\"><span style=\"font-family: Times New Roman,serif;\"><span style=\"font-size: medium;\"><span style=\"text-decoration: underline;\">ANCH&#8217;IO MI INDIGNO! Poesie della Legalit\u00e0<\/span><\/span><\/span><\/span><\/p>\n<p align=\"JUSTIFY\"><span style=\"color: #000000;\"><span style=\"font-family: Times New Roman,serif;\"><span style=\"font-size: medium;\">La pi\u00e8ce civile \u201cAnch&#8217;io mi indigno\u201d di Piero Nissim, in cui l&#8217;artista, accompagnato dal percussionista David Domilici, legge e canta le sue \u201cPoesie della Legalit\u00e0\u201d, dopo aver toccato diverse citt\u00e0 della Toscana e non solo, arriva a Pistoia il 5 ottobre in occasione di ART-11. <\/span><\/span><\/span><span style=\"color: #000000;\"><span style=\"font-family: Times New Roman,serif;\"><span style=\"font-size: medium;\">Ricordi e omaggi (a Falcone, Borsellino, Don Diana, Don Gallo, Peppino Impastato,&#8230;), luoghi di lutto e sofferenza (L&#8217;Aquila, Viareggio, la Stazione di Bologna,&#8230;), cronache di nuova Memoria (i fatti di Rosarno, gli studenti sui tetti di Roma,&#8230;), gli uomini e le donne che scrissero la Costituzione (fra cui Teresa Mattei, la &#8220;Chicchi&#8221; partigiana) sono solo alcuni dei temi<\/span><\/span><\/span><span style=\"color: #000000;\"><span style=\"font-family: Times New Roman,serif;\"><span style=\"font-size: medium;\"> al centro di questa performance di denuncia e indignazione.<\/span><\/span><\/span><\/p>\n<p align=\"JUSTIFY\"><span style=\"color: #000000;\"><span style=\"font-family: Times New Roman,serif;\"><span style=\"font-size: medium;\">Lo spettacolo verr\u00e0 realizzato grazie al contributo di:<\/span><\/span><\/span><\/p>\n<p align=\"JUSTIFY\"><span style=\"color: #000000;\"><span style=\"font-family: Times New Roman,serif;\"><span style=\"font-size: medium;\">UNICOOP FIRENZE \u2013 SEZIONE SOCI PISTOIA<\/span><\/span><\/span><\/p>\n<p align=\"JUSTIFY\"><span style=\"color: #000000;\"><span style=\"font-family: Times New Roman,serif;\"><span style=\"font-size: medium;\">GUERCINI<\/span><\/span><\/span><\/p>\n<p align=\"JUSTIFY\"><span style=\"color: #000000;\"><span style=\"font-family: Times New Roman,serif;\"><span style=\"font-size: medium;\">OTTICA GIAMBENE<\/span><\/span><\/span><\/p>\n<p align=\"JUSTIFY\"><span style=\"color: #000000;\"><span style=\"font-family: Times New Roman,serif;\"><span style=\"font-size: medium;\">I NEGOZI DEL GIOCO CREATIVO<\/span><\/span><\/span><\/p>\n<p align=\"JUSTIFY\"><span style=\"color: #000000;\"><span style=\"font-family: Times New Roman,serif;\"><span style=\"font-size: medium;\">ALIMENTARI MARCO E FEDERICA<\/span><\/span><\/span><\/p>\n<p align=\"JUSTIFY\"><span style=\"color: #000000;\"><span style=\"font-family: Times New Roman,serif;\"><span style=\"font-size: medium;\">AUTORIPARAZIONI NEROZZI AUTO <\/span><\/span><\/span><\/p>\n<p><b>Associazioni promotrici<\/b><\/p>\n<p>&nbsp;<\/p>\n<p><i><b>Gruppo Esperantista Pistoiese \u201cUmberto Stoppoloni\u201d &#8211; Sangha di Pistoia &#8211; Centro Studi Umanisti Toscana TiConZero \u2013 Associazione \u201cIncontriamoci sull&#8217;Arno\u201d &#8211; Circolo Arci \u201cLa Torre\u201d<\/b><\/i><\/p>\n<p align=\"JUSTIFY\"><span style=\"color: #000000;\"><span style=\"font-family: Times New Roman,serif;\"><span style=\"font-size: medium;\">Per informazioni:<\/span><\/span><\/span><\/p>\n<p align=\"JUSTIFY\"><span style=\"color: #000080;\"><a href=\"https:\/\/www.facebook.com\/art11nonviolenzaepace\"><span style=\"color: #000000;\"><span style=\"font-family: Times New Roman,serif;\"><span style=\"font-size: medium;\">https:\/\/www.facebook.com\/art11nonviolenzaepace<\/span><\/span><\/span><\/a><\/span><\/p>\n<p align=\"JUSTIFY\"><span style=\"color: #000000;\"><span style=\"font-family: Times New Roman,serif;\"><span style=\"font-size: medium;\">tel. 3381911887 \/ 3382507009<\/span><\/span><\/span><\/p>\n","protected":false},"excerpt":{"rendered":"<p>5 OTTOBRE 2014 a Pistoia, in occasione della Giornata Internazionale della Nonviolenza si svolger\u00e0 la manifestazione &#8220;ART-11, Nonviolenza e Disarmo\u201d. Che cos&#8217;\u00e8 ART-11 \u00a0Questo progetto nasce dall\u2019interesse e dalla necessit\u00e0, condivisi da varie realt\u00e0 associative pistoiesi, di sensibilizzare la societ\u00e0&hellip;<\/p>\n","protected":false},"author":594,"featured_media":0,"comment_status":"closed","ping_status":"open","sticky":false,"template":"","format":"standard","meta":{"footnotes":""},"categories":[11388,47,1262],"tags":[719,370,7176],"class_list":["post-135082","post","type-post","status-publish","format-standard","hentry","category-contenuti-originali","category-europa","category-nonviolenza-argomento","tag-2-ottobre","tag-italia","tag-pistoia"],"yoast_head":"<!-- This site is optimized with the Yoast SEO plugin v27.1.1 - https:\/\/yoast.com\/product\/yoast-seo-wordpress\/ -->\n<title>Giornata della nonviolenza a Pistoia<\/title>\n<meta name=\"description\" content=\"5 OTTOBRE 2014 a Pistoia, in occasione della Giornata Internazionale della Nonviolenza si svolger\u00e0 la manifestazione &quot;ART-11, Nonviolenza e Disarmo\u201d. Che\" \/>\n<meta name=\"robots\" content=\"index, follow, max-snippet:-1, max-image-preview:large, max-video-preview:-1\" \/>\n<link rel=\"canonical\" href=\"https:\/\/www.pressenza.com\/it\/2014\/09\/giornata-nonviolenza-pistoia\/\" \/>\n<meta property=\"og:locale\" content=\"it_IT\" \/>\n<meta property=\"og:type\" content=\"article\" \/>\n<meta property=\"og:title\" content=\"Giornata della nonviolenza a Pistoia\" \/>\n<meta property=\"og:description\" content=\"5 OTTOBRE 2014 a Pistoia, in occasione della Giornata Internazionale della Nonviolenza si svolger\u00e0 la manifestazione &quot;ART-11, Nonviolenza e Disarmo\u201d. Che\" \/>\n<meta property=\"og:url\" content=\"https:\/\/www.pressenza.com\/it\/2014\/09\/giornata-nonviolenza-pistoia\/\" \/>\n<meta property=\"og:site_name\" content=\"Pressenza\" \/>\n<meta property=\"article:publisher\" content=\"https:\/\/www.facebook.com\/PressenzaItalia\" \/>\n<meta property=\"article:author\" content=\"https:\/\/www.facebook.com\/PressenzaItalia\" \/>\n<meta property=\"article:published_time\" content=\"2014-09-27T19:55:26+00:00\" \/>\n<meta property=\"article:modified_time\" content=\"2014-09-29T16:52:18+00:00\" \/>\n<meta property=\"og:image\" content=\"https:\/\/scontent-a-ams.xx.fbcdn.net\/hphotos-xpa1\/v\/t1.0-9\/10402428_877752868932006_4084488074109823199_n.jpg?oh=fbf8a47bc5b92bb9eceea1e3ce8e3f58&amp;oe=54C2504A\" \/>\n<meta name=\"author\" content=\"Redazione Italia\" \/>\n<meta name=\"twitter:card\" content=\"summary_large_image\" \/>\n<meta name=\"twitter:creator\" content=\"@pressenza_it\" \/>\n<meta name=\"twitter:site\" content=\"@PressenzaIPA\" \/>\n<meta name=\"twitter:label1\" content=\"Scritto da\" \/>\n\t<meta name=\"twitter:data1\" content=\"Redazione Italia\" \/>\n\t<meta name=\"twitter:label2\" content=\"Tempo di lettura stimato\" \/>\n\t<meta name=\"twitter:data2\" content=\"3 minuti\" \/>\n<script type=\"application\/ld+json\" class=\"yoast-schema-graph\">{\"@context\":\"https:\/\/schema.org\",\"@graph\":[{\"@type\":\"Article\",\"@id\":\"https:\/\/www.pressenza.com\/it\/2014\/09\/giornata-nonviolenza-pistoia\/#article\",\"isPartOf\":{\"@id\":\"https:\/\/www.pressenza.com\/it\/2014\/09\/giornata-nonviolenza-pistoia\/\"},\"author\":{\"name\":\"Redazione Italia\",\"@id\":\"https:\/\/www.pressenza.com\/it\/#\/schema\/person\/d983e81827ae24f2c7b1a2123d197f8d\"},\"headline\":\"Giornata della nonviolenza a Pistoia\",\"datePublished\":\"2014-09-27T19:55:26+00:00\",\"dateModified\":\"2014-09-29T16:52:18+00:00\",\"mainEntityOfPage\":{\"@id\":\"https:\/\/www.pressenza.com\/it\/2014\/09\/giornata-nonviolenza-pistoia\/\"},\"wordCount\":607,\"publisher\":{\"@id\":\"https:\/\/www.pressenza.com\/it\/#organization\"},\"image\":{\"@id\":\"https:\/\/www.pressenza.com\/it\/2014\/09\/giornata-nonviolenza-pistoia\/#primaryimage\"},\"thumbnailUrl\":\"https:\/\/scontent-a-ams.xx.fbcdn.net\/hphotos-xpa1\/v\/t1.0-9\/10402428_877752868932006_4084488074109823199_n.jpg?oh=fbf8a47bc5b92bb9eceea1e3ce8e3f58&amp;oe=54C2504A\",\"keywords\":[\"2 ottobre\",\"Italia\",\"Pistoia\"],\"articleSection\":[\"contenuti originali\",\"Europa\",\"Nonviolenza\"],\"inLanguage\":\"it-IT\"},{\"@type\":\"WebPage\",\"@id\":\"https:\/\/www.pressenza.com\/it\/2014\/09\/giornata-nonviolenza-pistoia\/\",\"url\":\"https:\/\/www.pressenza.com\/it\/2014\/09\/giornata-nonviolenza-pistoia\/\",\"name\":\"Giornata della nonviolenza a Pistoia\",\"isPartOf\":{\"@id\":\"https:\/\/www.pressenza.com\/it\/#website\"},\"primaryImageOfPage\":{\"@id\":\"https:\/\/www.pressenza.com\/it\/2014\/09\/giornata-nonviolenza-pistoia\/#primaryimage\"},\"image\":{\"@id\":\"https:\/\/www.pressenza.com\/it\/2014\/09\/giornata-nonviolenza-pistoia\/#primaryimage\"},\"thumbnailUrl\":\"https:\/\/scontent-a-ams.xx.fbcdn.net\/hphotos-xpa1\/v\/t1.0-9\/10402428_877752868932006_4084488074109823199_n.jpg?oh=fbf8a47bc5b92bb9eceea1e3ce8e3f58&amp;oe=54C2504A\",\"datePublished\":\"2014-09-27T19:55:26+00:00\",\"dateModified\":\"2014-09-29T16:52:18+00:00\",\"description\":\"5 OTTOBRE 2014 a Pistoia, in occasione della Giornata Internazionale della Nonviolenza si svolger\u00e0 la manifestazione \\\"ART-11, Nonviolenza e Disarmo\u201d. Che\",\"breadcrumb\":{\"@id\":\"https:\/\/www.pressenza.com\/it\/2014\/09\/giornata-nonviolenza-pistoia\/#breadcrumb\"},\"inLanguage\":\"it-IT\",\"potentialAction\":[{\"@type\":\"ReadAction\",\"target\":[\"https:\/\/www.pressenza.com\/it\/2014\/09\/giornata-nonviolenza-pistoia\/\"]}]},{\"@type\":\"ImageObject\",\"inLanguage\":\"it-IT\",\"@id\":\"https:\/\/www.pressenza.com\/it\/2014\/09\/giornata-nonviolenza-pistoia\/#primaryimage\",\"url\":\"https:\/\/scontent-a-ams.xx.fbcdn.net\/hphotos-xpa1\/v\/t1.0-9\/10402428_877752868932006_4084488074109823199_n.jpg?oh=fbf8a47bc5b92bb9eceea1e3ce8e3f58&amp;oe=54C2504A\",\"contentUrl\":\"https:\/\/scontent-a-ams.xx.fbcdn.net\/hphotos-xpa1\/v\/t1.0-9\/10402428_877752868932006_4084488074109823199_n.jpg?oh=fbf8a47bc5b92bb9eceea1e3ce8e3f58&amp;oe=54C2504A\"},{\"@type\":\"BreadcrumbList\",\"@id\":\"https:\/\/www.pressenza.com\/it\/2014\/09\/giornata-nonviolenza-pistoia\/#breadcrumb\",\"itemListElement\":[{\"@type\":\"ListItem\",\"position\":1,\"name\":\"Accueil\",\"item\":\"https:\/\/www.pressenza.com\/it\/\"},{\"@type\":\"ListItem\",\"position\":2,\"name\":\"Giornata della nonviolenza a Pistoia\"}]},{\"@type\":\"WebSite\",\"@id\":\"https:\/\/www.pressenza.com\/it\/#website\",\"url\":\"https:\/\/www.pressenza.com\/it\/\",\"name\":\"Pressenza\",\"description\":\"Agenzia di Stampa Internazionale\",\"publisher\":{\"@id\":\"https:\/\/www.pressenza.com\/it\/#organization\"},\"potentialAction\":[{\"@type\":\"SearchAction\",\"target\":{\"@type\":\"EntryPoint\",\"urlTemplate\":\"https:\/\/www.pressenza.com\/it\/?s={search_term_string}\"},\"query-input\":{\"@type\":\"PropertyValueSpecification\",\"valueRequired\":true,\"valueName\":\"search_term_string\"}}],\"inLanguage\":\"it-IT\"},{\"@type\":\"Organization\",\"@id\":\"https:\/\/www.pressenza.com\/it\/#organization\",\"name\":\"Pressenza\",\"url\":\"https:\/\/www.pressenza.com\/it\/\",\"logo\":{\"@type\":\"ImageObject\",\"inLanguage\":\"it-IT\",\"@id\":\"https:\/\/www.pressenza.com\/it\/#\/schema\/logo\/image\/\",\"url\":\"https:\/\/www.pressenza.com\/wp-content\/uploads\/2022\/10\/pressenza_logo_200x200.jpg\",\"contentUrl\":\"https:\/\/www.pressenza.com\/wp-content\/uploads\/2022\/10\/pressenza_logo_200x200.jpg\",\"width\":200,\"height\":200,\"caption\":\"Pressenza\"},\"image\":{\"@id\":\"https:\/\/www.pressenza.com\/it\/#\/schema\/logo\/image\/\"},\"sameAs\":[\"https:\/\/www.facebook.com\/PressenzaItalia\",\"https:\/\/x.com\/PressenzaIPA\"]},{\"@type\":\"Person\",\"@id\":\"https:\/\/www.pressenza.com\/it\/#\/schema\/person\/d983e81827ae24f2c7b1a2123d197f8d\",\"name\":\"Redazione Italia\",\"description\":\"News from the Pressenza Bureau in Italy\",\"sameAs\":[\"https:\/\/www.pressenza.com\/it\/author\/redazione-italia\/\",\"https:\/\/www.facebook.com\/PressenzaItalia\",\"https:\/\/www.instagram.com\/pressenza_italia\/\",\"https:\/\/x.com\/pressenza_it\",\"https:\/\/www.youtube.com\/channel\/UCSalEIWjE1RSxkwjfftFuqg\"],\"url\":\"https:\/\/www.pressenza.com\/it\/author\/redazione-italia\/\"}]}<\/script>\n<!-- \/ Yoast SEO plugin. -->","yoast_head_json":{"title":"Giornata della nonviolenza a Pistoia","description":"5 OTTOBRE 2014 a Pistoia, in occasione della Giornata Internazionale della Nonviolenza si svolger\u00e0 la manifestazione \"ART-11, Nonviolenza e Disarmo\u201d. Che","robots":{"index":"index","follow":"follow","max-snippet":"max-snippet:-1","max-image-preview":"max-image-preview:large","max-video-preview":"max-video-preview:-1"},"canonical":"https:\/\/www.pressenza.com\/it\/2014\/09\/giornata-nonviolenza-pistoia\/","og_locale":"it_IT","og_type":"article","og_title":"Giornata della nonviolenza a Pistoia","og_description":"5 OTTOBRE 2014 a Pistoia, in occasione della Giornata Internazionale della Nonviolenza si svolger\u00e0 la manifestazione \"ART-11, Nonviolenza e Disarmo\u201d. Che","og_url":"https:\/\/www.pressenza.com\/it\/2014\/09\/giornata-nonviolenza-pistoia\/","og_site_name":"Pressenza","article_publisher":"https:\/\/www.facebook.com\/PressenzaItalia","article_author":"https:\/\/www.facebook.com\/PressenzaItalia","article_published_time":"2014-09-27T19:55:26+00:00","article_modified_time":"2014-09-29T16:52:18+00:00","og_image":[{"url":"https:\/\/scontent-a-ams.xx.fbcdn.net\/hphotos-xpa1\/v\/t1.0-9\/10402428_877752868932006_4084488074109823199_n.jpg?oh=fbf8a47bc5b92bb9eceea1e3ce8e3f58&amp;oe=54C2504A","type":"","width":"","height":""}],"author":"Redazione Italia","twitter_card":"summary_large_image","twitter_creator":"@pressenza_it","twitter_site":"@PressenzaIPA","twitter_misc":{"Scritto da":"Redazione Italia","Tempo di lettura stimato":"3 minuti"},"schema":{"@context":"https:\/\/schema.org","@graph":[{"@type":"Article","@id":"https:\/\/www.pressenza.com\/it\/2014\/09\/giornata-nonviolenza-pistoia\/#article","isPartOf":{"@id":"https:\/\/www.pressenza.com\/it\/2014\/09\/giornata-nonviolenza-pistoia\/"},"author":{"name":"Redazione Italia","@id":"https:\/\/www.pressenza.com\/it\/#\/schema\/person\/d983e81827ae24f2c7b1a2123d197f8d"},"headline":"Giornata della nonviolenza a Pistoia","datePublished":"2014-09-27T19:55:26+00:00","dateModified":"2014-09-29T16:52:18+00:00","mainEntityOfPage":{"@id":"https:\/\/www.pressenza.com\/it\/2014\/09\/giornata-nonviolenza-pistoia\/"},"wordCount":607,"publisher":{"@id":"https:\/\/www.pressenza.com\/it\/#organization"},"image":{"@id":"https:\/\/www.pressenza.com\/it\/2014\/09\/giornata-nonviolenza-pistoia\/#primaryimage"},"thumbnailUrl":"https:\/\/scontent-a-ams.xx.fbcdn.net\/hphotos-xpa1\/v\/t1.0-9\/10402428_877752868932006_4084488074109823199_n.jpg?oh=fbf8a47bc5b92bb9eceea1e3ce8e3f58&amp;oe=54C2504A","keywords":["2 ottobre","Italia","Pistoia"],"articleSection":["contenuti originali","Europa","Nonviolenza"],"inLanguage":"it-IT"},{"@type":"WebPage","@id":"https:\/\/www.pressenza.com\/it\/2014\/09\/giornata-nonviolenza-pistoia\/","url":"https:\/\/www.pressenza.com\/it\/2014\/09\/giornata-nonviolenza-pistoia\/","name":"Giornata della nonviolenza a Pistoia","isPartOf":{"@id":"https:\/\/www.pressenza.com\/it\/#website"},"primaryImageOfPage":{"@id":"https:\/\/www.pressenza.com\/it\/2014\/09\/giornata-nonviolenza-pistoia\/#primaryimage"},"image":{"@id":"https:\/\/www.pressenza.com\/it\/2014\/09\/giornata-nonviolenza-pistoia\/#primaryimage"},"thumbnailUrl":"https:\/\/scontent-a-ams.xx.fbcdn.net\/hphotos-xpa1\/v\/t1.0-9\/10402428_877752868932006_4084488074109823199_n.jpg?oh=fbf8a47bc5b92bb9eceea1e3ce8e3f58&amp;oe=54C2504A","datePublished":"2014-09-27T19:55:26+00:00","dateModified":"2014-09-29T16:52:18+00:00","description":"5 OTTOBRE 2014 a Pistoia, in occasione della Giornata Internazionale della Nonviolenza si svolger\u00e0 la manifestazione \"ART-11, Nonviolenza e Disarmo\u201d. Che","breadcrumb":{"@id":"https:\/\/www.pressenza.com\/it\/2014\/09\/giornata-nonviolenza-pistoia\/#breadcrumb"},"inLanguage":"it-IT","potentialAction":[{"@type":"ReadAction","target":["https:\/\/www.pressenza.com\/it\/2014\/09\/giornata-nonviolenza-pistoia\/"]}]},{"@type":"ImageObject","inLanguage":"it-IT","@id":"https:\/\/www.pressenza.com\/it\/2014\/09\/giornata-nonviolenza-pistoia\/#primaryimage","url":"https:\/\/scontent-a-ams.xx.fbcdn.net\/hphotos-xpa1\/v\/t1.0-9\/10402428_877752868932006_4084488074109823199_n.jpg?oh=fbf8a47bc5b92bb9eceea1e3ce8e3f58&amp;oe=54C2504A","contentUrl":"https:\/\/scontent-a-ams.xx.fbcdn.net\/hphotos-xpa1\/v\/t1.0-9\/10402428_877752868932006_4084488074109823199_n.jpg?oh=fbf8a47bc5b92bb9eceea1e3ce8e3f58&amp;oe=54C2504A"},{"@type":"BreadcrumbList","@id":"https:\/\/www.pressenza.com\/it\/2014\/09\/giornata-nonviolenza-pistoia\/#breadcrumb","itemListElement":[{"@type":"ListItem","position":1,"name":"Accueil","item":"https:\/\/www.pressenza.com\/it\/"},{"@type":"ListItem","position":2,"name":"Giornata della nonviolenza a Pistoia"}]},{"@type":"WebSite","@id":"https:\/\/www.pressenza.com\/it\/#website","url":"https:\/\/www.pressenza.com\/it\/","name":"Pressenza","description":"Agenzia di Stampa Internazionale","publisher":{"@id":"https:\/\/www.pressenza.com\/it\/#organization"},"potentialAction":[{"@type":"SearchAction","target":{"@type":"EntryPoint","urlTemplate":"https:\/\/www.pressenza.com\/it\/?s={search_term_string}"},"query-input":{"@type":"PropertyValueSpecification","valueRequired":true,"valueName":"search_term_string"}}],"inLanguage":"it-IT"},{"@type":"Organization","@id":"https:\/\/www.pressenza.com\/it\/#organization","name":"Pressenza","url":"https:\/\/www.pressenza.com\/it\/","logo":{"@type":"ImageObject","inLanguage":"it-IT","@id":"https:\/\/www.pressenza.com\/it\/#\/schema\/logo\/image\/","url":"https:\/\/www.pressenza.com\/wp-content\/uploads\/2022\/10\/pressenza_logo_200x200.jpg","contentUrl":"https:\/\/www.pressenza.com\/wp-content\/uploads\/2022\/10\/pressenza_logo_200x200.jpg","width":200,"height":200,"caption":"Pressenza"},"image":{"@id":"https:\/\/www.pressenza.com\/it\/#\/schema\/logo\/image\/"},"sameAs":["https:\/\/www.facebook.com\/PressenzaItalia","https:\/\/x.com\/PressenzaIPA"]},{"@type":"Person","@id":"https:\/\/www.pressenza.com\/it\/#\/schema\/person\/d983e81827ae24f2c7b1a2123d197f8d","name":"Redazione Italia","description":"News from the Pressenza Bureau in Italy","sameAs":["https:\/\/www.pressenza.com\/it\/author\/redazione-italia\/","https:\/\/www.facebook.com\/PressenzaItalia","https:\/\/www.instagram.com\/pressenza_italia\/","https:\/\/x.com\/pressenza_it","https:\/\/www.youtube.com\/channel\/UCSalEIWjE1RSxkwjfftFuqg"],"url":"https:\/\/www.pressenza.com\/it\/author\/redazione-italia\/"}]}},"place":"","original_article_url":"","_links":{"self":[{"href":"https:\/\/www.pressenza.com\/it\/wp-json\/wp\/v2\/posts\/135082","targetHints":{"allow":["GET"]}}],"collection":[{"href":"https:\/\/www.pressenza.com\/it\/wp-json\/wp\/v2\/posts"}],"about":[{"href":"https:\/\/www.pressenza.com\/it\/wp-json\/wp\/v2\/types\/post"}],"author":[{"embeddable":true,"href":"https:\/\/www.pressenza.com\/it\/wp-json\/wp\/v2\/users\/594"}],"replies":[{"embeddable":true,"href":"https:\/\/www.pressenza.com\/it\/wp-json\/wp\/v2\/comments?post=135082"}],"version-history":[{"count":0,"href":"https:\/\/www.pressenza.com\/it\/wp-json\/wp\/v2\/posts\/135082\/revisions"}],"wp:attachment":[{"href":"https:\/\/www.pressenza.com\/it\/wp-json\/wp\/v2\/media?parent=135082"}],"wp:term":[{"taxonomy":"category","embeddable":true,"href":"https:\/\/www.pressenza.com\/it\/wp-json\/wp\/v2\/categories?post=135082"},{"taxonomy":"post_tag","embeddable":true,"href":"https:\/\/www.pressenza.com\/it\/wp-json\/wp\/v2\/tags?post=135082"}],"curies":[{"name":"wp","href":"https:\/\/api.w.org\/{rel}","templated":true}]}}