{"id":1350250,"date":"2021-04-28T12:55:57","date_gmt":"2021-04-28T11:55:57","guid":{"rendered":"https:\/\/www.pressenza.com\/?p=1350250"},"modified":"2021-04-28T12:58:31","modified_gmt":"2021-04-28T11:58:31","slug":"che-cosa-succede-al-processo-contro-mimmo-lucano-le-forzature-di-una-accusa-che-si-scopre-debole","status":"publish","type":"post","link":"https:\/\/www.pressenza.com\/it\/2021\/04\/che-cosa-succede-al-processo-contro-mimmo-lucano-le-forzature-di-una-accusa-che-si-scopre-debole\/","title":{"rendered":"Che cosa succede al processo contro Mimmo Lucano? Le forzature di un&#8217;accusa che si scopre debole"},"content":{"rendered":"<p>Dal processo di Locri contro Lucano e Riace arriva una notizia eclatante: nell\u2019udienza di luned\u00ec 26 aprile il Pm Michele Permunian ha chiesto l\u2019acquisizione agli atti di un documento. Si tratta di un\u2019intervista che Lucano ha rilasciato il 18 aprile scorso all\u2019agenzia AGI, in cui spiega la sua decisione di candidarsi alle elezioni regionali del prossimo ottobre insieme a De Magistris. La difesa di Lucano ha contestato questa richiesta, definendola \u201ctendenziosa\u201d. Alla fine, il Presidente del collegio giudicante, Accurso, l\u2019ha respinta, in quanto i fatti sono estranei al processo.<\/p>\n<p>Allora, tutto bene? Tutto rientrato? Non direi. Perch\u00e9 per noi che osserviamo il processo da semplici cittadini e non da tecnici del diritto e nemmeno da esperti di cronaca giudiziaria e che quindi guardiamo il processo dal punto di vista del senso che vi si produce, la domanda sul perch\u00e9 la Procura di Locri abbia presentato una tale richiesta rimane intatta.<\/p>\n<p>Certo, potremmo rispondere che si tratta di accanimento, come lo stesso Pm aveva dimostrato tentando di avviare un secondo processo contro Lucano. Ma non basta. Perch\u00e9 il tema Lucano-elezioni era gi\u00e0 stato al centro dell\u2019attenzione della Procura. Nell\u2019ottobre 2019 il colonnello Sportelli, in mancanza di qualsiasi prova che Lucano avesse perseguito scopi di lucro personale sui fondi pubblici destinati ai migranti, aveva avanzato l\u2019ipotesi che ci fosse comunque un dolo, un movente illegittimo di vantaggio personale: era l\u2019ipotesi del movente politico-elettorale. Certo, \u00e8 normale che un sindaco cerchi di corrispondere alle attese dei suoi concittadini. Ma Lucano faceva di pi\u00f9: progettava di candidarsi alle politiche del marzo 2018 e per questo aveva bisogno di continuare ad assicurarsi i voti. Cosicch\u00e9, pur essendo perfettamente consapevole che i laboratori non funzionavano, che le associazioni facevano soldi indebitamente, che c\u2019erano molte irregolarit\u00e0, non denunciava nulla, perch\u00e9 non voleva perdere i voti che gli portavano le varie associazioni. Lucano cercava un vantaggio elettorale; Sportelli citava i voti dei Tornese, di Riace Accoglie, di Girasole.<\/p>\n<p>Ma dove erano le prove del movente politico-elettorale? In un\u2019intercettazione di fine 2017 in cui in sostanza Lucano diceva a suo fratello: \u201cQuasi quasi mi candido\u201d. L\u2019intenzione di Lucano di correre per l\u2019elezione al Parlamento italiano rivelava, secondo l\u2019accusa, il suo intento di sottrarsi alla giustizia, che sentiva ormai incombere su Riace, grazie all\u2019immunit\u00e0 parlamentare; ecco la patata bollente dell\u2019interesse personale, pur nell\u2019assenza di lucro. Tuttavia, quando il Presidente gli chiedeva se si fosse poi candidato effettivamente, Sportelli doveva ammettere di no. Cosicch\u00e9 anche il famoso movente politico finiva per sfocarsi e perdere di incisivit\u00e0, tanto che nel seguito dell\u2019illustrazione dell\u2019accusa non si parlava praticamente pi\u00f9 del movente di Lucano.<\/p>\n<p>Ora, ad un anno e mezzo da quelle udienze, il movente politico torna fuori. In zona Cesarini possiamo dire, all\u2019ultima udienza dell\u2019istruttoria. Succede che il Pm ha letto l\u2019intervista rilasciata da Lucano una settimana fa, in cui parla della sua candidatura nella lista di De Magistris come capolista. E qualcosa ha fatto subito tilt nella sua mente: visto? L\u2019avevo detto io che voleva candidarsi. Finalmente il piano \u00e8 arrivato a compimento. Peccato che si tratti di quattro anni dopo, di quattro tornate elettorali dopo, di elezioni regionali e non politiche. Ma il suo piano \u00e8 sempre quello. Anzi, il piano di oggi getta luce su quello di ieri: se non si era presentato allora, n\u00e9 alle politiche (2018), n\u00e9 alle europee (2019), n\u00e9 alle regionali (2020), \u00e8 perch\u00e9 nessuno gli aveva voluto dare il posto di capolista. Ora finalmente, con de Magistris, il colpaccio gli \u00e8 riuscito. E qui il Pm fa un volo pindarico: la candidatura di oggi confermerebbe la bont\u00e0 delle intercettazioni di quattro anni prima\u2026<\/p>\n<p>Ovviamente Lucano ha il diritto di candidarsi quando vuole e con chi vuole, come ogni cittadino in pieno possesso dei suoi diritti politici. Ma l\u2019imputato Lucano, secondo il Pm, \u00e8 costretto dal suo \u201ccurriculum criminale\u201d, come avrebbe detto Foucault; ogni sua azione prende un senso pregresso determinato dall\u2019indagine che lo ha portato al processo e nello stesso tempo d\u00e0 senso a quell\u2019indagine quando incespica e si fa debole. Quell\u2019intercettazione del 2017 che perdeva significato di fronte al dato di realt\u00e0 che non si era poi candidato, per cui diventava difficile sostenere in modo convincente il suo interesse politico-elettorale, ritrova finalmente il suo senso predittivo in un\u2019intervista di oggi.<\/p>\n<p>Nel commentare questa singolare richiesta, Lucano mette il dito sui contenuti politici della sua candidatura, rivendicando giustamente la sua libert\u00e0 di perseguire i suoi ideali di solidariet\u00e0, uguaglianza e umanit\u00e0. E conclude: mi chiedo se il Pm avrebbe agito nello stesso modo se mi fossi candidato con la Lega. Certo, c\u2019\u00e8 sicuramente il contenuto politico nell\u2019attacco del Pm, come hanno sottolineato altri commentatori. D\u2019altronde, sin dall\u2019inizio del mio monitoraggio sostengo che a Locri si sta celebrando un processo politico, dove si sono messi sotto processo non degli atti, ma delle idee. Nessuna sorpresa dunque nel constatare che le idee politiche di Lucano, che allora aveva messo in atto nel costruire il modello Riace e oggi mette al servizio di un progetto elettorale, sono al centro dell\u2019accusa.<\/p>\n<p>Ma a me preme portare l\u2019attenzione anche su un altro aspetto: l\u2019uso spregiudicato di un\u2019intervista di oggi per dare senso a un\u2019intercettazione di quattro anni fa, che non aveva retto alla prova dell\u2019argomentazione dibattimentale. Quell\u2019intercettazione non aveva retto perch\u00e9 l\u2019azione che vi si annunciava non aveva avuto luogo; restava dunque una mera intenzione e le intenzioni non si processano, lo sanno anche i bambini. La candidatura di oggi invece viene letta come un passaggio all\u2019atto che realizza finalmente quell\u2019intenzione. Si avanza insomma l\u2019ipotesi di un effetto retroattivo per cui l\u2019azione dell\u2019oggi illuminerebbe di senso un\u2019intenzione espressa nel passato, la renderebbe \u201cvera\u201d. A tal punto che si pu\u00f2 riattivare l\u2019intento, allora fallito, di fondarci il movente.<\/p>\n<p>Non c\u2019\u00e8 solo lo scontro con le idee politiche di Lucano, che abbiamo gi\u00e0 visto mille volte nella presentazione delle ipotesi di accusa; c\u2019\u00e8 qualcosa di pi\u00f9 e di diverso. C\u2019\u00e8 l\u2019idea che gli atti non sono circoscritti nel tempo in cui si formano, non contengono il proprio significato, ma lo derivano dalla personalit\u00e0 dell\u2019imputato, segnata senza soluzione di continuit\u00e0 dai reati che gli vengono attribuiti. L\u2019indagine, conclusa a fine 2017, racchiuderebbe cos\u00ec tutto l\u2019agire di Lucano, anche quello di oggi, anche quello futuro, che non potrebbe che esplicitarne meglio il senso, renderne pi\u00f9 chiaro il carattere criminoso. C\u2019\u00e8 da credere che la Procura senta le sue ipotesi parecchio traballanti, per arrivare a proporre una tale forzatura!<\/p>\n","protected":false},"excerpt":{"rendered":"<p>Dal processo di Locri contro Lucano e Riace arriva una notizia eclatante: nell\u2019udienza di luned\u00ec 26 aprile il Pm Michele Permunian ha chiesto l\u2019acquisizione agli atti di un documento. Si tratta di un\u2019intervista che Lucano ha rilasciato il 18 aprile&hellip;<\/p>\n","protected":false},"author":1704,"featured_media":902777,"comment_status":"closed","ping_status":"closed","sticky":false,"template":"","format":"standard","meta":{"footnotes":""},"categories":[11388,60,47,162,55],"tags":[90339,616,48886,3783,29215],"class_list":["post-1350250","post","type-post","status-publish","format-standard","has-post-thumbnail","hentry","category-contenuti-originali","category-diritti-umani","category-europa","category-opinioni","category-politica","tag-candidatura","tag-elezioni","tag-mimmo-lucano","tag-processo","tag-riace"],"yoast_head":"<!-- This site is optimized with the Yoast SEO plugin v27.1.1 - https:\/\/yoast.com\/product\/yoast-seo-wordpress\/ -->\n<title>Che cosa succede al processo contro Mimmo Lucano? Le forzature di un&#039;accusa che si scopre debole<\/title>\n<meta name=\"description\" content=\"Dal processo di Locri contro Lucano e Riace arriva una notizia eclatante: nell\u2019udienza di luned\u00ec 26 aprile il Pm Michele Permunian ha chiesto\" \/>\n<meta name=\"robots\" content=\"index, follow, max-snippet:-1, max-image-preview:large, max-video-preview:-1\" \/>\n<link rel=\"canonical\" href=\"https:\/\/www.pressenza.com\/it\/2021\/04\/che-cosa-succede-al-processo-contro-mimmo-lucano-le-forzature-di-una-accusa-che-si-scopre-debole\/\" \/>\n<meta property=\"og:locale\" content=\"it_IT\" \/>\n<meta property=\"og:type\" content=\"article\" \/>\n<meta property=\"og:title\" content=\"Che cosa succede al processo contro Mimmo Lucano? Le forzature di un&#039;accusa che si scopre debole\" \/>\n<meta property=\"og:description\" content=\"Dal processo di Locri contro Lucano e Riace arriva una notizia eclatante: nell\u2019udienza di luned\u00ec 26 aprile il Pm Michele Permunian ha chiesto\" \/>\n<meta property=\"og:url\" content=\"https:\/\/www.pressenza.com\/it\/2021\/04\/che-cosa-succede-al-processo-contro-mimmo-lucano-le-forzature-di-una-accusa-che-si-scopre-debole\/\" \/>\n<meta property=\"og:site_name\" content=\"Pressenza\" \/>\n<meta property=\"article:publisher\" content=\"https:\/\/www.facebook.com\/PressenzaItalia\" \/>\n<meta property=\"article:published_time\" content=\"2021-04-28T11:55:57+00:00\" \/>\n<meta property=\"article:modified_time\" content=\"2021-04-28T11:58:31+00:00\" \/>\n<meta property=\"og:image\" content=\"https:\/\/www.pressenza.com\/wp-content\/uploads\/2019\/08\/Incontro-Caulonia-Mimmo-Lucano-0418web.jpg\" \/>\n\t<meta property=\"og:image:width\" content=\"1510\" \/>\n\t<meta property=\"og:image:height\" content=\"1000\" \/>\n\t<meta property=\"og:image:type\" content=\"image\/jpeg\" \/>\n<meta name=\"author\" content=\"Giovanna Procacci\" \/>\n<meta name=\"twitter:card\" content=\"summary_large_image\" \/>\n<meta name=\"twitter:creator\" content=\"@PressenzaIPA\" \/>\n<meta name=\"twitter:site\" content=\"@PressenzaIPA\" \/>\n<meta name=\"twitter:label1\" content=\"Scritto da\" \/>\n\t<meta name=\"twitter:data1\" content=\"Giovanna Procacci\" \/>\n\t<meta name=\"twitter:label2\" content=\"Tempo di lettura stimato\" \/>\n\t<meta name=\"twitter:data2\" content=\"5 minuti\" \/>\n<script type=\"application\/ld+json\" class=\"yoast-schema-graph\">{\"@context\":\"https:\/\/schema.org\",\"@graph\":[{\"@type\":\"Article\",\"@id\":\"https:\/\/www.pressenza.com\/it\/2021\/04\/che-cosa-succede-al-processo-contro-mimmo-lucano-le-forzature-di-una-accusa-che-si-scopre-debole\/#article\",\"isPartOf\":{\"@id\":\"https:\/\/www.pressenza.com\/it\/2021\/04\/che-cosa-succede-al-processo-contro-mimmo-lucano-le-forzature-di-una-accusa-che-si-scopre-debole\/\"},\"author\":{\"name\":\"Giovanna Procacci\",\"@id\":\"https:\/\/www.pressenza.com\/it\/#\/schema\/person\/ae574b74ff0216e97c454f64516fed9d\"},\"headline\":\"Che cosa succede al processo contro Mimmo Lucano? Le forzature di un&#8217;accusa che si scopre debole\",\"datePublished\":\"2021-04-28T11:55:57+00:00\",\"dateModified\":\"2021-04-28T11:58:31+00:00\",\"mainEntityOfPage\":{\"@id\":\"https:\/\/www.pressenza.com\/it\/2021\/04\/che-cosa-succede-al-processo-contro-mimmo-lucano-le-forzature-di-una-accusa-che-si-scopre-debole\/\"},\"wordCount\":1115,\"publisher\":{\"@id\":\"https:\/\/www.pressenza.com\/it\/#organization\"},\"image\":{\"@id\":\"https:\/\/www.pressenza.com\/it\/2021\/04\/che-cosa-succede-al-processo-contro-mimmo-lucano-le-forzature-di-una-accusa-che-si-scopre-debole\/#primaryimage\"},\"thumbnailUrl\":\"https:\/\/www.pressenza.com\/wp-content\/uploads\/2019\/08\/Incontro-Caulonia-Mimmo-Lucano-0418web.jpg\",\"keywords\":[\"candidatura\",\"elezioni\",\"Mimmo Lucano\",\"processo\",\"Riace\"],\"articleSection\":[\"contenuti originali\",\"Diritti Umani\",\"Europa\",\"Opinioni\",\"Politica\"],\"inLanguage\":\"it-IT\"},{\"@type\":\"WebPage\",\"@id\":\"https:\/\/www.pressenza.com\/it\/2021\/04\/che-cosa-succede-al-processo-contro-mimmo-lucano-le-forzature-di-una-accusa-che-si-scopre-debole\/\",\"url\":\"https:\/\/www.pressenza.com\/it\/2021\/04\/che-cosa-succede-al-processo-contro-mimmo-lucano-le-forzature-di-una-accusa-che-si-scopre-debole\/\",\"name\":\"Che cosa succede al processo contro Mimmo Lucano? Le forzature di un'accusa che si scopre debole\",\"isPartOf\":{\"@id\":\"https:\/\/www.pressenza.com\/it\/#website\"},\"primaryImageOfPage\":{\"@id\":\"https:\/\/www.pressenza.com\/it\/2021\/04\/che-cosa-succede-al-processo-contro-mimmo-lucano-le-forzature-di-una-accusa-che-si-scopre-debole\/#primaryimage\"},\"image\":{\"@id\":\"https:\/\/www.pressenza.com\/it\/2021\/04\/che-cosa-succede-al-processo-contro-mimmo-lucano-le-forzature-di-una-accusa-che-si-scopre-debole\/#primaryimage\"},\"thumbnailUrl\":\"https:\/\/www.pressenza.com\/wp-content\/uploads\/2019\/08\/Incontro-Caulonia-Mimmo-Lucano-0418web.jpg\",\"datePublished\":\"2021-04-28T11:55:57+00:00\",\"dateModified\":\"2021-04-28T11:58:31+00:00\",\"description\":\"Dal processo di Locri contro Lucano e Riace arriva una notizia eclatante: nell\u2019udienza di luned\u00ec 26 aprile il Pm Michele Permunian ha chiesto\",\"breadcrumb\":{\"@id\":\"https:\/\/www.pressenza.com\/it\/2021\/04\/che-cosa-succede-al-processo-contro-mimmo-lucano-le-forzature-di-una-accusa-che-si-scopre-debole\/#breadcrumb\"},\"inLanguage\":\"it-IT\",\"potentialAction\":[{\"@type\":\"ReadAction\",\"target\":[\"https:\/\/www.pressenza.com\/it\/2021\/04\/che-cosa-succede-al-processo-contro-mimmo-lucano-le-forzature-di-una-accusa-che-si-scopre-debole\/\"]}]},{\"@type\":\"ImageObject\",\"inLanguage\":\"it-IT\",\"@id\":\"https:\/\/www.pressenza.com\/it\/2021\/04\/che-cosa-succede-al-processo-contro-mimmo-lucano-le-forzature-di-una-accusa-che-si-scopre-debole\/#primaryimage\",\"url\":\"https:\/\/www.pressenza.com\/wp-content\/uploads\/2019\/08\/Incontro-Caulonia-Mimmo-Lucano-0418web.jpg\",\"contentUrl\":\"https:\/\/www.pressenza.com\/wp-content\/uploads\/2019\/08\/Incontro-Caulonia-Mimmo-Lucano-0418web.jpg\",\"width\":1510,\"height\":1000},{\"@type\":\"BreadcrumbList\",\"@id\":\"https:\/\/www.pressenza.com\/it\/2021\/04\/che-cosa-succede-al-processo-contro-mimmo-lucano-le-forzature-di-una-accusa-che-si-scopre-debole\/#breadcrumb\",\"itemListElement\":[{\"@type\":\"ListItem\",\"position\":1,\"name\":\"Accueil\",\"item\":\"https:\/\/www.pressenza.com\/it\/\"},{\"@type\":\"ListItem\",\"position\":2,\"name\":\"Che cosa succede al processo contro Mimmo Lucano? Le forzature di un&#8217;accusa che si scopre debole\"}]},{\"@type\":\"WebSite\",\"@id\":\"https:\/\/www.pressenza.com\/it\/#website\",\"url\":\"https:\/\/www.pressenza.com\/it\/\",\"name\":\"Pressenza\",\"description\":\"Agenzia di Stampa Internazionale\",\"publisher\":{\"@id\":\"https:\/\/www.pressenza.com\/it\/#organization\"},\"potentialAction\":[{\"@type\":\"SearchAction\",\"target\":{\"@type\":\"EntryPoint\",\"urlTemplate\":\"https:\/\/www.pressenza.com\/it\/?s={search_term_string}\"},\"query-input\":{\"@type\":\"PropertyValueSpecification\",\"valueRequired\":true,\"valueName\":\"search_term_string\"}}],\"inLanguage\":\"it-IT\"},{\"@type\":\"Organization\",\"@id\":\"https:\/\/www.pressenza.com\/it\/#organization\",\"name\":\"Pressenza\",\"url\":\"https:\/\/www.pressenza.com\/it\/\",\"logo\":{\"@type\":\"ImageObject\",\"inLanguage\":\"it-IT\",\"@id\":\"https:\/\/www.pressenza.com\/it\/#\/schema\/logo\/image\/\",\"url\":\"https:\/\/www.pressenza.com\/wp-content\/uploads\/2022\/10\/pressenza_logo_200x200.jpg\",\"contentUrl\":\"https:\/\/www.pressenza.com\/wp-content\/uploads\/2022\/10\/pressenza_logo_200x200.jpg\",\"width\":200,\"height\":200,\"caption\":\"Pressenza\"},\"image\":{\"@id\":\"https:\/\/www.pressenza.com\/it\/#\/schema\/logo\/image\/\"},\"sameAs\":[\"https:\/\/www.facebook.com\/PressenzaItalia\",\"https:\/\/x.com\/PressenzaIPA\"]},{\"@type\":\"Person\",\"@id\":\"https:\/\/www.pressenza.com\/it\/#\/schema\/person\/ae574b74ff0216e97c454f64516fed9d\",\"name\":\"Giovanna Procacci\",\"url\":\"https:\/\/www.pressenza.com\/it\/author\/giovanna-procacci\/\"}]}<\/script>\n<!-- \/ Yoast SEO plugin. -->","yoast_head_json":{"title":"Che cosa succede al processo contro Mimmo Lucano? Le forzature di un'accusa che si scopre debole","description":"Dal processo di Locri contro Lucano e Riace arriva una notizia eclatante: nell\u2019udienza di luned\u00ec 26 aprile il Pm Michele Permunian ha chiesto","robots":{"index":"index","follow":"follow","max-snippet":"max-snippet:-1","max-image-preview":"max-image-preview:large","max-video-preview":"max-video-preview:-1"},"canonical":"https:\/\/www.pressenza.com\/it\/2021\/04\/che-cosa-succede-al-processo-contro-mimmo-lucano-le-forzature-di-una-accusa-che-si-scopre-debole\/","og_locale":"it_IT","og_type":"article","og_title":"Che cosa succede al processo contro Mimmo Lucano? Le forzature di un'accusa che si scopre debole","og_description":"Dal processo di Locri contro Lucano e Riace arriva una notizia eclatante: nell\u2019udienza di luned\u00ec 26 aprile il Pm Michele Permunian ha chiesto","og_url":"https:\/\/www.pressenza.com\/it\/2021\/04\/che-cosa-succede-al-processo-contro-mimmo-lucano-le-forzature-di-una-accusa-che-si-scopre-debole\/","og_site_name":"Pressenza","article_publisher":"https:\/\/www.facebook.com\/PressenzaItalia","article_published_time":"2021-04-28T11:55:57+00:00","article_modified_time":"2021-04-28T11:58:31+00:00","og_image":[{"width":1510,"height":1000,"url":"https:\/\/www.pressenza.com\/wp-content\/uploads\/2019\/08\/Incontro-Caulonia-Mimmo-Lucano-0418web.jpg","type":"image\/jpeg"}],"author":"Giovanna Procacci","twitter_card":"summary_large_image","twitter_creator":"@PressenzaIPA","twitter_site":"@PressenzaIPA","twitter_misc":{"Scritto da":"Giovanna Procacci","Tempo di lettura stimato":"5 minuti"},"schema":{"@context":"https:\/\/schema.org","@graph":[{"@type":"Article","@id":"https:\/\/www.pressenza.com\/it\/2021\/04\/che-cosa-succede-al-processo-contro-mimmo-lucano-le-forzature-di-una-accusa-che-si-scopre-debole\/#article","isPartOf":{"@id":"https:\/\/www.pressenza.com\/it\/2021\/04\/che-cosa-succede-al-processo-contro-mimmo-lucano-le-forzature-di-una-accusa-che-si-scopre-debole\/"},"author":{"name":"Giovanna Procacci","@id":"https:\/\/www.pressenza.com\/it\/#\/schema\/person\/ae574b74ff0216e97c454f64516fed9d"},"headline":"Che cosa succede al processo contro Mimmo Lucano? Le forzature di un&#8217;accusa che si scopre debole","datePublished":"2021-04-28T11:55:57+00:00","dateModified":"2021-04-28T11:58:31+00:00","mainEntityOfPage":{"@id":"https:\/\/www.pressenza.com\/it\/2021\/04\/che-cosa-succede-al-processo-contro-mimmo-lucano-le-forzature-di-una-accusa-che-si-scopre-debole\/"},"wordCount":1115,"publisher":{"@id":"https:\/\/www.pressenza.com\/it\/#organization"},"image":{"@id":"https:\/\/www.pressenza.com\/it\/2021\/04\/che-cosa-succede-al-processo-contro-mimmo-lucano-le-forzature-di-una-accusa-che-si-scopre-debole\/#primaryimage"},"thumbnailUrl":"https:\/\/www.pressenza.com\/wp-content\/uploads\/2019\/08\/Incontro-Caulonia-Mimmo-Lucano-0418web.jpg","keywords":["candidatura","elezioni","Mimmo Lucano","processo","Riace"],"articleSection":["contenuti originali","Diritti Umani","Europa","Opinioni","Politica"],"inLanguage":"it-IT"},{"@type":"WebPage","@id":"https:\/\/www.pressenza.com\/it\/2021\/04\/che-cosa-succede-al-processo-contro-mimmo-lucano-le-forzature-di-una-accusa-che-si-scopre-debole\/","url":"https:\/\/www.pressenza.com\/it\/2021\/04\/che-cosa-succede-al-processo-contro-mimmo-lucano-le-forzature-di-una-accusa-che-si-scopre-debole\/","name":"Che cosa succede al processo contro Mimmo Lucano? Le forzature di un'accusa che si scopre debole","isPartOf":{"@id":"https:\/\/www.pressenza.com\/it\/#website"},"primaryImageOfPage":{"@id":"https:\/\/www.pressenza.com\/it\/2021\/04\/che-cosa-succede-al-processo-contro-mimmo-lucano-le-forzature-di-una-accusa-che-si-scopre-debole\/#primaryimage"},"image":{"@id":"https:\/\/www.pressenza.com\/it\/2021\/04\/che-cosa-succede-al-processo-contro-mimmo-lucano-le-forzature-di-una-accusa-che-si-scopre-debole\/#primaryimage"},"thumbnailUrl":"https:\/\/www.pressenza.com\/wp-content\/uploads\/2019\/08\/Incontro-Caulonia-Mimmo-Lucano-0418web.jpg","datePublished":"2021-04-28T11:55:57+00:00","dateModified":"2021-04-28T11:58:31+00:00","description":"Dal processo di Locri contro Lucano e Riace arriva una notizia eclatante: nell\u2019udienza di luned\u00ec 26 aprile il Pm Michele Permunian ha chiesto","breadcrumb":{"@id":"https:\/\/www.pressenza.com\/it\/2021\/04\/che-cosa-succede-al-processo-contro-mimmo-lucano-le-forzature-di-una-accusa-che-si-scopre-debole\/#breadcrumb"},"inLanguage":"it-IT","potentialAction":[{"@type":"ReadAction","target":["https:\/\/www.pressenza.com\/it\/2021\/04\/che-cosa-succede-al-processo-contro-mimmo-lucano-le-forzature-di-una-accusa-che-si-scopre-debole\/"]}]},{"@type":"ImageObject","inLanguage":"it-IT","@id":"https:\/\/www.pressenza.com\/it\/2021\/04\/che-cosa-succede-al-processo-contro-mimmo-lucano-le-forzature-di-una-accusa-che-si-scopre-debole\/#primaryimage","url":"https:\/\/www.pressenza.com\/wp-content\/uploads\/2019\/08\/Incontro-Caulonia-Mimmo-Lucano-0418web.jpg","contentUrl":"https:\/\/www.pressenza.com\/wp-content\/uploads\/2019\/08\/Incontro-Caulonia-Mimmo-Lucano-0418web.jpg","width":1510,"height":1000},{"@type":"BreadcrumbList","@id":"https:\/\/www.pressenza.com\/it\/2021\/04\/che-cosa-succede-al-processo-contro-mimmo-lucano-le-forzature-di-una-accusa-che-si-scopre-debole\/#breadcrumb","itemListElement":[{"@type":"ListItem","position":1,"name":"Accueil","item":"https:\/\/www.pressenza.com\/it\/"},{"@type":"ListItem","position":2,"name":"Che cosa succede al processo contro Mimmo Lucano? Le forzature di un&#8217;accusa che si scopre debole"}]},{"@type":"WebSite","@id":"https:\/\/www.pressenza.com\/it\/#website","url":"https:\/\/www.pressenza.com\/it\/","name":"Pressenza","description":"Agenzia di Stampa Internazionale","publisher":{"@id":"https:\/\/www.pressenza.com\/it\/#organization"},"potentialAction":[{"@type":"SearchAction","target":{"@type":"EntryPoint","urlTemplate":"https:\/\/www.pressenza.com\/it\/?s={search_term_string}"},"query-input":{"@type":"PropertyValueSpecification","valueRequired":true,"valueName":"search_term_string"}}],"inLanguage":"it-IT"},{"@type":"Organization","@id":"https:\/\/www.pressenza.com\/it\/#organization","name":"Pressenza","url":"https:\/\/www.pressenza.com\/it\/","logo":{"@type":"ImageObject","inLanguage":"it-IT","@id":"https:\/\/www.pressenza.com\/it\/#\/schema\/logo\/image\/","url":"https:\/\/www.pressenza.com\/wp-content\/uploads\/2022\/10\/pressenza_logo_200x200.jpg","contentUrl":"https:\/\/www.pressenza.com\/wp-content\/uploads\/2022\/10\/pressenza_logo_200x200.jpg","width":200,"height":200,"caption":"Pressenza"},"image":{"@id":"https:\/\/www.pressenza.com\/it\/#\/schema\/logo\/image\/"},"sameAs":["https:\/\/www.facebook.com\/PressenzaItalia","https:\/\/x.com\/PressenzaIPA"]},{"@type":"Person","@id":"https:\/\/www.pressenza.com\/it\/#\/schema\/person\/ae574b74ff0216e97c454f64516fed9d","name":"Giovanna Procacci","url":"https:\/\/www.pressenza.com\/it\/author\/giovanna-procacci\/"}]}},"place":"Comitato Undici Giugno\u2013Milano","original_article_url":"","_links":{"self":[{"href":"https:\/\/www.pressenza.com\/it\/wp-json\/wp\/v2\/posts\/1350250","targetHints":{"allow":["GET"]}}],"collection":[{"href":"https:\/\/www.pressenza.com\/it\/wp-json\/wp\/v2\/posts"}],"about":[{"href":"https:\/\/www.pressenza.com\/it\/wp-json\/wp\/v2\/types\/post"}],"author":[{"embeddable":true,"href":"https:\/\/www.pressenza.com\/it\/wp-json\/wp\/v2\/users\/1704"}],"replies":[{"embeddable":true,"href":"https:\/\/www.pressenza.com\/it\/wp-json\/wp\/v2\/comments?post=1350250"}],"version-history":[{"count":0,"href":"https:\/\/www.pressenza.com\/it\/wp-json\/wp\/v2\/posts\/1350250\/revisions"}],"wp:featuredmedia":[{"embeddable":true,"href":"https:\/\/www.pressenza.com\/it\/wp-json\/wp\/v2\/media\/902777"}],"wp:attachment":[{"href":"https:\/\/www.pressenza.com\/it\/wp-json\/wp\/v2\/media?parent=1350250"}],"wp:term":[{"taxonomy":"category","embeddable":true,"href":"https:\/\/www.pressenza.com\/it\/wp-json\/wp\/v2\/categories?post=1350250"},{"taxonomy":"post_tag","embeddable":true,"href":"https:\/\/www.pressenza.com\/it\/wp-json\/wp\/v2\/tags?post=1350250"}],"curies":[{"name":"wp","href":"https:\/\/api.w.org\/{rel}","templated":true}]}}