{"id":1349300,"date":"2021-04-26T08:45:01","date_gmt":"2021-04-26T07:45:01","guid":{"rendered":"https:\/\/www.pressenza.com\/?p=1349300"},"modified":"2021-04-26T08:46:46","modified_gmt":"2021-04-26T07:46:46","slug":"appello-delle-ong-a-draghi-non-si-puo-continuare-a-ignorare-le-stragi-in-mare","status":"publish","type":"post","link":"https:\/\/www.pressenza.com\/it\/2021\/04\/appello-delle-ong-a-draghi-non-si-puo-continuare-a-ignorare-le-stragi-in-mare\/","title":{"rendered":"Appello delle Ong a Draghi: \u201cNon si pu\u00f2 continuare a ignorare le stragi in mare\u201d"},"content":{"rendered":"<p>Gentile presidente Mario Draghi,<\/p>\n<p>dopo l\u2019ennesima tragedia occorsa nel Mediterraneo gioved\u00ec scorso, crediamo indispensabile chiederle un incontro urgente.<\/p>\n<p>Ogni volta che si ripete un naufragio speriamo che sia l\u2019ultimo. Anche la\u00a0tragedia di questi giorni poteva molto probabilmente essere evitata.<\/p>\n<p>Nelle oltre 24 ore trascorse tra la prima segnalazione di Alarm Phone e il consumarsi della tragedia, la Ocean Viking ha atteso un intervento delle autorit\u00e0 marittime che coordinasse le operazioni, ma nonostante le autorit\u00e0 italiane, libiche e maltesi fossero tenute costantemente informate, questo coordinamento non c\u2019\u00e8 stato, o almeno non ha coinvolto l\u2019unica nave di soccorso presente in quel momento. Che questa mancanza sia stata fatale \u00e8 sotto gli occhi di tutti: oltre cento persone hanno perso la vita.<\/p>\n<p>Questa, presidente, \u00e8 la realt\u00e0 del Mediterraneo. Dal 2014, pi\u00f9 di 20.000 uomini, donne e bambini sono morti o scomparsi nel Mediterraneo centrale, che conferma il suo triste primato di rotta migratoria pi\u00f9 letale al mondo. Nessuno degli accordi e provvedimenti adottati dagli Stati, dopo la fine dell\u2019operazione\u00a0Mare Nostrum, \u00e8 mai riuscito a far diminuire il tasso di mortalit\u00e0.\u00a0 Da allora le Ong\u00a0hanno cercato di colmare il vuoto lasciato dagli Stati, ma in assenza di un coordinamento centralizzato, tempestivo e coerente di ricerca e soccorso, tragedie come quelle di gioved\u00ec scorso sono le conseguenze da portare collettivamente sulla coscienza.<\/p>\n<p>Per\u00a0alcuni anni, l\u2019intervento delle navi di soccorso civile \u00e8 stato accolto con riconoscenza dalle autorit\u00e0 italiane ed europee, con le quali abbiamo collaborato in modo continuativo ed efficace per ridurre la mortalit\u00e0 nel Mediterraneo.\u00a0Poi\u00a0le cose sono cambiate: i governi hanno ritirato le loro navi e cessato di coordinare i soccorsi. Le persone, invece che essere soccorse e condotte in un porto sicuro, come vorrebbe la normativa marittima internazionale, hanno iniziato ad essere riportate dalle autorit\u00e0 libiche in Libia, dove sono vittime di detenzioni arbitrarie, violenze e abusi di ogni genere ampiamente documentati. Contestualmente, le Ong\u00a0sono diventate oggetto di una feroce campagna di delegittimizzazione e criminalizzazione.<\/p>\n<p>Come ribadito dalla stessa Commissaria europea Von der Leyen, \u201cil soccorso in mare non \u00e8 un optional\u201d, bens\u00ec un preciso obbligo degli Stati, un obbligo giuridico, quindi, oltre che morale. Come Ong\u00a0siamo in mare a colmare un vuoto, ma saremmo pronte a farci da parte se l\u2019Europa istituisse un efficace meccanismo istituzionale e coordinato di ricerca e soccorso che abbia come scopo primario quello di soccorrere persone in mare.<\/p>\n<p>Signor presidente, le chiediamo un incontro in cui discutere quali iniziative concrete possano essere assunte dal suo governo, coinvolgendo l\u2019Europa, per garantire interventi coordinati e tempestivi di soccorso, affinch\u00e9 salvare vite umane torni ad essere una priorit\u00e0 e inaccettabili tragedie come i naufragi di questi giorni non si ripetano mai pi\u00f9.<\/p>\n<p><em>Alarm Phone, Emergency, Medici Senza Frontiere, Mediterranea, Open Arms, ResQ-People saving People, Sea Watch, Sos Mediterranee<\/em><\/p>\n<p>&nbsp;<\/p>\n","protected":false},"excerpt":{"rendered":"<p>Gentile presidente Mario Draghi, dopo l\u2019ennesima tragedia occorsa nel Mediterraneo gioved\u00ec scorso, crediamo indispensabile chiederle un incontro urgente. Ogni volta che si ripete un naufragio speriamo che sia l\u2019ultimo. Anche la\u00a0tragedia di questi giorni poteva molto probabilmente essere evitata. Nelle&hellip;<\/p>\n","protected":false},"author":594,"featured_media":1329115,"comment_status":"closed","ping_status":"closed","sticky":false,"template":"","format":"standard","meta":{"footnotes":""},"categories":[45,150,47,54572,55],"tags":[947,1087,18492,798,38455,16052],"class_list":["post-1349300","post","type-post","status-publish","format-standard","has-post-thumbnail","hentry","category-africa-it","category-comunicati-stampa","category-europa","category-migranti","category-politica","tag-appello","tag-libia","tag-mario-draghi","tag-ong","tag-salvataggi","tag-stragi-in-mare"],"yoast_head":"<!-- This site is optimized with the Yoast SEO plugin v27.1.1 - https:\/\/yoast.com\/product\/yoast-seo-wordpress\/ -->\n<title>Appello delle Ong a Draghi: \u201cNon si pu\u00f2 continuare a ignorare le stragi in mare\u201d<\/title>\n<meta name=\"description\" content=\"Gentile presidente Mario Draghi, dopo l\u2019ennesima tragedia occorsa nel Mediterraneo gioved\u00ec scorso, crediamo indispensabile chiederle un incontro urgente.\" \/>\n<meta name=\"robots\" content=\"index, follow, max-snippet:-1, max-image-preview:large, max-video-preview:-1\" \/>\n<link rel=\"canonical\" href=\"https:\/\/www.pressenza.com\/it\/2021\/04\/appello-delle-ong-a-draghi-non-si-puo-continuare-a-ignorare-le-stragi-in-mare\/\" \/>\n<meta property=\"og:locale\" content=\"it_IT\" \/>\n<meta property=\"og:type\" content=\"article\" \/>\n<meta property=\"og:title\" content=\"Appello delle Ong a Draghi: \u201cNon si pu\u00f2 continuare a ignorare le stragi in mare\u201d\" \/>\n<meta property=\"og:description\" content=\"Gentile presidente Mario Draghi, dopo l\u2019ennesima tragedia occorsa nel Mediterraneo gioved\u00ec scorso, crediamo indispensabile chiederle un incontro urgente.\" \/>\n<meta property=\"og:url\" content=\"https:\/\/www.pressenza.com\/it\/2021\/04\/appello-delle-ong-a-draghi-non-si-puo-continuare-a-ignorare-le-stragi-in-mare\/\" \/>\n<meta property=\"og:site_name\" content=\"Pressenza\" \/>\n<meta property=\"article:publisher\" content=\"https:\/\/www.facebook.com\/PressenzaItalia\" \/>\n<meta property=\"article:author\" content=\"https:\/\/www.facebook.com\/PressenzaItalia\" \/>\n<meta property=\"article:published_time\" content=\"2021-04-26T07:45:01+00:00\" \/>\n<meta property=\"article:modified_time\" content=\"2021-04-26T07:46:46+00:00\" \/>\n<meta property=\"og:image\" content=\"https:\/\/www.pressenza.com\/wp-content\/uploads\/2021\/03\/Open-Arms-27.3.2021.jpg\" \/>\n\t<meta property=\"og:image:width\" content=\"960\" \/>\n\t<meta property=\"og:image:height\" content=\"640\" \/>\n\t<meta property=\"og:image:type\" content=\"image\/jpeg\" \/>\n<meta name=\"author\" content=\"Redazione Italia\" \/>\n<meta name=\"twitter:card\" content=\"summary_large_image\" \/>\n<meta name=\"twitter:creator\" content=\"@pressenza_it\" \/>\n<meta name=\"twitter:site\" content=\"@PressenzaIPA\" \/>\n<meta name=\"twitter:label1\" content=\"Scritto da\" \/>\n\t<meta name=\"twitter:data1\" content=\"Redazione Italia\" \/>\n\t<meta name=\"twitter:label2\" content=\"Tempo di lettura stimato\" \/>\n\t<meta name=\"twitter:data2\" content=\"2 minuti\" \/>\n<script type=\"application\/ld+json\" class=\"yoast-schema-graph\">{\"@context\":\"https:\/\/schema.org\",\"@graph\":[{\"@type\":\"Article\",\"@id\":\"https:\/\/www.pressenza.com\/it\/2021\/04\/appello-delle-ong-a-draghi-non-si-puo-continuare-a-ignorare-le-stragi-in-mare\/#article\",\"isPartOf\":{\"@id\":\"https:\/\/www.pressenza.com\/it\/2021\/04\/appello-delle-ong-a-draghi-non-si-puo-continuare-a-ignorare-le-stragi-in-mare\/\"},\"author\":{\"name\":\"Redazione Italia\",\"@id\":\"https:\/\/www.pressenza.com\/it\/#\/schema\/person\/d983e81827ae24f2c7b1a2123d197f8d\"},\"headline\":\"Appello delle Ong a Draghi: \u201cNon si pu\u00f2 continuare a ignorare le stragi in mare\u201d\",\"datePublished\":\"2021-04-26T07:45:01+00:00\",\"dateModified\":\"2021-04-26T07:46:46+00:00\",\"mainEntityOfPage\":{\"@id\":\"https:\/\/www.pressenza.com\/it\/2021\/04\/appello-delle-ong-a-draghi-non-si-puo-continuare-a-ignorare-le-stragi-in-mare\/\"},\"wordCount\":482,\"publisher\":{\"@id\":\"https:\/\/www.pressenza.com\/it\/#organization\"},\"image\":{\"@id\":\"https:\/\/www.pressenza.com\/it\/2021\/04\/appello-delle-ong-a-draghi-non-si-puo-continuare-a-ignorare-le-stragi-in-mare\/#primaryimage\"},\"thumbnailUrl\":\"https:\/\/www.pressenza.com\/wp-content\/uploads\/2021\/03\/Open-Arms-27.3.2021.jpg\",\"keywords\":[\"appello\",\"Libia\",\"Mario Draghi\",\"Ong\",\"salvataggi\",\"stragi in mare\"],\"articleSection\":[\"Africa\",\"Comunicati Stampa\",\"Europa\",\"Migranti\",\"Politica\"],\"inLanguage\":\"it-IT\"},{\"@type\":\"WebPage\",\"@id\":\"https:\/\/www.pressenza.com\/it\/2021\/04\/appello-delle-ong-a-draghi-non-si-puo-continuare-a-ignorare-le-stragi-in-mare\/\",\"url\":\"https:\/\/www.pressenza.com\/it\/2021\/04\/appello-delle-ong-a-draghi-non-si-puo-continuare-a-ignorare-le-stragi-in-mare\/\",\"name\":\"Appello delle Ong a Draghi: \u201cNon si pu\u00f2 continuare a ignorare le stragi in mare\u201d\",\"isPartOf\":{\"@id\":\"https:\/\/www.pressenza.com\/it\/#website\"},\"primaryImageOfPage\":{\"@id\":\"https:\/\/www.pressenza.com\/it\/2021\/04\/appello-delle-ong-a-draghi-non-si-puo-continuare-a-ignorare-le-stragi-in-mare\/#primaryimage\"},\"image\":{\"@id\":\"https:\/\/www.pressenza.com\/it\/2021\/04\/appello-delle-ong-a-draghi-non-si-puo-continuare-a-ignorare-le-stragi-in-mare\/#primaryimage\"},\"thumbnailUrl\":\"https:\/\/www.pressenza.com\/wp-content\/uploads\/2021\/03\/Open-Arms-27.3.2021.jpg\",\"datePublished\":\"2021-04-26T07:45:01+00:00\",\"dateModified\":\"2021-04-26T07:46:46+00:00\",\"description\":\"Gentile presidente Mario Draghi, dopo l\u2019ennesima tragedia occorsa nel Mediterraneo gioved\u00ec scorso, crediamo indispensabile chiederle un incontro urgente.\",\"breadcrumb\":{\"@id\":\"https:\/\/www.pressenza.com\/it\/2021\/04\/appello-delle-ong-a-draghi-non-si-puo-continuare-a-ignorare-le-stragi-in-mare\/#breadcrumb\"},\"inLanguage\":\"it-IT\",\"potentialAction\":[{\"@type\":\"ReadAction\",\"target\":[\"https:\/\/www.pressenza.com\/it\/2021\/04\/appello-delle-ong-a-draghi-non-si-puo-continuare-a-ignorare-le-stragi-in-mare\/\"]}]},{\"@type\":\"ImageObject\",\"inLanguage\":\"it-IT\",\"@id\":\"https:\/\/www.pressenza.com\/it\/2021\/04\/appello-delle-ong-a-draghi-non-si-puo-continuare-a-ignorare-le-stragi-in-mare\/#primaryimage\",\"url\":\"https:\/\/www.pressenza.com\/wp-content\/uploads\/2021\/03\/Open-Arms-27.3.2021.jpg\",\"contentUrl\":\"https:\/\/www.pressenza.com\/wp-content\/uploads\/2021\/03\/Open-Arms-27.3.2021.jpg\",\"width\":960,\"height\":640},{\"@type\":\"BreadcrumbList\",\"@id\":\"https:\/\/www.pressenza.com\/it\/2021\/04\/appello-delle-ong-a-draghi-non-si-puo-continuare-a-ignorare-le-stragi-in-mare\/#breadcrumb\",\"itemListElement\":[{\"@type\":\"ListItem\",\"position\":1,\"name\":\"Accueil\",\"item\":\"https:\/\/www.pressenza.com\/it\/\"},{\"@type\":\"ListItem\",\"position\":2,\"name\":\"Appello delle Ong a Draghi: \u201cNon si pu\u00f2 continuare a ignorare le stragi in mare\u201d\"}]},{\"@type\":\"WebSite\",\"@id\":\"https:\/\/www.pressenza.com\/it\/#website\",\"url\":\"https:\/\/www.pressenza.com\/it\/\",\"name\":\"Pressenza\",\"description\":\"Agenzia di Stampa Internazionale\",\"publisher\":{\"@id\":\"https:\/\/www.pressenza.com\/it\/#organization\"},\"potentialAction\":[{\"@type\":\"SearchAction\",\"target\":{\"@type\":\"EntryPoint\",\"urlTemplate\":\"https:\/\/www.pressenza.com\/it\/?s={search_term_string}\"},\"query-input\":{\"@type\":\"PropertyValueSpecification\",\"valueRequired\":true,\"valueName\":\"search_term_string\"}}],\"inLanguage\":\"it-IT\"},{\"@type\":\"Organization\",\"@id\":\"https:\/\/www.pressenza.com\/it\/#organization\",\"name\":\"Pressenza\",\"url\":\"https:\/\/www.pressenza.com\/it\/\",\"logo\":{\"@type\":\"ImageObject\",\"inLanguage\":\"it-IT\",\"@id\":\"https:\/\/www.pressenza.com\/it\/#\/schema\/logo\/image\/\",\"url\":\"https:\/\/www.pressenza.com\/wp-content\/uploads\/2022\/10\/pressenza_logo_200x200.jpg\",\"contentUrl\":\"https:\/\/www.pressenza.com\/wp-content\/uploads\/2022\/10\/pressenza_logo_200x200.jpg\",\"width\":200,\"height\":200,\"caption\":\"Pressenza\"},\"image\":{\"@id\":\"https:\/\/www.pressenza.com\/it\/#\/schema\/logo\/image\/\"},\"sameAs\":[\"https:\/\/www.facebook.com\/PressenzaItalia\",\"https:\/\/x.com\/PressenzaIPA\"]},{\"@type\":\"Person\",\"@id\":\"https:\/\/www.pressenza.com\/it\/#\/schema\/person\/d983e81827ae24f2c7b1a2123d197f8d\",\"name\":\"Redazione Italia\",\"description\":\"News from the Pressenza Bureau in Italy\",\"sameAs\":[\"https:\/\/www.pressenza.com\/it\/author\/redazione-italia\/\",\"https:\/\/www.facebook.com\/PressenzaItalia\",\"https:\/\/www.instagram.com\/pressenza_italia\/\",\"https:\/\/x.com\/pressenza_it\",\"https:\/\/www.youtube.com\/channel\/UCSalEIWjE1RSxkwjfftFuqg\"],\"url\":\"https:\/\/www.pressenza.com\/it\/author\/redazione-italia\/\"}]}<\/script>\n<!-- \/ Yoast SEO plugin. -->","yoast_head_json":{"title":"Appello delle Ong a Draghi: \u201cNon si pu\u00f2 continuare a ignorare le stragi in mare\u201d","description":"Gentile presidente Mario Draghi, dopo l\u2019ennesima tragedia occorsa nel Mediterraneo gioved\u00ec scorso, crediamo indispensabile chiederle un incontro urgente.","robots":{"index":"index","follow":"follow","max-snippet":"max-snippet:-1","max-image-preview":"max-image-preview:large","max-video-preview":"max-video-preview:-1"},"canonical":"https:\/\/www.pressenza.com\/it\/2021\/04\/appello-delle-ong-a-draghi-non-si-puo-continuare-a-ignorare-le-stragi-in-mare\/","og_locale":"it_IT","og_type":"article","og_title":"Appello delle Ong a Draghi: \u201cNon si pu\u00f2 continuare a ignorare le stragi in mare\u201d","og_description":"Gentile presidente Mario Draghi, dopo l\u2019ennesima tragedia occorsa nel Mediterraneo gioved\u00ec scorso, crediamo indispensabile chiederle un incontro urgente.","og_url":"https:\/\/www.pressenza.com\/it\/2021\/04\/appello-delle-ong-a-draghi-non-si-puo-continuare-a-ignorare-le-stragi-in-mare\/","og_site_name":"Pressenza","article_publisher":"https:\/\/www.facebook.com\/PressenzaItalia","article_author":"https:\/\/www.facebook.com\/PressenzaItalia","article_published_time":"2021-04-26T07:45:01+00:00","article_modified_time":"2021-04-26T07:46:46+00:00","og_image":[{"width":960,"height":640,"url":"https:\/\/www.pressenza.com\/wp-content\/uploads\/2021\/03\/Open-Arms-27.3.2021.jpg","type":"image\/jpeg"}],"author":"Redazione Italia","twitter_card":"summary_large_image","twitter_creator":"@pressenza_it","twitter_site":"@PressenzaIPA","twitter_misc":{"Scritto da":"Redazione Italia","Tempo di lettura stimato":"2 minuti"},"schema":{"@context":"https:\/\/schema.org","@graph":[{"@type":"Article","@id":"https:\/\/www.pressenza.com\/it\/2021\/04\/appello-delle-ong-a-draghi-non-si-puo-continuare-a-ignorare-le-stragi-in-mare\/#article","isPartOf":{"@id":"https:\/\/www.pressenza.com\/it\/2021\/04\/appello-delle-ong-a-draghi-non-si-puo-continuare-a-ignorare-le-stragi-in-mare\/"},"author":{"name":"Redazione Italia","@id":"https:\/\/www.pressenza.com\/it\/#\/schema\/person\/d983e81827ae24f2c7b1a2123d197f8d"},"headline":"Appello delle Ong a Draghi: \u201cNon si pu\u00f2 continuare a ignorare le stragi in mare\u201d","datePublished":"2021-04-26T07:45:01+00:00","dateModified":"2021-04-26T07:46:46+00:00","mainEntityOfPage":{"@id":"https:\/\/www.pressenza.com\/it\/2021\/04\/appello-delle-ong-a-draghi-non-si-puo-continuare-a-ignorare-le-stragi-in-mare\/"},"wordCount":482,"publisher":{"@id":"https:\/\/www.pressenza.com\/it\/#organization"},"image":{"@id":"https:\/\/www.pressenza.com\/it\/2021\/04\/appello-delle-ong-a-draghi-non-si-puo-continuare-a-ignorare-le-stragi-in-mare\/#primaryimage"},"thumbnailUrl":"https:\/\/www.pressenza.com\/wp-content\/uploads\/2021\/03\/Open-Arms-27.3.2021.jpg","keywords":["appello","Libia","Mario Draghi","Ong","salvataggi","stragi in mare"],"articleSection":["Africa","Comunicati Stampa","Europa","Migranti","Politica"],"inLanguage":"it-IT"},{"@type":"WebPage","@id":"https:\/\/www.pressenza.com\/it\/2021\/04\/appello-delle-ong-a-draghi-non-si-puo-continuare-a-ignorare-le-stragi-in-mare\/","url":"https:\/\/www.pressenza.com\/it\/2021\/04\/appello-delle-ong-a-draghi-non-si-puo-continuare-a-ignorare-le-stragi-in-mare\/","name":"Appello delle Ong a Draghi: \u201cNon si pu\u00f2 continuare a ignorare le stragi in mare\u201d","isPartOf":{"@id":"https:\/\/www.pressenza.com\/it\/#website"},"primaryImageOfPage":{"@id":"https:\/\/www.pressenza.com\/it\/2021\/04\/appello-delle-ong-a-draghi-non-si-puo-continuare-a-ignorare-le-stragi-in-mare\/#primaryimage"},"image":{"@id":"https:\/\/www.pressenza.com\/it\/2021\/04\/appello-delle-ong-a-draghi-non-si-puo-continuare-a-ignorare-le-stragi-in-mare\/#primaryimage"},"thumbnailUrl":"https:\/\/www.pressenza.com\/wp-content\/uploads\/2021\/03\/Open-Arms-27.3.2021.jpg","datePublished":"2021-04-26T07:45:01+00:00","dateModified":"2021-04-26T07:46:46+00:00","description":"Gentile presidente Mario Draghi, dopo l\u2019ennesima tragedia occorsa nel Mediterraneo gioved\u00ec scorso, crediamo indispensabile chiederle un incontro urgente.","breadcrumb":{"@id":"https:\/\/www.pressenza.com\/it\/2021\/04\/appello-delle-ong-a-draghi-non-si-puo-continuare-a-ignorare-le-stragi-in-mare\/#breadcrumb"},"inLanguage":"it-IT","potentialAction":[{"@type":"ReadAction","target":["https:\/\/www.pressenza.com\/it\/2021\/04\/appello-delle-ong-a-draghi-non-si-puo-continuare-a-ignorare-le-stragi-in-mare\/"]}]},{"@type":"ImageObject","inLanguage":"it-IT","@id":"https:\/\/www.pressenza.com\/it\/2021\/04\/appello-delle-ong-a-draghi-non-si-puo-continuare-a-ignorare-le-stragi-in-mare\/#primaryimage","url":"https:\/\/www.pressenza.com\/wp-content\/uploads\/2021\/03\/Open-Arms-27.3.2021.jpg","contentUrl":"https:\/\/www.pressenza.com\/wp-content\/uploads\/2021\/03\/Open-Arms-27.3.2021.jpg","width":960,"height":640},{"@type":"BreadcrumbList","@id":"https:\/\/www.pressenza.com\/it\/2021\/04\/appello-delle-ong-a-draghi-non-si-puo-continuare-a-ignorare-le-stragi-in-mare\/#breadcrumb","itemListElement":[{"@type":"ListItem","position":1,"name":"Accueil","item":"https:\/\/www.pressenza.com\/it\/"},{"@type":"ListItem","position":2,"name":"Appello delle Ong a Draghi: \u201cNon si pu\u00f2 continuare a ignorare le stragi in mare\u201d"}]},{"@type":"WebSite","@id":"https:\/\/www.pressenza.com\/it\/#website","url":"https:\/\/www.pressenza.com\/it\/","name":"Pressenza","description":"Agenzia di Stampa Internazionale","publisher":{"@id":"https:\/\/www.pressenza.com\/it\/#organization"},"potentialAction":[{"@type":"SearchAction","target":{"@type":"EntryPoint","urlTemplate":"https:\/\/www.pressenza.com\/it\/?s={search_term_string}"},"query-input":{"@type":"PropertyValueSpecification","valueRequired":true,"valueName":"search_term_string"}}],"inLanguage":"it-IT"},{"@type":"Organization","@id":"https:\/\/www.pressenza.com\/it\/#organization","name":"Pressenza","url":"https:\/\/www.pressenza.com\/it\/","logo":{"@type":"ImageObject","inLanguage":"it-IT","@id":"https:\/\/www.pressenza.com\/it\/#\/schema\/logo\/image\/","url":"https:\/\/www.pressenza.com\/wp-content\/uploads\/2022\/10\/pressenza_logo_200x200.jpg","contentUrl":"https:\/\/www.pressenza.com\/wp-content\/uploads\/2022\/10\/pressenza_logo_200x200.jpg","width":200,"height":200,"caption":"Pressenza"},"image":{"@id":"https:\/\/www.pressenza.com\/it\/#\/schema\/logo\/image\/"},"sameAs":["https:\/\/www.facebook.com\/PressenzaItalia","https:\/\/x.com\/PressenzaIPA"]},{"@type":"Person","@id":"https:\/\/www.pressenza.com\/it\/#\/schema\/person\/d983e81827ae24f2c7b1a2123d197f8d","name":"Redazione Italia","description":"News from the Pressenza Bureau in Italy","sameAs":["https:\/\/www.pressenza.com\/it\/author\/redazione-italia\/","https:\/\/www.facebook.com\/PressenzaItalia","https:\/\/www.instagram.com\/pressenza_italia\/","https:\/\/x.com\/pressenza_it","https:\/\/www.youtube.com\/channel\/UCSalEIWjE1RSxkwjfftFuqg"],"url":"https:\/\/www.pressenza.com\/it\/author\/redazione-italia\/"}]}},"place":"","original_article_url":"","_links":{"self":[{"href":"https:\/\/www.pressenza.com\/it\/wp-json\/wp\/v2\/posts\/1349300","targetHints":{"allow":["GET"]}}],"collection":[{"href":"https:\/\/www.pressenza.com\/it\/wp-json\/wp\/v2\/posts"}],"about":[{"href":"https:\/\/www.pressenza.com\/it\/wp-json\/wp\/v2\/types\/post"}],"author":[{"embeddable":true,"href":"https:\/\/www.pressenza.com\/it\/wp-json\/wp\/v2\/users\/594"}],"replies":[{"embeddable":true,"href":"https:\/\/www.pressenza.com\/it\/wp-json\/wp\/v2\/comments?post=1349300"}],"version-history":[{"count":0,"href":"https:\/\/www.pressenza.com\/it\/wp-json\/wp\/v2\/posts\/1349300\/revisions"}],"wp:featuredmedia":[{"embeddable":true,"href":"https:\/\/www.pressenza.com\/it\/wp-json\/wp\/v2\/media\/1329115"}],"wp:attachment":[{"href":"https:\/\/www.pressenza.com\/it\/wp-json\/wp\/v2\/media?parent=1349300"}],"wp:term":[{"taxonomy":"category","embeddable":true,"href":"https:\/\/www.pressenza.com\/it\/wp-json\/wp\/v2\/categories?post=1349300"},{"taxonomy":"post_tag","embeddable":true,"href":"https:\/\/www.pressenza.com\/it\/wp-json\/wp\/v2\/tags?post=1349300"}],"curies":[{"name":"wp","href":"https:\/\/api.w.org\/{rel}","templated":true}]}}