{"id":1348392,"date":"2021-04-25T13:43:56","date_gmt":"2021-04-25T12:43:56","guid":{"rendered":"https:\/\/www.pressenza.com\/?p=1348392"},"modified":"2021-04-25T13:53:39","modified_gmt":"2021-04-25T12:53:39","slug":"la-societa-della-cura-in-presidio-il-26-aprile-a-piazza-di-monte-citorio","status":"publish","type":"post","link":"https:\/\/www.pressenza.com\/it\/2021\/04\/la-societa-della-cura-in-presidio-il-26-aprile-a-piazza-di-monte-citorio\/","title":{"rendered":"La Societ\u00e0 della Cura in Presidio il 26 aprile a piazza di Monte Citorio"},"content":{"rendered":"<p>\u201cBisogna riassaporare il gusto del futuro\u201d ha detto il Presidente del Consiglio Draghi illustrando il Piano Nazionale di Ripresa e Resilienza (PNRR) per l&#8217;accesso ai 200 miliardi del Next Generation Eu. Di quale futuro parla, con un piano scritto da una piccola task force di \u201cesperti\u201d, presentato al Parlamento cinque giorni prima del suo invio all&#8217;Unione Europea, senza nessun coinvolgimento della societ\u00e0?<\/span><\/span><\/p>\n<p><i><b>Non c&#8217;\u00e8 futuro senza una democrazia reale e partecipativa, nella quale tutte e tutti concorrano a decidere quale modello di societ\u00e0 \u00e8 necessario.<\/b><\/i><\/span><\/span><\/p>\n<p>Il PNRR del governo \u00e8 orientato da Crescita \u2013 Concorrenza \u2013 Competizione. Prevede grandi investimenti, ma nessuna conversione sociale ed ecologica della societ\u00e0, solo una <\/span><\/span><span style=\"color: #111111;\">modernizzazione <\/span><\/span><\/span><em><span style=\"color: #111111;\">green <\/span><\/span><\/span><\/em><span style=\"color: #111111;\">e <\/span><\/span><\/span><em><span style=\"color: #111111;\">digital <\/span><\/span><\/span><\/em><span style=\"color: #111111;\">dell\u2019attuale modello fondato sulla mercificazione e predazione della natura e su una sempre maggiore diseguaglianza. Con l&#8217;aggravante di destinare fondi diretti e indiretti a infrastrutture inutili e dannose, a partire dal Tav, all&#8217;industria bellica e ai sistemi d&#8217;arma, di riaprire la porta al nucleare, proprio nell&#8217;anniversario del disastro di Chernobyl e del decennale del referendum su acqua e nucleare. Autorizzare nuove trivellazioni, finanziare alcune filiere dell&#8217;idrogeno, possibili solo con la permanenza del metano, \u00e8 astorico, come non affrontare il tema delle bonifiche e liberare i territori dalle tante \u201cIlva\u201d d\u2019Italia. Il PNRR dovrebbe finanziare l\u2019agricoltura contadina e agroecologica, la riconversione graduale dell\u2019agroalimentare verso il plant-based, rigettando finte soluzioni come gli schermi e la produzione di biometano dagli allevamenti. Il punto per noi \u00e8 ridurre e cambiare tipo di produzione e consumo, agevolando e incentivando il cambiamento, e non mettere \u201ccerottoni\u201d che non curerebbero tutti i danni attuali a persone, ecosistemi e animali.<\/span><\/span><\/span><\/p>\n<p><i><b>Non \u00e8 questa la strada da seguire. Serve un cambio di paradigma e un nuovo modello di convivenza: la societ\u00e0 della cura, che sia cura di s\u00e9, delle altre e degli altri, dell&#8217;ambiente, del vivente, della casa comune e delle generazioni che verranno.<\/b><\/i><\/span><\/span><\/p>\n<p>Il PNRR del governo parla di ripresa e resilienza. Con la difesa a oltranza dei brevetti, il rilancio delle liberalizzazioni commerciali e delle privatizzazioni, a partire dall&#8217;acqua, ha in mente gli interessi delle grandi imprese e delle lobby finanziarie, dai quali dovrebbe dipendere il benessere delle persone e della societ\u00e0. Infatti, allo stato, non si prevedono che interventi marginali per sostenere la sanit\u00e0 pubblica territoriale, il welfare e le infrastrutture sociali, tantomeno per assicurare il diritto alla casa. Ma senza casa non c\u2019\u00e8 cura.<\/span><\/span><\/p>\n<p><i><b>Non vi sar\u00e0 alcuna ripresa e resilienza senza garantire un reddito di base e un lavoro degno, la trasformazione ecologica della produzione e della societ\u00e0, beni comuni tutelati e sottratti al mercato, diritto alla casa, alla salute, alla formazione e alla sicurezza sociale garantiti per tutte e tutti. Per uscire dalla logica del \u201cristoro\u201d concesso a questa o quella categoria, e curare nel suo insieme una societ\u00e0 in cui nessun* sia lasciat* indietro.<\/b><\/i><\/span><\/span><\/p>\n<p>Il 26 aprile il Presidente del Consiglio Draghi porter\u00e0 alla discussione delle Camere il PNRR. Sar\u00e0 poco pi\u00f9 che una ratifica, con tutti i partiti in spasmodica attesa del bastimento carico di miliardi che arriver\u00e0 dall&#8217;Europa.<\/span><\/span><\/p>\n<p><i><b>Il 26 aprile saremo davanti al Parlamento dalle ore 15 per presentare il nostro Recovery PlanET, un piano alternativo che contrapponga il prendersi cura alla predazione, la cooperazione solidale alla solitudine competitiva, il \u201cnoi\u201d dell&#8217;eguaglianza e delle differenze all&#8217;\u201dio\u201d del dominio e dell&#8217;omologazione.<\/p>\n","protected":false},"excerpt":{"rendered":"<p>\u201cBisogna riassaporare il gusto del futuro\u201d ha detto il Presidente del Consiglio Draghi illustrando il Piano Nazionale di Ripresa e Resilienza (PNRR) per l&#8217;accesso ai 200 miliardi del Next Generation Eu. Di quale futuro parla, con un piano scritto da&hellip;<\/p>\n","protected":false},"author":594,"featured_media":1348393,"comment_status":"closed","ping_status":"closed","sticky":false,"template":"","format":"standard","meta":{"footnotes":""},"categories":[150,47,55],"tags":[18492,87114,89348,80792],"class_list":["post-1348392","post","type-post","status-publish","format-standard","has-post-thumbnail","hentry","category-comunicati-stampa","category-europa","category-politica","tag-mario-draghi","tag-recovery-plan","tag-recovery-planet","tag-societa-della-cura"],"yoast_head":"<!-- This site is optimized with the Yoast SEO plugin v27.1.1 - https:\/\/yoast.com\/product\/yoast-seo-wordpress\/ -->\n<title>La Societ\u00e0 della Cura in Presidio il 26 aprile a piazza di Monte Citorio<\/title>\n<meta name=\"description\" content=\"\u201cBisogna riassaporare il gusto del futuro\u201d ha detto il Presidente del Consiglio Draghi illustrando il Piano Nazionale di Ripresa e Resilienza (PNRR) per\" \/>\n<meta name=\"robots\" content=\"index, follow, max-snippet:-1, max-image-preview:large, max-video-preview:-1\" \/>\n<link rel=\"canonical\" href=\"https:\/\/www.pressenza.com\/it\/2021\/04\/la-societa-della-cura-in-presidio-il-26-aprile-a-piazza-di-monte-citorio\/\" \/>\n<meta property=\"og:locale\" content=\"it_IT\" \/>\n<meta property=\"og:type\" content=\"article\" \/>\n<meta property=\"og:title\" content=\"La Societ\u00e0 della Cura in Presidio il 26 aprile a piazza di Monte Citorio\" \/>\n<meta property=\"og:description\" content=\"\u201cBisogna riassaporare il gusto del futuro\u201d ha detto il Presidente del Consiglio Draghi illustrando il Piano Nazionale di Ripresa e Resilienza (PNRR) per\" \/>\n<meta property=\"og:url\" content=\"https:\/\/www.pressenza.com\/it\/2021\/04\/la-societa-della-cura-in-presidio-il-26-aprile-a-piazza-di-monte-citorio\/\" \/>\n<meta property=\"og:site_name\" content=\"Pressenza\" \/>\n<meta property=\"article:publisher\" content=\"https:\/\/www.facebook.com\/PressenzaItalia\" \/>\n<meta property=\"article:author\" content=\"https:\/\/www.facebook.com\/PressenzaItalia\" \/>\n<meta property=\"article:published_time\" content=\"2021-04-25T12:43:56+00:00\" \/>\n<meta property=\"article:modified_time\" content=\"2021-04-25T12:53:39+00:00\" \/>\n<meta property=\"og:image\" content=\"https:\/\/www.pressenza.com\/wp-content\/uploads\/2021\/04\/recoveryplanET.jpg\" \/>\n\t<meta property=\"og:image:width\" content=\"1920\" \/>\n\t<meta property=\"og:image:height\" content=\"1080\" \/>\n\t<meta property=\"og:image:type\" content=\"image\/jpeg\" \/>\n<meta name=\"author\" content=\"Redazione Italia\" \/>\n<meta name=\"twitter:card\" content=\"summary_large_image\" \/>\n<meta name=\"twitter:creator\" content=\"@pressenza_it\" \/>\n<meta name=\"twitter:site\" content=\"@PressenzaIPA\" \/>\n<meta name=\"twitter:label1\" content=\"Scritto da\" \/>\n\t<meta name=\"twitter:data1\" content=\"Redazione Italia\" \/>\n\t<meta name=\"twitter:label2\" content=\"Tempo di lettura stimato\" \/>\n\t<meta name=\"twitter:data2\" content=\"3 minuti\" \/>\n<script type=\"application\/ld+json\" class=\"yoast-schema-graph\">{\"@context\":\"https:\/\/schema.org\",\"@graph\":[{\"@type\":\"Article\",\"@id\":\"https:\/\/www.pressenza.com\/it\/2021\/04\/la-societa-della-cura-in-presidio-il-26-aprile-a-piazza-di-monte-citorio\/#article\",\"isPartOf\":{\"@id\":\"https:\/\/www.pressenza.com\/it\/2021\/04\/la-societa-della-cura-in-presidio-il-26-aprile-a-piazza-di-monte-citorio\/\"},\"author\":{\"name\":\"Redazione Italia\",\"@id\":\"https:\/\/www.pressenza.com\/it\/#\/schema\/person\/d983e81827ae24f2c7b1a2123d197f8d\"},\"headline\":\"La Societ\u00e0 della Cura in Presidio il 26 aprile a piazza di Monte Citorio\",\"datePublished\":\"2021-04-25T12:43:56+00:00\",\"dateModified\":\"2021-04-25T12:53:39+00:00\",\"mainEntityOfPage\":{\"@id\":\"https:\/\/www.pressenza.com\/it\/2021\/04\/la-societa-della-cura-in-presidio-il-26-aprile-a-piazza-di-monte-citorio\/\"},\"wordCount\":564,\"publisher\":{\"@id\":\"https:\/\/www.pressenza.com\/it\/#organization\"},\"image\":{\"@id\":\"https:\/\/www.pressenza.com\/it\/2021\/04\/la-societa-della-cura-in-presidio-il-26-aprile-a-piazza-di-monte-citorio\/#primaryimage\"},\"thumbnailUrl\":\"https:\/\/www.pressenza.com\/wp-content\/uploads\/2021\/04\/recoveryplanET.jpg\",\"keywords\":[\"Mario Draghi\",\"Recovery Plan\",\"Recovery PlanET\",\"societ\u00e0 della cura\"],\"articleSection\":[\"Comunicati Stampa\",\"Europa\",\"Politica\"],\"inLanguage\":\"it-IT\"},{\"@type\":\"WebPage\",\"@id\":\"https:\/\/www.pressenza.com\/it\/2021\/04\/la-societa-della-cura-in-presidio-il-26-aprile-a-piazza-di-monte-citorio\/\",\"url\":\"https:\/\/www.pressenza.com\/it\/2021\/04\/la-societa-della-cura-in-presidio-il-26-aprile-a-piazza-di-monte-citorio\/\",\"name\":\"La Societ\u00e0 della Cura in Presidio il 26 aprile a piazza di Monte Citorio\",\"isPartOf\":{\"@id\":\"https:\/\/www.pressenza.com\/it\/#website\"},\"primaryImageOfPage\":{\"@id\":\"https:\/\/www.pressenza.com\/it\/2021\/04\/la-societa-della-cura-in-presidio-il-26-aprile-a-piazza-di-monte-citorio\/#primaryimage\"},\"image\":{\"@id\":\"https:\/\/www.pressenza.com\/it\/2021\/04\/la-societa-della-cura-in-presidio-il-26-aprile-a-piazza-di-monte-citorio\/#primaryimage\"},\"thumbnailUrl\":\"https:\/\/www.pressenza.com\/wp-content\/uploads\/2021\/04\/recoveryplanET.jpg\",\"datePublished\":\"2021-04-25T12:43:56+00:00\",\"dateModified\":\"2021-04-25T12:53:39+00:00\",\"description\":\"\u201cBisogna riassaporare il gusto del futuro\u201d ha detto il Presidente del Consiglio Draghi illustrando il Piano Nazionale di Ripresa e Resilienza (PNRR) per\",\"breadcrumb\":{\"@id\":\"https:\/\/www.pressenza.com\/it\/2021\/04\/la-societa-della-cura-in-presidio-il-26-aprile-a-piazza-di-monte-citorio\/#breadcrumb\"},\"inLanguage\":\"it-IT\",\"potentialAction\":[{\"@type\":\"ReadAction\",\"target\":[\"https:\/\/www.pressenza.com\/it\/2021\/04\/la-societa-della-cura-in-presidio-il-26-aprile-a-piazza-di-monte-citorio\/\"]}]},{\"@type\":\"ImageObject\",\"inLanguage\":\"it-IT\",\"@id\":\"https:\/\/www.pressenza.com\/it\/2021\/04\/la-societa-della-cura-in-presidio-il-26-aprile-a-piazza-di-monte-citorio\/#primaryimage\",\"url\":\"https:\/\/www.pressenza.com\/wp-content\/uploads\/2021\/04\/recoveryplanET.jpg\",\"contentUrl\":\"https:\/\/www.pressenza.com\/wp-content\/uploads\/2021\/04\/recoveryplanET.jpg\",\"width\":1920,\"height\":1080},{\"@type\":\"BreadcrumbList\",\"@id\":\"https:\/\/www.pressenza.com\/it\/2021\/04\/la-societa-della-cura-in-presidio-il-26-aprile-a-piazza-di-monte-citorio\/#breadcrumb\",\"itemListElement\":[{\"@type\":\"ListItem\",\"position\":1,\"name\":\"Accueil\",\"item\":\"https:\/\/www.pressenza.com\/it\/\"},{\"@type\":\"ListItem\",\"position\":2,\"name\":\"La Societ\u00e0 della Cura in Presidio il 26 aprile a piazza di Monte Citorio\"}]},{\"@type\":\"WebSite\",\"@id\":\"https:\/\/www.pressenza.com\/it\/#website\",\"url\":\"https:\/\/www.pressenza.com\/it\/\",\"name\":\"Pressenza\",\"description\":\"Agenzia di Stampa Internazionale\",\"publisher\":{\"@id\":\"https:\/\/www.pressenza.com\/it\/#organization\"},\"potentialAction\":[{\"@type\":\"SearchAction\",\"target\":{\"@type\":\"EntryPoint\",\"urlTemplate\":\"https:\/\/www.pressenza.com\/it\/?s={search_term_string}\"},\"query-input\":{\"@type\":\"PropertyValueSpecification\",\"valueRequired\":true,\"valueName\":\"search_term_string\"}}],\"inLanguage\":\"it-IT\"},{\"@type\":\"Organization\",\"@id\":\"https:\/\/www.pressenza.com\/it\/#organization\",\"name\":\"Pressenza\",\"url\":\"https:\/\/www.pressenza.com\/it\/\",\"logo\":{\"@type\":\"ImageObject\",\"inLanguage\":\"it-IT\",\"@id\":\"https:\/\/www.pressenza.com\/it\/#\/schema\/logo\/image\/\",\"url\":\"https:\/\/www.pressenza.com\/wp-content\/uploads\/2022\/10\/pressenza_logo_200x200.jpg\",\"contentUrl\":\"https:\/\/www.pressenza.com\/wp-content\/uploads\/2022\/10\/pressenza_logo_200x200.jpg\",\"width\":200,\"height\":200,\"caption\":\"Pressenza\"},\"image\":{\"@id\":\"https:\/\/www.pressenza.com\/it\/#\/schema\/logo\/image\/\"},\"sameAs\":[\"https:\/\/www.facebook.com\/PressenzaItalia\",\"https:\/\/x.com\/PressenzaIPA\"]},{\"@type\":\"Person\",\"@id\":\"https:\/\/www.pressenza.com\/it\/#\/schema\/person\/d983e81827ae24f2c7b1a2123d197f8d\",\"name\":\"Redazione Italia\",\"description\":\"News from the Pressenza Bureau in Italy\",\"sameAs\":[\"https:\/\/www.pressenza.com\/it\/author\/redazione-italia\/\",\"https:\/\/www.facebook.com\/PressenzaItalia\",\"https:\/\/www.instagram.com\/pressenza_italia\/\",\"https:\/\/x.com\/pressenza_it\",\"https:\/\/www.youtube.com\/channel\/UCSalEIWjE1RSxkwjfftFuqg\"],\"url\":\"https:\/\/www.pressenza.com\/it\/author\/redazione-italia\/\"}]}<\/script>\n<!-- \/ Yoast SEO plugin. -->","yoast_head_json":{"title":"La Societ\u00e0 della Cura in Presidio il 26 aprile a piazza di Monte Citorio","description":"\u201cBisogna riassaporare il gusto del futuro\u201d ha detto il Presidente del Consiglio Draghi illustrando il Piano Nazionale di Ripresa e Resilienza (PNRR) per","robots":{"index":"index","follow":"follow","max-snippet":"max-snippet:-1","max-image-preview":"max-image-preview:large","max-video-preview":"max-video-preview:-1"},"canonical":"https:\/\/www.pressenza.com\/it\/2021\/04\/la-societa-della-cura-in-presidio-il-26-aprile-a-piazza-di-monte-citorio\/","og_locale":"it_IT","og_type":"article","og_title":"La Societ\u00e0 della Cura in Presidio il 26 aprile a piazza di Monte Citorio","og_description":"\u201cBisogna riassaporare il gusto del futuro\u201d ha detto il Presidente del Consiglio Draghi illustrando il Piano Nazionale di Ripresa e Resilienza (PNRR) per","og_url":"https:\/\/www.pressenza.com\/it\/2021\/04\/la-societa-della-cura-in-presidio-il-26-aprile-a-piazza-di-monte-citorio\/","og_site_name":"Pressenza","article_publisher":"https:\/\/www.facebook.com\/PressenzaItalia","article_author":"https:\/\/www.facebook.com\/PressenzaItalia","article_published_time":"2021-04-25T12:43:56+00:00","article_modified_time":"2021-04-25T12:53:39+00:00","og_image":[{"width":1920,"height":1080,"url":"https:\/\/www.pressenza.com\/wp-content\/uploads\/2021\/04\/recoveryplanET.jpg","type":"image\/jpeg"}],"author":"Redazione Italia","twitter_card":"summary_large_image","twitter_creator":"@pressenza_it","twitter_site":"@PressenzaIPA","twitter_misc":{"Scritto da":"Redazione Italia","Tempo di lettura stimato":"3 minuti"},"schema":{"@context":"https:\/\/schema.org","@graph":[{"@type":"Article","@id":"https:\/\/www.pressenza.com\/it\/2021\/04\/la-societa-della-cura-in-presidio-il-26-aprile-a-piazza-di-monte-citorio\/#article","isPartOf":{"@id":"https:\/\/www.pressenza.com\/it\/2021\/04\/la-societa-della-cura-in-presidio-il-26-aprile-a-piazza-di-monte-citorio\/"},"author":{"name":"Redazione Italia","@id":"https:\/\/www.pressenza.com\/it\/#\/schema\/person\/d983e81827ae24f2c7b1a2123d197f8d"},"headline":"La Societ\u00e0 della Cura in Presidio il 26 aprile a piazza di Monte Citorio","datePublished":"2021-04-25T12:43:56+00:00","dateModified":"2021-04-25T12:53:39+00:00","mainEntityOfPage":{"@id":"https:\/\/www.pressenza.com\/it\/2021\/04\/la-societa-della-cura-in-presidio-il-26-aprile-a-piazza-di-monte-citorio\/"},"wordCount":564,"publisher":{"@id":"https:\/\/www.pressenza.com\/it\/#organization"},"image":{"@id":"https:\/\/www.pressenza.com\/it\/2021\/04\/la-societa-della-cura-in-presidio-il-26-aprile-a-piazza-di-monte-citorio\/#primaryimage"},"thumbnailUrl":"https:\/\/www.pressenza.com\/wp-content\/uploads\/2021\/04\/recoveryplanET.jpg","keywords":["Mario Draghi","Recovery Plan","Recovery PlanET","societ\u00e0 della cura"],"articleSection":["Comunicati Stampa","Europa","Politica"],"inLanguage":"it-IT"},{"@type":"WebPage","@id":"https:\/\/www.pressenza.com\/it\/2021\/04\/la-societa-della-cura-in-presidio-il-26-aprile-a-piazza-di-monte-citorio\/","url":"https:\/\/www.pressenza.com\/it\/2021\/04\/la-societa-della-cura-in-presidio-il-26-aprile-a-piazza-di-monte-citorio\/","name":"La Societ\u00e0 della Cura in Presidio il 26 aprile a piazza di Monte Citorio","isPartOf":{"@id":"https:\/\/www.pressenza.com\/it\/#website"},"primaryImageOfPage":{"@id":"https:\/\/www.pressenza.com\/it\/2021\/04\/la-societa-della-cura-in-presidio-il-26-aprile-a-piazza-di-monte-citorio\/#primaryimage"},"image":{"@id":"https:\/\/www.pressenza.com\/it\/2021\/04\/la-societa-della-cura-in-presidio-il-26-aprile-a-piazza-di-monte-citorio\/#primaryimage"},"thumbnailUrl":"https:\/\/www.pressenza.com\/wp-content\/uploads\/2021\/04\/recoveryplanET.jpg","datePublished":"2021-04-25T12:43:56+00:00","dateModified":"2021-04-25T12:53:39+00:00","description":"\u201cBisogna riassaporare il gusto del futuro\u201d ha detto il Presidente del Consiglio Draghi illustrando il Piano Nazionale di Ripresa e Resilienza (PNRR) per","breadcrumb":{"@id":"https:\/\/www.pressenza.com\/it\/2021\/04\/la-societa-della-cura-in-presidio-il-26-aprile-a-piazza-di-monte-citorio\/#breadcrumb"},"inLanguage":"it-IT","potentialAction":[{"@type":"ReadAction","target":["https:\/\/www.pressenza.com\/it\/2021\/04\/la-societa-della-cura-in-presidio-il-26-aprile-a-piazza-di-monte-citorio\/"]}]},{"@type":"ImageObject","inLanguage":"it-IT","@id":"https:\/\/www.pressenza.com\/it\/2021\/04\/la-societa-della-cura-in-presidio-il-26-aprile-a-piazza-di-monte-citorio\/#primaryimage","url":"https:\/\/www.pressenza.com\/wp-content\/uploads\/2021\/04\/recoveryplanET.jpg","contentUrl":"https:\/\/www.pressenza.com\/wp-content\/uploads\/2021\/04\/recoveryplanET.jpg","width":1920,"height":1080},{"@type":"BreadcrumbList","@id":"https:\/\/www.pressenza.com\/it\/2021\/04\/la-societa-della-cura-in-presidio-il-26-aprile-a-piazza-di-monte-citorio\/#breadcrumb","itemListElement":[{"@type":"ListItem","position":1,"name":"Accueil","item":"https:\/\/www.pressenza.com\/it\/"},{"@type":"ListItem","position":2,"name":"La Societ\u00e0 della Cura in Presidio il 26 aprile a piazza di Monte Citorio"}]},{"@type":"WebSite","@id":"https:\/\/www.pressenza.com\/it\/#website","url":"https:\/\/www.pressenza.com\/it\/","name":"Pressenza","description":"Agenzia di Stampa Internazionale","publisher":{"@id":"https:\/\/www.pressenza.com\/it\/#organization"},"potentialAction":[{"@type":"SearchAction","target":{"@type":"EntryPoint","urlTemplate":"https:\/\/www.pressenza.com\/it\/?s={search_term_string}"},"query-input":{"@type":"PropertyValueSpecification","valueRequired":true,"valueName":"search_term_string"}}],"inLanguage":"it-IT"},{"@type":"Organization","@id":"https:\/\/www.pressenza.com\/it\/#organization","name":"Pressenza","url":"https:\/\/www.pressenza.com\/it\/","logo":{"@type":"ImageObject","inLanguage":"it-IT","@id":"https:\/\/www.pressenza.com\/it\/#\/schema\/logo\/image\/","url":"https:\/\/www.pressenza.com\/wp-content\/uploads\/2022\/10\/pressenza_logo_200x200.jpg","contentUrl":"https:\/\/www.pressenza.com\/wp-content\/uploads\/2022\/10\/pressenza_logo_200x200.jpg","width":200,"height":200,"caption":"Pressenza"},"image":{"@id":"https:\/\/www.pressenza.com\/it\/#\/schema\/logo\/image\/"},"sameAs":["https:\/\/www.facebook.com\/PressenzaItalia","https:\/\/x.com\/PressenzaIPA"]},{"@type":"Person","@id":"https:\/\/www.pressenza.com\/it\/#\/schema\/person\/d983e81827ae24f2c7b1a2123d197f8d","name":"Redazione Italia","description":"News from the Pressenza Bureau in Italy","sameAs":["https:\/\/www.pressenza.com\/it\/author\/redazione-italia\/","https:\/\/www.facebook.com\/PressenzaItalia","https:\/\/www.instagram.com\/pressenza_italia\/","https:\/\/x.com\/pressenza_it","https:\/\/www.youtube.com\/channel\/UCSalEIWjE1RSxkwjfftFuqg"],"url":"https:\/\/www.pressenza.com\/it\/author\/redazione-italia\/"}]}},"place":"Roma","original_article_url":"","_links":{"self":[{"href":"https:\/\/www.pressenza.com\/it\/wp-json\/wp\/v2\/posts\/1348392","targetHints":{"allow":["GET"]}}],"collection":[{"href":"https:\/\/www.pressenza.com\/it\/wp-json\/wp\/v2\/posts"}],"about":[{"href":"https:\/\/www.pressenza.com\/it\/wp-json\/wp\/v2\/types\/post"}],"author":[{"embeddable":true,"href":"https:\/\/www.pressenza.com\/it\/wp-json\/wp\/v2\/users\/594"}],"replies":[{"embeddable":true,"href":"https:\/\/www.pressenza.com\/it\/wp-json\/wp\/v2\/comments?post=1348392"}],"version-history":[{"count":0,"href":"https:\/\/www.pressenza.com\/it\/wp-json\/wp\/v2\/posts\/1348392\/revisions"}],"wp:featuredmedia":[{"embeddable":true,"href":"https:\/\/www.pressenza.com\/it\/wp-json\/wp\/v2\/media\/1348393"}],"wp:attachment":[{"href":"https:\/\/www.pressenza.com\/it\/wp-json\/wp\/v2\/media?parent=1348392"}],"wp:term":[{"taxonomy":"category","embeddable":true,"href":"https:\/\/www.pressenza.com\/it\/wp-json\/wp\/v2\/categories?post=1348392"},{"taxonomy":"post_tag","embeddable":true,"href":"https:\/\/www.pressenza.com\/it\/wp-json\/wp\/v2\/tags?post=1348392"}],"curies":[{"name":"wp","href":"https:\/\/api.w.org\/{rel}","templated":true}]}}