{"id":1348363,"date":"2021-04-25T11:29:36","date_gmt":"2021-04-25T10:29:36","guid":{"rendered":"https:\/\/www.pressenza.com\/?p=1348363"},"modified":"2021-04-25T11:29:36","modified_gmt":"2021-04-25T10:29:36","slug":"fading-la-premiere","status":"publish","type":"post","link":"https:\/\/www.pressenza.com\/it\/2021\/04\/fading-la-premiere\/","title":{"rendered":"&#8220;FADING &#8211; La Premiere\u201d"},"content":{"rendered":"<p><span style=\"color: #800000;\"><strong><em>Domenica 25 e luned\u00ec 26 aprile gli eventi conclusivi del progetto FADING, che rilancia con una challenge e un laboratorio di formazione nel mese di maggio.<\/em><\/strong><\/span><\/p>\n<p style=\"text-align: center;\">CANALE YOUTUBE:<\/p>\n<p style=\"text-align: center;\"><a href=\"https:\/\/www.youtube.com\/channel\/UCVK_CZM_hIt1ixKwNeVztvA\">https:\/\/www.youtube.com\/channel\/UCVK_CZM_hIt1ixKwNeVztvA<\/a><\/p>\n<p><strong>Domenica 25 aprile alle 12<\/strong> ci sar\u00e0 la prima visione del tanto atteso spot FADING, che si potr\u00e0 seguire sui canali delle associazioni promotrici e dei protagonisti del video. Il giorno successivo, luned\u00ec <strong>26 aprile alle ore 20.00<\/strong> si svolger\u00e0 l\u2019ultima diretta Facebook e Youtube della maratona di <strong>\u201cFADING\u201d, <\/strong>un progetto videografico di contrasto al razzismo sistemico. A partecipare saranno i sette protagonisti dei video, tutti giovani professionisti e attivisti afrodiscendenti che hanno vestito i panni di attori per veicolare un importante messaggio: la necessit\u00e0 di comprendere le manifestazioni del razzismo in Italia e ascoltare le voci dei cittadini che ne subiscono gli effetti.<\/p>\n<p>Il percorso iniziato l\u20198 marzo 2021 ha visto la condivisione di 7 video multitematici, uno per ogni protagonista del video. I protagonisti hanno avuto il compito ambizioso di stimolare delle riflessioni su temi cruciali quali la feticizzazione del corpo della donna nera, il privilegio bianco, la lotta contro la cultura dell\u2019ignoranza e le dinamiche di potere, tutte tematiche ascrivibili alla mille sfaccettature del razzismo sistemico.<\/p>\n<p>La diretta del 26 aprile\u00a0\u00a0 rappresenter\u00e0 anche il passaggio di testimone, dai protagonisti al pubblico allargato, attraverso il lancio della <strong>#FADINGCHALLENGE<\/strong> e di una due giorni di workshop e <em>racial healing<\/em> per\u00a0 giornalisti e soggetti razzializzati, in programma il <strong>13 e 14 maggio 2021<\/strong>.<\/p>\n<p><strong>Kaaj Shilya Tshikalandand<\/strong>, protagonista del video relativo alla decostruzione della cultura dell\u2019ignoranza, racconta i motivi che spingono giovani afrodiscendenti a prendere la parola tutti i giorni: <em>\u201cNoi attori della decolonizzazione, ci attiviamo perch\u00e9 non abbiamo scelta. Nessuno lo far\u00e0 per noi e nessuno lo farebbe come lo faremmo noi. Parliamo di noi, perch\u00e9 i nostri antenati non hanno potuto farlo e ci riprendiamo il diritto di Esistere in Italia, in una societ\u00e0 che fa di tutto per zittirci. Fading ci ha offerto una piattaforma nella quale esprimerci senza compromessi,\u00a0 in maniera propositiva, per rivendicare una realt\u00e0 che non si pu\u00f2 costruire senza di Noi\u201d.<\/em><\/p>\n<p>Le associazioni promotrici sono: <strong>Arising Africans, Black Lives Matter Bologna, Movimento Italiani Senza Cittadinanza, Umad, Questa\u00e8Roma, Festival DiverCity, Stra Vox<\/strong><\/p>\n<p>Cast: <strong>Karim Ahmed, Anthony Chima, Fatoumata Edith Maiga, Kwanza Musi dos Santos, Andi Nganso, Kaaj Shilya Tshikalandand, Ada Ugo Abara.<\/strong><\/p>\n<p>Lo spot \u201cFADING\u201d e i video di approfondimento sono prodotti da <strong>Lunia Film<\/strong> con la collaborazione di <strong>ActionAid Italia<\/strong>.<\/p>\n<p>Regia: Luca Ciriello<\/p>\n<p>Direzione della fotografia: Daniele De Stefano<\/p>\n<p>Produzione: LUNIA Film<\/p>\n<p>Trucco e acconciature: Fabiana Del Duca<\/p>\n<p>Location shooting: La Serra Art &amp; Theater Nursery (Napoli)<\/p>\n<p>Coordinamento: Fatoumata Edith Maiga &amp; Daniela Montella<\/p>\n<p>Musica: By @ni_so_music<\/p>\n<p>Con la collaborazione di ActionAid Italia<\/p>\n<p>LINK IMMAGINI<\/p>\n<p><a href=\"https:\/\/drive.google.com\/drive\/folders\/1a7TfnVZPjM7pLgnPs0m7EPZxfqcibJ4b?usp=sharing\">https:\/\/drive.google.com\/drive\/folders\/1a7TfnVZPjM7pLgnPs0m7EPZxfqcibJ4b?usp=sharing<\/a><\/p>\n<p>CONTATTI<\/p>\n<p>Ada Ugo Abara<\/p>\n<p><a href=\"mailto:ada.ugoabara@gmail.com\">ada.ugoabara@gmail.com<\/a><\/p>\n<p>+39 3470133242<\/p>\n","protected":false},"excerpt":{"rendered":"<p>Domenica 25 e luned\u00ec 26 aprile gli eventi conclusivi del progetto FADING, che rilancia con una challenge e un laboratorio di formazione nel mese di maggio. CANALE YOUTUBE: https:\/\/www.youtube.com\/channel\/UCVK_CZM_hIt1ixKwNeVztvA Domenica 25 aprile alle 12 ci sar\u00e0 la prima visione del&hellip;<\/p>\n","protected":false},"author":594,"featured_media":1348364,"comment_status":"closed","ping_status":"closed","sticky":false,"template":"","format":"standard","meta":{"footnotes":""},"categories":[150,60,47],"tags":[90251,28914,90250,54562],"class_list":["post-1348363","post","type-post","status-publish","format-standard","has-post-thumbnail","hentry","category-comunicati-stampa","category-diritti-umani","category-europa","tag-fadingchallenge","tag-diseguaglianze","tag-fading","tag-razzismo-es-it"],"yoast_head":"<!-- This site is optimized with the Yoast SEO plugin v27.1.1 - https:\/\/yoast.com\/product\/yoast-seo-wordpress\/ -->\n<title>&quot;FADING - La Premiere\u201d<\/title>\n<meta name=\"description\" content=\"Domenica 25 e luned\u00ec 26 aprile gli eventi conclusivi del progetto FADING, che rilancia con una challenge e un laboratorio di formazione nel mese di\" \/>\n<meta name=\"robots\" content=\"index, follow, max-snippet:-1, max-image-preview:large, max-video-preview:-1\" \/>\n<link rel=\"canonical\" href=\"https:\/\/www.pressenza.com\/it\/2021\/04\/fading-la-premiere\/\" \/>\n<meta property=\"og:locale\" content=\"it_IT\" \/>\n<meta property=\"og:type\" content=\"article\" \/>\n<meta property=\"og:title\" content=\"&quot;FADING - La Premiere\u201d\" \/>\n<meta property=\"og:description\" content=\"Domenica 25 e luned\u00ec 26 aprile gli eventi conclusivi del progetto FADING, che rilancia con una challenge e un laboratorio di formazione nel mese di\" \/>\n<meta property=\"og:url\" content=\"https:\/\/www.pressenza.com\/it\/2021\/04\/fading-la-premiere\/\" \/>\n<meta property=\"og:site_name\" content=\"Pressenza\" \/>\n<meta property=\"article:publisher\" content=\"https:\/\/www.facebook.com\/PressenzaItalia\" \/>\n<meta property=\"article:author\" content=\"https:\/\/www.facebook.com\/PressenzaItalia\" \/>\n<meta property=\"article:published_time\" content=\"2021-04-25T10:29:36+00:00\" \/>\n<meta property=\"og:image\" content=\"https:\/\/www.pressenza.com\/wp-content\/uploads\/2021\/04\/177988225_10159775316658949_3576868777339455465_n.jpg\" \/>\n\t<meta property=\"og:image:width\" content=\"1080\" \/>\n\t<meta property=\"og:image:height\" content=\"1080\" \/>\n\t<meta property=\"og:image:type\" content=\"image\/jpeg\" \/>\n<meta name=\"author\" content=\"Redazione Italia\" \/>\n<meta name=\"twitter:card\" content=\"summary_large_image\" \/>\n<meta name=\"twitter:creator\" content=\"@pressenza_it\" \/>\n<meta name=\"twitter:site\" content=\"@PressenzaIPA\" \/>\n<meta name=\"twitter:label1\" content=\"Scritto da\" \/>\n\t<meta name=\"twitter:data1\" content=\"Redazione Italia\" \/>\n\t<meta name=\"twitter:label2\" content=\"Tempo di lettura stimato\" \/>\n\t<meta name=\"twitter:data2\" content=\"2 minuti\" \/>\n<script type=\"application\/ld+json\" class=\"yoast-schema-graph\">{\"@context\":\"https:\/\/schema.org\",\"@graph\":[{\"@type\":\"Article\",\"@id\":\"https:\/\/www.pressenza.com\/it\/2021\/04\/fading-la-premiere\/#article\",\"isPartOf\":{\"@id\":\"https:\/\/www.pressenza.com\/it\/2021\/04\/fading-la-premiere\/\"},\"author\":{\"name\":\"Redazione Italia\",\"@id\":\"https:\/\/www.pressenza.com\/it\/#\/schema\/person\/d983e81827ae24f2c7b1a2123d197f8d\"},\"headline\":\"&#8220;FADING &#8211; La Premiere\u201d\",\"datePublished\":\"2021-04-25T10:29:36+00:00\",\"mainEntityOfPage\":{\"@id\":\"https:\/\/www.pressenza.com\/it\/2021\/04\/fading-la-premiere\/\"},\"wordCount\":478,\"publisher\":{\"@id\":\"https:\/\/www.pressenza.com\/it\/#organization\"},\"image\":{\"@id\":\"https:\/\/www.pressenza.com\/it\/2021\/04\/fading-la-premiere\/#primaryimage\"},\"thumbnailUrl\":\"https:\/\/www.pressenza.com\/wp-content\/uploads\/2021\/04\/177988225_10159775316658949_3576868777339455465_n.jpg\",\"keywords\":[\"#FADINGCHALLENGE\",\"diseguaglianze\",\"Fading\",\"razzismo\"],\"articleSection\":[\"Comunicati Stampa\",\"Diritti Umani\",\"Europa\"],\"inLanguage\":\"it-IT\"},{\"@type\":\"WebPage\",\"@id\":\"https:\/\/www.pressenza.com\/it\/2021\/04\/fading-la-premiere\/\",\"url\":\"https:\/\/www.pressenza.com\/it\/2021\/04\/fading-la-premiere\/\",\"name\":\"\\\"FADING - La Premiere\u201d\",\"isPartOf\":{\"@id\":\"https:\/\/www.pressenza.com\/it\/#website\"},\"primaryImageOfPage\":{\"@id\":\"https:\/\/www.pressenza.com\/it\/2021\/04\/fading-la-premiere\/#primaryimage\"},\"image\":{\"@id\":\"https:\/\/www.pressenza.com\/it\/2021\/04\/fading-la-premiere\/#primaryimage\"},\"thumbnailUrl\":\"https:\/\/www.pressenza.com\/wp-content\/uploads\/2021\/04\/177988225_10159775316658949_3576868777339455465_n.jpg\",\"datePublished\":\"2021-04-25T10:29:36+00:00\",\"description\":\"Domenica 25 e luned\u00ec 26 aprile gli eventi conclusivi del progetto FADING, che rilancia con una challenge e un laboratorio di formazione nel mese di\",\"breadcrumb\":{\"@id\":\"https:\/\/www.pressenza.com\/it\/2021\/04\/fading-la-premiere\/#breadcrumb\"},\"inLanguage\":\"it-IT\",\"potentialAction\":[{\"@type\":\"ReadAction\",\"target\":[\"https:\/\/www.pressenza.com\/it\/2021\/04\/fading-la-premiere\/\"]}]},{\"@type\":\"ImageObject\",\"inLanguage\":\"it-IT\",\"@id\":\"https:\/\/www.pressenza.com\/it\/2021\/04\/fading-la-premiere\/#primaryimage\",\"url\":\"https:\/\/www.pressenza.com\/wp-content\/uploads\/2021\/04\/177988225_10159775316658949_3576868777339455465_n.jpg\",\"contentUrl\":\"https:\/\/www.pressenza.com\/wp-content\/uploads\/2021\/04\/177988225_10159775316658949_3576868777339455465_n.jpg\",\"width\":1080,\"height\":1080},{\"@type\":\"BreadcrumbList\",\"@id\":\"https:\/\/www.pressenza.com\/it\/2021\/04\/fading-la-premiere\/#breadcrumb\",\"itemListElement\":[{\"@type\":\"ListItem\",\"position\":1,\"name\":\"Accueil\",\"item\":\"https:\/\/www.pressenza.com\/it\/\"},{\"@type\":\"ListItem\",\"position\":2,\"name\":\"&#8220;FADING &#8211; La Premiere\u201d\"}]},{\"@type\":\"WebSite\",\"@id\":\"https:\/\/www.pressenza.com\/it\/#website\",\"url\":\"https:\/\/www.pressenza.com\/it\/\",\"name\":\"Pressenza\",\"description\":\"Agenzia di Stampa Internazionale\",\"publisher\":{\"@id\":\"https:\/\/www.pressenza.com\/it\/#organization\"},\"potentialAction\":[{\"@type\":\"SearchAction\",\"target\":{\"@type\":\"EntryPoint\",\"urlTemplate\":\"https:\/\/www.pressenza.com\/it\/?s={search_term_string}\"},\"query-input\":{\"@type\":\"PropertyValueSpecification\",\"valueRequired\":true,\"valueName\":\"search_term_string\"}}],\"inLanguage\":\"it-IT\"},{\"@type\":\"Organization\",\"@id\":\"https:\/\/www.pressenza.com\/it\/#organization\",\"name\":\"Pressenza\",\"url\":\"https:\/\/www.pressenza.com\/it\/\",\"logo\":{\"@type\":\"ImageObject\",\"inLanguage\":\"it-IT\",\"@id\":\"https:\/\/www.pressenza.com\/it\/#\/schema\/logo\/image\/\",\"url\":\"https:\/\/www.pressenza.com\/wp-content\/uploads\/2022\/10\/pressenza_logo_200x200.jpg\",\"contentUrl\":\"https:\/\/www.pressenza.com\/wp-content\/uploads\/2022\/10\/pressenza_logo_200x200.jpg\",\"width\":200,\"height\":200,\"caption\":\"Pressenza\"},\"image\":{\"@id\":\"https:\/\/www.pressenza.com\/it\/#\/schema\/logo\/image\/\"},\"sameAs\":[\"https:\/\/www.facebook.com\/PressenzaItalia\",\"https:\/\/x.com\/PressenzaIPA\"]},{\"@type\":\"Person\",\"@id\":\"https:\/\/www.pressenza.com\/it\/#\/schema\/person\/d983e81827ae24f2c7b1a2123d197f8d\",\"name\":\"Redazione Italia\",\"description\":\"News from the Pressenza Bureau in Italy\",\"sameAs\":[\"https:\/\/www.pressenza.com\/it\/author\/redazione-italia\/\",\"https:\/\/www.facebook.com\/PressenzaItalia\",\"https:\/\/www.instagram.com\/pressenza_italia\/\",\"https:\/\/x.com\/pressenza_it\",\"https:\/\/www.youtube.com\/channel\/UCSalEIWjE1RSxkwjfftFuqg\"],\"url\":\"https:\/\/www.pressenza.com\/it\/author\/redazione-italia\/\"}]}<\/script>\n<!-- \/ Yoast SEO plugin. -->","yoast_head_json":{"title":"\"FADING - La Premiere\u201d","description":"Domenica 25 e luned\u00ec 26 aprile gli eventi conclusivi del progetto FADING, che rilancia con una challenge e un laboratorio di formazione nel mese di","robots":{"index":"index","follow":"follow","max-snippet":"max-snippet:-1","max-image-preview":"max-image-preview:large","max-video-preview":"max-video-preview:-1"},"canonical":"https:\/\/www.pressenza.com\/it\/2021\/04\/fading-la-premiere\/","og_locale":"it_IT","og_type":"article","og_title":"\"FADING - La Premiere\u201d","og_description":"Domenica 25 e luned\u00ec 26 aprile gli eventi conclusivi del progetto FADING, che rilancia con una challenge e un laboratorio di formazione nel mese di","og_url":"https:\/\/www.pressenza.com\/it\/2021\/04\/fading-la-premiere\/","og_site_name":"Pressenza","article_publisher":"https:\/\/www.facebook.com\/PressenzaItalia","article_author":"https:\/\/www.facebook.com\/PressenzaItalia","article_published_time":"2021-04-25T10:29:36+00:00","og_image":[{"width":1080,"height":1080,"url":"https:\/\/www.pressenza.com\/wp-content\/uploads\/2021\/04\/177988225_10159775316658949_3576868777339455465_n.jpg","type":"image\/jpeg"}],"author":"Redazione Italia","twitter_card":"summary_large_image","twitter_creator":"@pressenza_it","twitter_site":"@PressenzaIPA","twitter_misc":{"Scritto da":"Redazione Italia","Tempo di lettura stimato":"2 minuti"},"schema":{"@context":"https:\/\/schema.org","@graph":[{"@type":"Article","@id":"https:\/\/www.pressenza.com\/it\/2021\/04\/fading-la-premiere\/#article","isPartOf":{"@id":"https:\/\/www.pressenza.com\/it\/2021\/04\/fading-la-premiere\/"},"author":{"name":"Redazione Italia","@id":"https:\/\/www.pressenza.com\/it\/#\/schema\/person\/d983e81827ae24f2c7b1a2123d197f8d"},"headline":"&#8220;FADING &#8211; La Premiere\u201d","datePublished":"2021-04-25T10:29:36+00:00","mainEntityOfPage":{"@id":"https:\/\/www.pressenza.com\/it\/2021\/04\/fading-la-premiere\/"},"wordCount":478,"publisher":{"@id":"https:\/\/www.pressenza.com\/it\/#organization"},"image":{"@id":"https:\/\/www.pressenza.com\/it\/2021\/04\/fading-la-premiere\/#primaryimage"},"thumbnailUrl":"https:\/\/www.pressenza.com\/wp-content\/uploads\/2021\/04\/177988225_10159775316658949_3576868777339455465_n.jpg","keywords":["#FADINGCHALLENGE","diseguaglianze","Fading","razzismo"],"articleSection":["Comunicati Stampa","Diritti Umani","Europa"],"inLanguage":"it-IT"},{"@type":"WebPage","@id":"https:\/\/www.pressenza.com\/it\/2021\/04\/fading-la-premiere\/","url":"https:\/\/www.pressenza.com\/it\/2021\/04\/fading-la-premiere\/","name":"\"FADING - La Premiere\u201d","isPartOf":{"@id":"https:\/\/www.pressenza.com\/it\/#website"},"primaryImageOfPage":{"@id":"https:\/\/www.pressenza.com\/it\/2021\/04\/fading-la-premiere\/#primaryimage"},"image":{"@id":"https:\/\/www.pressenza.com\/it\/2021\/04\/fading-la-premiere\/#primaryimage"},"thumbnailUrl":"https:\/\/www.pressenza.com\/wp-content\/uploads\/2021\/04\/177988225_10159775316658949_3576868777339455465_n.jpg","datePublished":"2021-04-25T10:29:36+00:00","description":"Domenica 25 e luned\u00ec 26 aprile gli eventi conclusivi del progetto FADING, che rilancia con una challenge e un laboratorio di formazione nel mese di","breadcrumb":{"@id":"https:\/\/www.pressenza.com\/it\/2021\/04\/fading-la-premiere\/#breadcrumb"},"inLanguage":"it-IT","potentialAction":[{"@type":"ReadAction","target":["https:\/\/www.pressenza.com\/it\/2021\/04\/fading-la-premiere\/"]}]},{"@type":"ImageObject","inLanguage":"it-IT","@id":"https:\/\/www.pressenza.com\/it\/2021\/04\/fading-la-premiere\/#primaryimage","url":"https:\/\/www.pressenza.com\/wp-content\/uploads\/2021\/04\/177988225_10159775316658949_3576868777339455465_n.jpg","contentUrl":"https:\/\/www.pressenza.com\/wp-content\/uploads\/2021\/04\/177988225_10159775316658949_3576868777339455465_n.jpg","width":1080,"height":1080},{"@type":"BreadcrumbList","@id":"https:\/\/www.pressenza.com\/it\/2021\/04\/fading-la-premiere\/#breadcrumb","itemListElement":[{"@type":"ListItem","position":1,"name":"Accueil","item":"https:\/\/www.pressenza.com\/it\/"},{"@type":"ListItem","position":2,"name":"&#8220;FADING &#8211; La Premiere\u201d"}]},{"@type":"WebSite","@id":"https:\/\/www.pressenza.com\/it\/#website","url":"https:\/\/www.pressenza.com\/it\/","name":"Pressenza","description":"Agenzia di Stampa Internazionale","publisher":{"@id":"https:\/\/www.pressenza.com\/it\/#organization"},"potentialAction":[{"@type":"SearchAction","target":{"@type":"EntryPoint","urlTemplate":"https:\/\/www.pressenza.com\/it\/?s={search_term_string}"},"query-input":{"@type":"PropertyValueSpecification","valueRequired":true,"valueName":"search_term_string"}}],"inLanguage":"it-IT"},{"@type":"Organization","@id":"https:\/\/www.pressenza.com\/it\/#organization","name":"Pressenza","url":"https:\/\/www.pressenza.com\/it\/","logo":{"@type":"ImageObject","inLanguage":"it-IT","@id":"https:\/\/www.pressenza.com\/it\/#\/schema\/logo\/image\/","url":"https:\/\/www.pressenza.com\/wp-content\/uploads\/2022\/10\/pressenza_logo_200x200.jpg","contentUrl":"https:\/\/www.pressenza.com\/wp-content\/uploads\/2022\/10\/pressenza_logo_200x200.jpg","width":200,"height":200,"caption":"Pressenza"},"image":{"@id":"https:\/\/www.pressenza.com\/it\/#\/schema\/logo\/image\/"},"sameAs":["https:\/\/www.facebook.com\/PressenzaItalia","https:\/\/x.com\/PressenzaIPA"]},{"@type":"Person","@id":"https:\/\/www.pressenza.com\/it\/#\/schema\/person\/d983e81827ae24f2c7b1a2123d197f8d","name":"Redazione Italia","description":"News from the Pressenza Bureau in Italy","sameAs":["https:\/\/www.pressenza.com\/it\/author\/redazione-italia\/","https:\/\/www.facebook.com\/PressenzaItalia","https:\/\/www.instagram.com\/pressenza_italia\/","https:\/\/x.com\/pressenza_it","https:\/\/www.youtube.com\/channel\/UCSalEIWjE1RSxkwjfftFuqg"],"url":"https:\/\/www.pressenza.com\/it\/author\/redazione-italia\/"}]}},"place":"","original_article_url":"","_links":{"self":[{"href":"https:\/\/www.pressenza.com\/it\/wp-json\/wp\/v2\/posts\/1348363","targetHints":{"allow":["GET"]}}],"collection":[{"href":"https:\/\/www.pressenza.com\/it\/wp-json\/wp\/v2\/posts"}],"about":[{"href":"https:\/\/www.pressenza.com\/it\/wp-json\/wp\/v2\/types\/post"}],"author":[{"embeddable":true,"href":"https:\/\/www.pressenza.com\/it\/wp-json\/wp\/v2\/users\/594"}],"replies":[{"embeddable":true,"href":"https:\/\/www.pressenza.com\/it\/wp-json\/wp\/v2\/comments?post=1348363"}],"version-history":[{"count":0,"href":"https:\/\/www.pressenza.com\/it\/wp-json\/wp\/v2\/posts\/1348363\/revisions"}],"wp:featuredmedia":[{"embeddable":true,"href":"https:\/\/www.pressenza.com\/it\/wp-json\/wp\/v2\/media\/1348364"}],"wp:attachment":[{"href":"https:\/\/www.pressenza.com\/it\/wp-json\/wp\/v2\/media?parent=1348363"}],"wp:term":[{"taxonomy":"category","embeddable":true,"href":"https:\/\/www.pressenza.com\/it\/wp-json\/wp\/v2\/categories?post=1348363"},{"taxonomy":"post_tag","embeddable":true,"href":"https:\/\/www.pressenza.com\/it\/wp-json\/wp\/v2\/tags?post=1348363"}],"curies":[{"name":"wp","href":"https:\/\/api.w.org\/{rel}","templated":true}]}}