{"id":1347019,"date":"2021-04-23T14:10:21","date_gmt":"2021-04-23T13:10:21","guid":{"rendered":"https:\/\/www.pressenza.com\/?p=1347019"},"modified":"2021-04-23T14:11:30","modified_gmt":"2021-04-23T13:11:30","slug":"pochi-paesi-latinoamericani-hanno-ratificato-laccordo-di-escazu","status":"publish","type":"post","link":"https:\/\/www.pressenza.com\/it\/2021\/04\/pochi-paesi-latinoamericani-hanno-ratificato-laccordo-di-escazu\/","title":{"rendered":"Pochi paesi latinoamericani hanno ratificato l\u2019Accordo di Escaz\u00fa"},"content":{"rendered":"<p>In occasione della \u201cGiornata della Terra &#8211; Earth Day\u201d, l&#8217;Alleanza per la Solidariet\u00e0, membro di ActionAid, denuncia la <a href=\"https:\/\/www.alianzaporlasolidaridad.org\/justicia-climatica-y-sostenibilidad\/acuerdo-de-escazu-defensoras-ambientales-continuan-sin-ser-protegidas-en-latinoamerica\">mancata ratifica<\/a> dell&#8217;accordo di Escaz\u00fa da parte di molti paesi dell&#8217;America Latina e dei Caraibi, tra cui Colombia, Brasile, Honduras e Guatemala, segnalati pi\u00f9 volte per l\u2019alto tasso di aggressioni e attacchi mortali contro chi difende la terra e i beni comuni.<\/p>\n<p>Promosso dalle Nazioni unite e approvato nel 2018, l&#8217;accordo di Escaz\u00fa ha l&#8217;obiettivo di garantire un ambiente sicuro a persone e gruppi che difendono i diritti umani e ambientali.<\/p>\n<p>Sebbene sia entrato in vigore proprio questo 22 aprile, l&#8217;accordo regionale (<a href=\"https:\/\/www.cepal.org\/es\/acuerdodeescazu\">qui il testo completo<\/a>) \u00e8 stato fino a ora ratificato solo da 12 dei 46 paesi della regione (Argentina, Bolivia, Ecuador, Messico, Nicaragua, Panama, Uruguay, Antigua e Barbuda, Guyana, Saint Kitts e Nevis, Saint Vincent e Grenadine, Bahamas).<\/p>\n<p>Secondo un <a href=\"https:\/\/www.frontlinedefenders.org\/sites\/default\/files\/fld_global_analysis_2020.pdf\">rapporto<\/a> di Front Line Defenders, 331 difensori dei diritti umani sono stati assassinati nel 2020. 287 sono uomini e 44 donne. Il 69% delle vittime era impegnato nella difesa della terra, dell&#8217;ambiente e dei diritti delle popolazioni indigene.<\/p>\n<p>Ancora una volta la Colombia \u00e8 risultato il paese pi\u00f9 pericoloso per chi difende diritti con 177 omicidi, ovvero il 53% del totale. Seguono l&#8217;Honduras con 20 omicidi, Messico (19), Brasile (16), Guatemala (15) e Per\u00f9 (8). Il 79% degli omicidi nel 2020 \u00e8 avvenuto in America Latina (262). A parte il Messico, i paesi pi\u00f9 letali non hanno ancora ratificato l&#8217;accordo.<\/p>\n<p>Nel caso dell&#8217;Honduras, il testo dell&#8217;accordo di Escaz\u00fa \u00e8 stato inviato a 14 ministeri affinch\u00e9 potessero pronunciarsi in merito prima del suo invio al Parlamento.<\/p>\n<p>\u201cDopo quattro mesi, solo 7 ministeri si sono pronunciati. Intanto la situazione dei conflitti ambientali e della violenza nei territori contro i difensori dell&#8217;ambiente \u00e8 andata via via peggiorando un po&#8217; in tutto il paese\u201d, ha scritto in un <a href=\"https:\/\/app.box.com\/s\/d44egh0p5x2em3xxv9na4trmvwvgltpx\">comunicato<\/a> la Rete honduregna per Escaz\u00fa.<\/p>\n<p>La Rete ha anche ricordato alle autorit\u00e0 dell&#8217;Honduras il loro obbligo di \u201cpromuovere e proteggere la vita dei difensori del territorio\u201d e le ha esortate ad accelerare \u201cqualsiasi iniziativa politica mirata a preservare la loro vita e a riconoscere il loro lavoro\u201d.<\/p>\n<p>Ha anche chiesto ai cittadini honduregni di unirsi alla lotta per esigere la ratifica dell&#8217;Accordo di Escaz\u00fa in Honduras.<\/p>\n<p>Da parte sua, l&#8217;Alleanza per la Solidariet\u00e0 ha denunciato le pressioni che si stanno registrando nei paesi con il maggior numero di conflitti ambientali in corso, affinch\u00e9 questo accordo non venga ratificato, alludendo, come scusa, una presunta perdita di sovranit\u00e0 nazionale e un danno allo sviluppo economico dei paesi stessi.<\/p>\n<p>Per rendere visibile il lavoro di donne e uomini che difendono i diritti delle persone e dell\u2019ambiente e per denunciarne la persecuzione, l&#8217;organizzazione associata a ActionAid ha lanciato la campagna <a href=\"https:\/\/www.alianzaporlasolidaridad.org\/guardianas\">Guardiane dell&#8217;acqua e della terra<\/a>.<\/p>\n<p>Dall&#8217;inizio della negoziazione dell&#8217;accordo di Escaz\u00fa, pi\u00f9 di 2.500 persone sono state uccise in tutto il mondo, la maggior parte in una regione come l&#8217;America Latina sempre pi\u00f9 ambita dalle imprese multinazionali e, allo stesso tempo, fortemente colpita dagli effetti del cambiamento climatico e dalla perdita di biodiversit\u00e0.<\/p>\n<p>\u201cLa commercializzazione delle risorse naturali costa la vita a tante persone, a chi \u00e8 stato assassinato e a chi \u00e8 imprigionato da anni, come il guatemalteco Bernardo Caal Xol, che va ricordato in giornate come questa. Sono loro che stanno in prima linea e che difendono i diritti che vengono violati con la collusione dei loro governi. \u00c8 una cosa che sta aumentando e che rende questo tipo di regolamentazione assolutamente necessaria\u201d, ha detto Almudena Moreno, responsabile per lo sviluppo sostenibile dell&#8217;Alleanza per la Solidariet\u00e0.<\/p>\n<p>Allo stesso modo, una recente <a href=\"https:\/\/files.springernature.com\/getResource\/Full%20text%3A%2041558_2021_1000_OnlinePDF.pdf?token=IULUvIufpS8AXE43riPpExKrcZMUcwpHIO0w4yhOno61RnG9Vz6%2Fr7GCrI5AcBi92o1n3tikPjKFkiYotkHNpNM75Zwrwg1JnULfD6ql3lYJf5hHAF2Mfe1V8Ht1nZztuCh%2FZ3DLB4IVSRfpmhKqIK%2B2MEGrTaNkf73j7xJNLJsu6vTpWAcHurp5mdGIFOKj6R1Se4bGQnT7HNP7lnlhp9R9ie6CqfHB3gsKJ%2BZ2%2F5OG3eNs2jsDKIt6ogD7VgOiaP3Tdhmek9ubVZwx%2FRy3Z3LQYtd0tMZhIbjmebp%2BKAFSqHE1%2Bp%2FzTMX42m5Yba5o9W5TH3KbNh%2BZ7%2FfXC%2BGsnQ%3D%3D\">ricerca<\/a> apparsa sulla rivista Nature ha concluso che, proprio a causa del cambiamento climatico, la produzione agricola in America Latina e nei Caraibi \u00e8 diminuita di quasi il 26%. Ci\u00f2 implica che, con meno produzione, ci siano pi\u00f9 difficolt\u00e0 per le comunit\u00e0 contadine e indigene, che devono anche affrontare il saccheggio dei loro territori.<\/p>\n<p>Per questo l&#8217;Alleanza per la Solidariet\u00e0 ha chiesto a tutti i paesi della regione &#8211; in particolare a Colombia, Guatemala, Honduras e Brasile &#8211; di ratificare quanto prima l&#8217;accordo di Escaz\u00fa e di mettere in modo tutti i meccanismi affinch\u00e9 sia rispettato nella pratica.<\/p>\n","protected":false},"excerpt":{"rendered":"<p>In occasione della \u201cGiornata della Terra &#8211; Earth Day\u201d, l&#8217;Alleanza per la Solidariet\u00e0, membro di ActionAid, denuncia la mancata ratifica dell&#8217;accordo di Escaz\u00fa da parte di molti paesi dell&#8217;America Latina e dei Caraibi, tra cui Colombia, Brasile, Honduras e Guatemala,&hellip;<\/p>\n","protected":false},"author":1800,"featured_media":1347030,"comment_status":"closed","ping_status":"closed","sticky":false,"template":"","format":"standard","meta":{"footnotes":""},"categories":[50,11388,59],"tags":[50302,36787,90189,10123],"class_list":["post-1347019","post","type-post","status-publish","format-standard","has-post-thumbnail","hentry","category-centro-america","category-contenuti-originali","category-ambiente-ecologia","tag-accordo-di-escazu","tag-assassinii","tag-difensori-della-terra","tag-giornata-della-terra"],"yoast_head":"<!-- This site is optimized with the Yoast SEO plugin v27.1.1 - https:\/\/yoast.com\/product\/yoast-seo-wordpress\/ -->\n<title>Pochi paesi latinoamericani hanno ratificato l\u2019Accordo di Escaz\u00fa<\/title>\n<meta name=\"description\" content=\"In occasione della \u201cGiornata della Terra - Earth Day\u201d, l&#039;Alleanza per la Solidariet\u00e0, membro di ActionAid, denuncia la mancata ratifica dell&#039;accordo di\" \/>\n<meta name=\"robots\" content=\"index, follow, max-snippet:-1, max-image-preview:large, max-video-preview:-1\" \/>\n<link rel=\"canonical\" href=\"https:\/\/www.pressenza.com\/it\/2021\/04\/pochi-paesi-latinoamericani-hanno-ratificato-laccordo-di-escazu\/\" \/>\n<meta property=\"og:locale\" content=\"it_IT\" \/>\n<meta property=\"og:type\" content=\"article\" \/>\n<meta property=\"og:title\" content=\"Pochi paesi latinoamericani hanno ratificato l\u2019Accordo di Escaz\u00fa\" \/>\n<meta property=\"og:description\" content=\"In occasione della \u201cGiornata della Terra - Earth Day\u201d, l&#039;Alleanza per la Solidariet\u00e0, membro di ActionAid, denuncia la mancata ratifica dell&#039;accordo di\" \/>\n<meta property=\"og:url\" content=\"https:\/\/www.pressenza.com\/it\/2021\/04\/pochi-paesi-latinoamericani-hanno-ratificato-laccordo-di-escazu\/\" \/>\n<meta property=\"og:site_name\" content=\"Pressenza\" \/>\n<meta property=\"article:publisher\" content=\"https:\/\/www.facebook.com\/PressenzaItalia\" \/>\n<meta property=\"article:published_time\" content=\"2021-04-23T13:10:21+00:00\" \/>\n<meta property=\"article:modified_time\" content=\"2021-04-23T13:11:30+00:00\" \/>\n<meta property=\"og:image\" content=\"https:\/\/www.pressenza.com\/wp-content\/uploads\/2021\/04\/protettori-della-terra.jpg\" \/>\n\t<meta property=\"og:image:width\" content=\"945\" \/>\n\t<meta property=\"og:image:height\" content=\"520\" \/>\n\t<meta property=\"og:image:type\" content=\"image\/jpeg\" \/>\n<meta name=\"author\" content=\"Giorgio Trucchi\" \/>\n<meta name=\"twitter:card\" content=\"summary_large_image\" \/>\n<meta name=\"twitter:creator\" content=\"@PressenzaIPA\" \/>\n<meta name=\"twitter:site\" content=\"@PressenzaIPA\" \/>\n<meta name=\"twitter:label1\" content=\"Scritto da\" \/>\n\t<meta name=\"twitter:data1\" content=\"Giorgio Trucchi\" \/>\n\t<meta name=\"twitter:label2\" content=\"Tempo di lettura stimato\" \/>\n\t<meta name=\"twitter:data2\" content=\"3 minuti\" \/>\n<script type=\"application\/ld+json\" class=\"yoast-schema-graph\">{\"@context\":\"https:\/\/schema.org\",\"@graph\":[{\"@type\":\"Article\",\"@id\":\"https:\/\/www.pressenza.com\/it\/2021\/04\/pochi-paesi-latinoamericani-hanno-ratificato-laccordo-di-escazu\/#article\",\"isPartOf\":{\"@id\":\"https:\/\/www.pressenza.com\/it\/2021\/04\/pochi-paesi-latinoamericani-hanno-ratificato-laccordo-di-escazu\/\"},\"author\":{\"name\":\"Giorgio Trucchi\",\"@id\":\"https:\/\/www.pressenza.com\/it\/#\/schema\/person\/55ec2a8f1b3e718010691e4aba073020\"},\"headline\":\"Pochi paesi latinoamericani hanno ratificato l\u2019Accordo di Escaz\u00fa\",\"datePublished\":\"2021-04-23T13:10:21+00:00\",\"dateModified\":\"2021-04-23T13:11:30+00:00\",\"mainEntityOfPage\":{\"@id\":\"https:\/\/www.pressenza.com\/it\/2021\/04\/pochi-paesi-latinoamericani-hanno-ratificato-laccordo-di-escazu\/\"},\"wordCount\":694,\"publisher\":{\"@id\":\"https:\/\/www.pressenza.com\/it\/#organization\"},\"image\":{\"@id\":\"https:\/\/www.pressenza.com\/it\/2021\/04\/pochi-paesi-latinoamericani-hanno-ratificato-laccordo-di-escazu\/#primaryimage\"},\"thumbnailUrl\":\"https:\/\/www.pressenza.com\/wp-content\/uploads\/2021\/04\/protettori-della-terra.jpg\",\"keywords\":[\"accordo di Escaz\u00fa\",\"assassinii\",\"difensori della Terra\",\"Giornata della Terra\"],\"articleSection\":[\"America Centrale\",\"contenuti originali\",\"Ecologia ed Ambiente\"],\"inLanguage\":\"it-IT\"},{\"@type\":\"WebPage\",\"@id\":\"https:\/\/www.pressenza.com\/it\/2021\/04\/pochi-paesi-latinoamericani-hanno-ratificato-laccordo-di-escazu\/\",\"url\":\"https:\/\/www.pressenza.com\/it\/2021\/04\/pochi-paesi-latinoamericani-hanno-ratificato-laccordo-di-escazu\/\",\"name\":\"Pochi paesi latinoamericani hanno ratificato l\u2019Accordo di Escaz\u00fa\",\"isPartOf\":{\"@id\":\"https:\/\/www.pressenza.com\/it\/#website\"},\"primaryImageOfPage\":{\"@id\":\"https:\/\/www.pressenza.com\/it\/2021\/04\/pochi-paesi-latinoamericani-hanno-ratificato-laccordo-di-escazu\/#primaryimage\"},\"image\":{\"@id\":\"https:\/\/www.pressenza.com\/it\/2021\/04\/pochi-paesi-latinoamericani-hanno-ratificato-laccordo-di-escazu\/#primaryimage\"},\"thumbnailUrl\":\"https:\/\/www.pressenza.com\/wp-content\/uploads\/2021\/04\/protettori-della-terra.jpg\",\"datePublished\":\"2021-04-23T13:10:21+00:00\",\"dateModified\":\"2021-04-23T13:11:30+00:00\",\"description\":\"In occasione della \u201cGiornata della Terra - Earth Day\u201d, l'Alleanza per la Solidariet\u00e0, membro di ActionAid, denuncia la mancata ratifica dell'accordo di\",\"breadcrumb\":{\"@id\":\"https:\/\/www.pressenza.com\/it\/2021\/04\/pochi-paesi-latinoamericani-hanno-ratificato-laccordo-di-escazu\/#breadcrumb\"},\"inLanguage\":\"it-IT\",\"potentialAction\":[{\"@type\":\"ReadAction\",\"target\":[\"https:\/\/www.pressenza.com\/it\/2021\/04\/pochi-paesi-latinoamericani-hanno-ratificato-laccordo-di-escazu\/\"]}]},{\"@type\":\"ImageObject\",\"inLanguage\":\"it-IT\",\"@id\":\"https:\/\/www.pressenza.com\/it\/2021\/04\/pochi-paesi-latinoamericani-hanno-ratificato-laccordo-di-escazu\/#primaryimage\",\"url\":\"https:\/\/www.pressenza.com\/wp-content\/uploads\/2021\/04\/protettori-della-terra.jpg\",\"contentUrl\":\"https:\/\/www.pressenza.com\/wp-content\/uploads\/2021\/04\/protettori-della-terra.jpg\",\"width\":945,\"height\":520},{\"@type\":\"BreadcrumbList\",\"@id\":\"https:\/\/www.pressenza.com\/it\/2021\/04\/pochi-paesi-latinoamericani-hanno-ratificato-laccordo-di-escazu\/#breadcrumb\",\"itemListElement\":[{\"@type\":\"ListItem\",\"position\":1,\"name\":\"Accueil\",\"item\":\"https:\/\/www.pressenza.com\/it\/\"},{\"@type\":\"ListItem\",\"position\":2,\"name\":\"Pochi paesi latinoamericani hanno ratificato l\u2019Accordo di Escaz\u00fa\"}]},{\"@type\":\"WebSite\",\"@id\":\"https:\/\/www.pressenza.com\/it\/#website\",\"url\":\"https:\/\/www.pressenza.com\/it\/\",\"name\":\"Pressenza\",\"description\":\"Agenzia di Stampa Internazionale\",\"publisher\":{\"@id\":\"https:\/\/www.pressenza.com\/it\/#organization\"},\"potentialAction\":[{\"@type\":\"SearchAction\",\"target\":{\"@type\":\"EntryPoint\",\"urlTemplate\":\"https:\/\/www.pressenza.com\/it\/?s={search_term_string}\"},\"query-input\":{\"@type\":\"PropertyValueSpecification\",\"valueRequired\":true,\"valueName\":\"search_term_string\"}}],\"inLanguage\":\"it-IT\"},{\"@type\":\"Organization\",\"@id\":\"https:\/\/www.pressenza.com\/it\/#organization\",\"name\":\"Pressenza\",\"url\":\"https:\/\/www.pressenza.com\/it\/\",\"logo\":{\"@type\":\"ImageObject\",\"inLanguage\":\"it-IT\",\"@id\":\"https:\/\/www.pressenza.com\/it\/#\/schema\/logo\/image\/\",\"url\":\"https:\/\/www.pressenza.com\/wp-content\/uploads\/2022\/10\/pressenza_logo_200x200.jpg\",\"contentUrl\":\"https:\/\/www.pressenza.com\/wp-content\/uploads\/2022\/10\/pressenza_logo_200x200.jpg\",\"width\":200,\"height\":200,\"caption\":\"Pressenza\"},\"image\":{\"@id\":\"https:\/\/www.pressenza.com\/it\/#\/schema\/logo\/image\/\"},\"sameAs\":[\"https:\/\/www.facebook.com\/PressenzaItalia\",\"https:\/\/x.com\/PressenzaIPA\"]},{\"@type\":\"Person\",\"@id\":\"https:\/\/www.pressenza.com\/it\/#\/schema\/person\/55ec2a8f1b3e718010691e4aba073020\",\"name\":\"Giorgio Trucchi\",\"url\":\"https:\/\/www.pressenza.com\/it\/author\/giorgio-trucchi\/\"}]}<\/script>\n<!-- \/ Yoast SEO plugin. -->","yoast_head_json":{"title":"Pochi paesi latinoamericani hanno ratificato l\u2019Accordo di Escaz\u00fa","description":"In occasione della \u201cGiornata della Terra - Earth Day\u201d, l'Alleanza per la Solidariet\u00e0, membro di ActionAid, denuncia la mancata ratifica dell'accordo di","robots":{"index":"index","follow":"follow","max-snippet":"max-snippet:-1","max-image-preview":"max-image-preview:large","max-video-preview":"max-video-preview:-1"},"canonical":"https:\/\/www.pressenza.com\/it\/2021\/04\/pochi-paesi-latinoamericani-hanno-ratificato-laccordo-di-escazu\/","og_locale":"it_IT","og_type":"article","og_title":"Pochi paesi latinoamericani hanno ratificato l\u2019Accordo di Escaz\u00fa","og_description":"In occasione della \u201cGiornata della Terra - Earth Day\u201d, l'Alleanza per la Solidariet\u00e0, membro di ActionAid, denuncia la mancata ratifica dell'accordo di","og_url":"https:\/\/www.pressenza.com\/it\/2021\/04\/pochi-paesi-latinoamericani-hanno-ratificato-laccordo-di-escazu\/","og_site_name":"Pressenza","article_publisher":"https:\/\/www.facebook.com\/PressenzaItalia","article_published_time":"2021-04-23T13:10:21+00:00","article_modified_time":"2021-04-23T13:11:30+00:00","og_image":[{"width":945,"height":520,"url":"https:\/\/www.pressenza.com\/wp-content\/uploads\/2021\/04\/protettori-della-terra.jpg","type":"image\/jpeg"}],"author":"Giorgio Trucchi","twitter_card":"summary_large_image","twitter_creator":"@PressenzaIPA","twitter_site":"@PressenzaIPA","twitter_misc":{"Scritto da":"Giorgio Trucchi","Tempo di lettura stimato":"3 minuti"},"schema":{"@context":"https:\/\/schema.org","@graph":[{"@type":"Article","@id":"https:\/\/www.pressenza.com\/it\/2021\/04\/pochi-paesi-latinoamericani-hanno-ratificato-laccordo-di-escazu\/#article","isPartOf":{"@id":"https:\/\/www.pressenza.com\/it\/2021\/04\/pochi-paesi-latinoamericani-hanno-ratificato-laccordo-di-escazu\/"},"author":{"name":"Giorgio Trucchi","@id":"https:\/\/www.pressenza.com\/it\/#\/schema\/person\/55ec2a8f1b3e718010691e4aba073020"},"headline":"Pochi paesi latinoamericani hanno ratificato l\u2019Accordo di Escaz\u00fa","datePublished":"2021-04-23T13:10:21+00:00","dateModified":"2021-04-23T13:11:30+00:00","mainEntityOfPage":{"@id":"https:\/\/www.pressenza.com\/it\/2021\/04\/pochi-paesi-latinoamericani-hanno-ratificato-laccordo-di-escazu\/"},"wordCount":694,"publisher":{"@id":"https:\/\/www.pressenza.com\/it\/#organization"},"image":{"@id":"https:\/\/www.pressenza.com\/it\/2021\/04\/pochi-paesi-latinoamericani-hanno-ratificato-laccordo-di-escazu\/#primaryimage"},"thumbnailUrl":"https:\/\/www.pressenza.com\/wp-content\/uploads\/2021\/04\/protettori-della-terra.jpg","keywords":["accordo di Escaz\u00fa","assassinii","difensori della Terra","Giornata della Terra"],"articleSection":["America Centrale","contenuti originali","Ecologia ed Ambiente"],"inLanguage":"it-IT"},{"@type":"WebPage","@id":"https:\/\/www.pressenza.com\/it\/2021\/04\/pochi-paesi-latinoamericani-hanno-ratificato-laccordo-di-escazu\/","url":"https:\/\/www.pressenza.com\/it\/2021\/04\/pochi-paesi-latinoamericani-hanno-ratificato-laccordo-di-escazu\/","name":"Pochi paesi latinoamericani hanno ratificato l\u2019Accordo di Escaz\u00fa","isPartOf":{"@id":"https:\/\/www.pressenza.com\/it\/#website"},"primaryImageOfPage":{"@id":"https:\/\/www.pressenza.com\/it\/2021\/04\/pochi-paesi-latinoamericani-hanno-ratificato-laccordo-di-escazu\/#primaryimage"},"image":{"@id":"https:\/\/www.pressenza.com\/it\/2021\/04\/pochi-paesi-latinoamericani-hanno-ratificato-laccordo-di-escazu\/#primaryimage"},"thumbnailUrl":"https:\/\/www.pressenza.com\/wp-content\/uploads\/2021\/04\/protettori-della-terra.jpg","datePublished":"2021-04-23T13:10:21+00:00","dateModified":"2021-04-23T13:11:30+00:00","description":"In occasione della \u201cGiornata della Terra - Earth Day\u201d, l'Alleanza per la Solidariet\u00e0, membro di ActionAid, denuncia la mancata ratifica dell'accordo di","breadcrumb":{"@id":"https:\/\/www.pressenza.com\/it\/2021\/04\/pochi-paesi-latinoamericani-hanno-ratificato-laccordo-di-escazu\/#breadcrumb"},"inLanguage":"it-IT","potentialAction":[{"@type":"ReadAction","target":["https:\/\/www.pressenza.com\/it\/2021\/04\/pochi-paesi-latinoamericani-hanno-ratificato-laccordo-di-escazu\/"]}]},{"@type":"ImageObject","inLanguage":"it-IT","@id":"https:\/\/www.pressenza.com\/it\/2021\/04\/pochi-paesi-latinoamericani-hanno-ratificato-laccordo-di-escazu\/#primaryimage","url":"https:\/\/www.pressenza.com\/wp-content\/uploads\/2021\/04\/protettori-della-terra.jpg","contentUrl":"https:\/\/www.pressenza.com\/wp-content\/uploads\/2021\/04\/protettori-della-terra.jpg","width":945,"height":520},{"@type":"BreadcrumbList","@id":"https:\/\/www.pressenza.com\/it\/2021\/04\/pochi-paesi-latinoamericani-hanno-ratificato-laccordo-di-escazu\/#breadcrumb","itemListElement":[{"@type":"ListItem","position":1,"name":"Accueil","item":"https:\/\/www.pressenza.com\/it\/"},{"@type":"ListItem","position":2,"name":"Pochi paesi latinoamericani hanno ratificato l\u2019Accordo di Escaz\u00fa"}]},{"@type":"WebSite","@id":"https:\/\/www.pressenza.com\/it\/#website","url":"https:\/\/www.pressenza.com\/it\/","name":"Pressenza","description":"Agenzia di Stampa Internazionale","publisher":{"@id":"https:\/\/www.pressenza.com\/it\/#organization"},"potentialAction":[{"@type":"SearchAction","target":{"@type":"EntryPoint","urlTemplate":"https:\/\/www.pressenza.com\/it\/?s={search_term_string}"},"query-input":{"@type":"PropertyValueSpecification","valueRequired":true,"valueName":"search_term_string"}}],"inLanguage":"it-IT"},{"@type":"Organization","@id":"https:\/\/www.pressenza.com\/it\/#organization","name":"Pressenza","url":"https:\/\/www.pressenza.com\/it\/","logo":{"@type":"ImageObject","inLanguage":"it-IT","@id":"https:\/\/www.pressenza.com\/it\/#\/schema\/logo\/image\/","url":"https:\/\/www.pressenza.com\/wp-content\/uploads\/2022\/10\/pressenza_logo_200x200.jpg","contentUrl":"https:\/\/www.pressenza.com\/wp-content\/uploads\/2022\/10\/pressenza_logo_200x200.jpg","width":200,"height":200,"caption":"Pressenza"},"image":{"@id":"https:\/\/www.pressenza.com\/it\/#\/schema\/logo\/image\/"},"sameAs":["https:\/\/www.facebook.com\/PressenzaItalia","https:\/\/x.com\/PressenzaIPA"]},{"@type":"Person","@id":"https:\/\/www.pressenza.com\/it\/#\/schema\/person\/55ec2a8f1b3e718010691e4aba073020","name":"Giorgio Trucchi","url":"https:\/\/www.pressenza.com\/it\/author\/giorgio-trucchi\/"}]}},"place":"","original_article_url":"","_links":{"self":[{"href":"https:\/\/www.pressenza.com\/it\/wp-json\/wp\/v2\/posts\/1347019","targetHints":{"allow":["GET"]}}],"collection":[{"href":"https:\/\/www.pressenza.com\/it\/wp-json\/wp\/v2\/posts"}],"about":[{"href":"https:\/\/www.pressenza.com\/it\/wp-json\/wp\/v2\/types\/post"}],"author":[{"embeddable":true,"href":"https:\/\/www.pressenza.com\/it\/wp-json\/wp\/v2\/users\/1800"}],"replies":[{"embeddable":true,"href":"https:\/\/www.pressenza.com\/it\/wp-json\/wp\/v2\/comments?post=1347019"}],"version-history":[{"count":0,"href":"https:\/\/www.pressenza.com\/it\/wp-json\/wp\/v2\/posts\/1347019\/revisions"}],"wp:featuredmedia":[{"embeddable":true,"href":"https:\/\/www.pressenza.com\/it\/wp-json\/wp\/v2\/media\/1347030"}],"wp:attachment":[{"href":"https:\/\/www.pressenza.com\/it\/wp-json\/wp\/v2\/media?parent=1347019"}],"wp:term":[{"taxonomy":"category","embeddable":true,"href":"https:\/\/www.pressenza.com\/it\/wp-json\/wp\/v2\/categories?post=1347019"},{"taxonomy":"post_tag","embeddable":true,"href":"https:\/\/www.pressenza.com\/it\/wp-json\/wp\/v2\/tags?post=1347019"}],"curies":[{"name":"wp","href":"https:\/\/api.w.org\/{rel}","templated":true}]}}