{"id":1346053,"date":"2021-04-21T20:42:39","date_gmt":"2021-04-21T19:42:39","guid":{"rendered":"https:\/\/www.pressenza.com\/?p=1346053"},"modified":"2021-04-21T20:45:24","modified_gmt":"2021-04-21T19:45:24","slug":"tutela-a-educazione-diritti-e-salute-a-roma-nasce-arcipelago-metropolitano","status":"publish","type":"post","link":"https:\/\/www.pressenza.com\/it\/2021\/04\/tutela-a-educazione-diritti-e-salute-a-roma-nasce-arcipelago-metropolitano\/","title":{"rendered":"Tutela a educazione, diritti e salute a Roma: nasce Arcipelago Metropolitano"},"content":{"rendered":"<p><em>Nasce Arcipelago Metropolitano, una serie di Isole per tutelare l\u2019educazione, i diritti, la salute, il diritto alla felicit\u00e0 di famiglie e minori nei Municipi IV, V, VI di Roma. <\/em><em>30 mesi di attivit\u00e0, 5 differenti interventi dal sostegno psicologico ai laboratori artistici, dagli sportelli legali ai burattini, dal teatro allo sport<\/em><\/p>\n<p>Nasce oggi Arcipelago Metropolitano, un progetto selezionato da <strong>Con i Bambini <\/strong>nell\u2019ambito del<strong> Fondo per il contrasto della povert\u00e0 educativa minorile<\/strong>. Arcipelago Metropolitano \u00e8 un progetto di lungo periodo per potenziare l\u2019educazione, l\u2019accesso, la qualit\u00e0, l\u2019integrazione dei servizi in favore di minori e famiglie che vivono nel quadrante Est di Roma, in particolare per minori e famiglie che risiedono nelle occupazioni abitative. \u2028<strong>Servizi gratuiti e senza vincoli di accesso legati alla nazionalit\u00e0, al domicilio o allo stato sociale. Un servizio per tutti e tutte, per investire nell\u2019unico modello possibile di sicurezza: quello dell\u2019integrazione.<\/strong><\/p>\n<p>Un vero e proprio Arcipelago le cui isole saranno abitate da professioniste e professionisti in diversi ambiti, impegnati nel benessere sociale, psicologico, educativo e sportivo di chi vive in una situazione di marginalit\u00e0. Un\u2019iniziativa nata dall\u2019alleanza tra diverse cooperative sociali con <strong>COSPEXA<\/strong> capofila e di cui fanno parte <strong>Asinitas Onlus<\/strong>, <strong>Astra 19<\/strong> e <strong>Rifornimento in Volo<\/strong> con il sostegno della <strong>Fondazione<\/strong><strong>Con i Bambini<\/strong> e con il <strong>Dipartimento di Psicologia Clinica<\/strong> dell\u2019<strong>Universit\u00e0 La Sapienza <\/strong>di Roma come ente per la valutazione d\u2019impatto del progetto.<\/p>\n<p>Le operatrici e gli operatori di <strong>Arcipelago Metropolitano<\/strong> saranno sul campo, presenze fisiche che forniranno strumenti di sostegno e daranno a bambine e bambini, ragazze e ragazzi l\u2019opportunit\u00e0 di svolgere attivit\u00e0 artistiche, teatrali e sportive: attivit\u00e0 che li aiuteranno a uscire dallo svantaggio educativo; e daranno ai loro genitori gli strumenti per far valere i loro diritti e accompagnarli nel loro percorso di madri e di padri. Non lasciare nessuno indietro, questa \u00e8 la priorit\u00e0 del progetto.<\/p>\n<p>Arcipelago Metropolitano si compone di cinque differenti isole: interventi che saranno spalmati nell\u2019arco di 30 mesi. Si parte oggi con l\u2019<strong>Isola della salute e del diritto,<\/strong> per cos\u00ec dire un\u2019isola mobile che si sposter\u00e0 nelle occupazioni abitative di <strong>Quattro Stelle<\/strong> e <strong>Casal Boccone 211<\/strong> per fornire consulenze personalizzate di tipo sanitario, psicologico, sociale e legale in pi\u00f9 lingue: italiano, tigrino, arabo, francese. Dar\u00e0 informazioni sui servizi socio-sanitari territoriali e sulle modalit\u00e0 di accesso e fruizione. Nei prossimi mesi prenderanno vita e forma altre isole, sempre nel quadrante est della Capitale.<\/p>\n<p>Dal mese di maggio partono quattro <strong>Isole<\/strong>.<\/p>\n<p>L\u2019<strong>Isola del benessere mentale <\/strong>che solo in questa prima fase prevede centinaia ore di sostegno psicologico individuale o familiare a chi ne avr\u00e0 bisogno in diverse lingue: italiano, francese, inglese, arabo e bengalese. Da giugno verr\u00e0 integrata dall\u2019intervento <strong>Compagno di viaggio<\/strong> per il sostegno psicologico domiciliare destinato agli adolescenti.<\/p>\n<p>L\u2019<strong>Isola dello Sport <\/strong>vedr\u00e0 la nascita di una vera e propria scuola calcio presso la\u00a0parrocchia\u00a0San Barnaba oltre che l\u2019avvio di 2 corsi di Aikido per bambine e bambini, ragazze e ragazzi, arte marziale giapponese che mette in gioco mente, corpo e spirito.<\/p>\n<p>L\u2019<strong>Isola della genitorialit\u00e0 positiva <\/strong>prevede una serie di percorsi per madri e future madri che vanno dalla preparazione al parto alla gestione di primi mesi di vita di un neonato fino al percorso di Madre e figli a scuola, un\u2019azione prevalentemente orientata alle madri di origine straniera, che sostiene la partecipazione alla vita scolastica dei figli.<\/p>\n<p>L\u2019I<strong>sola dell\u2019educazione e della creativit\u00e0 <\/strong>sar\u00e0 attiva da settembre 2021 e prevede decine di incontri e laboratori di pittura per bambine e bambini dai 6 agli 11 anni che vivono nelle occupazioni o nel quartiere. Ma anche corsi di teatro e laboratori di burattini. Un modo per giocare insieme, conoscersi, crescere.<\/p>\n<p>&nbsp;<\/p>\n<p><em><strong>Ufficio Stampa Arcipelago Metropolitano<\/strong><\/em><\/p>\n","protected":false},"excerpt":{"rendered":"<p>Nasce Arcipelago Metropolitano, una serie di Isole per tutelare l\u2019educazione, i diritti, la salute, il diritto alla felicit\u00e0 di famiglie e minori nei Municipi IV, V, VI di Roma. 30 mesi di attivit\u00e0, 5 differenti interventi dal sostegno psicologico ai&hellip;<\/p>\n","protected":false},"author":594,"featured_media":1346056,"comment_status":"closed","ping_status":"closed","sticky":false,"template":"","format":"standard","meta":{"footnotes":""},"categories":[150,60,47],"tags":[5533,4499,3873,1177,30553],"class_list":["post-1346053","post","type-post","status-publish","format-standard","has-post-thumbnail","hentry","category-comunicati-stampa","category-diritti-umani","category-europa","tag-diritti","tag-educazione-2","tag-roma","tag-salute","tag-tutela"],"yoast_head":"<!-- This site is optimized with the Yoast SEO plugin v27.1.1 - https:\/\/yoast.com\/product\/yoast-seo-wordpress\/ -->\n<title>Tutela a educazione, diritti e salute a Roma: nasce Arcipelago Metropolitano<\/title>\n<meta name=\"description\" content=\"Nasce Arcipelago Metropolitano, 30 mesi di attivit\u00e0, 5 differenti interventi dal sostegno psicologico ai laboratori artistici, dagli sportelli legali ai burattini, dal teatro allo sport\" \/>\n<meta name=\"robots\" content=\"index, follow, max-snippet:-1, max-image-preview:large, max-video-preview:-1\" \/>\n<link rel=\"canonical\" href=\"https:\/\/www.pressenza.com\/it\/2021\/04\/tutela-a-educazione-diritti-e-salute-a-roma-nasce-arcipelago-metropolitano\/\" \/>\n<meta property=\"og:locale\" content=\"it_IT\" \/>\n<meta property=\"og:type\" content=\"article\" \/>\n<meta property=\"og:title\" content=\"Tutela a educazione, diritti e salute a Roma: nasce Arcipelago Metropolitano\" \/>\n<meta property=\"og:description\" content=\"Nasce Arcipelago Metropolitano, 30 mesi di attivit\u00e0, 5 differenti interventi dal sostegno psicologico ai laboratori artistici, dagli sportelli legali ai burattini, dal teatro allo sport\" \/>\n<meta property=\"og:url\" content=\"https:\/\/www.pressenza.com\/it\/2021\/04\/tutela-a-educazione-diritti-e-salute-a-roma-nasce-arcipelago-metropolitano\/\" \/>\n<meta property=\"og:site_name\" content=\"Pressenza\" \/>\n<meta property=\"article:publisher\" content=\"https:\/\/www.facebook.com\/PressenzaItalia\" \/>\n<meta property=\"article:author\" content=\"https:\/\/www.facebook.com\/PressenzaItalia\" \/>\n<meta property=\"article:published_time\" content=\"2021-04-21T19:42:39+00:00\" \/>\n<meta property=\"article:modified_time\" content=\"2021-04-21T19:45:24+00:00\" \/>\n<meta property=\"og:image\" content=\"https:\/\/www.pressenza.com\/wp-content\/uploads\/2021\/04\/Speranza-e-disperazione.jpg\" \/>\n\t<meta property=\"og:image:width\" content=\"749\" \/>\n\t<meta property=\"og:image:height\" content=\"473\" \/>\n\t<meta property=\"og:image:type\" content=\"image\/jpeg\" \/>\n<meta name=\"author\" content=\"Redazione Italia\" \/>\n<meta name=\"twitter:card\" content=\"summary_large_image\" \/>\n<meta name=\"twitter:creator\" content=\"@pressenza_it\" \/>\n<meta name=\"twitter:site\" content=\"@PressenzaIPA\" \/>\n<meta name=\"twitter:label1\" content=\"Scritto da\" \/>\n\t<meta name=\"twitter:data1\" content=\"Redazione Italia\" \/>\n\t<meta name=\"twitter:label2\" content=\"Tempo di lettura stimato\" \/>\n\t<meta name=\"twitter:data2\" content=\"3 minuti\" \/>\n<script type=\"application\/ld+json\" class=\"yoast-schema-graph\">{\"@context\":\"https:\/\/schema.org\",\"@graph\":[{\"@type\":\"Article\",\"@id\":\"https:\/\/www.pressenza.com\/it\/2021\/04\/tutela-a-educazione-diritti-e-salute-a-roma-nasce-arcipelago-metropolitano\/#article\",\"isPartOf\":{\"@id\":\"https:\/\/www.pressenza.com\/it\/2021\/04\/tutela-a-educazione-diritti-e-salute-a-roma-nasce-arcipelago-metropolitano\/\"},\"author\":{\"name\":\"Redazione Italia\",\"@id\":\"https:\/\/www.pressenza.com\/it\/#\/schema\/person\/d983e81827ae24f2c7b1a2123d197f8d\"},\"headline\":\"Tutela a educazione, diritti e salute a Roma: nasce Arcipelago Metropolitano\",\"datePublished\":\"2021-04-21T19:42:39+00:00\",\"dateModified\":\"2021-04-21T19:45:24+00:00\",\"mainEntityOfPage\":{\"@id\":\"https:\/\/www.pressenza.com\/it\/2021\/04\/tutela-a-educazione-diritti-e-salute-a-roma-nasce-arcipelago-metropolitano\/\"},\"wordCount\":630,\"publisher\":{\"@id\":\"https:\/\/www.pressenza.com\/it\/#organization\"},\"image\":{\"@id\":\"https:\/\/www.pressenza.com\/it\/2021\/04\/tutela-a-educazione-diritti-e-salute-a-roma-nasce-arcipelago-metropolitano\/#primaryimage\"},\"thumbnailUrl\":\"https:\/\/www.pressenza.com\/wp-content\/uploads\/2021\/04\/Speranza-e-disperazione.jpg\",\"keywords\":[\"diritti\",\"educazione\",\"Roma\",\"salute\",\"tutela\"],\"articleSection\":[\"Comunicati Stampa\",\"Diritti Umani\",\"Europa\"],\"inLanguage\":\"it-IT\"},{\"@type\":\"WebPage\",\"@id\":\"https:\/\/www.pressenza.com\/it\/2021\/04\/tutela-a-educazione-diritti-e-salute-a-roma-nasce-arcipelago-metropolitano\/\",\"url\":\"https:\/\/www.pressenza.com\/it\/2021\/04\/tutela-a-educazione-diritti-e-salute-a-roma-nasce-arcipelago-metropolitano\/\",\"name\":\"Tutela a educazione, diritti e salute a Roma: nasce Arcipelago Metropolitano\",\"isPartOf\":{\"@id\":\"https:\/\/www.pressenza.com\/it\/#website\"},\"primaryImageOfPage\":{\"@id\":\"https:\/\/www.pressenza.com\/it\/2021\/04\/tutela-a-educazione-diritti-e-salute-a-roma-nasce-arcipelago-metropolitano\/#primaryimage\"},\"image\":{\"@id\":\"https:\/\/www.pressenza.com\/it\/2021\/04\/tutela-a-educazione-diritti-e-salute-a-roma-nasce-arcipelago-metropolitano\/#primaryimage\"},\"thumbnailUrl\":\"https:\/\/www.pressenza.com\/wp-content\/uploads\/2021\/04\/Speranza-e-disperazione.jpg\",\"datePublished\":\"2021-04-21T19:42:39+00:00\",\"dateModified\":\"2021-04-21T19:45:24+00:00\",\"description\":\"Nasce Arcipelago Metropolitano, 30 mesi di attivit\u00e0, 5 differenti interventi dal sostegno psicologico ai laboratori artistici, dagli sportelli legali ai burattini, dal teatro allo sport\",\"breadcrumb\":{\"@id\":\"https:\/\/www.pressenza.com\/it\/2021\/04\/tutela-a-educazione-diritti-e-salute-a-roma-nasce-arcipelago-metropolitano\/#breadcrumb\"},\"inLanguage\":\"it-IT\",\"potentialAction\":[{\"@type\":\"ReadAction\",\"target\":[\"https:\/\/www.pressenza.com\/it\/2021\/04\/tutela-a-educazione-diritti-e-salute-a-roma-nasce-arcipelago-metropolitano\/\"]}]},{\"@type\":\"ImageObject\",\"inLanguage\":\"it-IT\",\"@id\":\"https:\/\/www.pressenza.com\/it\/2021\/04\/tutela-a-educazione-diritti-e-salute-a-roma-nasce-arcipelago-metropolitano\/#primaryimage\",\"url\":\"https:\/\/www.pressenza.com\/wp-content\/uploads\/2021\/04\/Speranza-e-disperazione.jpg\",\"contentUrl\":\"https:\/\/www.pressenza.com\/wp-content\/uploads\/2021\/04\/Speranza-e-disperazione.jpg\",\"width\":749,\"height\":473},{\"@type\":\"BreadcrumbList\",\"@id\":\"https:\/\/www.pressenza.com\/it\/2021\/04\/tutela-a-educazione-diritti-e-salute-a-roma-nasce-arcipelago-metropolitano\/#breadcrumb\",\"itemListElement\":[{\"@type\":\"ListItem\",\"position\":1,\"name\":\"Accueil\",\"item\":\"https:\/\/www.pressenza.com\/it\/\"},{\"@type\":\"ListItem\",\"position\":2,\"name\":\"Tutela a educazione, diritti e salute a Roma: nasce Arcipelago Metropolitano\"}]},{\"@type\":\"WebSite\",\"@id\":\"https:\/\/www.pressenza.com\/it\/#website\",\"url\":\"https:\/\/www.pressenza.com\/it\/\",\"name\":\"Pressenza\",\"description\":\"Agenzia di Stampa Internazionale\",\"publisher\":{\"@id\":\"https:\/\/www.pressenza.com\/it\/#organization\"},\"potentialAction\":[{\"@type\":\"SearchAction\",\"target\":{\"@type\":\"EntryPoint\",\"urlTemplate\":\"https:\/\/www.pressenza.com\/it\/?s={search_term_string}\"},\"query-input\":{\"@type\":\"PropertyValueSpecification\",\"valueRequired\":true,\"valueName\":\"search_term_string\"}}],\"inLanguage\":\"it-IT\"},{\"@type\":\"Organization\",\"@id\":\"https:\/\/www.pressenza.com\/it\/#organization\",\"name\":\"Pressenza\",\"url\":\"https:\/\/www.pressenza.com\/it\/\",\"logo\":{\"@type\":\"ImageObject\",\"inLanguage\":\"it-IT\",\"@id\":\"https:\/\/www.pressenza.com\/it\/#\/schema\/logo\/image\/\",\"url\":\"https:\/\/www.pressenza.com\/wp-content\/uploads\/2022\/10\/pressenza_logo_200x200.jpg\",\"contentUrl\":\"https:\/\/www.pressenza.com\/wp-content\/uploads\/2022\/10\/pressenza_logo_200x200.jpg\",\"width\":200,\"height\":200,\"caption\":\"Pressenza\"},\"image\":{\"@id\":\"https:\/\/www.pressenza.com\/it\/#\/schema\/logo\/image\/\"},\"sameAs\":[\"https:\/\/www.facebook.com\/PressenzaItalia\",\"https:\/\/x.com\/PressenzaIPA\"]},{\"@type\":\"Person\",\"@id\":\"https:\/\/www.pressenza.com\/it\/#\/schema\/person\/d983e81827ae24f2c7b1a2123d197f8d\",\"name\":\"Redazione Italia\",\"description\":\"News from the Pressenza Bureau in Italy\",\"sameAs\":[\"https:\/\/www.pressenza.com\/it\/author\/redazione-italia\/\",\"https:\/\/www.facebook.com\/PressenzaItalia\",\"https:\/\/www.instagram.com\/pressenza_italia\/\",\"https:\/\/x.com\/pressenza_it\",\"https:\/\/www.youtube.com\/channel\/UCSalEIWjE1RSxkwjfftFuqg\"],\"url\":\"https:\/\/www.pressenza.com\/it\/author\/redazione-italia\/\"}]}<\/script>\n<!-- \/ Yoast SEO plugin. -->","yoast_head_json":{"title":"Tutela a educazione, diritti e salute a Roma: nasce Arcipelago Metropolitano","description":"Nasce Arcipelago Metropolitano, 30 mesi di attivit\u00e0, 5 differenti interventi dal sostegno psicologico ai laboratori artistici, dagli sportelli legali ai burattini, dal teatro allo sport","robots":{"index":"index","follow":"follow","max-snippet":"max-snippet:-1","max-image-preview":"max-image-preview:large","max-video-preview":"max-video-preview:-1"},"canonical":"https:\/\/www.pressenza.com\/it\/2021\/04\/tutela-a-educazione-diritti-e-salute-a-roma-nasce-arcipelago-metropolitano\/","og_locale":"it_IT","og_type":"article","og_title":"Tutela a educazione, diritti e salute a Roma: nasce Arcipelago Metropolitano","og_description":"Nasce Arcipelago Metropolitano, 30 mesi di attivit\u00e0, 5 differenti interventi dal sostegno psicologico ai laboratori artistici, dagli sportelli legali ai burattini, dal teatro allo sport","og_url":"https:\/\/www.pressenza.com\/it\/2021\/04\/tutela-a-educazione-diritti-e-salute-a-roma-nasce-arcipelago-metropolitano\/","og_site_name":"Pressenza","article_publisher":"https:\/\/www.facebook.com\/PressenzaItalia","article_author":"https:\/\/www.facebook.com\/PressenzaItalia","article_published_time":"2021-04-21T19:42:39+00:00","article_modified_time":"2021-04-21T19:45:24+00:00","og_image":[{"width":749,"height":473,"url":"https:\/\/www.pressenza.com\/wp-content\/uploads\/2021\/04\/Speranza-e-disperazione.jpg","type":"image\/jpeg"}],"author":"Redazione Italia","twitter_card":"summary_large_image","twitter_creator":"@pressenza_it","twitter_site":"@PressenzaIPA","twitter_misc":{"Scritto da":"Redazione Italia","Tempo di lettura stimato":"3 minuti"},"schema":{"@context":"https:\/\/schema.org","@graph":[{"@type":"Article","@id":"https:\/\/www.pressenza.com\/it\/2021\/04\/tutela-a-educazione-diritti-e-salute-a-roma-nasce-arcipelago-metropolitano\/#article","isPartOf":{"@id":"https:\/\/www.pressenza.com\/it\/2021\/04\/tutela-a-educazione-diritti-e-salute-a-roma-nasce-arcipelago-metropolitano\/"},"author":{"name":"Redazione Italia","@id":"https:\/\/www.pressenza.com\/it\/#\/schema\/person\/d983e81827ae24f2c7b1a2123d197f8d"},"headline":"Tutela a educazione, diritti e salute a Roma: nasce Arcipelago Metropolitano","datePublished":"2021-04-21T19:42:39+00:00","dateModified":"2021-04-21T19:45:24+00:00","mainEntityOfPage":{"@id":"https:\/\/www.pressenza.com\/it\/2021\/04\/tutela-a-educazione-diritti-e-salute-a-roma-nasce-arcipelago-metropolitano\/"},"wordCount":630,"publisher":{"@id":"https:\/\/www.pressenza.com\/it\/#organization"},"image":{"@id":"https:\/\/www.pressenza.com\/it\/2021\/04\/tutela-a-educazione-diritti-e-salute-a-roma-nasce-arcipelago-metropolitano\/#primaryimage"},"thumbnailUrl":"https:\/\/www.pressenza.com\/wp-content\/uploads\/2021\/04\/Speranza-e-disperazione.jpg","keywords":["diritti","educazione","Roma","salute","tutela"],"articleSection":["Comunicati Stampa","Diritti Umani","Europa"],"inLanguage":"it-IT"},{"@type":"WebPage","@id":"https:\/\/www.pressenza.com\/it\/2021\/04\/tutela-a-educazione-diritti-e-salute-a-roma-nasce-arcipelago-metropolitano\/","url":"https:\/\/www.pressenza.com\/it\/2021\/04\/tutela-a-educazione-diritti-e-salute-a-roma-nasce-arcipelago-metropolitano\/","name":"Tutela a educazione, diritti e salute a Roma: nasce Arcipelago Metropolitano","isPartOf":{"@id":"https:\/\/www.pressenza.com\/it\/#website"},"primaryImageOfPage":{"@id":"https:\/\/www.pressenza.com\/it\/2021\/04\/tutela-a-educazione-diritti-e-salute-a-roma-nasce-arcipelago-metropolitano\/#primaryimage"},"image":{"@id":"https:\/\/www.pressenza.com\/it\/2021\/04\/tutela-a-educazione-diritti-e-salute-a-roma-nasce-arcipelago-metropolitano\/#primaryimage"},"thumbnailUrl":"https:\/\/www.pressenza.com\/wp-content\/uploads\/2021\/04\/Speranza-e-disperazione.jpg","datePublished":"2021-04-21T19:42:39+00:00","dateModified":"2021-04-21T19:45:24+00:00","description":"Nasce Arcipelago Metropolitano, 30 mesi di attivit\u00e0, 5 differenti interventi dal sostegno psicologico ai laboratori artistici, dagli sportelli legali ai burattini, dal teatro allo sport","breadcrumb":{"@id":"https:\/\/www.pressenza.com\/it\/2021\/04\/tutela-a-educazione-diritti-e-salute-a-roma-nasce-arcipelago-metropolitano\/#breadcrumb"},"inLanguage":"it-IT","potentialAction":[{"@type":"ReadAction","target":["https:\/\/www.pressenza.com\/it\/2021\/04\/tutela-a-educazione-diritti-e-salute-a-roma-nasce-arcipelago-metropolitano\/"]}]},{"@type":"ImageObject","inLanguage":"it-IT","@id":"https:\/\/www.pressenza.com\/it\/2021\/04\/tutela-a-educazione-diritti-e-salute-a-roma-nasce-arcipelago-metropolitano\/#primaryimage","url":"https:\/\/www.pressenza.com\/wp-content\/uploads\/2021\/04\/Speranza-e-disperazione.jpg","contentUrl":"https:\/\/www.pressenza.com\/wp-content\/uploads\/2021\/04\/Speranza-e-disperazione.jpg","width":749,"height":473},{"@type":"BreadcrumbList","@id":"https:\/\/www.pressenza.com\/it\/2021\/04\/tutela-a-educazione-diritti-e-salute-a-roma-nasce-arcipelago-metropolitano\/#breadcrumb","itemListElement":[{"@type":"ListItem","position":1,"name":"Accueil","item":"https:\/\/www.pressenza.com\/it\/"},{"@type":"ListItem","position":2,"name":"Tutela a educazione, diritti e salute a Roma: nasce Arcipelago Metropolitano"}]},{"@type":"WebSite","@id":"https:\/\/www.pressenza.com\/it\/#website","url":"https:\/\/www.pressenza.com\/it\/","name":"Pressenza","description":"Agenzia di Stampa Internazionale","publisher":{"@id":"https:\/\/www.pressenza.com\/it\/#organization"},"potentialAction":[{"@type":"SearchAction","target":{"@type":"EntryPoint","urlTemplate":"https:\/\/www.pressenza.com\/it\/?s={search_term_string}"},"query-input":{"@type":"PropertyValueSpecification","valueRequired":true,"valueName":"search_term_string"}}],"inLanguage":"it-IT"},{"@type":"Organization","@id":"https:\/\/www.pressenza.com\/it\/#organization","name":"Pressenza","url":"https:\/\/www.pressenza.com\/it\/","logo":{"@type":"ImageObject","inLanguage":"it-IT","@id":"https:\/\/www.pressenza.com\/it\/#\/schema\/logo\/image\/","url":"https:\/\/www.pressenza.com\/wp-content\/uploads\/2022\/10\/pressenza_logo_200x200.jpg","contentUrl":"https:\/\/www.pressenza.com\/wp-content\/uploads\/2022\/10\/pressenza_logo_200x200.jpg","width":200,"height":200,"caption":"Pressenza"},"image":{"@id":"https:\/\/www.pressenza.com\/it\/#\/schema\/logo\/image\/"},"sameAs":["https:\/\/www.facebook.com\/PressenzaItalia","https:\/\/x.com\/PressenzaIPA"]},{"@type":"Person","@id":"https:\/\/www.pressenza.com\/it\/#\/schema\/person\/d983e81827ae24f2c7b1a2123d197f8d","name":"Redazione Italia","description":"News from the Pressenza Bureau in Italy","sameAs":["https:\/\/www.pressenza.com\/it\/author\/redazione-italia\/","https:\/\/www.facebook.com\/PressenzaItalia","https:\/\/www.instagram.com\/pressenza_italia\/","https:\/\/x.com\/pressenza_it","https:\/\/www.youtube.com\/channel\/UCSalEIWjE1RSxkwjfftFuqg"],"url":"https:\/\/www.pressenza.com\/it\/author\/redazione-italia\/"}]}},"place":"","original_article_url":"","_links":{"self":[{"href":"https:\/\/www.pressenza.com\/it\/wp-json\/wp\/v2\/posts\/1346053","targetHints":{"allow":["GET"]}}],"collection":[{"href":"https:\/\/www.pressenza.com\/it\/wp-json\/wp\/v2\/posts"}],"about":[{"href":"https:\/\/www.pressenza.com\/it\/wp-json\/wp\/v2\/types\/post"}],"author":[{"embeddable":true,"href":"https:\/\/www.pressenza.com\/it\/wp-json\/wp\/v2\/users\/594"}],"replies":[{"embeddable":true,"href":"https:\/\/www.pressenza.com\/it\/wp-json\/wp\/v2\/comments?post=1346053"}],"version-history":[{"count":0,"href":"https:\/\/www.pressenza.com\/it\/wp-json\/wp\/v2\/posts\/1346053\/revisions"}],"wp:featuredmedia":[{"embeddable":true,"href":"https:\/\/www.pressenza.com\/it\/wp-json\/wp\/v2\/media\/1346056"}],"wp:attachment":[{"href":"https:\/\/www.pressenza.com\/it\/wp-json\/wp\/v2\/media?parent=1346053"}],"wp:term":[{"taxonomy":"category","embeddable":true,"href":"https:\/\/www.pressenza.com\/it\/wp-json\/wp\/v2\/categories?post=1346053"},{"taxonomy":"post_tag","embeddable":true,"href":"https:\/\/www.pressenza.com\/it\/wp-json\/wp\/v2\/tags?post=1346053"}],"curies":[{"name":"wp","href":"https:\/\/api.w.org\/{rel}","templated":true}]}}