{"id":1341846,"date":"2021-04-15T19:15:06","date_gmt":"2021-04-15T18:15:06","guid":{"rendered":"https:\/\/www.pressenza.com\/?p=1341846"},"modified":"2021-04-15T19:17:15","modified_gmt":"2021-04-15T18:17:15","slug":"proteste-contro-lautoritarismo-del-governo-greco","status":"publish","type":"post","link":"https:\/\/www.pressenza.com\/it\/2021\/04\/proteste-contro-lautoritarismo-del-governo-greco\/","title":{"rendered":"Proteste contro l&#8217;autoritarismo del governo greco"},"content":{"rendered":"<p>Siamo immigrati greci. Siamo stati costretti a lasciare il nostro paese o non possiamo tornarci, a causa della crisi finanziaria che \u00e8 il risultato dell\u2019accordo tra Grecia e Unione Europea del 2015. Gli sviluppi politici in Grecia e l&#8217;intensificarsi dell&#8217;autoritarismo statale e poliziesco, la brutalit\u00e0 e l&#8217;oppressione ci riempiono di rabbia.<\/p>\n<p>La gestione del Covid-19 da parte dell&#8217;Unione Europea ha dimostrato il fallimento delle politiche neoliberiste attuate in tutta Europa. I profitti delle compagnie farmaceutiche hanno la priorit\u00e0 rispetto ai bisogni delle persone durante la pandemia. Questo comprende un&#8217;escalation dell&#8217;attacco a tutti i beni pubblici che erano stati conquistati dai movimenti sociali. L&#8217;Unione Europea ha scelto di finanziare incondizionatamente le imprese private per intraprendere programmi di ricerca sui vaccini con denaro pubblico, dimostrando che la crisi \u00e8 usata come un&#8217;opportunit\u00e0 di profitto. Usando la pandemia come scusa, i paesi di tutta Europa hanno intensificato l&#8217;autoritarismo e hanno messo a tacere e represso ogni voce progressista che si oppone a queste pratiche governative.<\/p>\n<p>In Grecia, la pandemia si scontra con un sistema sanitario nazionale indebolito e screditato, come risultato delle misure di austerit\u00e0 imposte. Il governo non \u00e8 disposto ad aumentarne la capacit\u00e0 assumendo pi\u00f9 operatori sanitari e fornendo ulteriori finanziamenti. Nonostante la morte di molti pazienti a causa del numero inadeguato di unit\u00e0 di terapia intensiva, le cliniche private non sono ancora state chiamate dal governo a contribuire.<\/p>\n<p>La risposta alla pandemia \u00e8 stata una serie di lockdown, mentre i lavoratori sono ammassati nei luoghi di lavoro e nei trasporti pubblici senza adeguate misure di protezione, una politica con un chiaro carattere discriminatorio.<\/p>\n<p>Un&#8217;altra risposta alla pandemia \u00e8 stata quella di aumentare la capacit\u00e0 della polizia assumendo pi\u00f9 agenti e modernizzando il loro equipaggiamento per reprimere le manifestazioni. Le forze di polizia hanno fatto un numero enorme di multe in modo discriminatorio e abusivo. L&#8217;importo delle multe \u00e8 equivalente al 60% del salario minimo. La polizia \u00e8 ormai presente in ogni quartiere, perseguita e picchia famiglie e bambini durante le loro passeggiate quotidiane nei parchi locali. I casi segnalati di brutalit\u00e0 della polizia stanno aumentando con episodi di sequestro di cittadini, torture, presa di mira di persone con certe ideologie politiche, pubblicazione dei loro dati personali, accuse infondate da parte dell&#8217;unit\u00e0 antiterrorismo e altro. Tutto ci\u00f2 avviene sotto la guida e con la protezione degli organi politici responsabili. Parallelamente, nuove unit\u00e0 di polizia vengono create non solo per controllare le manifestazioni, ma anche per reprimere il movimento studentesco. Il governo \u00e8 stato a un passo dall&#8217;omicidio vendicativo del prigioniero e scioperante della fame Dimitris Koufontinas, negando di riconoscere le sue richieste legittime.<\/p>\n<p>Approfittando della pandemia, in cui il diritto di protesta dei cittadini \u00e8 gi\u00e0 compromesso, \u00e8 stata votata una legge per limitarlo ulteriormente. \u00c8 stata approvata anche una legge sull&#8217;istruzione, che prevede l&#8217;istituzione di una polizia universitaria. Si stanno preparando altre leggi per sopprimere i diritti dei lavoratori.<\/p>\n<p>Fin dall&#8217;inizio, il governo ha investito nella sua immagine, incanalando enormi somme verso specifici mass media del sistema, ma anche verso i suoi alleati strategici come la Chiesa greca. Oltre alla costante propaganda a favore della politica del governo, i media hanno escluso le voci dissenzienti e nascosto ogni episodio di violenza della polizia, calunniando le vittime. Qualsiasi critica al governo viene espressa solo attraverso i social media. La censura e gli sforzi di silenziamento si sono per\u00f2 verificati anche l\u00ec. Il governo sceglie di ignorare le folle nelle strade dello shopping e nelle chiese, ma vieta ogni forma di raduno e protesta di massa, usando come scusa la prevenzione della diffusione del coronavirus. Ogni forma di mobilitazione viene repressa con la violenza aperta, la persecuzione dei militanti e il licenziamento dei sindacalisti. In questo contesto, il diritto alla libera espressione \u00e8 abolito nella pratica.<\/p>\n<p>Come immigrati non possiamo tollerare la politica del governo e dell&#8217;UE verso i migranti in Grecia. Le persone ammassate nelle tende, senza assistenza sanitaria e beni di prima necessit\u00e0, sono esposte a diverse malattie, tra cui il coronavirus. Se riescono a sopravvivere al viaggio verso la Grecia, si trovano in pericolo per gli attacchi delle autorit\u00e0 portuali che bucano i loro gommoni e dei fascisti che cercano di bruciarle vive. Sono vittime dello stato psicologico in cui si trovano che, insieme all\u2019impoverimento, porta in alcuni casi al suicidio. Ci rifiutiamo di abituarci alla barbarie.<\/p>\n<p>Sappiamo che tutta questa violenza e repressione \u00e8 l&#8217;unico modo per il governo di continuare le politiche del grande capitale e il suo piano neoliberista. Condanniamo qualsiasi forma di violenza di Stato. Condanniamo ogni politica che porta la gente alla povert\u00e0, mentre le \u00e9lite si arricchiscono anche durante la pandemia. Esprimiamo la nostra solidariet\u00e0 con le persone in lotta che cercano di sopravvivere e di resistere alle politiche del governo.<\/p>\n<p>Le grandi manifestazioni in Francia contro la &#8220;legge sulla sicurezza&#8221;, le proteste &#8220;Kill The Bill&#8221; nel Regno Unito, le manifestazioni di massa contro l&#8217;autoritarismo e la resistenza nelle universit\u00e0 greche contro la creazione di una forza di polizia universitaria mostrano la strada. La paura sta cambiando colore.<\/p>\n<p>Dichiariamo la nostra presenza, solidariet\u00e0 e sostegno a coloro che stanno ancora lottando duramente, in Grecia e in Europa. Il nostro obiettivo \u00e8 quello di coordinare e partecipare a un quadro pi\u00f9 ampio di azioni paneuropee e globali nella stessa direzione.<\/p>\n<p><strong>Stiamo organizzando due giorni di azioni paneuropee e globali il 17 e 18 aprile, alle 14 ora CET.<\/strong><\/p>\n<p>Condividi la MAPPA LIVE degli eventi qui: <a href=\"https:\/\/j.mp\/3a7G9Ke\">https:\/\/j.mp\/3a7G9Ke<\/a><\/p>\n<p><img loading=\"lazy\" decoding=\"async\" class=\"wp-image-1340441 size-large\" src=\"https:\/\/www.pressenza.com\/wp-content\/uploads\/2021\/04\/\u03b1\u03c6\u03af\u03c3\u03b1-\u03b4\u03b9\u03b7\u03bc\u03ad\u03c1\u03bf\u03c5-720x960.jpg\" alt=\"\" width=\"720\" height=\"960\" srcset=\"https:\/\/www.pressenza.com\/wp-content\/uploads\/2021\/04\/\u03b1\u03c6\u03af\u03c3\u03b1-\u03b4\u03b9\u03b7\u03bc\u03ad\u03c1\u03bf\u03c5-720x960.jpg 720w, https:\/\/www.pressenza.com\/wp-content\/uploads\/2021\/04\/\u03b1\u03c6\u03af\u03c3\u03b1-\u03b4\u03b9\u03b7\u03bc\u03ad\u03c1\u03bf\u03c5-225x300.jpg 225w, https:\/\/www.pressenza.com\/wp-content\/uploads\/2021\/04\/\u03b1\u03c6\u03af\u03c3\u03b1-\u03b4\u03b9\u03b7\u03bc\u03ad\u03c1\u03bf\u03c5-768x1024.jpg 768w, https:\/\/www.pressenza.com\/wp-content\/uploads\/2021\/04\/\u03b1\u03c6\u03af\u03c3\u03b1-\u03b4\u03b9\u03b7\u03bc\u03ad\u03c1\u03bf\u03c5-1152x1536.jpg 1152w, https:\/\/www.pressenza.com\/wp-content\/uploads\/2021\/04\/\u03b1\u03c6\u03af\u03c3\u03b1-\u03b4\u03b9\u03b7\u03bc\u03ad\u03c1\u03bf\u03c5.jpg 1500w\" sizes=\"auto, (max-width: 720px) 100vw, 720px\" \/><\/p>\n<p>Poster di Jo Di<\/p>\n<p>Traduzione dall\u2019inglese di Thomas Schmid. Revisione di Anna Polo<\/p>\n<p>&nbsp;<\/p>\n","protected":false},"excerpt":{"rendered":"<p>Siamo immigrati greci. Siamo stati costretti a lasciare il nostro paese o non possiamo tornarci, a causa della crisi finanziaria che \u00e8 il risultato dell\u2019accordo tra Grecia e Unione Europea del 2015. Gli sviluppi politici in Grecia e l&#8217;intensificarsi dell&#8217;autoritarismo&hellip;<\/p>\n","protected":false},"author":1220,"featured_media":1340451,"comment_status":"closed","ping_status":"closed","sticky":false,"template":"","format":"standard","meta":{"footnotes":""},"categories":[150,60,47,55],"tags":[23488,17111,1174,3502,3788],"class_list":["post-1341846","post","type-post","status-publish","format-standard","has-post-thumbnail","hentry","category-comunicati-stampa","category-diritti-umani","category-europa","category-politica","tag-autoritarismo","tag-brutalita-della-polizia","tag-grecia","tag-proteste","tag-unione-europea"],"yoast_head":"<!-- This site is optimized with the Yoast SEO plugin v27.1.1 - https:\/\/yoast.com\/product\/yoast-seo-wordpress\/ -->\n<title>Proteste contro l&#039;autoritarismo del governo greco<\/title>\n<meta name=\"description\" content=\"Siamo immigrati greci. Siamo stati costretti a lasciare il nostro paese o non possiamo tornarci, a causa della crisi finanziaria che \u00e8 il risultato\" \/>\n<meta name=\"robots\" content=\"index, follow, max-snippet:-1, max-image-preview:large, max-video-preview:-1\" \/>\n<link rel=\"canonical\" href=\"https:\/\/www.pressenza.com\/it\/2021\/04\/proteste-contro-lautoritarismo-del-governo-greco\/\" \/>\n<meta property=\"og:locale\" content=\"it_IT\" \/>\n<meta property=\"og:type\" content=\"article\" \/>\n<meta property=\"og:title\" content=\"Proteste contro l&#039;autoritarismo del governo greco\" \/>\n<meta property=\"og:description\" content=\"Siamo immigrati greci. Siamo stati costretti a lasciare il nostro paese o non possiamo tornarci, a causa della crisi finanziaria che \u00e8 il risultato\" \/>\n<meta property=\"og:url\" content=\"https:\/\/www.pressenza.com\/it\/2021\/04\/proteste-contro-lautoritarismo-del-governo-greco\/\" \/>\n<meta property=\"og:site_name\" content=\"Pressenza\" \/>\n<meta property=\"article:publisher\" content=\"https:\/\/www.facebook.com\/PressenzaItalia\" \/>\n<meta property=\"article:author\" content=\"https:\/\/www.facebook.com\/pressenzagr\/\" \/>\n<meta property=\"article:published_time\" content=\"2021-04-15T18:15:06+00:00\" \/>\n<meta property=\"article:modified_time\" content=\"2021-04-15T18:17:15+00:00\" \/>\n<meta property=\"og:image\" content=\"https:\/\/www.pressenza.com\/wp-content\/uploads\/2021\/04\/166583606_1451445291860024_5579077659240866610_n.jpg\" \/>\n\t<meta property=\"og:image:width\" content=\"720\" \/>\n\t<meta property=\"og:image:height\" content=\"480\" \/>\n\t<meta property=\"og:image:type\" content=\"image\/jpeg\" \/>\n<meta name=\"author\" content=\"Pressenza Athens\" \/>\n<meta name=\"twitter:card\" content=\"summary_large_image\" \/>\n<meta name=\"twitter:creator\" content=\"@Pressenza_ath\" \/>\n<meta name=\"twitter:site\" content=\"@PressenzaIPA\" \/>\n<meta name=\"twitter:label1\" content=\"Scritto da\" \/>\n\t<meta name=\"twitter:data1\" content=\"Pressenza Athens\" \/>\n\t<meta name=\"twitter:label2\" content=\"Tempo di lettura stimato\" \/>\n\t<meta name=\"twitter:data2\" content=\"5 minuti\" \/>\n<script type=\"application\/ld+json\" class=\"yoast-schema-graph\">{\"@context\":\"https:\/\/schema.org\",\"@graph\":[{\"@type\":\"Article\",\"@id\":\"https:\/\/www.pressenza.com\/it\/2021\/04\/proteste-contro-lautoritarismo-del-governo-greco\/#article\",\"isPartOf\":{\"@id\":\"https:\/\/www.pressenza.com\/it\/2021\/04\/proteste-contro-lautoritarismo-del-governo-greco\/\"},\"author\":{\"name\":\"Pressenza Athens\",\"@id\":\"https:\/\/www.pressenza.com\/it\/#\/schema\/person\/9eae8d7f0aad5ec6a7f6f21ec94480fb\"},\"headline\":\"Proteste contro l&#8217;autoritarismo del governo greco\",\"datePublished\":\"2021-04-15T18:15:06+00:00\",\"dateModified\":\"2021-04-15T18:17:15+00:00\",\"mainEntityOfPage\":{\"@id\":\"https:\/\/www.pressenza.com\/it\/2021\/04\/proteste-contro-lautoritarismo-del-governo-greco\/\"},\"wordCount\":931,\"publisher\":{\"@id\":\"https:\/\/www.pressenza.com\/it\/#organization\"},\"image\":{\"@id\":\"https:\/\/www.pressenza.com\/it\/2021\/04\/proteste-contro-lautoritarismo-del-governo-greco\/#primaryimage\"},\"thumbnailUrl\":\"https:\/\/www.pressenza.com\/wp-content\/uploads\/2021\/04\/166583606_1451445291860024_5579077659240866610_n.jpg\",\"keywords\":[\"autoritarismo\",\"brutalit\u00e0 della polizia\",\"Grecia\",\"proteste\",\"Unione Europea\"],\"articleSection\":[\"Comunicati Stampa\",\"Diritti Umani\",\"Europa\",\"Politica\"],\"inLanguage\":\"it-IT\"},{\"@type\":\"WebPage\",\"@id\":\"https:\/\/www.pressenza.com\/it\/2021\/04\/proteste-contro-lautoritarismo-del-governo-greco\/\",\"url\":\"https:\/\/www.pressenza.com\/it\/2021\/04\/proteste-contro-lautoritarismo-del-governo-greco\/\",\"name\":\"Proteste contro l'autoritarismo del governo greco\",\"isPartOf\":{\"@id\":\"https:\/\/www.pressenza.com\/it\/#website\"},\"primaryImageOfPage\":{\"@id\":\"https:\/\/www.pressenza.com\/it\/2021\/04\/proteste-contro-lautoritarismo-del-governo-greco\/#primaryimage\"},\"image\":{\"@id\":\"https:\/\/www.pressenza.com\/it\/2021\/04\/proteste-contro-lautoritarismo-del-governo-greco\/#primaryimage\"},\"thumbnailUrl\":\"https:\/\/www.pressenza.com\/wp-content\/uploads\/2021\/04\/166583606_1451445291860024_5579077659240866610_n.jpg\",\"datePublished\":\"2021-04-15T18:15:06+00:00\",\"dateModified\":\"2021-04-15T18:17:15+00:00\",\"description\":\"Siamo immigrati greci. Siamo stati costretti a lasciare il nostro paese o non possiamo tornarci, a causa della crisi finanziaria che \u00e8 il risultato\",\"breadcrumb\":{\"@id\":\"https:\/\/www.pressenza.com\/it\/2021\/04\/proteste-contro-lautoritarismo-del-governo-greco\/#breadcrumb\"},\"inLanguage\":\"it-IT\",\"potentialAction\":[{\"@type\":\"ReadAction\",\"target\":[\"https:\/\/www.pressenza.com\/it\/2021\/04\/proteste-contro-lautoritarismo-del-governo-greco\/\"]}]},{\"@type\":\"ImageObject\",\"inLanguage\":\"it-IT\",\"@id\":\"https:\/\/www.pressenza.com\/it\/2021\/04\/proteste-contro-lautoritarismo-del-governo-greco\/#primaryimage\",\"url\":\"https:\/\/www.pressenza.com\/wp-content\/uploads\/2021\/04\/166583606_1451445291860024_5579077659240866610_n.jpg\",\"contentUrl\":\"https:\/\/www.pressenza.com\/wp-content\/uploads\/2021\/04\/166583606_1451445291860024_5579077659240866610_n.jpg\",\"width\":720,\"height\":480,\"caption\":\"Initiatives contre l\u2019autoritarisme en Gr\u00e8ce \u2014 Brouillon\"},{\"@type\":\"BreadcrumbList\",\"@id\":\"https:\/\/www.pressenza.com\/it\/2021\/04\/proteste-contro-lautoritarismo-del-governo-greco\/#breadcrumb\",\"itemListElement\":[{\"@type\":\"ListItem\",\"position\":1,\"name\":\"Accueil\",\"item\":\"https:\/\/www.pressenza.com\/it\/\"},{\"@type\":\"ListItem\",\"position\":2,\"name\":\"Proteste contro l&#8217;autoritarismo del governo greco\"}]},{\"@type\":\"WebSite\",\"@id\":\"https:\/\/www.pressenza.com\/it\/#website\",\"url\":\"https:\/\/www.pressenza.com\/it\/\",\"name\":\"Pressenza\",\"description\":\"Agenzia di Stampa Internazionale\",\"publisher\":{\"@id\":\"https:\/\/www.pressenza.com\/it\/#organization\"},\"potentialAction\":[{\"@type\":\"SearchAction\",\"target\":{\"@type\":\"EntryPoint\",\"urlTemplate\":\"https:\/\/www.pressenza.com\/it\/?s={search_term_string}\"},\"query-input\":{\"@type\":\"PropertyValueSpecification\",\"valueRequired\":true,\"valueName\":\"search_term_string\"}}],\"inLanguage\":\"it-IT\"},{\"@type\":\"Organization\",\"@id\":\"https:\/\/www.pressenza.com\/it\/#organization\",\"name\":\"Pressenza\",\"url\":\"https:\/\/www.pressenza.com\/it\/\",\"logo\":{\"@type\":\"ImageObject\",\"inLanguage\":\"it-IT\",\"@id\":\"https:\/\/www.pressenza.com\/it\/#\/schema\/logo\/image\/\",\"url\":\"https:\/\/www.pressenza.com\/wp-content\/uploads\/2022\/10\/pressenza_logo_200x200.jpg\",\"contentUrl\":\"https:\/\/www.pressenza.com\/wp-content\/uploads\/2022\/10\/pressenza_logo_200x200.jpg\",\"width\":200,\"height\":200,\"caption\":\"Pressenza\"},\"image\":{\"@id\":\"https:\/\/www.pressenza.com\/it\/#\/schema\/logo\/image\/\"},\"sameAs\":[\"https:\/\/www.facebook.com\/PressenzaItalia\",\"https:\/\/x.com\/PressenzaIPA\"]},{\"@type\":\"Person\",\"@id\":\"https:\/\/www.pressenza.com\/it\/#\/schema\/person\/9eae8d7f0aad5ec6a7f6f21ec94480fb\",\"name\":\"Pressenza Athens\",\"description\":\"News from the Pressenza Bureau in Athens, Greece\",\"sameAs\":[\"https:\/\/www.facebook.com\/pressenzagr\/\",\"https:\/\/x.com\/Pressenza_ath\"],\"url\":\"https:\/\/www.pressenza.com\/it\/author\/pressenza-athens\/\"}]}<\/script>\n<!-- \/ Yoast SEO plugin. -->","yoast_head_json":{"title":"Proteste contro l'autoritarismo del governo greco","description":"Siamo immigrati greci. Siamo stati costretti a lasciare il nostro paese o non possiamo tornarci, a causa della crisi finanziaria che \u00e8 il risultato","robots":{"index":"index","follow":"follow","max-snippet":"max-snippet:-1","max-image-preview":"max-image-preview:large","max-video-preview":"max-video-preview:-1"},"canonical":"https:\/\/www.pressenza.com\/it\/2021\/04\/proteste-contro-lautoritarismo-del-governo-greco\/","og_locale":"it_IT","og_type":"article","og_title":"Proteste contro l'autoritarismo del governo greco","og_description":"Siamo immigrati greci. Siamo stati costretti a lasciare il nostro paese o non possiamo tornarci, a causa della crisi finanziaria che \u00e8 il risultato","og_url":"https:\/\/www.pressenza.com\/it\/2021\/04\/proteste-contro-lautoritarismo-del-governo-greco\/","og_site_name":"Pressenza","article_publisher":"https:\/\/www.facebook.com\/PressenzaItalia","article_author":"https:\/\/www.facebook.com\/pressenzagr\/","article_published_time":"2021-04-15T18:15:06+00:00","article_modified_time":"2021-04-15T18:17:15+00:00","og_image":[{"width":720,"height":480,"url":"https:\/\/www.pressenza.com\/wp-content\/uploads\/2021\/04\/166583606_1451445291860024_5579077659240866610_n.jpg","type":"image\/jpeg"}],"author":"Pressenza Athens","twitter_card":"summary_large_image","twitter_creator":"@Pressenza_ath","twitter_site":"@PressenzaIPA","twitter_misc":{"Scritto da":"Pressenza Athens","Tempo di lettura stimato":"5 minuti"},"schema":{"@context":"https:\/\/schema.org","@graph":[{"@type":"Article","@id":"https:\/\/www.pressenza.com\/it\/2021\/04\/proteste-contro-lautoritarismo-del-governo-greco\/#article","isPartOf":{"@id":"https:\/\/www.pressenza.com\/it\/2021\/04\/proteste-contro-lautoritarismo-del-governo-greco\/"},"author":{"name":"Pressenza Athens","@id":"https:\/\/www.pressenza.com\/it\/#\/schema\/person\/9eae8d7f0aad5ec6a7f6f21ec94480fb"},"headline":"Proteste contro l&#8217;autoritarismo del governo greco","datePublished":"2021-04-15T18:15:06+00:00","dateModified":"2021-04-15T18:17:15+00:00","mainEntityOfPage":{"@id":"https:\/\/www.pressenza.com\/it\/2021\/04\/proteste-contro-lautoritarismo-del-governo-greco\/"},"wordCount":931,"publisher":{"@id":"https:\/\/www.pressenza.com\/it\/#organization"},"image":{"@id":"https:\/\/www.pressenza.com\/it\/2021\/04\/proteste-contro-lautoritarismo-del-governo-greco\/#primaryimage"},"thumbnailUrl":"https:\/\/www.pressenza.com\/wp-content\/uploads\/2021\/04\/166583606_1451445291860024_5579077659240866610_n.jpg","keywords":["autoritarismo","brutalit\u00e0 della polizia","Grecia","proteste","Unione Europea"],"articleSection":["Comunicati Stampa","Diritti Umani","Europa","Politica"],"inLanguage":"it-IT"},{"@type":"WebPage","@id":"https:\/\/www.pressenza.com\/it\/2021\/04\/proteste-contro-lautoritarismo-del-governo-greco\/","url":"https:\/\/www.pressenza.com\/it\/2021\/04\/proteste-contro-lautoritarismo-del-governo-greco\/","name":"Proteste contro l'autoritarismo del governo greco","isPartOf":{"@id":"https:\/\/www.pressenza.com\/it\/#website"},"primaryImageOfPage":{"@id":"https:\/\/www.pressenza.com\/it\/2021\/04\/proteste-contro-lautoritarismo-del-governo-greco\/#primaryimage"},"image":{"@id":"https:\/\/www.pressenza.com\/it\/2021\/04\/proteste-contro-lautoritarismo-del-governo-greco\/#primaryimage"},"thumbnailUrl":"https:\/\/www.pressenza.com\/wp-content\/uploads\/2021\/04\/166583606_1451445291860024_5579077659240866610_n.jpg","datePublished":"2021-04-15T18:15:06+00:00","dateModified":"2021-04-15T18:17:15+00:00","description":"Siamo immigrati greci. Siamo stati costretti a lasciare il nostro paese o non possiamo tornarci, a causa della crisi finanziaria che \u00e8 il risultato","breadcrumb":{"@id":"https:\/\/www.pressenza.com\/it\/2021\/04\/proteste-contro-lautoritarismo-del-governo-greco\/#breadcrumb"},"inLanguage":"it-IT","potentialAction":[{"@type":"ReadAction","target":["https:\/\/www.pressenza.com\/it\/2021\/04\/proteste-contro-lautoritarismo-del-governo-greco\/"]}]},{"@type":"ImageObject","inLanguage":"it-IT","@id":"https:\/\/www.pressenza.com\/it\/2021\/04\/proteste-contro-lautoritarismo-del-governo-greco\/#primaryimage","url":"https:\/\/www.pressenza.com\/wp-content\/uploads\/2021\/04\/166583606_1451445291860024_5579077659240866610_n.jpg","contentUrl":"https:\/\/www.pressenza.com\/wp-content\/uploads\/2021\/04\/166583606_1451445291860024_5579077659240866610_n.jpg","width":720,"height":480,"caption":"Initiatives contre l\u2019autoritarisme en Gr\u00e8ce \u2014 Brouillon"},{"@type":"BreadcrumbList","@id":"https:\/\/www.pressenza.com\/it\/2021\/04\/proteste-contro-lautoritarismo-del-governo-greco\/#breadcrumb","itemListElement":[{"@type":"ListItem","position":1,"name":"Accueil","item":"https:\/\/www.pressenza.com\/it\/"},{"@type":"ListItem","position":2,"name":"Proteste contro l&#8217;autoritarismo del governo greco"}]},{"@type":"WebSite","@id":"https:\/\/www.pressenza.com\/it\/#website","url":"https:\/\/www.pressenza.com\/it\/","name":"Pressenza","description":"Agenzia di Stampa Internazionale","publisher":{"@id":"https:\/\/www.pressenza.com\/it\/#organization"},"potentialAction":[{"@type":"SearchAction","target":{"@type":"EntryPoint","urlTemplate":"https:\/\/www.pressenza.com\/it\/?s={search_term_string}"},"query-input":{"@type":"PropertyValueSpecification","valueRequired":true,"valueName":"search_term_string"}}],"inLanguage":"it-IT"},{"@type":"Organization","@id":"https:\/\/www.pressenza.com\/it\/#organization","name":"Pressenza","url":"https:\/\/www.pressenza.com\/it\/","logo":{"@type":"ImageObject","inLanguage":"it-IT","@id":"https:\/\/www.pressenza.com\/it\/#\/schema\/logo\/image\/","url":"https:\/\/www.pressenza.com\/wp-content\/uploads\/2022\/10\/pressenza_logo_200x200.jpg","contentUrl":"https:\/\/www.pressenza.com\/wp-content\/uploads\/2022\/10\/pressenza_logo_200x200.jpg","width":200,"height":200,"caption":"Pressenza"},"image":{"@id":"https:\/\/www.pressenza.com\/it\/#\/schema\/logo\/image\/"},"sameAs":["https:\/\/www.facebook.com\/PressenzaItalia","https:\/\/x.com\/PressenzaIPA"]},{"@type":"Person","@id":"https:\/\/www.pressenza.com\/it\/#\/schema\/person\/9eae8d7f0aad5ec6a7f6f21ec94480fb","name":"Pressenza Athens","description":"News from the Pressenza Bureau in Athens, Greece","sameAs":["https:\/\/www.facebook.com\/pressenzagr\/","https:\/\/x.com\/Pressenza_ath"],"url":"https:\/\/www.pressenza.com\/it\/author\/pressenza-athens\/"}]}},"place":"","original_article_url":"","_links":{"self":[{"href":"https:\/\/www.pressenza.com\/it\/wp-json\/wp\/v2\/posts\/1341846","targetHints":{"allow":["GET"]}}],"collection":[{"href":"https:\/\/www.pressenza.com\/it\/wp-json\/wp\/v2\/posts"}],"about":[{"href":"https:\/\/www.pressenza.com\/it\/wp-json\/wp\/v2\/types\/post"}],"author":[{"embeddable":true,"href":"https:\/\/www.pressenza.com\/it\/wp-json\/wp\/v2\/users\/1220"}],"replies":[{"embeddable":true,"href":"https:\/\/www.pressenza.com\/it\/wp-json\/wp\/v2\/comments?post=1341846"}],"version-history":[{"count":0,"href":"https:\/\/www.pressenza.com\/it\/wp-json\/wp\/v2\/posts\/1341846\/revisions"}],"wp:featuredmedia":[{"embeddable":true,"href":"https:\/\/www.pressenza.com\/it\/wp-json\/wp\/v2\/media\/1340451"}],"wp:attachment":[{"href":"https:\/\/www.pressenza.com\/it\/wp-json\/wp\/v2\/media?parent=1341846"}],"wp:term":[{"taxonomy":"category","embeddable":true,"href":"https:\/\/www.pressenza.com\/it\/wp-json\/wp\/v2\/categories?post=1341846"},{"taxonomy":"post_tag","embeddable":true,"href":"https:\/\/www.pressenza.com\/it\/wp-json\/wp\/v2\/tags?post=1341846"}],"curies":[{"name":"wp","href":"https:\/\/api.w.org\/{rel}","templated":true}]}}