{"id":1339452,"date":"2021-04-11T22:28:42","date_gmt":"2021-04-11T21:28:42","guid":{"rendered":"https:\/\/www.pressenza.com\/?p=1339452"},"modified":"2021-04-11T22:31:22","modified_gmt":"2021-04-11T21:31:22","slug":"il-foglio-rosa","status":"publish","type":"post","link":"https:\/\/www.pressenza.com\/it\/2021\/04\/il-foglio-rosa\/","title":{"rendered":"Il foglio rosa"},"content":{"rendered":"<p>In questi giorni in cui si torna a parlare di flussi migratori come elemento divisivo e mai costruttivo, mi \u00e8 arrivata la notizia che un giovane caro amico ivoriano \u00e8 riuscito a ottenere il foglio rosa.<\/p>\n<p>Vi chiederete qual \u00e8 il nesso tra le due cose. Ve lo chiedete perch\u00e9 non sapete cosa c\u2019\u00e8 dietro quel pezzo di carta che gli consente di poter guidare un\u2019auto nel paese straniero che lo ha dovuto accogliere 4 anni e mezzo fa. Dico \u201clo ha dovuto\u201d perch\u00e9 questo ragazzo \u00e8 arrivato con un gommone dalla Libia nell\u2019ottobre del 2016.<\/p>\n<p>\u00c8 approdato a Catania scendendo da una nave umanitaria con solo quattro stracci addosso. Questo ragazzo \u00e8 diventato maggiorenne nel nostro paese, ma era gi\u00e0 uomo. Perch\u00e9 si cresce in fretta quando si affronta il viaggio dalla Costa d\u2019Avorio passando dal Niger,\u00a0attraversando il deserto dove vedi morire i tuoi amici di stenti e di sete anche se gli hai regalato l\u2019ultimo sorso della tua acqua.\u00a0 E non va tanto meglio quando arrivi in Libia, paese sul quale ormai \u00e8 stato detto fin troppo riguardo le terribili condizioni di vita dei migranti.<\/p>\n<p>Infine il mare su un gommone in pi\u00f9 di cento. In quel periodo nel Mediterraneo Centrale operavano (ancora per poco) unit\u00e0 militari nella ricerca e soccorso di natanti alla deriva. Una di queste aveva intercettato quel gommone e soccorso le persone che poi erano state trasbordate sulla nave Ong dove stavo realizzando un reportage. E dove ho incontrato lui.<\/p>\n<p>Come tutti gli altri, anche quel ragazzo ivoriano era stanco, disidratato, spaventato, smarrito. Perch\u00e9, come mi ha detto in seguito, in Europa non ci voleva venire, su quel gommone non ci voleva proprio salire. Perch\u00e9 voleva solo andare a cercare fortuna\u00a0in Nordafrica, un po\u2019 come facevano i nostri bisnonni meridionali che si spostavano verso nord.\u00a0 Per una serie di imprevisti e vicissitudini, dopo aver vissuto qualche tempo lavorando come un mulo senza prendere un soldo,\u00a0su\u00a0quel gommone\u00a0ce lo avevano messo con la forza.<\/p>\n<p>Sono passati quattro anni e mezzo dal suo approdo a Catania. Anni in cui siamo rimasti sempre in contatto e in cui ho seguito il percorso tortuoso e a tratti doloroso di questo ragazzo che &#8211; a differenza di altri &#8211; ha incontrato sulla sua strada anche\u00a0tanta gente per bene che in Italia pensa al bene comune e non guarda solo il proprio orto.<\/p>\n<p>E cos\u00ec grazie a una rete di associazioni che fanno \u201cbuona accoglienza\u201d il mio amico ivoriano ha studiato, lavorato, faticato, superato lo sconforto dei primi dinieghi delle commissioni territoriali e lo schiaffo dei \u201cdecreti sicurezza\u201d che gli avevano tolto\u00a0anche la residenza rendendolo, per qualche mese, un invisibile.<\/p>\n<p>In questi quattro anni e mezzo ha dimostrato di essere forte e onesto. Ha studiato, lavorato, alzandosi all\u2019alba, inforcando la bicicletta, pedalando in mezzo alla neve pur di raggiungere la scuola e poi la fabbrica dove ha lavorato anche nei mesi della pandemia.<\/p>\n<p>Lo ha fatto per essere autonomo, per non pesare su nessuno. E per essere ancora pi\u00f9 indipendente ha voluto prendere la patente.<\/p>\n<p>Quando l\u2019altro giorno mi ha comunicato che aveva ottenuto il foglio rosa ero orgogliosa, felice per lui e per me. Perch\u00e9 \u00e8 l\u2019esempio vivente di chi arriva da un altro paese, ma non da un altro mondo. Perch\u00e9 \u00e8 l\u2019esempio vivente del riscatto, della resilienza, dell\u2019immigrato che, pur non arrivando per vie legali, \u00e8 un valore aggiunto per chi lo ha saputo\u00a0accogliere.<\/p>\n<p>L\u2019esempio vivente della vittoria delle politiche di integrazione e del fallimento di quelle del respingimento e della costruzione di muri che fanno solo male non solo alla societ\u00e0, ma anche alla buona politica che giorno dopo giorno si perde nella continua costruzione di questi muri che non fermeranno mai i flussi, ma creeranno solo conflitti e disuguaglianze.<\/p>\n<p>&nbsp;<\/p>\n","protected":false},"excerpt":{"rendered":"<p>In questi giorni in cui si torna a parlare di flussi migratori come elemento divisivo e mai costruttivo, mi \u00e8 arrivata la notizia che un giovane caro amico ivoriano \u00e8 riuscito a ottenere il foglio rosa. Vi chiederete qual \u00e8&hellip;<\/p>\n","protected":false},"author":1999,"featured_media":1339453,"comment_status":"closed","ping_status":"closed","sticky":false,"template":"","format":"standard","meta":{"footnotes":""},"categories":[45,11388,47,46975,54572],"tags":[7571,36973,8157,16570,6906],"class_list":["post-1339452","post","type-post","status-publish","format-standard","has-post-thumbnail","hentry","category-africa-it","category-contenuti-originali","category-europa","category-giovani","category-migranti","tag-accoglienza","tag-catania","tag-costa-davorio","tag-flussi-migratori","tag-integrazione"],"yoast_head":"<!-- This site is optimized with the Yoast SEO plugin v27.1.1 - https:\/\/yoast.com\/product\/yoast-seo-wordpress\/ -->\n<title>Il foglio rosa<\/title>\n<meta name=\"description\" content=\"In questi giorni in cui si torna a parlare di flussi migratori come elemento divisivo e mai costruttivo, mi \u00e8 arrivata la notizia che un giovane caro\" \/>\n<meta name=\"robots\" content=\"index, follow, max-snippet:-1, max-image-preview:large, max-video-preview:-1\" \/>\n<link rel=\"canonical\" href=\"https:\/\/www.pressenza.com\/it\/2021\/04\/il-foglio-rosa\/\" \/>\n<meta property=\"og:locale\" content=\"it_IT\" \/>\n<meta property=\"og:type\" content=\"article\" \/>\n<meta property=\"og:title\" content=\"Il foglio rosa\" \/>\n<meta property=\"og:description\" content=\"In questi giorni in cui si torna a parlare di flussi migratori come elemento divisivo e mai costruttivo, mi \u00e8 arrivata la notizia che un giovane caro\" \/>\n<meta property=\"og:url\" content=\"https:\/\/www.pressenza.com\/it\/2021\/04\/il-foglio-rosa\/\" \/>\n<meta property=\"og:site_name\" content=\"Pressenza\" \/>\n<meta property=\"article:publisher\" content=\"https:\/\/www.facebook.com\/PressenzaItalia\" \/>\n<meta property=\"article:published_time\" content=\"2021-04-11T21:28:42+00:00\" \/>\n<meta property=\"article:modified_time\" content=\"2021-04-11T21:31:22+00:00\" \/>\n<meta property=\"og:image\" content=\"https:\/\/www.pressenza.com\/wp-content\/uploads\/2021\/04\/ragazzo-ivoriano-rit.jpg\" \/>\n\t<meta property=\"og:image:width\" content=\"519\" \/>\n\t<meta property=\"og:image:height\" content=\"536\" \/>\n\t<meta property=\"og:image:type\" content=\"image\/jpeg\" \/>\n<meta name=\"author\" content=\"Angela Caponnetto\" \/>\n<meta name=\"twitter:card\" content=\"summary_large_image\" \/>\n<meta name=\"twitter:creator\" content=\"@PressenzaIPA\" \/>\n<meta name=\"twitter:site\" content=\"@PressenzaIPA\" \/>\n<meta name=\"twitter:label1\" content=\"Scritto da\" \/>\n\t<meta name=\"twitter:data1\" content=\"Angela Caponnetto\" \/>\n\t<meta name=\"twitter:label2\" content=\"Tempo di lettura stimato\" \/>\n\t<meta name=\"twitter:data2\" content=\"3 minuti\" \/>\n<script type=\"application\/ld+json\" class=\"yoast-schema-graph\">{\"@context\":\"https:\/\/schema.org\",\"@graph\":[{\"@type\":\"Article\",\"@id\":\"https:\/\/www.pressenza.com\/it\/2021\/04\/il-foglio-rosa\/#article\",\"isPartOf\":{\"@id\":\"https:\/\/www.pressenza.com\/it\/2021\/04\/il-foglio-rosa\/\"},\"author\":{\"name\":\"Angela Caponnetto\",\"@id\":\"https:\/\/www.pressenza.com\/it\/#\/schema\/person\/32bb0ecfdc1d27404a38c762326ef8b7\"},\"headline\":\"Il foglio rosa\",\"datePublished\":\"2021-04-11T21:28:42+00:00\",\"dateModified\":\"2021-04-11T21:31:22+00:00\",\"mainEntityOfPage\":{\"@id\":\"https:\/\/www.pressenza.com\/it\/2021\/04\/il-foglio-rosa\/\"},\"wordCount\":633,\"publisher\":{\"@id\":\"https:\/\/www.pressenza.com\/it\/#organization\"},\"image\":{\"@id\":\"https:\/\/www.pressenza.com\/it\/2021\/04\/il-foglio-rosa\/#primaryimage\"},\"thumbnailUrl\":\"https:\/\/www.pressenza.com\/wp-content\/uploads\/2021\/04\/ragazzo-ivoriano-rit.jpg\",\"keywords\":[\"accoglienza\",\"Catania\",\"Costa d'Avorio\",\"flussi migratori\",\"integrazione\"],\"articleSection\":[\"Africa\",\"contenuti originali\",\"Europa\",\"Giovani\",\"Migranti\"],\"inLanguage\":\"it-IT\"},{\"@type\":\"WebPage\",\"@id\":\"https:\/\/www.pressenza.com\/it\/2021\/04\/il-foglio-rosa\/\",\"url\":\"https:\/\/www.pressenza.com\/it\/2021\/04\/il-foglio-rosa\/\",\"name\":\"Il foglio rosa\",\"isPartOf\":{\"@id\":\"https:\/\/www.pressenza.com\/it\/#website\"},\"primaryImageOfPage\":{\"@id\":\"https:\/\/www.pressenza.com\/it\/2021\/04\/il-foglio-rosa\/#primaryimage\"},\"image\":{\"@id\":\"https:\/\/www.pressenza.com\/it\/2021\/04\/il-foglio-rosa\/#primaryimage\"},\"thumbnailUrl\":\"https:\/\/www.pressenza.com\/wp-content\/uploads\/2021\/04\/ragazzo-ivoriano-rit.jpg\",\"datePublished\":\"2021-04-11T21:28:42+00:00\",\"dateModified\":\"2021-04-11T21:31:22+00:00\",\"description\":\"In questi giorni in cui si torna a parlare di flussi migratori come elemento divisivo e mai costruttivo, mi \u00e8 arrivata la notizia che un giovane caro\",\"breadcrumb\":{\"@id\":\"https:\/\/www.pressenza.com\/it\/2021\/04\/il-foglio-rosa\/#breadcrumb\"},\"inLanguage\":\"it-IT\",\"potentialAction\":[{\"@type\":\"ReadAction\",\"target\":[\"https:\/\/www.pressenza.com\/it\/2021\/04\/il-foglio-rosa\/\"]}]},{\"@type\":\"ImageObject\",\"inLanguage\":\"it-IT\",\"@id\":\"https:\/\/www.pressenza.com\/it\/2021\/04\/il-foglio-rosa\/#primaryimage\",\"url\":\"https:\/\/www.pressenza.com\/wp-content\/uploads\/2021\/04\/ragazzo-ivoriano-rit.jpg\",\"contentUrl\":\"https:\/\/www.pressenza.com\/wp-content\/uploads\/2021\/04\/ragazzo-ivoriano-rit.jpg\",\"width\":519,\"height\":536},{\"@type\":\"BreadcrumbList\",\"@id\":\"https:\/\/www.pressenza.com\/it\/2021\/04\/il-foglio-rosa\/#breadcrumb\",\"itemListElement\":[{\"@type\":\"ListItem\",\"position\":1,\"name\":\"Accueil\",\"item\":\"https:\/\/www.pressenza.com\/it\/\"},{\"@type\":\"ListItem\",\"position\":2,\"name\":\"Il foglio rosa\"}]},{\"@type\":\"WebSite\",\"@id\":\"https:\/\/www.pressenza.com\/it\/#website\",\"url\":\"https:\/\/www.pressenza.com\/it\/\",\"name\":\"Pressenza\",\"description\":\"Agenzia di Stampa Internazionale\",\"publisher\":{\"@id\":\"https:\/\/www.pressenza.com\/it\/#organization\"},\"potentialAction\":[{\"@type\":\"SearchAction\",\"target\":{\"@type\":\"EntryPoint\",\"urlTemplate\":\"https:\/\/www.pressenza.com\/it\/?s={search_term_string}\"},\"query-input\":{\"@type\":\"PropertyValueSpecification\",\"valueRequired\":true,\"valueName\":\"search_term_string\"}}],\"inLanguage\":\"it-IT\"},{\"@type\":\"Organization\",\"@id\":\"https:\/\/www.pressenza.com\/it\/#organization\",\"name\":\"Pressenza\",\"url\":\"https:\/\/www.pressenza.com\/it\/\",\"logo\":{\"@type\":\"ImageObject\",\"inLanguage\":\"it-IT\",\"@id\":\"https:\/\/www.pressenza.com\/it\/#\/schema\/logo\/image\/\",\"url\":\"https:\/\/www.pressenza.com\/wp-content\/uploads\/2022\/10\/pressenza_logo_200x200.jpg\",\"contentUrl\":\"https:\/\/www.pressenza.com\/wp-content\/uploads\/2022\/10\/pressenza_logo_200x200.jpg\",\"width\":200,\"height\":200,\"caption\":\"Pressenza\"},\"image\":{\"@id\":\"https:\/\/www.pressenza.com\/it\/#\/schema\/logo\/image\/\"},\"sameAs\":[\"https:\/\/www.facebook.com\/PressenzaItalia\",\"https:\/\/x.com\/PressenzaIPA\"]},{\"@type\":\"Person\",\"@id\":\"https:\/\/www.pressenza.com\/it\/#\/schema\/person\/32bb0ecfdc1d27404a38c762326ef8b7\",\"name\":\"Angela Caponnetto\",\"description\":\"Angela Caponnetto \u00e8 un\u2019inviata di Rai News24, che da anni \u00e8 in prima linea nel raccontare il fenomeno delle migrazioni. Ha partecipato a varie missioni delle navi che salvano i migranti nel Mediterraneo e di recente ha scritto il libro \u201cAttraverso i tuoi occhi. Cronache dalle migrazioni\u201d (Piemme edizioni). Ha inoltre seguito molte inchieste su temi scottanti \u2013 sulla mafia, sul Mose a Venezia, sulla vicenda della Concordia e sul Monte dei Paschi di Siena.\",\"url\":\"https:\/\/www.pressenza.com\/it\/author\/angela-caponnetto\/\"}]}<\/script>\n<!-- \/ Yoast SEO plugin. -->","yoast_head_json":{"title":"Il foglio rosa","description":"In questi giorni in cui si torna a parlare di flussi migratori come elemento divisivo e mai costruttivo, mi \u00e8 arrivata la notizia che un giovane caro","robots":{"index":"index","follow":"follow","max-snippet":"max-snippet:-1","max-image-preview":"max-image-preview:large","max-video-preview":"max-video-preview:-1"},"canonical":"https:\/\/www.pressenza.com\/it\/2021\/04\/il-foglio-rosa\/","og_locale":"it_IT","og_type":"article","og_title":"Il foglio rosa","og_description":"In questi giorni in cui si torna a parlare di flussi migratori come elemento divisivo e mai costruttivo, mi \u00e8 arrivata la notizia che un giovane caro","og_url":"https:\/\/www.pressenza.com\/it\/2021\/04\/il-foglio-rosa\/","og_site_name":"Pressenza","article_publisher":"https:\/\/www.facebook.com\/PressenzaItalia","article_published_time":"2021-04-11T21:28:42+00:00","article_modified_time":"2021-04-11T21:31:22+00:00","og_image":[{"width":519,"height":536,"url":"https:\/\/www.pressenza.com\/wp-content\/uploads\/2021\/04\/ragazzo-ivoriano-rit.jpg","type":"image\/jpeg"}],"author":"Angela Caponnetto","twitter_card":"summary_large_image","twitter_creator":"@PressenzaIPA","twitter_site":"@PressenzaIPA","twitter_misc":{"Scritto da":"Angela Caponnetto","Tempo di lettura stimato":"3 minuti"},"schema":{"@context":"https:\/\/schema.org","@graph":[{"@type":"Article","@id":"https:\/\/www.pressenza.com\/it\/2021\/04\/il-foglio-rosa\/#article","isPartOf":{"@id":"https:\/\/www.pressenza.com\/it\/2021\/04\/il-foglio-rosa\/"},"author":{"name":"Angela Caponnetto","@id":"https:\/\/www.pressenza.com\/it\/#\/schema\/person\/32bb0ecfdc1d27404a38c762326ef8b7"},"headline":"Il foglio rosa","datePublished":"2021-04-11T21:28:42+00:00","dateModified":"2021-04-11T21:31:22+00:00","mainEntityOfPage":{"@id":"https:\/\/www.pressenza.com\/it\/2021\/04\/il-foglio-rosa\/"},"wordCount":633,"publisher":{"@id":"https:\/\/www.pressenza.com\/it\/#organization"},"image":{"@id":"https:\/\/www.pressenza.com\/it\/2021\/04\/il-foglio-rosa\/#primaryimage"},"thumbnailUrl":"https:\/\/www.pressenza.com\/wp-content\/uploads\/2021\/04\/ragazzo-ivoriano-rit.jpg","keywords":["accoglienza","Catania","Costa d'Avorio","flussi migratori","integrazione"],"articleSection":["Africa","contenuti originali","Europa","Giovani","Migranti"],"inLanguage":"it-IT"},{"@type":"WebPage","@id":"https:\/\/www.pressenza.com\/it\/2021\/04\/il-foglio-rosa\/","url":"https:\/\/www.pressenza.com\/it\/2021\/04\/il-foglio-rosa\/","name":"Il foglio rosa","isPartOf":{"@id":"https:\/\/www.pressenza.com\/it\/#website"},"primaryImageOfPage":{"@id":"https:\/\/www.pressenza.com\/it\/2021\/04\/il-foglio-rosa\/#primaryimage"},"image":{"@id":"https:\/\/www.pressenza.com\/it\/2021\/04\/il-foglio-rosa\/#primaryimage"},"thumbnailUrl":"https:\/\/www.pressenza.com\/wp-content\/uploads\/2021\/04\/ragazzo-ivoriano-rit.jpg","datePublished":"2021-04-11T21:28:42+00:00","dateModified":"2021-04-11T21:31:22+00:00","description":"In questi giorni in cui si torna a parlare di flussi migratori come elemento divisivo e mai costruttivo, mi \u00e8 arrivata la notizia che un giovane caro","breadcrumb":{"@id":"https:\/\/www.pressenza.com\/it\/2021\/04\/il-foglio-rosa\/#breadcrumb"},"inLanguage":"it-IT","potentialAction":[{"@type":"ReadAction","target":["https:\/\/www.pressenza.com\/it\/2021\/04\/il-foglio-rosa\/"]}]},{"@type":"ImageObject","inLanguage":"it-IT","@id":"https:\/\/www.pressenza.com\/it\/2021\/04\/il-foglio-rosa\/#primaryimage","url":"https:\/\/www.pressenza.com\/wp-content\/uploads\/2021\/04\/ragazzo-ivoriano-rit.jpg","contentUrl":"https:\/\/www.pressenza.com\/wp-content\/uploads\/2021\/04\/ragazzo-ivoriano-rit.jpg","width":519,"height":536},{"@type":"BreadcrumbList","@id":"https:\/\/www.pressenza.com\/it\/2021\/04\/il-foglio-rosa\/#breadcrumb","itemListElement":[{"@type":"ListItem","position":1,"name":"Accueil","item":"https:\/\/www.pressenza.com\/it\/"},{"@type":"ListItem","position":2,"name":"Il foglio rosa"}]},{"@type":"WebSite","@id":"https:\/\/www.pressenza.com\/it\/#website","url":"https:\/\/www.pressenza.com\/it\/","name":"Pressenza","description":"Agenzia di Stampa Internazionale","publisher":{"@id":"https:\/\/www.pressenza.com\/it\/#organization"},"potentialAction":[{"@type":"SearchAction","target":{"@type":"EntryPoint","urlTemplate":"https:\/\/www.pressenza.com\/it\/?s={search_term_string}"},"query-input":{"@type":"PropertyValueSpecification","valueRequired":true,"valueName":"search_term_string"}}],"inLanguage":"it-IT"},{"@type":"Organization","@id":"https:\/\/www.pressenza.com\/it\/#organization","name":"Pressenza","url":"https:\/\/www.pressenza.com\/it\/","logo":{"@type":"ImageObject","inLanguage":"it-IT","@id":"https:\/\/www.pressenza.com\/it\/#\/schema\/logo\/image\/","url":"https:\/\/www.pressenza.com\/wp-content\/uploads\/2022\/10\/pressenza_logo_200x200.jpg","contentUrl":"https:\/\/www.pressenza.com\/wp-content\/uploads\/2022\/10\/pressenza_logo_200x200.jpg","width":200,"height":200,"caption":"Pressenza"},"image":{"@id":"https:\/\/www.pressenza.com\/it\/#\/schema\/logo\/image\/"},"sameAs":["https:\/\/www.facebook.com\/PressenzaItalia","https:\/\/x.com\/PressenzaIPA"]},{"@type":"Person","@id":"https:\/\/www.pressenza.com\/it\/#\/schema\/person\/32bb0ecfdc1d27404a38c762326ef8b7","name":"Angela Caponnetto","description":"Angela Caponnetto \u00e8 un\u2019inviata di Rai News24, che da anni \u00e8 in prima linea nel raccontare il fenomeno delle migrazioni. Ha partecipato a varie missioni delle navi che salvano i migranti nel Mediterraneo e di recente ha scritto il libro \u201cAttraverso i tuoi occhi. Cronache dalle migrazioni\u201d (Piemme edizioni). Ha inoltre seguito molte inchieste su temi scottanti \u2013 sulla mafia, sul Mose a Venezia, sulla vicenda della Concordia e sul Monte dei Paschi di Siena.","url":"https:\/\/www.pressenza.com\/it\/author\/angela-caponnetto\/"}]}},"place":"","original_article_url":"","_links":{"self":[{"href":"https:\/\/www.pressenza.com\/it\/wp-json\/wp\/v2\/posts\/1339452","targetHints":{"allow":["GET"]}}],"collection":[{"href":"https:\/\/www.pressenza.com\/it\/wp-json\/wp\/v2\/posts"}],"about":[{"href":"https:\/\/www.pressenza.com\/it\/wp-json\/wp\/v2\/types\/post"}],"author":[{"embeddable":true,"href":"https:\/\/www.pressenza.com\/it\/wp-json\/wp\/v2\/users\/1999"}],"replies":[{"embeddable":true,"href":"https:\/\/www.pressenza.com\/it\/wp-json\/wp\/v2\/comments?post=1339452"}],"version-history":[{"count":0,"href":"https:\/\/www.pressenza.com\/it\/wp-json\/wp\/v2\/posts\/1339452\/revisions"}],"wp:featuredmedia":[{"embeddable":true,"href":"https:\/\/www.pressenza.com\/it\/wp-json\/wp\/v2\/media\/1339453"}],"wp:attachment":[{"href":"https:\/\/www.pressenza.com\/it\/wp-json\/wp\/v2\/media?parent=1339452"}],"wp:term":[{"taxonomy":"category","embeddable":true,"href":"https:\/\/www.pressenza.com\/it\/wp-json\/wp\/v2\/categories?post=1339452"},{"taxonomy":"post_tag","embeddable":true,"href":"https:\/\/www.pressenza.com\/it\/wp-json\/wp\/v2\/tags?post=1339452"}],"curies":[{"name":"wp","href":"https:\/\/api.w.org\/{rel}","templated":true}]}}