{"id":1339114,"date":"2021-04-11T16:39:42","date_gmt":"2021-04-11T15:39:42","guid":{"rendered":"https:\/\/www.pressenza.com\/?p=1339114"},"modified":"2021-04-11T16:44:50","modified_gmt":"2021-04-11T15:44:50","slug":"parte-racla-riciclo-artigianale-creativo-locale-e-autogestito-tra-arte-economia-circolare-e-solidarieta","status":"publish","type":"post","link":"https:\/\/www.pressenza.com\/it\/2021\/04\/parte-racla-riciclo-artigianale-creativo-locale-e-autogestito-tra-arte-economia-circolare-e-solidarieta\/","title":{"rendered":"Parte \u201cRACLA \u2013 Riciclo Artigianale Creativo Locale e Autogestito\u201d tra arte, economia circolare e solidariet\u00e0"},"content":{"rendered":"<p>Il progetto \u201c<b>RACLA \u2013 Riciclo Artigianale Creativo Locale e Autogestito<\/b>\u201d nasce per potenziare la rete dei laboratori autogestiti romani, promuovere l\u2019incontro creativo all\u2019interno dello spazio urbano, l\u2019autoproduzione e il riciclo creativo, attraverso iniziative pubbliche e gratuite intorno alla pratica della serigrafia.<\/p>\n<p>Ideato e pianificato dal gruppo informale di giovani nel contesto di \u201cLab!Puzzle \u2013 Bene Comune\u201d, spazio sociale e fondamentale punto di riferimento nel III Municipio di Roma, RACLA si struttura in una <b>serie di incontri<\/b>, nel corso di un anno, in cui fare esperienza comune della tecnica serigrafica nelle sue diverse applicazioni pratiche, coinvolgendo le realt\u00e0 di autoproduzione <b>DIY (Do It Yourself) e serigrafia <\/b>gi\u00e0 attive da anni sul territorio romano. Perno, intorno a cui ruoter\u00e0 il lavoro del gruppo informale, sar\u00e0 il laboratorio serigrafico attivo in via Monte Meta e immaginato come uno spazio a gestione condivisa che metta a disposizione di tutte e tutti, a libero uso, la strumentazione essenziale per la stampa serigrafica, nella prospettiva di diventare un punto di incontro multiculturale, di integrazione e partecipazione, di apprendimento di conoscenze tecniche e superamento degli ostacoli di socializzazione mediante la pratica creativa.<\/p>\n<p>Sin dalla sua costituzione, la realt\u00e0 di <b>Lab!Puzzle \u2013 Bene Comune<\/b> ha saputo intercettare le esigenze via via mutevoli del territorio grazie a un instancabile lavoro di confronto e co-progettazione di attivit\u00e0 gratuite per l\u2019utenza e autofinanziate da proponenti e formatori: una scuola di italiano (facente parte della \u201cRete Scuole Migranti\u201d), lo Sportello Socio-Legale \u201cTuteliamoci\u201d, il Coworking \u201cPop-Up\u201d, un\u2019aula studio e mediateca, una scuola di fumetto, un co-housing, una scuola popolare e l\u2019Atelier Popolare delle Arti, nel cui contesto prender\u00e0 vita anche il laboratorio di serigrafia RACLA.<\/p>\n<p>A prendere parte attiva alle iniziative di RACLA si aggiunge anche il Repair Cafe\u0301 \u2013 officina di reciproco supporto tra le persone nelle riparazioni elettroniche e confronto sul riciclo creativo e su conoscenze tecniche \u2013 per unlaboratorio su ecologia, sostenibilit\u00e0 e lotta al consumo, un\u00a0 incontro intergenerazionale tra retaggi apparentemente diversi ma alla ricerca di traguardi comuni. Sempre nel solco di una denuncia della sovrapproduzione dettata dalla cultura del consumo e della passivit\u00e0\u0300 prodotta dall\u2019obsolescenza programmata, la collaborazione con l\u2019emporio di vestiario solidale \u201cDar Bazaar\u201d e\u0300 pensata in modo da rendere comunicanti i due rispettivi bacini di utenza.<\/p>\n<p>RACLA sar\u00e0 presentato per la prima voltadomenica 11 aprile 2021 dal vivo e in streaming a partire dalle ore 21:00 nel corso dell&#8217;evento pubblico \u201c<strong><a href=\"https:\/\/www.facebook.com\/events\/2955786868002473\/\" data-saferedirecturl=\"https:\/\/www.google.com\/url?q=https:\/\/www.facebook.com\/events\/2955786868002473\/&amp;source=gmail&amp;ust=1618240072043000&amp;usg=AFQjCNG_GZk3UCnlgJV-xv1C7ne98KMazA\">Prologhi, sinergie e mappature<\/a><\/strong>\u201d. Sar\u00e0 anche l\u2019occasione per lanciare la mappa dei laboratori autogestiti D I Y (Do It Yourself) di Roma nata dalla collaborazione con il progetto di cartografia critica e collaborativa \u201c<a href=\"https:\/\/www.reter.info\/?fbclid=IwAR0ydfI99ApvQipr3weKx1U_6XN1DGO8C3wnDvXoZf8BjcbH81rCKfxXGZY\" data-saferedirecturl=\"https:\/\/www.google.com\/url?q=https:\/\/www.reter.info\/?fbclid%3DIwAR0ydfI99ApvQipr3weKx1U_6XN1DGO8C3wnDvXoZf8BjcbH81rCKfxXGZY&amp;source=gmail&amp;ust=1618240072043000&amp;usg=AFQjCNE2YWzoJuz91WZkSvyj3ldgOntcZQ\">ReTer<\/a>\u201d: una mappa interattiva dove poter segnalare la propria attivit\u00e0, scoprire quelle gi\u00e0 esistenti, creare sinergie inedite.<\/p>\n<p>RACLA nasce su iniziativa del gruppo informale di giovani &#8211; entit\u00e0 operativa riconosciuta a livello europeo e anche sul piano regionale per quanto riguarda il Lazio per la gestione di iniziative progettuali autonome &#8211; operativo nel contesto dell\u2019Atelier Popolare delle Arti di \u201cLab!Puzzle\u201d. La proposta \u00e8 presentata collettivamente lo scorso 1\u00b0 ottobre 2020 in occasione dell\u2019ultima scadenza del programma di politiche giovanili e volontariato \u201cCorpo Europeo di Solidariet\u00e0\u201d nell\u2019ambito dell\u2019azione dedicata ai \u201cProgetti di Solidariet\u00e0 Locale\u201d ed \u00e8 stata valutata positivamente in occasione della successiva selezione pubblica. Il progetto (n. 2020-3-IT03-ESC31-020513) avr\u00e0 dunque la durata di un anno e sar\u00e0 strutturato su criteri di \u201cstagionalit\u00e0\u201d, prediligendo incontri all\u2019aperto e garantendo il rispetto delle misure di prevenzione anti Covid-19.<\/p>\n<p>Per tutte le informazioni e gli aggiornamenti sul progetto \u00e8 possibile scrivere all\u2019indirizzo:<\/p>\n<p><a href=\"mailto:ESC.puzzle@gmail.com\">ESC.puzzle@gmail.com<\/a><\/p>\n<p>e seguire l\u2019evento di presentazione dal seguente link:<\/p>\n<p><a href=\"https:\/\/www.facebook.com\/events\/2955786868002473\/\" data-saferedirecturl=\"https:\/\/www.google.com\/url?q=https:\/\/www.facebook.com\/events\/2955786868002473\/&amp;source=gmail&amp;ust=1618240072043000&amp;usg=AFQjCNG_GZk3UCnlgJV-xv1C7ne98KMazA\">https:\/\/www.facebook.com\/events\/2955786868002473\/<\/a><\/p>\n","protected":false},"excerpt":{"rendered":"<p>Il progetto \u201cRACLA \u2013 Riciclo Artigianale Creativo Locale e Autogestito\u201d nasce per potenziare la rete dei laboratori autogestiti romani, promuovere l\u2019incontro creativo all\u2019interno dello spazio urbano, l\u2019autoproduzione e il riciclo creativo, attraverso iniziative pubbliche e gratuite intorno alla pratica della&hellip;<\/p>\n","protected":false},"author":1721,"featured_media":1339116,"comment_status":"closed","ping_status":"closed","sticky":false,"template":"","format":"standard","meta":{"footnotes":""},"categories":[150,59,62],"tags":[24740,26031,3873],"class_list":["post-1339114","post","type-post","status-publish","format-standard","has-post-thumbnail","hentry","category-comunicati-stampa","category-ambiente-ecologia","category-economia","tag-economia-circolare","tag-riciclo","tag-roma"],"yoast_head":"<!-- This site is optimized with the Yoast SEO plugin v27.1.1 - https:\/\/yoast.com\/product\/yoast-seo-wordpress\/ -->\n<title>Parte \u201cRACLA \u2013 Riciclo Artigianale Creativo Locale e Autogestito\u201d tra arte, economia circolare e solidariet\u00e0<\/title>\n<meta name=\"description\" content=\"Il progetto \u201cRACLA \u2013 Riciclo Artigianale Creativo Locale e Autogestito\u201d nasce per potenziare la rete dei laboratori autogestiti romani, promuovere\" \/>\n<meta name=\"robots\" content=\"index, follow, max-snippet:-1, max-image-preview:large, max-video-preview:-1\" \/>\n<link rel=\"canonical\" href=\"https:\/\/www.pressenza.com\/it\/2021\/04\/parte-racla-riciclo-artigianale-creativo-locale-e-autogestito-tra-arte-economia-circolare-e-solidarieta\/\" \/>\n<meta property=\"og:locale\" content=\"it_IT\" \/>\n<meta property=\"og:type\" content=\"article\" \/>\n<meta property=\"og:title\" content=\"Parte \u201cRACLA \u2013 Riciclo Artigianale Creativo Locale e Autogestito\u201d tra arte, economia circolare e solidariet\u00e0\" \/>\n<meta property=\"og:description\" content=\"Il progetto \u201cRACLA \u2013 Riciclo Artigianale Creativo Locale e Autogestito\u201d nasce per potenziare la rete dei laboratori autogestiti romani, promuovere\" \/>\n<meta property=\"og:url\" content=\"https:\/\/www.pressenza.com\/it\/2021\/04\/parte-racla-riciclo-artigianale-creativo-locale-e-autogestito-tra-arte-economia-circolare-e-solidarieta\/\" \/>\n<meta property=\"og:site_name\" content=\"Pressenza\" \/>\n<meta property=\"article:publisher\" content=\"https:\/\/www.facebook.com\/PressenzaItalia\" \/>\n<meta property=\"article:published_time\" content=\"2021-04-11T15:39:42+00:00\" \/>\n<meta property=\"article:modified_time\" content=\"2021-04-11T15:44:50+00:00\" \/>\n<meta property=\"og:image\" content=\"https:\/\/www.pressenza.com\/wp-content\/uploads\/2021\/04\/RACLA.jpg\" \/>\n\t<meta property=\"og:image:width\" content=\"1280\" \/>\n\t<meta property=\"og:image:height\" content=\"486\" \/>\n\t<meta property=\"og:image:type\" content=\"image\/jpeg\" \/>\n<meta name=\"author\" content=\"Redazione Roma\" \/>\n<meta name=\"twitter:card\" content=\"summary_large_image\" \/>\n<meta name=\"twitter:creator\" content=\"@PressenzaIPA\" \/>\n<meta name=\"twitter:site\" content=\"@PressenzaIPA\" \/>\n<meta name=\"twitter:label1\" content=\"Scritto da\" \/>\n\t<meta name=\"twitter:data1\" content=\"Redazione Roma\" \/>\n\t<meta name=\"twitter:label2\" content=\"Tempo di lettura stimato\" \/>\n\t<meta name=\"twitter:data2\" content=\"3 minuti\" \/>\n<script type=\"application\/ld+json\" class=\"yoast-schema-graph\">{\"@context\":\"https:\/\/schema.org\",\"@graph\":[{\"@type\":\"Article\",\"@id\":\"https:\/\/www.pressenza.com\/it\/2021\/04\/parte-racla-riciclo-artigianale-creativo-locale-e-autogestito-tra-arte-economia-circolare-e-solidarieta\/#article\",\"isPartOf\":{\"@id\":\"https:\/\/www.pressenza.com\/it\/2021\/04\/parte-racla-riciclo-artigianale-creativo-locale-e-autogestito-tra-arte-economia-circolare-e-solidarieta\/\"},\"author\":{\"name\":\"Redazione Roma\",\"@id\":\"https:\/\/www.pressenza.com\/it\/#\/schema\/person\/81d9a9d9c8aeb2bd63972258ed525d7e\"},\"headline\":\"Parte \u201cRACLA \u2013 Riciclo Artigianale Creativo Locale e Autogestito\u201d tra arte, economia circolare e solidariet\u00e0\",\"datePublished\":\"2021-04-11T15:39:42+00:00\",\"dateModified\":\"2021-04-11T15:44:50+00:00\",\"mainEntityOfPage\":{\"@id\":\"https:\/\/www.pressenza.com\/it\/2021\/04\/parte-racla-riciclo-artigianale-creativo-locale-e-autogestito-tra-arte-economia-circolare-e-solidarieta\/\"},\"wordCount\":616,\"publisher\":{\"@id\":\"https:\/\/www.pressenza.com\/it\/#organization\"},\"image\":{\"@id\":\"https:\/\/www.pressenza.com\/it\/2021\/04\/parte-racla-riciclo-artigianale-creativo-locale-e-autogestito-tra-arte-economia-circolare-e-solidarieta\/#primaryimage\"},\"thumbnailUrl\":\"https:\/\/www.pressenza.com\/wp-content\/uploads\/2021\/04\/RACLA.jpg\",\"keywords\":[\"economia circolare\",\"riciclo\",\"Roma\"],\"articleSection\":[\"Comunicati Stampa\",\"Ecologia ed Ambiente\",\"Economia\"],\"inLanguage\":\"it-IT\"},{\"@type\":\"WebPage\",\"@id\":\"https:\/\/www.pressenza.com\/it\/2021\/04\/parte-racla-riciclo-artigianale-creativo-locale-e-autogestito-tra-arte-economia-circolare-e-solidarieta\/\",\"url\":\"https:\/\/www.pressenza.com\/it\/2021\/04\/parte-racla-riciclo-artigianale-creativo-locale-e-autogestito-tra-arte-economia-circolare-e-solidarieta\/\",\"name\":\"Parte \u201cRACLA \u2013 Riciclo Artigianale Creativo Locale e Autogestito\u201d tra arte, economia circolare e solidariet\u00e0\",\"isPartOf\":{\"@id\":\"https:\/\/www.pressenza.com\/it\/#website\"},\"primaryImageOfPage\":{\"@id\":\"https:\/\/www.pressenza.com\/it\/2021\/04\/parte-racla-riciclo-artigianale-creativo-locale-e-autogestito-tra-arte-economia-circolare-e-solidarieta\/#primaryimage\"},\"image\":{\"@id\":\"https:\/\/www.pressenza.com\/it\/2021\/04\/parte-racla-riciclo-artigianale-creativo-locale-e-autogestito-tra-arte-economia-circolare-e-solidarieta\/#primaryimage\"},\"thumbnailUrl\":\"https:\/\/www.pressenza.com\/wp-content\/uploads\/2021\/04\/RACLA.jpg\",\"datePublished\":\"2021-04-11T15:39:42+00:00\",\"dateModified\":\"2021-04-11T15:44:50+00:00\",\"description\":\"Il progetto \u201cRACLA \u2013 Riciclo Artigianale Creativo Locale e Autogestito\u201d nasce per potenziare la rete dei laboratori autogestiti romani, promuovere\",\"breadcrumb\":{\"@id\":\"https:\/\/www.pressenza.com\/it\/2021\/04\/parte-racla-riciclo-artigianale-creativo-locale-e-autogestito-tra-arte-economia-circolare-e-solidarieta\/#breadcrumb\"},\"inLanguage\":\"it-IT\",\"potentialAction\":[{\"@type\":\"ReadAction\",\"target\":[\"https:\/\/www.pressenza.com\/it\/2021\/04\/parte-racla-riciclo-artigianale-creativo-locale-e-autogestito-tra-arte-economia-circolare-e-solidarieta\/\"]}]},{\"@type\":\"ImageObject\",\"inLanguage\":\"it-IT\",\"@id\":\"https:\/\/www.pressenza.com\/it\/2021\/04\/parte-racla-riciclo-artigianale-creativo-locale-e-autogestito-tra-arte-economia-circolare-e-solidarieta\/#primaryimage\",\"url\":\"https:\/\/www.pressenza.com\/wp-content\/uploads\/2021\/04\/RACLA.jpg\",\"contentUrl\":\"https:\/\/www.pressenza.com\/wp-content\/uploads\/2021\/04\/RACLA.jpg\",\"width\":1280,\"height\":486},{\"@type\":\"BreadcrumbList\",\"@id\":\"https:\/\/www.pressenza.com\/it\/2021\/04\/parte-racla-riciclo-artigianale-creativo-locale-e-autogestito-tra-arte-economia-circolare-e-solidarieta\/#breadcrumb\",\"itemListElement\":[{\"@type\":\"ListItem\",\"position\":1,\"name\":\"Accueil\",\"item\":\"https:\/\/www.pressenza.com\/it\/\"},{\"@type\":\"ListItem\",\"position\":2,\"name\":\"Parte \u201cRACLA \u2013 Riciclo Artigianale Creativo Locale e Autogestito\u201d tra arte, economia circolare e solidariet\u00e0\"}]},{\"@type\":\"WebSite\",\"@id\":\"https:\/\/www.pressenza.com\/it\/#website\",\"url\":\"https:\/\/www.pressenza.com\/it\/\",\"name\":\"Pressenza\",\"description\":\"Agenzia di Stampa Internazionale\",\"publisher\":{\"@id\":\"https:\/\/www.pressenza.com\/it\/#organization\"},\"potentialAction\":[{\"@type\":\"SearchAction\",\"target\":{\"@type\":\"EntryPoint\",\"urlTemplate\":\"https:\/\/www.pressenza.com\/it\/?s={search_term_string}\"},\"query-input\":{\"@type\":\"PropertyValueSpecification\",\"valueRequired\":true,\"valueName\":\"search_term_string\"}}],\"inLanguage\":\"it-IT\"},{\"@type\":\"Organization\",\"@id\":\"https:\/\/www.pressenza.com\/it\/#organization\",\"name\":\"Pressenza\",\"url\":\"https:\/\/www.pressenza.com\/it\/\",\"logo\":{\"@type\":\"ImageObject\",\"inLanguage\":\"it-IT\",\"@id\":\"https:\/\/www.pressenza.com\/it\/#\/schema\/logo\/image\/\",\"url\":\"https:\/\/www.pressenza.com\/wp-content\/uploads\/2022\/10\/pressenza_logo_200x200.jpg\",\"contentUrl\":\"https:\/\/www.pressenza.com\/wp-content\/uploads\/2022\/10\/pressenza_logo_200x200.jpg\",\"width\":200,\"height\":200,\"caption\":\"Pressenza\"},\"image\":{\"@id\":\"https:\/\/www.pressenza.com\/it\/#\/schema\/logo\/image\/\"},\"sameAs\":[\"https:\/\/www.facebook.com\/PressenzaItalia\",\"https:\/\/x.com\/PressenzaIPA\"]},{\"@type\":\"Person\",\"@id\":\"https:\/\/www.pressenza.com\/it\/#\/schema\/person\/81d9a9d9c8aeb2bd63972258ed525d7e\",\"name\":\"Redazione Roma\",\"description\":\"News from the Pressenza Bureau in Rome, Italy\",\"url\":\"https:\/\/www.pressenza.com\/it\/author\/redazione-roma\/\"}]}<\/script>\n<!-- \/ Yoast SEO plugin. -->","yoast_head_json":{"title":"Parte \u201cRACLA \u2013 Riciclo Artigianale Creativo Locale e Autogestito\u201d tra arte, economia circolare e solidariet\u00e0","description":"Il progetto \u201cRACLA \u2013 Riciclo Artigianale Creativo Locale e Autogestito\u201d nasce per potenziare la rete dei laboratori autogestiti romani, promuovere","robots":{"index":"index","follow":"follow","max-snippet":"max-snippet:-1","max-image-preview":"max-image-preview:large","max-video-preview":"max-video-preview:-1"},"canonical":"https:\/\/www.pressenza.com\/it\/2021\/04\/parte-racla-riciclo-artigianale-creativo-locale-e-autogestito-tra-arte-economia-circolare-e-solidarieta\/","og_locale":"it_IT","og_type":"article","og_title":"Parte \u201cRACLA \u2013 Riciclo Artigianale Creativo Locale e Autogestito\u201d tra arte, economia circolare e solidariet\u00e0","og_description":"Il progetto \u201cRACLA \u2013 Riciclo Artigianale Creativo Locale e Autogestito\u201d nasce per potenziare la rete dei laboratori autogestiti romani, promuovere","og_url":"https:\/\/www.pressenza.com\/it\/2021\/04\/parte-racla-riciclo-artigianale-creativo-locale-e-autogestito-tra-arte-economia-circolare-e-solidarieta\/","og_site_name":"Pressenza","article_publisher":"https:\/\/www.facebook.com\/PressenzaItalia","article_published_time":"2021-04-11T15:39:42+00:00","article_modified_time":"2021-04-11T15:44:50+00:00","og_image":[{"width":1280,"height":486,"url":"https:\/\/www.pressenza.com\/wp-content\/uploads\/2021\/04\/RACLA.jpg","type":"image\/jpeg"}],"author":"Redazione Roma","twitter_card":"summary_large_image","twitter_creator":"@PressenzaIPA","twitter_site":"@PressenzaIPA","twitter_misc":{"Scritto da":"Redazione Roma","Tempo di lettura stimato":"3 minuti"},"schema":{"@context":"https:\/\/schema.org","@graph":[{"@type":"Article","@id":"https:\/\/www.pressenza.com\/it\/2021\/04\/parte-racla-riciclo-artigianale-creativo-locale-e-autogestito-tra-arte-economia-circolare-e-solidarieta\/#article","isPartOf":{"@id":"https:\/\/www.pressenza.com\/it\/2021\/04\/parte-racla-riciclo-artigianale-creativo-locale-e-autogestito-tra-arte-economia-circolare-e-solidarieta\/"},"author":{"name":"Redazione Roma","@id":"https:\/\/www.pressenza.com\/it\/#\/schema\/person\/81d9a9d9c8aeb2bd63972258ed525d7e"},"headline":"Parte \u201cRACLA \u2013 Riciclo Artigianale Creativo Locale e Autogestito\u201d tra arte, economia circolare e solidariet\u00e0","datePublished":"2021-04-11T15:39:42+00:00","dateModified":"2021-04-11T15:44:50+00:00","mainEntityOfPage":{"@id":"https:\/\/www.pressenza.com\/it\/2021\/04\/parte-racla-riciclo-artigianale-creativo-locale-e-autogestito-tra-arte-economia-circolare-e-solidarieta\/"},"wordCount":616,"publisher":{"@id":"https:\/\/www.pressenza.com\/it\/#organization"},"image":{"@id":"https:\/\/www.pressenza.com\/it\/2021\/04\/parte-racla-riciclo-artigianale-creativo-locale-e-autogestito-tra-arte-economia-circolare-e-solidarieta\/#primaryimage"},"thumbnailUrl":"https:\/\/www.pressenza.com\/wp-content\/uploads\/2021\/04\/RACLA.jpg","keywords":["economia circolare","riciclo","Roma"],"articleSection":["Comunicati Stampa","Ecologia ed Ambiente","Economia"],"inLanguage":"it-IT"},{"@type":"WebPage","@id":"https:\/\/www.pressenza.com\/it\/2021\/04\/parte-racla-riciclo-artigianale-creativo-locale-e-autogestito-tra-arte-economia-circolare-e-solidarieta\/","url":"https:\/\/www.pressenza.com\/it\/2021\/04\/parte-racla-riciclo-artigianale-creativo-locale-e-autogestito-tra-arte-economia-circolare-e-solidarieta\/","name":"Parte \u201cRACLA \u2013 Riciclo Artigianale Creativo Locale e Autogestito\u201d tra arte, economia circolare e solidariet\u00e0","isPartOf":{"@id":"https:\/\/www.pressenza.com\/it\/#website"},"primaryImageOfPage":{"@id":"https:\/\/www.pressenza.com\/it\/2021\/04\/parte-racla-riciclo-artigianale-creativo-locale-e-autogestito-tra-arte-economia-circolare-e-solidarieta\/#primaryimage"},"image":{"@id":"https:\/\/www.pressenza.com\/it\/2021\/04\/parte-racla-riciclo-artigianale-creativo-locale-e-autogestito-tra-arte-economia-circolare-e-solidarieta\/#primaryimage"},"thumbnailUrl":"https:\/\/www.pressenza.com\/wp-content\/uploads\/2021\/04\/RACLA.jpg","datePublished":"2021-04-11T15:39:42+00:00","dateModified":"2021-04-11T15:44:50+00:00","description":"Il progetto \u201cRACLA \u2013 Riciclo Artigianale Creativo Locale e Autogestito\u201d nasce per potenziare la rete dei laboratori autogestiti romani, promuovere","breadcrumb":{"@id":"https:\/\/www.pressenza.com\/it\/2021\/04\/parte-racla-riciclo-artigianale-creativo-locale-e-autogestito-tra-arte-economia-circolare-e-solidarieta\/#breadcrumb"},"inLanguage":"it-IT","potentialAction":[{"@type":"ReadAction","target":["https:\/\/www.pressenza.com\/it\/2021\/04\/parte-racla-riciclo-artigianale-creativo-locale-e-autogestito-tra-arte-economia-circolare-e-solidarieta\/"]}]},{"@type":"ImageObject","inLanguage":"it-IT","@id":"https:\/\/www.pressenza.com\/it\/2021\/04\/parte-racla-riciclo-artigianale-creativo-locale-e-autogestito-tra-arte-economia-circolare-e-solidarieta\/#primaryimage","url":"https:\/\/www.pressenza.com\/wp-content\/uploads\/2021\/04\/RACLA.jpg","contentUrl":"https:\/\/www.pressenza.com\/wp-content\/uploads\/2021\/04\/RACLA.jpg","width":1280,"height":486},{"@type":"BreadcrumbList","@id":"https:\/\/www.pressenza.com\/it\/2021\/04\/parte-racla-riciclo-artigianale-creativo-locale-e-autogestito-tra-arte-economia-circolare-e-solidarieta\/#breadcrumb","itemListElement":[{"@type":"ListItem","position":1,"name":"Accueil","item":"https:\/\/www.pressenza.com\/it\/"},{"@type":"ListItem","position":2,"name":"Parte \u201cRACLA \u2013 Riciclo Artigianale Creativo Locale e Autogestito\u201d tra arte, economia circolare e solidariet\u00e0"}]},{"@type":"WebSite","@id":"https:\/\/www.pressenza.com\/it\/#website","url":"https:\/\/www.pressenza.com\/it\/","name":"Pressenza","description":"Agenzia di Stampa Internazionale","publisher":{"@id":"https:\/\/www.pressenza.com\/it\/#organization"},"potentialAction":[{"@type":"SearchAction","target":{"@type":"EntryPoint","urlTemplate":"https:\/\/www.pressenza.com\/it\/?s={search_term_string}"},"query-input":{"@type":"PropertyValueSpecification","valueRequired":true,"valueName":"search_term_string"}}],"inLanguage":"it-IT"},{"@type":"Organization","@id":"https:\/\/www.pressenza.com\/it\/#organization","name":"Pressenza","url":"https:\/\/www.pressenza.com\/it\/","logo":{"@type":"ImageObject","inLanguage":"it-IT","@id":"https:\/\/www.pressenza.com\/it\/#\/schema\/logo\/image\/","url":"https:\/\/www.pressenza.com\/wp-content\/uploads\/2022\/10\/pressenza_logo_200x200.jpg","contentUrl":"https:\/\/www.pressenza.com\/wp-content\/uploads\/2022\/10\/pressenza_logo_200x200.jpg","width":200,"height":200,"caption":"Pressenza"},"image":{"@id":"https:\/\/www.pressenza.com\/it\/#\/schema\/logo\/image\/"},"sameAs":["https:\/\/www.facebook.com\/PressenzaItalia","https:\/\/x.com\/PressenzaIPA"]},{"@type":"Person","@id":"https:\/\/www.pressenza.com\/it\/#\/schema\/person\/81d9a9d9c8aeb2bd63972258ed525d7e","name":"Redazione Roma","description":"News from the Pressenza Bureau in Rome, Italy","url":"https:\/\/www.pressenza.com\/it\/author\/redazione-roma\/"}]}},"place":"Roma","original_article_url":"","_links":{"self":[{"href":"https:\/\/www.pressenza.com\/it\/wp-json\/wp\/v2\/posts\/1339114","targetHints":{"allow":["GET"]}}],"collection":[{"href":"https:\/\/www.pressenza.com\/it\/wp-json\/wp\/v2\/posts"}],"about":[{"href":"https:\/\/www.pressenza.com\/it\/wp-json\/wp\/v2\/types\/post"}],"author":[{"embeddable":true,"href":"https:\/\/www.pressenza.com\/it\/wp-json\/wp\/v2\/users\/1721"}],"replies":[{"embeddable":true,"href":"https:\/\/www.pressenza.com\/it\/wp-json\/wp\/v2\/comments?post=1339114"}],"version-history":[{"count":0,"href":"https:\/\/www.pressenza.com\/it\/wp-json\/wp\/v2\/posts\/1339114\/revisions"}],"wp:featuredmedia":[{"embeddable":true,"href":"https:\/\/www.pressenza.com\/it\/wp-json\/wp\/v2\/media\/1339116"}],"wp:attachment":[{"href":"https:\/\/www.pressenza.com\/it\/wp-json\/wp\/v2\/media?parent=1339114"}],"wp:term":[{"taxonomy":"category","embeddable":true,"href":"https:\/\/www.pressenza.com\/it\/wp-json\/wp\/v2\/categories?post=1339114"},{"taxonomy":"post_tag","embeddable":true,"href":"https:\/\/www.pressenza.com\/it\/wp-json\/wp\/v2\/tags?post=1339114"}],"curies":[{"name":"wp","href":"https:\/\/api.w.org\/{rel}","templated":true}]}}