{"id":1339024,"date":"2021-04-11T14:15:27","date_gmt":"2021-04-11T13:15:27","guid":{"rendered":"https:\/\/www.pressenza.com\/?p=1339024"},"modified":"2021-04-11T14:17:56","modified_gmt":"2021-04-11T13:17:56","slug":"zaki-uno-di-noi-buon-voto-ma-solo-se-avra-delle-conseguenze","status":"publish","type":"post","link":"https:\/\/www.pressenza.com\/it\/2021\/04\/zaki-uno-di-noi-buon-voto-ma-solo-se-avra-delle-conseguenze\/","title":{"rendered":"Zaki \u2018uno di noi\u2019? Buon voto, ma solo se avr\u00e0 delle conseguenze"},"content":{"rendered":"<p>Nella sede dell\u2019Universit\u00e0 di Parma c\u2019\u00e8 uno speciale totem: conteggia e ricorda da quanti giorni\u00a0<strong style=\"font-style: inherit;\">Patrick Zaki<\/strong>\u00a0\u00e8 in carcere in Egitto. Con l\u2019accusa di aver pubblicato su Facebook \u201cfalse voci e false notizie che mirano a turbare la pace\u201d, lo studente dell\u2019Universit\u00e0 di Bologna \u00e8 recluso dall\u20198 febbraio del 2020. La sua \u2018causa\u2019 tiene ancora banco in Italia: dopo Bologna, la \u2018sua\u2019 citt\u00e0,\u00a0<strong style=\"font-style: inherit;\">centinaia di Comuni gli hanno conferito la cittadinanza onoraria<\/strong>, hanno esposto striscioni, e si sono moltiplicate le iniziative per la sua liberazione. Una\u00a0<strong style=\"font-style: inherit;\">lunga stagione di impegno \u2018da remoto\u2019<\/strong>\u00a0che il Covid non ha fermato.<\/p>\n<p>\u201c\u00c8 meglio accendere una candela che maledire il buio\u201d, recita il proverbio cinese a cui si ispira l\u2019azione di Amnesty (in prima fila per Zaki). E\u00a0<strong style=\"font-style: inherit;\">il 7 maggio<\/strong>, a 15 mesi dall\u2019inizio della sua detenzione,\u00a0<strong style=\"font-style: inherit;\">inizia \u2018Una luce per Patrick\u2019<\/strong>: i Comuni terranno\u00a0<strong style=\"font-style: inherit;\">le luci dei municipi accese<\/strong>\u00a0e chi vorr\u00e0 potr\u00e0 unirsi con\u00a0<strong style=\"font-style: inherit;\">una candela alle finestre<\/strong>. Contatore, candele, striscioni\u2026 non hanno cambiato le cose, Zaki \u00e8 in prigione e la sua detenzione si \u00e8 appena allungata di altri 45 giorni.\u00a0<strong style=\"font-style: inherit;\">Pi\u00f9 si alza la voce per liberarlo, pi\u00f9 rimbalza in Egitto su un muro di gomma<\/strong>\u00a0che gi\u00e0 da tempo avrebbe potuto fiaccare gli sforzi di chi vede in Zaki qualcosa di pi\u00f9 di una storia a cui appassionarsi e a cui dedicare slancio ideale e impegno da remoto. Ma ora la parabola di questa lunga mobilitazione \u00e8 ad uno snodo interessante e importante:\u00a0<strong style=\"font-style: inherit;\">marted\u00ec arriva in Senato la mozione per conferire la cittadinanza italiana a Zaki<\/strong>\u00a0e il Governo Draghi, inizialmente freddo, stante anche il muro di gomma in Egitto, ha aperto alla possibilit\u00e0 di conferirla al 29enne (come chiedono anche oltre\u00a0<strong style=\"font-style: inherit;\">200.000 firme<\/strong>). Dopo i cortei, i presidi, e tutto quello che si \u00e8 fatto, questa \u00e8 forse una delle ultime \u2018carte\u2019 che la politica pu\u00f2 giocare. E che pu\u00f2 smuovere le acque.<\/p>\n<p>Non \u00e8 solo una faccenda simbolica.\u00a0<strong style=\"font-style: inherit;\">L\u2019Italia<\/strong>\u00a0&#8211; dove basta citare lo ius soli per impantanare la politica in dibattiti estenuanti ed inconcludenti &#8211;\u00a0<strong style=\"font-style: inherit;\">sta per \u2018adottare\u2019 questo studente egiziano<\/strong>. Pu\u00f2 essere un \u2018precedente\u2019 importante per molte altre questioni, ius soli compreso. \u00c8 un voto che pesa. Tant\u2019\u00e8 che in Liguria la Lega si \u00e8 astenuta sulla proposta (\u201cNon riteniamo necessario il conferimento della cittadinanza italiana\u201d). La cittadinanza non \u00e8 solo una targhetta: spesso ci si scotta anche, come \u00e8 capitato sempre a Bologna (vedi casi Mihajlovic e Aang San Su Kyi). Al cittadino italiano, dice la Costituzione, \u00e8 garantita una libert\u00e0 personale \u201cinviolabile\u201d.\u00a0<strong style=\"font-style: inherit;\">Pu\u00f2 diventare uno status con cui chiedere con pi\u00f9 forza un lieto fine per Zaki<\/strong>. Ma il punto \u00e8 se lo si far\u00e0 davvero: se il massimo organo di rappresentanza del paese voter\u00e0 per il \u2018s\u00ec\u2019 e se dopo non succeder\u00e0 granch\u00e9, allora forse si rischia di aver fatto di questo passaggio solo una tappa coi nastrini da segnare sul contatore di Parma.<\/p>\n<p>Diverso \u00e8 se, quali e molte cose succederanno dopo. E cosa si dir\u00e0 attorno a questo voto. Con la cittadinanza, a quel livello, vien da dire, \u2018non si gioca\u2019.\u00a0<strong style=\"font-style: inherit;\">Se si \u00e8 issata la bandiera di Zaki a questo livello la sua vicenda non \u00e8 pi\u00f9 solo quella di singolo<\/strong>, ma mette in gioco molti piani simbolici ed educativi. Nella prefazione ad un libro di Amnesty del 1997 che racconta storie a lieto fine di prigionieri e perseguitati si legge: \u201cAl di l\u00e0 che l\u2019esito di una campagna pu\u00f2 avere,\u00a0<strong style=\"font-style: inherit;\">la sua stessa esistenza \u00e8 un atto di resistenza<\/strong>, una testimonianza contro l\u2019assuefazione spettacolare\u201d e \u201cla vita delle persone che spesso soffrono dipende dal modo di raccontare, dalla capacit\u00e0 di farsi ascoltare, di spiegare e di convincere\u201d. Inquadrato cos\u00ec quel voto di marted\u00ec \u00e8 qualcosa di pi\u00f9 di un sforzo da aggiungere alla lista di quelli gi\u00e0 fatti o da fare. Molti dicono: non \u00e8 una priorit\u00e0. Ma proprio perch\u00e9 non \u00e8 solo una scelta s\u00ec-no alla cittadinanza pu\u00f2 essere un fatto importante, specie se far\u00e0 vedere che ha conseguenze\u00a0<strong style=\"font-style: inherit;\">dimostrando che ci sono cause, anche lontane, che vale la pena custodire e per le quali battersi<\/strong>. Avr\u00e0 un valore educativo. \u201cIl vero patriota sapr\u00e0 vedere le cose dal punto di vista del proprio vicino oltrech\u00e9 del proprio e cooperare con lui anzich\u00e9 prepararsi a combatterlo\u201d, disse uno che di educazione se ne intendeva (il fondatore degli scout B.P.).<\/p>\n","protected":false},"excerpt":{"rendered":"<p>Nella sede dell\u2019Universit\u00e0 di Parma c\u2019\u00e8 uno speciale totem: conteggia e ricorda da quanti giorni\u00a0Patrick Zaki\u00a0\u00e8 in carcere in Egitto. Con l\u2019accusa di aver pubblicato su Facebook \u201cfalse voci e false notizie che mirano a turbare la pace\u201d, lo studente&hellip;<\/p>\n","protected":false},"author":1478,"featured_media":1339025,"comment_status":"closed","ping_status":"closed","sticky":false,"template":"","format":"standard","meta":{"footnotes":""},"categories":[45,60,47,162],"tags":[34407,2827,71018,10753],"class_list":["post-1339024","post","type-post","status-publish","format-standard","has-post-thumbnail","hentry","category-africa-it","category-diritti-umani","category-europa","category-opinioni","tag-cittadinanza-italiana","tag-egitto","tag-patrick-zaki","tag-voto"],"yoast_head":"<!-- This site is optimized with the Yoast SEO plugin v27.1.1 - https:\/\/yoast.com\/product\/yoast-seo-wordpress\/ -->\n<title>Zaki \u2018uno di noi\u2019? Buon voto, ma solo se avr\u00e0 delle conseguenze<\/title>\n<meta name=\"description\" content=\"Nella sede dell\u2019Universit\u00e0 di Parma c\u2019\u00e8 uno speciale totem: conteggia e ricorda da quanti giorni\u00a0Patrick Zaki\u00a0\u00e8 in carcere in Egitto. Con l\u2019accusa di aver\" \/>\n<meta name=\"robots\" content=\"index, follow, max-snippet:-1, max-image-preview:large, max-video-preview:-1\" \/>\n<link rel=\"canonical\" href=\"https:\/\/www.pressenza.com\/it\/2021\/04\/zaki-uno-di-noi-buon-voto-ma-solo-se-avra-delle-conseguenze\/\" \/>\n<meta property=\"og:locale\" content=\"it_IT\" \/>\n<meta property=\"og:type\" content=\"article\" \/>\n<meta property=\"og:title\" content=\"Zaki \u2018uno di noi\u2019? Buon voto, ma solo se avr\u00e0 delle conseguenze\" \/>\n<meta property=\"og:description\" content=\"Nella sede dell\u2019Universit\u00e0 di Parma c\u2019\u00e8 uno speciale totem: conteggia e ricorda da quanti giorni\u00a0Patrick Zaki\u00a0\u00e8 in carcere in Egitto. Con l\u2019accusa di aver\" \/>\n<meta property=\"og:url\" content=\"https:\/\/www.pressenza.com\/it\/2021\/04\/zaki-uno-di-noi-buon-voto-ma-solo-se-avra-delle-conseguenze\/\" \/>\n<meta property=\"og:site_name\" content=\"Pressenza\" \/>\n<meta property=\"article:publisher\" content=\"https:\/\/www.facebook.com\/PressenzaItalia\" \/>\n<meta property=\"article:published_time\" content=\"2021-04-11T13:15:27+00:00\" \/>\n<meta property=\"article:modified_time\" content=\"2021-04-11T13:17:56+00:00\" \/>\n<meta property=\"og:image\" content=\"https:\/\/www.pressenza.com\/wp-content\/uploads\/2021\/04\/passaporto.jpg\" \/>\n\t<meta property=\"og:image:width\" content=\"1280\" \/>\n\t<meta property=\"og:image:height\" content=\"764\" \/>\n\t<meta property=\"og:image:type\" content=\"image\/jpeg\" \/>\n<meta name=\"author\" content=\"Agenzia DIRE\" \/>\n<meta name=\"twitter:card\" content=\"summary_large_image\" \/>\n<meta name=\"twitter:creator\" content=\"@PressenzaIPA\" \/>\n<meta name=\"twitter:site\" content=\"@PressenzaIPA\" \/>\n<meta name=\"twitter:label1\" content=\"Scritto da\" \/>\n\t<meta name=\"twitter:data1\" content=\"Agenzia DIRE\" \/>\n\t<meta name=\"twitter:label2\" content=\"Tempo di lettura stimato\" \/>\n\t<meta name=\"twitter:data2\" content=\"4 minuti\" \/>\n<script type=\"application\/ld+json\" class=\"yoast-schema-graph\">{\"@context\":\"https:\/\/schema.org\",\"@graph\":[{\"@type\":\"Article\",\"@id\":\"https:\/\/www.pressenza.com\/it\/2021\/04\/zaki-uno-di-noi-buon-voto-ma-solo-se-avra-delle-conseguenze\/#article\",\"isPartOf\":{\"@id\":\"https:\/\/www.pressenza.com\/it\/2021\/04\/zaki-uno-di-noi-buon-voto-ma-solo-se-avra-delle-conseguenze\/\"},\"author\":{\"name\":\"Agenzia DIRE\",\"@id\":\"https:\/\/www.pressenza.com\/it\/#\/schema\/person\/bb13dad7d75de3f57ef0c4246101316b\"},\"headline\":\"Zaki \u2018uno di noi\u2019? Buon voto, ma solo se avr\u00e0 delle conseguenze\",\"datePublished\":\"2021-04-11T13:15:27+00:00\",\"dateModified\":\"2021-04-11T13:17:56+00:00\",\"mainEntityOfPage\":{\"@id\":\"https:\/\/www.pressenza.com\/it\/2021\/04\/zaki-uno-di-noi-buon-voto-ma-solo-se-avra-delle-conseguenze\/\"},\"wordCount\":717,\"publisher\":{\"@id\":\"https:\/\/www.pressenza.com\/it\/#organization\"},\"image\":{\"@id\":\"https:\/\/www.pressenza.com\/it\/2021\/04\/zaki-uno-di-noi-buon-voto-ma-solo-se-avra-delle-conseguenze\/#primaryimage\"},\"thumbnailUrl\":\"https:\/\/www.pressenza.com\/wp-content\/uploads\/2021\/04\/passaporto.jpg\",\"keywords\":[\"cittadinanza italiana\",\"Egitto\",\"Patrick Zaki\",\"voto\"],\"articleSection\":[\"Africa\",\"Diritti Umani\",\"Europa\",\"Opinioni\"],\"inLanguage\":\"it-IT\"},{\"@type\":\"WebPage\",\"@id\":\"https:\/\/www.pressenza.com\/it\/2021\/04\/zaki-uno-di-noi-buon-voto-ma-solo-se-avra-delle-conseguenze\/\",\"url\":\"https:\/\/www.pressenza.com\/it\/2021\/04\/zaki-uno-di-noi-buon-voto-ma-solo-se-avra-delle-conseguenze\/\",\"name\":\"Zaki \u2018uno di noi\u2019? Buon voto, ma solo se avr\u00e0 delle conseguenze\",\"isPartOf\":{\"@id\":\"https:\/\/www.pressenza.com\/it\/#website\"},\"primaryImageOfPage\":{\"@id\":\"https:\/\/www.pressenza.com\/it\/2021\/04\/zaki-uno-di-noi-buon-voto-ma-solo-se-avra-delle-conseguenze\/#primaryimage\"},\"image\":{\"@id\":\"https:\/\/www.pressenza.com\/it\/2021\/04\/zaki-uno-di-noi-buon-voto-ma-solo-se-avra-delle-conseguenze\/#primaryimage\"},\"thumbnailUrl\":\"https:\/\/www.pressenza.com\/wp-content\/uploads\/2021\/04\/passaporto.jpg\",\"datePublished\":\"2021-04-11T13:15:27+00:00\",\"dateModified\":\"2021-04-11T13:17:56+00:00\",\"description\":\"Nella sede dell\u2019Universit\u00e0 di Parma c\u2019\u00e8 uno speciale totem: conteggia e ricorda da quanti giorni\u00a0Patrick Zaki\u00a0\u00e8 in carcere in Egitto. Con l\u2019accusa di aver\",\"breadcrumb\":{\"@id\":\"https:\/\/www.pressenza.com\/it\/2021\/04\/zaki-uno-di-noi-buon-voto-ma-solo-se-avra-delle-conseguenze\/#breadcrumb\"},\"inLanguage\":\"it-IT\",\"potentialAction\":[{\"@type\":\"ReadAction\",\"target\":[\"https:\/\/www.pressenza.com\/it\/2021\/04\/zaki-uno-di-noi-buon-voto-ma-solo-se-avra-delle-conseguenze\/\"]}]},{\"@type\":\"ImageObject\",\"inLanguage\":\"it-IT\",\"@id\":\"https:\/\/www.pressenza.com\/it\/2021\/04\/zaki-uno-di-noi-buon-voto-ma-solo-se-avra-delle-conseguenze\/#primaryimage\",\"url\":\"https:\/\/www.pressenza.com\/wp-content\/uploads\/2021\/04\/passaporto.jpg\",\"contentUrl\":\"https:\/\/www.pressenza.com\/wp-content\/uploads\/2021\/04\/passaporto.jpg\",\"width\":1280,\"height\":764},{\"@type\":\"BreadcrumbList\",\"@id\":\"https:\/\/www.pressenza.com\/it\/2021\/04\/zaki-uno-di-noi-buon-voto-ma-solo-se-avra-delle-conseguenze\/#breadcrumb\",\"itemListElement\":[{\"@type\":\"ListItem\",\"position\":1,\"name\":\"Accueil\",\"item\":\"https:\/\/www.pressenza.com\/it\/\"},{\"@type\":\"ListItem\",\"position\":2,\"name\":\"Zaki \u2018uno di noi\u2019? Buon voto, ma solo se avr\u00e0 delle conseguenze\"}]},{\"@type\":\"WebSite\",\"@id\":\"https:\/\/www.pressenza.com\/it\/#website\",\"url\":\"https:\/\/www.pressenza.com\/it\/\",\"name\":\"Pressenza\",\"description\":\"Agenzia di Stampa Internazionale\",\"publisher\":{\"@id\":\"https:\/\/www.pressenza.com\/it\/#organization\"},\"potentialAction\":[{\"@type\":\"SearchAction\",\"target\":{\"@type\":\"EntryPoint\",\"urlTemplate\":\"https:\/\/www.pressenza.com\/it\/?s={search_term_string}\"},\"query-input\":{\"@type\":\"PropertyValueSpecification\",\"valueRequired\":true,\"valueName\":\"search_term_string\"}}],\"inLanguage\":\"it-IT\"},{\"@type\":\"Organization\",\"@id\":\"https:\/\/www.pressenza.com\/it\/#organization\",\"name\":\"Pressenza\",\"url\":\"https:\/\/www.pressenza.com\/it\/\",\"logo\":{\"@type\":\"ImageObject\",\"inLanguage\":\"it-IT\",\"@id\":\"https:\/\/www.pressenza.com\/it\/#\/schema\/logo\/image\/\",\"url\":\"https:\/\/www.pressenza.com\/wp-content\/uploads\/2022\/10\/pressenza_logo_200x200.jpg\",\"contentUrl\":\"https:\/\/www.pressenza.com\/wp-content\/uploads\/2022\/10\/pressenza_logo_200x200.jpg\",\"width\":200,\"height\":200,\"caption\":\"Pressenza\"},\"image\":{\"@id\":\"https:\/\/www.pressenza.com\/it\/#\/schema\/logo\/image\/\"},\"sameAs\":[\"https:\/\/www.facebook.com\/PressenzaItalia\",\"https:\/\/x.com\/PressenzaIPA\"]},{\"@type\":\"Person\",\"@id\":\"https:\/\/www.pressenza.com\/it\/#\/schema\/person\/bb13dad7d75de3f57ef0c4246101316b\",\"name\":\"Agenzia DIRE\",\"description\":\"La DIRE \u00e8 una delle principali agenzie di stampa nazionali, trasmette sui propri notiziari multimediali tutte le notizie dell'ultimo minuto, approfondimenti, interviste, newsletter tematiche. Specializzata in politiche parlamentari e di governo, oltre che esteri, sanit\u00e0, ambiente, welfare, politiche regionali e locali, giovani. Su Dire.it pubblica, ogni giorno, tutte le principali notizie. E' presente su tutto il territorio nazionale con sei sedi, cinquanta giornalisti e corrispondenti da tutte le regioni.\",\"sameAs\":[\"http:\/\/www.dire.it\/\"],\"url\":\"https:\/\/www.pressenza.com\/it\/author\/agenzia-dire\/\"}]}<\/script>\n<!-- \/ Yoast SEO plugin. -->","yoast_head_json":{"title":"Zaki \u2018uno di noi\u2019? Buon voto, ma solo se avr\u00e0 delle conseguenze","description":"Nella sede dell\u2019Universit\u00e0 di Parma c\u2019\u00e8 uno speciale totem: conteggia e ricorda da quanti giorni\u00a0Patrick Zaki\u00a0\u00e8 in carcere in Egitto. Con l\u2019accusa di aver","robots":{"index":"index","follow":"follow","max-snippet":"max-snippet:-1","max-image-preview":"max-image-preview:large","max-video-preview":"max-video-preview:-1"},"canonical":"https:\/\/www.pressenza.com\/it\/2021\/04\/zaki-uno-di-noi-buon-voto-ma-solo-se-avra-delle-conseguenze\/","og_locale":"it_IT","og_type":"article","og_title":"Zaki \u2018uno di noi\u2019? Buon voto, ma solo se avr\u00e0 delle conseguenze","og_description":"Nella sede dell\u2019Universit\u00e0 di Parma c\u2019\u00e8 uno speciale totem: conteggia e ricorda da quanti giorni\u00a0Patrick Zaki\u00a0\u00e8 in carcere in Egitto. Con l\u2019accusa di aver","og_url":"https:\/\/www.pressenza.com\/it\/2021\/04\/zaki-uno-di-noi-buon-voto-ma-solo-se-avra-delle-conseguenze\/","og_site_name":"Pressenza","article_publisher":"https:\/\/www.facebook.com\/PressenzaItalia","article_published_time":"2021-04-11T13:15:27+00:00","article_modified_time":"2021-04-11T13:17:56+00:00","og_image":[{"width":1280,"height":764,"url":"https:\/\/www.pressenza.com\/wp-content\/uploads\/2021\/04\/passaporto.jpg","type":"image\/jpeg"}],"author":"Agenzia DIRE","twitter_card":"summary_large_image","twitter_creator":"@PressenzaIPA","twitter_site":"@PressenzaIPA","twitter_misc":{"Scritto da":"Agenzia DIRE","Tempo di lettura stimato":"4 minuti"},"schema":{"@context":"https:\/\/schema.org","@graph":[{"@type":"Article","@id":"https:\/\/www.pressenza.com\/it\/2021\/04\/zaki-uno-di-noi-buon-voto-ma-solo-se-avra-delle-conseguenze\/#article","isPartOf":{"@id":"https:\/\/www.pressenza.com\/it\/2021\/04\/zaki-uno-di-noi-buon-voto-ma-solo-se-avra-delle-conseguenze\/"},"author":{"name":"Agenzia DIRE","@id":"https:\/\/www.pressenza.com\/it\/#\/schema\/person\/bb13dad7d75de3f57ef0c4246101316b"},"headline":"Zaki \u2018uno di noi\u2019? Buon voto, ma solo se avr\u00e0 delle conseguenze","datePublished":"2021-04-11T13:15:27+00:00","dateModified":"2021-04-11T13:17:56+00:00","mainEntityOfPage":{"@id":"https:\/\/www.pressenza.com\/it\/2021\/04\/zaki-uno-di-noi-buon-voto-ma-solo-se-avra-delle-conseguenze\/"},"wordCount":717,"publisher":{"@id":"https:\/\/www.pressenza.com\/it\/#organization"},"image":{"@id":"https:\/\/www.pressenza.com\/it\/2021\/04\/zaki-uno-di-noi-buon-voto-ma-solo-se-avra-delle-conseguenze\/#primaryimage"},"thumbnailUrl":"https:\/\/www.pressenza.com\/wp-content\/uploads\/2021\/04\/passaporto.jpg","keywords":["cittadinanza italiana","Egitto","Patrick Zaki","voto"],"articleSection":["Africa","Diritti Umani","Europa","Opinioni"],"inLanguage":"it-IT"},{"@type":"WebPage","@id":"https:\/\/www.pressenza.com\/it\/2021\/04\/zaki-uno-di-noi-buon-voto-ma-solo-se-avra-delle-conseguenze\/","url":"https:\/\/www.pressenza.com\/it\/2021\/04\/zaki-uno-di-noi-buon-voto-ma-solo-se-avra-delle-conseguenze\/","name":"Zaki \u2018uno di noi\u2019? Buon voto, ma solo se avr\u00e0 delle conseguenze","isPartOf":{"@id":"https:\/\/www.pressenza.com\/it\/#website"},"primaryImageOfPage":{"@id":"https:\/\/www.pressenza.com\/it\/2021\/04\/zaki-uno-di-noi-buon-voto-ma-solo-se-avra-delle-conseguenze\/#primaryimage"},"image":{"@id":"https:\/\/www.pressenza.com\/it\/2021\/04\/zaki-uno-di-noi-buon-voto-ma-solo-se-avra-delle-conseguenze\/#primaryimage"},"thumbnailUrl":"https:\/\/www.pressenza.com\/wp-content\/uploads\/2021\/04\/passaporto.jpg","datePublished":"2021-04-11T13:15:27+00:00","dateModified":"2021-04-11T13:17:56+00:00","description":"Nella sede dell\u2019Universit\u00e0 di Parma c\u2019\u00e8 uno speciale totem: conteggia e ricorda da quanti giorni\u00a0Patrick Zaki\u00a0\u00e8 in carcere in Egitto. Con l\u2019accusa di aver","breadcrumb":{"@id":"https:\/\/www.pressenza.com\/it\/2021\/04\/zaki-uno-di-noi-buon-voto-ma-solo-se-avra-delle-conseguenze\/#breadcrumb"},"inLanguage":"it-IT","potentialAction":[{"@type":"ReadAction","target":["https:\/\/www.pressenza.com\/it\/2021\/04\/zaki-uno-di-noi-buon-voto-ma-solo-se-avra-delle-conseguenze\/"]}]},{"@type":"ImageObject","inLanguage":"it-IT","@id":"https:\/\/www.pressenza.com\/it\/2021\/04\/zaki-uno-di-noi-buon-voto-ma-solo-se-avra-delle-conseguenze\/#primaryimage","url":"https:\/\/www.pressenza.com\/wp-content\/uploads\/2021\/04\/passaporto.jpg","contentUrl":"https:\/\/www.pressenza.com\/wp-content\/uploads\/2021\/04\/passaporto.jpg","width":1280,"height":764},{"@type":"BreadcrumbList","@id":"https:\/\/www.pressenza.com\/it\/2021\/04\/zaki-uno-di-noi-buon-voto-ma-solo-se-avra-delle-conseguenze\/#breadcrumb","itemListElement":[{"@type":"ListItem","position":1,"name":"Accueil","item":"https:\/\/www.pressenza.com\/it\/"},{"@type":"ListItem","position":2,"name":"Zaki \u2018uno di noi\u2019? Buon voto, ma solo se avr\u00e0 delle conseguenze"}]},{"@type":"WebSite","@id":"https:\/\/www.pressenza.com\/it\/#website","url":"https:\/\/www.pressenza.com\/it\/","name":"Pressenza","description":"Agenzia di Stampa Internazionale","publisher":{"@id":"https:\/\/www.pressenza.com\/it\/#organization"},"potentialAction":[{"@type":"SearchAction","target":{"@type":"EntryPoint","urlTemplate":"https:\/\/www.pressenza.com\/it\/?s={search_term_string}"},"query-input":{"@type":"PropertyValueSpecification","valueRequired":true,"valueName":"search_term_string"}}],"inLanguage":"it-IT"},{"@type":"Organization","@id":"https:\/\/www.pressenza.com\/it\/#organization","name":"Pressenza","url":"https:\/\/www.pressenza.com\/it\/","logo":{"@type":"ImageObject","inLanguage":"it-IT","@id":"https:\/\/www.pressenza.com\/it\/#\/schema\/logo\/image\/","url":"https:\/\/www.pressenza.com\/wp-content\/uploads\/2022\/10\/pressenza_logo_200x200.jpg","contentUrl":"https:\/\/www.pressenza.com\/wp-content\/uploads\/2022\/10\/pressenza_logo_200x200.jpg","width":200,"height":200,"caption":"Pressenza"},"image":{"@id":"https:\/\/www.pressenza.com\/it\/#\/schema\/logo\/image\/"},"sameAs":["https:\/\/www.facebook.com\/PressenzaItalia","https:\/\/x.com\/PressenzaIPA"]},{"@type":"Person","@id":"https:\/\/www.pressenza.com\/it\/#\/schema\/person\/bb13dad7d75de3f57ef0c4246101316b","name":"Agenzia DIRE","description":"La DIRE \u00e8 una delle principali agenzie di stampa nazionali, trasmette sui propri notiziari multimediali tutte le notizie dell'ultimo minuto, approfondimenti, interviste, newsletter tematiche. Specializzata in politiche parlamentari e di governo, oltre che esteri, sanit\u00e0, ambiente, welfare, politiche regionali e locali, giovani. Su Dire.it pubblica, ogni giorno, tutte le principali notizie. E' presente su tutto il territorio nazionale con sei sedi, cinquanta giornalisti e corrispondenti da tutte le regioni.","sameAs":["http:\/\/www.dire.it\/"],"url":"https:\/\/www.pressenza.com\/it\/author\/agenzia-dire\/"}]}},"place":"Mattia Cecchini","original_article_url":"https:\/\/www.dire.it\/09-04-2021\/620196-zaki-uno-di-noi-buon-voto-ma-solo-se-avra-delle-conseguenze\/","_links":{"self":[{"href":"https:\/\/www.pressenza.com\/it\/wp-json\/wp\/v2\/posts\/1339024","targetHints":{"allow":["GET"]}}],"collection":[{"href":"https:\/\/www.pressenza.com\/it\/wp-json\/wp\/v2\/posts"}],"about":[{"href":"https:\/\/www.pressenza.com\/it\/wp-json\/wp\/v2\/types\/post"}],"author":[{"embeddable":true,"href":"https:\/\/www.pressenza.com\/it\/wp-json\/wp\/v2\/users\/1478"}],"replies":[{"embeddable":true,"href":"https:\/\/www.pressenza.com\/it\/wp-json\/wp\/v2\/comments?post=1339024"}],"version-history":[{"count":0,"href":"https:\/\/www.pressenza.com\/it\/wp-json\/wp\/v2\/posts\/1339024\/revisions"}],"wp:featuredmedia":[{"embeddable":true,"href":"https:\/\/www.pressenza.com\/it\/wp-json\/wp\/v2\/media\/1339025"}],"wp:attachment":[{"href":"https:\/\/www.pressenza.com\/it\/wp-json\/wp\/v2\/media?parent=1339024"}],"wp:term":[{"taxonomy":"category","embeddable":true,"href":"https:\/\/www.pressenza.com\/it\/wp-json\/wp\/v2\/categories?post=1339024"},{"taxonomy":"post_tag","embeddable":true,"href":"https:\/\/www.pressenza.com\/it\/wp-json\/wp\/v2\/tags?post=1339024"}],"curies":[{"name":"wp","href":"https:\/\/api.w.org\/{rel}","templated":true}]}}