{"id":1338273,"date":"2021-04-10T11:23:37","date_gmt":"2021-04-10T10:23:37","guid":{"rendered":"https:\/\/www.pressenza.com\/?p=1338273"},"modified":"2021-04-10T11:29:27","modified_gmt":"2021-04-10T10:29:27","slug":"messaggio-da-praga-investire-nella-salute-non-nelle-armi","status":"publish","type":"post","link":"https:\/\/www.pressenza.com\/it\/2021\/04\/messaggio-da-praga-investire-nella-salute-non-nelle-armi\/","title":{"rendered":"Messaggio da Praga: investire nella salute, non nelle armi"},"content":{"rendered":"<p>Mondo senza guerre e senza violenza chiede di investire nella salute, non nelle armi. In Repubblica Ceca i morti da Covid sono quasi 30.000, come in Lombardia, che ha una popolazione pi\u00f9 o meno uguale. L&#8217;iniziativa si \u00e8 svolta presso il murale dedicato a John Lennon, che dopo la rivoluzione del 1989 \u00e8 diventato un simbolo di pace e libert\u00e0.<\/p>\n<p><img loading=\"lazy\" decoding=\"async\" class=\"aligncenter wp-image-1338287 size-full\" src=\"https:\/\/www.pressenza.com\/wp-content\/uploads\/2021\/04\/Praga_Lennon_Salutenoarmi4.jpg\" alt=\"\" width=\"1500\" height=\"1189\" srcset=\"https:\/\/www.pressenza.com\/wp-content\/uploads\/2021\/04\/Praga_Lennon_Salutenoarmi4.jpg 1500w, https:\/\/www.pressenza.com\/wp-content\/uploads\/2021\/04\/Praga_Lennon_Salutenoarmi4-300x238.jpg 300w, https:\/\/www.pressenza.com\/wp-content\/uploads\/2021\/04\/Praga_Lennon_Salutenoarmi4-720x571.jpg 720w, https:\/\/www.pressenza.com\/wp-content\/uploads\/2021\/04\/Praga_Lennon_Salutenoarmi4-768x609.jpg 768w\" sizes=\"auto, (max-width: 1500px) 100vw, 1500px\" \/><\/p>\n<p>In Repubblica Ceca, come d&#8217;altra parte nella grande maggioranza dei paesi del mondo, si continua a \u201cperdere\u201d fondi pubblici nella spesa militare e soprattutto nell\u2019acquisto di nuove armi. La forte pressione degli Stati Uniti, che chiedono di aumentare la spesa militare fino al 2% del PIL, come previsto dagli accordi NATO, ha convinto il governo ceco a spendere circa 70 miliardi di corone in nuovi equipaggiamenti bellici, una cifra quasi uguale al deficit prodotto dalla pandemia. Tutto questo quando mancano medici, infermieri, ventilatori, posti in terapia intensiva. \u201cQuanto sta accadendo \u00e8 una follia; oggi pi\u00f9 che mai \u00e8 necessario fare pressione sui governi affinch\u00e9 modifichino le loro scelte. Questa politica militarista, voluta dalle industrie belliche, la paghiamo noi nella vita di tutti i giorni\u201d, dichiara Tania Bednarova, presidentessa dell&#8217;organizzazione.<\/p>\n<p>Mondo senza guerre e senza violenza prevede una nuova iniziativa luned\u00ec prossimo sempre a Praga.<\/p>\n","protected":false},"excerpt":{"rendered":"<p>Mondo senza guerre e senza violenza chiede di investire nella salute, non nelle armi. In Repubblica Ceca i morti da Covid sono quasi 30.000, come in Lombardia, che ha una popolazione pi\u00f9 o meno uguale. L&#8217;iniziativa si \u00e8 svolta presso&hellip;<\/p>\n","protected":false},"author":995,"featured_media":1338275,"comment_status":"closed","ping_status":"closed","sticky":false,"template":"","format":"standard","meta":{"footnotes":""},"categories":[11388,47,1263,1259],"tags":[230,72593,22347,14650,1177,1734],"class_list":["post-1338273","post","type-post","status-publish","format-standard","has-post-thumbnail","hentry","category-contenuti-originali","category-europa","category-pace-disarmo","category-salute-argomento","tag-armi","tag-covid","tag-john-lennon","tag-mondo-senza-guerre-e-senza-violenza-2","tag-salute","tag-spesa-militare"],"yoast_head":"<!-- This site is optimized with the Yoast SEO plugin v27.1.1 - https:\/\/yoast.com\/product\/yoast-seo-wordpress\/ -->\n<title>Messaggio da Praga: investire nella salute, non nelle armi<\/title>\n<meta name=\"description\" content=\"Investire nella salute e non nelle armi. L\u2019appello a Praga sul murale dedicato a John Lennon.\" \/>\n<meta name=\"robots\" content=\"index, follow, max-snippet:-1, max-image-preview:large, max-video-preview:-1\" \/>\n<link rel=\"canonical\" href=\"https:\/\/www.pressenza.com\/it\/2021\/04\/messaggio-da-praga-investire-nella-salute-non-nelle-armi\/\" \/>\n<meta property=\"og:locale\" content=\"it_IT\" \/>\n<meta property=\"og:type\" content=\"article\" \/>\n<meta property=\"og:title\" content=\"Messaggio da Praga: investire nella salute, non nelle armi\" \/>\n<meta property=\"og:description\" content=\"Investire nella salute e non nelle armi. L\u2019appello a Praga sul murale dedicato a John Lennon.\" \/>\n<meta property=\"og:url\" content=\"https:\/\/www.pressenza.com\/it\/2021\/04\/messaggio-da-praga-investire-nella-salute-non-nelle-armi\/\" \/>\n<meta property=\"og:site_name\" content=\"Pressenza\" \/>\n<meta property=\"article:publisher\" content=\"https:\/\/www.facebook.com\/PressenzaItalia\" \/>\n<meta property=\"article:published_time\" content=\"2021-04-10T10:23:37+00:00\" \/>\n<meta property=\"article:modified_time\" content=\"2021-04-10T10:29:27+00:00\" \/>\n<meta property=\"og:image\" content=\"https:\/\/www.pressenza.com\/wp-content\/uploads\/2021\/04\/Praga_Lennon_Salutenoarmi-720x428.jpg\" \/>\n\t<meta property=\"og:image:width\" content=\"720\" \/>\n\t<meta property=\"og:image:height\" content=\"428\" \/>\n\t<meta property=\"og:image:type\" content=\"image\/jpeg\" \/>\n<meta name=\"author\" content=\"Gerardo Femina\" \/>\n<meta name=\"twitter:card\" content=\"summary_large_image\" \/>\n<meta name=\"twitter:creator\" content=\"@PressenzaIPA\" \/>\n<meta name=\"twitter:site\" content=\"@PressenzaIPA\" \/>\n<meta name=\"twitter:label1\" content=\"Scritto da\" \/>\n\t<meta name=\"twitter:data1\" content=\"Gerardo Femina\" \/>\n\t<meta name=\"twitter:label2\" content=\"Tempo di lettura stimato\" \/>\n\t<meta name=\"twitter:data2\" content=\"1 minuto\" \/>\n<script type=\"application\/ld+json\" class=\"yoast-schema-graph\">{\"@context\":\"https:\/\/schema.org\",\"@graph\":[{\"@type\":\"Article\",\"@id\":\"https:\/\/www.pressenza.com\/it\/2021\/04\/messaggio-da-praga-investire-nella-salute-non-nelle-armi\/#article\",\"isPartOf\":{\"@id\":\"https:\/\/www.pressenza.com\/it\/2021\/04\/messaggio-da-praga-investire-nella-salute-non-nelle-armi\/\"},\"author\":{\"name\":\"Gerardo Femina\",\"@id\":\"https:\/\/www.pressenza.com\/it\/#\/schema\/person\/a960a95828df61811b50008db91df31a\"},\"headline\":\"Messaggio da Praga: investire nella salute, non nelle armi\",\"datePublished\":\"2021-04-10T10:23:37+00:00\",\"dateModified\":\"2021-04-10T10:29:27+00:00\",\"mainEntityOfPage\":{\"@id\":\"https:\/\/www.pressenza.com\/it\/2021\/04\/messaggio-da-praga-investire-nella-salute-non-nelle-armi\/\"},\"wordCount\":209,\"publisher\":{\"@id\":\"https:\/\/www.pressenza.com\/it\/#organization\"},\"image\":{\"@id\":\"https:\/\/www.pressenza.com\/it\/2021\/04\/messaggio-da-praga-investire-nella-salute-non-nelle-armi\/#primaryimage\"},\"thumbnailUrl\":\"https:\/\/www.pressenza.com\/wp-content\/uploads\/2021\/04\/Praga_Lennon_Salutenoarmi.jpg\",\"keywords\":[\"armi\",\"covid\",\"John Lennon\",\"Mondo senza guerre e senza Violenza\",\"salute\",\"spesa militare\"],\"articleSection\":[\"contenuti originali\",\"Europa\",\"Pace e Disarmo\",\"Salute\"],\"inLanguage\":\"it-IT\"},{\"@type\":\"WebPage\",\"@id\":\"https:\/\/www.pressenza.com\/it\/2021\/04\/messaggio-da-praga-investire-nella-salute-non-nelle-armi\/\",\"url\":\"https:\/\/www.pressenza.com\/it\/2021\/04\/messaggio-da-praga-investire-nella-salute-non-nelle-armi\/\",\"name\":\"Messaggio da Praga: investire nella salute, non nelle armi\",\"isPartOf\":{\"@id\":\"https:\/\/www.pressenza.com\/it\/#website\"},\"primaryImageOfPage\":{\"@id\":\"https:\/\/www.pressenza.com\/it\/2021\/04\/messaggio-da-praga-investire-nella-salute-non-nelle-armi\/#primaryimage\"},\"image\":{\"@id\":\"https:\/\/www.pressenza.com\/it\/2021\/04\/messaggio-da-praga-investire-nella-salute-non-nelle-armi\/#primaryimage\"},\"thumbnailUrl\":\"https:\/\/www.pressenza.com\/wp-content\/uploads\/2021\/04\/Praga_Lennon_Salutenoarmi.jpg\",\"datePublished\":\"2021-04-10T10:23:37+00:00\",\"dateModified\":\"2021-04-10T10:29:27+00:00\",\"description\":\"Investire nella salute e non nelle armi. L\u2019appello a Praga sul murale dedicato a John Lennon.\",\"breadcrumb\":{\"@id\":\"https:\/\/www.pressenza.com\/it\/2021\/04\/messaggio-da-praga-investire-nella-salute-non-nelle-armi\/#breadcrumb\"},\"inLanguage\":\"it-IT\",\"potentialAction\":[{\"@type\":\"ReadAction\",\"target\":[\"https:\/\/www.pressenza.com\/it\/2021\/04\/messaggio-da-praga-investire-nella-salute-non-nelle-armi\/\"]}]},{\"@type\":\"ImageObject\",\"inLanguage\":\"it-IT\",\"@id\":\"https:\/\/www.pressenza.com\/it\/2021\/04\/messaggio-da-praga-investire-nella-salute-non-nelle-armi\/#primaryimage\",\"url\":\"https:\/\/www.pressenza.com\/wp-content\/uploads\/2021\/04\/Praga_Lennon_Salutenoarmi.jpg\",\"contentUrl\":\"https:\/\/www.pressenza.com\/wp-content\/uploads\/2021\/04\/Praga_Lennon_Salutenoarmi.jpg\",\"width\":1920,\"height\":1140},{\"@type\":\"BreadcrumbList\",\"@id\":\"https:\/\/www.pressenza.com\/it\/2021\/04\/messaggio-da-praga-investire-nella-salute-non-nelle-armi\/#breadcrumb\",\"itemListElement\":[{\"@type\":\"ListItem\",\"position\":1,\"name\":\"Accueil\",\"item\":\"https:\/\/www.pressenza.com\/it\/\"},{\"@type\":\"ListItem\",\"position\":2,\"name\":\"Messaggio da Praga: investire nella salute, non nelle armi\"}]},{\"@type\":\"WebSite\",\"@id\":\"https:\/\/www.pressenza.com\/it\/#website\",\"url\":\"https:\/\/www.pressenza.com\/it\/\",\"name\":\"Pressenza\",\"description\":\"Agenzia di Stampa Internazionale\",\"publisher\":{\"@id\":\"https:\/\/www.pressenza.com\/it\/#organization\"},\"potentialAction\":[{\"@type\":\"SearchAction\",\"target\":{\"@type\":\"EntryPoint\",\"urlTemplate\":\"https:\/\/www.pressenza.com\/it\/?s={search_term_string}\"},\"query-input\":{\"@type\":\"PropertyValueSpecification\",\"valueRequired\":true,\"valueName\":\"search_term_string\"}}],\"inLanguage\":\"it-IT\"},{\"@type\":\"Organization\",\"@id\":\"https:\/\/www.pressenza.com\/it\/#organization\",\"name\":\"Pressenza\",\"url\":\"https:\/\/www.pressenza.com\/it\/\",\"logo\":{\"@type\":\"ImageObject\",\"inLanguage\":\"it-IT\",\"@id\":\"https:\/\/www.pressenza.com\/it\/#\/schema\/logo\/image\/\",\"url\":\"https:\/\/www.pressenza.com\/wp-content\/uploads\/2022\/10\/pressenza_logo_200x200.jpg\",\"contentUrl\":\"https:\/\/www.pressenza.com\/wp-content\/uploads\/2022\/10\/pressenza_logo_200x200.jpg\",\"width\":200,\"height\":200,\"caption\":\"Pressenza\"},\"image\":{\"@id\":\"https:\/\/www.pressenza.com\/it\/#\/schema\/logo\/image\/\"},\"sameAs\":[\"https:\/\/www.facebook.com\/PressenzaItalia\",\"https:\/\/x.com\/PressenzaIPA\"]},{\"@type\":\"Person\",\"@id\":\"https:\/\/www.pressenza.com\/it\/#\/schema\/person\/a960a95828df61811b50008db91df31a\",\"name\":\"Gerardo Femina\",\"description\":\"Former president of the Community for Human Development in Italy, engaged in social, political and cultural activity. For 20 years he has lived in Prague, where he was among the promoters of the campaign \\\"Europe for Peace\\\" and the protest against the so-called Missile Shield, that the United States wanted to install in the Czech Republic. He writes about politics and social matters. In recent years he has dedicated himself to the construction of the Park of Study and Reflection in the Czech Republic.\",\"url\":\"https:\/\/www.pressenza.com\/it\/author\/gerardo-femina\/\"}]}<\/script>\n<!-- \/ Yoast SEO plugin. -->","yoast_head_json":{"title":"Messaggio da Praga: investire nella salute, non nelle armi","description":"Investire nella salute e non nelle armi. L\u2019appello a Praga sul murale dedicato a John Lennon.","robots":{"index":"index","follow":"follow","max-snippet":"max-snippet:-1","max-image-preview":"max-image-preview:large","max-video-preview":"max-video-preview:-1"},"canonical":"https:\/\/www.pressenza.com\/it\/2021\/04\/messaggio-da-praga-investire-nella-salute-non-nelle-armi\/","og_locale":"it_IT","og_type":"article","og_title":"Messaggio da Praga: investire nella salute, non nelle armi","og_description":"Investire nella salute e non nelle armi. L\u2019appello a Praga sul murale dedicato a John Lennon.","og_url":"https:\/\/www.pressenza.com\/it\/2021\/04\/messaggio-da-praga-investire-nella-salute-non-nelle-armi\/","og_site_name":"Pressenza","article_publisher":"https:\/\/www.facebook.com\/PressenzaItalia","article_published_time":"2021-04-10T10:23:37+00:00","article_modified_time":"2021-04-10T10:29:27+00:00","og_image":[{"width":720,"height":428,"url":"https:\/\/www.pressenza.com\/wp-content\/uploads\/2021\/04\/Praga_Lennon_Salutenoarmi-720x428.jpg","type":"image\/jpeg"}],"author":"Gerardo Femina","twitter_card":"summary_large_image","twitter_creator":"@PressenzaIPA","twitter_site":"@PressenzaIPA","twitter_misc":{"Scritto da":"Gerardo Femina","Tempo di lettura stimato":"1 minuto"},"schema":{"@context":"https:\/\/schema.org","@graph":[{"@type":"Article","@id":"https:\/\/www.pressenza.com\/it\/2021\/04\/messaggio-da-praga-investire-nella-salute-non-nelle-armi\/#article","isPartOf":{"@id":"https:\/\/www.pressenza.com\/it\/2021\/04\/messaggio-da-praga-investire-nella-salute-non-nelle-armi\/"},"author":{"name":"Gerardo Femina","@id":"https:\/\/www.pressenza.com\/it\/#\/schema\/person\/a960a95828df61811b50008db91df31a"},"headline":"Messaggio da Praga: investire nella salute, non nelle armi","datePublished":"2021-04-10T10:23:37+00:00","dateModified":"2021-04-10T10:29:27+00:00","mainEntityOfPage":{"@id":"https:\/\/www.pressenza.com\/it\/2021\/04\/messaggio-da-praga-investire-nella-salute-non-nelle-armi\/"},"wordCount":209,"publisher":{"@id":"https:\/\/www.pressenza.com\/it\/#organization"},"image":{"@id":"https:\/\/www.pressenza.com\/it\/2021\/04\/messaggio-da-praga-investire-nella-salute-non-nelle-armi\/#primaryimage"},"thumbnailUrl":"https:\/\/www.pressenza.com\/wp-content\/uploads\/2021\/04\/Praga_Lennon_Salutenoarmi.jpg","keywords":["armi","covid","John Lennon","Mondo senza guerre e senza Violenza","salute","spesa militare"],"articleSection":["contenuti originali","Europa","Pace e Disarmo","Salute"],"inLanguage":"it-IT"},{"@type":"WebPage","@id":"https:\/\/www.pressenza.com\/it\/2021\/04\/messaggio-da-praga-investire-nella-salute-non-nelle-armi\/","url":"https:\/\/www.pressenza.com\/it\/2021\/04\/messaggio-da-praga-investire-nella-salute-non-nelle-armi\/","name":"Messaggio da Praga: investire nella salute, non nelle armi","isPartOf":{"@id":"https:\/\/www.pressenza.com\/it\/#website"},"primaryImageOfPage":{"@id":"https:\/\/www.pressenza.com\/it\/2021\/04\/messaggio-da-praga-investire-nella-salute-non-nelle-armi\/#primaryimage"},"image":{"@id":"https:\/\/www.pressenza.com\/it\/2021\/04\/messaggio-da-praga-investire-nella-salute-non-nelle-armi\/#primaryimage"},"thumbnailUrl":"https:\/\/www.pressenza.com\/wp-content\/uploads\/2021\/04\/Praga_Lennon_Salutenoarmi.jpg","datePublished":"2021-04-10T10:23:37+00:00","dateModified":"2021-04-10T10:29:27+00:00","description":"Investire nella salute e non nelle armi. L\u2019appello a Praga sul murale dedicato a John Lennon.","breadcrumb":{"@id":"https:\/\/www.pressenza.com\/it\/2021\/04\/messaggio-da-praga-investire-nella-salute-non-nelle-armi\/#breadcrumb"},"inLanguage":"it-IT","potentialAction":[{"@type":"ReadAction","target":["https:\/\/www.pressenza.com\/it\/2021\/04\/messaggio-da-praga-investire-nella-salute-non-nelle-armi\/"]}]},{"@type":"ImageObject","inLanguage":"it-IT","@id":"https:\/\/www.pressenza.com\/it\/2021\/04\/messaggio-da-praga-investire-nella-salute-non-nelle-armi\/#primaryimage","url":"https:\/\/www.pressenza.com\/wp-content\/uploads\/2021\/04\/Praga_Lennon_Salutenoarmi.jpg","contentUrl":"https:\/\/www.pressenza.com\/wp-content\/uploads\/2021\/04\/Praga_Lennon_Salutenoarmi.jpg","width":1920,"height":1140},{"@type":"BreadcrumbList","@id":"https:\/\/www.pressenza.com\/it\/2021\/04\/messaggio-da-praga-investire-nella-salute-non-nelle-armi\/#breadcrumb","itemListElement":[{"@type":"ListItem","position":1,"name":"Accueil","item":"https:\/\/www.pressenza.com\/it\/"},{"@type":"ListItem","position":2,"name":"Messaggio da Praga: investire nella salute, non nelle armi"}]},{"@type":"WebSite","@id":"https:\/\/www.pressenza.com\/it\/#website","url":"https:\/\/www.pressenza.com\/it\/","name":"Pressenza","description":"Agenzia di Stampa Internazionale","publisher":{"@id":"https:\/\/www.pressenza.com\/it\/#organization"},"potentialAction":[{"@type":"SearchAction","target":{"@type":"EntryPoint","urlTemplate":"https:\/\/www.pressenza.com\/it\/?s={search_term_string}"},"query-input":{"@type":"PropertyValueSpecification","valueRequired":true,"valueName":"search_term_string"}}],"inLanguage":"it-IT"},{"@type":"Organization","@id":"https:\/\/www.pressenza.com\/it\/#organization","name":"Pressenza","url":"https:\/\/www.pressenza.com\/it\/","logo":{"@type":"ImageObject","inLanguage":"it-IT","@id":"https:\/\/www.pressenza.com\/it\/#\/schema\/logo\/image\/","url":"https:\/\/www.pressenza.com\/wp-content\/uploads\/2022\/10\/pressenza_logo_200x200.jpg","contentUrl":"https:\/\/www.pressenza.com\/wp-content\/uploads\/2022\/10\/pressenza_logo_200x200.jpg","width":200,"height":200,"caption":"Pressenza"},"image":{"@id":"https:\/\/www.pressenza.com\/it\/#\/schema\/logo\/image\/"},"sameAs":["https:\/\/www.facebook.com\/PressenzaItalia","https:\/\/x.com\/PressenzaIPA"]},{"@type":"Person","@id":"https:\/\/www.pressenza.com\/it\/#\/schema\/person\/a960a95828df61811b50008db91df31a","name":"Gerardo Femina","description":"Former president of the Community for Human Development in Italy, engaged in social, political and cultural activity. For 20 years he has lived in Prague, where he was among the promoters of the campaign \"Europe for Peace\" and the protest against the so-called Missile Shield, that the United States wanted to install in the Czech Republic. He writes about politics and social matters. In recent years he has dedicated himself to the construction of the Park of Study and Reflection in the Czech Republic.","url":"https:\/\/www.pressenza.com\/it\/author\/gerardo-femina\/"}]}},"place":"","original_article_url":"","_links":{"self":[{"href":"https:\/\/www.pressenza.com\/it\/wp-json\/wp\/v2\/posts\/1338273","targetHints":{"allow":["GET"]}}],"collection":[{"href":"https:\/\/www.pressenza.com\/it\/wp-json\/wp\/v2\/posts"}],"about":[{"href":"https:\/\/www.pressenza.com\/it\/wp-json\/wp\/v2\/types\/post"}],"author":[{"embeddable":true,"href":"https:\/\/www.pressenza.com\/it\/wp-json\/wp\/v2\/users\/995"}],"replies":[{"embeddable":true,"href":"https:\/\/www.pressenza.com\/it\/wp-json\/wp\/v2\/comments?post=1338273"}],"version-history":[{"count":0,"href":"https:\/\/www.pressenza.com\/it\/wp-json\/wp\/v2\/posts\/1338273\/revisions"}],"wp:featuredmedia":[{"embeddable":true,"href":"https:\/\/www.pressenza.com\/it\/wp-json\/wp\/v2\/media\/1338275"}],"wp:attachment":[{"href":"https:\/\/www.pressenza.com\/it\/wp-json\/wp\/v2\/media?parent=1338273"}],"wp:term":[{"taxonomy":"category","embeddable":true,"href":"https:\/\/www.pressenza.com\/it\/wp-json\/wp\/v2\/categories?post=1338273"},{"taxonomy":"post_tag","embeddable":true,"href":"https:\/\/www.pressenza.com\/it\/wp-json\/wp\/v2\/tags?post=1338273"}],"curies":[{"name":"wp","href":"https:\/\/api.w.org\/{rel}","templated":true}]}}