{"id":1332310,"date":"2021-04-01T15:49:02","date_gmt":"2021-04-01T14:49:02","guid":{"rendered":"https:\/\/www.pressenza.com\/?p=1332310"},"modified":"2021-04-01T15:51:29","modified_gmt":"2021-04-01T14:51:29","slug":"francia-il-solidale-cedric-herrou-assolto-anche-in-cassazione","status":"publish","type":"post","link":"https:\/\/www.pressenza.com\/it\/2021\/04\/francia-il-solidale-cedric-herrou-assolto-anche-in-cassazione\/","title":{"rendered":"Francia, il solidale C\u00e9dric Herrou assolto anche in Cassazione"},"content":{"rendered":"<p>Il 31 marzo la Corte di Cassazione francese ha confermato la sentenza di assoluzione emessa il 13 maggio 2020 dalla Corte d\u2019Appello di Lione, dichiarando inammissibile il ricorso presentato dalla Procura Generale.<\/p>\n<p>Dopo quattro anni e mezzo e numerose comparizioni in tribunale per difendersi dall\u2019accusa di favoreggiamento dell\u2019immigrazione illegale, per la quale era stato condannato in primo grado, <strong>C\u00e9dric Herrou,<\/strong> il contadino della Val Roja che nell\u2019ottobre 2016 aveva dato cibo e assistenza a migranti in transito, ha avuto finalmente giustizia: come gi\u00e0 sancito dal Consiglio Costituzionale nel luglio 2018, la solidariet\u00e0 non pu\u00f2 essere passibile di conseguenze giuridiche.<\/p>\n<p>&nbsp;<\/p>\n<p>&nbsp;<\/p>\n","protected":false},"excerpt":{"rendered":"<p>Il 31 marzo la Corte di Cassazione francese ha confermato la sentenza di assoluzione emessa il 13 maggio 2020 dalla Corte d\u2019Appello di Lione, dichiarando inammissibile il ricorso presentato dalla Procura Generale. Dopo quattro anni e mezzo e numerose comparizioni&hellip;<\/p>\n","protected":false},"author":1334,"featured_media":775357,"comment_status":"closed","ping_status":"closed","sticky":false,"template":"","format":"standard","meta":{"footnotes":""},"categories":[11388,60,47],"tags":[51292,75528,3208,2636,1634],"class_list":["post-1332310","post","type-post","status-publish","format-standard","has-post-thumbnail","hentry","category-contenuti-originali","category-diritti-umani","category-europa","tag-assoluzione","tag-cedric-herrou-it","tag-francia-it","tag-migranti","tag-solidarieta"],"yoast_head":"<!-- This site is optimized with the Yoast SEO plugin v27.1.1 - https:\/\/yoast.com\/product\/yoast-seo-wordpress\/ -->\n<title>Francia, il solidale C\u00e9dric Herrou assolto anche in Cassazione<\/title>\n<meta name=\"description\" content=\"Il 31 marzo la Corte di Cassazione francese ha confermato la sentenza di assoluzione emessa il 13 maggio 2020 dalla Corte d\u2019Appello di Lione, dichiarando\" \/>\n<meta name=\"robots\" content=\"index, follow, max-snippet:-1, max-image-preview:large, max-video-preview:-1\" \/>\n<link rel=\"canonical\" href=\"https:\/\/www.pressenza.com\/it\/2021\/04\/francia-il-solidale-cedric-herrou-assolto-anche-in-cassazione\/\" \/>\n<meta property=\"og:locale\" content=\"it_IT\" \/>\n<meta property=\"og:type\" content=\"article\" \/>\n<meta property=\"og:title\" content=\"Francia, il solidale C\u00e9dric Herrou assolto anche in Cassazione\" \/>\n<meta property=\"og:description\" content=\"Il 31 marzo la Corte di Cassazione francese ha confermato la sentenza di assoluzione emessa il 13 maggio 2020 dalla Corte d\u2019Appello di Lione, dichiarando\" \/>\n<meta property=\"og:url\" content=\"https:\/\/www.pressenza.com\/it\/2021\/04\/francia-il-solidale-cedric-herrou-assolto-anche-in-cassazione\/\" \/>\n<meta property=\"og:site_name\" content=\"Pressenza\" \/>\n<meta property=\"article:publisher\" content=\"https:\/\/www.facebook.com\/PressenzaItalia\" \/>\n<meta property=\"article:author\" content=\"https:\/\/www.facebook.com\/p\/Riccardo-Noury-100041166531808\/\" \/>\n<meta property=\"article:published_time\" content=\"2021-04-01T14:49:02+00:00\" \/>\n<meta property=\"article:modified_time\" content=\"2021-04-01T14:51:29+00:00\" \/>\n<meta property=\"og:image\" content=\"https:\/\/www.pressenza.com\/wp-content\/uploads\/2018\/12\/riviera24-cedric-herrou.jpg\" \/>\n\t<meta property=\"og:image:width\" content=\"1024\" \/>\n\t<meta property=\"og:image:height\" content=\"682\" \/>\n\t<meta property=\"og:image:type\" content=\"image\/jpeg\" \/>\n<meta name=\"author\" content=\"Riccardo Noury\" \/>\n<meta name=\"twitter:card\" content=\"summary_large_image\" \/>\n<meta name=\"twitter:creator\" content=\"@riccardonoury\" \/>\n<meta name=\"twitter:site\" content=\"@PressenzaIPA\" \/>\n<meta name=\"twitter:label1\" content=\"Scritto da\" \/>\n\t<meta name=\"twitter:data1\" content=\"Riccardo Noury\" \/>\n\t<meta name=\"twitter:label2\" content=\"Tempo di lettura stimato\" \/>\n\t<meta name=\"twitter:data2\" content=\"1 minuto\" \/>\n<script type=\"application\/ld+json\" class=\"yoast-schema-graph\">{\"@context\":\"https:\/\/schema.org\",\"@graph\":[{\"@type\":\"Article\",\"@id\":\"https:\/\/www.pressenza.com\/it\/2021\/04\/francia-il-solidale-cedric-herrou-assolto-anche-in-cassazione\/#article\",\"isPartOf\":{\"@id\":\"https:\/\/www.pressenza.com\/it\/2021\/04\/francia-il-solidale-cedric-herrou-assolto-anche-in-cassazione\/\"},\"author\":{\"name\":\"Riccardo Noury\",\"@id\":\"https:\/\/www.pressenza.com\/it\/#\/schema\/person\/8f342cd59f9d5aae911255240684f81e\"},\"headline\":\"Francia, il solidale C\u00e9dric Herrou assolto anche in Cassazione\",\"datePublished\":\"2021-04-01T14:49:02+00:00\",\"dateModified\":\"2021-04-01T14:51:29+00:00\",\"mainEntityOfPage\":{\"@id\":\"https:\/\/www.pressenza.com\/it\/2021\/04\/francia-il-solidale-cedric-herrou-assolto-anche-in-cassazione\/\"},\"wordCount\":111,\"publisher\":{\"@id\":\"https:\/\/www.pressenza.com\/it\/#organization\"},\"image\":{\"@id\":\"https:\/\/www.pressenza.com\/it\/2021\/04\/francia-il-solidale-cedric-herrou-assolto-anche-in-cassazione\/#primaryimage\"},\"thumbnailUrl\":\"https:\/\/www.pressenza.com\/wp-content\/uploads\/2018\/12\/riviera24-cedric-herrou.jpg\",\"keywords\":[\"assoluzione\",\"C\u00e9dric Herrou\",\"Francia\",\"migranti\",\"solidariet\u00e0\"],\"articleSection\":[\"contenuti originali\",\"Diritti Umani\",\"Europa\"],\"inLanguage\":\"it-IT\"},{\"@type\":\"WebPage\",\"@id\":\"https:\/\/www.pressenza.com\/it\/2021\/04\/francia-il-solidale-cedric-herrou-assolto-anche-in-cassazione\/\",\"url\":\"https:\/\/www.pressenza.com\/it\/2021\/04\/francia-il-solidale-cedric-herrou-assolto-anche-in-cassazione\/\",\"name\":\"Francia, il solidale C\u00e9dric Herrou assolto anche in Cassazione\",\"isPartOf\":{\"@id\":\"https:\/\/www.pressenza.com\/it\/#website\"},\"primaryImageOfPage\":{\"@id\":\"https:\/\/www.pressenza.com\/it\/2021\/04\/francia-il-solidale-cedric-herrou-assolto-anche-in-cassazione\/#primaryimage\"},\"image\":{\"@id\":\"https:\/\/www.pressenza.com\/it\/2021\/04\/francia-il-solidale-cedric-herrou-assolto-anche-in-cassazione\/#primaryimage\"},\"thumbnailUrl\":\"https:\/\/www.pressenza.com\/wp-content\/uploads\/2018\/12\/riviera24-cedric-herrou.jpg\",\"datePublished\":\"2021-04-01T14:49:02+00:00\",\"dateModified\":\"2021-04-01T14:51:29+00:00\",\"description\":\"Il 31 marzo la Corte di Cassazione francese ha confermato la sentenza di assoluzione emessa il 13 maggio 2020 dalla Corte d\u2019Appello di Lione, dichiarando\",\"breadcrumb\":{\"@id\":\"https:\/\/www.pressenza.com\/it\/2021\/04\/francia-il-solidale-cedric-herrou-assolto-anche-in-cassazione\/#breadcrumb\"},\"inLanguage\":\"it-IT\",\"potentialAction\":[{\"@type\":\"ReadAction\",\"target\":[\"https:\/\/www.pressenza.com\/it\/2021\/04\/francia-il-solidale-cedric-herrou-assolto-anche-in-cassazione\/\"]}]},{\"@type\":\"ImageObject\",\"inLanguage\":\"it-IT\",\"@id\":\"https:\/\/www.pressenza.com\/it\/2021\/04\/francia-il-solidale-cedric-herrou-assolto-anche-in-cassazione\/#primaryimage\",\"url\":\"https:\/\/www.pressenza.com\/wp-content\/uploads\/2018\/12\/riviera24-cedric-herrou.jpg\",\"contentUrl\":\"https:\/\/www.pressenza.com\/wp-content\/uploads\/2018\/12\/riviera24-cedric-herrou.jpg\",\"width\":1024,\"height\":682},{\"@type\":\"BreadcrumbList\",\"@id\":\"https:\/\/www.pressenza.com\/it\/2021\/04\/francia-il-solidale-cedric-herrou-assolto-anche-in-cassazione\/#breadcrumb\",\"itemListElement\":[{\"@type\":\"ListItem\",\"position\":1,\"name\":\"Accueil\",\"item\":\"https:\/\/www.pressenza.com\/it\/\"},{\"@type\":\"ListItem\",\"position\":2,\"name\":\"Francia, il solidale C\u00e9dric Herrou assolto anche in Cassazione\"}]},{\"@type\":\"WebSite\",\"@id\":\"https:\/\/www.pressenza.com\/it\/#website\",\"url\":\"https:\/\/www.pressenza.com\/it\/\",\"name\":\"Pressenza\",\"description\":\"Agenzia di Stampa Internazionale\",\"publisher\":{\"@id\":\"https:\/\/www.pressenza.com\/it\/#organization\"},\"potentialAction\":[{\"@type\":\"SearchAction\",\"target\":{\"@type\":\"EntryPoint\",\"urlTemplate\":\"https:\/\/www.pressenza.com\/it\/?s={search_term_string}\"},\"query-input\":{\"@type\":\"PropertyValueSpecification\",\"valueRequired\":true,\"valueName\":\"search_term_string\"}}],\"inLanguage\":\"it-IT\"},{\"@type\":\"Organization\",\"@id\":\"https:\/\/www.pressenza.com\/it\/#organization\",\"name\":\"Pressenza\",\"url\":\"https:\/\/www.pressenza.com\/it\/\",\"logo\":{\"@type\":\"ImageObject\",\"inLanguage\":\"it-IT\",\"@id\":\"https:\/\/www.pressenza.com\/it\/#\/schema\/logo\/image\/\",\"url\":\"https:\/\/www.pressenza.com\/wp-content\/uploads\/2022\/10\/pressenza_logo_200x200.jpg\",\"contentUrl\":\"https:\/\/www.pressenza.com\/wp-content\/uploads\/2022\/10\/pressenza_logo_200x200.jpg\",\"width\":200,\"height\":200,\"caption\":\"Pressenza\"},\"image\":{\"@id\":\"https:\/\/www.pressenza.com\/it\/#\/schema\/logo\/image\/\"},\"sameAs\":[\"https:\/\/www.facebook.com\/PressenzaItalia\",\"https:\/\/x.com\/PressenzaIPA\"]},{\"@type\":\"Person\",\"@id\":\"https:\/\/www.pressenza.com\/it\/#\/schema\/person\/8f342cd59f9d5aae911255240684f81e\",\"name\":\"Riccardo Noury\",\"sameAs\":[\"http:\/\/www.amnesty.it\/\",\"https:\/\/www.facebook.com\/p\/Riccardo-Noury-100041166531808\/\",\"https:\/\/www.instagram.com\/riccardonoury9241\",\"https:\/\/x.com\/riccardonoury\"],\"url\":\"https:\/\/www.pressenza.com\/it\/author\/riccardo-noury\/\"}]}<\/script>\n<!-- \/ Yoast SEO plugin. -->","yoast_head_json":{"title":"Francia, il solidale C\u00e9dric Herrou assolto anche in Cassazione","description":"Il 31 marzo la Corte di Cassazione francese ha confermato la sentenza di assoluzione emessa il 13 maggio 2020 dalla Corte d\u2019Appello di Lione, dichiarando","robots":{"index":"index","follow":"follow","max-snippet":"max-snippet:-1","max-image-preview":"max-image-preview:large","max-video-preview":"max-video-preview:-1"},"canonical":"https:\/\/www.pressenza.com\/it\/2021\/04\/francia-il-solidale-cedric-herrou-assolto-anche-in-cassazione\/","og_locale":"it_IT","og_type":"article","og_title":"Francia, il solidale C\u00e9dric Herrou assolto anche in Cassazione","og_description":"Il 31 marzo la Corte di Cassazione francese ha confermato la sentenza di assoluzione emessa il 13 maggio 2020 dalla Corte d\u2019Appello di Lione, dichiarando","og_url":"https:\/\/www.pressenza.com\/it\/2021\/04\/francia-il-solidale-cedric-herrou-assolto-anche-in-cassazione\/","og_site_name":"Pressenza","article_publisher":"https:\/\/www.facebook.com\/PressenzaItalia","article_author":"https:\/\/www.facebook.com\/p\/Riccardo-Noury-100041166531808\/","article_published_time":"2021-04-01T14:49:02+00:00","article_modified_time":"2021-04-01T14:51:29+00:00","og_image":[{"width":1024,"height":682,"url":"https:\/\/www.pressenza.com\/wp-content\/uploads\/2018\/12\/riviera24-cedric-herrou.jpg","type":"image\/jpeg"}],"author":"Riccardo Noury","twitter_card":"summary_large_image","twitter_creator":"@riccardonoury","twitter_site":"@PressenzaIPA","twitter_misc":{"Scritto da":"Riccardo Noury","Tempo di lettura stimato":"1 minuto"},"schema":{"@context":"https:\/\/schema.org","@graph":[{"@type":"Article","@id":"https:\/\/www.pressenza.com\/it\/2021\/04\/francia-il-solidale-cedric-herrou-assolto-anche-in-cassazione\/#article","isPartOf":{"@id":"https:\/\/www.pressenza.com\/it\/2021\/04\/francia-il-solidale-cedric-herrou-assolto-anche-in-cassazione\/"},"author":{"name":"Riccardo Noury","@id":"https:\/\/www.pressenza.com\/it\/#\/schema\/person\/8f342cd59f9d5aae911255240684f81e"},"headline":"Francia, il solidale C\u00e9dric Herrou assolto anche in Cassazione","datePublished":"2021-04-01T14:49:02+00:00","dateModified":"2021-04-01T14:51:29+00:00","mainEntityOfPage":{"@id":"https:\/\/www.pressenza.com\/it\/2021\/04\/francia-il-solidale-cedric-herrou-assolto-anche-in-cassazione\/"},"wordCount":111,"publisher":{"@id":"https:\/\/www.pressenza.com\/it\/#organization"},"image":{"@id":"https:\/\/www.pressenza.com\/it\/2021\/04\/francia-il-solidale-cedric-herrou-assolto-anche-in-cassazione\/#primaryimage"},"thumbnailUrl":"https:\/\/www.pressenza.com\/wp-content\/uploads\/2018\/12\/riviera24-cedric-herrou.jpg","keywords":["assoluzione","C\u00e9dric Herrou","Francia","migranti","solidariet\u00e0"],"articleSection":["contenuti originali","Diritti Umani","Europa"],"inLanguage":"it-IT"},{"@type":"WebPage","@id":"https:\/\/www.pressenza.com\/it\/2021\/04\/francia-il-solidale-cedric-herrou-assolto-anche-in-cassazione\/","url":"https:\/\/www.pressenza.com\/it\/2021\/04\/francia-il-solidale-cedric-herrou-assolto-anche-in-cassazione\/","name":"Francia, il solidale C\u00e9dric Herrou assolto anche in Cassazione","isPartOf":{"@id":"https:\/\/www.pressenza.com\/it\/#website"},"primaryImageOfPage":{"@id":"https:\/\/www.pressenza.com\/it\/2021\/04\/francia-il-solidale-cedric-herrou-assolto-anche-in-cassazione\/#primaryimage"},"image":{"@id":"https:\/\/www.pressenza.com\/it\/2021\/04\/francia-il-solidale-cedric-herrou-assolto-anche-in-cassazione\/#primaryimage"},"thumbnailUrl":"https:\/\/www.pressenza.com\/wp-content\/uploads\/2018\/12\/riviera24-cedric-herrou.jpg","datePublished":"2021-04-01T14:49:02+00:00","dateModified":"2021-04-01T14:51:29+00:00","description":"Il 31 marzo la Corte di Cassazione francese ha confermato la sentenza di assoluzione emessa il 13 maggio 2020 dalla Corte d\u2019Appello di Lione, dichiarando","breadcrumb":{"@id":"https:\/\/www.pressenza.com\/it\/2021\/04\/francia-il-solidale-cedric-herrou-assolto-anche-in-cassazione\/#breadcrumb"},"inLanguage":"it-IT","potentialAction":[{"@type":"ReadAction","target":["https:\/\/www.pressenza.com\/it\/2021\/04\/francia-il-solidale-cedric-herrou-assolto-anche-in-cassazione\/"]}]},{"@type":"ImageObject","inLanguage":"it-IT","@id":"https:\/\/www.pressenza.com\/it\/2021\/04\/francia-il-solidale-cedric-herrou-assolto-anche-in-cassazione\/#primaryimage","url":"https:\/\/www.pressenza.com\/wp-content\/uploads\/2018\/12\/riviera24-cedric-herrou.jpg","contentUrl":"https:\/\/www.pressenza.com\/wp-content\/uploads\/2018\/12\/riviera24-cedric-herrou.jpg","width":1024,"height":682},{"@type":"BreadcrumbList","@id":"https:\/\/www.pressenza.com\/it\/2021\/04\/francia-il-solidale-cedric-herrou-assolto-anche-in-cassazione\/#breadcrumb","itemListElement":[{"@type":"ListItem","position":1,"name":"Accueil","item":"https:\/\/www.pressenza.com\/it\/"},{"@type":"ListItem","position":2,"name":"Francia, il solidale C\u00e9dric Herrou assolto anche in Cassazione"}]},{"@type":"WebSite","@id":"https:\/\/www.pressenza.com\/it\/#website","url":"https:\/\/www.pressenza.com\/it\/","name":"Pressenza","description":"Agenzia di Stampa Internazionale","publisher":{"@id":"https:\/\/www.pressenza.com\/it\/#organization"},"potentialAction":[{"@type":"SearchAction","target":{"@type":"EntryPoint","urlTemplate":"https:\/\/www.pressenza.com\/it\/?s={search_term_string}"},"query-input":{"@type":"PropertyValueSpecification","valueRequired":true,"valueName":"search_term_string"}}],"inLanguage":"it-IT"},{"@type":"Organization","@id":"https:\/\/www.pressenza.com\/it\/#organization","name":"Pressenza","url":"https:\/\/www.pressenza.com\/it\/","logo":{"@type":"ImageObject","inLanguage":"it-IT","@id":"https:\/\/www.pressenza.com\/it\/#\/schema\/logo\/image\/","url":"https:\/\/www.pressenza.com\/wp-content\/uploads\/2022\/10\/pressenza_logo_200x200.jpg","contentUrl":"https:\/\/www.pressenza.com\/wp-content\/uploads\/2022\/10\/pressenza_logo_200x200.jpg","width":200,"height":200,"caption":"Pressenza"},"image":{"@id":"https:\/\/www.pressenza.com\/it\/#\/schema\/logo\/image\/"},"sameAs":["https:\/\/www.facebook.com\/PressenzaItalia","https:\/\/x.com\/PressenzaIPA"]},{"@type":"Person","@id":"https:\/\/www.pressenza.com\/it\/#\/schema\/person\/8f342cd59f9d5aae911255240684f81e","name":"Riccardo Noury","sameAs":["http:\/\/www.amnesty.it\/","https:\/\/www.facebook.com\/p\/Riccardo-Noury-100041166531808\/","https:\/\/www.instagram.com\/riccardonoury9241","https:\/\/x.com\/riccardonoury"],"url":"https:\/\/www.pressenza.com\/it\/author\/riccardo-noury\/"}]}},"place":"","original_article_url":"","_links":{"self":[{"href":"https:\/\/www.pressenza.com\/it\/wp-json\/wp\/v2\/posts\/1332310","targetHints":{"allow":["GET"]}}],"collection":[{"href":"https:\/\/www.pressenza.com\/it\/wp-json\/wp\/v2\/posts"}],"about":[{"href":"https:\/\/www.pressenza.com\/it\/wp-json\/wp\/v2\/types\/post"}],"author":[{"embeddable":true,"href":"https:\/\/www.pressenza.com\/it\/wp-json\/wp\/v2\/users\/1334"}],"replies":[{"embeddable":true,"href":"https:\/\/www.pressenza.com\/it\/wp-json\/wp\/v2\/comments?post=1332310"}],"version-history":[{"count":0,"href":"https:\/\/www.pressenza.com\/it\/wp-json\/wp\/v2\/posts\/1332310\/revisions"}],"wp:featuredmedia":[{"embeddable":true,"href":"https:\/\/www.pressenza.com\/it\/wp-json\/wp\/v2\/media\/775357"}],"wp:attachment":[{"href":"https:\/\/www.pressenza.com\/it\/wp-json\/wp\/v2\/media?parent=1332310"}],"wp:term":[{"taxonomy":"category","embeddable":true,"href":"https:\/\/www.pressenza.com\/it\/wp-json\/wp\/v2\/categories?post=1332310"},{"taxonomy":"post_tag","embeddable":true,"href":"https:\/\/www.pressenza.com\/it\/wp-json\/wp\/v2\/tags?post=1332310"}],"curies":[{"name":"wp","href":"https:\/\/api.w.org\/{rel}","templated":true}]}}