{"id":1329990,"date":"2021-03-28T18:44:27","date_gmt":"2021-03-28T17:44:27","guid":{"rendered":"https:\/\/www.pressenza.com\/?p=1329990"},"modified":"2021-03-28T18:45:55","modified_gmt":"2021-03-28T17:45:55","slug":"militari-italiani-ad-addestrarsi-alla-guerra-in-egitto-ma-guerini-non-lo-sa","status":"publish","type":"post","link":"https:\/\/www.pressenza.com\/it\/2021\/03\/militari-italiani-ad-addestrarsi-alla-guerra-in-egitto-ma-guerini-non-lo-sa\/","title":{"rendered":"Militari italiani ad addestrarsi alla guerra in Egitto, ma Guerini non lo sa"},"content":{"rendered":"<p>\u201cAbbiamo provveduto a rarefare le nostre interazioni, visite, scambi di personale, attivit\u00e0 addestrative congiunte, escludendo, gi\u00e0 a partire dal 2017, quelle di potenziale attenzione mediatica soprattutto per la controparte, quelle di alto valore operativo con il coinvolgimento di assetti pregiati,\u00a0<em>intelligence<\/em> e forze speciali\u2026\u201d. Per il ministro della difesa Lorenzo Guerini, ascoltato l\u2019estate scorsa in Commissione parlamentare d\u2019inchiesta sull\u2019omicidio di Giulio Regeni, le relazioni tra le forze armate italiane e quelle della Repubblica Araba d\u2019Egitto si sono inevitabilmente <em>raffreddate<\/em>\u00a0dopo la morte del giovane ricercatore e l\u2019evidente indisponibilit\u00e0 del regime di al-Sisi a far luce sui responsabili del suo rapimento e della sua esecuzione.<\/p>\n<p>Alcune note stampa del governo egiziano e del Pentagono smentiscono per\u00f2 il ministro Guerini: nel settembre 2018, infatti, i militari italiani sono stati impegnati in una lunga e complessa esercitazione aeronavale e terrestre nell\u2019Egitto nord-occidentale, accanto ai reparti d\u2019\u00e9lite delle forze armate egiziane e USA e di quelle di altri due imbarazzanti partner mediorientali, l\u2019Arabia Saudita e gli Emirati Arabi Uniti, contestualmente impegnati a bombardare la popolazione civile in Yemen anche con velivoli e bombe\u00a0<em>made in Italy<\/em>. Peccato per\u00f2 che della partecipazione italiana alla maxi-esercitazione multinazionale in Egitto non c\u2019\u00e8 traccia nei report dello Stato Maggiore della difesa, di norma prodigo a fornire particolari sugli uomini e i sistemi d\u2019arma impiegati nei giochi di guerra d\u2019oltremare.<\/p>\n<p><em>Bright Star<\/em>, cio\u00e8\u00a0<em>stella luminosa<\/em>, \u00e8 il nome in codice dell\u2019esercitazione tenutasi dal 10 al 20 settembre 2018 ad ovest di Alessandria d\u2019Egitto, con quartier generale e comando operativo nella base militare\u00a0\u201cMohamed Naguib del governatorato di Marsa Matruh, al confine con la Libia.\u00a0Secondo il portavoce delle forze armate egiziane,\u00a0Tamer El-Refaei,\u00a0a\u00a0<em>Bright Star 2018<\/em>\u00a0hanno partecipato unit\u00e0 di Egitto, Stati Uniti d\u2019America, Grecia, Giordania, Italia, Francia, Arabia Saudita, Regno Unito ed Emirati Arabi, pi\u00f9 \u201cosservatori\u201d provenienti da 13 nazioni:\u00a0Libano, Rwanda, Iraq, Pakistan, India, Kenya, Tanzania, Uganda, Repubblica Democratica del Congo, Ciad, Sud Africa, Senegal e Canada.<\/p>\n<p>War games all\u2019ombra delle piramidi tornati all\u2019antico splendore dopo quasi dieci anni di stop per le crisi politiche che hanno investito l\u2019Egitto con la primavera araba e per le tensioni tra Washington e il Cairo al tempo di Obama a causa della repressione delle opposizioni da parte della giunta del generale al-Sisi.\u00a0<em>Bright Star<\/em>\u00a0aveva preso il via con cadenza biennale dopo il 1981 e con la sola partecipazione delle forze armate USA ed egiziane per poi allargarsi ad altri paesi alleati dopo l\u201911 settembre 2001.\u00a0Alle due ultime edizioni (2007 e 2009) avevano partecipato anche alcuni reparti terrestri e aerei italiani con tanto di comunicato stampa del Ministero della Difesa. Nel settembre 2018, il caso Regeni e forse la stessa presenza dei cacciabombardieri delle petromonarchie arabe reduci dalle operazioni in Yemen devono invece aver convinto il governo a evitare ogni menzione sull\u2019inopportuna trasferta militare in Egitto.<\/p>\n<p>\u201cL\u2019esercitazione\u00a0<em>Bright Star<\/em>\u00a0si inserisce nel quadro delle esercitazioni militari congiunte tra le forze armate egiziane e quelle di altri paesi, con lo scopo di promuovere e accrescere le relazioni dell\u2019Egitto con i suoi vicini e Ie nazioni partner, nonostante gli odierni difficili tempi nella regione mediorientale\u201d, riporta la nota stampa dello Stato Maggiore egiziano. \u201cLo spirito delle esercitazioni \u00e8 quello di scambiare le esperienze e assicurare il coordinamento tra le unit\u00e0 partecipanti, standardizzare le strategie e rafforzare le reciproche competenze, cos\u00ec come sviluppare le metodologie operative e l\u2019addestramento anti-terrorismo e la guerra non-tradizionale\u201d.<\/p>\n<p>Lunghissimo l\u2019elenco delle attivit\u00e0 belliche realizzate nel corso di\u00a0<em>Stella luminosa 2018<\/em>: bombardamenti e combattimenti in aria, missioni di velivoli da riconoscimento per l\u2019individuazione di \u201cgruppi e obiettivi terroristici\u201d, operazioni di guerra psicologica, rifornimento in volo, supporto di fuoco alle forze terresti, lanci di paracadutisti, finanche la simulazione dell\u2019infiltrazione di un gruppo armato di terroristi in un\u2019area residenziale e la sua \u201cpurificazione\u201d da parte delle forze speciali. \u00a0\u201cSono stati schierati inoltre i principali gruppi da combattimento della fanteria meccanizzata, supportati da una combinazione di cacciabombardieri ed elicotteri dotati di cannoniere, per effettuare l\u2019incursione ed asssistere gli elementi delle forze d\u2019assalto di diversi paesi per ripulire e controllare il villaggio occupato e arrestare i terroristi presenti, mentre il personale medico e logistico si \u00e8 incaricato di riparare le infrastrutture colpite e fornire alla popolazione i beni e i servizi necessari\u201d, aggiungeva lo Stato Maggiore egiziano.<\/p>\n<p>Numerose anche le attivit\u00e0 svolte in ambito navale: combattimento contro le \u201cminacce non stereotipate\u201d, esercitazioni congiunte diurne e notturne, scambio di elicotteri a bordo delle differenti unit\u00e0 da guerra, utilizzo dal vivo di munizioni di calibri differenti contro molteplici\u00a0<em>target<\/em>, caccia ai sottomarini in immersione, assalto di navi sospette, neutralizzazionene e detonazione di mine subacque, operazioni di ricerca e soccorso (SAR), evacuazione di personale ferito, ecc.. A coordinare e visionare\u00a0<em>Bright Star<\/em>\u00a0i vertici delle forze armate di Egitto e Stati Uniti: il ministro della difesa\u00a0gen. Mohamed Zaki e il Capo di Stato maggiore dell\u2019esercito gen.\u00a0Mohamed Farid per il paese nordafricano; il Comandante in capo del Comando centrale CENTCOM, gen. Joseph Votel e il Comandante di US Army, gen. Michael Garrett, per gli USA. Ignoti sino ad oggi i reparti italiani impiegati.<\/p>\n<p>Tre mesi pi\u00f9 tardi di\u00a0<em>Bright Star<\/em>, le forze aeronavali di Egitto, Regno Unito ed Italia si sono ritrovate fianco a fianco in un\u2019esercitazione nelle acque nazionali egiziane del Mediterraneo. \u201cNumerose le operazioni svolte insieme da diverse unit\u00e0 da guerra della Marina egiziana, dall\u2019unit\u00e0 da sbarco\u00a0<em>RFA Lyme Bay<\/em>\u00a0del Regno Unito e dalla fregata\u00a0<em>Carabiniere<\/em>\u00a0italiana\u201d, riporta il comunicato emesso dal regime di al-Sisi. \u201cEsse hanno avuto lo scopo di identificare nuove tattiche da combattimento navale e contro differenti minacce alla sicurezza nel Mediterraneo. L\u2019esercitazione ha evidenziato la capacit\u00e0 difensiva e l\u2019efficienza delle forze partecipanti nell\u2019implementare e svolgere missioni e compiti collettivi\u201d. Per la cronaca, la Carabiniere \u00e8 una fregata missilistica della classe\u00a0<em>Bergamini<\/em>\u00a0specializzata nella lotta anti-sommergibile. Fincantieri S.p.A. ha venduto lo scorso anno due unit\u00e0 simili alla Marina egiziana; la prima fregata \u00e8 stata consegnata a fine dicembre 2021, mentre la seconda dovrebbe giungere ad Alessandria da qui a pochi mesi.<\/p>\n<p>Sempre secondo lo Stato Maggiore delle forze armate egiziane,\u00a0<em>osservatori militari<\/em>\u00a0italiani hanno presenziato all\u2019esercitazione aero-navale \u201cMedusa 10\u201d che si \u00e8 tenuta nelle acque del Mediterraneo nel dicembre 2020, presenti le unit\u00e0 di Egitto, Grecia, Francia e Cipro. Ad assistere ai war games anche gli osservatori di Germania, USA, Giordania, Sudan, Arabia Saudita ed Emirati Arabi. Alla guida del Ministero della difesa italiano &#8211; allora come oggi &#8211; Lorenzo Guerini\u2026<\/p>\n","protected":false},"excerpt":{"rendered":"<p>\u201cAbbiamo provveduto a rarefare le nostre interazioni, visite, scambi di personale, attivit\u00e0 addestrative congiunte, escludendo, gi\u00e0 a partire dal 2017, quelle di potenziale attenzione mediatica soprattutto per la controparte, quelle di alto valore operativo con il coinvolgimento di assetti pregiati,\u00a0intelligence&hellip;<\/p>\n","protected":false},"author":689,"featured_media":1329991,"comment_status":"closed","ping_status":"closed","sticky":false,"template":"","format":"standard","meta":{"footnotes":""},"categories":[47,52,1263],"tags":[44625,2827,4437,65141],"class_list":["post-1329990","post","type-post","status-publish","format-standard","has-post-thumbnail","hentry","category-europa","category-medio-oriente","category-pace-disarmo","tag-caso-regeni","tag-egitto","tag-esercitazioni-militari","tag-lorenzo-guerini"],"yoast_head":"<!-- This site is optimized with the Yoast SEO plugin v27.1.1 - https:\/\/yoast.com\/product\/yoast-seo-wordpress\/ -->\n<title>Militari italiani ad addestrarsi alla guerra in Egitto, ma Guerini non lo sa<\/title>\n<meta name=\"description\" content=\"\u201cAbbiamo provveduto a rarefare le nostre interazioni, visite, scambi di personale, attivit\u00e0 addestrative congiunte, escludendo, gi\u00e0 a partire dal 2017,\" \/>\n<meta name=\"robots\" content=\"index, follow, max-snippet:-1, max-image-preview:large, max-video-preview:-1\" \/>\n<link rel=\"canonical\" href=\"https:\/\/www.pressenza.com\/it\/2021\/03\/militari-italiani-ad-addestrarsi-alla-guerra-in-egitto-ma-guerini-non-lo-sa\/\" \/>\n<meta property=\"og:locale\" content=\"it_IT\" \/>\n<meta property=\"og:type\" content=\"article\" \/>\n<meta property=\"og:title\" content=\"Militari italiani ad addestrarsi alla guerra in Egitto, ma Guerini non lo sa\" \/>\n<meta property=\"og:description\" content=\"\u201cAbbiamo provveduto a rarefare le nostre interazioni, visite, scambi di personale, attivit\u00e0 addestrative congiunte, escludendo, gi\u00e0 a partire dal 2017,\" \/>\n<meta property=\"og:url\" content=\"https:\/\/www.pressenza.com\/it\/2021\/03\/militari-italiani-ad-addestrarsi-alla-guerra-in-egitto-ma-guerini-non-lo-sa\/\" \/>\n<meta property=\"og:site_name\" content=\"Pressenza\" \/>\n<meta property=\"article:publisher\" content=\"https:\/\/www.facebook.com\/PressenzaItalia\" \/>\n<meta property=\"article:published_time\" content=\"2021-03-28T17:44:27+00:00\" \/>\n<meta property=\"article:modified_time\" content=\"2021-03-28T17:45:55+00:00\" \/>\n<meta property=\"og:image\" content=\"https:\/\/www.pressenza.com\/wp-content\/uploads\/2021\/03\/Esercitazione-militare-Egitto-1024x730-1.png\" \/>\n\t<meta property=\"og:image:width\" content=\"1024\" \/>\n\t<meta property=\"og:image:height\" content=\"730\" \/>\n\t<meta property=\"og:image:type\" content=\"image\/png\" \/>\n<meta name=\"author\" content=\"Antonio Mazzeo\" \/>\n<meta name=\"twitter:card\" content=\"summary_large_image\" \/>\n<meta name=\"twitter:creator\" content=\"@PressenzaIPA\" \/>\n<meta name=\"twitter:site\" content=\"@PressenzaIPA\" \/>\n<meta name=\"twitter:label1\" content=\"Scritto da\" \/>\n\t<meta name=\"twitter:data1\" content=\"Antonio Mazzeo\" \/>\n\t<meta name=\"twitter:label2\" content=\"Tempo di lettura stimato\" \/>\n\t<meta name=\"twitter:data2\" content=\"5 minuti\" \/>\n<script type=\"application\/ld+json\" class=\"yoast-schema-graph\">{\"@context\":\"https:\/\/schema.org\",\"@graph\":[{\"@type\":\"Article\",\"@id\":\"https:\/\/www.pressenza.com\/it\/2021\/03\/militari-italiani-ad-addestrarsi-alla-guerra-in-egitto-ma-guerini-non-lo-sa\/#article\",\"isPartOf\":{\"@id\":\"https:\/\/www.pressenza.com\/it\/2021\/03\/militari-italiani-ad-addestrarsi-alla-guerra-in-egitto-ma-guerini-non-lo-sa\/\"},\"author\":{\"name\":\"Antonio Mazzeo\",\"@id\":\"https:\/\/www.pressenza.com\/it\/#\/schema\/person\/13ac8d810e50349ceb227357a00fb87a\"},\"headline\":\"Militari italiani ad addestrarsi alla guerra in Egitto, ma Guerini non lo sa\",\"datePublished\":\"2021-03-28T17:44:27+00:00\",\"dateModified\":\"2021-03-28T17:45:55+00:00\",\"mainEntityOfPage\":{\"@id\":\"https:\/\/www.pressenza.com\/it\/2021\/03\/militari-italiani-ad-addestrarsi-alla-guerra-in-egitto-ma-guerini-non-lo-sa\/\"},\"wordCount\":1090,\"publisher\":{\"@id\":\"https:\/\/www.pressenza.com\/it\/#organization\"},\"image\":{\"@id\":\"https:\/\/www.pressenza.com\/it\/2021\/03\/militari-italiani-ad-addestrarsi-alla-guerra-in-egitto-ma-guerini-non-lo-sa\/#primaryimage\"},\"thumbnailUrl\":\"https:\/\/www.pressenza.com\/wp-content\/uploads\/2021\/03\/Esercitazione-militare-Egitto-1024x730-1.png\",\"keywords\":[\"caso Regeni\",\"Egitto\",\"esercitazioni militari\",\"Lorenzo Guerini\"],\"articleSection\":[\"Europa\",\"Medio Oriente\",\"Pace e Disarmo\"],\"inLanguage\":\"it-IT\"},{\"@type\":\"WebPage\",\"@id\":\"https:\/\/www.pressenza.com\/it\/2021\/03\/militari-italiani-ad-addestrarsi-alla-guerra-in-egitto-ma-guerini-non-lo-sa\/\",\"url\":\"https:\/\/www.pressenza.com\/it\/2021\/03\/militari-italiani-ad-addestrarsi-alla-guerra-in-egitto-ma-guerini-non-lo-sa\/\",\"name\":\"Militari italiani ad addestrarsi alla guerra in Egitto, ma Guerini non lo sa\",\"isPartOf\":{\"@id\":\"https:\/\/www.pressenza.com\/it\/#website\"},\"primaryImageOfPage\":{\"@id\":\"https:\/\/www.pressenza.com\/it\/2021\/03\/militari-italiani-ad-addestrarsi-alla-guerra-in-egitto-ma-guerini-non-lo-sa\/#primaryimage\"},\"image\":{\"@id\":\"https:\/\/www.pressenza.com\/it\/2021\/03\/militari-italiani-ad-addestrarsi-alla-guerra-in-egitto-ma-guerini-non-lo-sa\/#primaryimage\"},\"thumbnailUrl\":\"https:\/\/www.pressenza.com\/wp-content\/uploads\/2021\/03\/Esercitazione-militare-Egitto-1024x730-1.png\",\"datePublished\":\"2021-03-28T17:44:27+00:00\",\"dateModified\":\"2021-03-28T17:45:55+00:00\",\"description\":\"\u201cAbbiamo provveduto a rarefare le nostre interazioni, visite, scambi di personale, attivit\u00e0 addestrative congiunte, escludendo, gi\u00e0 a partire dal 2017,\",\"breadcrumb\":{\"@id\":\"https:\/\/www.pressenza.com\/it\/2021\/03\/militari-italiani-ad-addestrarsi-alla-guerra-in-egitto-ma-guerini-non-lo-sa\/#breadcrumb\"},\"inLanguage\":\"it-IT\",\"potentialAction\":[{\"@type\":\"ReadAction\",\"target\":[\"https:\/\/www.pressenza.com\/it\/2021\/03\/militari-italiani-ad-addestrarsi-alla-guerra-in-egitto-ma-guerini-non-lo-sa\/\"]}]},{\"@type\":\"ImageObject\",\"inLanguage\":\"it-IT\",\"@id\":\"https:\/\/www.pressenza.com\/it\/2021\/03\/militari-italiani-ad-addestrarsi-alla-guerra-in-egitto-ma-guerini-non-lo-sa\/#primaryimage\",\"url\":\"https:\/\/www.pressenza.com\/wp-content\/uploads\/2021\/03\/Esercitazione-militare-Egitto-1024x730-1.png\",\"contentUrl\":\"https:\/\/www.pressenza.com\/wp-content\/uploads\/2021\/03\/Esercitazione-militare-Egitto-1024x730-1.png\",\"width\":1024,\"height\":730},{\"@type\":\"BreadcrumbList\",\"@id\":\"https:\/\/www.pressenza.com\/it\/2021\/03\/militari-italiani-ad-addestrarsi-alla-guerra-in-egitto-ma-guerini-non-lo-sa\/#breadcrumb\",\"itemListElement\":[{\"@type\":\"ListItem\",\"position\":1,\"name\":\"Accueil\",\"item\":\"https:\/\/www.pressenza.com\/it\/\"},{\"@type\":\"ListItem\",\"position\":2,\"name\":\"Militari italiani ad addestrarsi alla guerra in Egitto, ma Guerini non lo sa\"}]},{\"@type\":\"WebSite\",\"@id\":\"https:\/\/www.pressenza.com\/it\/#website\",\"url\":\"https:\/\/www.pressenza.com\/it\/\",\"name\":\"Pressenza\",\"description\":\"Agenzia di Stampa Internazionale\",\"publisher\":{\"@id\":\"https:\/\/www.pressenza.com\/it\/#organization\"},\"potentialAction\":[{\"@type\":\"SearchAction\",\"target\":{\"@type\":\"EntryPoint\",\"urlTemplate\":\"https:\/\/www.pressenza.com\/it\/?s={search_term_string}\"},\"query-input\":{\"@type\":\"PropertyValueSpecification\",\"valueRequired\":true,\"valueName\":\"search_term_string\"}}],\"inLanguage\":\"it-IT\"},{\"@type\":\"Organization\",\"@id\":\"https:\/\/www.pressenza.com\/it\/#organization\",\"name\":\"Pressenza\",\"url\":\"https:\/\/www.pressenza.com\/it\/\",\"logo\":{\"@type\":\"ImageObject\",\"inLanguage\":\"it-IT\",\"@id\":\"https:\/\/www.pressenza.com\/it\/#\/schema\/logo\/image\/\",\"url\":\"https:\/\/www.pressenza.com\/wp-content\/uploads\/2022\/10\/pressenza_logo_200x200.jpg\",\"contentUrl\":\"https:\/\/www.pressenza.com\/wp-content\/uploads\/2022\/10\/pressenza_logo_200x200.jpg\",\"width\":200,\"height\":200,\"caption\":\"Pressenza\"},\"image\":{\"@id\":\"https:\/\/www.pressenza.com\/it\/#\/schema\/logo\/image\/\"},\"sameAs\":[\"https:\/\/www.facebook.com\/PressenzaItalia\",\"https:\/\/x.com\/PressenzaIPA\"]},{\"@type\":\"Person\",\"@id\":\"https:\/\/www.pressenza.com\/it\/#\/schema\/person\/13ac8d810e50349ceb227357a00fb87a\",\"name\":\"Antonio Mazzeo\",\"description\":\"Ecopacifista e antimilitarista, giornalista e saggista, vincitore nel 2010 del Primo premio \\\"Giorgio Bassani\\\" di Italia Nostra per il giornalismo. http:\/\/antoniomazzeoblog.blogspot.com\/\",\"url\":\"https:\/\/www.pressenza.com\/it\/author\/antonio-mazzeo\/\"}]}<\/script>\n<!-- \/ Yoast SEO plugin. -->","yoast_head_json":{"title":"Militari italiani ad addestrarsi alla guerra in Egitto, ma Guerini non lo sa","description":"\u201cAbbiamo provveduto a rarefare le nostre interazioni, visite, scambi di personale, attivit\u00e0 addestrative congiunte, escludendo, gi\u00e0 a partire dal 2017,","robots":{"index":"index","follow":"follow","max-snippet":"max-snippet:-1","max-image-preview":"max-image-preview:large","max-video-preview":"max-video-preview:-1"},"canonical":"https:\/\/www.pressenza.com\/it\/2021\/03\/militari-italiani-ad-addestrarsi-alla-guerra-in-egitto-ma-guerini-non-lo-sa\/","og_locale":"it_IT","og_type":"article","og_title":"Militari italiani ad addestrarsi alla guerra in Egitto, ma Guerini non lo sa","og_description":"\u201cAbbiamo provveduto a rarefare le nostre interazioni, visite, scambi di personale, attivit\u00e0 addestrative congiunte, escludendo, gi\u00e0 a partire dal 2017,","og_url":"https:\/\/www.pressenza.com\/it\/2021\/03\/militari-italiani-ad-addestrarsi-alla-guerra-in-egitto-ma-guerini-non-lo-sa\/","og_site_name":"Pressenza","article_publisher":"https:\/\/www.facebook.com\/PressenzaItalia","article_published_time":"2021-03-28T17:44:27+00:00","article_modified_time":"2021-03-28T17:45:55+00:00","og_image":[{"width":1024,"height":730,"url":"https:\/\/www.pressenza.com\/wp-content\/uploads\/2021\/03\/Esercitazione-militare-Egitto-1024x730-1.png","type":"image\/png"}],"author":"Antonio Mazzeo","twitter_card":"summary_large_image","twitter_creator":"@PressenzaIPA","twitter_site":"@PressenzaIPA","twitter_misc":{"Scritto da":"Antonio Mazzeo","Tempo di lettura stimato":"5 minuti"},"schema":{"@context":"https:\/\/schema.org","@graph":[{"@type":"Article","@id":"https:\/\/www.pressenza.com\/it\/2021\/03\/militari-italiani-ad-addestrarsi-alla-guerra-in-egitto-ma-guerini-non-lo-sa\/#article","isPartOf":{"@id":"https:\/\/www.pressenza.com\/it\/2021\/03\/militari-italiani-ad-addestrarsi-alla-guerra-in-egitto-ma-guerini-non-lo-sa\/"},"author":{"name":"Antonio Mazzeo","@id":"https:\/\/www.pressenza.com\/it\/#\/schema\/person\/13ac8d810e50349ceb227357a00fb87a"},"headline":"Militari italiani ad addestrarsi alla guerra in Egitto, ma Guerini non lo sa","datePublished":"2021-03-28T17:44:27+00:00","dateModified":"2021-03-28T17:45:55+00:00","mainEntityOfPage":{"@id":"https:\/\/www.pressenza.com\/it\/2021\/03\/militari-italiani-ad-addestrarsi-alla-guerra-in-egitto-ma-guerini-non-lo-sa\/"},"wordCount":1090,"publisher":{"@id":"https:\/\/www.pressenza.com\/it\/#organization"},"image":{"@id":"https:\/\/www.pressenza.com\/it\/2021\/03\/militari-italiani-ad-addestrarsi-alla-guerra-in-egitto-ma-guerini-non-lo-sa\/#primaryimage"},"thumbnailUrl":"https:\/\/www.pressenza.com\/wp-content\/uploads\/2021\/03\/Esercitazione-militare-Egitto-1024x730-1.png","keywords":["caso Regeni","Egitto","esercitazioni militari","Lorenzo Guerini"],"articleSection":["Europa","Medio Oriente","Pace e Disarmo"],"inLanguage":"it-IT"},{"@type":"WebPage","@id":"https:\/\/www.pressenza.com\/it\/2021\/03\/militari-italiani-ad-addestrarsi-alla-guerra-in-egitto-ma-guerini-non-lo-sa\/","url":"https:\/\/www.pressenza.com\/it\/2021\/03\/militari-italiani-ad-addestrarsi-alla-guerra-in-egitto-ma-guerini-non-lo-sa\/","name":"Militari italiani ad addestrarsi alla guerra in Egitto, ma Guerini non lo sa","isPartOf":{"@id":"https:\/\/www.pressenza.com\/it\/#website"},"primaryImageOfPage":{"@id":"https:\/\/www.pressenza.com\/it\/2021\/03\/militari-italiani-ad-addestrarsi-alla-guerra-in-egitto-ma-guerini-non-lo-sa\/#primaryimage"},"image":{"@id":"https:\/\/www.pressenza.com\/it\/2021\/03\/militari-italiani-ad-addestrarsi-alla-guerra-in-egitto-ma-guerini-non-lo-sa\/#primaryimage"},"thumbnailUrl":"https:\/\/www.pressenza.com\/wp-content\/uploads\/2021\/03\/Esercitazione-militare-Egitto-1024x730-1.png","datePublished":"2021-03-28T17:44:27+00:00","dateModified":"2021-03-28T17:45:55+00:00","description":"\u201cAbbiamo provveduto a rarefare le nostre interazioni, visite, scambi di personale, attivit\u00e0 addestrative congiunte, escludendo, gi\u00e0 a partire dal 2017,","breadcrumb":{"@id":"https:\/\/www.pressenza.com\/it\/2021\/03\/militari-italiani-ad-addestrarsi-alla-guerra-in-egitto-ma-guerini-non-lo-sa\/#breadcrumb"},"inLanguage":"it-IT","potentialAction":[{"@type":"ReadAction","target":["https:\/\/www.pressenza.com\/it\/2021\/03\/militari-italiani-ad-addestrarsi-alla-guerra-in-egitto-ma-guerini-non-lo-sa\/"]}]},{"@type":"ImageObject","inLanguage":"it-IT","@id":"https:\/\/www.pressenza.com\/it\/2021\/03\/militari-italiani-ad-addestrarsi-alla-guerra-in-egitto-ma-guerini-non-lo-sa\/#primaryimage","url":"https:\/\/www.pressenza.com\/wp-content\/uploads\/2021\/03\/Esercitazione-militare-Egitto-1024x730-1.png","contentUrl":"https:\/\/www.pressenza.com\/wp-content\/uploads\/2021\/03\/Esercitazione-militare-Egitto-1024x730-1.png","width":1024,"height":730},{"@type":"BreadcrumbList","@id":"https:\/\/www.pressenza.com\/it\/2021\/03\/militari-italiani-ad-addestrarsi-alla-guerra-in-egitto-ma-guerini-non-lo-sa\/#breadcrumb","itemListElement":[{"@type":"ListItem","position":1,"name":"Accueil","item":"https:\/\/www.pressenza.com\/it\/"},{"@type":"ListItem","position":2,"name":"Militari italiani ad addestrarsi alla guerra in Egitto, ma Guerini non lo sa"}]},{"@type":"WebSite","@id":"https:\/\/www.pressenza.com\/it\/#website","url":"https:\/\/www.pressenza.com\/it\/","name":"Pressenza","description":"Agenzia di Stampa Internazionale","publisher":{"@id":"https:\/\/www.pressenza.com\/it\/#organization"},"potentialAction":[{"@type":"SearchAction","target":{"@type":"EntryPoint","urlTemplate":"https:\/\/www.pressenza.com\/it\/?s={search_term_string}"},"query-input":{"@type":"PropertyValueSpecification","valueRequired":true,"valueName":"search_term_string"}}],"inLanguage":"it-IT"},{"@type":"Organization","@id":"https:\/\/www.pressenza.com\/it\/#organization","name":"Pressenza","url":"https:\/\/www.pressenza.com\/it\/","logo":{"@type":"ImageObject","inLanguage":"it-IT","@id":"https:\/\/www.pressenza.com\/it\/#\/schema\/logo\/image\/","url":"https:\/\/www.pressenza.com\/wp-content\/uploads\/2022\/10\/pressenza_logo_200x200.jpg","contentUrl":"https:\/\/www.pressenza.com\/wp-content\/uploads\/2022\/10\/pressenza_logo_200x200.jpg","width":200,"height":200,"caption":"Pressenza"},"image":{"@id":"https:\/\/www.pressenza.com\/it\/#\/schema\/logo\/image\/"},"sameAs":["https:\/\/www.facebook.com\/PressenzaItalia","https:\/\/x.com\/PressenzaIPA"]},{"@type":"Person","@id":"https:\/\/www.pressenza.com\/it\/#\/schema\/person\/13ac8d810e50349ceb227357a00fb87a","name":"Antonio Mazzeo","description":"Ecopacifista e antimilitarista, giornalista e saggista, vincitore nel 2010 del Primo premio \"Giorgio Bassani\" di Italia Nostra per il giornalismo. http:\/\/antoniomazzeoblog.blogspot.com\/","url":"https:\/\/www.pressenza.com\/it\/author\/antonio-mazzeo\/"}]}},"place":"","original_article_url":"http:\/\/antoniomazzeoblog.blogspot.com\/2021\/03\/militari-italiani-ad-addestrarsi-alla.html","_links":{"self":[{"href":"https:\/\/www.pressenza.com\/it\/wp-json\/wp\/v2\/posts\/1329990","targetHints":{"allow":["GET"]}}],"collection":[{"href":"https:\/\/www.pressenza.com\/it\/wp-json\/wp\/v2\/posts"}],"about":[{"href":"https:\/\/www.pressenza.com\/it\/wp-json\/wp\/v2\/types\/post"}],"author":[{"embeddable":true,"href":"https:\/\/www.pressenza.com\/it\/wp-json\/wp\/v2\/users\/689"}],"replies":[{"embeddable":true,"href":"https:\/\/www.pressenza.com\/it\/wp-json\/wp\/v2\/comments?post=1329990"}],"version-history":[{"count":0,"href":"https:\/\/www.pressenza.com\/it\/wp-json\/wp\/v2\/posts\/1329990\/revisions"}],"wp:featuredmedia":[{"embeddable":true,"href":"https:\/\/www.pressenza.com\/it\/wp-json\/wp\/v2\/media\/1329991"}],"wp:attachment":[{"href":"https:\/\/www.pressenza.com\/it\/wp-json\/wp\/v2\/media?parent=1329990"}],"wp:term":[{"taxonomy":"category","embeddable":true,"href":"https:\/\/www.pressenza.com\/it\/wp-json\/wp\/v2\/categories?post=1329990"},{"taxonomy":"post_tag","embeddable":true,"href":"https:\/\/www.pressenza.com\/it\/wp-json\/wp\/v2\/tags?post=1329990"}],"curies":[{"name":"wp","href":"https:\/\/api.w.org\/{rel}","templated":true}]}}