{"id":1328941,"date":"2021-03-27T09:28:24","date_gmt":"2021-03-27T09:28:24","guid":{"rendered":"https:\/\/www.pressenza.com\/?p=1328941"},"modified":"2021-03-27T14:16:19","modified_gmt":"2021-03-27T14:16:19","slug":"francesco-maisto-secondo-me-i-cpr-non-dovrebbero-esistere","status":"publish","type":"post","link":"https:\/\/www.pressenza.com\/it\/2021\/03\/francesco-maisto-secondo-me-i-cpr-non-dovrebbero-esistere\/","title":{"rendered":"Francesco Maisto: \u201cSecondo me i CPR non dovrebbero esistere\u201d"},"content":{"rendered":"<p><em>Torniamo a parlare col dottor Francesco Maisto, Garante per i Detenuti per il Comune di Milano, dopo che la <a href=\"https:\/\/www.pressenza.com\/it\/2021\/01\/la-sofferenza-in-carcere-sta-aumentando-intervista-al-garante-dei-detenuti-francesco-maisto\/\">volta precedente<\/a> ci aveva promesso che avremmo toccato il tema dei Centri per il Rimpatrio. Ci colleghiamo online; alle sue spalle campeggia il titolo del famoso album dei Pink Floyd THE WALL.<\/em><\/p>\n<p><em>Trascriviamo di seguito una sintesi della lunga intervista registrata il 25 marzo tramite la piattaforma Microsoft Teams.<\/em><\/p>\n<p><strong>Qual \u00e8 la situazione attuale del CPR di Milano?<\/strong><\/p>\n<p>Il CPR di Milano \u00e8 una struttura che innanzitutto \u00e8 stata aperta in modo improvvido, sia perch\u00e9 i regolamenti erano imprecisi, sia perch\u00e9 l\u2019adattamento del complesso non era ancora ultimato. Potremmo dire che \u00e8 un cantiere aperto; in soli cinque mesi la Prefettura ha redatto quattro versioni del regolamento interno. Ci sono state molte richieste da parte del Garante Nazionale per i Detenuti, da parte mia e da parte della cittadinanza attiva milanese; diverse sono state accolte, ma c\u2019\u00e8 ancora molto da fare. Ci sono stati dei cambiamenti di fronte a richieste che non erano certo velleitarie, anzi, chiedevano il rispetto di una normativa vigente. Per esempio la collocazione di telefoni fissi e la convenzione con l\u2019ATS, o il caso gravissimo, che inizialmente si \u00e8 verificato, quando sono stati internati dei minorenni.<\/p>\n<p>Soltanto da una settimana io ricevo i reclami da parte degli \u201cospiti\u201d del CPR. Soltanto da 15 giorni c\u2019\u00e8 una regolamentazione per le telefonate &#8211; di mattina si fanno le telefonate in Italia e nel pomeriggio all\u2019estero &#8211; e da una settimana, a seguito di un\u2019ordinanza del Tribunale di Milano, sono stati restituiti i cellulari. Inoltre gli \u201cospiti\u201d hanno diritto alla privacy durante le telefonate e quindi \u00e8 stato istituito un luogo protetto dove poter fare le telefonate. Riteniamo inoltre che dovrebbe esserci un wifi all\u2019interno del centro.<\/p>\n<p><strong>Da quanto abbiamo capito dal CPR di Milano passano soprattutto tunisini arrivati da poco, che quasi \u201cnon fanno in tempo a mettere piede in Italia\u201d. Ovvero, la sensazione \u00e8 che non siano stati rispettati i loro diritti rispetto alla possibilit\u00e0 di richiedere la protezione internazionale. E\u2019 cos\u00ec?<\/strong><\/p>\n<p>E\u2019 vero, gran parte di loro sono tunisini e il loro rimpatrio \u00e8 il frutto di un accordo tra Tunisia e Italia, dal quale dipende molto di ci\u00f2 che avviene. Arrivano spesso a Lampedusa, dove vengono date loro tutte le informazioni rispetto alla richiesta di protezione internazionale. Da l\u00ec, arrivano al CPR di Milano, da dove periodicamente vengono accompagnati all\u2019aeroporto e rimandati in Tunisia. Quando sono al CPR hanno gi\u00e0 il provvedimento di espulsione e dunque sono gi\u00e0 destinati all\u2019imbarco. Quindi il giudice per la convalida non si reca al CPR, perch\u00e9 lo ha gi\u00e0 fatto quando erano a Lampedusa. La permanenza media \u00e8 davvero ridotta, si tratta di giorni, al massimo di qualche settimana. Credo che la funzione del CPR di Milano sia fondamentalmente questa: accogliere e portare all\u2019imbarco i tunisini. La rotazione \u00e8 molto alta. Se si va una volta si incontrano dei visi, se si torna dopo una settimana se ne vedono altri.<\/p>\n<p><strong>Quante volte l\u2019ha visitato?<\/strong><\/p>\n<p>Di fatto una sola volta, circa un mese fa. In una prima fase la normativa non era chiara e nel primo regolamento c\u2019era addirittura una discriminazione: il Garante Nazionale poteva entrare in tutti i CPR, quello locale no. Per visitare il CPR di Milano avrei dovuto fare richiesta alla Prefettura. Questo non era ammissibile. L\u2019autorit\u00e0 di garanzia deve poter accedere in qualsiasi momento ai luoghi per cui la legge prevede la sua vigilanza. Adesso il regolamento \u00e8 cambiato e ho libero accesso.<\/p>\n<p><strong>I detenuti, reclusi, ospiti l\u2019hanno contattata?<\/strong><\/p>\n<p>Ho ricevuto delle richieste scritte, via mail, mandate dall\u2019ente gestore.<\/p>\n<p><strong>Cosa ne pensa dell\u2019importanza che entrino nel CPR la societ\u00e0 civile e i giornalisti, in modo da rendere trasparente un luogo che non sembra esserlo?<\/strong><\/p>\n<p>In questi luoghi, come nelle carceri, bisogna che tutti capiscano che pi\u00f9 trasparenza c\u2019\u00e8, meno difficolt\u00e0 relazionali ci sono. Molto dipende dalla cultura locale e dal clima che si instaura dentro queste istituzioni. E\u2019 una conquista da realizzare. Da quello che so nel CPR di via Corelli sono entrate due testate giornalistiche; non so se altri hanno fatto la stessa richiesta.<\/p>\n<p><strong>Lei cosa pensa delle tante richieste di chiusura del CPR che vengono dall\u2019associazionismo milanese?<\/strong><\/p>\n<p>Io non credo che sia questa la soluzione di fronte al fenomeno migratorio. Secondo me i CPR non dovrebbero esistere, ma la legge dello Stato li prevede. Io comunque sostengo il coordinamento milanese \u201cIo accolgo\u201d, che ha steso di recente un <a href=\"https:\/\/www.ioaccolgo.it\/storie\/il-cpr-di-corelli-deve-essere-chiuso\">appello<\/a>.<\/p>\n<p>Lo ius migranti si \u00e8 affermato nel corso della storia; ultimamente si sono alzate di nuovo le barriere e io non amo la politica dei muri. Nel frattempo bisogna fare il possibile perch\u00e9 le condizioni migliorino per le persone in quella condizione. I CPR per certi versi sono peggio di un carcere. Faccio solo un esempio: un detenuto pu\u00f2 rivolgersi al magistrato di sorveglianza, che tutela i suoi diritti, ma nei CPR questa figura non c\u2019\u00e8, non \u00e8 prevista dalla legge. Non si pu\u00f2 nemmeno avere carta e penna. Anche la presenza dei mediatori linguistici \u00e8 inadeguata. Comunque da pi\u00f9 di una settimana gli ospiti hanno il numero di telefono del mio ufficio e possono chiamare direttamente e fare richieste precise.<\/p>\n<p><strong>Il Garante Nazionale ha visitato pi\u00f9 volte il CPR di Milano?<\/strong><\/p>\n<p>Lo ha visitato tre volte, perch\u00e9 fin dal decreto Minniti ha libero accesso a queste strutture. Quando visita un CPR ha diritto agli interpreti, mentre il Comune di Milano non ha risorse per fornirmi un interprete fisso.<\/p>\n<p><strong>Quindi lo conosce meglio di lei?<\/strong><\/p>\n<p>Sicuramente.<\/p>\n<p><strong>Immagino speri che presto non dovr\u00e0 pi\u00f9 occuparsi di CPR<\/strong><\/p>\n<p>S\u00ec, lo spero sicuramente.<\/p>\n<p>&nbsp;<\/p>\n<p>&nbsp;<\/p>\n<p>&nbsp;<\/p>\n","protected":false},"excerpt":{"rendered":"<p>Torniamo a parlare col dottor Francesco Maisto, Garante per i Detenuti per il Comune di Milano, dopo che la volta precedente ci aveva promesso che avremmo toccato il tema dei Centri per il Rimpatrio. Ci colleghiamo online; alle sue spalle&hellip;<\/p>\n","protected":false},"author":1537,"featured_media":1328942,"comment_status":"closed","ping_status":"closed","sticky":false,"template":"","format":"standard","meta":{"footnotes":""},"categories":[45,11388,60,47,157],"tags":[89065,34377,86700,89064,2636,35769],"class_list":["post-1328941","post","type-post","status-publish","format-standard","has-post-thumbnail","hentry","category-africa-it","category-contenuti-originali","category-diritti-umani","category-europa","category-interviste","tag-accordo-tunisia-italia","tag-cpr","tag-francesco-maisto","tag-garante-per-i-detenuti","tag-migranti","tag-rimpatri"],"yoast_head":"<!-- This site is optimized with the Yoast SEO plugin v27.1.1 - https:\/\/yoast.com\/product\/yoast-seo-wordpress\/ -->\n<title>Francesco Maisto: \u201cSecondo me i CPR non dovrebbero esistere\u201d<\/title>\n<meta name=\"description\" content=\"Torniamo a parlare col dottor Francesco Maisto, Garante per i Detenuti per il Comune di Milano, dopo che la volta precedente ci aveva promesso che avremmo\" \/>\n<meta name=\"robots\" content=\"index, follow, max-snippet:-1, max-image-preview:large, max-video-preview:-1\" \/>\n<link rel=\"canonical\" href=\"https:\/\/www.pressenza.com\/it\/2021\/03\/francesco-maisto-secondo-me-i-cpr-non-dovrebbero-esistere\/\" \/>\n<meta property=\"og:locale\" content=\"it_IT\" \/>\n<meta property=\"og:type\" content=\"article\" \/>\n<meta property=\"og:title\" content=\"Francesco Maisto: \u201cSecondo me i CPR non dovrebbero esistere\u201d\" \/>\n<meta property=\"og:description\" content=\"Torniamo a parlare col dottor Francesco Maisto, Garante per i Detenuti per il Comune di Milano, dopo che la volta precedente ci aveva promesso che avremmo\" \/>\n<meta property=\"og:url\" content=\"https:\/\/www.pressenza.com\/it\/2021\/03\/francesco-maisto-secondo-me-i-cpr-non-dovrebbero-esistere\/\" \/>\n<meta property=\"og:site_name\" content=\"Pressenza\" \/>\n<meta property=\"article:publisher\" content=\"https:\/\/www.facebook.com\/PressenzaItalia\" \/>\n<meta property=\"article:published_time\" content=\"2021-03-27T09:28:24+00:00\" \/>\n<meta property=\"article:modified_time\" content=\"2021-03-27T14:16:19+00:00\" \/>\n<meta property=\"og:image\" content=\"https:\/\/www.pressenza.com\/wp-content\/uploads\/2021\/03\/Andrea-e-Maisto.jpg\" \/>\n\t<meta property=\"og:image:width\" content=\"1600\" \/>\n\t<meta property=\"og:image:height\" content=\"900\" \/>\n\t<meta property=\"og:image:type\" content=\"image\/jpeg\" \/>\n<meta name=\"author\" content=\"Andrea De Lotto\" \/>\n<meta name=\"twitter:card\" content=\"summary_large_image\" \/>\n<meta name=\"twitter:creator\" content=\"@PressenzaIPA\" \/>\n<meta name=\"twitter:site\" content=\"@PressenzaIPA\" \/>\n<meta name=\"twitter:label1\" content=\"Scritto da\" \/>\n\t<meta name=\"twitter:data1\" content=\"Andrea De Lotto\" \/>\n\t<meta name=\"twitter:label2\" content=\"Tempo di lettura stimato\" \/>\n\t<meta name=\"twitter:data2\" content=\"5 minuti\" \/>\n<script type=\"application\/ld+json\" class=\"yoast-schema-graph\">{\"@context\":\"https:\/\/schema.org\",\"@graph\":[{\"@type\":\"Article\",\"@id\":\"https:\/\/www.pressenza.com\/it\/2021\/03\/francesco-maisto-secondo-me-i-cpr-non-dovrebbero-esistere\/#article\",\"isPartOf\":{\"@id\":\"https:\/\/www.pressenza.com\/it\/2021\/03\/francesco-maisto-secondo-me-i-cpr-non-dovrebbero-esistere\/\"},\"author\":{\"name\":\"Andrea De Lotto\",\"@id\":\"https:\/\/www.pressenza.com\/it\/#\/schema\/person\/6388dc0281afd7eeb72a1763aca696a4\"},\"headline\":\"Francesco Maisto: \u201cSecondo me i CPR non dovrebbero esistere\u201d\",\"datePublished\":\"2021-03-27T09:28:24+00:00\",\"dateModified\":\"2021-03-27T14:16:19+00:00\",\"mainEntityOfPage\":{\"@id\":\"https:\/\/www.pressenza.com\/it\/2021\/03\/francesco-maisto-secondo-me-i-cpr-non-dovrebbero-esistere\/\"},\"wordCount\":945,\"publisher\":{\"@id\":\"https:\/\/www.pressenza.com\/it\/#organization\"},\"image\":{\"@id\":\"https:\/\/www.pressenza.com\/it\/2021\/03\/francesco-maisto-secondo-me-i-cpr-non-dovrebbero-esistere\/#primaryimage\"},\"thumbnailUrl\":\"https:\/\/www.pressenza.com\/wp-content\/uploads\/2021\/03\/Andrea-e-Maisto.jpg\",\"keywords\":[\"accordo Tunisia - Italia\",\"CPR\",\"Francesco Maisto\",\"Garante per i Detenuti\",\"migranti\",\"rimpatri\"],\"articleSection\":[\"Africa\",\"contenuti originali\",\"Diritti Umani\",\"Europa\",\"Interviste\"],\"inLanguage\":\"it-IT\"},{\"@type\":\"WebPage\",\"@id\":\"https:\/\/www.pressenza.com\/it\/2021\/03\/francesco-maisto-secondo-me-i-cpr-non-dovrebbero-esistere\/\",\"url\":\"https:\/\/www.pressenza.com\/it\/2021\/03\/francesco-maisto-secondo-me-i-cpr-non-dovrebbero-esistere\/\",\"name\":\"Francesco Maisto: \u201cSecondo me i CPR non dovrebbero esistere\u201d\",\"isPartOf\":{\"@id\":\"https:\/\/www.pressenza.com\/it\/#website\"},\"primaryImageOfPage\":{\"@id\":\"https:\/\/www.pressenza.com\/it\/2021\/03\/francesco-maisto-secondo-me-i-cpr-non-dovrebbero-esistere\/#primaryimage\"},\"image\":{\"@id\":\"https:\/\/www.pressenza.com\/it\/2021\/03\/francesco-maisto-secondo-me-i-cpr-non-dovrebbero-esistere\/#primaryimage\"},\"thumbnailUrl\":\"https:\/\/www.pressenza.com\/wp-content\/uploads\/2021\/03\/Andrea-e-Maisto.jpg\",\"datePublished\":\"2021-03-27T09:28:24+00:00\",\"dateModified\":\"2021-03-27T14:16:19+00:00\",\"description\":\"Torniamo a parlare col dottor Francesco Maisto, Garante per i Detenuti per il Comune di Milano, dopo che la volta precedente ci aveva promesso che avremmo\",\"breadcrumb\":{\"@id\":\"https:\/\/www.pressenza.com\/it\/2021\/03\/francesco-maisto-secondo-me-i-cpr-non-dovrebbero-esistere\/#breadcrumb\"},\"inLanguage\":\"it-IT\",\"potentialAction\":[{\"@type\":\"ReadAction\",\"target\":[\"https:\/\/www.pressenza.com\/it\/2021\/03\/francesco-maisto-secondo-me-i-cpr-non-dovrebbero-esistere\/\"]}]},{\"@type\":\"ImageObject\",\"inLanguage\":\"it-IT\",\"@id\":\"https:\/\/www.pressenza.com\/it\/2021\/03\/francesco-maisto-secondo-me-i-cpr-non-dovrebbero-esistere\/#primaryimage\",\"url\":\"https:\/\/www.pressenza.com\/wp-content\/uploads\/2021\/03\/Andrea-e-Maisto.jpg\",\"contentUrl\":\"https:\/\/www.pressenza.com\/wp-content\/uploads\/2021\/03\/Andrea-e-Maisto.jpg\",\"width\":1600,\"height\":900},{\"@type\":\"BreadcrumbList\",\"@id\":\"https:\/\/www.pressenza.com\/it\/2021\/03\/francesco-maisto-secondo-me-i-cpr-non-dovrebbero-esistere\/#breadcrumb\",\"itemListElement\":[{\"@type\":\"ListItem\",\"position\":1,\"name\":\"Accueil\",\"item\":\"https:\/\/www.pressenza.com\/it\/\"},{\"@type\":\"ListItem\",\"position\":2,\"name\":\"Francesco Maisto: \u201cSecondo me i CPR non dovrebbero esistere\u201d\"}]},{\"@type\":\"WebSite\",\"@id\":\"https:\/\/www.pressenza.com\/it\/#website\",\"url\":\"https:\/\/www.pressenza.com\/it\/\",\"name\":\"Pressenza\",\"description\":\"Agenzia di Stampa Internazionale\",\"publisher\":{\"@id\":\"https:\/\/www.pressenza.com\/it\/#organization\"},\"potentialAction\":[{\"@type\":\"SearchAction\",\"target\":{\"@type\":\"EntryPoint\",\"urlTemplate\":\"https:\/\/www.pressenza.com\/it\/?s={search_term_string}\"},\"query-input\":{\"@type\":\"PropertyValueSpecification\",\"valueRequired\":true,\"valueName\":\"search_term_string\"}}],\"inLanguage\":\"it-IT\"},{\"@type\":\"Organization\",\"@id\":\"https:\/\/www.pressenza.com\/it\/#organization\",\"name\":\"Pressenza\",\"url\":\"https:\/\/www.pressenza.com\/it\/\",\"logo\":{\"@type\":\"ImageObject\",\"inLanguage\":\"it-IT\",\"@id\":\"https:\/\/www.pressenza.com\/it\/#\/schema\/logo\/image\/\",\"url\":\"https:\/\/www.pressenza.com\/wp-content\/uploads\/2022\/10\/pressenza_logo_200x200.jpg\",\"contentUrl\":\"https:\/\/www.pressenza.com\/wp-content\/uploads\/2022\/10\/pressenza_logo_200x200.jpg\",\"width\":200,\"height\":200,\"caption\":\"Pressenza\"},\"image\":{\"@id\":\"https:\/\/www.pressenza.com\/it\/#\/schema\/logo\/image\/\"},\"sameAs\":[\"https:\/\/www.facebook.com\/PressenzaItalia\",\"https:\/\/x.com\/PressenzaIPA\"]},{\"@type\":\"Person\",\"@id\":\"https:\/\/www.pressenza.com\/it\/#\/schema\/person\/6388dc0281afd7eeb72a1763aca696a4\",\"name\":\"Andrea De Lotto\",\"url\":\"https:\/\/www.pressenza.com\/it\/author\/andrea-de-lotto\/\"}]}<\/script>\n<!-- \/ Yoast SEO plugin. -->","yoast_head_json":{"title":"Francesco Maisto: \u201cSecondo me i CPR non dovrebbero esistere\u201d","description":"Torniamo a parlare col dottor Francesco Maisto, Garante per i Detenuti per il Comune di Milano, dopo che la volta precedente ci aveva promesso che avremmo","robots":{"index":"index","follow":"follow","max-snippet":"max-snippet:-1","max-image-preview":"max-image-preview:large","max-video-preview":"max-video-preview:-1"},"canonical":"https:\/\/www.pressenza.com\/it\/2021\/03\/francesco-maisto-secondo-me-i-cpr-non-dovrebbero-esistere\/","og_locale":"it_IT","og_type":"article","og_title":"Francesco Maisto: \u201cSecondo me i CPR non dovrebbero esistere\u201d","og_description":"Torniamo a parlare col dottor Francesco Maisto, Garante per i Detenuti per il Comune di Milano, dopo che la volta precedente ci aveva promesso che avremmo","og_url":"https:\/\/www.pressenza.com\/it\/2021\/03\/francesco-maisto-secondo-me-i-cpr-non-dovrebbero-esistere\/","og_site_name":"Pressenza","article_publisher":"https:\/\/www.facebook.com\/PressenzaItalia","article_published_time":"2021-03-27T09:28:24+00:00","article_modified_time":"2021-03-27T14:16:19+00:00","og_image":[{"width":1600,"height":900,"url":"https:\/\/www.pressenza.com\/wp-content\/uploads\/2021\/03\/Andrea-e-Maisto.jpg","type":"image\/jpeg"}],"author":"Andrea De Lotto","twitter_card":"summary_large_image","twitter_creator":"@PressenzaIPA","twitter_site":"@PressenzaIPA","twitter_misc":{"Scritto da":"Andrea De Lotto","Tempo di lettura stimato":"5 minuti"},"schema":{"@context":"https:\/\/schema.org","@graph":[{"@type":"Article","@id":"https:\/\/www.pressenza.com\/it\/2021\/03\/francesco-maisto-secondo-me-i-cpr-non-dovrebbero-esistere\/#article","isPartOf":{"@id":"https:\/\/www.pressenza.com\/it\/2021\/03\/francesco-maisto-secondo-me-i-cpr-non-dovrebbero-esistere\/"},"author":{"name":"Andrea De Lotto","@id":"https:\/\/www.pressenza.com\/it\/#\/schema\/person\/6388dc0281afd7eeb72a1763aca696a4"},"headline":"Francesco Maisto: \u201cSecondo me i CPR non dovrebbero esistere\u201d","datePublished":"2021-03-27T09:28:24+00:00","dateModified":"2021-03-27T14:16:19+00:00","mainEntityOfPage":{"@id":"https:\/\/www.pressenza.com\/it\/2021\/03\/francesco-maisto-secondo-me-i-cpr-non-dovrebbero-esistere\/"},"wordCount":945,"publisher":{"@id":"https:\/\/www.pressenza.com\/it\/#organization"},"image":{"@id":"https:\/\/www.pressenza.com\/it\/2021\/03\/francesco-maisto-secondo-me-i-cpr-non-dovrebbero-esistere\/#primaryimage"},"thumbnailUrl":"https:\/\/www.pressenza.com\/wp-content\/uploads\/2021\/03\/Andrea-e-Maisto.jpg","keywords":["accordo Tunisia - Italia","CPR","Francesco Maisto","Garante per i Detenuti","migranti","rimpatri"],"articleSection":["Africa","contenuti originali","Diritti Umani","Europa","Interviste"],"inLanguage":"it-IT"},{"@type":"WebPage","@id":"https:\/\/www.pressenza.com\/it\/2021\/03\/francesco-maisto-secondo-me-i-cpr-non-dovrebbero-esistere\/","url":"https:\/\/www.pressenza.com\/it\/2021\/03\/francesco-maisto-secondo-me-i-cpr-non-dovrebbero-esistere\/","name":"Francesco Maisto: \u201cSecondo me i CPR non dovrebbero esistere\u201d","isPartOf":{"@id":"https:\/\/www.pressenza.com\/it\/#website"},"primaryImageOfPage":{"@id":"https:\/\/www.pressenza.com\/it\/2021\/03\/francesco-maisto-secondo-me-i-cpr-non-dovrebbero-esistere\/#primaryimage"},"image":{"@id":"https:\/\/www.pressenza.com\/it\/2021\/03\/francesco-maisto-secondo-me-i-cpr-non-dovrebbero-esistere\/#primaryimage"},"thumbnailUrl":"https:\/\/www.pressenza.com\/wp-content\/uploads\/2021\/03\/Andrea-e-Maisto.jpg","datePublished":"2021-03-27T09:28:24+00:00","dateModified":"2021-03-27T14:16:19+00:00","description":"Torniamo a parlare col dottor Francesco Maisto, Garante per i Detenuti per il Comune di Milano, dopo che la volta precedente ci aveva promesso che avremmo","breadcrumb":{"@id":"https:\/\/www.pressenza.com\/it\/2021\/03\/francesco-maisto-secondo-me-i-cpr-non-dovrebbero-esistere\/#breadcrumb"},"inLanguage":"it-IT","potentialAction":[{"@type":"ReadAction","target":["https:\/\/www.pressenza.com\/it\/2021\/03\/francesco-maisto-secondo-me-i-cpr-non-dovrebbero-esistere\/"]}]},{"@type":"ImageObject","inLanguage":"it-IT","@id":"https:\/\/www.pressenza.com\/it\/2021\/03\/francesco-maisto-secondo-me-i-cpr-non-dovrebbero-esistere\/#primaryimage","url":"https:\/\/www.pressenza.com\/wp-content\/uploads\/2021\/03\/Andrea-e-Maisto.jpg","contentUrl":"https:\/\/www.pressenza.com\/wp-content\/uploads\/2021\/03\/Andrea-e-Maisto.jpg","width":1600,"height":900},{"@type":"BreadcrumbList","@id":"https:\/\/www.pressenza.com\/it\/2021\/03\/francesco-maisto-secondo-me-i-cpr-non-dovrebbero-esistere\/#breadcrumb","itemListElement":[{"@type":"ListItem","position":1,"name":"Accueil","item":"https:\/\/www.pressenza.com\/it\/"},{"@type":"ListItem","position":2,"name":"Francesco Maisto: \u201cSecondo me i CPR non dovrebbero esistere\u201d"}]},{"@type":"WebSite","@id":"https:\/\/www.pressenza.com\/it\/#website","url":"https:\/\/www.pressenza.com\/it\/","name":"Pressenza","description":"Agenzia di Stampa Internazionale","publisher":{"@id":"https:\/\/www.pressenza.com\/it\/#organization"},"potentialAction":[{"@type":"SearchAction","target":{"@type":"EntryPoint","urlTemplate":"https:\/\/www.pressenza.com\/it\/?s={search_term_string}"},"query-input":{"@type":"PropertyValueSpecification","valueRequired":true,"valueName":"search_term_string"}}],"inLanguage":"it-IT"},{"@type":"Organization","@id":"https:\/\/www.pressenza.com\/it\/#organization","name":"Pressenza","url":"https:\/\/www.pressenza.com\/it\/","logo":{"@type":"ImageObject","inLanguage":"it-IT","@id":"https:\/\/www.pressenza.com\/it\/#\/schema\/logo\/image\/","url":"https:\/\/www.pressenza.com\/wp-content\/uploads\/2022\/10\/pressenza_logo_200x200.jpg","contentUrl":"https:\/\/www.pressenza.com\/wp-content\/uploads\/2022\/10\/pressenza_logo_200x200.jpg","width":200,"height":200,"caption":"Pressenza"},"image":{"@id":"https:\/\/www.pressenza.com\/it\/#\/schema\/logo\/image\/"},"sameAs":["https:\/\/www.facebook.com\/PressenzaItalia","https:\/\/x.com\/PressenzaIPA"]},{"@type":"Person","@id":"https:\/\/www.pressenza.com\/it\/#\/schema\/person\/6388dc0281afd7eeb72a1763aca696a4","name":"Andrea De Lotto","url":"https:\/\/www.pressenza.com\/it\/author\/andrea-de-lotto\/"}]}},"place":"","original_article_url":"","_links":{"self":[{"href":"https:\/\/www.pressenza.com\/it\/wp-json\/wp\/v2\/posts\/1328941","targetHints":{"allow":["GET"]}}],"collection":[{"href":"https:\/\/www.pressenza.com\/it\/wp-json\/wp\/v2\/posts"}],"about":[{"href":"https:\/\/www.pressenza.com\/it\/wp-json\/wp\/v2\/types\/post"}],"author":[{"embeddable":true,"href":"https:\/\/www.pressenza.com\/it\/wp-json\/wp\/v2\/users\/1537"}],"replies":[{"embeddable":true,"href":"https:\/\/www.pressenza.com\/it\/wp-json\/wp\/v2\/comments?post=1328941"}],"version-history":[{"count":0,"href":"https:\/\/www.pressenza.com\/it\/wp-json\/wp\/v2\/posts\/1328941\/revisions"}],"wp:featuredmedia":[{"embeddable":true,"href":"https:\/\/www.pressenza.com\/it\/wp-json\/wp\/v2\/media\/1328942"}],"wp:attachment":[{"href":"https:\/\/www.pressenza.com\/it\/wp-json\/wp\/v2\/media?parent=1328941"}],"wp:term":[{"taxonomy":"category","embeddable":true,"href":"https:\/\/www.pressenza.com\/it\/wp-json\/wp\/v2\/categories?post=1328941"},{"taxonomy":"post_tag","embeddable":true,"href":"https:\/\/www.pressenza.com\/it\/wp-json\/wp\/v2\/tags?post=1328941"}],"curies":[{"name":"wp","href":"https:\/\/api.w.org\/{rel}","templated":true}]}}