{"id":1328,"date":"2009-09-13T00:00:00","date_gmt":"2009-09-13T00:00:00","guid":{"rendered":""},"modified":"2009-10-05T14:26:20","modified_gmt":"2009-10-05T14:26:20","slug":"discutono-il-ritiro-delle-truppe-tedesche-dallxafganistan","status":"publish","type":"post","link":"https:\/\/www.pressenza.com\/it\/2009\/09\/discutono-il-ritiro-delle-truppe-tedesche-dallxafganistan\/","title":{"rendered":"Discutono il ritiro delle truppe tedesche dall&#8217;Afganistan"},"content":{"rendered":"<p>Il Ministero degli Esteri tedesco ha elaborato un piano per il ritiro delle truppe del suo paese dalla guerra in Afganistan, secondo informazioni della rivista politica Der Spiegel. La data del ritiro delle  forze militari \u00e8 stimata per il 2013, informa la fonte di quel Ministero. Organizzazioni pacifiste tedesche fanno pressione per la vigenza dell\u2019iniziativa.<br \/>\nFinora il governo del cancelliere Angela Merkel (CDU, democristiana) ha rifiutato energicamente il dibattito su una possibile ritirata dall\u2019Afganistan, una delle richieste pi\u00f9 importanti dei partiti all\u2019opposizione e dei gruppi pacifisti tedeschi.<br \/>\nL\u2019esercito tedesco ha pi\u00f9 di 4.200 soldati nel nord del paese asiatico. Il tema \u00e8 di grande attualit\u00e0 in Germania, visto che circa il 70% della popolazione rifiuta questa partecipazione nella guerra di occupazione.<br \/>\nLa rivista Der Spiegel ha riportato che il Ministro degli Esteri tedesco, Frank-Walter Steinmeier, ha approvato un documento di due pagine, denominato Dieci passi per l\u2019Afganistan. Secondo  questo piano, la Germania sta pianificando di sostituire le truppe con forze poliziesche locali. Nella citt\u00e0 del  nord di Kunduz, in cui negli ultimi mesi ci sono stati frequenti scontri militari, il Ministero vuole dispiegare 1.500 poliziotti afgani.<br \/>\nPartiti oppositori, gruppi pacifisti e organizzazioni per lo sviluppo, criticano questi piani del governo tedesco, considerando che la sostituzione di truppe occupanti  &#8211; dicono \u2013 significherebbe continuare con la militarizzazione e il controllo dell\u2019Afganistan da parte di forze straniere.<\/p>\n<p>rc\/hcn<\/p>\n","protected":false},"excerpt":{"rendered":"<p>Il Ministero degli Esteri tedesco ha elaborato un piano per il ritiro delle truppe del suo paese dalla guerra in Afganistan, secondo informazioni della rivista politica Der Spiegel. La data del ritiro delle  forze militari \u00e8 stimata per il 2013, informa la fonte di quel Ministero. Organizzazioni pacifiste tedesche fanno pressione per la vigenza dell\u2019iniziativa.<\/p>\n","protected":false},"author":90,"featured_media":0,"comment_status":"closed","ping_status":"open","sticky":false,"template":"","format":"standard","meta":{"footnotes":""},"categories":[47,55],"tags":[],"class_list":["post-1328","post","type-post","status-publish","format-standard","hentry","category-europa","category-politica"],"yoast_head":"<!-- This site is optimized with the Yoast SEO plugin v27.1.1 - https:\/\/yoast.com\/product\/yoast-seo-wordpress\/ -->\n<title>Discutono il ritiro delle truppe tedesche dall&#039;Afganistan<\/title>\n<meta name=\"description\" content=\"Il Ministero degli Esteri tedesco ha elaborato un piano per il ritiro delle truppe del suo paese dalla guerra in Afganistan, secondo informazioni della rivista politica Der Spiegel. La data del ritiro delle forze militari \u00e8 stimata per il 2013, informa la fonte di quel Ministero. Organizzazioni pacifiste tedesche fanno pressione per la vigenza dell\u2019iniziativa.\" \/>\n<meta name=\"robots\" content=\"index, follow, max-snippet:-1, max-image-preview:large, max-video-preview:-1\" \/>\n<link rel=\"canonical\" href=\"https:\/\/www.pressenza.com\/it\/2009\/09\/discutono-il-ritiro-delle-truppe-tedesche-dallxafganistan\/\" \/>\n<meta property=\"og:locale\" content=\"it_IT\" \/>\n<meta property=\"og:type\" content=\"article\" \/>\n<meta property=\"og:title\" content=\"Discutono il ritiro delle truppe tedesche dall&#039;Afganistan\" \/>\n<meta property=\"og:description\" content=\"Il Ministero degli Esteri tedesco ha elaborato un piano per il ritiro delle truppe del suo paese dalla guerra in Afganistan, secondo informazioni della rivista politica Der Spiegel. La data del ritiro delle forze militari \u00e8 stimata per il 2013, informa la fonte di quel Ministero. Organizzazioni pacifiste tedesche fanno pressione per la vigenza dell\u2019iniziativa.\" \/>\n<meta property=\"og:url\" content=\"https:\/\/www.pressenza.com\/it\/2009\/09\/discutono-il-ritiro-delle-truppe-tedesche-dallxafganistan\/\" \/>\n<meta property=\"og:site_name\" content=\"Pressenza\" \/>\n<meta property=\"article:publisher\" content=\"https:\/\/www.facebook.com\/PressenzaItalia\" \/>\n<meta property=\"article:author\" content=\"https:\/\/www.facebook.com\/AgenciaPrensaLatina\" \/>\n<meta property=\"article:published_time\" content=\"2009-09-13T00:00:00+00:00\" \/>\n<meta property=\"article:modified_time\" content=\"2009-10-05T14:26:20+00:00\" \/>\n<meta name=\"author\" content=\"Prensa Latina\" \/>\n<meta name=\"twitter:card\" content=\"summary_large_image\" \/>\n<meta name=\"twitter:creator\" content=\"@prensalatina_cu\" \/>\n<meta name=\"twitter:site\" content=\"@PressenzaIPA\" \/>\n<meta name=\"twitter:label1\" content=\"Scritto da\" \/>\n\t<meta name=\"twitter:data1\" content=\"Prensa Latina\" \/>\n\t<meta name=\"twitter:label2\" content=\"Tempo di lettura stimato\" \/>\n\t<meta name=\"twitter:data2\" content=\"1 minuto\" \/>\n<script type=\"application\/ld+json\" class=\"yoast-schema-graph\">{\"@context\":\"https:\/\/schema.org\",\"@graph\":[{\"@type\":\"Article\",\"@id\":\"https:\/\/www.pressenza.com\/it\/2009\/09\/discutono-il-ritiro-delle-truppe-tedesche-dallxafganistan\/#article\",\"isPartOf\":{\"@id\":\"https:\/\/www.pressenza.com\/it\/2009\/09\/discutono-il-ritiro-delle-truppe-tedesche-dallxafganistan\/\"},\"author\":{\"name\":\"Prensa Latina\",\"@id\":\"https:\/\/www.pressenza.com\/it\/#\/schema\/person\/e35c78ffa242d98f4f49ccb18c8631de\"},\"headline\":\"Discutono il ritiro delle truppe tedesche dall&#8217;Afganistan\",\"datePublished\":\"2009-09-13T00:00:00+00:00\",\"dateModified\":\"2009-10-05T14:26:20+00:00\",\"mainEntityOfPage\":{\"@id\":\"https:\/\/www.pressenza.com\/it\/2009\/09\/discutono-il-ritiro-delle-truppe-tedesche-dallxafganistan\/\"},\"wordCount\":234,\"publisher\":{\"@id\":\"https:\/\/www.pressenza.com\/it\/#organization\"},\"articleSection\":[\"Europa\",\"Politica\"],\"inLanguage\":\"it-IT\"},{\"@type\":\"WebPage\",\"@id\":\"https:\/\/www.pressenza.com\/it\/2009\/09\/discutono-il-ritiro-delle-truppe-tedesche-dallxafganistan\/\",\"url\":\"https:\/\/www.pressenza.com\/it\/2009\/09\/discutono-il-ritiro-delle-truppe-tedesche-dallxafganistan\/\",\"name\":\"Discutono il ritiro delle truppe tedesche dall'Afganistan\",\"isPartOf\":{\"@id\":\"https:\/\/www.pressenza.com\/it\/#website\"},\"datePublished\":\"2009-09-13T00:00:00+00:00\",\"dateModified\":\"2009-10-05T14:26:20+00:00\",\"description\":\"Il Ministero degli Esteri tedesco ha elaborato un piano per il ritiro delle truppe del suo paese dalla guerra in Afganistan, secondo informazioni della rivista politica Der Spiegel. La data del ritiro delle forze militari \u00e8 stimata per il 2013, informa la fonte di quel Ministero. Organizzazioni pacifiste tedesche fanno pressione per la vigenza dell\u2019iniziativa.\",\"breadcrumb\":{\"@id\":\"https:\/\/www.pressenza.com\/it\/2009\/09\/discutono-il-ritiro-delle-truppe-tedesche-dallxafganistan\/#breadcrumb\"},\"inLanguage\":\"it-IT\",\"potentialAction\":[{\"@type\":\"ReadAction\",\"target\":[\"https:\/\/www.pressenza.com\/it\/2009\/09\/discutono-il-ritiro-delle-truppe-tedesche-dallxafganistan\/\"]}]},{\"@type\":\"BreadcrumbList\",\"@id\":\"https:\/\/www.pressenza.com\/it\/2009\/09\/discutono-il-ritiro-delle-truppe-tedesche-dallxafganistan\/#breadcrumb\",\"itemListElement\":[{\"@type\":\"ListItem\",\"position\":1,\"name\":\"Accueil\",\"item\":\"https:\/\/www.pressenza.com\/it\/\"},{\"@type\":\"ListItem\",\"position\":2,\"name\":\"Discutono il ritiro delle truppe tedesche dall&#8217;Afganistan\"}]},{\"@type\":\"WebSite\",\"@id\":\"https:\/\/www.pressenza.com\/it\/#website\",\"url\":\"https:\/\/www.pressenza.com\/it\/\",\"name\":\"Pressenza\",\"description\":\"Agenzia di Stampa Internazionale\",\"publisher\":{\"@id\":\"https:\/\/www.pressenza.com\/it\/#organization\"},\"potentialAction\":[{\"@type\":\"SearchAction\",\"target\":{\"@type\":\"EntryPoint\",\"urlTemplate\":\"https:\/\/www.pressenza.com\/it\/?s={search_term_string}\"},\"query-input\":{\"@type\":\"PropertyValueSpecification\",\"valueRequired\":true,\"valueName\":\"search_term_string\"}}],\"inLanguage\":\"it-IT\"},{\"@type\":\"Organization\",\"@id\":\"https:\/\/www.pressenza.com\/it\/#organization\",\"name\":\"Pressenza\",\"url\":\"https:\/\/www.pressenza.com\/it\/\",\"logo\":{\"@type\":\"ImageObject\",\"inLanguage\":\"it-IT\",\"@id\":\"https:\/\/www.pressenza.com\/it\/#\/schema\/logo\/image\/\",\"url\":\"https:\/\/www.pressenza.com\/wp-content\/uploads\/2022\/10\/pressenza_logo_200x200.jpg\",\"contentUrl\":\"https:\/\/www.pressenza.com\/wp-content\/uploads\/2022\/10\/pressenza_logo_200x200.jpg\",\"width\":200,\"height\":200,\"caption\":\"Pressenza\"},\"image\":{\"@id\":\"https:\/\/www.pressenza.com\/it\/#\/schema\/logo\/image\/\"},\"sameAs\":[\"https:\/\/www.facebook.com\/PressenzaItalia\",\"https:\/\/x.com\/PressenzaIPA\"]},{\"@type\":\"Person\",\"@id\":\"https:\/\/www.pressenza.com\/it\/#\/schema\/person\/e35c78ffa242d98f4f49ccb18c8631de\",\"name\":\"Prensa Latina\",\"description\":\"www.prensa-latina.cu\",\"sameAs\":[\"https:\/\/www.facebook.com\/AgenciaPrensaLatina\",\"https:\/\/x.com\/prensalatina_cu\"],\"url\":\"https:\/\/www.pressenza.com\/it\/author\/prensa-latina\/\"}]}<\/script>\n<!-- \/ Yoast SEO plugin. -->","yoast_head_json":{"title":"Discutono il ritiro delle truppe tedesche dall'Afganistan","description":"Il Ministero degli Esteri tedesco ha elaborato un piano per il ritiro delle truppe del suo paese dalla guerra in Afganistan, secondo informazioni della rivista politica Der Spiegel. La data del ritiro delle forze militari \u00e8 stimata per il 2013, informa la fonte di quel Ministero. Organizzazioni pacifiste tedesche fanno pressione per la vigenza dell\u2019iniziativa.","robots":{"index":"index","follow":"follow","max-snippet":"max-snippet:-1","max-image-preview":"max-image-preview:large","max-video-preview":"max-video-preview:-1"},"canonical":"https:\/\/www.pressenza.com\/it\/2009\/09\/discutono-il-ritiro-delle-truppe-tedesche-dallxafganistan\/","og_locale":"it_IT","og_type":"article","og_title":"Discutono il ritiro delle truppe tedesche dall'Afganistan","og_description":"Il Ministero degli Esteri tedesco ha elaborato un piano per il ritiro delle truppe del suo paese dalla guerra in Afganistan, secondo informazioni della rivista politica Der Spiegel. La data del ritiro delle forze militari \u00e8 stimata per il 2013, informa la fonte di quel Ministero. Organizzazioni pacifiste tedesche fanno pressione per la vigenza dell\u2019iniziativa.","og_url":"https:\/\/www.pressenza.com\/it\/2009\/09\/discutono-il-ritiro-delle-truppe-tedesche-dallxafganistan\/","og_site_name":"Pressenza","article_publisher":"https:\/\/www.facebook.com\/PressenzaItalia","article_author":"https:\/\/www.facebook.com\/AgenciaPrensaLatina","article_published_time":"2009-09-13T00:00:00+00:00","article_modified_time":"2009-10-05T14:26:20+00:00","author":"Prensa Latina","twitter_card":"summary_large_image","twitter_creator":"@prensalatina_cu","twitter_site":"@PressenzaIPA","twitter_misc":{"Scritto da":"Prensa Latina","Tempo di lettura stimato":"1 minuto"},"schema":{"@context":"https:\/\/schema.org","@graph":[{"@type":"Article","@id":"https:\/\/www.pressenza.com\/it\/2009\/09\/discutono-il-ritiro-delle-truppe-tedesche-dallxafganistan\/#article","isPartOf":{"@id":"https:\/\/www.pressenza.com\/it\/2009\/09\/discutono-il-ritiro-delle-truppe-tedesche-dallxafganistan\/"},"author":{"name":"Prensa Latina","@id":"https:\/\/www.pressenza.com\/it\/#\/schema\/person\/e35c78ffa242d98f4f49ccb18c8631de"},"headline":"Discutono il ritiro delle truppe tedesche dall&#8217;Afganistan","datePublished":"2009-09-13T00:00:00+00:00","dateModified":"2009-10-05T14:26:20+00:00","mainEntityOfPage":{"@id":"https:\/\/www.pressenza.com\/it\/2009\/09\/discutono-il-ritiro-delle-truppe-tedesche-dallxafganistan\/"},"wordCount":234,"publisher":{"@id":"https:\/\/www.pressenza.com\/it\/#organization"},"articleSection":["Europa","Politica"],"inLanguage":"it-IT"},{"@type":"WebPage","@id":"https:\/\/www.pressenza.com\/it\/2009\/09\/discutono-il-ritiro-delle-truppe-tedesche-dallxafganistan\/","url":"https:\/\/www.pressenza.com\/it\/2009\/09\/discutono-il-ritiro-delle-truppe-tedesche-dallxafganistan\/","name":"Discutono il ritiro delle truppe tedesche dall'Afganistan","isPartOf":{"@id":"https:\/\/www.pressenza.com\/it\/#website"},"datePublished":"2009-09-13T00:00:00+00:00","dateModified":"2009-10-05T14:26:20+00:00","description":"Il Ministero degli Esteri tedesco ha elaborato un piano per il ritiro delle truppe del suo paese dalla guerra in Afganistan, secondo informazioni della rivista politica Der Spiegel. La data del ritiro delle forze militari \u00e8 stimata per il 2013, informa la fonte di quel Ministero. Organizzazioni pacifiste tedesche fanno pressione per la vigenza dell\u2019iniziativa.","breadcrumb":{"@id":"https:\/\/www.pressenza.com\/it\/2009\/09\/discutono-il-ritiro-delle-truppe-tedesche-dallxafganistan\/#breadcrumb"},"inLanguage":"it-IT","potentialAction":[{"@type":"ReadAction","target":["https:\/\/www.pressenza.com\/it\/2009\/09\/discutono-il-ritiro-delle-truppe-tedesche-dallxafganistan\/"]}]},{"@type":"BreadcrumbList","@id":"https:\/\/www.pressenza.com\/it\/2009\/09\/discutono-il-ritiro-delle-truppe-tedesche-dallxafganistan\/#breadcrumb","itemListElement":[{"@type":"ListItem","position":1,"name":"Accueil","item":"https:\/\/www.pressenza.com\/it\/"},{"@type":"ListItem","position":2,"name":"Discutono il ritiro delle truppe tedesche dall&#8217;Afganistan"}]},{"@type":"WebSite","@id":"https:\/\/www.pressenza.com\/it\/#website","url":"https:\/\/www.pressenza.com\/it\/","name":"Pressenza","description":"Agenzia di Stampa Internazionale","publisher":{"@id":"https:\/\/www.pressenza.com\/it\/#organization"},"potentialAction":[{"@type":"SearchAction","target":{"@type":"EntryPoint","urlTemplate":"https:\/\/www.pressenza.com\/it\/?s={search_term_string}"},"query-input":{"@type":"PropertyValueSpecification","valueRequired":true,"valueName":"search_term_string"}}],"inLanguage":"it-IT"},{"@type":"Organization","@id":"https:\/\/www.pressenza.com\/it\/#organization","name":"Pressenza","url":"https:\/\/www.pressenza.com\/it\/","logo":{"@type":"ImageObject","inLanguage":"it-IT","@id":"https:\/\/www.pressenza.com\/it\/#\/schema\/logo\/image\/","url":"https:\/\/www.pressenza.com\/wp-content\/uploads\/2022\/10\/pressenza_logo_200x200.jpg","contentUrl":"https:\/\/www.pressenza.com\/wp-content\/uploads\/2022\/10\/pressenza_logo_200x200.jpg","width":200,"height":200,"caption":"Pressenza"},"image":{"@id":"https:\/\/www.pressenza.com\/it\/#\/schema\/logo\/image\/"},"sameAs":["https:\/\/www.facebook.com\/PressenzaItalia","https:\/\/x.com\/PressenzaIPA"]},{"@type":"Person","@id":"https:\/\/www.pressenza.com\/it\/#\/schema\/person\/e35c78ffa242d98f4f49ccb18c8631de","name":"Prensa Latina","description":"www.prensa-latina.cu","sameAs":["https:\/\/www.facebook.com\/AgenciaPrensaLatina","https:\/\/x.com\/prensalatina_cu"],"url":"https:\/\/www.pressenza.com\/it\/author\/prensa-latina\/"}]}},"place":"Berlino","original_article_url":"","_links":{"self":[{"href":"https:\/\/www.pressenza.com\/it\/wp-json\/wp\/v2\/posts\/1328","targetHints":{"allow":["GET"]}}],"collection":[{"href":"https:\/\/www.pressenza.com\/it\/wp-json\/wp\/v2\/posts"}],"about":[{"href":"https:\/\/www.pressenza.com\/it\/wp-json\/wp\/v2\/types\/post"}],"author":[{"embeddable":true,"href":"https:\/\/www.pressenza.com\/it\/wp-json\/wp\/v2\/users\/90"}],"replies":[{"embeddable":true,"href":"https:\/\/www.pressenza.com\/it\/wp-json\/wp\/v2\/comments?post=1328"}],"version-history":[{"count":0,"href":"https:\/\/www.pressenza.com\/it\/wp-json\/wp\/v2\/posts\/1328\/revisions"}],"wp:attachment":[{"href":"https:\/\/www.pressenza.com\/it\/wp-json\/wp\/v2\/media?parent=1328"}],"wp:term":[{"taxonomy":"category","embeddable":true,"href":"https:\/\/www.pressenza.com\/it\/wp-json\/wp\/v2\/categories?post=1328"},{"taxonomy":"post_tag","embeddable":true,"href":"https:\/\/www.pressenza.com\/it\/wp-json\/wp\/v2\/tags?post=1328"}],"curies":[{"name":"wp","href":"https:\/\/api.w.org\/{rel}","templated":true}]}}