{"id":1323520,"date":"2021-03-20T15:20:20","date_gmt":"2021-03-20T15:20:20","guid":{"rendered":"https:\/\/www.pressenza.com\/?p=1323520"},"modified":"2021-03-20T15:36:55","modified_gmt":"2021-03-20T15:36:55","slug":"petizione-online-stop-allodio-generalizzato-verso-le-donne-sui-social","status":"publish","type":"post","link":"https:\/\/www.pressenza.com\/it\/2021\/03\/petizione-online-stop-allodio-generalizzato-verso-le-donne-sui-social\/","title":{"rendered":"Petizione online Stop all&#8217;odio generalizzato verso le donne sui social"},"content":{"rendered":"<div id=\"article-text\">\n<div class=\"mbl type-break-word type-l rte\">\n<p><strong>Petizione lanciata dal Movimento Contro Ogni Violenza sulle Donne APS indirizzata alla Ministra per le Politiche Giovanili Fabiana Dadone<\/strong><\/p>\n<p>Nell&#8217;ultimo periodo stiamo assistendo alla proliferazione dell&#8217;odio in rete a danno del genere femminile.\u00a0Migliaia di donne ogni giorno vengono insultate, minacciate, additate rigorosamente con epiteti sessisti irripetibili. Questo accade principalmente all&#8217;interno delle pagine e gruppi Facebook Mra (attivisti per i diritti maschili) Redpill ed Incel. Si tratta per lo pi\u00f9 di forum composti essenzialmente da uomini rabbiosi e sessualmente frustrati, &#8220;costretti al celibato&#8221; da tutta quella serie di convenzioni sociali che, secondo le loro teorie, gravano in maniera rilevante sul sesso maschile, a favore di quello femminile. Di fatto, essi considerano le donne sistematicamente pi\u00f9 selettive nei rapporti e dotate, proprio a causa di tale peculiarit\u00e0, di un potere sessuale superiore rispetto a quello maschile; potere che gli permetterebbe \u00abdi ottenere tutta una serie di benefici in societ\u00e0 che vanno ben oltre la facilit\u00e0 di trovare un partner sessuale di livello superiore al proprio\u00bb.<\/p>\n<p>Proprio come riporta questo articolo estratto dal forum &#8220;Il redpillatore&#8221;<br \/>\n<a href=\"https:\/\/www.ilredpillatore.org\/2020\/08\/fenomenologia-dello-stupro.html\" target=\"_blank\" rel=\"nofollow noopener noreferrer\">https:\/\/www.ilredpillatore.org\/2020\/08\/fenomenologia-dello-stupro.html<\/a> essi considerano lo stupro un &#8220;privilegio&#8221;, tra l&#8217;altro motivato e giustificato dal perenne stato di insoddisfazione sessuale a cui gli uomini sono assoggettati sin dall&#8217;alba dei tempi. Ritengono che all\u2019origine dello stupro non vi sia affatto una condizione di inferiorit\u00e0 della donna, al contrario di superiorit\u00e0.<\/p>\n<p>Questo delirio fallocentrico acquista ogni giorno sempre pi\u00f9 consensi, specialmente tra i giovani che incoraggiati dall&#8217;anonimato e dalla possibilit\u00e0 di celare la loro identit\u00e0 dietro falsi account, continuano ineluttabilmente a propinare farneticazioni e disprezzo a danno delle donne.<\/p>\n<p>Essi considerano il sesso come un diritto inalienabile e allo stesso modo, concepiscono lo stupro come una delle modalit\u00e0 pi\u00f9 efficaci per scongiurare la famigerata &#8220;dittatura femminile&#8221;.<\/p>\n<p>Di fatto, il loro odio non \u00e8 diretto nei confronti di una donna in particolare, ma verso tutto il genere femminile che attraverso l&#8217;emancipazione, alimenterebbe l&#8217;oppressione sessuale degli uomini. Uno dei bersagli della rabbia, ad esempio, \u00e8 costituito dalla rivoluzione sessuale: il fatto che le donne siano libere di fare le loro scelte invece di sposarsi e vivere come subordinate a un maschio, sarebbe la ragione principale per cui queste, scelgano di avere rapporti con uomini attraenti ignorando gli incel. Il corollario \u00e8 semplice: se la societ\u00e0 \u00e8 ingiusta e opprime, deve esserci una rivolta per liberare gli \u201coppressi\u201d. E da qui la \u201cIncel Rebellion\u201d, perpetrata attraverso la creazione di contenuti che inneggiano lo stupro, alimentano l&#8217;odio, incoraggiano le molestie verbali, sessuali e quelle espletate nella rete come il revenge porn (diffusione illecita di materiale a contenuto esplicito) e il cyberbullismo. A fronte dell&#8217;emergenza Telegram ci siamo anche adoperate per la chiusura di tutti i canali a stampo pornografico o pedo-pornografico. Il fenomeno del cyberbullismo aumenta ogni giorno in maniera disarmante. Sempre pi\u00f9 donne e bambine si ritrovano ad essere vittime di crimini e reati inauditi, molti dei quali destinati a rimanere impuniti. Parte di loro trovano il coraggio di denunciare, l&#8217;altra met\u00e0, al limite della disperazione tenta la via pi\u00f9 tragica: il suicidio. Per evitare che questo accada ci stiamo muovendo attraverso le segnalazioni di massa affinch\u00e9 questi canali, pagine e gruppi facebook vengano chiusi.<\/p>\n<h2><strong>Il silenzio \u00e8 complice. L&#8217;omert\u00e0 \u00e8 un crimine.<\/strong><\/h2>\n<h2><strong>Unisciti a noi per fermare tutto questo. Firma questa petizione qui <\/strong><\/h2>\n<h2><strong><a href=\"https:\/\/www.change.org\/p\/deputata-fabiana-dadone-stop-all-odio-generalizzato-verso-le-donne-sui-social\/\">https:\/\/www.change.org\/p\/deputata-fabiana-dadone-stop-all-odio-generalizzato-verso-le-donne-sui-social\/<\/a><\/strong><\/h2>\n<\/div>\n<\/div>\n","protected":false},"excerpt":{"rendered":"<p>Petizione lanciata dal Movimento Contro Ogni Violenza sulle Donne APS indirizzata alla Ministra per le Politiche Giovanili Fabiana Dadone Nell&#8217;ultimo periodo stiamo assistendo alla proliferazione dell&#8217;odio in rete a danno del genere femminile.\u00a0Migliaia di donne ogni giorno vengono insultate, minacciate,&hellip;<\/p>\n","protected":false},"author":902,"featured_media":1323521,"comment_status":"closed","ping_status":"closed","sticky":false,"template":"","format":"standard","meta":{"footnotes":""},"categories":[47,54513],"tags":[19939,88737,568,9455,43697,88738,13819,88739],"class_list":["post-1323520","post","type-post","status-publish","format-standard","has-post-thumbnail","hentry","category-europa","category-genere-e-femminismi","tag-abusi","tag-cultura-dello-stupro","tag-donne","tag-femminicidi","tag-molestie","tag-revenge-porn","tag-social-network","tag-violenze-contro-le-donne"],"yoast_head":"<!-- This site is optimized with the Yoast SEO plugin v27.1.1 - https:\/\/yoast.com\/product\/yoast-seo-wordpress\/ -->\n<title>Petizione online Stop all&#039;odio generalizzato verso le donne sui social<\/title>\n<meta name=\"description\" content=\"Petizione lanciata dal Movimento Contro Ogni Violenza sulle Donne APS indirizzata alla Ministra per le Politiche Giovanili Fabiana Dadone Nell&#039;ultimo\" \/>\n<meta name=\"robots\" content=\"index, follow, max-snippet:-1, max-image-preview:large, max-video-preview:-1\" \/>\n<link rel=\"canonical\" href=\"https:\/\/www.pressenza.com\/it\/2021\/03\/petizione-online-stop-allodio-generalizzato-verso-le-donne-sui-social\/\" \/>\n<meta property=\"og:locale\" content=\"it_IT\" \/>\n<meta property=\"og:type\" content=\"article\" \/>\n<meta property=\"og:title\" content=\"Petizione online Stop all&#039;odio generalizzato verso le donne sui social\" \/>\n<meta property=\"og:description\" content=\"Petizione lanciata dal Movimento Contro Ogni Violenza sulle Donne APS indirizzata alla Ministra per le Politiche Giovanili Fabiana Dadone Nell&#039;ultimo\" \/>\n<meta property=\"og:url\" content=\"https:\/\/www.pressenza.com\/it\/2021\/03\/petizione-online-stop-allodio-generalizzato-verso-le-donne-sui-social\/\" \/>\n<meta property=\"og:site_name\" content=\"Pressenza\" \/>\n<meta property=\"article:publisher\" content=\"https:\/\/www.facebook.com\/PressenzaItalia\" \/>\n<meta property=\"article:published_time\" content=\"2021-03-20T15:20:20+00:00\" \/>\n<meta property=\"article:modified_time\" content=\"2021-03-20T15:36:55+00:00\" \/>\n<meta property=\"og:image\" content=\"https:\/\/www.pressenza.com\/wp-content\/uploads\/2021\/03\/petizioneilariadiroberto.jpg\" \/>\n\t<meta property=\"og:image:width\" content=\"800\" \/>\n\t<meta property=\"og:image:height\" content=\"600\" \/>\n\t<meta property=\"og:image:type\" content=\"image\/jpeg\" \/>\n<meta name=\"author\" content=\"Alessio Di Florio\" \/>\n<meta name=\"twitter:card\" content=\"summary_large_image\" \/>\n<meta name=\"twitter:creator\" content=\"@PressenzaIPA\" \/>\n<meta name=\"twitter:site\" content=\"@PressenzaIPA\" \/>\n<meta name=\"twitter:label1\" content=\"Scritto da\" \/>\n\t<meta name=\"twitter:data1\" content=\"Alessio Di Florio\" \/>\n\t<meta name=\"twitter:label2\" content=\"Tempo di lettura stimato\" \/>\n\t<meta name=\"twitter:data2\" content=\"3 minuti\" \/>\n<script type=\"application\/ld+json\" class=\"yoast-schema-graph\">{\"@context\":\"https:\/\/schema.org\",\"@graph\":[{\"@type\":\"Article\",\"@id\":\"https:\/\/www.pressenza.com\/it\/2021\/03\/petizione-online-stop-allodio-generalizzato-verso-le-donne-sui-social\/#article\",\"isPartOf\":{\"@id\":\"https:\/\/www.pressenza.com\/it\/2021\/03\/petizione-online-stop-allodio-generalizzato-verso-le-donne-sui-social\/\"},\"author\":{\"name\":\"Alessio Di Florio\",\"@id\":\"https:\/\/www.pressenza.com\/it\/#\/schema\/person\/727eb83f95962ed83c06040905743f28\"},\"headline\":\"Petizione online Stop all&#8217;odio generalizzato verso le donne sui social\",\"datePublished\":\"2021-03-20T15:20:20+00:00\",\"dateModified\":\"2021-03-20T15:36:55+00:00\",\"mainEntityOfPage\":{\"@id\":\"https:\/\/www.pressenza.com\/it\/2021\/03\/petizione-online-stop-allodio-generalizzato-verso-le-donne-sui-social\/\"},\"wordCount\":570,\"publisher\":{\"@id\":\"https:\/\/www.pressenza.com\/it\/#organization\"},\"image\":{\"@id\":\"https:\/\/www.pressenza.com\/it\/2021\/03\/petizione-online-stop-allodio-generalizzato-verso-le-donne-sui-social\/#primaryimage\"},\"thumbnailUrl\":\"https:\/\/www.pressenza.com\/wp-content\/uploads\/2021\/03\/petizioneilariadiroberto.jpg\",\"keywords\":[\"abusi\",\"cultura dello stupro\",\"donne\",\"femminicidi\",\"molestie\",\"revenge porn\",\"social network\",\"violenze contro le donne\"],\"articleSection\":[\"Europa\",\"Genere e femminismi\"],\"inLanguage\":\"it-IT\"},{\"@type\":\"WebPage\",\"@id\":\"https:\/\/www.pressenza.com\/it\/2021\/03\/petizione-online-stop-allodio-generalizzato-verso-le-donne-sui-social\/\",\"url\":\"https:\/\/www.pressenza.com\/it\/2021\/03\/petizione-online-stop-allodio-generalizzato-verso-le-donne-sui-social\/\",\"name\":\"Petizione online Stop all'odio generalizzato verso le donne sui social\",\"isPartOf\":{\"@id\":\"https:\/\/www.pressenza.com\/it\/#website\"},\"primaryImageOfPage\":{\"@id\":\"https:\/\/www.pressenza.com\/it\/2021\/03\/petizione-online-stop-allodio-generalizzato-verso-le-donne-sui-social\/#primaryimage\"},\"image\":{\"@id\":\"https:\/\/www.pressenza.com\/it\/2021\/03\/petizione-online-stop-allodio-generalizzato-verso-le-donne-sui-social\/#primaryimage\"},\"thumbnailUrl\":\"https:\/\/www.pressenza.com\/wp-content\/uploads\/2021\/03\/petizioneilariadiroberto.jpg\",\"datePublished\":\"2021-03-20T15:20:20+00:00\",\"dateModified\":\"2021-03-20T15:36:55+00:00\",\"description\":\"Petizione lanciata dal Movimento Contro Ogni Violenza sulle Donne APS indirizzata alla Ministra per le Politiche Giovanili Fabiana Dadone Nell'ultimo\",\"breadcrumb\":{\"@id\":\"https:\/\/www.pressenza.com\/it\/2021\/03\/petizione-online-stop-allodio-generalizzato-verso-le-donne-sui-social\/#breadcrumb\"},\"inLanguage\":\"it-IT\",\"potentialAction\":[{\"@type\":\"ReadAction\",\"target\":[\"https:\/\/www.pressenza.com\/it\/2021\/03\/petizione-online-stop-allodio-generalizzato-verso-le-donne-sui-social\/\"]}]},{\"@type\":\"ImageObject\",\"inLanguage\":\"it-IT\",\"@id\":\"https:\/\/www.pressenza.com\/it\/2021\/03\/petizione-online-stop-allodio-generalizzato-verso-le-donne-sui-social\/#primaryimage\",\"url\":\"https:\/\/www.pressenza.com\/wp-content\/uploads\/2021\/03\/petizioneilariadiroberto.jpg\",\"contentUrl\":\"https:\/\/www.pressenza.com\/wp-content\/uploads\/2021\/03\/petizioneilariadiroberto.jpg\",\"width\":800,\"height\":600,\"caption\":\"petizione Movimento Contro Ogni Violenza sulle Donne\"},{\"@type\":\"BreadcrumbList\",\"@id\":\"https:\/\/www.pressenza.com\/it\/2021\/03\/petizione-online-stop-allodio-generalizzato-verso-le-donne-sui-social\/#breadcrumb\",\"itemListElement\":[{\"@type\":\"ListItem\",\"position\":1,\"name\":\"Accueil\",\"item\":\"https:\/\/www.pressenza.com\/it\/\"},{\"@type\":\"ListItem\",\"position\":2,\"name\":\"Petizione online Stop all&#8217;odio generalizzato verso le donne sui social\"}]},{\"@type\":\"WebSite\",\"@id\":\"https:\/\/www.pressenza.com\/it\/#website\",\"url\":\"https:\/\/www.pressenza.com\/it\/\",\"name\":\"Pressenza\",\"description\":\"Agenzia di Stampa Internazionale\",\"publisher\":{\"@id\":\"https:\/\/www.pressenza.com\/it\/#organization\"},\"potentialAction\":[{\"@type\":\"SearchAction\",\"target\":{\"@type\":\"EntryPoint\",\"urlTemplate\":\"https:\/\/www.pressenza.com\/it\/?s={search_term_string}\"},\"query-input\":{\"@type\":\"PropertyValueSpecification\",\"valueRequired\":true,\"valueName\":\"search_term_string\"}}],\"inLanguage\":\"it-IT\"},{\"@type\":\"Organization\",\"@id\":\"https:\/\/www.pressenza.com\/it\/#organization\",\"name\":\"Pressenza\",\"url\":\"https:\/\/www.pressenza.com\/it\/\",\"logo\":{\"@type\":\"ImageObject\",\"inLanguage\":\"it-IT\",\"@id\":\"https:\/\/www.pressenza.com\/it\/#\/schema\/logo\/image\/\",\"url\":\"https:\/\/www.pressenza.com\/wp-content\/uploads\/2022\/10\/pressenza_logo_200x200.jpg\",\"contentUrl\":\"https:\/\/www.pressenza.com\/wp-content\/uploads\/2022\/10\/pressenza_logo_200x200.jpg\",\"width\":200,\"height\":200,\"caption\":\"Pressenza\"},\"image\":{\"@id\":\"https:\/\/www.pressenza.com\/it\/#\/schema\/logo\/image\/\"},\"sameAs\":[\"https:\/\/www.facebook.com\/PressenzaItalia\",\"https:\/\/x.com\/PressenzaIPA\"]},{\"@type\":\"Person\",\"@id\":\"https:\/\/www.pressenza.com\/it\/#\/schema\/person\/727eb83f95962ed83c06040905743f28\",\"name\":\"Alessio Di Florio\",\"url\":\"https:\/\/www.pressenza.com\/it\/author\/alessio-di-florio\/\"}]}<\/script>\n<!-- \/ Yoast SEO plugin. -->","yoast_head_json":{"title":"Petizione online Stop all'odio generalizzato verso le donne sui social","description":"Petizione lanciata dal Movimento Contro Ogni Violenza sulle Donne APS indirizzata alla Ministra per le Politiche Giovanili Fabiana Dadone Nell'ultimo","robots":{"index":"index","follow":"follow","max-snippet":"max-snippet:-1","max-image-preview":"max-image-preview:large","max-video-preview":"max-video-preview:-1"},"canonical":"https:\/\/www.pressenza.com\/it\/2021\/03\/petizione-online-stop-allodio-generalizzato-verso-le-donne-sui-social\/","og_locale":"it_IT","og_type":"article","og_title":"Petizione online Stop all'odio generalizzato verso le donne sui social","og_description":"Petizione lanciata dal Movimento Contro Ogni Violenza sulle Donne APS indirizzata alla Ministra per le Politiche Giovanili Fabiana Dadone Nell'ultimo","og_url":"https:\/\/www.pressenza.com\/it\/2021\/03\/petizione-online-stop-allodio-generalizzato-verso-le-donne-sui-social\/","og_site_name":"Pressenza","article_publisher":"https:\/\/www.facebook.com\/PressenzaItalia","article_published_time":"2021-03-20T15:20:20+00:00","article_modified_time":"2021-03-20T15:36:55+00:00","og_image":[{"width":800,"height":600,"url":"https:\/\/www.pressenza.com\/wp-content\/uploads\/2021\/03\/petizioneilariadiroberto.jpg","type":"image\/jpeg"}],"author":"Alessio Di Florio","twitter_card":"summary_large_image","twitter_creator":"@PressenzaIPA","twitter_site":"@PressenzaIPA","twitter_misc":{"Scritto da":"Alessio Di Florio","Tempo di lettura stimato":"3 minuti"},"schema":{"@context":"https:\/\/schema.org","@graph":[{"@type":"Article","@id":"https:\/\/www.pressenza.com\/it\/2021\/03\/petizione-online-stop-allodio-generalizzato-verso-le-donne-sui-social\/#article","isPartOf":{"@id":"https:\/\/www.pressenza.com\/it\/2021\/03\/petizione-online-stop-allodio-generalizzato-verso-le-donne-sui-social\/"},"author":{"name":"Alessio Di Florio","@id":"https:\/\/www.pressenza.com\/it\/#\/schema\/person\/727eb83f95962ed83c06040905743f28"},"headline":"Petizione online Stop all&#8217;odio generalizzato verso le donne sui social","datePublished":"2021-03-20T15:20:20+00:00","dateModified":"2021-03-20T15:36:55+00:00","mainEntityOfPage":{"@id":"https:\/\/www.pressenza.com\/it\/2021\/03\/petizione-online-stop-allodio-generalizzato-verso-le-donne-sui-social\/"},"wordCount":570,"publisher":{"@id":"https:\/\/www.pressenza.com\/it\/#organization"},"image":{"@id":"https:\/\/www.pressenza.com\/it\/2021\/03\/petizione-online-stop-allodio-generalizzato-verso-le-donne-sui-social\/#primaryimage"},"thumbnailUrl":"https:\/\/www.pressenza.com\/wp-content\/uploads\/2021\/03\/petizioneilariadiroberto.jpg","keywords":["abusi","cultura dello stupro","donne","femminicidi","molestie","revenge porn","social network","violenze contro le donne"],"articleSection":["Europa","Genere e femminismi"],"inLanguage":"it-IT"},{"@type":"WebPage","@id":"https:\/\/www.pressenza.com\/it\/2021\/03\/petizione-online-stop-allodio-generalizzato-verso-le-donne-sui-social\/","url":"https:\/\/www.pressenza.com\/it\/2021\/03\/petizione-online-stop-allodio-generalizzato-verso-le-donne-sui-social\/","name":"Petizione online Stop all'odio generalizzato verso le donne sui social","isPartOf":{"@id":"https:\/\/www.pressenza.com\/it\/#website"},"primaryImageOfPage":{"@id":"https:\/\/www.pressenza.com\/it\/2021\/03\/petizione-online-stop-allodio-generalizzato-verso-le-donne-sui-social\/#primaryimage"},"image":{"@id":"https:\/\/www.pressenza.com\/it\/2021\/03\/petizione-online-stop-allodio-generalizzato-verso-le-donne-sui-social\/#primaryimage"},"thumbnailUrl":"https:\/\/www.pressenza.com\/wp-content\/uploads\/2021\/03\/petizioneilariadiroberto.jpg","datePublished":"2021-03-20T15:20:20+00:00","dateModified":"2021-03-20T15:36:55+00:00","description":"Petizione lanciata dal Movimento Contro Ogni Violenza sulle Donne APS indirizzata alla Ministra per le Politiche Giovanili Fabiana Dadone Nell'ultimo","breadcrumb":{"@id":"https:\/\/www.pressenza.com\/it\/2021\/03\/petizione-online-stop-allodio-generalizzato-verso-le-donne-sui-social\/#breadcrumb"},"inLanguage":"it-IT","potentialAction":[{"@type":"ReadAction","target":["https:\/\/www.pressenza.com\/it\/2021\/03\/petizione-online-stop-allodio-generalizzato-verso-le-donne-sui-social\/"]}]},{"@type":"ImageObject","inLanguage":"it-IT","@id":"https:\/\/www.pressenza.com\/it\/2021\/03\/petizione-online-stop-allodio-generalizzato-verso-le-donne-sui-social\/#primaryimage","url":"https:\/\/www.pressenza.com\/wp-content\/uploads\/2021\/03\/petizioneilariadiroberto.jpg","contentUrl":"https:\/\/www.pressenza.com\/wp-content\/uploads\/2021\/03\/petizioneilariadiroberto.jpg","width":800,"height":600,"caption":"petizione Movimento Contro Ogni Violenza sulle Donne"},{"@type":"BreadcrumbList","@id":"https:\/\/www.pressenza.com\/it\/2021\/03\/petizione-online-stop-allodio-generalizzato-verso-le-donne-sui-social\/#breadcrumb","itemListElement":[{"@type":"ListItem","position":1,"name":"Accueil","item":"https:\/\/www.pressenza.com\/it\/"},{"@type":"ListItem","position":2,"name":"Petizione online Stop all&#8217;odio generalizzato verso le donne sui social"}]},{"@type":"WebSite","@id":"https:\/\/www.pressenza.com\/it\/#website","url":"https:\/\/www.pressenza.com\/it\/","name":"Pressenza","description":"Agenzia di Stampa Internazionale","publisher":{"@id":"https:\/\/www.pressenza.com\/it\/#organization"},"potentialAction":[{"@type":"SearchAction","target":{"@type":"EntryPoint","urlTemplate":"https:\/\/www.pressenza.com\/it\/?s={search_term_string}"},"query-input":{"@type":"PropertyValueSpecification","valueRequired":true,"valueName":"search_term_string"}}],"inLanguage":"it-IT"},{"@type":"Organization","@id":"https:\/\/www.pressenza.com\/it\/#organization","name":"Pressenza","url":"https:\/\/www.pressenza.com\/it\/","logo":{"@type":"ImageObject","inLanguage":"it-IT","@id":"https:\/\/www.pressenza.com\/it\/#\/schema\/logo\/image\/","url":"https:\/\/www.pressenza.com\/wp-content\/uploads\/2022\/10\/pressenza_logo_200x200.jpg","contentUrl":"https:\/\/www.pressenza.com\/wp-content\/uploads\/2022\/10\/pressenza_logo_200x200.jpg","width":200,"height":200,"caption":"Pressenza"},"image":{"@id":"https:\/\/www.pressenza.com\/it\/#\/schema\/logo\/image\/"},"sameAs":["https:\/\/www.facebook.com\/PressenzaItalia","https:\/\/x.com\/PressenzaIPA"]},{"@type":"Person","@id":"https:\/\/www.pressenza.com\/it\/#\/schema\/person\/727eb83f95962ed83c06040905743f28","name":"Alessio Di Florio","url":"https:\/\/www.pressenza.com\/it\/author\/alessio-di-florio\/"}]}},"place":"","original_article_url":"","_links":{"self":[{"href":"https:\/\/www.pressenza.com\/it\/wp-json\/wp\/v2\/posts\/1323520","targetHints":{"allow":["GET"]}}],"collection":[{"href":"https:\/\/www.pressenza.com\/it\/wp-json\/wp\/v2\/posts"}],"about":[{"href":"https:\/\/www.pressenza.com\/it\/wp-json\/wp\/v2\/types\/post"}],"author":[{"embeddable":true,"href":"https:\/\/www.pressenza.com\/it\/wp-json\/wp\/v2\/users\/902"}],"replies":[{"embeddable":true,"href":"https:\/\/www.pressenza.com\/it\/wp-json\/wp\/v2\/comments?post=1323520"}],"version-history":[{"count":0,"href":"https:\/\/www.pressenza.com\/it\/wp-json\/wp\/v2\/posts\/1323520\/revisions"}],"wp:featuredmedia":[{"embeddable":true,"href":"https:\/\/www.pressenza.com\/it\/wp-json\/wp\/v2\/media\/1323521"}],"wp:attachment":[{"href":"https:\/\/www.pressenza.com\/it\/wp-json\/wp\/v2\/media?parent=1323520"}],"wp:term":[{"taxonomy":"category","embeddable":true,"href":"https:\/\/www.pressenza.com\/it\/wp-json\/wp\/v2\/categories?post=1323520"},{"taxonomy":"post_tag","embeddable":true,"href":"https:\/\/www.pressenza.com\/it\/wp-json\/wp\/v2\/tags?post=1323520"}],"curies":[{"name":"wp","href":"https:\/\/api.w.org\/{rel}","templated":true}]}}