{"id":1322836,"date":"2021-03-19T18:51:34","date_gmt":"2021-03-19T18:51:34","guid":{"rendered":"https:\/\/www.pressenza.com\/?p=1322836"},"modified":"2021-03-19T18:51:34","modified_gmt":"2021-03-19T18:51:34","slug":"roma-giornata-mondiale-di-azione-per-il-clima-basta-false-promesse-e-il-grido-dei-fridays-for-future","status":"publish","type":"post","link":"https:\/\/www.pressenza.com\/it\/2021\/03\/roma-giornata-mondiale-di-azione-per-il-clima-basta-false-promesse-e-il-grido-dei-fridays-for-future\/","title":{"rendered":"Roma, Giornata mondiale di azione per il clima: &#8220;Basta false promesse&#8221; \u00e8 il grido dei Fridays For Future"},"content":{"rendered":"<p><strong>#bastafalsepromesse<\/strong>. \u00c8 questo il grido che gli attivisti del Fridays For Future hanno lanciato durante le mobilitazioni tenutesi in varie citt\u00e0 d&#8217;Italia in occasione della <span style=\"color: #800000;\"><span style=\"color: #000000;\"><strong>Giornata mondiale di azione per il Clima<\/strong>. <\/span><\/span><\/p>\n<p><span style=\"color: #800000;\"><em>Qui di seguito alcuni scatti di Claudia Rolando durante il presidio del 19 marzo di Piazza del Popolo a Roma<\/em> <\/span><\/p>\n<div class=\"post-gallery\">\n\t\t\t<figure class=\"post-gallery-item\">\n\t\t\t\t<img decoding=\"async\" src=\"https:\/\/www.pressenza.com\/wp-content\/uploads\/2021\/03\/ClaudiaRolando_FFF_19.03.2021_006-720x481.jpg\" loading=\"lazy\">\n\t\t\t\t<figcaption>\n\t\t\t\t\t\n\t\t\t\t<\/figcaption>\n\t\t\t<\/figure>\n\t\t\t<figure class=\"post-gallery-item\">\n\t\t\t\t<img decoding=\"async\" src=\"https:\/\/www.pressenza.com\/wp-content\/uploads\/2021\/03\/ClaudiaRolando_FFF_19.03.2021_020-720x481.jpg\" loading=\"lazy\">\n\t\t\t\t<figcaption>\n\t\t\t\t\t\n\t\t\t\t<\/figcaption>\n\t\t\t<\/figure>\n\t\t\t<figure class=\"post-gallery-item\">\n\t\t\t\t<img decoding=\"async\" src=\"https:\/\/www.pressenza.com\/wp-content\/uploads\/2021\/03\/ClaudiaRolando_FFF_19.03.2021_003-720x481.jpg\" loading=\"lazy\">\n\t\t\t\t<figcaption>\n\t\t\t\t\t\n\t\t\t\t<\/figcaption>\n\t\t\t<\/figure>\n\t\t\t<figure class=\"post-gallery-item\">\n\t\t\t\t<img decoding=\"async\" src=\"https:\/\/www.pressenza.com\/wp-content\/uploads\/2021\/03\/ClaudiaRolando_FFF_19.03.2021_015-720x481.jpg\" loading=\"lazy\">\n\t\t\t\t<figcaption>\n\t\t\t\t\t\n\t\t\t\t<\/figcaption>\n\t\t\t<\/figure>\n\t\t\t<figure class=\"post-gallery-item\">\n\t\t\t\t<img decoding=\"async\" src=\"https:\/\/www.pressenza.com\/wp-content\/uploads\/2021\/03\/ClaudiaRolando_FFF_19.03.2021_018-720x481.jpg\" loading=\"lazy\">\n\t\t\t\t<figcaption>\n\t\t\t\t\t\n\t\t\t\t<\/figcaption>\n\t\t\t<\/figure>\n\t\t\t<figure class=\"post-gallery-item\">\n\t\t\t\t<img decoding=\"async\" src=\"https:\/\/www.pressenza.com\/wp-content\/uploads\/2021\/03\/ClaudiaRolando_FFF_19.03.2021_011-720x481.jpg\" loading=\"lazy\">\n\t\t\t\t<figcaption>\n\t\t\t\t\t\n\t\t\t\t<\/figcaption>\n\t\t\t<\/figure>\n\t\t\t<figure class=\"post-gallery-item\">\n\t\t\t\t<img decoding=\"async\" src=\"https:\/\/www.pressenza.com\/wp-content\/uploads\/2021\/03\/ClaudiaRolando_FFF_19.03.2021_035-720x481.jpg\" loading=\"lazy\">\n\t\t\t\t<figcaption>\n\t\t\t\t\t\n\t\t\t\t<\/figcaption>\n\t\t\t<\/figure>\n\t\t\t<figure class=\"post-gallery-item\">\n\t\t\t\t<img decoding=\"async\" src=\"https:\/\/www.pressenza.com\/wp-content\/uploads\/2021\/03\/ClaudiaRolando_FFF_19.03.2021_010-720x481.jpg\" loading=\"lazy\">\n\t\t\t\t<figcaption>\n\t\t\t\t\t\n\t\t\t\t<\/figcaption>\n\t\t\t<\/figure>\n\t\t\t<figure class=\"post-gallery-item\">\n\t\t\t\t<img decoding=\"async\" src=\"https:\/\/www.pressenza.com\/wp-content\/uploads\/2021\/03\/ClaudiaRolando_FFF_19.03.2021_014-720x481.jpg\" loading=\"lazy\">\n\t\t\t\t<figcaption>\n\t\t\t\t\t\n\t\t\t\t<\/figcaption>\n\t\t\t<\/figure>\n\t\t\t<figure class=\"post-gallery-item\">\n\t\t\t\t<img decoding=\"async\" src=\"https:\/\/www.pressenza.com\/wp-content\/uploads\/2021\/03\/ClaudiaRolando_FFF_19.03.2021_033-720x481.jpg\" loading=\"lazy\">\n\t\t\t\t<figcaption>\n\t\t\t\t\t\n\t\t\t\t<\/figcaption>\n\t\t\t<\/figure>\n\t\t\t<figure class=\"post-gallery-item\">\n\t\t\t\t<img decoding=\"async\" src=\"https:\/\/www.pressenza.com\/wp-content\/uploads\/2021\/03\/ClaudiaRolando_FFF_19.03.2021_028-720x481.jpg\" loading=\"lazy\">\n\t\t\t\t<figcaption>\n\t\t\t\t\t\n\t\t\t\t<\/figcaption>\n\t\t\t<\/figure>\n\t\t\t<figure class=\"post-gallery-item\">\n\t\t\t\t<img decoding=\"async\" src=\"https:\/\/www.pressenza.com\/wp-content\/uploads\/2021\/03\/ClaudiaRolando_FFF_19.03.2021_021-720x481.jpg\" loading=\"lazy\">\n\t\t\t\t<figcaption>\n\t\t\t\t\t\n\t\t\t\t<\/figcaption>\n\t\t\t<\/figure>\n\t\t\t<figure class=\"post-gallery-item\">\n\t\t\t\t<img decoding=\"async\" src=\"https:\/\/www.pressenza.com\/wp-content\/uploads\/2021\/03\/ClaudiaRolando_FFF_19.03.2021_047-720x481.jpg\" loading=\"lazy\">\n\t\t\t\t<figcaption>\n\t\t\t\t\t\n\t\t\t\t<\/figcaption>\n\t\t\t<\/figure>\n\t\t\t<figure class=\"post-gallery-item\">\n\t\t\t\t<img decoding=\"async\" src=\"https:\/\/www.pressenza.com\/wp-content\/uploads\/2021\/03\/ClaudiaRolando_FFF_19.03.2021_001-720x481.jpg\" loading=\"lazy\">\n\t\t\t\t<figcaption>\n\t\t\t\t\t\n\t\t\t\t<\/figcaption>\n\t\t\t<\/figure>\n\t\t\t<figure class=\"post-gallery-item\">\n\t\t\t\t<img decoding=\"async\" src=\"https:\/\/www.pressenza.com\/wp-content\/uploads\/2021\/03\/ClaudiaRolando_FFF_19.03.2021_032-720x481.jpg\" loading=\"lazy\">\n\t\t\t\t<figcaption>\n\t\t\t\t\t\n\t\t\t\t<\/figcaption>\n\t\t\t<\/figure>\n\t\t\t<figure class=\"post-gallery-item\">\n\t\t\t\t<img decoding=\"async\" src=\"https:\/\/www.pressenza.com\/wp-content\/uploads\/2021\/03\/ClaudiaRolando_FFF_19.03.2021_031-720x481.jpg\" loading=\"lazy\">\n\t\t\t\t<figcaption>\n\t\t\t\t\t\n\t\t\t\t<\/figcaption>\n\t\t\t<\/figure>\n\t\t\t<figure class=\"post-gallery-item\">\n\t\t\t\t<img decoding=\"async\" src=\"https:\/\/www.pressenza.com\/wp-content\/uploads\/2021\/03\/ClaudiaRolando_FFF_19.03.2021_044-720x481.jpg\" loading=\"lazy\">\n\t\t\t\t<figcaption>\n\t\t\t\t\t\n\t\t\t\t<\/figcaption>\n\t\t\t<\/figure>\n\t\t\t<figure class=\"post-gallery-item\">\n\t\t\t\t<img decoding=\"async\" src=\"https:\/\/www.pressenza.com\/wp-content\/uploads\/2021\/03\/ClaudiaRolando_FFF_19.03.2021_040-720x481.jpg\" loading=\"lazy\">\n\t\t\t\t<figcaption>\n\t\t\t\t\t\n\t\t\t\t<\/figcaption>\n\t\t\t<\/figure><\/div>\n","protected":false},"excerpt":{"rendered":"<p>#bastafalsepromesse. \u00c8 questo il grido che gli attivisti del Fridays For Future hanno lanciato durante le mobilitazioni tenutesi in varie citt\u00e0 d&#8217;Italia in occasione della Giornata mondiale di azione per il Clima. Qui di seguito alcuni scatti di Claudia Rolando&hellip;<\/p>\n","protected":false},"author":1867,"featured_media":1322869,"comment_status":"closed","ping_status":"closed","sticky":false,"template":"","format":"standard","meta":{"footnotes":""},"categories":[11388,59,47,5677],"tags":[88695,57586,53987,81712,3873],"class_list":["post-1322836","post","type-post","status-publish","format-standard","has-post-thumbnail","hentry","category-contenuti-originali","category-ambiente-ecologia","category-europa","category-fotoreportages","tag-bastafalsepromesse","tag-fff","tag-fridays-for-future","tag-giornata-mondiale-di-azione-per-il-clima","tag-roma"],"yoast_head":"<!-- This site is optimized with the Yoast SEO plugin v27.1.1 - https:\/\/yoast.com\/product\/yoast-seo-wordpress\/ -->\n<title>Roma, Giornata mondiale di azione per il clima: &quot;Basta false promesse&quot; \u00e8 il grido dei Fridays For Future<\/title>\n<meta name=\"description\" content=\"#bastafalsepromesse. \u00c8 questo il grido che gli attivisti del Fridays For Future hanno lanciato durante le mobilitazioni tenutesi in varie citt\u00e0 d&#039;Italia\" \/>\n<meta name=\"robots\" content=\"index, follow, max-snippet:-1, max-image-preview:large, max-video-preview:-1\" \/>\n<link rel=\"canonical\" href=\"https:\/\/www.pressenza.com\/it\/2021\/03\/roma-giornata-mondiale-di-azione-per-il-clima-basta-false-promesse-e-il-grido-dei-fridays-for-future\/\" \/>\n<meta property=\"og:locale\" content=\"it_IT\" \/>\n<meta property=\"og:type\" content=\"article\" \/>\n<meta property=\"og:title\" content=\"Roma, Giornata mondiale di azione per il clima: &quot;Basta false promesse&quot; \u00e8 il grido dei Fridays For Future\" \/>\n<meta property=\"og:description\" content=\"#bastafalsepromesse. \u00c8 questo il grido che gli attivisti del Fridays For Future hanno lanciato durante le mobilitazioni tenutesi in varie citt\u00e0 d&#039;Italia\" \/>\n<meta property=\"og:url\" content=\"https:\/\/www.pressenza.com\/it\/2021\/03\/roma-giornata-mondiale-di-azione-per-il-clima-basta-false-promesse-e-il-grido-dei-fridays-for-future\/\" \/>\n<meta property=\"og:site_name\" content=\"Pressenza\" \/>\n<meta property=\"article:publisher\" content=\"https:\/\/www.facebook.com\/PressenzaItalia\" \/>\n<meta property=\"article:published_time\" content=\"2021-03-19T18:51:34+00:00\" \/>\n<meta property=\"og:image\" content=\"https:\/\/www.pressenza.com\/wp-content\/uploads\/2021\/03\/ClaudiaRolando_FFF_19.03.2021_034.jpg\" \/>\n\t<meta property=\"og:image:width\" content=\"1920\" \/>\n\t<meta property=\"og:image:height\" content=\"1282\" \/>\n\t<meta property=\"og:image:type\" content=\"image\/jpeg\" \/>\n<meta name=\"author\" content=\"Claudia Rolando\" \/>\n<meta name=\"twitter:card\" content=\"summary_large_image\" \/>\n<meta name=\"twitter:creator\" content=\"@PressenzaIPA\" \/>\n<meta name=\"twitter:site\" content=\"@PressenzaIPA\" \/>\n<meta name=\"twitter:label1\" content=\"Scritto da\" \/>\n\t<meta name=\"twitter:data1\" content=\"Claudia Rolando\" \/>\n<script type=\"application\/ld+json\" class=\"yoast-schema-graph\">{\"@context\":\"https:\/\/schema.org\",\"@graph\":[{\"@type\":\"Article\",\"@id\":\"https:\/\/www.pressenza.com\/it\/2021\/03\/roma-giornata-mondiale-di-azione-per-il-clima-basta-false-promesse-e-il-grido-dei-fridays-for-future\/#article\",\"isPartOf\":{\"@id\":\"https:\/\/www.pressenza.com\/it\/2021\/03\/roma-giornata-mondiale-di-azione-per-il-clima-basta-false-promesse-e-il-grido-dei-fridays-for-future\/\"},\"author\":{\"name\":\"Claudia Rolando\",\"@id\":\"https:\/\/www.pressenza.com\/it\/#\/schema\/person\/2692470f385c657ecc2ec8ba8ef416c9\"},\"headline\":\"Roma, Giornata mondiale di azione per il clima: &#8220;Basta false promesse&#8221; \u00e8 il grido dei Fridays For Future\",\"datePublished\":\"2021-03-19T18:51:34+00:00\",\"mainEntityOfPage\":{\"@id\":\"https:\/\/www.pressenza.com\/it\/2021\/03\/roma-giornata-mondiale-di-azione-per-il-clima-basta-false-promesse-e-il-grido-dei-fridays-for-future\/\"},\"wordCount\":70,\"publisher\":{\"@id\":\"https:\/\/www.pressenza.com\/it\/#organization\"},\"image\":{\"@id\":\"https:\/\/www.pressenza.com\/it\/2021\/03\/roma-giornata-mondiale-di-azione-per-il-clima-basta-false-promesse-e-il-grido-dei-fridays-for-future\/#primaryimage\"},\"thumbnailUrl\":\"https:\/\/www.pressenza.com\/wp-content\/uploads\/2021\/03\/ClaudiaRolando_FFF_19.03.2021_034.jpg\",\"keywords\":[\"#bastafalsepromesse\",\"FFF\",\"Fridays for Future\",\"Giornata mondiale di azione per il clima\",\"Roma\"],\"articleSection\":[\"contenuti originali\",\"Ecologia ed Ambiente\",\"Europa\",\"Fotoreportages\"],\"inLanguage\":\"it-IT\"},{\"@type\":\"WebPage\",\"@id\":\"https:\/\/www.pressenza.com\/it\/2021\/03\/roma-giornata-mondiale-di-azione-per-il-clima-basta-false-promesse-e-il-grido-dei-fridays-for-future\/\",\"url\":\"https:\/\/www.pressenza.com\/it\/2021\/03\/roma-giornata-mondiale-di-azione-per-il-clima-basta-false-promesse-e-il-grido-dei-fridays-for-future\/\",\"name\":\"Roma, Giornata mondiale di azione per il clima: \\\"Basta false promesse\\\" \u00e8 il grido dei Fridays For Future\",\"isPartOf\":{\"@id\":\"https:\/\/www.pressenza.com\/it\/#website\"},\"primaryImageOfPage\":{\"@id\":\"https:\/\/www.pressenza.com\/it\/2021\/03\/roma-giornata-mondiale-di-azione-per-il-clima-basta-false-promesse-e-il-grido-dei-fridays-for-future\/#primaryimage\"},\"image\":{\"@id\":\"https:\/\/www.pressenza.com\/it\/2021\/03\/roma-giornata-mondiale-di-azione-per-il-clima-basta-false-promesse-e-il-grido-dei-fridays-for-future\/#primaryimage\"},\"thumbnailUrl\":\"https:\/\/www.pressenza.com\/wp-content\/uploads\/2021\/03\/ClaudiaRolando_FFF_19.03.2021_034.jpg\",\"datePublished\":\"2021-03-19T18:51:34+00:00\",\"description\":\"#bastafalsepromesse. \u00c8 questo il grido che gli attivisti del Fridays For Future hanno lanciato durante le mobilitazioni tenutesi in varie citt\u00e0 d'Italia\",\"breadcrumb\":{\"@id\":\"https:\/\/www.pressenza.com\/it\/2021\/03\/roma-giornata-mondiale-di-azione-per-il-clima-basta-false-promesse-e-il-grido-dei-fridays-for-future\/#breadcrumb\"},\"inLanguage\":\"it-IT\",\"potentialAction\":[{\"@type\":\"ReadAction\",\"target\":[\"https:\/\/www.pressenza.com\/it\/2021\/03\/roma-giornata-mondiale-di-azione-per-il-clima-basta-false-promesse-e-il-grido-dei-fridays-for-future\/\"]}]},{\"@type\":\"ImageObject\",\"inLanguage\":\"it-IT\",\"@id\":\"https:\/\/www.pressenza.com\/it\/2021\/03\/roma-giornata-mondiale-di-azione-per-il-clima-basta-false-promesse-e-il-grido-dei-fridays-for-future\/#primaryimage\",\"url\":\"https:\/\/www.pressenza.com\/wp-content\/uploads\/2021\/03\/ClaudiaRolando_FFF_19.03.2021_034.jpg\",\"contentUrl\":\"https:\/\/www.pressenza.com\/wp-content\/uploads\/2021\/03\/ClaudiaRolando_FFF_19.03.2021_034.jpg\",\"width\":1920,\"height\":1282},{\"@type\":\"BreadcrumbList\",\"@id\":\"https:\/\/www.pressenza.com\/it\/2021\/03\/roma-giornata-mondiale-di-azione-per-il-clima-basta-false-promesse-e-il-grido-dei-fridays-for-future\/#breadcrumb\",\"itemListElement\":[{\"@type\":\"ListItem\",\"position\":1,\"name\":\"Accueil\",\"item\":\"https:\/\/www.pressenza.com\/it\/\"},{\"@type\":\"ListItem\",\"position\":2,\"name\":\"Roma, Giornata mondiale di azione per il clima: &#8220;Basta false promesse&#8221; \u00e8 il grido dei Fridays For Future\"}]},{\"@type\":\"WebSite\",\"@id\":\"https:\/\/www.pressenza.com\/it\/#website\",\"url\":\"https:\/\/www.pressenza.com\/it\/\",\"name\":\"Pressenza\",\"description\":\"Agenzia di Stampa Internazionale\",\"publisher\":{\"@id\":\"https:\/\/www.pressenza.com\/it\/#organization\"},\"potentialAction\":[{\"@type\":\"SearchAction\",\"target\":{\"@type\":\"EntryPoint\",\"urlTemplate\":\"https:\/\/www.pressenza.com\/it\/?s={search_term_string}\"},\"query-input\":{\"@type\":\"PropertyValueSpecification\",\"valueRequired\":true,\"valueName\":\"search_term_string\"}}],\"inLanguage\":\"it-IT\"},{\"@type\":\"Organization\",\"@id\":\"https:\/\/www.pressenza.com\/it\/#organization\",\"name\":\"Pressenza\",\"url\":\"https:\/\/www.pressenza.com\/it\/\",\"logo\":{\"@type\":\"ImageObject\",\"inLanguage\":\"it-IT\",\"@id\":\"https:\/\/www.pressenza.com\/it\/#\/schema\/logo\/image\/\",\"url\":\"https:\/\/www.pressenza.com\/wp-content\/uploads\/2022\/10\/pressenza_logo_200x200.jpg\",\"contentUrl\":\"https:\/\/www.pressenza.com\/wp-content\/uploads\/2022\/10\/pressenza_logo_200x200.jpg\",\"width\":200,\"height\":200,\"caption\":\"Pressenza\"},\"image\":{\"@id\":\"https:\/\/www.pressenza.com\/it\/#\/schema\/logo\/image\/\"},\"sameAs\":[\"https:\/\/www.facebook.com\/PressenzaItalia\",\"https:\/\/x.com\/PressenzaIPA\"]},{\"@type\":\"Person\",\"@id\":\"https:\/\/www.pressenza.com\/it\/#\/schema\/person\/2692470f385c657ecc2ec8ba8ef416c9\",\"name\":\"Claudia Rolando\",\"description\":\"Claudia Rolando nasce a Roma nel 1995. Dopo il diploma scientifico si laurea in Fotografia presso la Rome University of Fine Arts (RUFA). Lavora come fotografa in vari campi, in particolare nell\u2019ambito della documentazione. Alla sua esperienza fotografica, maturata in numerosi eventi pubblici e privati, si aggiungono reportage sociali realizzati in Italia, in particolare a Roma, ma anche in Tunisia e in Argentina. Cerca di unire la sua professione con la passione per il viaggio, realizzando progetti personali che abbiano l\u2019obiettivo di raccontare storie che riescano a creare empatia tra i soggetti ritratti e l\u2019osservatore.\",\"url\":\"https:\/\/www.pressenza.com\/it\/author\/claudia-rolando\/\"}]}<\/script>\n<!-- \/ Yoast SEO plugin. -->","yoast_head_json":{"title":"Roma, Giornata mondiale di azione per il clima: \"Basta false promesse\" \u00e8 il grido dei Fridays For Future","description":"#bastafalsepromesse. \u00c8 questo il grido che gli attivisti del Fridays For Future hanno lanciato durante le mobilitazioni tenutesi in varie citt\u00e0 d'Italia","robots":{"index":"index","follow":"follow","max-snippet":"max-snippet:-1","max-image-preview":"max-image-preview:large","max-video-preview":"max-video-preview:-1"},"canonical":"https:\/\/www.pressenza.com\/it\/2021\/03\/roma-giornata-mondiale-di-azione-per-il-clima-basta-false-promesse-e-il-grido-dei-fridays-for-future\/","og_locale":"it_IT","og_type":"article","og_title":"Roma, Giornata mondiale di azione per il clima: \"Basta false promesse\" \u00e8 il grido dei Fridays For Future","og_description":"#bastafalsepromesse. \u00c8 questo il grido che gli attivisti del Fridays For Future hanno lanciato durante le mobilitazioni tenutesi in varie citt\u00e0 d'Italia","og_url":"https:\/\/www.pressenza.com\/it\/2021\/03\/roma-giornata-mondiale-di-azione-per-il-clima-basta-false-promesse-e-il-grido-dei-fridays-for-future\/","og_site_name":"Pressenza","article_publisher":"https:\/\/www.facebook.com\/PressenzaItalia","article_published_time":"2021-03-19T18:51:34+00:00","og_image":[{"width":1920,"height":1282,"url":"https:\/\/www.pressenza.com\/wp-content\/uploads\/2021\/03\/ClaudiaRolando_FFF_19.03.2021_034.jpg","type":"image\/jpeg"}],"author":"Claudia Rolando","twitter_card":"summary_large_image","twitter_creator":"@PressenzaIPA","twitter_site":"@PressenzaIPA","twitter_misc":{"Scritto da":"Claudia Rolando"},"schema":{"@context":"https:\/\/schema.org","@graph":[{"@type":"Article","@id":"https:\/\/www.pressenza.com\/it\/2021\/03\/roma-giornata-mondiale-di-azione-per-il-clima-basta-false-promesse-e-il-grido-dei-fridays-for-future\/#article","isPartOf":{"@id":"https:\/\/www.pressenza.com\/it\/2021\/03\/roma-giornata-mondiale-di-azione-per-il-clima-basta-false-promesse-e-il-grido-dei-fridays-for-future\/"},"author":{"name":"Claudia Rolando","@id":"https:\/\/www.pressenza.com\/it\/#\/schema\/person\/2692470f385c657ecc2ec8ba8ef416c9"},"headline":"Roma, Giornata mondiale di azione per il clima: &#8220;Basta false promesse&#8221; \u00e8 il grido dei Fridays For Future","datePublished":"2021-03-19T18:51:34+00:00","mainEntityOfPage":{"@id":"https:\/\/www.pressenza.com\/it\/2021\/03\/roma-giornata-mondiale-di-azione-per-il-clima-basta-false-promesse-e-il-grido-dei-fridays-for-future\/"},"wordCount":70,"publisher":{"@id":"https:\/\/www.pressenza.com\/it\/#organization"},"image":{"@id":"https:\/\/www.pressenza.com\/it\/2021\/03\/roma-giornata-mondiale-di-azione-per-il-clima-basta-false-promesse-e-il-grido-dei-fridays-for-future\/#primaryimage"},"thumbnailUrl":"https:\/\/www.pressenza.com\/wp-content\/uploads\/2021\/03\/ClaudiaRolando_FFF_19.03.2021_034.jpg","keywords":["#bastafalsepromesse","FFF","Fridays for Future","Giornata mondiale di azione per il clima","Roma"],"articleSection":["contenuti originali","Ecologia ed Ambiente","Europa","Fotoreportages"],"inLanguage":"it-IT"},{"@type":"WebPage","@id":"https:\/\/www.pressenza.com\/it\/2021\/03\/roma-giornata-mondiale-di-azione-per-il-clima-basta-false-promesse-e-il-grido-dei-fridays-for-future\/","url":"https:\/\/www.pressenza.com\/it\/2021\/03\/roma-giornata-mondiale-di-azione-per-il-clima-basta-false-promesse-e-il-grido-dei-fridays-for-future\/","name":"Roma, Giornata mondiale di azione per il clima: \"Basta false promesse\" \u00e8 il grido dei Fridays For Future","isPartOf":{"@id":"https:\/\/www.pressenza.com\/it\/#website"},"primaryImageOfPage":{"@id":"https:\/\/www.pressenza.com\/it\/2021\/03\/roma-giornata-mondiale-di-azione-per-il-clima-basta-false-promesse-e-il-grido-dei-fridays-for-future\/#primaryimage"},"image":{"@id":"https:\/\/www.pressenza.com\/it\/2021\/03\/roma-giornata-mondiale-di-azione-per-il-clima-basta-false-promesse-e-il-grido-dei-fridays-for-future\/#primaryimage"},"thumbnailUrl":"https:\/\/www.pressenza.com\/wp-content\/uploads\/2021\/03\/ClaudiaRolando_FFF_19.03.2021_034.jpg","datePublished":"2021-03-19T18:51:34+00:00","description":"#bastafalsepromesse. \u00c8 questo il grido che gli attivisti del Fridays For Future hanno lanciato durante le mobilitazioni tenutesi in varie citt\u00e0 d'Italia","breadcrumb":{"@id":"https:\/\/www.pressenza.com\/it\/2021\/03\/roma-giornata-mondiale-di-azione-per-il-clima-basta-false-promesse-e-il-grido-dei-fridays-for-future\/#breadcrumb"},"inLanguage":"it-IT","potentialAction":[{"@type":"ReadAction","target":["https:\/\/www.pressenza.com\/it\/2021\/03\/roma-giornata-mondiale-di-azione-per-il-clima-basta-false-promesse-e-il-grido-dei-fridays-for-future\/"]}]},{"@type":"ImageObject","inLanguage":"it-IT","@id":"https:\/\/www.pressenza.com\/it\/2021\/03\/roma-giornata-mondiale-di-azione-per-il-clima-basta-false-promesse-e-il-grido-dei-fridays-for-future\/#primaryimage","url":"https:\/\/www.pressenza.com\/wp-content\/uploads\/2021\/03\/ClaudiaRolando_FFF_19.03.2021_034.jpg","contentUrl":"https:\/\/www.pressenza.com\/wp-content\/uploads\/2021\/03\/ClaudiaRolando_FFF_19.03.2021_034.jpg","width":1920,"height":1282},{"@type":"BreadcrumbList","@id":"https:\/\/www.pressenza.com\/it\/2021\/03\/roma-giornata-mondiale-di-azione-per-il-clima-basta-false-promesse-e-il-grido-dei-fridays-for-future\/#breadcrumb","itemListElement":[{"@type":"ListItem","position":1,"name":"Accueil","item":"https:\/\/www.pressenza.com\/it\/"},{"@type":"ListItem","position":2,"name":"Roma, Giornata mondiale di azione per il clima: &#8220;Basta false promesse&#8221; \u00e8 il grido dei Fridays For Future"}]},{"@type":"WebSite","@id":"https:\/\/www.pressenza.com\/it\/#website","url":"https:\/\/www.pressenza.com\/it\/","name":"Pressenza","description":"Agenzia di Stampa Internazionale","publisher":{"@id":"https:\/\/www.pressenza.com\/it\/#organization"},"potentialAction":[{"@type":"SearchAction","target":{"@type":"EntryPoint","urlTemplate":"https:\/\/www.pressenza.com\/it\/?s={search_term_string}"},"query-input":{"@type":"PropertyValueSpecification","valueRequired":true,"valueName":"search_term_string"}}],"inLanguage":"it-IT"},{"@type":"Organization","@id":"https:\/\/www.pressenza.com\/it\/#organization","name":"Pressenza","url":"https:\/\/www.pressenza.com\/it\/","logo":{"@type":"ImageObject","inLanguage":"it-IT","@id":"https:\/\/www.pressenza.com\/it\/#\/schema\/logo\/image\/","url":"https:\/\/www.pressenza.com\/wp-content\/uploads\/2022\/10\/pressenza_logo_200x200.jpg","contentUrl":"https:\/\/www.pressenza.com\/wp-content\/uploads\/2022\/10\/pressenza_logo_200x200.jpg","width":200,"height":200,"caption":"Pressenza"},"image":{"@id":"https:\/\/www.pressenza.com\/it\/#\/schema\/logo\/image\/"},"sameAs":["https:\/\/www.facebook.com\/PressenzaItalia","https:\/\/x.com\/PressenzaIPA"]},{"@type":"Person","@id":"https:\/\/www.pressenza.com\/it\/#\/schema\/person\/2692470f385c657ecc2ec8ba8ef416c9","name":"Claudia Rolando","description":"Claudia Rolando nasce a Roma nel 1995. Dopo il diploma scientifico si laurea in Fotografia presso la Rome University of Fine Arts (RUFA). Lavora come fotografa in vari campi, in particolare nell\u2019ambito della documentazione. Alla sua esperienza fotografica, maturata in numerosi eventi pubblici e privati, si aggiungono reportage sociali realizzati in Italia, in particolare a Roma, ma anche in Tunisia e in Argentina. Cerca di unire la sua professione con la passione per il viaggio, realizzando progetti personali che abbiano l\u2019obiettivo di raccontare storie che riescano a creare empatia tra i soggetti ritratti e l\u2019osservatore.","url":"https:\/\/www.pressenza.com\/it\/author\/claudia-rolando\/"}]}},"place":"","original_article_url":"","_links":{"self":[{"href":"https:\/\/www.pressenza.com\/it\/wp-json\/wp\/v2\/posts\/1322836","targetHints":{"allow":["GET"]}}],"collection":[{"href":"https:\/\/www.pressenza.com\/it\/wp-json\/wp\/v2\/posts"}],"about":[{"href":"https:\/\/www.pressenza.com\/it\/wp-json\/wp\/v2\/types\/post"}],"author":[{"embeddable":true,"href":"https:\/\/www.pressenza.com\/it\/wp-json\/wp\/v2\/users\/1867"}],"replies":[{"embeddable":true,"href":"https:\/\/www.pressenza.com\/it\/wp-json\/wp\/v2\/comments?post=1322836"}],"version-history":[{"count":0,"href":"https:\/\/www.pressenza.com\/it\/wp-json\/wp\/v2\/posts\/1322836\/revisions"}],"wp:featuredmedia":[{"embeddable":true,"href":"https:\/\/www.pressenza.com\/it\/wp-json\/wp\/v2\/media\/1322869"}],"wp:attachment":[{"href":"https:\/\/www.pressenza.com\/it\/wp-json\/wp\/v2\/media?parent=1322836"}],"wp:term":[{"taxonomy":"category","embeddable":true,"href":"https:\/\/www.pressenza.com\/it\/wp-json\/wp\/v2\/categories?post=1322836"},{"taxonomy":"post_tag","embeddable":true,"href":"https:\/\/www.pressenza.com\/it\/wp-json\/wp\/v2\/tags?post=1322836"}],"curies":[{"name":"wp","href":"https:\/\/api.w.org\/{rel}","templated":true}]}}