{"id":1322027,"date":"2021-03-18T22:14:16","date_gmt":"2021-03-18T22:14:16","guid":{"rendered":"https:\/\/www.pressenza.com\/?p=1322027"},"modified":"2021-03-18T22:15:40","modified_gmt":"2021-03-18T22:15:40","slug":"e-ancora-persecuzione-contro-il-popolo-garifuna","status":"publish","type":"post","link":"https:\/\/www.pressenza.com\/it\/2021\/03\/e-ancora-persecuzione-contro-il-popolo-garifuna\/","title":{"rendered":"\u00c8 ancora persecuzione contro il popolo Garifuna"},"content":{"rendered":"<p class=\"western\" lang=\"es-ES\" align=\"justify\"><span lang=\"it-IT\">Il 3 marzo, Marianela e Jenifer Mej\u00eda Solorzano, attiviste in difesa dei territori garifuna e membri dell&#8217;Organizzazione fraterna nera honduregna (Ofraneh), sono state arrestate e messe in cella per i presunti delitti di usurpazione, danni e minacce. Quattro giorni dopo, il giudice ne ha disposto il rinvio a processo e ha concesso misure alternative alla detenzione.<\/span><\/p>\n<p class=\"western\" lang=\"es-ES\" align=\"justify\"><span lang=\"it-IT\">L&#8217;arresto delle due attiviste \u00e8 a seguito di una denuncia presentata da Rosario Fajardo Ruiz, rappresentante amministrativa di Bienes y Ra\u00edces Juca SRL, contro 32 membri della comunit\u00e0 gar\u00edfuna di Cristales y R\u00edo Negro, situata nella baia di Trujillo.<\/span><\/p>\n<p class=\"western\" lang=\"es-ES\" align=\"justify\"><span lang=\"it-IT\">Su Jenifer Mej\u00eda e altri 28 membri della comunit\u00e0 pende anche un mandato di arresto per un altro caso di usurpazione e furto. L\u2019attivista \u00e8 anche accusata del reato di \u201csfollamento forzato\u201d nei confronti di membri della Juca SRL.<\/span><\/p>\n<p class=\"western\" lang=\"es-ES\" align=\"justify\"><span lang=\"it-IT\">La societ\u00e0 li accusa di aver &#8216;invaso&#8217; alcuni lotti (dove sorge anche un residence) di un terreno acquistato nel 1994 da Berke Lambert Carrol Campbell, di nazionalit\u00e0 tedesca e gi\u00e0 deceduta da qualche anno, e successivamente trasferito alla societ\u00e0 da lei stessa creata.<\/span><\/p>\n<p class=\"western\" lang=\"es-ES\" align=\"justify\"><span lang=\"it-IT\">Questa terra fa parte del territorio ancestrale del popolo Garifuna ed \u00e8 stata illegalmente venduta dal comune di Trujillo alla fine degli anni &#8217;70.<\/span><\/p>\n<p class=\"western\" align=\"justify\"><span style=\"color: #17365d;\"><span style=\"font-size: large;\"><b>Sfondo del conflitto<\/b><\/span><\/span><\/p>\n<p class=\"western\" lang=\"es-ES\" align=\"justify\"><span lang=\"it-IT\">Tra il 1887 e il 1901, i presidenti Luis Bogr\u00e1n e Manuel Bonilla concessero ai garifuna della zona due appezzamenti di terreno, uno di 5.000 e l&#8217;altro di 2.000 ettari. In questo modo fu garantito loro il pieno diritto sulle terre ancestrali.<\/span><\/p>\n<p class=\"western\" lang=\"es-ES\" align=\"justify\"><span lang=\"it-IT\">Nonostante la legislazione nazionale e le convenzioni internazionali ratificate dall&#8217;Honduras[1] proibissero la vendita di terre che facessero parte di una propriet\u00e0 comunitaria, nel 1978 il sindaco di Trujillo trasfer\u00ec la propriet\u00e0 di una parte delle terre ancestrali al fiduciario municipale.<\/span><\/p>\n<p class=\"western\" lang=\"es-ES\" align=\"justify\"><span lang=\"it-IT\">Venti giorni dopo, il funzionario pubblico vendette le terre a un cittadino statunitense, e cos\u00ec via fino al 1994 quando furono acquistate da Carrol Campbell e poi trasferite a Bienes y Ra\u00edces Juca, che le suddivise in lotti e li mise in vendita.<\/span><\/p>\n<p class=\"western\" lang=\"es-ES\" align=\"justify\">\u201c<span lang=\"it-IT\">Ci sono vizi d\u2019origine i cui effetti si trascinano fino ai giorni nostri e sono alla base del conflitto. Il comune non poteva vendere la terra, tanto meno a un altro funzionario, e il primo acquirente non poteva trasferirlo a uno straniero. Tutte queste scritture sono nulle\u201d, spiega Edy Tabora, uno dei difensori delle due giovani.<\/span><\/p>\n<p class=\"western\" lang=\"es-ES\" align=\"justify\"><span lang=\"it-IT\">La porzione di terreno trasferito illegalmente si trova infatti a meno di 300 metri dalla spiaggia. Sia la Costituzione del 1965 che quella del 1982 vietano agli stranieri l\u2019acquisto di terreni situati a meno di 40 km dalla costa.<\/span><\/p>\n<p class=\"western\" lang=\"es-ES\" align=\"justify\"><span lang=\"it-IT\">Inoltre, a partire dagli anni &#8217;90, l&#8217;Istituto nazionale agrario (Ina) ha avviato una procedura di individuazione e frazionamento della totalit\u00e0 delle terre ancestrali e nel 2005 ha consegnato a ogni comunit\u00e0, tra cui quella di Cristales y R\u00edo Negro, i rispettivi titoli di propriet\u00e0 comunitari.<\/span><\/p>\n<p class=\"western\" lang=\"es-ES\" align=\"justify\">\u201c<span lang=\"it-IT\">\u00c8 una metodologia perversa che \u00e8 stata utilizzata molte volte per saccheggiare ed espropriare le terre garifuna[2]. Ci sono due titoli (1901 e 2005) che garantiscono la propriet\u00e0 assoluta del popolo garifuna su queste terre. <\/span><\/p>\n<p class=\"western\" lang=\"es-ES\" align=\"justify\"><span lang=\"it-IT\">Inoltre, la sentenza della Corte interamericana dei diritti umani sulla comunit\u00e0 di Punta Piedra[3] ha sancito che sia la propriet\u00e0 collettiva che il possesso tradizionale della terra devono essere rispettati dagli Stati, indipendentemente che esista o no un titolo di propriet\u00e0\u201d, segnala Tabora.<\/span><\/p>\n<p class=\"western\" align=\"justify\"><span style=\"color: #17365d;\"><span style=\"font-size: large;\"><b>Difesa del territorio<\/b><\/span><\/span><\/p>\n<p class=\"western\" lang=\"es-ES\" align=\"justify\"><span lang=\"it-IT\">Il popolo Gar\u00edfuna sta quindi cercando di recuperare quel territorio ancestrale che gli \u00e8 stato progressivamente sottratto grazie all\u2019indifferenza delle istituzioni, la corruzione dilagante e l&#8217;insaziabilit\u00e0 delle corporazioni nazionali e internazionali.<\/span><\/p>\n<p class=\"western\" lang=\"es-ES\" align=\"justify\">\u201c<span lang=\"it-IT\">Negli ultimi anni, lo Stato si \u00e8 dedicato a distruggere i diritti collettivi delle popolazioni indigene. La criminalizzazione dei difensori del territorio ancestrale garifuna fa parte di una strategia di espulsione\u201d, afferma Ofraneh.<\/span><\/p>\n<p class=\"western\" lang=\"es-ES\" align=\"justify\">\u201c<span lang=\"it-IT\">Marianela e Jenifer non sono criminali. Sono compagne garifuna che difendono le nostre terre. Basta persecuzione e criminalizzazione contro il popolo Garifuna!\u201d, afferma Miriam Miranda, coordinatrice di Ofraneh.<\/span><\/p>\n<p class=\"western\" lang=\"es-ES\" align=\"justify\"><span lang=\"it-IT\">Ne \u00e8 prova la decisione del giudice di aprire un procedimento penale contro le due attiviste, nonostante il nuovo codice penale indichi che quando si tratta di conflitti per le terre, in presenza di titoli di propriet\u00e0, che coinvolgono popolazioni indigene o organizzazioni contadine, si dovr\u00e0 procedere per la via civile.<\/span><\/p>\n<p class=\"western\" lang=\"es-ES\" align=\"justify\"><span lang=\"it-IT\">&#8220;Quando delle terre vengono recuperate o occupate in modo legittimo, lo Stato invece di indagare sui veri usurpatori, perseguita i legittimi proprietari\u201d, conclude Tabora.<\/span><\/p>\n<p class=\"western\" lang=\"es-ES\" align=\"justify\"><span lang=\"it-IT\">La difesa intanto ha presentato ricorso e nei prossimi mesi si sapr\u00e0 se alla fine Marianela e Jenifer dovranno andare a processo.<\/span><\/p>\n<p class=\"western\" lang=\"es-ES\" align=\"justify\"><span lang=\"it-IT\">[1] Articolo 100 della legge sulla propriet\u00e0 e Convenzione ILO 169 su popoli indigeni e tribali<\/span><\/p>\n<p class=\"western\" lang=\"es-ES\" align=\"justify\"><span lang=\"it-IT\">[2] <\/span><span style=\"color: #0000ff;\"><u><a href=\"http:\/\/www.albasud.org\/blog\/ca\/926\/bah-a-de-trujillo-un-despojo-territorial-que-no-tiene-fin\"><span lang=\"it-IT\">http:\/\/www.albasud.org\/blog\/ca\/926\/bah-a-de-trujillo-un-despojo-territorial-que-no-tiene-fin<\/span><\/a><\/u><\/span><\/p>\n<p class=\"western\" lang=\"es-ES\" align=\"justify\"><span lang=\"it-IT\">[3] <\/span><span style=\"color: #0000ff;\"><u><a href=\"https:\/\/www.corteidh.or.cr\/docs\/canes\/articulos\/seriec_304_esp.pdf\"><span lang=\"it-IT\">https:\/\/www.corteidh.or.cr\/docs\/canes\/articulos\/seriec_304_esp.pdf<\/span><\/a><\/u><\/span><\/p>\n","protected":false},"excerpt":{"rendered":"<p>Il 3 marzo, Marianela e Jenifer Mej\u00eda Solorzano, attiviste in difesa dei territori garifuna e membri dell&#8217;Organizzazione fraterna nera honduregna (Ofraneh), sono state arrestate e messe in cella per i presunti delitti di usurpazione, danni e minacce. Quattro giorni dopo,&hellip;<\/p>\n","protected":false},"author":1800,"featured_media":1320963,"comment_status":"closed","ping_status":"closed","sticky":false,"template":"","format":"standard","meta":{"footnotes":""},"categories":[50,11388,61],"tags":[85199,1041],"class_list":["post-1322027","post","type-post","status-publish","format-standard","has-post-thumbnail","hentry","category-centro-america","category-contenuti-originali","category-popoli-aborigeni","tag-garifuna-it","tag-honduras"],"yoast_head":"<!-- This site is optimized with the Yoast SEO plugin v27.1.1 - https:\/\/yoast.com\/product\/yoast-seo-wordpress\/ -->\n<title>\u00c8 ancora persecuzione contro il popolo Garifuna<\/title>\n<meta name=\"description\" content=\"Il 3 marzo, Marianela e Jenifer Mej\u00eda Solorzano, attiviste in difesa dei territori garifuna e membri dell&#039;Organizzazione fraterna nera honduregna\" \/>\n<meta name=\"robots\" content=\"index, follow, max-snippet:-1, max-image-preview:large, max-video-preview:-1\" \/>\n<link rel=\"canonical\" href=\"https:\/\/www.pressenza.com\/it\/2021\/03\/e-ancora-persecuzione-contro-il-popolo-garifuna\/\" \/>\n<meta property=\"og:locale\" content=\"it_IT\" \/>\n<meta property=\"og:type\" content=\"article\" \/>\n<meta property=\"og:title\" content=\"\u00c8 ancora persecuzione contro il popolo Garifuna\" \/>\n<meta property=\"og:description\" content=\"Il 3 marzo, Marianela e Jenifer Mej\u00eda Solorzano, attiviste in difesa dei territori garifuna e membri dell&#039;Organizzazione fraterna nera honduregna\" \/>\n<meta property=\"og:url\" content=\"https:\/\/www.pressenza.com\/it\/2021\/03\/e-ancora-persecuzione-contro-il-popolo-garifuna\/\" \/>\n<meta property=\"og:site_name\" content=\"Pressenza\" \/>\n<meta property=\"article:publisher\" content=\"https:\/\/www.facebook.com\/PressenzaItalia\" \/>\n<meta property=\"article:published_time\" content=\"2021-03-18T22:14:16+00:00\" \/>\n<meta property=\"article:modified_time\" content=\"2021-03-18T22:15:40+00:00\" \/>\n<meta property=\"og:image\" content=\"https:\/\/www.pressenza.com\/wp-content\/uploads\/2021\/03\/20210316_Marianela_Jenifer-1400x779-2.jpg\" \/>\n\t<meta property=\"og:image:width\" content=\"1400\" \/>\n\t<meta property=\"og:image:height\" content=\"779\" \/>\n\t<meta property=\"og:image:type\" content=\"image\/jpeg\" \/>\n<meta name=\"author\" content=\"Giorgio Trucchi\" \/>\n<meta name=\"twitter:card\" content=\"summary_large_image\" \/>\n<meta name=\"twitter:creator\" content=\"@PressenzaIPA\" \/>\n<meta name=\"twitter:site\" content=\"@PressenzaIPA\" \/>\n<meta name=\"twitter:label1\" content=\"Scritto da\" \/>\n\t<meta name=\"twitter:data1\" content=\"Giorgio Trucchi\" \/>\n\t<meta name=\"twitter:label2\" content=\"Tempo di lettura stimato\" \/>\n\t<meta name=\"twitter:data2\" content=\"4 minuti\" \/>\n<script type=\"application\/ld+json\" class=\"yoast-schema-graph\">{\"@context\":\"https:\/\/schema.org\",\"@graph\":[{\"@type\":\"Article\",\"@id\":\"https:\/\/www.pressenza.com\/it\/2021\/03\/e-ancora-persecuzione-contro-il-popolo-garifuna\/#article\",\"isPartOf\":{\"@id\":\"https:\/\/www.pressenza.com\/it\/2021\/03\/e-ancora-persecuzione-contro-il-popolo-garifuna\/\"},\"author\":{\"name\":\"Giorgio Trucchi\",\"@id\":\"https:\/\/www.pressenza.com\/it\/#\/schema\/person\/55ec2a8f1b3e718010691e4aba073020\"},\"headline\":\"\u00c8 ancora persecuzione contro il popolo Garifuna\",\"datePublished\":\"2021-03-18T22:14:16+00:00\",\"dateModified\":\"2021-03-18T22:15:40+00:00\",\"mainEntityOfPage\":{\"@id\":\"https:\/\/www.pressenza.com\/it\/2021\/03\/e-ancora-persecuzione-contro-il-popolo-garifuna\/\"},\"wordCount\":768,\"publisher\":{\"@id\":\"https:\/\/www.pressenza.com\/it\/#organization\"},\"image\":{\"@id\":\"https:\/\/www.pressenza.com\/it\/2021\/03\/e-ancora-persecuzione-contro-il-popolo-garifuna\/#primaryimage\"},\"thumbnailUrl\":\"https:\/\/www.pressenza.com\/wp-content\/uploads\/2021\/03\/20210316_Marianela_Jenifer-1400x779-2.jpg\",\"keywords\":[\"garifuna\",\"Honduras\"],\"articleSection\":[\"America Centrale\",\"contenuti originali\",\"Popoli originari\"],\"inLanguage\":\"it-IT\"},{\"@type\":\"WebPage\",\"@id\":\"https:\/\/www.pressenza.com\/it\/2021\/03\/e-ancora-persecuzione-contro-il-popolo-garifuna\/\",\"url\":\"https:\/\/www.pressenza.com\/it\/2021\/03\/e-ancora-persecuzione-contro-il-popolo-garifuna\/\",\"name\":\"\u00c8 ancora persecuzione contro il popolo Garifuna\",\"isPartOf\":{\"@id\":\"https:\/\/www.pressenza.com\/it\/#website\"},\"primaryImageOfPage\":{\"@id\":\"https:\/\/www.pressenza.com\/it\/2021\/03\/e-ancora-persecuzione-contro-il-popolo-garifuna\/#primaryimage\"},\"image\":{\"@id\":\"https:\/\/www.pressenza.com\/it\/2021\/03\/e-ancora-persecuzione-contro-il-popolo-garifuna\/#primaryimage\"},\"thumbnailUrl\":\"https:\/\/www.pressenza.com\/wp-content\/uploads\/2021\/03\/20210316_Marianela_Jenifer-1400x779-2.jpg\",\"datePublished\":\"2021-03-18T22:14:16+00:00\",\"dateModified\":\"2021-03-18T22:15:40+00:00\",\"description\":\"Il 3 marzo, Marianela e Jenifer Mej\u00eda Solorzano, attiviste in difesa dei territori garifuna e membri dell'Organizzazione fraterna nera honduregna\",\"breadcrumb\":{\"@id\":\"https:\/\/www.pressenza.com\/it\/2021\/03\/e-ancora-persecuzione-contro-il-popolo-garifuna\/#breadcrumb\"},\"inLanguage\":\"it-IT\",\"potentialAction\":[{\"@type\":\"ReadAction\",\"target\":[\"https:\/\/www.pressenza.com\/it\/2021\/03\/e-ancora-persecuzione-contro-il-popolo-garifuna\/\"]}]},{\"@type\":\"ImageObject\",\"inLanguage\":\"it-IT\",\"@id\":\"https:\/\/www.pressenza.com\/it\/2021\/03\/e-ancora-persecuzione-contro-il-popolo-garifuna\/#primaryimage\",\"url\":\"https:\/\/www.pressenza.com\/wp-content\/uploads\/2021\/03\/20210316_Marianela_Jenifer-1400x779-2.jpg\",\"contentUrl\":\"https:\/\/www.pressenza.com\/wp-content\/uploads\/2021\/03\/20210316_Marianela_Jenifer-1400x779-2.jpg\",\"width\":1400,\"height\":779,\"caption\":\"Ofraneh\"},{\"@type\":\"BreadcrumbList\",\"@id\":\"https:\/\/www.pressenza.com\/it\/2021\/03\/e-ancora-persecuzione-contro-il-popolo-garifuna\/#breadcrumb\",\"itemListElement\":[{\"@type\":\"ListItem\",\"position\":1,\"name\":\"Accueil\",\"item\":\"https:\/\/www.pressenza.com\/it\/\"},{\"@type\":\"ListItem\",\"position\":2,\"name\":\"\u00c8 ancora persecuzione contro il popolo Garifuna\"}]},{\"@type\":\"WebSite\",\"@id\":\"https:\/\/www.pressenza.com\/it\/#website\",\"url\":\"https:\/\/www.pressenza.com\/it\/\",\"name\":\"Pressenza\",\"description\":\"Agenzia di Stampa Internazionale\",\"publisher\":{\"@id\":\"https:\/\/www.pressenza.com\/it\/#organization\"},\"potentialAction\":[{\"@type\":\"SearchAction\",\"target\":{\"@type\":\"EntryPoint\",\"urlTemplate\":\"https:\/\/www.pressenza.com\/it\/?s={search_term_string}\"},\"query-input\":{\"@type\":\"PropertyValueSpecification\",\"valueRequired\":true,\"valueName\":\"search_term_string\"}}],\"inLanguage\":\"it-IT\"},{\"@type\":\"Organization\",\"@id\":\"https:\/\/www.pressenza.com\/it\/#organization\",\"name\":\"Pressenza\",\"url\":\"https:\/\/www.pressenza.com\/it\/\",\"logo\":{\"@type\":\"ImageObject\",\"inLanguage\":\"it-IT\",\"@id\":\"https:\/\/www.pressenza.com\/it\/#\/schema\/logo\/image\/\",\"url\":\"https:\/\/www.pressenza.com\/wp-content\/uploads\/2022\/10\/pressenza_logo_200x200.jpg\",\"contentUrl\":\"https:\/\/www.pressenza.com\/wp-content\/uploads\/2022\/10\/pressenza_logo_200x200.jpg\",\"width\":200,\"height\":200,\"caption\":\"Pressenza\"},\"image\":{\"@id\":\"https:\/\/www.pressenza.com\/it\/#\/schema\/logo\/image\/\"},\"sameAs\":[\"https:\/\/www.facebook.com\/PressenzaItalia\",\"https:\/\/x.com\/PressenzaIPA\"]},{\"@type\":\"Person\",\"@id\":\"https:\/\/www.pressenza.com\/it\/#\/schema\/person\/55ec2a8f1b3e718010691e4aba073020\",\"name\":\"Giorgio Trucchi\",\"url\":\"https:\/\/www.pressenza.com\/it\/author\/giorgio-trucchi\/\"}]}<\/script>\n<!-- \/ Yoast SEO plugin. -->","yoast_head_json":{"title":"\u00c8 ancora persecuzione contro il popolo Garifuna","description":"Il 3 marzo, Marianela e Jenifer Mej\u00eda Solorzano, attiviste in difesa dei territori garifuna e membri dell'Organizzazione fraterna nera honduregna","robots":{"index":"index","follow":"follow","max-snippet":"max-snippet:-1","max-image-preview":"max-image-preview:large","max-video-preview":"max-video-preview:-1"},"canonical":"https:\/\/www.pressenza.com\/it\/2021\/03\/e-ancora-persecuzione-contro-il-popolo-garifuna\/","og_locale":"it_IT","og_type":"article","og_title":"\u00c8 ancora persecuzione contro il popolo Garifuna","og_description":"Il 3 marzo, Marianela e Jenifer Mej\u00eda Solorzano, attiviste in difesa dei territori garifuna e membri dell'Organizzazione fraterna nera honduregna","og_url":"https:\/\/www.pressenza.com\/it\/2021\/03\/e-ancora-persecuzione-contro-il-popolo-garifuna\/","og_site_name":"Pressenza","article_publisher":"https:\/\/www.facebook.com\/PressenzaItalia","article_published_time":"2021-03-18T22:14:16+00:00","article_modified_time":"2021-03-18T22:15:40+00:00","og_image":[{"width":1400,"height":779,"url":"https:\/\/www.pressenza.com\/wp-content\/uploads\/2021\/03\/20210316_Marianela_Jenifer-1400x779-2.jpg","type":"image\/jpeg"}],"author":"Giorgio Trucchi","twitter_card":"summary_large_image","twitter_creator":"@PressenzaIPA","twitter_site":"@PressenzaIPA","twitter_misc":{"Scritto da":"Giorgio Trucchi","Tempo di lettura stimato":"4 minuti"},"schema":{"@context":"https:\/\/schema.org","@graph":[{"@type":"Article","@id":"https:\/\/www.pressenza.com\/it\/2021\/03\/e-ancora-persecuzione-contro-il-popolo-garifuna\/#article","isPartOf":{"@id":"https:\/\/www.pressenza.com\/it\/2021\/03\/e-ancora-persecuzione-contro-il-popolo-garifuna\/"},"author":{"name":"Giorgio Trucchi","@id":"https:\/\/www.pressenza.com\/it\/#\/schema\/person\/55ec2a8f1b3e718010691e4aba073020"},"headline":"\u00c8 ancora persecuzione contro il popolo Garifuna","datePublished":"2021-03-18T22:14:16+00:00","dateModified":"2021-03-18T22:15:40+00:00","mainEntityOfPage":{"@id":"https:\/\/www.pressenza.com\/it\/2021\/03\/e-ancora-persecuzione-contro-il-popolo-garifuna\/"},"wordCount":768,"publisher":{"@id":"https:\/\/www.pressenza.com\/it\/#organization"},"image":{"@id":"https:\/\/www.pressenza.com\/it\/2021\/03\/e-ancora-persecuzione-contro-il-popolo-garifuna\/#primaryimage"},"thumbnailUrl":"https:\/\/www.pressenza.com\/wp-content\/uploads\/2021\/03\/20210316_Marianela_Jenifer-1400x779-2.jpg","keywords":["garifuna","Honduras"],"articleSection":["America Centrale","contenuti originali","Popoli originari"],"inLanguage":"it-IT"},{"@type":"WebPage","@id":"https:\/\/www.pressenza.com\/it\/2021\/03\/e-ancora-persecuzione-contro-il-popolo-garifuna\/","url":"https:\/\/www.pressenza.com\/it\/2021\/03\/e-ancora-persecuzione-contro-il-popolo-garifuna\/","name":"\u00c8 ancora persecuzione contro il popolo Garifuna","isPartOf":{"@id":"https:\/\/www.pressenza.com\/it\/#website"},"primaryImageOfPage":{"@id":"https:\/\/www.pressenza.com\/it\/2021\/03\/e-ancora-persecuzione-contro-il-popolo-garifuna\/#primaryimage"},"image":{"@id":"https:\/\/www.pressenza.com\/it\/2021\/03\/e-ancora-persecuzione-contro-il-popolo-garifuna\/#primaryimage"},"thumbnailUrl":"https:\/\/www.pressenza.com\/wp-content\/uploads\/2021\/03\/20210316_Marianela_Jenifer-1400x779-2.jpg","datePublished":"2021-03-18T22:14:16+00:00","dateModified":"2021-03-18T22:15:40+00:00","description":"Il 3 marzo, Marianela e Jenifer Mej\u00eda Solorzano, attiviste in difesa dei territori garifuna e membri dell'Organizzazione fraterna nera honduregna","breadcrumb":{"@id":"https:\/\/www.pressenza.com\/it\/2021\/03\/e-ancora-persecuzione-contro-il-popolo-garifuna\/#breadcrumb"},"inLanguage":"it-IT","potentialAction":[{"@type":"ReadAction","target":["https:\/\/www.pressenza.com\/it\/2021\/03\/e-ancora-persecuzione-contro-il-popolo-garifuna\/"]}]},{"@type":"ImageObject","inLanguage":"it-IT","@id":"https:\/\/www.pressenza.com\/it\/2021\/03\/e-ancora-persecuzione-contro-il-popolo-garifuna\/#primaryimage","url":"https:\/\/www.pressenza.com\/wp-content\/uploads\/2021\/03\/20210316_Marianela_Jenifer-1400x779-2.jpg","contentUrl":"https:\/\/www.pressenza.com\/wp-content\/uploads\/2021\/03\/20210316_Marianela_Jenifer-1400x779-2.jpg","width":1400,"height":779,"caption":"Ofraneh"},{"@type":"BreadcrumbList","@id":"https:\/\/www.pressenza.com\/it\/2021\/03\/e-ancora-persecuzione-contro-il-popolo-garifuna\/#breadcrumb","itemListElement":[{"@type":"ListItem","position":1,"name":"Accueil","item":"https:\/\/www.pressenza.com\/it\/"},{"@type":"ListItem","position":2,"name":"\u00c8 ancora persecuzione contro il popolo Garifuna"}]},{"@type":"WebSite","@id":"https:\/\/www.pressenza.com\/it\/#website","url":"https:\/\/www.pressenza.com\/it\/","name":"Pressenza","description":"Agenzia di Stampa Internazionale","publisher":{"@id":"https:\/\/www.pressenza.com\/it\/#organization"},"potentialAction":[{"@type":"SearchAction","target":{"@type":"EntryPoint","urlTemplate":"https:\/\/www.pressenza.com\/it\/?s={search_term_string}"},"query-input":{"@type":"PropertyValueSpecification","valueRequired":true,"valueName":"search_term_string"}}],"inLanguage":"it-IT"},{"@type":"Organization","@id":"https:\/\/www.pressenza.com\/it\/#organization","name":"Pressenza","url":"https:\/\/www.pressenza.com\/it\/","logo":{"@type":"ImageObject","inLanguage":"it-IT","@id":"https:\/\/www.pressenza.com\/it\/#\/schema\/logo\/image\/","url":"https:\/\/www.pressenza.com\/wp-content\/uploads\/2022\/10\/pressenza_logo_200x200.jpg","contentUrl":"https:\/\/www.pressenza.com\/wp-content\/uploads\/2022\/10\/pressenza_logo_200x200.jpg","width":200,"height":200,"caption":"Pressenza"},"image":{"@id":"https:\/\/www.pressenza.com\/it\/#\/schema\/logo\/image\/"},"sameAs":["https:\/\/www.facebook.com\/PressenzaItalia","https:\/\/x.com\/PressenzaIPA"]},{"@type":"Person","@id":"https:\/\/www.pressenza.com\/it\/#\/schema\/person\/55ec2a8f1b3e718010691e4aba073020","name":"Giorgio Trucchi","url":"https:\/\/www.pressenza.com\/it\/author\/giorgio-trucchi\/"}]}},"place":"","original_article_url":"","_links":{"self":[{"href":"https:\/\/www.pressenza.com\/it\/wp-json\/wp\/v2\/posts\/1322027","targetHints":{"allow":["GET"]}}],"collection":[{"href":"https:\/\/www.pressenza.com\/it\/wp-json\/wp\/v2\/posts"}],"about":[{"href":"https:\/\/www.pressenza.com\/it\/wp-json\/wp\/v2\/types\/post"}],"author":[{"embeddable":true,"href":"https:\/\/www.pressenza.com\/it\/wp-json\/wp\/v2\/users\/1800"}],"replies":[{"embeddable":true,"href":"https:\/\/www.pressenza.com\/it\/wp-json\/wp\/v2\/comments?post=1322027"}],"version-history":[{"count":0,"href":"https:\/\/www.pressenza.com\/it\/wp-json\/wp\/v2\/posts\/1322027\/revisions"}],"wp:featuredmedia":[{"embeddable":true,"href":"https:\/\/www.pressenza.com\/it\/wp-json\/wp\/v2\/media\/1320963"}],"wp:attachment":[{"href":"https:\/\/www.pressenza.com\/it\/wp-json\/wp\/v2\/media?parent=1322027"}],"wp:term":[{"taxonomy":"category","embeddable":true,"href":"https:\/\/www.pressenza.com\/it\/wp-json\/wp\/v2\/categories?post=1322027"},{"taxonomy":"post_tag","embeddable":true,"href":"https:\/\/www.pressenza.com\/it\/wp-json\/wp\/v2\/tags?post=1322027"}],"curies":[{"name":"wp","href":"https:\/\/api.w.org\/{rel}","templated":true}]}}