{"id":1319401,"date":"2021-03-14T18:28:33","date_gmt":"2021-03-14T18:28:33","guid":{"rendered":"https:\/\/www.pressenza.com\/?p=1319401"},"modified":"2021-03-14T19:05:43","modified_gmt":"2021-03-14T19:05:43","slug":"torino-partecipata-manifestazione-di-priorita-alla-scuola-in-p-zza-castello","status":"publish","type":"post","link":"https:\/\/www.pressenza.com\/it\/2021\/03\/torino-partecipata-manifestazione-di-priorita-alla-scuola-in-p-zza-castello\/","title":{"rendered":"Torino: partecipata manifestazione di Priorit\u00e0 alla Scuola in p.zza Castello"},"content":{"rendered":"<p>Domani, luned\u00ec 15 marzo 2021, tutte le scuole di ogni ordine e grado del Piemonte passano in didattica a distanza: ad un anno dall\u2019inizio della pandemia questo rientrare nelle case viene vissuto da studenti, genitori, insegnanti come un\u2019ennesima sconfitta delle istituzioni nel garantire l\u2019istruzione universale.<\/p>\n<p>Questo sentimento di sfiducia era palpabile nella partecipata manifestazione di oggi del coordinamento spontaneo <a href=\"https:\/\/www.facebook.com\/paspiemonte\" target=\"_blank\" rel=\"noopener\">Priorit\u00e0 alla scuola<\/a> che da pi\u00f9 di un anno si batte per sensibilizzare le istituzioni all\u2019importanza dell\u2019istruzione pubblica ed inchiodarli alle proprie responsabilit\u00e0; come si \u00e8 puntualmente fatto notare durante gli interventi, in altri paesi europei con analoga diffusione del covid e delle sue varianti (Spagna e Francia) le scuole sono rimaste aperte e questo evidenzia le responsabilit\u00e0 di chi considera la scuola sacrificabile per prima, al posto ad esempio dei centri commerciali.<\/p>\n<p>Nei vari interventi al microfono sono state elencate, ancora una volta, le criticit\u00e0 della situazione che si trova a vivere il mondo della scuola, in Piemonte come nel resto dell\u2019Italia.<\/p>\n<p>A cominciare dall\u2019assoluta mancanza di una prospettiva di riapertura, di un progetto e di tempi certi cosa che rende particolarmente odioso questo ritorno alla didattica casalinga.<\/p>\n<p>Molti genitori, in particolare le mamme, si trovano davanti alla difficile scelta tra il lavoro ed il supporto ai figli che, in molti casi, non sono in grado di gestire da soli la didattica a distanza.<\/p>\n<p>La DAD non pu\u00f2 assolutamente sostituire la didattica in presenza n\u00e9 \u00e8 sufficiente; a dimostrarlo ci sono i dati sull\u2019aumento dei disturbi psichiatrici nei ragazzi sotto i diciotto anni, le previsioni preoccupanti sui numeri della dispersione scolastica<a href=\"#_ftn1\" name=\"_ftnref1\">[1]<\/a>. \u00a0C\u2019\u00e8 poi l\u2019odiosa tendenza della didattica a distanza a danneggiare ulteriormente i ceti pi\u00f9 poveri ed emarginati; se gi\u00e0 i banchi non erano tutti uguali prima della pandemia, perch\u00e9 gli studenti di certi quartieri di Torino hanno un sesto delle probabilit\u00e0 di arrivare ad un diploma degli studenti dei quartieri migliori, le case sono ancora pi\u00f9 diseguali per svariate ragioni, ad esempio la mancanza di dispositivi digitali, le connessioni insufficienti, la carenza di spazi fisici adeguati alle lezioni a distanza e di conoscenza per gestire le lezioni.<\/p>\n<div class=\"post-gallery\">\n\t\t\t<figure class=\"post-gallery-item\">\n\t\t\t\t<img decoding=\"async\" src=\"https:\/\/www.pressenza.com\/wp-content\/uploads\/2021\/03\/PrioritaAllaScuola20210314__20-720x540.jpg\" loading=\"lazy\">\n\t\t\t\t<figcaption>\n\t\t\t\t\t\n\t\t\t\t<\/figcaption>\n\t\t\t<\/figure>\n\t\t\t<figure class=\"post-gallery-item\">\n\t\t\t\t<img decoding=\"async\" src=\"https:\/\/www.pressenza.com\/wp-content\/uploads\/2021\/03\/PrioritaAllaScuola20210314__19-720x540.jpg\" loading=\"lazy\">\n\t\t\t\t<figcaption>\n\t\t\t\t\t\n\t\t\t\t<\/figcaption>\n\t\t\t<\/figure>\n\t\t\t<figure class=\"post-gallery-item\">\n\t\t\t\t<img decoding=\"async\" src=\"https:\/\/www.pressenza.com\/wp-content\/uploads\/2021\/03\/PrioritaAllaScuola20210314__18-720x540.jpg\" loading=\"lazy\">\n\t\t\t\t<figcaption>\n\t\t\t\t\t\n\t\t\t\t<\/figcaption>\n\t\t\t<\/figure>\n\t\t\t<figure class=\"post-gallery-item\">\n\t\t\t\t<img decoding=\"async\" src=\"https:\/\/www.pressenza.com\/wp-content\/uploads\/2021\/03\/PrioritaAllaScuola20210314__17-720x540.jpg\" loading=\"lazy\">\n\t\t\t\t<figcaption>\n\t\t\t\t\t\n\t\t\t\t<\/figcaption>\n\t\t\t<\/figure>\n\t\t\t<figure class=\"post-gallery-item\">\n\t\t\t\t<img decoding=\"async\" src=\"https:\/\/www.pressenza.com\/wp-content\/uploads\/2021\/03\/PrioritaAllaScuola20210314__16-720x540.jpg\" loading=\"lazy\">\n\t\t\t\t<figcaption>\n\t\t\t\t\t\n\t\t\t\t<\/figcaption>\n\t\t\t<\/figure>\n\t\t\t<figure class=\"post-gallery-item\">\n\t\t\t\t<img decoding=\"async\" src=\"https:\/\/www.pressenza.com\/wp-content\/uploads\/2021\/03\/PrioritaAllaScuola20210314__15-720x540.jpg\" loading=\"lazy\">\n\t\t\t\t<figcaption>\n\t\t\t\t\t\n\t\t\t\t<\/figcaption>\n\t\t\t<\/figure>\n\t\t\t<figure class=\"post-gallery-item\">\n\t\t\t\t<img decoding=\"async\" src=\"https:\/\/www.pressenza.com\/wp-content\/uploads\/2021\/03\/PrioritaAllaScuola20210314__14-720x540.jpg\" loading=\"lazy\">\n\t\t\t\t<figcaption>\n\t\t\t\t\t\n\t\t\t\t<\/figcaption>\n\t\t\t<\/figure>\n\t\t\t<figure class=\"post-gallery-item\">\n\t\t\t\t<img decoding=\"async\" src=\"https:\/\/www.pressenza.com\/wp-content\/uploads\/2021\/03\/PrioritaAllaScuola20210314__13-720x540.jpg\" loading=\"lazy\">\n\t\t\t\t<figcaption>\n\t\t\t\t\t\n\t\t\t\t<\/figcaption>\n\t\t\t<\/figure>\n\t\t\t<figure class=\"post-gallery-item\">\n\t\t\t\t<img decoding=\"async\" src=\"https:\/\/www.pressenza.com\/wp-content\/uploads\/2021\/03\/PrioritaAllaScuola20210314__12-720x540.jpg\" loading=\"lazy\">\n\t\t\t\t<figcaption>\n\t\t\t\t\t\n\t\t\t\t<\/figcaption>\n\t\t\t<\/figure>\n\t\t\t<figure class=\"post-gallery-item\">\n\t\t\t\t<img decoding=\"async\" src=\"https:\/\/www.pressenza.com\/wp-content\/uploads\/2021\/03\/PrioritaAllaScuola20210314__10-720x540.jpg\" loading=\"lazy\">\n\t\t\t\t<figcaption>\n\t\t\t\t\t\n\t\t\t\t<\/figcaption>\n\t\t\t<\/figure>\n\t\t\t<figure class=\"post-gallery-item\">\n\t\t\t\t<img decoding=\"async\" src=\"https:\/\/www.pressenza.com\/wp-content\/uploads\/2021\/03\/PrioritaAllaScuola20210314__9-720x540.jpg\" loading=\"lazy\">\n\t\t\t\t<figcaption>\n\t\t\t\t\t\n\t\t\t\t<\/figcaption>\n\t\t\t<\/figure>\n\t\t\t<figure class=\"post-gallery-item\">\n\t\t\t\t<img decoding=\"async\" src=\"https:\/\/www.pressenza.com\/wp-content\/uploads\/2021\/03\/PrioritaAllaScuola20210314__8-720x500.jpg\" loading=\"lazy\">\n\t\t\t\t<figcaption>\n\t\t\t\t\t\n\t\t\t\t<\/figcaption>\n\t\t\t<\/figure>\n\t\t\t<figure class=\"post-gallery-item\">\n\t\t\t\t<img decoding=\"async\" src=\"https:\/\/www.pressenza.com\/wp-content\/uploads\/2021\/03\/PrioritaAllaScuola20210314__7-720x540.jpg\" loading=\"lazy\">\n\t\t\t\t<figcaption>\n\t\t\t\t\t\n\t\t\t\t<\/figcaption>\n\t\t\t<\/figure>\n\t\t\t<figure class=\"post-gallery-item\">\n\t\t\t\t<img decoding=\"async\" src=\"https:\/\/www.pressenza.com\/wp-content\/uploads\/2021\/03\/PrioritaAllaScuola20210314__6-720x540.jpg\" loading=\"lazy\">\n\t\t\t\t<figcaption>\n\t\t\t\t\t\n\t\t\t\t<\/figcaption>\n\t\t\t<\/figure>\n\t\t\t<figure class=\"post-gallery-item\">\n\t\t\t\t<img decoding=\"async\" src=\"https:\/\/www.pressenza.com\/wp-content\/uploads\/2021\/03\/PrioritaAllaScuola20210314__5-720x540.jpg\" loading=\"lazy\">\n\t\t\t\t<figcaption>\n\t\t\t\t\t\n\t\t\t\t<\/figcaption>\n\t\t\t<\/figure>\n\t\t\t<figure class=\"post-gallery-item\">\n\t\t\t\t<img decoding=\"async\" src=\"https:\/\/www.pressenza.com\/wp-content\/uploads\/2021\/03\/PrioritaAllaScuola20210314__4-720x540.jpg\" loading=\"lazy\">\n\t\t\t\t<figcaption>\n\t\t\t\t\t\n\t\t\t\t<\/figcaption>\n\t\t\t<\/figure>\n\t\t\t<figure class=\"post-gallery-item\">\n\t\t\t\t<img decoding=\"async\" src=\"https:\/\/www.pressenza.com\/wp-content\/uploads\/2021\/03\/PrioritaAllaScuola20210314__3-720x540.jpg\" loading=\"lazy\">\n\t\t\t\t<figcaption>\n\t\t\t\t\t\n\t\t\t\t<\/figcaption>\n\t\t\t<\/figure>\n\t\t\t<figure class=\"post-gallery-item\">\n\t\t\t\t<img decoding=\"async\" src=\"https:\/\/www.pressenza.com\/wp-content\/uploads\/2021\/03\/PrioritaAllaScuola20210314__2-720x540.jpg\" loading=\"lazy\">\n\t\t\t\t<figcaption>\n\t\t\t\t\t\n\t\t\t\t<\/figcaption>\n\t\t\t<\/figure>\n\t\t\t<figure class=\"post-gallery-item\">\n\t\t\t\t<img decoding=\"async\" src=\"https:\/\/www.pressenza.com\/wp-content\/uploads\/2021\/03\/PrioritaAllaScuola20210314__1-720x540.jpg\" loading=\"lazy\">\n\t\t\t\t<figcaption>\n\t\t\t\t\t\n\t\t\t\t<\/figcaption>\n\t\t\t<\/figure><\/div>\n<p>&nbsp;<\/p>\n<p><a href=\"#_ftnref1\" name=\"_ftn1\">[1]<\/a> Secondo uno <a href=\"https:\/\/www.savethechildren.it\/cosa-facciamo\/pubblicazioni\/i-giovani-ai-tempi-del-coronavirus\">studio IPSOS<\/a> per Save the Children si stima che 34.000 ragazzi tra i 14 ed i 18 anni rischiano quest\u2019anno di abbandonare gli studi<\/p>\n","protected":false},"excerpt":{"rendered":"<p>Domani, luned\u00ec 15 marzo 2021, tutte le scuole di ogni ordine e grado del Piemonte passano in didattica a distanza: ad un anno dall\u2019inizio della pandemia questo rientrare nelle case viene vissuto da studenti, genitori, insegnanti come un\u2019ennesima sconfitta delle&hellip;<\/p>\n","protected":false},"author":1305,"featured_media":1319542,"comment_status":"closed","ping_status":"closed","sticky":false,"template":"","format":"standard","meta":{"footnotes":""},"categories":[11388,1258,47,5677,1259],"tags":[88476,3226],"class_list":["post-1319401","post","type-post","status-publish","format-standard","has-post-thumbnail","hentry","category-contenuti-originali","category-educazione","category-europa","category-fotoreportages","category-salute-argomento","tag-priorita-alla-scuola","tag-torino"],"yoast_head":"<!-- This site is optimized with the Yoast SEO plugin v27.1.1 - https:\/\/yoast.com\/product\/yoast-seo-wordpress\/ -->\n<title>Torino: partecipata manifestazione di Priorit\u00e0 alla Scuola in p.zza Castello<\/title>\n<meta name=\"description\" content=\"Domani, luned\u00ec 15 marzo 2021, tutte le scuole di ogni ordine e grado del Piemonte passano in didattica a distanza: ad un anno dall\u2019inizio della pandemia\" \/>\n<meta name=\"robots\" content=\"index, follow, max-snippet:-1, max-image-preview:large, max-video-preview:-1\" \/>\n<link rel=\"canonical\" href=\"https:\/\/www.pressenza.com\/it\/2021\/03\/torino-partecipata-manifestazione-di-priorita-alla-scuola-in-p-zza-castello\/\" \/>\n<meta property=\"og:locale\" content=\"it_IT\" \/>\n<meta property=\"og:type\" content=\"article\" \/>\n<meta property=\"og:title\" content=\"Torino: partecipata manifestazione di Priorit\u00e0 alla Scuola in p.zza Castello\" \/>\n<meta property=\"og:description\" content=\"Domani, luned\u00ec 15 marzo 2021, tutte le scuole di ogni ordine e grado del Piemonte passano in didattica a distanza: ad un anno dall\u2019inizio della pandemia\" \/>\n<meta property=\"og:url\" content=\"https:\/\/www.pressenza.com\/it\/2021\/03\/torino-partecipata-manifestazione-di-priorita-alla-scuola-in-p-zza-castello\/\" \/>\n<meta property=\"og:site_name\" content=\"Pressenza\" \/>\n<meta property=\"article:publisher\" content=\"https:\/\/www.facebook.com\/PressenzaItalia\" \/>\n<meta property=\"article:author\" content=\"https:\/\/www.facebook.com\/giorgio.mancuso\" \/>\n<meta property=\"article:published_time\" content=\"2021-03-14T18:28:33+00:00\" \/>\n<meta property=\"article:modified_time\" content=\"2021-03-14T19:05:43+00:00\" \/>\n<meta property=\"og:image\" content=\"https:\/\/www.pressenza.com\/wp-content\/uploads\/2021\/03\/PrioritaAllaScuola20210314__16.jpg\" \/>\n\t<meta property=\"og:image:width\" content=\"1200\" \/>\n\t<meta property=\"og:image:height\" content=\"900\" \/>\n\t<meta property=\"og:image:type\" content=\"image\/jpeg\" \/>\n<meta name=\"author\" content=\"Giorgio Mancuso\" \/>\n<meta name=\"twitter:card\" content=\"summary_large_image\" \/>\n<meta name=\"twitter:creator\" content=\"@gmancuso68\" \/>\n<meta name=\"twitter:site\" content=\"@PressenzaIPA\" \/>\n<meta name=\"twitter:label1\" content=\"Scritto da\" \/>\n\t<meta name=\"twitter:data1\" content=\"Giorgio Mancuso\" \/>\n\t<meta name=\"twitter:label2\" content=\"Tempo di lettura stimato\" \/>\n\t<meta name=\"twitter:data2\" content=\"2 minuti\" \/>\n<script type=\"application\/ld+json\" class=\"yoast-schema-graph\">{\"@context\":\"https:\/\/schema.org\",\"@graph\":[{\"@type\":\"Article\",\"@id\":\"https:\/\/www.pressenza.com\/it\/2021\/03\/torino-partecipata-manifestazione-di-priorita-alla-scuola-in-p-zza-castello\/#article\",\"isPartOf\":{\"@id\":\"https:\/\/www.pressenza.com\/it\/2021\/03\/torino-partecipata-manifestazione-di-priorita-alla-scuola-in-p-zza-castello\/\"},\"author\":{\"name\":\"Giorgio Mancuso\",\"@id\":\"https:\/\/www.pressenza.com\/it\/#\/schema\/person\/8cfc203db0ed2da77683068e54ba46af\"},\"headline\":\"Torino: partecipata manifestazione di Priorit\u00e0 alla Scuola in p.zza Castello\",\"datePublished\":\"2021-03-14T18:28:33+00:00\",\"dateModified\":\"2021-03-14T19:05:43+00:00\",\"mainEntityOfPage\":{\"@id\":\"https:\/\/www.pressenza.com\/it\/2021\/03\/torino-partecipata-manifestazione-di-priorita-alla-scuola-in-p-zza-castello\/\"},\"wordCount\":391,\"publisher\":{\"@id\":\"https:\/\/www.pressenza.com\/it\/#organization\"},\"image\":{\"@id\":\"https:\/\/www.pressenza.com\/it\/2021\/03\/torino-partecipata-manifestazione-di-priorita-alla-scuola-in-p-zza-castello\/#primaryimage\"},\"thumbnailUrl\":\"https:\/\/www.pressenza.com\/wp-content\/uploads\/2021\/03\/PrioritaAllaScuola20210314__16.jpg\",\"keywords\":[\"Priorit\u00e0 alla scuola\",\"Torino\"],\"articleSection\":[\"contenuti originali\",\"Educazione\",\"Europa\",\"Fotoreportages\",\"Salute\"],\"inLanguage\":\"it-IT\"},{\"@type\":\"WebPage\",\"@id\":\"https:\/\/www.pressenza.com\/it\/2021\/03\/torino-partecipata-manifestazione-di-priorita-alla-scuola-in-p-zza-castello\/\",\"url\":\"https:\/\/www.pressenza.com\/it\/2021\/03\/torino-partecipata-manifestazione-di-priorita-alla-scuola-in-p-zza-castello\/\",\"name\":\"Torino: partecipata manifestazione di Priorit\u00e0 alla Scuola in p.zza Castello\",\"isPartOf\":{\"@id\":\"https:\/\/www.pressenza.com\/it\/#website\"},\"primaryImageOfPage\":{\"@id\":\"https:\/\/www.pressenza.com\/it\/2021\/03\/torino-partecipata-manifestazione-di-priorita-alla-scuola-in-p-zza-castello\/#primaryimage\"},\"image\":{\"@id\":\"https:\/\/www.pressenza.com\/it\/2021\/03\/torino-partecipata-manifestazione-di-priorita-alla-scuola-in-p-zza-castello\/#primaryimage\"},\"thumbnailUrl\":\"https:\/\/www.pressenza.com\/wp-content\/uploads\/2021\/03\/PrioritaAllaScuola20210314__16.jpg\",\"datePublished\":\"2021-03-14T18:28:33+00:00\",\"dateModified\":\"2021-03-14T19:05:43+00:00\",\"description\":\"Domani, luned\u00ec 15 marzo 2021, tutte le scuole di ogni ordine e grado del Piemonte passano in didattica a distanza: ad un anno dall\u2019inizio della pandemia\",\"breadcrumb\":{\"@id\":\"https:\/\/www.pressenza.com\/it\/2021\/03\/torino-partecipata-manifestazione-di-priorita-alla-scuola-in-p-zza-castello\/#breadcrumb\"},\"inLanguage\":\"it-IT\",\"potentialAction\":[{\"@type\":\"ReadAction\",\"target\":[\"https:\/\/www.pressenza.com\/it\/2021\/03\/torino-partecipata-manifestazione-di-priorita-alla-scuola-in-p-zza-castello\/\"]}]},{\"@type\":\"ImageObject\",\"inLanguage\":\"it-IT\",\"@id\":\"https:\/\/www.pressenza.com\/it\/2021\/03\/torino-partecipata-manifestazione-di-priorita-alla-scuola-in-p-zza-castello\/#primaryimage\",\"url\":\"https:\/\/www.pressenza.com\/wp-content\/uploads\/2021\/03\/PrioritaAllaScuola20210314__16.jpg\",\"contentUrl\":\"https:\/\/www.pressenza.com\/wp-content\/uploads\/2021\/03\/PrioritaAllaScuola20210314__16.jpg\",\"width\":1200,\"height\":900},{\"@type\":\"BreadcrumbList\",\"@id\":\"https:\/\/www.pressenza.com\/it\/2021\/03\/torino-partecipata-manifestazione-di-priorita-alla-scuola-in-p-zza-castello\/#breadcrumb\",\"itemListElement\":[{\"@type\":\"ListItem\",\"position\":1,\"name\":\"Accueil\",\"item\":\"https:\/\/www.pressenza.com\/it\/\"},{\"@type\":\"ListItem\",\"position\":2,\"name\":\"Torino: partecipata manifestazione di Priorit\u00e0 alla Scuola in p.zza Castello\"}]},{\"@type\":\"WebSite\",\"@id\":\"https:\/\/www.pressenza.com\/it\/#website\",\"url\":\"https:\/\/www.pressenza.com\/it\/\",\"name\":\"Pressenza\",\"description\":\"Agenzia di Stampa Internazionale\",\"publisher\":{\"@id\":\"https:\/\/www.pressenza.com\/it\/#organization\"},\"potentialAction\":[{\"@type\":\"SearchAction\",\"target\":{\"@type\":\"EntryPoint\",\"urlTemplate\":\"https:\/\/www.pressenza.com\/it\/?s={search_term_string}\"},\"query-input\":{\"@type\":\"PropertyValueSpecification\",\"valueRequired\":true,\"valueName\":\"search_term_string\"}}],\"inLanguage\":\"it-IT\"},{\"@type\":\"Organization\",\"@id\":\"https:\/\/www.pressenza.com\/it\/#organization\",\"name\":\"Pressenza\",\"url\":\"https:\/\/www.pressenza.com\/it\/\",\"logo\":{\"@type\":\"ImageObject\",\"inLanguage\":\"it-IT\",\"@id\":\"https:\/\/www.pressenza.com\/it\/#\/schema\/logo\/image\/\",\"url\":\"https:\/\/www.pressenza.com\/wp-content\/uploads\/2022\/10\/pressenza_logo_200x200.jpg\",\"contentUrl\":\"https:\/\/www.pressenza.com\/wp-content\/uploads\/2022\/10\/pressenza_logo_200x200.jpg\",\"width\":200,\"height\":200,\"caption\":\"Pressenza\"},\"image\":{\"@id\":\"https:\/\/www.pressenza.com\/it\/#\/schema\/logo\/image\/\"},\"sameAs\":[\"https:\/\/www.facebook.com\/PressenzaItalia\",\"https:\/\/x.com\/PressenzaIPA\"]},{\"@type\":\"Person\",\"@id\":\"https:\/\/www.pressenza.com\/it\/#\/schema\/person\/8cfc203db0ed2da77683068e54ba46af\",\"name\":\"Giorgio Mancuso\",\"description\":\"Giorgio is a lifelong humanist with a deep faith in the possibility and the need to build a new world, based on solidarity, where the human being is the central value and concern. His interests include: economics, especially those movements that propose alternative economic systems, and open source programming. Since 2010 he has been a member of The Community for Human Development, a cultural organisation of the Humanist Movement.\",\"sameAs\":[\"https:\/\/vocidalvillaggio.blogspot.com\/\",\"https:\/\/www.facebook.com\/giorgio.mancuso\",\"https:\/\/x.com\/gmancuso68\"],\"url\":\"https:\/\/www.pressenza.com\/it\/author\/giorgio-mancuso\/\"}]}<\/script>\n<!-- \/ Yoast SEO plugin. -->","yoast_head_json":{"title":"Torino: partecipata manifestazione di Priorit\u00e0 alla Scuola in p.zza Castello","description":"Domani, luned\u00ec 15 marzo 2021, tutte le scuole di ogni ordine e grado del Piemonte passano in didattica a distanza: ad un anno dall\u2019inizio della pandemia","robots":{"index":"index","follow":"follow","max-snippet":"max-snippet:-1","max-image-preview":"max-image-preview:large","max-video-preview":"max-video-preview:-1"},"canonical":"https:\/\/www.pressenza.com\/it\/2021\/03\/torino-partecipata-manifestazione-di-priorita-alla-scuola-in-p-zza-castello\/","og_locale":"it_IT","og_type":"article","og_title":"Torino: partecipata manifestazione di Priorit\u00e0 alla Scuola in p.zza Castello","og_description":"Domani, luned\u00ec 15 marzo 2021, tutte le scuole di ogni ordine e grado del Piemonte passano in didattica a distanza: ad un anno dall\u2019inizio della pandemia","og_url":"https:\/\/www.pressenza.com\/it\/2021\/03\/torino-partecipata-manifestazione-di-priorita-alla-scuola-in-p-zza-castello\/","og_site_name":"Pressenza","article_publisher":"https:\/\/www.facebook.com\/PressenzaItalia","article_author":"https:\/\/www.facebook.com\/giorgio.mancuso","article_published_time":"2021-03-14T18:28:33+00:00","article_modified_time":"2021-03-14T19:05:43+00:00","og_image":[{"width":1200,"height":900,"url":"https:\/\/www.pressenza.com\/wp-content\/uploads\/2021\/03\/PrioritaAllaScuola20210314__16.jpg","type":"image\/jpeg"}],"author":"Giorgio Mancuso","twitter_card":"summary_large_image","twitter_creator":"@gmancuso68","twitter_site":"@PressenzaIPA","twitter_misc":{"Scritto da":"Giorgio Mancuso","Tempo di lettura stimato":"2 minuti"},"schema":{"@context":"https:\/\/schema.org","@graph":[{"@type":"Article","@id":"https:\/\/www.pressenza.com\/it\/2021\/03\/torino-partecipata-manifestazione-di-priorita-alla-scuola-in-p-zza-castello\/#article","isPartOf":{"@id":"https:\/\/www.pressenza.com\/it\/2021\/03\/torino-partecipata-manifestazione-di-priorita-alla-scuola-in-p-zza-castello\/"},"author":{"name":"Giorgio Mancuso","@id":"https:\/\/www.pressenza.com\/it\/#\/schema\/person\/8cfc203db0ed2da77683068e54ba46af"},"headline":"Torino: partecipata manifestazione di Priorit\u00e0 alla Scuola in p.zza Castello","datePublished":"2021-03-14T18:28:33+00:00","dateModified":"2021-03-14T19:05:43+00:00","mainEntityOfPage":{"@id":"https:\/\/www.pressenza.com\/it\/2021\/03\/torino-partecipata-manifestazione-di-priorita-alla-scuola-in-p-zza-castello\/"},"wordCount":391,"publisher":{"@id":"https:\/\/www.pressenza.com\/it\/#organization"},"image":{"@id":"https:\/\/www.pressenza.com\/it\/2021\/03\/torino-partecipata-manifestazione-di-priorita-alla-scuola-in-p-zza-castello\/#primaryimage"},"thumbnailUrl":"https:\/\/www.pressenza.com\/wp-content\/uploads\/2021\/03\/PrioritaAllaScuola20210314__16.jpg","keywords":["Priorit\u00e0 alla scuola","Torino"],"articleSection":["contenuti originali","Educazione","Europa","Fotoreportages","Salute"],"inLanguage":"it-IT"},{"@type":"WebPage","@id":"https:\/\/www.pressenza.com\/it\/2021\/03\/torino-partecipata-manifestazione-di-priorita-alla-scuola-in-p-zza-castello\/","url":"https:\/\/www.pressenza.com\/it\/2021\/03\/torino-partecipata-manifestazione-di-priorita-alla-scuola-in-p-zza-castello\/","name":"Torino: partecipata manifestazione di Priorit\u00e0 alla Scuola in p.zza Castello","isPartOf":{"@id":"https:\/\/www.pressenza.com\/it\/#website"},"primaryImageOfPage":{"@id":"https:\/\/www.pressenza.com\/it\/2021\/03\/torino-partecipata-manifestazione-di-priorita-alla-scuola-in-p-zza-castello\/#primaryimage"},"image":{"@id":"https:\/\/www.pressenza.com\/it\/2021\/03\/torino-partecipata-manifestazione-di-priorita-alla-scuola-in-p-zza-castello\/#primaryimage"},"thumbnailUrl":"https:\/\/www.pressenza.com\/wp-content\/uploads\/2021\/03\/PrioritaAllaScuola20210314__16.jpg","datePublished":"2021-03-14T18:28:33+00:00","dateModified":"2021-03-14T19:05:43+00:00","description":"Domani, luned\u00ec 15 marzo 2021, tutte le scuole di ogni ordine e grado del Piemonte passano in didattica a distanza: ad un anno dall\u2019inizio della pandemia","breadcrumb":{"@id":"https:\/\/www.pressenza.com\/it\/2021\/03\/torino-partecipata-manifestazione-di-priorita-alla-scuola-in-p-zza-castello\/#breadcrumb"},"inLanguage":"it-IT","potentialAction":[{"@type":"ReadAction","target":["https:\/\/www.pressenza.com\/it\/2021\/03\/torino-partecipata-manifestazione-di-priorita-alla-scuola-in-p-zza-castello\/"]}]},{"@type":"ImageObject","inLanguage":"it-IT","@id":"https:\/\/www.pressenza.com\/it\/2021\/03\/torino-partecipata-manifestazione-di-priorita-alla-scuola-in-p-zza-castello\/#primaryimage","url":"https:\/\/www.pressenza.com\/wp-content\/uploads\/2021\/03\/PrioritaAllaScuola20210314__16.jpg","contentUrl":"https:\/\/www.pressenza.com\/wp-content\/uploads\/2021\/03\/PrioritaAllaScuola20210314__16.jpg","width":1200,"height":900},{"@type":"BreadcrumbList","@id":"https:\/\/www.pressenza.com\/it\/2021\/03\/torino-partecipata-manifestazione-di-priorita-alla-scuola-in-p-zza-castello\/#breadcrumb","itemListElement":[{"@type":"ListItem","position":1,"name":"Accueil","item":"https:\/\/www.pressenza.com\/it\/"},{"@type":"ListItem","position":2,"name":"Torino: partecipata manifestazione di Priorit\u00e0 alla Scuola in p.zza Castello"}]},{"@type":"WebSite","@id":"https:\/\/www.pressenza.com\/it\/#website","url":"https:\/\/www.pressenza.com\/it\/","name":"Pressenza","description":"Agenzia di Stampa Internazionale","publisher":{"@id":"https:\/\/www.pressenza.com\/it\/#organization"},"potentialAction":[{"@type":"SearchAction","target":{"@type":"EntryPoint","urlTemplate":"https:\/\/www.pressenza.com\/it\/?s={search_term_string}"},"query-input":{"@type":"PropertyValueSpecification","valueRequired":true,"valueName":"search_term_string"}}],"inLanguage":"it-IT"},{"@type":"Organization","@id":"https:\/\/www.pressenza.com\/it\/#organization","name":"Pressenza","url":"https:\/\/www.pressenza.com\/it\/","logo":{"@type":"ImageObject","inLanguage":"it-IT","@id":"https:\/\/www.pressenza.com\/it\/#\/schema\/logo\/image\/","url":"https:\/\/www.pressenza.com\/wp-content\/uploads\/2022\/10\/pressenza_logo_200x200.jpg","contentUrl":"https:\/\/www.pressenza.com\/wp-content\/uploads\/2022\/10\/pressenza_logo_200x200.jpg","width":200,"height":200,"caption":"Pressenza"},"image":{"@id":"https:\/\/www.pressenza.com\/it\/#\/schema\/logo\/image\/"},"sameAs":["https:\/\/www.facebook.com\/PressenzaItalia","https:\/\/x.com\/PressenzaIPA"]},{"@type":"Person","@id":"https:\/\/www.pressenza.com\/it\/#\/schema\/person\/8cfc203db0ed2da77683068e54ba46af","name":"Giorgio Mancuso","description":"Giorgio is a lifelong humanist with a deep faith in the possibility and the need to build a new world, based on solidarity, where the human being is the central value and concern. His interests include: economics, especially those movements that propose alternative economic systems, and open source programming. Since 2010 he has been a member of The Community for Human Development, a cultural organisation of the Humanist Movement.","sameAs":["https:\/\/vocidalvillaggio.blogspot.com\/","https:\/\/www.facebook.com\/giorgio.mancuso","https:\/\/x.com\/gmancuso68"],"url":"https:\/\/www.pressenza.com\/it\/author\/giorgio-mancuso\/"}]}},"place":"","original_article_url":"","_links":{"self":[{"href":"https:\/\/www.pressenza.com\/it\/wp-json\/wp\/v2\/posts\/1319401","targetHints":{"allow":["GET"]}}],"collection":[{"href":"https:\/\/www.pressenza.com\/it\/wp-json\/wp\/v2\/posts"}],"about":[{"href":"https:\/\/www.pressenza.com\/it\/wp-json\/wp\/v2\/types\/post"}],"author":[{"embeddable":true,"href":"https:\/\/www.pressenza.com\/it\/wp-json\/wp\/v2\/users\/1305"}],"replies":[{"embeddable":true,"href":"https:\/\/www.pressenza.com\/it\/wp-json\/wp\/v2\/comments?post=1319401"}],"version-history":[{"count":0,"href":"https:\/\/www.pressenza.com\/it\/wp-json\/wp\/v2\/posts\/1319401\/revisions"}],"wp:featuredmedia":[{"embeddable":true,"href":"https:\/\/www.pressenza.com\/it\/wp-json\/wp\/v2\/media\/1319542"}],"wp:attachment":[{"href":"https:\/\/www.pressenza.com\/it\/wp-json\/wp\/v2\/media?parent=1319401"}],"wp:term":[{"taxonomy":"category","embeddable":true,"href":"https:\/\/www.pressenza.com\/it\/wp-json\/wp\/v2\/categories?post=1319401"},{"taxonomy":"post_tag","embeddable":true,"href":"https:\/\/www.pressenza.com\/it\/wp-json\/wp\/v2\/tags?post=1319401"}],"curies":[{"name":"wp","href":"https:\/\/api.w.org\/{rel}","templated":true}]}}