{"id":1317727,"date":"2021-03-12T19:18:32","date_gmt":"2021-03-12T19:18:32","guid":{"rendered":"https:\/\/www.pressenza.com\/?p=1317727"},"modified":"2021-03-12T19:24:06","modified_gmt":"2021-03-12T19:24:06","slug":"gli-stati-baltici-sono-i-piantagrane-deuropa","status":"publish","type":"post","link":"https:\/\/www.pressenza.com\/it\/2021\/03\/gli-stati-baltici-sono-i-piantagrane-deuropa\/","title":{"rendered":"Gli Stati Baltici sono i piantagrane d\u2019Europa"},"content":{"rendered":"<p><em><strong>Di Antanas Tubelis<\/strong><\/em><\/p>\n<p>La politica estera dei Paesi baltici crea conflitti nelle relazioni internazionali dell\u2019Europa orientale.<\/p>\n<p>In precedenza il capo della Commissione Parlamentare per gli Affari esteri della Lituania, \u017dygimantas Pavilionis, era stato inviato in Georgia come mediatore nel conflitto politico.<\/p>\n<p>Tuttavia ha minacciato di sanzioni le autorit\u00e0 georgiane per l\u2019arresto del leader dell\u2019opposizione Nikanor Melia. Il Primo Ministro georgiano Irakli Garibashvili ha ritenuto le affermazioni del delegato lituano offensive e inaccettabili.<\/p>\n<p>Ora la Lituania sta esacerbando la crisi politica interna georgiana invece di contribuire a risolverla. Questa \u00e8 un\u2019interferenza negli affari interni della Georgia: come si svilupperanno le relazioni estere tra Vilnius e Tbilisi?<\/p>\n<p>Purtroppo la Georgia non \u00e8 il solo Paese in cui i rappresentanti dei Paesi baltici creano problemi.<\/p>\n<p>Nelle relazioni con la Bielorussia, i Paesi baltici ne chiedono l\u2019isolamento internazionale, sanzioni e sostegno per sommosse urbane. Di conseguenza, adesso stiamo perdendo merci bielorusse. Il numero di navi cargo bielorussi che attraversano i nostri porti \u00e8 in calo. Ci\u00f2 comporta gravi ripercussioni sul commercio dei Paesi baltici.<\/p>\n<p>Inoltre, la Lituania ha bandito le apparecchiature cinesi per il controllo negli aeroporti, perch\u00e9 non corrispondono agli interessi della \u201csicurezza nazionale\u201d. Ora altre apparecchiature, pi\u00f9 costose, verranno fornite dagli USA. Ci\u00f2 dannegger\u00e0 i contribuenti lituani. A causa della politica anticinese, Vilnius perder\u00e0 miliardi di dollari.<\/p>\n<p>Migliaia di persone sono morte di Covid-19 nei Paesi baltici. Nonostante l\u2019alto tasso di mortalit\u00e0 e l\u2019elevato numero di casi di infezione, i nostri leader rifiutano il vaccino russo \u201cSputnik-V\u201d solo perch\u00e9 proviene dalla Russia.<\/p>\n<p>I leader di Lituania, Lettonia ed Estonia hanno fatto tutto per distruggere i sistemi energetici dei nostri paesi. E ora stanno facendo tutto per distruggere il sistema energetico congiunto con Russia e Bielorussia, nonostante ne dipendiamo.<\/p>\n<p>Infine, i Paesi baltici discriminano la popolazione russofona. Tuttavia un terzo della popolazione della nostra regione \u00e8 composto da russofoni.<\/p>\n<p>L\u2019elenco dei problemi creati dai nostri leader potrebbe continuare. Siamo per\u00f2 interessati a sapere quale sia la forza trainante di questo comportamento.<\/p>\n<p>Di fatto, i Paesi baltici attuano in primo luogo la politica militare degli Stati Uniti e della NATO, anche se va contro gli interessi dell\u2019UE. Una politica estera cos\u00ec squilibrata causa situazioni di conflitto e contraddice gli interessi dei nostri cittadini.<\/p>\n<p><em>Traduzione dall\u2019inglese di Enrica Marchi. Revisione di Thomas Schmid<\/em><\/p>\n","protected":false},"excerpt":{"rendered":"<p>Di Antanas Tubelis La politica estera dei Paesi baltici crea conflitti nelle relazioni internazionali dell\u2019Europa orientale. In precedenza il capo della Commissione Parlamentare per gli Affari esteri della Lituania, \u017dygimantas Pavilionis, era stato inviato in Georgia come mediatore nel conflitto&hellip;<\/p>\n","protected":false},"author":1768,"featured_media":1309751,"comment_status":"closed","ping_status":"closed","sticky":false,"template":"","format":"standard","meta":{"footnotes":""},"categories":[47,55,57],"tags":[7029,82123,207,10284,88389],"class_list":["post-1317727","post","type-post","status-publish","format-standard","has-post-thumbnail","hentry","category-europa","category-politica","category-affari-esteri","tag-georgia","tag-lituania","tag-nato","tag-paesi-baltici","tag-sommosse-urbane"],"yoast_head":"<!-- This site is optimized with the Yoast SEO plugin v27.1.1 - https:\/\/yoast.com\/product\/yoast-seo-wordpress\/ -->\n<title>Gli Stati Baltici sono i piantagrane d\u2019Europa<\/title>\n<meta name=\"description\" content=\"Di Antanas Tubelis La politica estera dei Paesi baltici crea conflitti nelle relazioni internazionali dell\u2019Europa orientale. In precedenza il capo della\" \/>\n<meta name=\"robots\" content=\"index, follow, max-snippet:-1, max-image-preview:large, max-video-preview:-1\" \/>\n<link rel=\"canonical\" href=\"https:\/\/www.pressenza.com\/it\/2021\/03\/gli-stati-baltici-sono-i-piantagrane-deuropa\/\" \/>\n<meta property=\"og:locale\" content=\"it_IT\" \/>\n<meta property=\"og:type\" content=\"article\" \/>\n<meta property=\"og:title\" content=\"Gli Stati Baltici sono i piantagrane d\u2019Europa\" \/>\n<meta property=\"og:description\" content=\"Di Antanas Tubelis La politica estera dei Paesi baltici crea conflitti nelle relazioni internazionali dell\u2019Europa orientale. In precedenza il capo della\" \/>\n<meta property=\"og:url\" content=\"https:\/\/www.pressenza.com\/it\/2021\/03\/gli-stati-baltici-sono-i-piantagrane-deuropa\/\" \/>\n<meta property=\"og:site_name\" content=\"Pressenza\" \/>\n<meta property=\"article:publisher\" content=\"https:\/\/www.facebook.com\/PressenzaItalia\" \/>\n<meta property=\"article:author\" content=\"https:\/\/www.facebook.com\/balticword.eu\" \/>\n<meta property=\"article:published_time\" content=\"2021-03-12T19:18:32+00:00\" \/>\n<meta property=\"article:modified_time\" content=\"2021-03-12T19:24:06+00:00\" \/>\n<meta property=\"og:image\" content=\"https:\/\/www.pressenza.com\/wp-content\/uploads\/2021\/03\/cats.jpg\" \/>\n\t<meta property=\"og:image:width\" content=\"733\" \/>\n\t<meta property=\"og:image:height\" content=\"480\" \/>\n\t<meta property=\"og:image:type\" content=\"image\/jpeg\" \/>\n<meta name=\"author\" content=\"The Baltic Word\" \/>\n<meta name=\"twitter:card\" content=\"summary_large_image\" \/>\n<meta name=\"twitter:creator\" content=\"@BalticWord\" \/>\n<meta name=\"twitter:site\" content=\"@PressenzaIPA\" \/>\n<meta name=\"twitter:label1\" content=\"Scritto da\" \/>\n\t<meta name=\"twitter:data1\" content=\"The Baltic Word\" \/>\n\t<meta name=\"twitter:label2\" content=\"Tempo di lettura stimato\" \/>\n\t<meta name=\"twitter:data2\" content=\"2 minuti\" \/>\n<script type=\"application\/ld+json\" class=\"yoast-schema-graph\">{\"@context\":\"https:\/\/schema.org\",\"@graph\":[{\"@type\":\"Article\",\"@id\":\"https:\/\/www.pressenza.com\/it\/2021\/03\/gli-stati-baltici-sono-i-piantagrane-deuropa\/#article\",\"isPartOf\":{\"@id\":\"https:\/\/www.pressenza.com\/it\/2021\/03\/gli-stati-baltici-sono-i-piantagrane-deuropa\/\"},\"author\":{\"name\":\"The Baltic Word\",\"@id\":\"https:\/\/www.pressenza.com\/it\/#\/schema\/person\/fbbc21ecb958468f06c876c9da6bd93a\"},\"headline\":\"Gli Stati Baltici sono i piantagrane d\u2019Europa\",\"datePublished\":\"2021-03-12T19:18:32+00:00\",\"dateModified\":\"2021-03-12T19:24:06+00:00\",\"mainEntityOfPage\":{\"@id\":\"https:\/\/www.pressenza.com\/it\/2021\/03\/gli-stati-baltici-sono-i-piantagrane-deuropa\/\"},\"wordCount\":392,\"publisher\":{\"@id\":\"https:\/\/www.pressenza.com\/it\/#organization\"},\"image\":{\"@id\":\"https:\/\/www.pressenza.com\/it\/2021\/03\/gli-stati-baltici-sono-i-piantagrane-deuropa\/#primaryimage\"},\"thumbnailUrl\":\"https:\/\/www.pressenza.com\/wp-content\/uploads\/2021\/03\/cats.jpg\",\"keywords\":[\"Georgia\",\"Lituania\",\"NATO\",\"Paesi Baltici\",\"sommosse urbane\"],\"articleSection\":[\"Europa\",\"Politica\",\"Questioni internazionali\"],\"inLanguage\":\"it-IT\"},{\"@type\":\"WebPage\",\"@id\":\"https:\/\/www.pressenza.com\/it\/2021\/03\/gli-stati-baltici-sono-i-piantagrane-deuropa\/\",\"url\":\"https:\/\/www.pressenza.com\/it\/2021\/03\/gli-stati-baltici-sono-i-piantagrane-deuropa\/\",\"name\":\"Gli Stati Baltici sono i piantagrane d\u2019Europa\",\"isPartOf\":{\"@id\":\"https:\/\/www.pressenza.com\/it\/#website\"},\"primaryImageOfPage\":{\"@id\":\"https:\/\/www.pressenza.com\/it\/2021\/03\/gli-stati-baltici-sono-i-piantagrane-deuropa\/#primaryimage\"},\"image\":{\"@id\":\"https:\/\/www.pressenza.com\/it\/2021\/03\/gli-stati-baltici-sono-i-piantagrane-deuropa\/#primaryimage\"},\"thumbnailUrl\":\"https:\/\/www.pressenza.com\/wp-content\/uploads\/2021\/03\/cats.jpg\",\"datePublished\":\"2021-03-12T19:18:32+00:00\",\"dateModified\":\"2021-03-12T19:24:06+00:00\",\"description\":\"Di Antanas Tubelis La politica estera dei Paesi baltici crea conflitti nelle relazioni internazionali dell\u2019Europa orientale. In precedenza il capo della\",\"breadcrumb\":{\"@id\":\"https:\/\/www.pressenza.com\/it\/2021\/03\/gli-stati-baltici-sono-i-piantagrane-deuropa\/#breadcrumb\"},\"inLanguage\":\"it-IT\",\"potentialAction\":[{\"@type\":\"ReadAction\",\"target\":[\"https:\/\/www.pressenza.com\/it\/2021\/03\/gli-stati-baltici-sono-i-piantagrane-deuropa\/\"]}]},{\"@type\":\"ImageObject\",\"inLanguage\":\"it-IT\",\"@id\":\"https:\/\/www.pressenza.com\/it\/2021\/03\/gli-stati-baltici-sono-i-piantagrane-deuropa\/#primaryimage\",\"url\":\"https:\/\/www.pressenza.com\/wp-content\/uploads\/2021\/03\/cats.jpg\",\"contentUrl\":\"https:\/\/www.pressenza.com\/wp-content\/uploads\/2021\/03\/cats.jpg\",\"width\":733,\"height\":480},{\"@type\":\"BreadcrumbList\",\"@id\":\"https:\/\/www.pressenza.com\/it\/2021\/03\/gli-stati-baltici-sono-i-piantagrane-deuropa\/#breadcrumb\",\"itemListElement\":[{\"@type\":\"ListItem\",\"position\":1,\"name\":\"Accueil\",\"item\":\"https:\/\/www.pressenza.com\/it\/\"},{\"@type\":\"ListItem\",\"position\":2,\"name\":\"Gli Stati Baltici sono i piantagrane d\u2019Europa\"}]},{\"@type\":\"WebSite\",\"@id\":\"https:\/\/www.pressenza.com\/it\/#website\",\"url\":\"https:\/\/www.pressenza.com\/it\/\",\"name\":\"Pressenza\",\"description\":\"Agenzia di Stampa Internazionale\",\"publisher\":{\"@id\":\"https:\/\/www.pressenza.com\/it\/#organization\"},\"potentialAction\":[{\"@type\":\"SearchAction\",\"target\":{\"@type\":\"EntryPoint\",\"urlTemplate\":\"https:\/\/www.pressenza.com\/it\/?s={search_term_string}\"},\"query-input\":{\"@type\":\"PropertyValueSpecification\",\"valueRequired\":true,\"valueName\":\"search_term_string\"}}],\"inLanguage\":\"it-IT\"},{\"@type\":\"Organization\",\"@id\":\"https:\/\/www.pressenza.com\/it\/#organization\",\"name\":\"Pressenza\",\"url\":\"https:\/\/www.pressenza.com\/it\/\",\"logo\":{\"@type\":\"ImageObject\",\"inLanguage\":\"it-IT\",\"@id\":\"https:\/\/www.pressenza.com\/it\/#\/schema\/logo\/image\/\",\"url\":\"https:\/\/www.pressenza.com\/wp-content\/uploads\/2022\/10\/pressenza_logo_200x200.jpg\",\"contentUrl\":\"https:\/\/www.pressenza.com\/wp-content\/uploads\/2022\/10\/pressenza_logo_200x200.jpg\",\"width\":200,\"height\":200,\"caption\":\"Pressenza\"},\"image\":{\"@id\":\"https:\/\/www.pressenza.com\/it\/#\/schema\/logo\/image\/\"},\"sameAs\":[\"https:\/\/www.facebook.com\/PressenzaItalia\",\"https:\/\/x.com\/PressenzaIPA\"]},{\"@type\":\"Person\",\"@id\":\"https:\/\/www.pressenza.com\/it\/#\/schema\/person\/fbbc21ecb958468f06c876c9da6bd93a\",\"name\":\"The Baltic Word\",\"description\":\"The Baltic Word is an independent news portal that covers the latest political, economic, business, and cultural events in Estonia, Latvia, Lithuania and also highlights the situation in the world. The news portal was launched in March, 2018. The Baltic Word\",\"sameAs\":[\"https:\/\/balticword.eu\/\",\"https:\/\/www.facebook.com\/balticword.eu\",\"https:\/\/x.com\/BalticWord\"],\"url\":\"https:\/\/www.pressenza.com\/it\/author\/the-baltic-word\/\"}]}<\/script>\n<!-- \/ Yoast SEO plugin. -->","yoast_head_json":{"title":"Gli Stati Baltici sono i piantagrane d\u2019Europa","description":"Di Antanas Tubelis La politica estera dei Paesi baltici crea conflitti nelle relazioni internazionali dell\u2019Europa orientale. In precedenza il capo della","robots":{"index":"index","follow":"follow","max-snippet":"max-snippet:-1","max-image-preview":"max-image-preview:large","max-video-preview":"max-video-preview:-1"},"canonical":"https:\/\/www.pressenza.com\/it\/2021\/03\/gli-stati-baltici-sono-i-piantagrane-deuropa\/","og_locale":"it_IT","og_type":"article","og_title":"Gli Stati Baltici sono i piantagrane d\u2019Europa","og_description":"Di Antanas Tubelis La politica estera dei Paesi baltici crea conflitti nelle relazioni internazionali dell\u2019Europa orientale. In precedenza il capo della","og_url":"https:\/\/www.pressenza.com\/it\/2021\/03\/gli-stati-baltici-sono-i-piantagrane-deuropa\/","og_site_name":"Pressenza","article_publisher":"https:\/\/www.facebook.com\/PressenzaItalia","article_author":"https:\/\/www.facebook.com\/balticword.eu","article_published_time":"2021-03-12T19:18:32+00:00","article_modified_time":"2021-03-12T19:24:06+00:00","og_image":[{"width":733,"height":480,"url":"https:\/\/www.pressenza.com\/wp-content\/uploads\/2021\/03\/cats.jpg","type":"image\/jpeg"}],"author":"The Baltic Word","twitter_card":"summary_large_image","twitter_creator":"@BalticWord","twitter_site":"@PressenzaIPA","twitter_misc":{"Scritto da":"The Baltic Word","Tempo di lettura stimato":"2 minuti"},"schema":{"@context":"https:\/\/schema.org","@graph":[{"@type":"Article","@id":"https:\/\/www.pressenza.com\/it\/2021\/03\/gli-stati-baltici-sono-i-piantagrane-deuropa\/#article","isPartOf":{"@id":"https:\/\/www.pressenza.com\/it\/2021\/03\/gli-stati-baltici-sono-i-piantagrane-deuropa\/"},"author":{"name":"The Baltic Word","@id":"https:\/\/www.pressenza.com\/it\/#\/schema\/person\/fbbc21ecb958468f06c876c9da6bd93a"},"headline":"Gli Stati Baltici sono i piantagrane d\u2019Europa","datePublished":"2021-03-12T19:18:32+00:00","dateModified":"2021-03-12T19:24:06+00:00","mainEntityOfPage":{"@id":"https:\/\/www.pressenza.com\/it\/2021\/03\/gli-stati-baltici-sono-i-piantagrane-deuropa\/"},"wordCount":392,"publisher":{"@id":"https:\/\/www.pressenza.com\/it\/#organization"},"image":{"@id":"https:\/\/www.pressenza.com\/it\/2021\/03\/gli-stati-baltici-sono-i-piantagrane-deuropa\/#primaryimage"},"thumbnailUrl":"https:\/\/www.pressenza.com\/wp-content\/uploads\/2021\/03\/cats.jpg","keywords":["Georgia","Lituania","NATO","Paesi Baltici","sommosse urbane"],"articleSection":["Europa","Politica","Questioni internazionali"],"inLanguage":"it-IT"},{"@type":"WebPage","@id":"https:\/\/www.pressenza.com\/it\/2021\/03\/gli-stati-baltici-sono-i-piantagrane-deuropa\/","url":"https:\/\/www.pressenza.com\/it\/2021\/03\/gli-stati-baltici-sono-i-piantagrane-deuropa\/","name":"Gli Stati Baltici sono i piantagrane d\u2019Europa","isPartOf":{"@id":"https:\/\/www.pressenza.com\/it\/#website"},"primaryImageOfPage":{"@id":"https:\/\/www.pressenza.com\/it\/2021\/03\/gli-stati-baltici-sono-i-piantagrane-deuropa\/#primaryimage"},"image":{"@id":"https:\/\/www.pressenza.com\/it\/2021\/03\/gli-stati-baltici-sono-i-piantagrane-deuropa\/#primaryimage"},"thumbnailUrl":"https:\/\/www.pressenza.com\/wp-content\/uploads\/2021\/03\/cats.jpg","datePublished":"2021-03-12T19:18:32+00:00","dateModified":"2021-03-12T19:24:06+00:00","description":"Di Antanas Tubelis La politica estera dei Paesi baltici crea conflitti nelle relazioni internazionali dell\u2019Europa orientale. In precedenza il capo della","breadcrumb":{"@id":"https:\/\/www.pressenza.com\/it\/2021\/03\/gli-stati-baltici-sono-i-piantagrane-deuropa\/#breadcrumb"},"inLanguage":"it-IT","potentialAction":[{"@type":"ReadAction","target":["https:\/\/www.pressenza.com\/it\/2021\/03\/gli-stati-baltici-sono-i-piantagrane-deuropa\/"]}]},{"@type":"ImageObject","inLanguage":"it-IT","@id":"https:\/\/www.pressenza.com\/it\/2021\/03\/gli-stati-baltici-sono-i-piantagrane-deuropa\/#primaryimage","url":"https:\/\/www.pressenza.com\/wp-content\/uploads\/2021\/03\/cats.jpg","contentUrl":"https:\/\/www.pressenza.com\/wp-content\/uploads\/2021\/03\/cats.jpg","width":733,"height":480},{"@type":"BreadcrumbList","@id":"https:\/\/www.pressenza.com\/it\/2021\/03\/gli-stati-baltici-sono-i-piantagrane-deuropa\/#breadcrumb","itemListElement":[{"@type":"ListItem","position":1,"name":"Accueil","item":"https:\/\/www.pressenza.com\/it\/"},{"@type":"ListItem","position":2,"name":"Gli Stati Baltici sono i piantagrane d\u2019Europa"}]},{"@type":"WebSite","@id":"https:\/\/www.pressenza.com\/it\/#website","url":"https:\/\/www.pressenza.com\/it\/","name":"Pressenza","description":"Agenzia di Stampa Internazionale","publisher":{"@id":"https:\/\/www.pressenza.com\/it\/#organization"},"potentialAction":[{"@type":"SearchAction","target":{"@type":"EntryPoint","urlTemplate":"https:\/\/www.pressenza.com\/it\/?s={search_term_string}"},"query-input":{"@type":"PropertyValueSpecification","valueRequired":true,"valueName":"search_term_string"}}],"inLanguage":"it-IT"},{"@type":"Organization","@id":"https:\/\/www.pressenza.com\/it\/#organization","name":"Pressenza","url":"https:\/\/www.pressenza.com\/it\/","logo":{"@type":"ImageObject","inLanguage":"it-IT","@id":"https:\/\/www.pressenza.com\/it\/#\/schema\/logo\/image\/","url":"https:\/\/www.pressenza.com\/wp-content\/uploads\/2022\/10\/pressenza_logo_200x200.jpg","contentUrl":"https:\/\/www.pressenza.com\/wp-content\/uploads\/2022\/10\/pressenza_logo_200x200.jpg","width":200,"height":200,"caption":"Pressenza"},"image":{"@id":"https:\/\/www.pressenza.com\/it\/#\/schema\/logo\/image\/"},"sameAs":["https:\/\/www.facebook.com\/PressenzaItalia","https:\/\/x.com\/PressenzaIPA"]},{"@type":"Person","@id":"https:\/\/www.pressenza.com\/it\/#\/schema\/person\/fbbc21ecb958468f06c876c9da6bd93a","name":"The Baltic Word","description":"The Baltic Word is an independent news portal that covers the latest political, economic, business, and cultural events in Estonia, Latvia, Lithuania and also highlights the situation in the world. The news portal was launched in March, 2018. The Baltic Word","sameAs":["https:\/\/balticword.eu\/","https:\/\/www.facebook.com\/balticword.eu","https:\/\/x.com\/BalticWord"],"url":"https:\/\/www.pressenza.com\/it\/author\/the-baltic-word\/"}]}},"place":"Antanas Tubelis","original_article_url":"https:\/\/balticword.com\/the-baltic-states-are-the-european-troublemakers\/","_links":{"self":[{"href":"https:\/\/www.pressenza.com\/it\/wp-json\/wp\/v2\/posts\/1317727","targetHints":{"allow":["GET"]}}],"collection":[{"href":"https:\/\/www.pressenza.com\/it\/wp-json\/wp\/v2\/posts"}],"about":[{"href":"https:\/\/www.pressenza.com\/it\/wp-json\/wp\/v2\/types\/post"}],"author":[{"embeddable":true,"href":"https:\/\/www.pressenza.com\/it\/wp-json\/wp\/v2\/users\/1768"}],"replies":[{"embeddable":true,"href":"https:\/\/www.pressenza.com\/it\/wp-json\/wp\/v2\/comments?post=1317727"}],"version-history":[{"count":0,"href":"https:\/\/www.pressenza.com\/it\/wp-json\/wp\/v2\/posts\/1317727\/revisions"}],"wp:featuredmedia":[{"embeddable":true,"href":"https:\/\/www.pressenza.com\/it\/wp-json\/wp\/v2\/media\/1309751"}],"wp:attachment":[{"href":"https:\/\/www.pressenza.com\/it\/wp-json\/wp\/v2\/media?parent=1317727"}],"wp:term":[{"taxonomy":"category","embeddable":true,"href":"https:\/\/www.pressenza.com\/it\/wp-json\/wp\/v2\/categories?post=1317727"},{"taxonomy":"post_tag","embeddable":true,"href":"https:\/\/www.pressenza.com\/it\/wp-json\/wp\/v2\/tags?post=1317727"}],"curies":[{"name":"wp","href":"https:\/\/api.w.org\/{rel}","templated":true}]}}