{"id":131725,"date":"2014-09-10T21:59:49","date_gmt":"2014-09-10T20:59:49","guid":{"rendered":"http:\/\/www.pressenza.com\/?p=131725"},"modified":"2014-09-10T21:59:49","modified_gmt":"2014-09-10T20:59:49","slug":"peru-uccisi-capi-indigeni","status":"publish","type":"post","link":"https:\/\/www.pressenza.com\/it\/2014\/09\/peru-uccisi-capi-indigeni\/","title":{"rendered":"Per\u00f9: uccisi quattro capi indigeni"},"content":{"rendered":"<p>Per\u00f9: uccisi quattro capi indigeni<\/p>\n<p>L&#8217;Associazione per i popoli minacciati mette in guardia da una escalation della violenza al confine tra Per\u00f9 e Brasile<\/p>\n<p>Bolzano, G\u00f6ttingen, 9 settembre 2014<\/p>\n<p>Edwin Chota, l&#8217;attivista Ashaninka ucciso. Foto: Eliane Fernandes Ferreira. Edwin Chota, l&#8217;attivista Ashaninka ucciso. Foto: Eliane Fernandes Ferreira.<\/p>\n<p>Arriva dal confine amazzonico tra Per\u00f9 e Brasile la notizia sconcertante dell&#8217;uccisione nella foresta pluviale del leader carismatico della comunit\u00e0 Ashaninka di Saweto, Edwin Chota, e di tre membri della sua comunit\u00e0. Le vedove e figli delle quattro vittime dell&#8217;omicidio sono stati costretti a fuggire nella vicina localit\u00e0 di Pucallpa. Taglialegna illegali hanno accerchiato gli Ashaninka che erano ritornati a Saweto e minacciano ora gli indiani della comunit\u00e0.<\/p>\n<p>Per proteggere gli Ashaninka da ulteriori violenze, l&#8217;Associazione per i popoli minacciati (APM) ha scritto subito al governo peruviano e all&#8217;Alto Commissario delle Nazioni Unite per i diritti umani (UNHCHR) Ra&#8217;ad Zeid Al Hussein. Nella lettera si chiede che le azioni criminali della mafia del legname e della droga vengano fermate immediatamente. Sugli omicidi codardi dei quattro Ashaninka si deve subito indagare e gli autori trovati e puniti: questo \u00e8 l&#8217;unico modo per evitare un ulteriore inasprimento delle violenze contro le comunit\u00e0 indigene tra Ucayali in Per\u00f9 e Acre in Brasile.<\/p>\n<p>Chota era impegnato da anni nella tutela giuridica del territorio degli Ashaninka e nella protezione delle foreste. Proprio di recente era riuscito ad arrivare a importanti progressi, che rendevano molto pi\u00f9 difficoltoso l&#8217;accesso alla mafia del legno alle aree interessate.<\/p>\n<p>Insieme agli Ashaninka Jose Rios P\u00e9rez, Leoncio Quinticima Melendez e Francisco Pinedo, Chota era a piedi sulla strada verso la comunit\u00e0 brasiliana Ashaninka di Apiwtxa. Dopo due giorni di marcia, in questa comunit\u00e0 volevano sviluppare una strategia comune contro la minaccia rappresentata dal disboscamento illegale e il traffico di droga nella loro area. Chota gi\u00e0 in passato aveva dovuto cercare ripetutamente riparo in territorio brasiliano. A causa del suo impegno si era guadagnato nemici potenti. Gi\u00e0 all&#8217;inizio del 2012 era stato personalmente minacciato. Nell&#8217;aprile 2013 in un&#8217;intervista al National Geographic si lamentava del fatto che venivano minacciati, intimiditi, e le persone che lo facevano erano armate.<\/p>\n<p>Da anni la nostra associazione segnala il pericolo di una escalation della violenza da parte dei taglialegna illegali e trafficanti di droga contro gli Ashaninka nella zona di confine amazzonica tra Per\u00f9 e Brasile. Ora si teme per l&#8217;incolumit\u00e0 di Benki Piy\u00e3ko della comunit\u00e0 Ashaninka in Brasile. Piy\u00e3ko \u00e8 gi\u00e0 stato pi\u00f9 volte minacciato di morte: nel 2013 \u00e8 stato premiato per il suo coraggioso impegno contro la mafia del legno e della droga con il Premio Weimar per diritti dell&#8217;uomo. In passato aveva aiutato Chota a cercare un rifugio sicuro.<\/p>\n","protected":false},"excerpt":{"rendered":"<p>Per\u00f9: uccisi quattro capi indigeni L&#8217;Associazione per i popoli minacciati mette in guardia da una escalation della violenza al confine tra Per\u00f9 e Brasile Bolzano, G\u00f6ttingen, 9 settembre 2014 Edwin Chota, l&#8217;attivista Ashaninka ucciso. Foto: Eliane Fernandes Ferreira. Edwin Chota,&hellip;<\/p>\n","protected":false},"author":903,"featured_media":0,"comment_status":"closed","ping_status":"open","sticky":false,"template":"","format":"standard","meta":{"footnotes":""},"categories":[150,55,48],"tags":[7734,3993,11110,7208],"class_list":["post-131725","post","type-post","status-publish","format-standard","hentry","category-comunicati-stampa","category-politica","category-sud-america","tag-amazzonia","tag-brasile","tag-legno","tag-peru-it"],"yoast_head":"<!-- This site is optimized with the Yoast SEO plugin v27.1.1 - https:\/\/yoast.com\/product\/yoast-seo-wordpress\/ -->\n<title>Per\u00f9: uccisi quattro capi indigeni<\/title>\n<meta name=\"description\" content=\"Per\u00f9: uccisi quattro capi indigeni L&#039;Associazione per i popoli minacciati mette in guardia da una escalation della violenza al confine tra Per\u00f9 e Brasile\" \/>\n<meta name=\"robots\" content=\"index, follow, max-snippet:-1, max-image-preview:large, max-video-preview:-1\" \/>\n<link rel=\"canonical\" href=\"https:\/\/www.pressenza.com\/it\/2014\/09\/peru-uccisi-capi-indigeni\/\" \/>\n<meta property=\"og:locale\" content=\"it_IT\" \/>\n<meta property=\"og:type\" content=\"article\" \/>\n<meta property=\"og:title\" content=\"Per\u00f9: uccisi quattro capi indigeni\" \/>\n<meta property=\"og:description\" content=\"Per\u00f9: uccisi quattro capi indigeni L&#039;Associazione per i popoli minacciati mette in guardia da una escalation della violenza al confine tra Per\u00f9 e Brasile\" \/>\n<meta property=\"og:url\" content=\"https:\/\/www.pressenza.com\/it\/2014\/09\/peru-uccisi-capi-indigeni\/\" \/>\n<meta property=\"og:site_name\" content=\"Pressenza\" \/>\n<meta property=\"article:publisher\" content=\"https:\/\/www.facebook.com\/PressenzaItalia\" \/>\n<meta property=\"article:author\" content=\"https:\/\/www.facebook.com\/popoliminacciati\" \/>\n<meta property=\"article:published_time\" content=\"2014-09-10T20:59:49+00:00\" \/>\n<meta name=\"author\" content=\"Associazione per i Popoli Minacciati\" \/>\n<meta name=\"twitter:card\" content=\"summary_large_image\" \/>\n<meta name=\"twitter:creator\" content=\"@PressenzaIPA\" \/>\n<meta name=\"twitter:site\" content=\"@PressenzaIPA\" \/>\n<meta name=\"twitter:label1\" content=\"Scritto da\" \/>\n\t<meta name=\"twitter:data1\" content=\"Associazione per i Popoli Minacciati\" \/>\n\t<meta name=\"twitter:label2\" content=\"Tempo di lettura stimato\" \/>\n\t<meta name=\"twitter:data2\" content=\"2 minuti\" \/>\n<script type=\"application\/ld+json\" class=\"yoast-schema-graph\">{\"@context\":\"https:\/\/schema.org\",\"@graph\":[{\"@type\":\"Article\",\"@id\":\"https:\/\/www.pressenza.com\/it\/2014\/09\/peru-uccisi-capi-indigeni\/#article\",\"isPartOf\":{\"@id\":\"https:\/\/www.pressenza.com\/it\/2014\/09\/peru-uccisi-capi-indigeni\/\"},\"author\":{\"name\":\"Associazione per i Popoli Minacciati\",\"@id\":\"https:\/\/www.pressenza.com\/it\/#\/schema\/person\/cdd4529aa9392a0fa5dc5a848b317076\"},\"headline\":\"Per\u00f9: uccisi quattro capi indigeni\",\"datePublished\":\"2014-09-10T20:59:49+00:00\",\"mainEntityOfPage\":{\"@id\":\"https:\/\/www.pressenza.com\/it\/2014\/09\/peru-uccisi-capi-indigeni\/\"},\"wordCount\":459,\"publisher\":{\"@id\":\"https:\/\/www.pressenza.com\/it\/#organization\"},\"keywords\":[\"Amazzonia\",\"Brasile\",\"legno\",\"Per\u00f9\"],\"articleSection\":[\"Comunicati Stampa\",\"Politica\",\"Sud America\"],\"inLanguage\":\"it-IT\"},{\"@type\":\"WebPage\",\"@id\":\"https:\/\/www.pressenza.com\/it\/2014\/09\/peru-uccisi-capi-indigeni\/\",\"url\":\"https:\/\/www.pressenza.com\/it\/2014\/09\/peru-uccisi-capi-indigeni\/\",\"name\":\"Per\u00f9: uccisi quattro capi indigeni\",\"isPartOf\":{\"@id\":\"https:\/\/www.pressenza.com\/it\/#website\"},\"datePublished\":\"2014-09-10T20:59:49+00:00\",\"description\":\"Per\u00f9: uccisi quattro capi indigeni L'Associazione per i popoli minacciati mette in guardia da una escalation della violenza al confine tra Per\u00f9 e Brasile\",\"breadcrumb\":{\"@id\":\"https:\/\/www.pressenza.com\/it\/2014\/09\/peru-uccisi-capi-indigeni\/#breadcrumb\"},\"inLanguage\":\"it-IT\",\"potentialAction\":[{\"@type\":\"ReadAction\",\"target\":[\"https:\/\/www.pressenza.com\/it\/2014\/09\/peru-uccisi-capi-indigeni\/\"]}]},{\"@type\":\"BreadcrumbList\",\"@id\":\"https:\/\/www.pressenza.com\/it\/2014\/09\/peru-uccisi-capi-indigeni\/#breadcrumb\",\"itemListElement\":[{\"@type\":\"ListItem\",\"position\":1,\"name\":\"Accueil\",\"item\":\"https:\/\/www.pressenza.com\/it\/\"},{\"@type\":\"ListItem\",\"position\":2,\"name\":\"Per\u00f9: uccisi quattro capi indigeni\"}]},{\"@type\":\"WebSite\",\"@id\":\"https:\/\/www.pressenza.com\/it\/#website\",\"url\":\"https:\/\/www.pressenza.com\/it\/\",\"name\":\"Pressenza\",\"description\":\"Agenzia di Stampa Internazionale\",\"publisher\":{\"@id\":\"https:\/\/www.pressenza.com\/it\/#organization\"},\"potentialAction\":[{\"@type\":\"SearchAction\",\"target\":{\"@type\":\"EntryPoint\",\"urlTemplate\":\"https:\/\/www.pressenza.com\/it\/?s={search_term_string}\"},\"query-input\":{\"@type\":\"PropertyValueSpecification\",\"valueRequired\":true,\"valueName\":\"search_term_string\"}}],\"inLanguage\":\"it-IT\"},{\"@type\":\"Organization\",\"@id\":\"https:\/\/www.pressenza.com\/it\/#organization\",\"name\":\"Pressenza\",\"url\":\"https:\/\/www.pressenza.com\/it\/\",\"logo\":{\"@type\":\"ImageObject\",\"inLanguage\":\"it-IT\",\"@id\":\"https:\/\/www.pressenza.com\/it\/#\/schema\/logo\/image\/\",\"url\":\"https:\/\/www.pressenza.com\/wp-content\/uploads\/2022\/10\/pressenza_logo_200x200.jpg\",\"contentUrl\":\"https:\/\/www.pressenza.com\/wp-content\/uploads\/2022\/10\/pressenza_logo_200x200.jpg\",\"width\":200,\"height\":200,\"caption\":\"Pressenza\"},\"image\":{\"@id\":\"https:\/\/www.pressenza.com\/it\/#\/schema\/logo\/image\/\"},\"sameAs\":[\"https:\/\/www.facebook.com\/PressenzaItalia\",\"https:\/\/x.com\/PressenzaIPA\"]},{\"@type\":\"Person\",\"@id\":\"https:\/\/www.pressenza.com\/it\/#\/schema\/person\/cdd4529aa9392a0fa5dc5a848b317076\",\"name\":\"Associazione per i Popoli Minacciati\",\"description\":\"L'APM d\u00e0 voce alle vittime delle violazioni dei diritti umani. Assieme alle vittime, ci impegniamo per i diritti delle minoranze etniche, linguistiche e religiose minacciate e perseguitate, dei popoli senza Stato e delle comunit\u00e0 dei popoli indigeni. Senza condizionamenti politici o ideologici rendiamo noti crimini contro l'umanit\u00e0 e accusiamo i responsabili di genocidi, di esodi di massa, di repressioni, di persecuzioni e di discriminazioni. Siamo sempre dalla parte delle vittime di arbitr\u00ee e violenze. Con il nostro stato consultivo presso le Nazioni Unite abbiamo il diritto di parola alle Conferenze internazionali. In questo modo consentiamo ai rappresentanti di queste minoranze l'accesso agli organi dell'ONU. La nostra organizzazione lavora al livello internazionale: l'APM si trova in Germania, Italia (Sudtirolo), Francia, Svizzera, Austria, Lussemburgo e Bosnia-Herzegowina. www.gfbv.it\",\"sameAs\":[\"http:\/\/www.gfbv.it\/\",\"https:\/\/www.facebook.com\/popoliminacciati\"],\"url\":\"https:\/\/www.pressenza.com\/it\/author\/associazione-per-i-popoli-minacciati\/\"}]}<\/script>\n<!-- \/ Yoast SEO plugin. -->","yoast_head_json":{"title":"Per\u00f9: uccisi quattro capi indigeni","description":"Per\u00f9: uccisi quattro capi indigeni L'Associazione per i popoli minacciati mette in guardia da una escalation della violenza al confine tra Per\u00f9 e Brasile","robots":{"index":"index","follow":"follow","max-snippet":"max-snippet:-1","max-image-preview":"max-image-preview:large","max-video-preview":"max-video-preview:-1"},"canonical":"https:\/\/www.pressenza.com\/it\/2014\/09\/peru-uccisi-capi-indigeni\/","og_locale":"it_IT","og_type":"article","og_title":"Per\u00f9: uccisi quattro capi indigeni","og_description":"Per\u00f9: uccisi quattro capi indigeni L'Associazione per i popoli minacciati mette in guardia da una escalation della violenza al confine tra Per\u00f9 e Brasile","og_url":"https:\/\/www.pressenza.com\/it\/2014\/09\/peru-uccisi-capi-indigeni\/","og_site_name":"Pressenza","article_publisher":"https:\/\/www.facebook.com\/PressenzaItalia","article_author":"https:\/\/www.facebook.com\/popoliminacciati","article_published_time":"2014-09-10T20:59:49+00:00","author":"Associazione per i Popoli Minacciati","twitter_card":"summary_large_image","twitter_creator":"@PressenzaIPA","twitter_site":"@PressenzaIPA","twitter_misc":{"Scritto da":"Associazione per i Popoli Minacciati","Tempo di lettura stimato":"2 minuti"},"schema":{"@context":"https:\/\/schema.org","@graph":[{"@type":"Article","@id":"https:\/\/www.pressenza.com\/it\/2014\/09\/peru-uccisi-capi-indigeni\/#article","isPartOf":{"@id":"https:\/\/www.pressenza.com\/it\/2014\/09\/peru-uccisi-capi-indigeni\/"},"author":{"name":"Associazione per i Popoli Minacciati","@id":"https:\/\/www.pressenza.com\/it\/#\/schema\/person\/cdd4529aa9392a0fa5dc5a848b317076"},"headline":"Per\u00f9: uccisi quattro capi indigeni","datePublished":"2014-09-10T20:59:49+00:00","mainEntityOfPage":{"@id":"https:\/\/www.pressenza.com\/it\/2014\/09\/peru-uccisi-capi-indigeni\/"},"wordCount":459,"publisher":{"@id":"https:\/\/www.pressenza.com\/it\/#organization"},"keywords":["Amazzonia","Brasile","legno","Per\u00f9"],"articleSection":["Comunicati Stampa","Politica","Sud America"],"inLanguage":"it-IT"},{"@type":"WebPage","@id":"https:\/\/www.pressenza.com\/it\/2014\/09\/peru-uccisi-capi-indigeni\/","url":"https:\/\/www.pressenza.com\/it\/2014\/09\/peru-uccisi-capi-indigeni\/","name":"Per\u00f9: uccisi quattro capi indigeni","isPartOf":{"@id":"https:\/\/www.pressenza.com\/it\/#website"},"datePublished":"2014-09-10T20:59:49+00:00","description":"Per\u00f9: uccisi quattro capi indigeni L'Associazione per i popoli minacciati mette in guardia da una escalation della violenza al confine tra Per\u00f9 e Brasile","breadcrumb":{"@id":"https:\/\/www.pressenza.com\/it\/2014\/09\/peru-uccisi-capi-indigeni\/#breadcrumb"},"inLanguage":"it-IT","potentialAction":[{"@type":"ReadAction","target":["https:\/\/www.pressenza.com\/it\/2014\/09\/peru-uccisi-capi-indigeni\/"]}]},{"@type":"BreadcrumbList","@id":"https:\/\/www.pressenza.com\/it\/2014\/09\/peru-uccisi-capi-indigeni\/#breadcrumb","itemListElement":[{"@type":"ListItem","position":1,"name":"Accueil","item":"https:\/\/www.pressenza.com\/it\/"},{"@type":"ListItem","position":2,"name":"Per\u00f9: uccisi quattro capi indigeni"}]},{"@type":"WebSite","@id":"https:\/\/www.pressenza.com\/it\/#website","url":"https:\/\/www.pressenza.com\/it\/","name":"Pressenza","description":"Agenzia di Stampa Internazionale","publisher":{"@id":"https:\/\/www.pressenza.com\/it\/#organization"},"potentialAction":[{"@type":"SearchAction","target":{"@type":"EntryPoint","urlTemplate":"https:\/\/www.pressenza.com\/it\/?s={search_term_string}"},"query-input":{"@type":"PropertyValueSpecification","valueRequired":true,"valueName":"search_term_string"}}],"inLanguage":"it-IT"},{"@type":"Organization","@id":"https:\/\/www.pressenza.com\/it\/#organization","name":"Pressenza","url":"https:\/\/www.pressenza.com\/it\/","logo":{"@type":"ImageObject","inLanguage":"it-IT","@id":"https:\/\/www.pressenza.com\/it\/#\/schema\/logo\/image\/","url":"https:\/\/www.pressenza.com\/wp-content\/uploads\/2022\/10\/pressenza_logo_200x200.jpg","contentUrl":"https:\/\/www.pressenza.com\/wp-content\/uploads\/2022\/10\/pressenza_logo_200x200.jpg","width":200,"height":200,"caption":"Pressenza"},"image":{"@id":"https:\/\/www.pressenza.com\/it\/#\/schema\/logo\/image\/"},"sameAs":["https:\/\/www.facebook.com\/PressenzaItalia","https:\/\/x.com\/PressenzaIPA"]},{"@type":"Person","@id":"https:\/\/www.pressenza.com\/it\/#\/schema\/person\/cdd4529aa9392a0fa5dc5a848b317076","name":"Associazione per i Popoli Minacciati","description":"L'APM d\u00e0 voce alle vittime delle violazioni dei diritti umani. Assieme alle vittime, ci impegniamo per i diritti delle minoranze etniche, linguistiche e religiose minacciate e perseguitate, dei popoli senza Stato e delle comunit\u00e0 dei popoli indigeni. Senza condizionamenti politici o ideologici rendiamo noti crimini contro l'umanit\u00e0 e accusiamo i responsabili di genocidi, di esodi di massa, di repressioni, di persecuzioni e di discriminazioni. Siamo sempre dalla parte delle vittime di arbitr\u00ee e violenze. Con il nostro stato consultivo presso le Nazioni Unite abbiamo il diritto di parola alle Conferenze internazionali. In questo modo consentiamo ai rappresentanti di queste minoranze l'accesso agli organi dell'ONU. La nostra organizzazione lavora al livello internazionale: l'APM si trova in Germania, Italia (Sudtirolo), Francia, Svizzera, Austria, Lussemburgo e Bosnia-Herzegowina. www.gfbv.it","sameAs":["http:\/\/www.gfbv.it\/","https:\/\/www.facebook.com\/popoliminacciati"],"url":"https:\/\/www.pressenza.com\/it\/author\/associazione-per-i-popoli-minacciati\/"}]}},"place":"","original_article_url":"","_links":{"self":[{"href":"https:\/\/www.pressenza.com\/it\/wp-json\/wp\/v2\/posts\/131725","targetHints":{"allow":["GET"]}}],"collection":[{"href":"https:\/\/www.pressenza.com\/it\/wp-json\/wp\/v2\/posts"}],"about":[{"href":"https:\/\/www.pressenza.com\/it\/wp-json\/wp\/v2\/types\/post"}],"author":[{"embeddable":true,"href":"https:\/\/www.pressenza.com\/it\/wp-json\/wp\/v2\/users\/903"}],"replies":[{"embeddable":true,"href":"https:\/\/www.pressenza.com\/it\/wp-json\/wp\/v2\/comments?post=131725"}],"version-history":[{"count":0,"href":"https:\/\/www.pressenza.com\/it\/wp-json\/wp\/v2\/posts\/131725\/revisions"}],"wp:attachment":[{"href":"https:\/\/www.pressenza.com\/it\/wp-json\/wp\/v2\/media?parent=131725"}],"wp:term":[{"taxonomy":"category","embeddable":true,"href":"https:\/\/www.pressenza.com\/it\/wp-json\/wp\/v2\/categories?post=131725"},{"taxonomy":"post_tag","embeddable":true,"href":"https:\/\/www.pressenza.com\/it\/wp-json\/wp\/v2\/tags?post=131725"}],"curies":[{"name":"wp","href":"https:\/\/api.w.org\/{rel}","templated":true}]}}