{"id":1315504,"date":"2021-03-09T17:20:16","date_gmt":"2021-03-09T17:20:16","guid":{"rendered":"https:\/\/www.pressenza.com\/?p=1315504"},"modified":"2021-03-09T17:22:41","modified_gmt":"2021-03-09T17:22:41","slug":"eduardo-montoya-dellecovillaggio-corricelli-la-nonviolenza-e-lunica-cosa-che-potra-salvarci","status":"publish","type":"post","link":"https:\/\/www.pressenza.com\/it\/2021\/03\/eduardo-montoya-dellecovillaggio-corricelli-la-nonviolenza-e-lunica-cosa-che-potra-salvarci\/","title":{"rendered":"Eduardo Montoya dell\u2019Ecovillaggio Corricelli: \u201cLa nonviolenza \u00e8 l\u2019unica cosa che potr\u00e0 salvarci\u201d"},"content":{"rendered":"<p><strong>Com\u2019\u00e8 nato il progetto dell\u2019Ecovillaggio Corricelli?<\/strong><\/p>\n<p>Corricelli \u00e8 il nome di un piccolo borgo nelle colline vicino a Prato, circondato dai boschi e abbandonato a partire dagli anni Settanta. Le case in pietra erano diventate ruderi inabitabili e i frutteti, uliveti e vigneti tutt\u2019intorno non venivano pi\u00f9 coltivati.<\/p>\n<p>Nel 2003 un gruppo di una ventina di persone ha fondato l\u2019associazione Basilico e lo ha comprato a un\u2019asta della Regione, con l\u2019idea di farne una \u201ccomunit\u00e0 intenzionale\u201d, dando molta importanza all\u2019aspetto ecologico. La vita era molto dura e il numero di persone coinvolte si \u00e8 ridotto a due coppie sistemate in un camper e in una capanna di paglia e argilla, dove ora vivo io con mia moglie. La ristrutturazione \u00e8 proseguita con molta lentezza; ora c\u2019\u00e8 un piccolo fabbricato dotato di connessione Internet, batteria e pannelli fotovoltaici, che pu\u00f2 accogliere ospiti e volontari e i terreni si sono ampliati dall\u2019ettaro iniziale a undici, concessi con un piccolo affitto annuale.<\/p>\n<p><strong>Quanti siete adesso?<\/strong><\/p>\n<p>Otto. Una coppia che vive l\u00e0 fin dall\u2019inizio, mentre mia moglie e io siamo arrivati sei anni fa e una famiglia pi\u00f9 giovane con due figli, uno di vent\u2019anni e l\u2019altra di diciassette. Inoltre una ragazza verr\u00e0 a stare qui per un anno. E\u2019 un posto molto selvaggio, viviamo con poco e consumiamo poco. Il nostro \u00e8 un esempio di decrescita felice.<\/p>\n<p><img loading=\"lazy\" decoding=\"async\" class=\"aligncenter wp-image-1315516 size-full\" src=\"https:\/\/www.pressenza.com\/wp-content\/uploads\/2021\/03\/Ecovillaggio-Coricelli-montagne.jpg\" alt=\"\" width=\"1600\" height=\"1066\" srcset=\"https:\/\/www.pressenza.com\/wp-content\/uploads\/2021\/03\/Ecovillaggio-Coricelli-montagne.jpg 1600w, https:\/\/www.pressenza.com\/wp-content\/uploads\/2021\/03\/Ecovillaggio-Coricelli-montagne-300x200.jpg 300w, https:\/\/www.pressenza.com\/wp-content\/uploads\/2021\/03\/Ecovillaggio-Coricelli-montagne-720x480.jpg 720w, https:\/\/www.pressenza.com\/wp-content\/uploads\/2021\/03\/Ecovillaggio-Coricelli-montagne-768x512.jpg 768w, https:\/\/www.pressenza.com\/wp-content\/uploads\/2021\/03\/Ecovillaggio-Coricelli-montagne-1536x1023.jpg 1536w\" sizes=\"auto, (max-width: 1600px) 100vw, 1600px\" \/><\/p>\n<p><strong>Quali sono i principi che vi guidano?<\/strong><\/p>\n<p>Essenzialmente due: la permacultura, con la creazione di insediamenti umani sostenibili e la comunicazione nonviolenta, tutte cose che pratichiamo e insegniamo: prima potevamo tenere conferenze e corsi &#8211; per esempio uno sulla costruzione dei muretti a secco &#8211; con la partecipazione diretta degli interessati, offrendo un\u2019esperienza pratica e diretta. Ora dobbiamo fare tutto online; qualcosa passa, ma in rete ci sono migliaia di corsi interessanti e non \u00e8 la stessa cosa.<\/p>\n<p><strong>Come vedi la situazione attuale?<\/strong><\/p>\n<p>Questo modello era gi\u00e0 alla frutta prima, anche se la sua insostenibilit\u00e0 non era cos\u00ec evidente. Ora invece \u00e8 chiaro che non funziona pi\u00f9. Forse c\u2019era bisogno di una batosta simile per rendersene conto e unirci, come hanno fatto gli inglesi sotto le bombe naziste. Una cosa \u00e8 certa: o ci salviamo tutti, o non si salva nessuno. Noi ci prendiamo molta cura delle relazioni, soprattutto in questo momento di grande fatica, incertezza, stress e aggressivit\u00e0. Io mi sento vulnerabile, ma in pace. Sto nel qui e ora e cerco di vivere con coerenza e compassione.<\/p>\n<p><strong>La nonviolenza pu\u00f2 aiutare?<\/strong><\/p>\n<p>Certamente. E\u2019 la parte essenziale di qualunque progetto. Disarmo, rispetto reciproco e incondizionato, ascolto dei bisogni umani comuni e universali, principio base della comunicazione nonviolenta. Solo questo potr\u00e0 salvarci.<\/p>\n<p><a href=\"http:\/\/www.associazionebasilico.org\/site\/lecovillaggio-corricelli-si-presenta\/\">http:\/\/www.associazionebasilico.org\/site\/lecovillaggio-corricelli-si-presenta\/<\/a><\/p>\n<p>&nbsp;<\/p>\n<p><strong>\u00a0<\/strong><\/p>\n<p>&nbsp;<\/p>\n<p>&nbsp;<\/p>\n","protected":false},"excerpt":{"rendered":"<p>Com\u2019\u00e8 nato il progetto dell\u2019Ecovillaggio Corricelli? Corricelli \u00e8 il nome di un piccolo borgo nelle colline vicino a Prato, circondato dai boschi e abbandonato a partire dagli anni Settanta. Le case in pietra erano diventate ruderi inabitabili e i frutteti,&hellip;<\/p>\n","protected":false},"author":500,"featured_media":1315506,"comment_status":"closed","ping_status":"closed","sticky":false,"template":"","format":"standard","meta":{"footnotes":""},"categories":[11388,59,47,157,1262],"tags":[25169,5326,88263,88264],"class_list":["post-1315504","post","type-post","status-publish","format-standard","has-post-thumbnail","hentry","category-contenuti-originali","category-ambiente-ecologia","category-europa","category-interviste","category-nonviolenza-argomento","tag-comunicazione-nonviolenta","tag-decrescita-felice","tag-ecovillaggio-corricelli","tag-eduardo-montoya"],"yoast_head":"<!-- This site is optimized with the Yoast SEO plugin v27.1.1 - https:\/\/yoast.com\/product\/yoast-seo-wordpress\/ -->\n<title>Eduardo Montoya dell\u2019Ecovillaggio Corricelli: \u201cLa nonviolenza \u00e8 l\u2019unica cosa che potr\u00e0 salvarci\u201d<\/title>\n<meta name=\"description\" content=\"Com\u2019\u00e8 nato il progetto dell\u2019Ecovillaggio Corricelli? Corricelli \u00e8 il nome di un piccolo borgo nelle colline vicino a Prato, circondato dai boschi e\" \/>\n<meta name=\"robots\" content=\"index, follow, max-snippet:-1, max-image-preview:large, max-video-preview:-1\" \/>\n<link rel=\"canonical\" href=\"https:\/\/www.pressenza.com\/it\/2021\/03\/eduardo-montoya-dellecovillaggio-corricelli-la-nonviolenza-e-lunica-cosa-che-potra-salvarci\/\" \/>\n<meta property=\"og:locale\" content=\"it_IT\" \/>\n<meta property=\"og:type\" content=\"article\" \/>\n<meta property=\"og:title\" content=\"Eduardo Montoya dell\u2019Ecovillaggio Corricelli: \u201cLa nonviolenza \u00e8 l\u2019unica cosa che potr\u00e0 salvarci\u201d\" \/>\n<meta property=\"og:description\" content=\"Com\u2019\u00e8 nato il progetto dell\u2019Ecovillaggio Corricelli? Corricelli \u00e8 il nome di un piccolo borgo nelle colline vicino a Prato, circondato dai boschi e\" \/>\n<meta property=\"og:url\" content=\"https:\/\/www.pressenza.com\/it\/2021\/03\/eduardo-montoya-dellecovillaggio-corricelli-la-nonviolenza-e-lunica-cosa-che-potra-salvarci\/\" \/>\n<meta property=\"og:site_name\" content=\"Pressenza\" \/>\n<meta property=\"article:publisher\" content=\"https:\/\/www.facebook.com\/PressenzaItalia\" \/>\n<meta property=\"article:published_time\" content=\"2021-03-09T17:20:16+00:00\" \/>\n<meta property=\"article:modified_time\" content=\"2021-03-09T17:22:41+00:00\" \/>\n<meta property=\"og:image\" content=\"https:\/\/www.pressenza.com\/wp-content\/uploads\/2021\/03\/Ecovillaggio-Coricelli.jpg\" \/>\n\t<meta property=\"og:image:width\" content=\"1452\" \/>\n\t<meta property=\"og:image:height\" content=\"1089\" \/>\n\t<meta property=\"og:image:type\" content=\"image\/jpeg\" \/>\n<meta name=\"author\" content=\"Anna Polo\" \/>\n<meta name=\"twitter:card\" content=\"summary_large_image\" \/>\n<meta name=\"twitter:creator\" content=\"@PressenzaIPA\" \/>\n<meta name=\"twitter:site\" content=\"@PressenzaIPA\" \/>\n<meta name=\"twitter:label1\" content=\"Scritto da\" \/>\n\t<meta name=\"twitter:data1\" content=\"Anna Polo\" \/>\n\t<meta name=\"twitter:label2\" content=\"Tempo di lettura stimato\" \/>\n\t<meta name=\"twitter:data2\" content=\"2 minuti\" \/>\n<script type=\"application\/ld+json\" class=\"yoast-schema-graph\">{\"@context\":\"https:\/\/schema.org\",\"@graph\":[{\"@type\":\"Article\",\"@id\":\"https:\/\/www.pressenza.com\/it\/2021\/03\/eduardo-montoya-dellecovillaggio-corricelli-la-nonviolenza-e-lunica-cosa-che-potra-salvarci\/#article\",\"isPartOf\":{\"@id\":\"https:\/\/www.pressenza.com\/it\/2021\/03\/eduardo-montoya-dellecovillaggio-corricelli-la-nonviolenza-e-lunica-cosa-che-potra-salvarci\/\"},\"author\":{\"name\":\"Anna Polo\",\"@id\":\"https:\/\/www.pressenza.com\/it\/#\/schema\/person\/f361ce2dfe3d4331d5ae6840551ffe67\"},\"headline\":\"Eduardo Montoya dell\u2019Ecovillaggio Corricelli: \u201cLa nonviolenza \u00e8 l\u2019unica cosa che potr\u00e0 salvarci\u201d\",\"datePublished\":\"2021-03-09T17:20:16+00:00\",\"dateModified\":\"2021-03-09T17:22:41+00:00\",\"mainEntityOfPage\":{\"@id\":\"https:\/\/www.pressenza.com\/it\/2021\/03\/eduardo-montoya-dellecovillaggio-corricelli-la-nonviolenza-e-lunica-cosa-che-potra-salvarci\/\"},\"wordCount\":462,\"publisher\":{\"@id\":\"https:\/\/www.pressenza.com\/it\/#organization\"},\"image\":{\"@id\":\"https:\/\/www.pressenza.com\/it\/2021\/03\/eduardo-montoya-dellecovillaggio-corricelli-la-nonviolenza-e-lunica-cosa-che-potra-salvarci\/#primaryimage\"},\"thumbnailUrl\":\"https:\/\/www.pressenza.com\/wp-content\/uploads\/2021\/03\/Ecovillaggio-Coricelli.jpg\",\"keywords\":[\"Comunicazione Nonviolenta\",\"decrescita felice\",\"Ecovillaggio Corricelli\",\"Eduardo Montoya\"],\"articleSection\":[\"contenuti originali\",\"Ecologia ed Ambiente\",\"Europa\",\"Interviste\",\"Nonviolenza\"],\"inLanguage\":\"it-IT\"},{\"@type\":\"WebPage\",\"@id\":\"https:\/\/www.pressenza.com\/it\/2021\/03\/eduardo-montoya-dellecovillaggio-corricelli-la-nonviolenza-e-lunica-cosa-che-potra-salvarci\/\",\"url\":\"https:\/\/www.pressenza.com\/it\/2021\/03\/eduardo-montoya-dellecovillaggio-corricelli-la-nonviolenza-e-lunica-cosa-che-potra-salvarci\/\",\"name\":\"Eduardo Montoya dell\u2019Ecovillaggio Corricelli: \u201cLa nonviolenza \u00e8 l\u2019unica cosa che potr\u00e0 salvarci\u201d\",\"isPartOf\":{\"@id\":\"https:\/\/www.pressenza.com\/it\/#website\"},\"primaryImageOfPage\":{\"@id\":\"https:\/\/www.pressenza.com\/it\/2021\/03\/eduardo-montoya-dellecovillaggio-corricelli-la-nonviolenza-e-lunica-cosa-che-potra-salvarci\/#primaryimage\"},\"image\":{\"@id\":\"https:\/\/www.pressenza.com\/it\/2021\/03\/eduardo-montoya-dellecovillaggio-corricelli-la-nonviolenza-e-lunica-cosa-che-potra-salvarci\/#primaryimage\"},\"thumbnailUrl\":\"https:\/\/www.pressenza.com\/wp-content\/uploads\/2021\/03\/Ecovillaggio-Coricelli.jpg\",\"datePublished\":\"2021-03-09T17:20:16+00:00\",\"dateModified\":\"2021-03-09T17:22:41+00:00\",\"description\":\"Com\u2019\u00e8 nato il progetto dell\u2019Ecovillaggio Corricelli? Corricelli \u00e8 il nome di un piccolo borgo nelle colline vicino a Prato, circondato dai boschi e\",\"breadcrumb\":{\"@id\":\"https:\/\/www.pressenza.com\/it\/2021\/03\/eduardo-montoya-dellecovillaggio-corricelli-la-nonviolenza-e-lunica-cosa-che-potra-salvarci\/#breadcrumb\"},\"inLanguage\":\"it-IT\",\"potentialAction\":[{\"@type\":\"ReadAction\",\"target\":[\"https:\/\/www.pressenza.com\/it\/2021\/03\/eduardo-montoya-dellecovillaggio-corricelli-la-nonviolenza-e-lunica-cosa-che-potra-salvarci\/\"]}]},{\"@type\":\"ImageObject\",\"inLanguage\":\"it-IT\",\"@id\":\"https:\/\/www.pressenza.com\/it\/2021\/03\/eduardo-montoya-dellecovillaggio-corricelli-la-nonviolenza-e-lunica-cosa-che-potra-salvarci\/#primaryimage\",\"url\":\"https:\/\/www.pressenza.com\/wp-content\/uploads\/2021\/03\/Ecovillaggio-Coricelli.jpg\",\"contentUrl\":\"https:\/\/www.pressenza.com\/wp-content\/uploads\/2021\/03\/Ecovillaggio-Coricelli.jpg\",\"width\":1452,\"height\":1089},{\"@type\":\"BreadcrumbList\",\"@id\":\"https:\/\/www.pressenza.com\/it\/2021\/03\/eduardo-montoya-dellecovillaggio-corricelli-la-nonviolenza-e-lunica-cosa-che-potra-salvarci\/#breadcrumb\",\"itemListElement\":[{\"@type\":\"ListItem\",\"position\":1,\"name\":\"Accueil\",\"item\":\"https:\/\/www.pressenza.com\/it\/\"},{\"@type\":\"ListItem\",\"position\":2,\"name\":\"Eduardo Montoya dell\u2019Ecovillaggio Corricelli: \u201cLa nonviolenza \u00e8 l\u2019unica cosa che potr\u00e0 salvarci\u201d\"}]},{\"@type\":\"WebSite\",\"@id\":\"https:\/\/www.pressenza.com\/it\/#website\",\"url\":\"https:\/\/www.pressenza.com\/it\/\",\"name\":\"Pressenza\",\"description\":\"Agenzia di Stampa Internazionale\",\"publisher\":{\"@id\":\"https:\/\/www.pressenza.com\/it\/#organization\"},\"potentialAction\":[{\"@type\":\"SearchAction\",\"target\":{\"@type\":\"EntryPoint\",\"urlTemplate\":\"https:\/\/www.pressenza.com\/it\/?s={search_term_string}\"},\"query-input\":{\"@type\":\"PropertyValueSpecification\",\"valueRequired\":true,\"valueName\":\"search_term_string\"}}],\"inLanguage\":\"it-IT\"},{\"@type\":\"Organization\",\"@id\":\"https:\/\/www.pressenza.com\/it\/#organization\",\"name\":\"Pressenza\",\"url\":\"https:\/\/www.pressenza.com\/it\/\",\"logo\":{\"@type\":\"ImageObject\",\"inLanguage\":\"it-IT\",\"@id\":\"https:\/\/www.pressenza.com\/it\/#\/schema\/logo\/image\/\",\"url\":\"https:\/\/www.pressenza.com\/wp-content\/uploads\/2022\/10\/pressenza_logo_200x200.jpg\",\"contentUrl\":\"https:\/\/www.pressenza.com\/wp-content\/uploads\/2022\/10\/pressenza_logo_200x200.jpg\",\"width\":200,\"height\":200,\"caption\":\"Pressenza\"},\"image\":{\"@id\":\"https:\/\/www.pressenza.com\/it\/#\/schema\/logo\/image\/\"},\"sameAs\":[\"https:\/\/www.facebook.com\/PressenzaItalia\",\"https:\/\/x.com\/PressenzaIPA\"]},{\"@type\":\"Person\",\"@id\":\"https:\/\/www.pressenza.com\/it\/#\/schema\/person\/f361ce2dfe3d4331d5ae6840551ffe67\",\"name\":\"Anna Polo\",\"description\":\"Impegnata per anni nel campo della pace e della nonviolenza, ha fatto parte dell'equipe relazioni della Marcia Mondiale per la Pace e la Nonviolenza e in seguito di Mondo senza guerre e senza violenza. Attualmente partecipa alla redazione italiana di Pressenza e si occupa principalmente del tema migrazioni, pubblicando articoli e interviste e organizzando eventi.\",\"url\":\"https:\/\/www.pressenza.com\/it\/author\/anna-polo\/\"}]}<\/script>\n<!-- \/ Yoast SEO plugin. -->","yoast_head_json":{"title":"Eduardo Montoya dell\u2019Ecovillaggio Corricelli: \u201cLa nonviolenza \u00e8 l\u2019unica cosa che potr\u00e0 salvarci\u201d","description":"Com\u2019\u00e8 nato il progetto dell\u2019Ecovillaggio Corricelli? Corricelli \u00e8 il nome di un piccolo borgo nelle colline vicino a Prato, circondato dai boschi e","robots":{"index":"index","follow":"follow","max-snippet":"max-snippet:-1","max-image-preview":"max-image-preview:large","max-video-preview":"max-video-preview:-1"},"canonical":"https:\/\/www.pressenza.com\/it\/2021\/03\/eduardo-montoya-dellecovillaggio-corricelli-la-nonviolenza-e-lunica-cosa-che-potra-salvarci\/","og_locale":"it_IT","og_type":"article","og_title":"Eduardo Montoya dell\u2019Ecovillaggio Corricelli: \u201cLa nonviolenza \u00e8 l\u2019unica cosa che potr\u00e0 salvarci\u201d","og_description":"Com\u2019\u00e8 nato il progetto dell\u2019Ecovillaggio Corricelli? Corricelli \u00e8 il nome di un piccolo borgo nelle colline vicino a Prato, circondato dai boschi e","og_url":"https:\/\/www.pressenza.com\/it\/2021\/03\/eduardo-montoya-dellecovillaggio-corricelli-la-nonviolenza-e-lunica-cosa-che-potra-salvarci\/","og_site_name":"Pressenza","article_publisher":"https:\/\/www.facebook.com\/PressenzaItalia","article_published_time":"2021-03-09T17:20:16+00:00","article_modified_time":"2021-03-09T17:22:41+00:00","og_image":[{"width":1452,"height":1089,"url":"https:\/\/www.pressenza.com\/wp-content\/uploads\/2021\/03\/Ecovillaggio-Coricelli.jpg","type":"image\/jpeg"}],"author":"Anna Polo","twitter_card":"summary_large_image","twitter_creator":"@PressenzaIPA","twitter_site":"@PressenzaIPA","twitter_misc":{"Scritto da":"Anna Polo","Tempo di lettura stimato":"2 minuti"},"schema":{"@context":"https:\/\/schema.org","@graph":[{"@type":"Article","@id":"https:\/\/www.pressenza.com\/it\/2021\/03\/eduardo-montoya-dellecovillaggio-corricelli-la-nonviolenza-e-lunica-cosa-che-potra-salvarci\/#article","isPartOf":{"@id":"https:\/\/www.pressenza.com\/it\/2021\/03\/eduardo-montoya-dellecovillaggio-corricelli-la-nonviolenza-e-lunica-cosa-che-potra-salvarci\/"},"author":{"name":"Anna Polo","@id":"https:\/\/www.pressenza.com\/it\/#\/schema\/person\/f361ce2dfe3d4331d5ae6840551ffe67"},"headline":"Eduardo Montoya dell\u2019Ecovillaggio Corricelli: \u201cLa nonviolenza \u00e8 l\u2019unica cosa che potr\u00e0 salvarci\u201d","datePublished":"2021-03-09T17:20:16+00:00","dateModified":"2021-03-09T17:22:41+00:00","mainEntityOfPage":{"@id":"https:\/\/www.pressenza.com\/it\/2021\/03\/eduardo-montoya-dellecovillaggio-corricelli-la-nonviolenza-e-lunica-cosa-che-potra-salvarci\/"},"wordCount":462,"publisher":{"@id":"https:\/\/www.pressenza.com\/it\/#organization"},"image":{"@id":"https:\/\/www.pressenza.com\/it\/2021\/03\/eduardo-montoya-dellecovillaggio-corricelli-la-nonviolenza-e-lunica-cosa-che-potra-salvarci\/#primaryimage"},"thumbnailUrl":"https:\/\/www.pressenza.com\/wp-content\/uploads\/2021\/03\/Ecovillaggio-Coricelli.jpg","keywords":["Comunicazione Nonviolenta","decrescita felice","Ecovillaggio Corricelli","Eduardo Montoya"],"articleSection":["contenuti originali","Ecologia ed Ambiente","Europa","Interviste","Nonviolenza"],"inLanguage":"it-IT"},{"@type":"WebPage","@id":"https:\/\/www.pressenza.com\/it\/2021\/03\/eduardo-montoya-dellecovillaggio-corricelli-la-nonviolenza-e-lunica-cosa-che-potra-salvarci\/","url":"https:\/\/www.pressenza.com\/it\/2021\/03\/eduardo-montoya-dellecovillaggio-corricelli-la-nonviolenza-e-lunica-cosa-che-potra-salvarci\/","name":"Eduardo Montoya dell\u2019Ecovillaggio Corricelli: \u201cLa nonviolenza \u00e8 l\u2019unica cosa che potr\u00e0 salvarci\u201d","isPartOf":{"@id":"https:\/\/www.pressenza.com\/it\/#website"},"primaryImageOfPage":{"@id":"https:\/\/www.pressenza.com\/it\/2021\/03\/eduardo-montoya-dellecovillaggio-corricelli-la-nonviolenza-e-lunica-cosa-che-potra-salvarci\/#primaryimage"},"image":{"@id":"https:\/\/www.pressenza.com\/it\/2021\/03\/eduardo-montoya-dellecovillaggio-corricelli-la-nonviolenza-e-lunica-cosa-che-potra-salvarci\/#primaryimage"},"thumbnailUrl":"https:\/\/www.pressenza.com\/wp-content\/uploads\/2021\/03\/Ecovillaggio-Coricelli.jpg","datePublished":"2021-03-09T17:20:16+00:00","dateModified":"2021-03-09T17:22:41+00:00","description":"Com\u2019\u00e8 nato il progetto dell\u2019Ecovillaggio Corricelli? Corricelli \u00e8 il nome di un piccolo borgo nelle colline vicino a Prato, circondato dai boschi e","breadcrumb":{"@id":"https:\/\/www.pressenza.com\/it\/2021\/03\/eduardo-montoya-dellecovillaggio-corricelli-la-nonviolenza-e-lunica-cosa-che-potra-salvarci\/#breadcrumb"},"inLanguage":"it-IT","potentialAction":[{"@type":"ReadAction","target":["https:\/\/www.pressenza.com\/it\/2021\/03\/eduardo-montoya-dellecovillaggio-corricelli-la-nonviolenza-e-lunica-cosa-che-potra-salvarci\/"]}]},{"@type":"ImageObject","inLanguage":"it-IT","@id":"https:\/\/www.pressenza.com\/it\/2021\/03\/eduardo-montoya-dellecovillaggio-corricelli-la-nonviolenza-e-lunica-cosa-che-potra-salvarci\/#primaryimage","url":"https:\/\/www.pressenza.com\/wp-content\/uploads\/2021\/03\/Ecovillaggio-Coricelli.jpg","contentUrl":"https:\/\/www.pressenza.com\/wp-content\/uploads\/2021\/03\/Ecovillaggio-Coricelli.jpg","width":1452,"height":1089},{"@type":"BreadcrumbList","@id":"https:\/\/www.pressenza.com\/it\/2021\/03\/eduardo-montoya-dellecovillaggio-corricelli-la-nonviolenza-e-lunica-cosa-che-potra-salvarci\/#breadcrumb","itemListElement":[{"@type":"ListItem","position":1,"name":"Accueil","item":"https:\/\/www.pressenza.com\/it\/"},{"@type":"ListItem","position":2,"name":"Eduardo Montoya dell\u2019Ecovillaggio Corricelli: \u201cLa nonviolenza \u00e8 l\u2019unica cosa che potr\u00e0 salvarci\u201d"}]},{"@type":"WebSite","@id":"https:\/\/www.pressenza.com\/it\/#website","url":"https:\/\/www.pressenza.com\/it\/","name":"Pressenza","description":"Agenzia di Stampa Internazionale","publisher":{"@id":"https:\/\/www.pressenza.com\/it\/#organization"},"potentialAction":[{"@type":"SearchAction","target":{"@type":"EntryPoint","urlTemplate":"https:\/\/www.pressenza.com\/it\/?s={search_term_string}"},"query-input":{"@type":"PropertyValueSpecification","valueRequired":true,"valueName":"search_term_string"}}],"inLanguage":"it-IT"},{"@type":"Organization","@id":"https:\/\/www.pressenza.com\/it\/#organization","name":"Pressenza","url":"https:\/\/www.pressenza.com\/it\/","logo":{"@type":"ImageObject","inLanguage":"it-IT","@id":"https:\/\/www.pressenza.com\/it\/#\/schema\/logo\/image\/","url":"https:\/\/www.pressenza.com\/wp-content\/uploads\/2022\/10\/pressenza_logo_200x200.jpg","contentUrl":"https:\/\/www.pressenza.com\/wp-content\/uploads\/2022\/10\/pressenza_logo_200x200.jpg","width":200,"height":200,"caption":"Pressenza"},"image":{"@id":"https:\/\/www.pressenza.com\/it\/#\/schema\/logo\/image\/"},"sameAs":["https:\/\/www.facebook.com\/PressenzaItalia","https:\/\/x.com\/PressenzaIPA"]},{"@type":"Person","@id":"https:\/\/www.pressenza.com\/it\/#\/schema\/person\/f361ce2dfe3d4331d5ae6840551ffe67","name":"Anna Polo","description":"Impegnata per anni nel campo della pace e della nonviolenza, ha fatto parte dell'equipe relazioni della Marcia Mondiale per la Pace e la Nonviolenza e in seguito di Mondo senza guerre e senza violenza. Attualmente partecipa alla redazione italiana di Pressenza e si occupa principalmente del tema migrazioni, pubblicando articoli e interviste e organizzando eventi.","url":"https:\/\/www.pressenza.com\/it\/author\/anna-polo\/"}]}},"place":"","original_article_url":"","_links":{"self":[{"href":"https:\/\/www.pressenza.com\/it\/wp-json\/wp\/v2\/posts\/1315504","targetHints":{"allow":["GET"]}}],"collection":[{"href":"https:\/\/www.pressenza.com\/it\/wp-json\/wp\/v2\/posts"}],"about":[{"href":"https:\/\/www.pressenza.com\/it\/wp-json\/wp\/v2\/types\/post"}],"author":[{"embeddable":true,"href":"https:\/\/www.pressenza.com\/it\/wp-json\/wp\/v2\/users\/500"}],"replies":[{"embeddable":true,"href":"https:\/\/www.pressenza.com\/it\/wp-json\/wp\/v2\/comments?post=1315504"}],"version-history":[{"count":0,"href":"https:\/\/www.pressenza.com\/it\/wp-json\/wp\/v2\/posts\/1315504\/revisions"}],"wp:featuredmedia":[{"embeddable":true,"href":"https:\/\/www.pressenza.com\/it\/wp-json\/wp\/v2\/media\/1315506"}],"wp:attachment":[{"href":"https:\/\/www.pressenza.com\/it\/wp-json\/wp\/v2\/media?parent=1315504"}],"wp:term":[{"taxonomy":"category","embeddable":true,"href":"https:\/\/www.pressenza.com\/it\/wp-json\/wp\/v2\/categories?post=1315504"},{"taxonomy":"post_tag","embeddable":true,"href":"https:\/\/www.pressenza.com\/it\/wp-json\/wp\/v2\/tags?post=1315504"}],"curies":[{"name":"wp","href":"https:\/\/api.w.org\/{rel}","templated":true}]}}