{"id":1315446,"date":"2021-03-09T15:52:34","date_gmt":"2021-03-09T15:52:34","guid":{"rendered":"https:\/\/www.pressenza.com\/?p=1315446"},"modified":"2021-03-09T15:55:49","modified_gmt":"2021-03-09T15:55:49","slug":"il-partito-socialista-unito-del-venezuela-chiede-a-biden-labolizione-del-decreto-di-obama-contro-la-repubblica-bolivariana","status":"publish","type":"post","link":"https:\/\/www.pressenza.com\/it\/2021\/03\/il-partito-socialista-unito-del-venezuela-chiede-a-biden-labolizione-del-decreto-di-obama-contro-la-repubblica-bolivariana\/","title":{"rendered":"Il Partito Socialista Unito del Venezuela chiede a Biden l\u2019abolizione del decreto di Obama contro la Repubblica Bolivariana"},"content":{"rendered":"<p>Il 9 marzo 2015 l&#8217;allora Presidente degli Stati Uniti Barack Obama firm\u00f2 un decreto con il quale dichiar\u00f2 la Repubblica Bolivariana del Venezuela &#8220;una minaccia insolita e straordinaria per la sicurezza nazionale degli Stati Uniti&#8221;.<\/p>\n<p>Questa barbarie esecutiva \u00e8 stata preceduta da una legge approvata nel dicembre 2014, approvata da entrambe le camere del Congresso USA, che \u00e8 servita da base per l&#8217;aumento delle aggressioni contro il Venezuela, per conformarsi alla determinazione imperialista di portare avanti il cambiamento con la forza, il terrorismo, la violenza e le violazioni della libert\u00e0, violando la Costituzione Bolivariana e la democrazia di base che si sta costruendo nel paese caraibico.\u00a0Tale oscurit\u00e0 giuridica, priva di argomenti e unica base per future aggressioni verso il paese dal 2013 ad oggi, \u00e8 stata apertamente ripudiata da milioni di venezuelani, che si sono ispirati ai valori di democrazia, libert\u00e0 e antimperialismo.<\/p>\n<p>\u00c8 proprio in questa circostanza che i militanti del Partito Socialista Unito del Venezuela sono tornati a ricordare che il popolo venezuelano ha affermato con oltre 10 milioni e 500mila firme la propria volont\u00e0 di autodeterminazione e l\u2019opposizione a quel decreto. \u00a0oltre a chiederne l&#8217;abrogazione. Il Presidente della Repubblica Bolivariana del Venezuela, Nicolas Maduro Moros, durante il VI Vertice delle Americhe tenutosi alla Citt\u00e0 di Panama dal 9 al 15 aprile 2015, ne chiese l\u2019abrogazione senza alcun seguito. Oggi questo decreto liberticida ed imperialista vige ancora e legittima il blocco economico e le sanzioni verso il Venezuela Bolivariano.<\/p>\n<p>Appellandosi all&#8217;attuale Presidente degli Stati Uniti Joe Biden, il Partito Socialista Unito del Venezuela e le istituzioni democratiche della Rivoluzione Bolivariana sono tornate ancora una volta a chiedere l\u2019abolizione di questo decreto criminale.<\/p>\n<p>\u201cCon prove sufficienti, abbiamo dimostrato la nostra determinazione a difendere la stabilit\u00e0 e la pace della Repubblica Bolivariana del Venezuela, ratificando la nostra ferma volont\u00e0 di cercare la sconfitta totale di questo piano per la neo- colonizzazione del paese, sventolando le bandiere dell&#8217;instancabile lotta per la libert\u00e0 e autodeterminazione sollevata dal nostro comandante di tutti i tempi Hugo Chavez\u201d \u2013 riporta il comunicato del PSUV.<\/p>\n<p>Gli effetti di questo decreto penale sulle aggressioni e i crimini sono le misure coercitive unilaterali che Washington applica dal 2015 alla Repubblica Bolivariana del Venezuela, denunciate anche dalla capo delegazione delle Nazioni Unite sui Diritti Umani, Alena Douhan, che poco tempo fa ha evidenziato gli effetti catastrofici e devastanti causati da queste misure unilaterali e dal blocco economico imposto dagli Stati Uniti contro il Venezuela. La Douhan aveva sottolineato che le misure unilaterali applicate contro il Venezuela, contro le sue istituzioni e contro i suoi beni all&#8217;estero violano i diritti internazionali. Violano inoltre i diritti del paese di rispondere ai bisogni di un popolo che subisce le conseguenze del blocco applicato dagli Stati Uniti e dai suoi alleati europei, come l&#8217;accesso ai pezzi di ricambio necessari per ripristinare il funzionamento dei macchinari collegati al sistema idrico ed elettrico, con conseguenti effetti negativi sull\u2019igiene personale, sull\u2019alimentazione e sulla salute nel Sistema Sanitario Nazionale gratuito per tutta la popolazione.<\/p>\n<p>Solo l\u2019abolizione di questo decreto potr\u00e0 impedire la legittimazione di una nuova aggressione imperiale nel paese caraibico.<\/p>\n<p>Fonte: <a href=\"http:\/\/www.psuv.org.ve\/wp-content\/uploads\/2021\/03\/EL-PSUV-REPUDIA-LA-EXTENSI%C3%93N-POR-PARTE-DEL-PRESIDENTE-DE-EEUU-JOE-BIDEN-DEL-INFAME-Y-CRIMINAL-DECRETO-DE-OBAMA.-03.03.2021.pdf\">http:\/\/www.psuv.org.ve\/wp-content\/uploads\/2021\/03\/EL-PSUV-REPUDIA-LA-EXTENSI%C3%93N-POR-PARTE-DEL-PRESIDENTE-DE-EEUU-JOE-BIDEN-DEL-INFAME-Y-CRIMINAL-DECRETO-DE-OBAMA.-03.03.2021.pdf<\/a><\/p>\n","protected":false},"excerpt":{"rendered":"<p>Il 9 marzo 2015 l&#8217;allora Presidente degli Stati Uniti Barack Obama firm\u00f2 un decreto con il quale dichiar\u00f2 la Repubblica Bolivariana del Venezuela &#8220;una minaccia insolita e straordinaria per la sicurezza nazionale degli Stati Uniti&#8221;. Questa barbarie esecutiva \u00e8 stata&hellip;<\/p>\n","protected":false},"author":1887,"featured_media":1315447,"comment_status":"closed","ping_status":"closed","sticky":false,"template":"","format":"standard","meta":{"footnotes":""},"categories":[11388,49,55,48],"tags":[23586,27535,6015,62981,88257,25653,54564],"class_list":["post-1315446","post","type-post","status-publish","format-standard","has-post-thumbnail","hentry","category-contenuti-originali","category-nord-america","category-politica","category-sud-america","tag-abrogazione","tag-barak-obama","tag-decreto","tag-joe-biden-it","tag-psuv-it","tag-stati-uniti","tag-venezuela-es-it"],"yoast_head":"<!-- This site is optimized with the Yoast SEO plugin v27.1.1 - https:\/\/yoast.com\/product\/yoast-seo-wordpress\/ -->\n<title>Il Partito Socialista Unito del Venezuela chiede a Biden l\u2019abolizione del decreto di Obama contro la Repubblica Bolivariana<\/title>\n<meta name=\"description\" content=\"Il 9 marzo 2015 l&#039;allora Presidente degli Stati Uniti Barack Obama firm\u00f2 un decreto con il quale dichiar\u00f2 la Repubblica Bolivariana del Venezuela &quot;una\" \/>\n<meta name=\"robots\" content=\"index, follow, max-snippet:-1, max-image-preview:large, max-video-preview:-1\" \/>\n<link rel=\"canonical\" href=\"https:\/\/www.pressenza.com\/it\/2021\/03\/il-partito-socialista-unito-del-venezuela-chiede-a-biden-labolizione-del-decreto-di-obama-contro-la-repubblica-bolivariana\/\" \/>\n<meta property=\"og:locale\" content=\"it_IT\" \/>\n<meta property=\"og:type\" content=\"article\" \/>\n<meta property=\"og:title\" content=\"Il Partito Socialista Unito del Venezuela chiede a Biden l\u2019abolizione del decreto di Obama contro la Repubblica Bolivariana\" \/>\n<meta property=\"og:description\" content=\"Il 9 marzo 2015 l&#039;allora Presidente degli Stati Uniti Barack Obama firm\u00f2 un decreto con il quale dichiar\u00f2 la Repubblica Bolivariana del Venezuela &quot;una\" \/>\n<meta property=\"og:url\" content=\"https:\/\/www.pressenza.com\/it\/2021\/03\/il-partito-socialista-unito-del-venezuela-chiede-a-biden-labolizione-del-decreto-di-obama-contro-la-repubblica-bolivariana\/\" \/>\n<meta property=\"og:site_name\" content=\"Pressenza\" \/>\n<meta property=\"article:publisher\" content=\"https:\/\/www.facebook.com\/PressenzaItalia\" \/>\n<meta property=\"article:published_time\" content=\"2021-03-09T15:52:34+00:00\" \/>\n<meta property=\"article:modified_time\" content=\"2021-03-09T15:55:49+00:00\" \/>\n<meta property=\"og:image\" content=\"https:\/\/www.pressenza.com\/wp-content\/uploads\/2021\/03\/foto-da-Cubadebate-Venezuela.jpg\" \/>\n\t<meta property=\"og:image:width\" content=\"512\" \/>\n\t<meta property=\"og:image:height\" content=\"384\" \/>\n\t<meta property=\"og:image:type\" content=\"image\/jpeg\" \/>\n<meta name=\"author\" content=\"Lorenzo Poli\" \/>\n<meta name=\"twitter:card\" content=\"summary_large_image\" \/>\n<meta name=\"twitter:creator\" content=\"@PressenzaIPA\" \/>\n<meta name=\"twitter:site\" content=\"@PressenzaIPA\" \/>\n<meta name=\"twitter:label1\" content=\"Scritto da\" \/>\n\t<meta name=\"twitter:data1\" content=\"Lorenzo Poli\" \/>\n\t<meta name=\"twitter:label2\" content=\"Tempo di lettura stimato\" \/>\n\t<meta name=\"twitter:data2\" content=\"3 minuti\" \/>\n<script type=\"application\/ld+json\" class=\"yoast-schema-graph\">{\"@context\":\"https:\/\/schema.org\",\"@graph\":[{\"@type\":\"Article\",\"@id\":\"https:\/\/www.pressenza.com\/it\/2021\/03\/il-partito-socialista-unito-del-venezuela-chiede-a-biden-labolizione-del-decreto-di-obama-contro-la-repubblica-bolivariana\/#article\",\"isPartOf\":{\"@id\":\"https:\/\/www.pressenza.com\/it\/2021\/03\/il-partito-socialista-unito-del-venezuela-chiede-a-biden-labolizione-del-decreto-di-obama-contro-la-repubblica-bolivariana\/\"},\"author\":{\"name\":\"Lorenzo Poli\",\"@id\":\"https:\/\/www.pressenza.com\/it\/#\/schema\/person\/83cab62d5aaad28d2ef7c9b71a62926b\"},\"headline\":\"Il Partito Socialista Unito del Venezuela chiede a Biden l\u2019abolizione del decreto di Obama contro la Repubblica Bolivariana\",\"datePublished\":\"2021-03-09T15:52:34+00:00\",\"dateModified\":\"2021-03-09T15:55:49+00:00\",\"mainEntityOfPage\":{\"@id\":\"https:\/\/www.pressenza.com\/it\/2021\/03\/il-partito-socialista-unito-del-venezuela-chiede-a-biden-labolizione-del-decreto-di-obama-contro-la-repubblica-bolivariana\/\"},\"wordCount\":546,\"publisher\":{\"@id\":\"https:\/\/www.pressenza.com\/it\/#organization\"},\"image\":{\"@id\":\"https:\/\/www.pressenza.com\/it\/2021\/03\/il-partito-socialista-unito-del-venezuela-chiede-a-biden-labolizione-del-decreto-di-obama-contro-la-repubblica-bolivariana\/#primaryimage\"},\"thumbnailUrl\":\"https:\/\/www.pressenza.com\/wp-content\/uploads\/2021\/03\/foto-da-Cubadebate-Venezuela.jpg\",\"keywords\":[\"abrogazione\",\"Barak Obama\",\"decreto\",\"Joe Biden\",\"PSUV\",\"Stati Uniti\",\"Venezuela\"],\"articleSection\":[\"contenuti originali\",\"Nord America\",\"Politica\",\"Sud America\"],\"inLanguage\":\"it-IT\"},{\"@type\":\"WebPage\",\"@id\":\"https:\/\/www.pressenza.com\/it\/2021\/03\/il-partito-socialista-unito-del-venezuela-chiede-a-biden-labolizione-del-decreto-di-obama-contro-la-repubblica-bolivariana\/\",\"url\":\"https:\/\/www.pressenza.com\/it\/2021\/03\/il-partito-socialista-unito-del-venezuela-chiede-a-biden-labolizione-del-decreto-di-obama-contro-la-repubblica-bolivariana\/\",\"name\":\"Il Partito Socialista Unito del Venezuela chiede a Biden l\u2019abolizione del decreto di Obama contro la Repubblica Bolivariana\",\"isPartOf\":{\"@id\":\"https:\/\/www.pressenza.com\/it\/#website\"},\"primaryImageOfPage\":{\"@id\":\"https:\/\/www.pressenza.com\/it\/2021\/03\/il-partito-socialista-unito-del-venezuela-chiede-a-biden-labolizione-del-decreto-di-obama-contro-la-repubblica-bolivariana\/#primaryimage\"},\"image\":{\"@id\":\"https:\/\/www.pressenza.com\/it\/2021\/03\/il-partito-socialista-unito-del-venezuela-chiede-a-biden-labolizione-del-decreto-di-obama-contro-la-repubblica-bolivariana\/#primaryimage\"},\"thumbnailUrl\":\"https:\/\/www.pressenza.com\/wp-content\/uploads\/2021\/03\/foto-da-Cubadebate-Venezuela.jpg\",\"datePublished\":\"2021-03-09T15:52:34+00:00\",\"dateModified\":\"2021-03-09T15:55:49+00:00\",\"description\":\"Il 9 marzo 2015 l'allora Presidente degli Stati Uniti Barack Obama firm\u00f2 un decreto con il quale dichiar\u00f2 la Repubblica Bolivariana del Venezuela \\\"una\",\"breadcrumb\":{\"@id\":\"https:\/\/www.pressenza.com\/it\/2021\/03\/il-partito-socialista-unito-del-venezuela-chiede-a-biden-labolizione-del-decreto-di-obama-contro-la-repubblica-bolivariana\/#breadcrumb\"},\"inLanguage\":\"it-IT\",\"potentialAction\":[{\"@type\":\"ReadAction\",\"target\":[\"https:\/\/www.pressenza.com\/it\/2021\/03\/il-partito-socialista-unito-del-venezuela-chiede-a-biden-labolizione-del-decreto-di-obama-contro-la-repubblica-bolivariana\/\"]}]},{\"@type\":\"ImageObject\",\"inLanguage\":\"it-IT\",\"@id\":\"https:\/\/www.pressenza.com\/it\/2021\/03\/il-partito-socialista-unito-del-venezuela-chiede-a-biden-labolizione-del-decreto-di-obama-contro-la-repubblica-bolivariana\/#primaryimage\",\"url\":\"https:\/\/www.pressenza.com\/wp-content\/uploads\/2021\/03\/foto-da-Cubadebate-Venezuela.jpg\",\"contentUrl\":\"https:\/\/www.pressenza.com\/wp-content\/uploads\/2021\/03\/foto-da-Cubadebate-Venezuela.jpg\",\"width\":512,\"height\":384},{\"@type\":\"BreadcrumbList\",\"@id\":\"https:\/\/www.pressenza.com\/it\/2021\/03\/il-partito-socialista-unito-del-venezuela-chiede-a-biden-labolizione-del-decreto-di-obama-contro-la-repubblica-bolivariana\/#breadcrumb\",\"itemListElement\":[{\"@type\":\"ListItem\",\"position\":1,\"name\":\"Accueil\",\"item\":\"https:\/\/www.pressenza.com\/it\/\"},{\"@type\":\"ListItem\",\"position\":2,\"name\":\"Il Partito Socialista Unito del Venezuela chiede a Biden l\u2019abolizione del decreto di Obama contro la Repubblica Bolivariana\"}]},{\"@type\":\"WebSite\",\"@id\":\"https:\/\/www.pressenza.com\/it\/#website\",\"url\":\"https:\/\/www.pressenza.com\/it\/\",\"name\":\"Pressenza\",\"description\":\"Agenzia di Stampa Internazionale\",\"publisher\":{\"@id\":\"https:\/\/www.pressenza.com\/it\/#organization\"},\"potentialAction\":[{\"@type\":\"SearchAction\",\"target\":{\"@type\":\"EntryPoint\",\"urlTemplate\":\"https:\/\/www.pressenza.com\/it\/?s={search_term_string}\"},\"query-input\":{\"@type\":\"PropertyValueSpecification\",\"valueRequired\":true,\"valueName\":\"search_term_string\"}}],\"inLanguage\":\"it-IT\"},{\"@type\":\"Organization\",\"@id\":\"https:\/\/www.pressenza.com\/it\/#organization\",\"name\":\"Pressenza\",\"url\":\"https:\/\/www.pressenza.com\/it\/\",\"logo\":{\"@type\":\"ImageObject\",\"inLanguage\":\"it-IT\",\"@id\":\"https:\/\/www.pressenza.com\/it\/#\/schema\/logo\/image\/\",\"url\":\"https:\/\/www.pressenza.com\/wp-content\/uploads\/2022\/10\/pressenza_logo_200x200.jpg\",\"contentUrl\":\"https:\/\/www.pressenza.com\/wp-content\/uploads\/2022\/10\/pressenza_logo_200x200.jpg\",\"width\":200,\"height\":200,\"caption\":\"Pressenza\"},\"image\":{\"@id\":\"https:\/\/www.pressenza.com\/it\/#\/schema\/logo\/image\/\"},\"sameAs\":[\"https:\/\/www.facebook.com\/PressenzaItalia\",\"https:\/\/x.com\/PressenzaIPA\"]},{\"@type\":\"Person\",\"@id\":\"https:\/\/www.pressenza.com\/it\/#\/schema\/person\/83cab62d5aaad28d2ef7c9b71a62926b\",\"name\":\"Lorenzo Poli\",\"url\":\"https:\/\/www.pressenza.com\/it\/author\/lorenzo-poli\/\"}]}<\/script>\n<!-- \/ Yoast SEO plugin. -->","yoast_head_json":{"title":"Il Partito Socialista Unito del Venezuela chiede a Biden l\u2019abolizione del decreto di Obama contro la Repubblica Bolivariana","description":"Il 9 marzo 2015 l'allora Presidente degli Stati Uniti Barack Obama firm\u00f2 un decreto con il quale dichiar\u00f2 la Repubblica Bolivariana del Venezuela \"una","robots":{"index":"index","follow":"follow","max-snippet":"max-snippet:-1","max-image-preview":"max-image-preview:large","max-video-preview":"max-video-preview:-1"},"canonical":"https:\/\/www.pressenza.com\/it\/2021\/03\/il-partito-socialista-unito-del-venezuela-chiede-a-biden-labolizione-del-decreto-di-obama-contro-la-repubblica-bolivariana\/","og_locale":"it_IT","og_type":"article","og_title":"Il Partito Socialista Unito del Venezuela chiede a Biden l\u2019abolizione del decreto di Obama contro la Repubblica Bolivariana","og_description":"Il 9 marzo 2015 l'allora Presidente degli Stati Uniti Barack Obama firm\u00f2 un decreto con il quale dichiar\u00f2 la Repubblica Bolivariana del Venezuela \"una","og_url":"https:\/\/www.pressenza.com\/it\/2021\/03\/il-partito-socialista-unito-del-venezuela-chiede-a-biden-labolizione-del-decreto-di-obama-contro-la-repubblica-bolivariana\/","og_site_name":"Pressenza","article_publisher":"https:\/\/www.facebook.com\/PressenzaItalia","article_published_time":"2021-03-09T15:52:34+00:00","article_modified_time":"2021-03-09T15:55:49+00:00","og_image":[{"width":512,"height":384,"url":"https:\/\/www.pressenza.com\/wp-content\/uploads\/2021\/03\/foto-da-Cubadebate-Venezuela.jpg","type":"image\/jpeg"}],"author":"Lorenzo Poli","twitter_card":"summary_large_image","twitter_creator":"@PressenzaIPA","twitter_site":"@PressenzaIPA","twitter_misc":{"Scritto da":"Lorenzo Poli","Tempo di lettura stimato":"3 minuti"},"schema":{"@context":"https:\/\/schema.org","@graph":[{"@type":"Article","@id":"https:\/\/www.pressenza.com\/it\/2021\/03\/il-partito-socialista-unito-del-venezuela-chiede-a-biden-labolizione-del-decreto-di-obama-contro-la-repubblica-bolivariana\/#article","isPartOf":{"@id":"https:\/\/www.pressenza.com\/it\/2021\/03\/il-partito-socialista-unito-del-venezuela-chiede-a-biden-labolizione-del-decreto-di-obama-contro-la-repubblica-bolivariana\/"},"author":{"name":"Lorenzo Poli","@id":"https:\/\/www.pressenza.com\/it\/#\/schema\/person\/83cab62d5aaad28d2ef7c9b71a62926b"},"headline":"Il Partito Socialista Unito del Venezuela chiede a Biden l\u2019abolizione del decreto di Obama contro la Repubblica Bolivariana","datePublished":"2021-03-09T15:52:34+00:00","dateModified":"2021-03-09T15:55:49+00:00","mainEntityOfPage":{"@id":"https:\/\/www.pressenza.com\/it\/2021\/03\/il-partito-socialista-unito-del-venezuela-chiede-a-biden-labolizione-del-decreto-di-obama-contro-la-repubblica-bolivariana\/"},"wordCount":546,"publisher":{"@id":"https:\/\/www.pressenza.com\/it\/#organization"},"image":{"@id":"https:\/\/www.pressenza.com\/it\/2021\/03\/il-partito-socialista-unito-del-venezuela-chiede-a-biden-labolizione-del-decreto-di-obama-contro-la-repubblica-bolivariana\/#primaryimage"},"thumbnailUrl":"https:\/\/www.pressenza.com\/wp-content\/uploads\/2021\/03\/foto-da-Cubadebate-Venezuela.jpg","keywords":["abrogazione","Barak Obama","decreto","Joe Biden","PSUV","Stati Uniti","Venezuela"],"articleSection":["contenuti originali","Nord America","Politica","Sud America"],"inLanguage":"it-IT"},{"@type":"WebPage","@id":"https:\/\/www.pressenza.com\/it\/2021\/03\/il-partito-socialista-unito-del-venezuela-chiede-a-biden-labolizione-del-decreto-di-obama-contro-la-repubblica-bolivariana\/","url":"https:\/\/www.pressenza.com\/it\/2021\/03\/il-partito-socialista-unito-del-venezuela-chiede-a-biden-labolizione-del-decreto-di-obama-contro-la-repubblica-bolivariana\/","name":"Il Partito Socialista Unito del Venezuela chiede a Biden l\u2019abolizione del decreto di Obama contro la Repubblica Bolivariana","isPartOf":{"@id":"https:\/\/www.pressenza.com\/it\/#website"},"primaryImageOfPage":{"@id":"https:\/\/www.pressenza.com\/it\/2021\/03\/il-partito-socialista-unito-del-venezuela-chiede-a-biden-labolizione-del-decreto-di-obama-contro-la-repubblica-bolivariana\/#primaryimage"},"image":{"@id":"https:\/\/www.pressenza.com\/it\/2021\/03\/il-partito-socialista-unito-del-venezuela-chiede-a-biden-labolizione-del-decreto-di-obama-contro-la-repubblica-bolivariana\/#primaryimage"},"thumbnailUrl":"https:\/\/www.pressenza.com\/wp-content\/uploads\/2021\/03\/foto-da-Cubadebate-Venezuela.jpg","datePublished":"2021-03-09T15:52:34+00:00","dateModified":"2021-03-09T15:55:49+00:00","description":"Il 9 marzo 2015 l'allora Presidente degli Stati Uniti Barack Obama firm\u00f2 un decreto con il quale dichiar\u00f2 la Repubblica Bolivariana del Venezuela \"una","breadcrumb":{"@id":"https:\/\/www.pressenza.com\/it\/2021\/03\/il-partito-socialista-unito-del-venezuela-chiede-a-biden-labolizione-del-decreto-di-obama-contro-la-repubblica-bolivariana\/#breadcrumb"},"inLanguage":"it-IT","potentialAction":[{"@type":"ReadAction","target":["https:\/\/www.pressenza.com\/it\/2021\/03\/il-partito-socialista-unito-del-venezuela-chiede-a-biden-labolizione-del-decreto-di-obama-contro-la-repubblica-bolivariana\/"]}]},{"@type":"ImageObject","inLanguage":"it-IT","@id":"https:\/\/www.pressenza.com\/it\/2021\/03\/il-partito-socialista-unito-del-venezuela-chiede-a-biden-labolizione-del-decreto-di-obama-contro-la-repubblica-bolivariana\/#primaryimage","url":"https:\/\/www.pressenza.com\/wp-content\/uploads\/2021\/03\/foto-da-Cubadebate-Venezuela.jpg","contentUrl":"https:\/\/www.pressenza.com\/wp-content\/uploads\/2021\/03\/foto-da-Cubadebate-Venezuela.jpg","width":512,"height":384},{"@type":"BreadcrumbList","@id":"https:\/\/www.pressenza.com\/it\/2021\/03\/il-partito-socialista-unito-del-venezuela-chiede-a-biden-labolizione-del-decreto-di-obama-contro-la-repubblica-bolivariana\/#breadcrumb","itemListElement":[{"@type":"ListItem","position":1,"name":"Accueil","item":"https:\/\/www.pressenza.com\/it\/"},{"@type":"ListItem","position":2,"name":"Il Partito Socialista Unito del Venezuela chiede a Biden l\u2019abolizione del decreto di Obama contro la Repubblica Bolivariana"}]},{"@type":"WebSite","@id":"https:\/\/www.pressenza.com\/it\/#website","url":"https:\/\/www.pressenza.com\/it\/","name":"Pressenza","description":"Agenzia di Stampa Internazionale","publisher":{"@id":"https:\/\/www.pressenza.com\/it\/#organization"},"potentialAction":[{"@type":"SearchAction","target":{"@type":"EntryPoint","urlTemplate":"https:\/\/www.pressenza.com\/it\/?s={search_term_string}"},"query-input":{"@type":"PropertyValueSpecification","valueRequired":true,"valueName":"search_term_string"}}],"inLanguage":"it-IT"},{"@type":"Organization","@id":"https:\/\/www.pressenza.com\/it\/#organization","name":"Pressenza","url":"https:\/\/www.pressenza.com\/it\/","logo":{"@type":"ImageObject","inLanguage":"it-IT","@id":"https:\/\/www.pressenza.com\/it\/#\/schema\/logo\/image\/","url":"https:\/\/www.pressenza.com\/wp-content\/uploads\/2022\/10\/pressenza_logo_200x200.jpg","contentUrl":"https:\/\/www.pressenza.com\/wp-content\/uploads\/2022\/10\/pressenza_logo_200x200.jpg","width":200,"height":200,"caption":"Pressenza"},"image":{"@id":"https:\/\/www.pressenza.com\/it\/#\/schema\/logo\/image\/"},"sameAs":["https:\/\/www.facebook.com\/PressenzaItalia","https:\/\/x.com\/PressenzaIPA"]},{"@type":"Person","@id":"https:\/\/www.pressenza.com\/it\/#\/schema\/person\/83cab62d5aaad28d2ef7c9b71a62926b","name":"Lorenzo Poli","url":"https:\/\/www.pressenza.com\/it\/author\/lorenzo-poli\/"}]}},"place":"","original_article_url":"","_links":{"self":[{"href":"https:\/\/www.pressenza.com\/it\/wp-json\/wp\/v2\/posts\/1315446","targetHints":{"allow":["GET"]}}],"collection":[{"href":"https:\/\/www.pressenza.com\/it\/wp-json\/wp\/v2\/posts"}],"about":[{"href":"https:\/\/www.pressenza.com\/it\/wp-json\/wp\/v2\/types\/post"}],"author":[{"embeddable":true,"href":"https:\/\/www.pressenza.com\/it\/wp-json\/wp\/v2\/users\/1887"}],"replies":[{"embeddable":true,"href":"https:\/\/www.pressenza.com\/it\/wp-json\/wp\/v2\/comments?post=1315446"}],"version-history":[{"count":0,"href":"https:\/\/www.pressenza.com\/it\/wp-json\/wp\/v2\/posts\/1315446\/revisions"}],"wp:featuredmedia":[{"embeddable":true,"href":"https:\/\/www.pressenza.com\/it\/wp-json\/wp\/v2\/media\/1315447"}],"wp:attachment":[{"href":"https:\/\/www.pressenza.com\/it\/wp-json\/wp\/v2\/media?parent=1315446"}],"wp:term":[{"taxonomy":"category","embeddable":true,"href":"https:\/\/www.pressenza.com\/it\/wp-json\/wp\/v2\/categories?post=1315446"},{"taxonomy":"post_tag","embeddable":true,"href":"https:\/\/www.pressenza.com\/it\/wp-json\/wp\/v2\/tags?post=1315446"}],"curies":[{"name":"wp","href":"https:\/\/api.w.org\/{rel}","templated":true}]}}