{"id":1306258,"date":"2021-02-27T17:53:39","date_gmt":"2021-02-27T17:53:39","guid":{"rendered":"https:\/\/www.pressenza.com\/?p=1306258"},"modified":"2021-02-27T18:06:44","modified_gmt":"2021-02-27T18:06:44","slug":"e-se-provassimo","status":"publish","type":"post","link":"https:\/\/www.pressenza.com\/it\/2021\/02\/e-se-provassimo\/","title":{"rendered":"E se provassimo?"},"content":{"rendered":"<p>La civilt\u00e0 industriale \u00e8 un fenomeno incompatibile con il Sistema pi\u00f9 grande di cui fa parte, cio\u00e8 con il Sistema Biologico Terrestre, o con l\u2019Ecosfera, o con la Terra stessa. <em>Sostenibili<\/em> sono soltanto i processi che non alterano il funzionamento del Sistema pi\u00f9 grande di cui fanno parte. Quasi nessun processo della nostra civilt\u00e0 ha questa caratteristica. Quindi la civilt\u00e0 industriale (se volete, la \u201ccrescita\u201d) ne ha per poco.<\/p>\n<p>Il Covid-19 potrebbe essere il fattore scatenante della sua fine. Gi\u00e0 si comincia a sospettare che i vaccini non faranno terminare la pandemia, infatti le mutazioni del virus sono rapidissime: fra poco qualche virus mutato si far\u00e0 la doccia con il vaccino. Le somministrazioni a macchia di leopardo non fanno che favorire le mutazioni.<\/p>\n<p>Il Covid-19 ha tutta l\u2019aria di un mezzo con cui la Terra, che \u00e8 un Organismo, cerca di difendersi dal suo male, la crescita economica, che sta distruggendo la Vita, alterandone pesantemente i cicli essenziali. Che il Grande Organismo sia cosciente o no, a questi effetti non ha alcuna importanza. Anche noi non siamo coscienti di quanto il nostro sistema immunitario sta facendo per tenerci in vita.<\/p>\n<p>Le autorit\u00e0 hanno chiuso le scuole, vietato le conferenze, gli scambi di idee, i ritrovi, la convivialit\u00e0, gli scambi culturali, gli incontri piacevoli, i cinema, gli sport amatoriali, le passeggiate nei boschi: tutto ci\u00f2 che \u00e8 cultura, o divertimento.<\/p>\n<p>E se provassimo invece a riaprire tutto ci\u00f2 che \u201cdiverte\u201d e ci rende la vita piacevole? Proviamo a riaprire tutto, soprattutto le scuole, e chiudere invece le fabbriche, le grandi industrie, e tutto ci\u00f2 che \u00e8 \u201cproduzione\u201d, o che sa di competizione, graduatorie, primati, partite, campionati, corse a \u201dchi arriva prima\u201d: tutta roba che \u00e8 rimasta in piena attivit\u00e0. Il campionato di calcio non si pu\u00f2 fermare, le scuole invece si possono chiudere!! Poi destineremo i vari \u201cristori\u201d e gli aiuti di ogni genere ai dipendenti delle fabbriche chiuse. Ci sar\u00e0 anche da ripristinare: far tornare verdi le aree dove giacevano le grandi industrie, Porto Marghera, Mantova, Gioia Tauro, Piombino, Taranto, la ex-Fiat e cos\u00ec via. Proviamo a de-industrializzare l\u2019Italia. Chiudiamo le multinazionali. Abbandoniamo l\u2019economia. Se calano le macchine, tanto meglio. Chiss\u00e0, magari siamo pi\u00f9 contenti,\u2026e il virus si calma. La scienza \u201cufficiale\u201d, cio\u00e8 quella che viene divulgata, trover\u00e0 da ridire, ma quella scienza ha una grave limitazione: \u00e8 ancora cartesiana, riconosce reale soltanto la materia.<\/p>\n<p>Facciamo rivivere la cultura e proviamo a uscire progressivamente dalla civilt\u00e0 industriale, magari potremmo essere un grande esempio per tutto il mondo. Faremo a meno del \u201cmercato globale\u201d, della competizione, poi anche del denaro stesso. Cos\u00ec torneremo \u201calla normalit\u00e0\u201d, che \u00e8 quella degli ultimi milioni di anni, non quella degli ultimi due secoli, o degli ultimi decenni. Potremmo anche cambiare quell\u2019articolo uno, che diventerebbe \u201cL\u2019Italia \u00e8 una\u00a0 Repubblica fondata sul Mondo Naturale\u201d.<\/p>\n<p>Questo elenco di utopie \u00e8 terminato. Ma oggi solo nell\u2019utopia sta la speranza.<\/p>\n<p>Un articolo dello scienziato italiano Adriano Buzzati-Traverso (1913-1983), pubblicato sul <em>Corriere della Sera <\/em>circa 50 anni fa, finiva cos\u00ec:<\/p>\n<p><strong>\u00a0 Il periodo di rapida crescita della popolazione e dell\u2019industria prevalso negli ultimi secoli, invece di venir considerato come condizione naturale e capace di durare indefinitamente, apparir\u00e0 come una delle fasi pi\u00f9 anormali nella storia dell\u2019umanit\u00e0.<\/strong><\/p>\n<p>&nbsp;<\/p>\n<p><strong><em>Guido Dalla Casa, <\/em><\/strong>Febbraio 2021<\/p>\n","protected":false},"excerpt":{"rendered":"<p>La civilt\u00e0 industriale \u00e8 un fenomeno incompatibile con il Sistema pi\u00f9 grande di cui fa parte, cio\u00e8 con il Sistema Biologico Terrestre, o con l\u2019Ecosfera, o con la Terra stessa. Sostenibili sono soltanto i processi che non alterano il funzionamento&hellip;<\/p>\n","protected":false},"author":594,"featured_media":1184222,"comment_status":"closed","ping_status":"closed","sticky":false,"template":"","format":"standard","meta":{"footnotes":""},"categories":[59,162],"tags":[87718,13866,671,3011,5095],"class_list":["post-1306258","post","type-post","status-publish","format-standard","has-post-thumbnail","hentry","category-ambiente-ecologia","category-opinioni","tag-civilta-industriale","tag-cultura-16","tag-decrescita","tag-scuola","tag-sostenibilita"],"yoast_head":"<!-- This site is optimized with the Yoast SEO plugin v27.1.1 - https:\/\/yoast.com\/product\/yoast-seo-wordpress\/ -->\n<title>E se provassimo?<\/title>\n<meta name=\"description\" content=\"La civilt\u00e0 industriale \u00e8 un fenomeno incompatibile con il Sistema pi\u00f9 grande di cui fa parte, cio\u00e8 con il Sistema Biologico Terrestre, o con l\u2019Ecosfera, o\" \/>\n<meta name=\"robots\" content=\"index, follow, max-snippet:-1, max-image-preview:large, max-video-preview:-1\" \/>\n<link rel=\"canonical\" href=\"https:\/\/www.pressenza.com\/it\/2021\/02\/e-se-provassimo\/\" \/>\n<meta property=\"og:locale\" content=\"it_IT\" \/>\n<meta property=\"og:type\" content=\"article\" \/>\n<meta property=\"og:title\" content=\"E se provassimo?\" \/>\n<meta property=\"og:description\" content=\"La civilt\u00e0 industriale \u00e8 un fenomeno incompatibile con il Sistema pi\u00f9 grande di cui fa parte, cio\u00e8 con il Sistema Biologico Terrestre, o con l\u2019Ecosfera, o\" \/>\n<meta property=\"og:url\" content=\"https:\/\/www.pressenza.com\/it\/2021\/02\/e-se-provassimo\/\" \/>\n<meta property=\"og:site_name\" content=\"Pressenza\" \/>\n<meta property=\"article:publisher\" content=\"https:\/\/www.facebook.com\/PressenzaItalia\" \/>\n<meta property=\"article:author\" content=\"https:\/\/www.facebook.com\/PressenzaItalia\" \/>\n<meta property=\"article:published_time\" content=\"2021-02-27T17:53:39+00:00\" \/>\n<meta property=\"article:modified_time\" content=\"2021-02-27T18:06:44+00:00\" \/>\n<meta property=\"og:image\" content=\"https:\/\/www.pressenza.com\/wp-content\/uploads\/2020\/08\/gaia-salviamo-la-terra.jpg\" \/>\n\t<meta property=\"og:image:width\" content=\"700\" \/>\n\t<meta property=\"og:image:height\" content=\"400\" \/>\n\t<meta property=\"og:image:type\" content=\"image\/jpeg\" \/>\n<meta name=\"author\" content=\"Redazione Italia\" \/>\n<meta name=\"twitter:card\" content=\"summary_large_image\" \/>\n<meta name=\"twitter:creator\" content=\"@pressenza_it\" \/>\n<meta name=\"twitter:site\" content=\"@PressenzaIPA\" \/>\n<meta name=\"twitter:label1\" content=\"Scritto da\" \/>\n\t<meta name=\"twitter:data1\" content=\"Redazione Italia\" \/>\n\t<meta name=\"twitter:label2\" content=\"Tempo di lettura stimato\" \/>\n\t<meta name=\"twitter:data2\" content=\"3 minuti\" \/>\n<script type=\"application\/ld+json\" class=\"yoast-schema-graph\">{\"@context\":\"https:\/\/schema.org\",\"@graph\":[{\"@type\":\"Article\",\"@id\":\"https:\/\/www.pressenza.com\/it\/2021\/02\/e-se-provassimo\/#article\",\"isPartOf\":{\"@id\":\"https:\/\/www.pressenza.com\/it\/2021\/02\/e-se-provassimo\/\"},\"author\":{\"name\":\"Redazione Italia\",\"@id\":\"https:\/\/www.pressenza.com\/it\/#\/schema\/person\/d983e81827ae24f2c7b1a2123d197f8d\"},\"headline\":\"E se provassimo?\",\"datePublished\":\"2021-02-27T17:53:39+00:00\",\"dateModified\":\"2021-02-27T18:06:44+00:00\",\"mainEntityOfPage\":{\"@id\":\"https:\/\/www.pressenza.com\/it\/2021\/02\/e-se-provassimo\/\"},\"wordCount\":542,\"publisher\":{\"@id\":\"https:\/\/www.pressenza.com\/it\/#organization\"},\"image\":{\"@id\":\"https:\/\/www.pressenza.com\/it\/2021\/02\/e-se-provassimo\/#primaryimage\"},\"thumbnailUrl\":\"https:\/\/www.pressenza.com\/wp-content\/uploads\/2020\/08\/gaia-salviamo-la-terra.jpg\",\"keywords\":[\"civilt\u00e0 industriale\",\"cultura\",\"decrescita\",\"scuola\",\"sostenibilit\u00e0\"],\"articleSection\":[\"Ecologia ed Ambiente\",\"Opinioni\"],\"inLanguage\":\"it-IT\"},{\"@type\":\"WebPage\",\"@id\":\"https:\/\/www.pressenza.com\/it\/2021\/02\/e-se-provassimo\/\",\"url\":\"https:\/\/www.pressenza.com\/it\/2021\/02\/e-se-provassimo\/\",\"name\":\"E se provassimo?\",\"isPartOf\":{\"@id\":\"https:\/\/www.pressenza.com\/it\/#website\"},\"primaryImageOfPage\":{\"@id\":\"https:\/\/www.pressenza.com\/it\/2021\/02\/e-se-provassimo\/#primaryimage\"},\"image\":{\"@id\":\"https:\/\/www.pressenza.com\/it\/2021\/02\/e-se-provassimo\/#primaryimage\"},\"thumbnailUrl\":\"https:\/\/www.pressenza.com\/wp-content\/uploads\/2020\/08\/gaia-salviamo-la-terra.jpg\",\"datePublished\":\"2021-02-27T17:53:39+00:00\",\"dateModified\":\"2021-02-27T18:06:44+00:00\",\"description\":\"La civilt\u00e0 industriale \u00e8 un fenomeno incompatibile con il Sistema pi\u00f9 grande di cui fa parte, cio\u00e8 con il Sistema Biologico Terrestre, o con l\u2019Ecosfera, o\",\"breadcrumb\":{\"@id\":\"https:\/\/www.pressenza.com\/it\/2021\/02\/e-se-provassimo\/#breadcrumb\"},\"inLanguage\":\"it-IT\",\"potentialAction\":[{\"@type\":\"ReadAction\",\"target\":[\"https:\/\/www.pressenza.com\/it\/2021\/02\/e-se-provassimo\/\"]}]},{\"@type\":\"ImageObject\",\"inLanguage\":\"it-IT\",\"@id\":\"https:\/\/www.pressenza.com\/it\/2021\/02\/e-se-provassimo\/#primaryimage\",\"url\":\"https:\/\/www.pressenza.com\/wp-content\/uploads\/2020\/08\/gaia-salviamo-la-terra.jpg\",\"contentUrl\":\"https:\/\/www.pressenza.com\/wp-content\/uploads\/2020\/08\/gaia-salviamo-la-terra.jpg\",\"width\":700,\"height\":400},{\"@type\":\"BreadcrumbList\",\"@id\":\"https:\/\/www.pressenza.com\/it\/2021\/02\/e-se-provassimo\/#breadcrumb\",\"itemListElement\":[{\"@type\":\"ListItem\",\"position\":1,\"name\":\"Accueil\",\"item\":\"https:\/\/www.pressenza.com\/it\/\"},{\"@type\":\"ListItem\",\"position\":2,\"name\":\"E se provassimo?\"}]},{\"@type\":\"WebSite\",\"@id\":\"https:\/\/www.pressenza.com\/it\/#website\",\"url\":\"https:\/\/www.pressenza.com\/it\/\",\"name\":\"Pressenza\",\"description\":\"Agenzia di Stampa Internazionale\",\"publisher\":{\"@id\":\"https:\/\/www.pressenza.com\/it\/#organization\"},\"potentialAction\":[{\"@type\":\"SearchAction\",\"target\":{\"@type\":\"EntryPoint\",\"urlTemplate\":\"https:\/\/www.pressenza.com\/it\/?s={search_term_string}\"},\"query-input\":{\"@type\":\"PropertyValueSpecification\",\"valueRequired\":true,\"valueName\":\"search_term_string\"}}],\"inLanguage\":\"it-IT\"},{\"@type\":\"Organization\",\"@id\":\"https:\/\/www.pressenza.com\/it\/#organization\",\"name\":\"Pressenza\",\"url\":\"https:\/\/www.pressenza.com\/it\/\",\"logo\":{\"@type\":\"ImageObject\",\"inLanguage\":\"it-IT\",\"@id\":\"https:\/\/www.pressenza.com\/it\/#\/schema\/logo\/image\/\",\"url\":\"https:\/\/www.pressenza.com\/wp-content\/uploads\/2022\/10\/pressenza_logo_200x200.jpg\",\"contentUrl\":\"https:\/\/www.pressenza.com\/wp-content\/uploads\/2022\/10\/pressenza_logo_200x200.jpg\",\"width\":200,\"height\":200,\"caption\":\"Pressenza\"},\"image\":{\"@id\":\"https:\/\/www.pressenza.com\/it\/#\/schema\/logo\/image\/\"},\"sameAs\":[\"https:\/\/www.facebook.com\/PressenzaItalia\",\"https:\/\/x.com\/PressenzaIPA\"]},{\"@type\":\"Person\",\"@id\":\"https:\/\/www.pressenza.com\/it\/#\/schema\/person\/d983e81827ae24f2c7b1a2123d197f8d\",\"name\":\"Redazione Italia\",\"description\":\"News from the Pressenza Bureau in Italy\",\"sameAs\":[\"https:\/\/www.pressenza.com\/it\/author\/redazione-italia\/\",\"https:\/\/www.facebook.com\/PressenzaItalia\",\"https:\/\/www.instagram.com\/pressenza_italia\/\",\"https:\/\/x.com\/pressenza_it\",\"https:\/\/www.youtube.com\/channel\/UCSalEIWjE1RSxkwjfftFuqg\"],\"url\":\"https:\/\/www.pressenza.com\/it\/author\/redazione-italia\/\"}]}<\/script>\n<!-- \/ Yoast SEO plugin. -->","yoast_head_json":{"title":"E se provassimo?","description":"La civilt\u00e0 industriale \u00e8 un fenomeno incompatibile con il Sistema pi\u00f9 grande di cui fa parte, cio\u00e8 con il Sistema Biologico Terrestre, o con l\u2019Ecosfera, o","robots":{"index":"index","follow":"follow","max-snippet":"max-snippet:-1","max-image-preview":"max-image-preview:large","max-video-preview":"max-video-preview:-1"},"canonical":"https:\/\/www.pressenza.com\/it\/2021\/02\/e-se-provassimo\/","og_locale":"it_IT","og_type":"article","og_title":"E se provassimo?","og_description":"La civilt\u00e0 industriale \u00e8 un fenomeno incompatibile con il Sistema pi\u00f9 grande di cui fa parte, cio\u00e8 con il Sistema Biologico Terrestre, o con l\u2019Ecosfera, o","og_url":"https:\/\/www.pressenza.com\/it\/2021\/02\/e-se-provassimo\/","og_site_name":"Pressenza","article_publisher":"https:\/\/www.facebook.com\/PressenzaItalia","article_author":"https:\/\/www.facebook.com\/PressenzaItalia","article_published_time":"2021-02-27T17:53:39+00:00","article_modified_time":"2021-02-27T18:06:44+00:00","og_image":[{"width":700,"height":400,"url":"https:\/\/www.pressenza.com\/wp-content\/uploads\/2020\/08\/gaia-salviamo-la-terra.jpg","type":"image\/jpeg"}],"author":"Redazione Italia","twitter_card":"summary_large_image","twitter_creator":"@pressenza_it","twitter_site":"@PressenzaIPA","twitter_misc":{"Scritto da":"Redazione Italia","Tempo di lettura stimato":"3 minuti"},"schema":{"@context":"https:\/\/schema.org","@graph":[{"@type":"Article","@id":"https:\/\/www.pressenza.com\/it\/2021\/02\/e-se-provassimo\/#article","isPartOf":{"@id":"https:\/\/www.pressenza.com\/it\/2021\/02\/e-se-provassimo\/"},"author":{"name":"Redazione Italia","@id":"https:\/\/www.pressenza.com\/it\/#\/schema\/person\/d983e81827ae24f2c7b1a2123d197f8d"},"headline":"E se provassimo?","datePublished":"2021-02-27T17:53:39+00:00","dateModified":"2021-02-27T18:06:44+00:00","mainEntityOfPage":{"@id":"https:\/\/www.pressenza.com\/it\/2021\/02\/e-se-provassimo\/"},"wordCount":542,"publisher":{"@id":"https:\/\/www.pressenza.com\/it\/#organization"},"image":{"@id":"https:\/\/www.pressenza.com\/it\/2021\/02\/e-se-provassimo\/#primaryimage"},"thumbnailUrl":"https:\/\/www.pressenza.com\/wp-content\/uploads\/2020\/08\/gaia-salviamo-la-terra.jpg","keywords":["civilt\u00e0 industriale","cultura","decrescita","scuola","sostenibilit\u00e0"],"articleSection":["Ecologia ed Ambiente","Opinioni"],"inLanguage":"it-IT"},{"@type":"WebPage","@id":"https:\/\/www.pressenza.com\/it\/2021\/02\/e-se-provassimo\/","url":"https:\/\/www.pressenza.com\/it\/2021\/02\/e-se-provassimo\/","name":"E se provassimo?","isPartOf":{"@id":"https:\/\/www.pressenza.com\/it\/#website"},"primaryImageOfPage":{"@id":"https:\/\/www.pressenza.com\/it\/2021\/02\/e-se-provassimo\/#primaryimage"},"image":{"@id":"https:\/\/www.pressenza.com\/it\/2021\/02\/e-se-provassimo\/#primaryimage"},"thumbnailUrl":"https:\/\/www.pressenza.com\/wp-content\/uploads\/2020\/08\/gaia-salviamo-la-terra.jpg","datePublished":"2021-02-27T17:53:39+00:00","dateModified":"2021-02-27T18:06:44+00:00","description":"La civilt\u00e0 industriale \u00e8 un fenomeno incompatibile con il Sistema pi\u00f9 grande di cui fa parte, cio\u00e8 con il Sistema Biologico Terrestre, o con l\u2019Ecosfera, o","breadcrumb":{"@id":"https:\/\/www.pressenza.com\/it\/2021\/02\/e-se-provassimo\/#breadcrumb"},"inLanguage":"it-IT","potentialAction":[{"@type":"ReadAction","target":["https:\/\/www.pressenza.com\/it\/2021\/02\/e-se-provassimo\/"]}]},{"@type":"ImageObject","inLanguage":"it-IT","@id":"https:\/\/www.pressenza.com\/it\/2021\/02\/e-se-provassimo\/#primaryimage","url":"https:\/\/www.pressenza.com\/wp-content\/uploads\/2020\/08\/gaia-salviamo-la-terra.jpg","contentUrl":"https:\/\/www.pressenza.com\/wp-content\/uploads\/2020\/08\/gaia-salviamo-la-terra.jpg","width":700,"height":400},{"@type":"BreadcrumbList","@id":"https:\/\/www.pressenza.com\/it\/2021\/02\/e-se-provassimo\/#breadcrumb","itemListElement":[{"@type":"ListItem","position":1,"name":"Accueil","item":"https:\/\/www.pressenza.com\/it\/"},{"@type":"ListItem","position":2,"name":"E se provassimo?"}]},{"@type":"WebSite","@id":"https:\/\/www.pressenza.com\/it\/#website","url":"https:\/\/www.pressenza.com\/it\/","name":"Pressenza","description":"Agenzia di Stampa Internazionale","publisher":{"@id":"https:\/\/www.pressenza.com\/it\/#organization"},"potentialAction":[{"@type":"SearchAction","target":{"@type":"EntryPoint","urlTemplate":"https:\/\/www.pressenza.com\/it\/?s={search_term_string}"},"query-input":{"@type":"PropertyValueSpecification","valueRequired":true,"valueName":"search_term_string"}}],"inLanguage":"it-IT"},{"@type":"Organization","@id":"https:\/\/www.pressenza.com\/it\/#organization","name":"Pressenza","url":"https:\/\/www.pressenza.com\/it\/","logo":{"@type":"ImageObject","inLanguage":"it-IT","@id":"https:\/\/www.pressenza.com\/it\/#\/schema\/logo\/image\/","url":"https:\/\/www.pressenza.com\/wp-content\/uploads\/2022\/10\/pressenza_logo_200x200.jpg","contentUrl":"https:\/\/www.pressenza.com\/wp-content\/uploads\/2022\/10\/pressenza_logo_200x200.jpg","width":200,"height":200,"caption":"Pressenza"},"image":{"@id":"https:\/\/www.pressenza.com\/it\/#\/schema\/logo\/image\/"},"sameAs":["https:\/\/www.facebook.com\/PressenzaItalia","https:\/\/x.com\/PressenzaIPA"]},{"@type":"Person","@id":"https:\/\/www.pressenza.com\/it\/#\/schema\/person\/d983e81827ae24f2c7b1a2123d197f8d","name":"Redazione Italia","description":"News from the Pressenza Bureau in Italy","sameAs":["https:\/\/www.pressenza.com\/it\/author\/redazione-italia\/","https:\/\/www.facebook.com\/PressenzaItalia","https:\/\/www.instagram.com\/pressenza_italia\/","https:\/\/x.com\/pressenza_it","https:\/\/www.youtube.com\/channel\/UCSalEIWjE1RSxkwjfftFuqg"],"url":"https:\/\/www.pressenza.com\/it\/author\/redazione-italia\/"}]}},"place":"Guido Dalla Casa","original_article_url":"","_links":{"self":[{"href":"https:\/\/www.pressenza.com\/it\/wp-json\/wp\/v2\/posts\/1306258","targetHints":{"allow":["GET"]}}],"collection":[{"href":"https:\/\/www.pressenza.com\/it\/wp-json\/wp\/v2\/posts"}],"about":[{"href":"https:\/\/www.pressenza.com\/it\/wp-json\/wp\/v2\/types\/post"}],"author":[{"embeddable":true,"href":"https:\/\/www.pressenza.com\/it\/wp-json\/wp\/v2\/users\/594"}],"replies":[{"embeddable":true,"href":"https:\/\/www.pressenza.com\/it\/wp-json\/wp\/v2\/comments?post=1306258"}],"version-history":[{"count":0,"href":"https:\/\/www.pressenza.com\/it\/wp-json\/wp\/v2\/posts\/1306258\/revisions"}],"wp:featuredmedia":[{"embeddable":true,"href":"https:\/\/www.pressenza.com\/it\/wp-json\/wp\/v2\/media\/1184222"}],"wp:attachment":[{"href":"https:\/\/www.pressenza.com\/it\/wp-json\/wp\/v2\/media?parent=1306258"}],"wp:term":[{"taxonomy":"category","embeddable":true,"href":"https:\/\/www.pressenza.com\/it\/wp-json\/wp\/v2\/categories?post=1306258"},{"taxonomy":"post_tag","embeddable":true,"href":"https:\/\/www.pressenza.com\/it\/wp-json\/wp\/v2\/tags?post=1306258"}],"curies":[{"name":"wp","href":"https:\/\/api.w.org\/{rel}","templated":true}]}}