{"id":1302236,"date":"2021-02-21T19:15:35","date_gmt":"2021-02-21T19:15:35","guid":{"rendered":"https:\/\/www.pressenza.com\/?p=1302236"},"modified":"2021-03-01T14:03:39","modified_gmt":"2021-03-01T14:03:39","slug":"turchia-le-universita-italiane-in-sostegno-degli-studenti-e-colleghi-delluniversita-bogazici","status":"publish","type":"post","link":"https:\/\/www.pressenza.com\/it\/2021\/02\/turchia-le-universita-italiane-in-sostegno-degli-studenti-e-colleghi-delluniversita-bogazici\/","title":{"rendered":"Turchia | Le universit\u00e0 italiane in sostegno degli studenti e colleghi dell&#8217;Universit\u00e0 Bo\u011fazi\u00e7i"},"content":{"rendered":"<p><em><span style=\"font-weight: 400;\">&#8220;\u00c8<\/span><span style=\"font-weight: 400;\"> con grande preoccupazione che noi, docenti di varie Universit\u00e0 italiane, osserviamo le pesanti limitazioni imposte negli ultimi anni alla libert\u00e0 di espressione e all\u2019autonomia accademica in Turchia e soprattutto i recenti sviluppi all\u2019Universit\u00e0 <\/span><span style=\"font-weight: 400;\">Bo<\/span><span style=\"font-weight: 400;\">\u011f<\/span><span style=\"font-weight: 400;\">azi\u00e7i di Istanbul.\u00a0<\/span><\/em><\/p>\n<p><em><span style=\"font-weight: 400;\">Per molti anni, l\u2019ateneo Bo<\/span><span style=\"font-weight: 400;\">\u011f<\/span><span style=\"font-weight: 400;\">azi\u00e7i \u00e8 stato un esempio di gestione democratica e di indipendenza scientifica. La nomina politica di un rettore esterno, decisa dal governo contro la volont\u00e0 degli studenti e del corpo docente nel gennaio 2021, e le misure repressive contro individui e gruppi che criticano l\u2019imposizione, violano gravemente il diritto all\u2019autodeterminazione universitaria e riducono severamente la libert\u00e0 accademica in Turchia.<\/span><\/em><\/p>\n<p><em><span style=\"font-weight: 400;\">Esprimiamo perci\u00f2 anche noi, come tanti colleghi in vari paesi, la nostra solidariet\u00e0 agli studenti e studentesse e agli studiosi dell\u2019Universit\u00e0 <\/span><span style=\"font-weight: 400;\">Bo<\/span><span style=\"font-weight: 400;\">\u011f<\/span><span style=\"font-weight: 400;\">azi\u00e7i<\/span><span style=\"font-weight: 400;\"> che protestano contro tali violazioni, condanniamo le misure repressive contro di loro, e sosteniamo la loro richiesta per il mantenimento delle strutture democratiche dell\u2019ateneo e il ripristino dell\u2019autonomia accademica.&#8221;<\/span><\/em><\/p>\n<p>&nbsp;<\/p>\n<p><strong>Firmatari<\/strong><\/p>\n<p>Giuseppe Acconcia, Universit\u00e0 di Padova<br \/>\nDavid Armando, CNR<br \/>\nAndrea Barenghi, Universit\u00e0 del Molise<br \/>\nFrancesco Bartolini, Universit\u00e0 di Macerata<br \/>\nMaria Beltramini, Universit\u00e0 di Roma Tor Vergata<br \/>\nSimone Betti, Universit\u00e0 di Macerata<br \/>\nLucio Biasiori, Universit\u00e0 di Padova<br \/>\nAndrea Bollati, Universit\u00e0 Roma Tre<br \/>\nElena Bonora, Universit\u00e0 di Parma<br \/>\nBenedetta Borello, Universit\u00e0 di Cassino<br \/>\nAndrea Bruschi, Sapienza Universit\u00e0 di Roma<br \/>\nRoberta Calvano, Unitelma Sapienza<br \/>\nGiovanna Capitelli, Universit\u00e0 Roma Tre<br \/>\nGiuseppe Capriotti, Universit\u00e0 di Macerata<br \/>\nRonald Car, Universit\u00e0 di Macerata<br \/>\nEmanuela Carb\u00e9, Universit\u00e0 di Siena<br \/>\nFrancesco Careri, Universit\u00e0 Roma Tre<br \/>\nAlessio Cavicchi, Universit\u00e0 di Macerata<br \/>\nSveva Corrado, Universit\u00e0 Roma Tre<br \/>\nPietro D\u2019Ancona, Sapienza Universit\u00e0 di Roma<br \/>\nEmanuela De Cecco, Universit\u00e0 di Bolzano<br \/>\nAntonella Del Prete, Universit\u00e0 della Tuscia<br \/>\nGuido De Palma, Sapienza Universit\u00e0 di Roma<br \/>\nDaniela Di Bae, Sapienza Universit\u00e0 di Roma<br \/>\nSerena Di Nepi, Sapienza Universit\u00e0 di Roma<br \/>\nPatrizia Dragoni, Universit\u00e0 di Macerata<br \/>\nAndrea Fantin, Universit\u00e0 di Bologna<br \/>\nMarilena Fatigante, Sapienza Universit\u00e0 di Roma<br \/>\nIda Fazio, Universit\u00e0 di Palermo<br \/>\nSimona Feci, Universit\u00e0 di Palermo<br \/>\nAlessandra Fermani, Universit\u00e0 di Macerata<br \/>\nRoberto Finelli, Universit\u00e0 Roma Tre<br \/>\nVittoria Fiorelli, Universit\u00e0 Suor Orsola Benincasa<br \/>\nAlfonso Giancotti, Sapienza Universit\u00e0 di Roma<br \/>\nTeresa Gigliozzi, Universit\u00e0 di Macerata<br \/>\nGuido Giordano, Universit\u00e0 Roma Tre<br \/>\nClaudio Giunta, Universit\u00e0 di Trento<br \/>\nLaura Iamurri, Universit\u00e0 Roma Tre<br \/>\nLorenzo Imbesi, Sapienza Universit\u00e0 di Roma<br \/>\nFabio Lanfranchi, Sapienza Universit\u00e0 di Roma<br \/>\nVincenzo Lavenia, Universit\u00e0 di Bologna<br \/>\nSilvia Mantini, Universit\u00e0 dell\u2019Aquila<br \/>\nCarlo Mantegazza, Universit\u00e0 di Napoli, Federico II<br \/>\nSilvia Marinozzi, Sapienza Universit\u00e0 di Roma<br \/>\nSusanne A. Meyer, Universit\u00e0 di Macerata<br \/>\nIlaria Miarelli Mariani, Universit\u00e0 di Chieti-Pescara G. d\u2019Annunzio<br \/>\nGiancarlo Monina, Universit\u00e0 Roma Tre<br \/>\nTomaso Montanari, Universit\u00e0 per Stranieri di Siena<br \/>\nLuca Montuori, Universit\u00e0 Roma Tre<br \/>\nUmberto Moscatelli, Universit\u00e0 di Macerata<br \/>\nFranco Motta, Universit\u00e0 di Torino<br \/>\nLara Nicolini, Universit\u00e0 di Genova<br \/>\nAchille Schiavone &#8211; Universit\u00e0 degli Studi di Torino<br \/>\nRaffaella Niro, Universit\u00e0 di Macerata<br \/>\nAntonella Palumbo, Sapienza Universit\u00e0 di Roma<br \/>\nWalter Panciera, Universit\u00e0 di Padova<br \/>\nStefania Pastore, Scuola Normale Superiore<br \/>\nSabina Pavone, Universit\u00e0 di Macerata<br \/>\nBenedetta Pellacci, Universit\u00e0 della Campania Luigi Vanvitelli<br \/>\nLorenza Perini, Universit\u00e0 di Padova<br \/>\nPaola Persano, Universit\u00e0 di Macerata<br \/>\nFrancesco Pirani, Universit\u00e0 di Macerata<br \/>\nPaola Pizzo, Universit\u00e0 di Chieti-Pescara G. d\u2019Annunzio<br \/>\nAntonio Pizzuti, Sapienza Universit\u00e0 di Roma<br \/>\nSimone Pollo, Sapienza Universit\u00e0 di Roma<br \/>\nIda Porfido, Universit\u00e0 di Bari<br \/>\nStefania Portoghesi Tuzi, Sapienza Universit\u00e0 di Roma<br \/>\nDavide Ragozzino, Sapienza Universit\u00e0 di Roma<br \/>\nDomenico Rizzo, Universit\u00e0 di Napoli L\u2019Orientale<br \/>\nLisa Roscioni, Universit\u00e0 di Parma<br \/>\nGiovanni Ruocco, Sapienza Universit\u00e0 di Roma<br \/>\nAmanda Salvioni, Universit\u00e0 di Macerata<br \/>\nGino Satta, Universit\u00e0 di Bari<br \/>\nAlessandro Serra, Universit\u00e0 di Perugia<br \/>\nSilvia Sivini, Universit\u00e0 della Calabria<br \/>\nEmanuela Stortoni, Universit\u00e0 di Macerata<br \/>\nFrancesco Sylos Labini, Centro di ricerca Enrico Fermi<br \/>\nErmanno Taviani, Universit\u00e0 di Catania<br \/>\nSimona Troilo, Universit\u00e0 dell\u2019Aquila<br \/>\nFederico Valacchi, Universit\u00e0 di Macerata<br \/>\nEnrico Valseriati, Istituto Storico Italo-Germanico<br \/>\nAngelo Ventrone, Universit\u00e0 di Macerata<br \/>\nCarmen Vitale, Universit\u00e0 di Macerata<br \/>\nFabio Zampieri, Universit\u00e0 di Padova<br \/>\nAndrea Zannini, Universit\u00e0 di Udine<br \/>\nAlessandra Zicari, Sapienza Universit\u00e0 di RomaMonica Gulmini, Universit\u00e0 di Torino<br \/>\nFabio A. Sulpizio, Universit\u00e0 del Salento<br \/>\nAttilio Scuderi, Universit\u00e0 di Catania<br \/>\nLudovico Pernazza, Universit\u00e0 di Pavia<br \/>\nFilippo Zerilli, Universit\u00e0 di Cagliari<br \/>\nEnza Caruso, Universit\u00e0 di Perugia<br \/>\nVittorio Agnoletto, Universit\u00e0 di Milano<br \/>\nFederico Barbierato, Universit\u00e0 di Verona<br \/>\nMarina Caffiero, Sapienza Universit\u00e0 di Roma<br \/>\nEmanuela Abbatecola, Universit\u00e0 di Genova<br \/>\nElena Valeri, Sapienza Universit\u00e0 di Roma<br \/>\nGiampaolo Salice, Universit\u00e0 di Cagliari<br \/>\nMaria Ausilia Simonelli, Universit\u00e0 del Molise<br \/>\nGiuseppe Mulone, Universit\u00e0 di Catania<br \/>\nValentina Favar\u00f2, Universit\u00e0 di Palermo<br \/>\nAndreina Scognamiglio, Universit\u00e0 del Molise<br \/>\nDomenico Cecere, Universit\u00e0 di Napoli Federico II<br \/>\nVincenza Scuderi, Universit\u00e0 di Catania<br \/>\nBernadette Majorana, Universit\u00e0 di Bergamo<br \/>\nFrancesco Saggiorato, Universit\u00e0 di Roma Tor Vergata<br \/>\nFrancesca Angelini, La Sapienza Universit\u00e0 di Roma<br \/>\nMaria Conforti, Sapienza Universit\u00e0 di Roma<br \/>\nLuca Leuzzi, CNR<br \/>\nElettra Stimilli, Sapienza Universit\u00e0 di Roma<br \/>\nVincenzo Bavaro, Universit\u00e0 di Napoli L&#8217;Orientale<br \/>\nMichele Dello Spedale Venti, Sapienza Universit\u00e0 di Roma<br \/>\nGiulia Bonazza, Universit\u00e0 Ca&#8217; Foscari di Venezia<br \/>\nSofia Verza, Universit\u00e0 di Perugia<br \/>\nFabio Vasarri, Universit\u00e0 di Cagliari<br \/>\nAlessandro Mastropietro, Universit\u00e0 di Catania<br \/>\nPaolo Villani, Universit\u00e0 di Catania<br \/>\nBianca Gustavino, Universit\u00e0 di Roma Tor Vergata<br \/>\nFelice Rappazzo, Universit\u00e0 di Catania<br \/>\nPaola Molin, Universit\u00e0 di Roma Tre<br \/>\nJacopo Taddeucci, INGV<br \/>\nLucia Mastrorillo, Universit\u00e0 Roma Tre<br \/>\nLoredana Vigliano, Universit\u00e0 di Roma Tor Vergata<br \/>\nStefania Arcara, Universit\u00e0 di Catania<br \/>\nGianfranco Bocchinfuso, Universit\u00e0 di Roma Tor Vergata<br \/>\nAlessandro Dama, Politecnico di Milano<br \/>\nFiorenzo Fantaccini, Universit\u00e0 di Firenze<br \/>\nDaniela Valigi, Universit\u00e0 di Perugia<br \/>\nFrancesco Cassata, Universit\u00e0 di Genova<br \/>\nJohn W. Gilbert, Universit\u00e0 di Firenze<br \/>\nLuisa Valente, Sapienza Universit\u00e0 di Roma<br \/>\nSilvia Notarfonso, Universit\u00e0 di Macerata<br \/>\nPaolo Giovannini, Universit\u00e0 di Camerino<br \/>\nRita Fulco, Universit\u00e0 di Messina<br \/>\nGaetano Curzi, Universit\u00e0 di Chieti-Pescara G. d\u2019Annunzio<br \/>\nRachele Marconi, Universit\u00e0 di Macerata<br \/>\nFabio Coacci, Universit\u00e0 di Macerata<br \/>\nSevgi Dogan, Scuola Normale Superiore<br \/>\nFrancesco Petrillo, Universit\u00e0 del Molise<br \/>\nCaterina Tarlazzi, Universit\u00e0 Ca\u2019 Foscari di Venezia<br \/>\nLorenzo Bosi, SNS<br \/>\nAndrea Reale, Universit\u00e0 di Roma Tor Vergata<br \/>\nGino Roncaglia, Universit\u00e0 Roma Tre<br \/>\n<span style=\"font-weight: 400;\">Claudia Padovani, Universit\u00e0 di Padova<br \/>\n<\/span><span style=\"font-weight: 400;\">Massimiliano Tabusi, Universit\u00e0 per Stranieri di Siena<br \/>\n<\/span><span style=\"font-weight: 400;\">Mario Caramitti, Sapienza Universit\u00e0 di Roma<br \/>\n<\/span><span style=\"font-weight: 400;\">Paola Bianchi, Universit\u00e0 della Valle d&#8217;Aosta<br \/>\n<\/span><span style=\"font-weight: 400;\">Massimo Fanfoni, Universit\u00e0 di Roma Tor Vergata<br \/>\n<\/span><span style=\"font-weight: 400;\">Nicola Melis, Universit\u00e0 di Cagliari<br \/>\n<\/span><span style=\"font-weight: 400;\">Ester Gallo, Universit\u00e0 di Trento<br \/>\n<\/span><span style=\"font-weight: 400;\">Massimo Frezzotti, Universit\u00e0 Roma Tre<br \/>\n<\/span><span style=\"font-weight: 400;\">Andrea Addobbati, Universit\u00e0 di Pisa<br \/>\n<\/span><span style=\"font-weight: 400;\">Marina Garbellotti, Universit\u00e0 di Verona<br \/>\n<\/span><span style=\"font-weight: 400;\">Silvia Caianiello, ISPF, Consiglio Nazionale delle Ricerche, Napoli<br \/>\n<\/span><span style=\"font-weight: 400;\">Paolo Roberti, Universit\u00e0 di Blozano<br \/>\n<\/span>Chiara Maritato, Universit\u00e0 di Torino<br \/>\nIlenia Falbo, Universit\u00e0 della Calabria<br \/>\nMassimo Cattaneo, Universit\u00e0 di Napoli Federico II<br \/>\nEerminia Irace, Universit\u00e0 di Perugia<\/p>\n<div class=\"container-fluid phn xs-phs\">\n<div class=\"box pan box-basic bg-default xs-bg-brighter\">\n<div class=\"arrange-fit type-weak\">\n<div class=\"visible-xs symbol symbol-pencil ptxxxs mrxs\" aria-hidden=\"true\"><\/div>\n<\/div>\n<div class=\"arrange-fill\"><\/div>\n<\/div>\n<\/div>\n<p>&nbsp;<\/p>\n<p>&nbsp;<\/p>\n<p><strong>Per i docenti che vorrebbero aderire: <a href=\"mailto:universitaturche@gmail.com\">universitaturche@gmail.com<\/a><\/strong><\/p>\n","protected":false},"excerpt":{"rendered":"<p>&#8220;\u00c8 con grande preoccupazione che noi, docenti di varie Universit\u00e0 italiane, osserviamo le pesanti limitazioni imposte negli ultimi anni alla libert\u00e0 di espressione e all\u2019autonomia accademica in Turchia e soprattutto i recenti sviluppi all\u2019Universit\u00e0 Bo\u011fazi\u00e7i di Istanbul.\u00a0 Per molti anni,&hellip;<\/p>\n","protected":false},"author":594,"featured_media":1302252,"comment_status":"closed","ping_status":"closed","sticky":false,"template":"","format":"standard","meta":{"footnotes":""},"categories":[150,1258,20606,57],"tags":[87123,947,85979,1628,3502,85980,1100,2808,87622],"class_list":["post-1302236","post","type-post","status-publish","format-standard","has-post-thumbnail","hentry","category-comunicati-stampa","category-educazione","category-non-categorizzato","category-affari-esteri","tag-accademia","tag-appello","tag-bogazici","tag-manifestazioni","tag-proteste","tag-rettore","tag-turchia","tag-universita","tag-universita-italiane"],"yoast_head":"<!-- This site is optimized with the Yoast SEO plugin v27.1.1 - https:\/\/yoast.com\/product\/yoast-seo-wordpress\/ -->\n<title>Turchia | Le universit\u00e0 italiane in sostegno degli studenti e colleghi dell&#039;Universit\u00e0 Bo\u011fazi\u00e7i<\/title>\n<meta name=\"description\" content=\"&quot;\u00c8 con grande preoccupazione che noi, docenti di varie Universit\u00e0 italiane, osserviamo le pesanti limitazioni imposte negli ultimi anni alla libert\u00e0 di\" \/>\n<meta name=\"robots\" content=\"index, follow, max-snippet:-1, max-image-preview:large, max-video-preview:-1\" \/>\n<link rel=\"canonical\" href=\"https:\/\/www.pressenza.com\/it\/2021\/02\/turchia-le-universita-italiane-in-sostegno-degli-studenti-e-colleghi-delluniversita-bogazici\/\" \/>\n<meta property=\"og:locale\" content=\"it_IT\" \/>\n<meta property=\"og:type\" content=\"article\" \/>\n<meta property=\"og:title\" content=\"Turchia | Le universit\u00e0 italiane in sostegno degli studenti e colleghi dell&#039;Universit\u00e0 Bo\u011fazi\u00e7i\" \/>\n<meta property=\"og:description\" content=\"&quot;\u00c8 con grande preoccupazione che noi, docenti di varie Universit\u00e0 italiane, osserviamo le pesanti limitazioni imposte negli ultimi anni alla libert\u00e0 di\" \/>\n<meta property=\"og:url\" content=\"https:\/\/www.pressenza.com\/it\/2021\/02\/turchia-le-universita-italiane-in-sostegno-degli-studenti-e-colleghi-delluniversita-bogazici\/\" \/>\n<meta property=\"og:site_name\" content=\"Pressenza\" \/>\n<meta property=\"article:publisher\" content=\"https:\/\/www.facebook.com\/PressenzaItalia\" \/>\n<meta property=\"article:author\" content=\"https:\/\/www.facebook.com\/PressenzaItalia\" \/>\n<meta property=\"article:published_time\" content=\"2021-02-21T19:15:35+00:00\" \/>\n<meta property=\"article:modified_time\" content=\"2021-03-01T14:03:39+00:00\" \/>\n<meta property=\"og:image\" content=\"https:\/\/www.pressenza.com\/wp-content\/uploads\/2021\/02\/250518-image-turkey_italy_flag.jpg\" \/>\n\t<meta property=\"og:image:width\" content=\"1000\" \/>\n\t<meta property=\"og:image:height\" content=\"667\" \/>\n\t<meta property=\"og:image:type\" content=\"image\/jpeg\" \/>\n<meta name=\"author\" content=\"Redazione Italia\" \/>\n<meta name=\"twitter:card\" content=\"summary_large_image\" \/>\n<meta name=\"twitter:creator\" content=\"@pressenza_it\" \/>\n<meta name=\"twitter:site\" content=\"@PressenzaIPA\" \/>\n<meta name=\"twitter:label1\" content=\"Scritto da\" \/>\n\t<meta name=\"twitter:data1\" content=\"Redazione Italia\" \/>\n\t<meta name=\"twitter:label2\" content=\"Tempo di lettura stimato\" \/>\n\t<meta name=\"twitter:data2\" content=\"5 minuti\" \/>\n<script type=\"application\/ld+json\" class=\"yoast-schema-graph\">{\"@context\":\"https:\/\/schema.org\",\"@graph\":[{\"@type\":\"Article\",\"@id\":\"https:\/\/www.pressenza.com\/it\/2021\/02\/turchia-le-universita-italiane-in-sostegno-degli-studenti-e-colleghi-delluniversita-bogazici\/#article\",\"isPartOf\":{\"@id\":\"https:\/\/www.pressenza.com\/it\/2021\/02\/turchia-le-universita-italiane-in-sostegno-degli-studenti-e-colleghi-delluniversita-bogazici\/\"},\"author\":{\"name\":\"Redazione Italia\",\"@id\":\"https:\/\/www.pressenza.com\/it\/#\/schema\/person\/d983e81827ae24f2c7b1a2123d197f8d\"},\"headline\":\"Turchia | Le universit\u00e0 italiane in sostegno degli studenti e colleghi dell&#8217;Universit\u00e0 Bo\u011fazi\u00e7i\",\"datePublished\":\"2021-02-21T19:15:35+00:00\",\"dateModified\":\"2021-03-01T14:03:39+00:00\",\"mainEntityOfPage\":{\"@id\":\"https:\/\/www.pressenza.com\/it\/2021\/02\/turchia-le-universita-italiane-in-sostegno-degli-studenti-e-colleghi-delluniversita-bogazici\/\"},\"wordCount\":1071,\"publisher\":{\"@id\":\"https:\/\/www.pressenza.com\/it\/#organization\"},\"image\":{\"@id\":\"https:\/\/www.pressenza.com\/it\/2021\/02\/turchia-le-universita-italiane-in-sostegno-degli-studenti-e-colleghi-delluniversita-bogazici\/#primaryimage\"},\"thumbnailUrl\":\"https:\/\/www.pressenza.com\/wp-content\/uploads\/2021\/02\/250518-image-turkey_italy_flag.jpg\",\"keywords\":[\"accademia\",\"appello\",\"bogazi\u00e7i\",\"manifestazioni\",\"proteste\",\"rettore\",\"Turchia\",\"universit\u00e0\",\"universit\u00e0 italiane\"],\"articleSection\":[\"Comunicati Stampa\",\"Educazione\",\"non categorizzato\",\"Questioni internazionali\"],\"inLanguage\":\"it-IT\"},{\"@type\":\"WebPage\",\"@id\":\"https:\/\/www.pressenza.com\/it\/2021\/02\/turchia-le-universita-italiane-in-sostegno-degli-studenti-e-colleghi-delluniversita-bogazici\/\",\"url\":\"https:\/\/www.pressenza.com\/it\/2021\/02\/turchia-le-universita-italiane-in-sostegno-degli-studenti-e-colleghi-delluniversita-bogazici\/\",\"name\":\"Turchia | Le universit\u00e0 italiane in sostegno degli studenti e colleghi dell'Universit\u00e0 Bo\u011fazi\u00e7i\",\"isPartOf\":{\"@id\":\"https:\/\/www.pressenza.com\/it\/#website\"},\"primaryImageOfPage\":{\"@id\":\"https:\/\/www.pressenza.com\/it\/2021\/02\/turchia-le-universita-italiane-in-sostegno-degli-studenti-e-colleghi-delluniversita-bogazici\/#primaryimage\"},\"image\":{\"@id\":\"https:\/\/www.pressenza.com\/it\/2021\/02\/turchia-le-universita-italiane-in-sostegno-degli-studenti-e-colleghi-delluniversita-bogazici\/#primaryimage\"},\"thumbnailUrl\":\"https:\/\/www.pressenza.com\/wp-content\/uploads\/2021\/02\/250518-image-turkey_italy_flag.jpg\",\"datePublished\":\"2021-02-21T19:15:35+00:00\",\"dateModified\":\"2021-03-01T14:03:39+00:00\",\"description\":\"\\\"\u00c8 con grande preoccupazione che noi, docenti di varie Universit\u00e0 italiane, osserviamo le pesanti limitazioni imposte negli ultimi anni alla libert\u00e0 di\",\"breadcrumb\":{\"@id\":\"https:\/\/www.pressenza.com\/it\/2021\/02\/turchia-le-universita-italiane-in-sostegno-degli-studenti-e-colleghi-delluniversita-bogazici\/#breadcrumb\"},\"inLanguage\":\"it-IT\",\"potentialAction\":[{\"@type\":\"ReadAction\",\"target\":[\"https:\/\/www.pressenza.com\/it\/2021\/02\/turchia-le-universita-italiane-in-sostegno-degli-studenti-e-colleghi-delluniversita-bogazici\/\"]}]},{\"@type\":\"ImageObject\",\"inLanguage\":\"it-IT\",\"@id\":\"https:\/\/www.pressenza.com\/it\/2021\/02\/turchia-le-universita-italiane-in-sostegno-degli-studenti-e-colleghi-delluniversita-bogazici\/#primaryimage\",\"url\":\"https:\/\/www.pressenza.com\/wp-content\/uploads\/2021\/02\/250518-image-turkey_italy_flag.jpg\",\"contentUrl\":\"https:\/\/www.pressenza.com\/wp-content\/uploads\/2021\/02\/250518-image-turkey_italy_flag.jpg\",\"width\":1000,\"height\":667},{\"@type\":\"BreadcrumbList\",\"@id\":\"https:\/\/www.pressenza.com\/it\/2021\/02\/turchia-le-universita-italiane-in-sostegno-degli-studenti-e-colleghi-delluniversita-bogazici\/#breadcrumb\",\"itemListElement\":[{\"@type\":\"ListItem\",\"position\":1,\"name\":\"Accueil\",\"item\":\"https:\/\/www.pressenza.com\/it\/\"},{\"@type\":\"ListItem\",\"position\":2,\"name\":\"Turchia | Le universit\u00e0 italiane in sostegno degli studenti e colleghi dell&#8217;Universit\u00e0 Bo\u011fazi\u00e7i\"}]},{\"@type\":\"WebSite\",\"@id\":\"https:\/\/www.pressenza.com\/it\/#website\",\"url\":\"https:\/\/www.pressenza.com\/it\/\",\"name\":\"Pressenza\",\"description\":\"Agenzia di Stampa Internazionale\",\"publisher\":{\"@id\":\"https:\/\/www.pressenza.com\/it\/#organization\"},\"potentialAction\":[{\"@type\":\"SearchAction\",\"target\":{\"@type\":\"EntryPoint\",\"urlTemplate\":\"https:\/\/www.pressenza.com\/it\/?s={search_term_string}\"},\"query-input\":{\"@type\":\"PropertyValueSpecification\",\"valueRequired\":true,\"valueName\":\"search_term_string\"}}],\"inLanguage\":\"it-IT\"},{\"@type\":\"Organization\",\"@id\":\"https:\/\/www.pressenza.com\/it\/#organization\",\"name\":\"Pressenza\",\"url\":\"https:\/\/www.pressenza.com\/it\/\",\"logo\":{\"@type\":\"ImageObject\",\"inLanguage\":\"it-IT\",\"@id\":\"https:\/\/www.pressenza.com\/it\/#\/schema\/logo\/image\/\",\"url\":\"https:\/\/www.pressenza.com\/wp-content\/uploads\/2022\/10\/pressenza_logo_200x200.jpg\",\"contentUrl\":\"https:\/\/www.pressenza.com\/wp-content\/uploads\/2022\/10\/pressenza_logo_200x200.jpg\",\"width\":200,\"height\":200,\"caption\":\"Pressenza\"},\"image\":{\"@id\":\"https:\/\/www.pressenza.com\/it\/#\/schema\/logo\/image\/\"},\"sameAs\":[\"https:\/\/www.facebook.com\/PressenzaItalia\",\"https:\/\/x.com\/PressenzaIPA\"]},{\"@type\":\"Person\",\"@id\":\"https:\/\/www.pressenza.com\/it\/#\/schema\/person\/d983e81827ae24f2c7b1a2123d197f8d\",\"name\":\"Redazione Italia\",\"description\":\"News from the Pressenza Bureau in Italy\",\"sameAs\":[\"https:\/\/www.pressenza.com\/it\/author\/redazione-italia\/\",\"https:\/\/www.facebook.com\/PressenzaItalia\",\"https:\/\/www.instagram.com\/pressenza_italia\/\",\"https:\/\/x.com\/pressenza_it\",\"https:\/\/www.youtube.com\/channel\/UCSalEIWjE1RSxkwjfftFuqg\"],\"url\":\"https:\/\/www.pressenza.com\/it\/author\/redazione-italia\/\"}]}<\/script>\n<!-- \/ Yoast SEO plugin. -->","yoast_head_json":{"title":"Turchia | Le universit\u00e0 italiane in sostegno degli studenti e colleghi dell'Universit\u00e0 Bo\u011fazi\u00e7i","description":"\"\u00c8 con grande preoccupazione che noi, docenti di varie Universit\u00e0 italiane, osserviamo le pesanti limitazioni imposte negli ultimi anni alla libert\u00e0 di","robots":{"index":"index","follow":"follow","max-snippet":"max-snippet:-1","max-image-preview":"max-image-preview:large","max-video-preview":"max-video-preview:-1"},"canonical":"https:\/\/www.pressenza.com\/it\/2021\/02\/turchia-le-universita-italiane-in-sostegno-degli-studenti-e-colleghi-delluniversita-bogazici\/","og_locale":"it_IT","og_type":"article","og_title":"Turchia | Le universit\u00e0 italiane in sostegno degli studenti e colleghi dell'Universit\u00e0 Bo\u011fazi\u00e7i","og_description":"\"\u00c8 con grande preoccupazione che noi, docenti di varie Universit\u00e0 italiane, osserviamo le pesanti limitazioni imposte negli ultimi anni alla libert\u00e0 di","og_url":"https:\/\/www.pressenza.com\/it\/2021\/02\/turchia-le-universita-italiane-in-sostegno-degli-studenti-e-colleghi-delluniversita-bogazici\/","og_site_name":"Pressenza","article_publisher":"https:\/\/www.facebook.com\/PressenzaItalia","article_author":"https:\/\/www.facebook.com\/PressenzaItalia","article_published_time":"2021-02-21T19:15:35+00:00","article_modified_time":"2021-03-01T14:03:39+00:00","og_image":[{"width":1000,"height":667,"url":"https:\/\/www.pressenza.com\/wp-content\/uploads\/2021\/02\/250518-image-turkey_italy_flag.jpg","type":"image\/jpeg"}],"author":"Redazione Italia","twitter_card":"summary_large_image","twitter_creator":"@pressenza_it","twitter_site":"@PressenzaIPA","twitter_misc":{"Scritto da":"Redazione Italia","Tempo di lettura stimato":"5 minuti"},"schema":{"@context":"https:\/\/schema.org","@graph":[{"@type":"Article","@id":"https:\/\/www.pressenza.com\/it\/2021\/02\/turchia-le-universita-italiane-in-sostegno-degli-studenti-e-colleghi-delluniversita-bogazici\/#article","isPartOf":{"@id":"https:\/\/www.pressenza.com\/it\/2021\/02\/turchia-le-universita-italiane-in-sostegno-degli-studenti-e-colleghi-delluniversita-bogazici\/"},"author":{"name":"Redazione Italia","@id":"https:\/\/www.pressenza.com\/it\/#\/schema\/person\/d983e81827ae24f2c7b1a2123d197f8d"},"headline":"Turchia | Le universit\u00e0 italiane in sostegno degli studenti e colleghi dell&#8217;Universit\u00e0 Bo\u011fazi\u00e7i","datePublished":"2021-02-21T19:15:35+00:00","dateModified":"2021-03-01T14:03:39+00:00","mainEntityOfPage":{"@id":"https:\/\/www.pressenza.com\/it\/2021\/02\/turchia-le-universita-italiane-in-sostegno-degli-studenti-e-colleghi-delluniversita-bogazici\/"},"wordCount":1071,"publisher":{"@id":"https:\/\/www.pressenza.com\/it\/#organization"},"image":{"@id":"https:\/\/www.pressenza.com\/it\/2021\/02\/turchia-le-universita-italiane-in-sostegno-degli-studenti-e-colleghi-delluniversita-bogazici\/#primaryimage"},"thumbnailUrl":"https:\/\/www.pressenza.com\/wp-content\/uploads\/2021\/02\/250518-image-turkey_italy_flag.jpg","keywords":["accademia","appello","bogazi\u00e7i","manifestazioni","proteste","rettore","Turchia","universit\u00e0","universit\u00e0 italiane"],"articleSection":["Comunicati Stampa","Educazione","non categorizzato","Questioni internazionali"],"inLanguage":"it-IT"},{"@type":"WebPage","@id":"https:\/\/www.pressenza.com\/it\/2021\/02\/turchia-le-universita-italiane-in-sostegno-degli-studenti-e-colleghi-delluniversita-bogazici\/","url":"https:\/\/www.pressenza.com\/it\/2021\/02\/turchia-le-universita-italiane-in-sostegno-degli-studenti-e-colleghi-delluniversita-bogazici\/","name":"Turchia | Le universit\u00e0 italiane in sostegno degli studenti e colleghi dell'Universit\u00e0 Bo\u011fazi\u00e7i","isPartOf":{"@id":"https:\/\/www.pressenza.com\/it\/#website"},"primaryImageOfPage":{"@id":"https:\/\/www.pressenza.com\/it\/2021\/02\/turchia-le-universita-italiane-in-sostegno-degli-studenti-e-colleghi-delluniversita-bogazici\/#primaryimage"},"image":{"@id":"https:\/\/www.pressenza.com\/it\/2021\/02\/turchia-le-universita-italiane-in-sostegno-degli-studenti-e-colleghi-delluniversita-bogazici\/#primaryimage"},"thumbnailUrl":"https:\/\/www.pressenza.com\/wp-content\/uploads\/2021\/02\/250518-image-turkey_italy_flag.jpg","datePublished":"2021-02-21T19:15:35+00:00","dateModified":"2021-03-01T14:03:39+00:00","description":"\"\u00c8 con grande preoccupazione che noi, docenti di varie Universit\u00e0 italiane, osserviamo le pesanti limitazioni imposte negli ultimi anni alla libert\u00e0 di","breadcrumb":{"@id":"https:\/\/www.pressenza.com\/it\/2021\/02\/turchia-le-universita-italiane-in-sostegno-degli-studenti-e-colleghi-delluniversita-bogazici\/#breadcrumb"},"inLanguage":"it-IT","potentialAction":[{"@type":"ReadAction","target":["https:\/\/www.pressenza.com\/it\/2021\/02\/turchia-le-universita-italiane-in-sostegno-degli-studenti-e-colleghi-delluniversita-bogazici\/"]}]},{"@type":"ImageObject","inLanguage":"it-IT","@id":"https:\/\/www.pressenza.com\/it\/2021\/02\/turchia-le-universita-italiane-in-sostegno-degli-studenti-e-colleghi-delluniversita-bogazici\/#primaryimage","url":"https:\/\/www.pressenza.com\/wp-content\/uploads\/2021\/02\/250518-image-turkey_italy_flag.jpg","contentUrl":"https:\/\/www.pressenza.com\/wp-content\/uploads\/2021\/02\/250518-image-turkey_italy_flag.jpg","width":1000,"height":667},{"@type":"BreadcrumbList","@id":"https:\/\/www.pressenza.com\/it\/2021\/02\/turchia-le-universita-italiane-in-sostegno-degli-studenti-e-colleghi-delluniversita-bogazici\/#breadcrumb","itemListElement":[{"@type":"ListItem","position":1,"name":"Accueil","item":"https:\/\/www.pressenza.com\/it\/"},{"@type":"ListItem","position":2,"name":"Turchia | Le universit\u00e0 italiane in sostegno degli studenti e colleghi dell&#8217;Universit\u00e0 Bo\u011fazi\u00e7i"}]},{"@type":"WebSite","@id":"https:\/\/www.pressenza.com\/it\/#website","url":"https:\/\/www.pressenza.com\/it\/","name":"Pressenza","description":"Agenzia di Stampa Internazionale","publisher":{"@id":"https:\/\/www.pressenza.com\/it\/#organization"},"potentialAction":[{"@type":"SearchAction","target":{"@type":"EntryPoint","urlTemplate":"https:\/\/www.pressenza.com\/it\/?s={search_term_string}"},"query-input":{"@type":"PropertyValueSpecification","valueRequired":true,"valueName":"search_term_string"}}],"inLanguage":"it-IT"},{"@type":"Organization","@id":"https:\/\/www.pressenza.com\/it\/#organization","name":"Pressenza","url":"https:\/\/www.pressenza.com\/it\/","logo":{"@type":"ImageObject","inLanguage":"it-IT","@id":"https:\/\/www.pressenza.com\/it\/#\/schema\/logo\/image\/","url":"https:\/\/www.pressenza.com\/wp-content\/uploads\/2022\/10\/pressenza_logo_200x200.jpg","contentUrl":"https:\/\/www.pressenza.com\/wp-content\/uploads\/2022\/10\/pressenza_logo_200x200.jpg","width":200,"height":200,"caption":"Pressenza"},"image":{"@id":"https:\/\/www.pressenza.com\/it\/#\/schema\/logo\/image\/"},"sameAs":["https:\/\/www.facebook.com\/PressenzaItalia","https:\/\/x.com\/PressenzaIPA"]},{"@type":"Person","@id":"https:\/\/www.pressenza.com\/it\/#\/schema\/person\/d983e81827ae24f2c7b1a2123d197f8d","name":"Redazione Italia","description":"News from the Pressenza Bureau in Italy","sameAs":["https:\/\/www.pressenza.com\/it\/author\/redazione-italia\/","https:\/\/www.facebook.com\/PressenzaItalia","https:\/\/www.instagram.com\/pressenza_italia\/","https:\/\/x.com\/pressenza_it","https:\/\/www.youtube.com\/channel\/UCSalEIWjE1RSxkwjfftFuqg"],"url":"https:\/\/www.pressenza.com\/it\/author\/redazione-italia\/"}]}},"place":"","original_article_url":"","_links":{"self":[{"href":"https:\/\/www.pressenza.com\/it\/wp-json\/wp\/v2\/posts\/1302236","targetHints":{"allow":["GET"]}}],"collection":[{"href":"https:\/\/www.pressenza.com\/it\/wp-json\/wp\/v2\/posts"}],"about":[{"href":"https:\/\/www.pressenza.com\/it\/wp-json\/wp\/v2\/types\/post"}],"author":[{"embeddable":true,"href":"https:\/\/www.pressenza.com\/it\/wp-json\/wp\/v2\/users\/594"}],"replies":[{"embeddable":true,"href":"https:\/\/www.pressenza.com\/it\/wp-json\/wp\/v2\/comments?post=1302236"}],"version-history":[{"count":0,"href":"https:\/\/www.pressenza.com\/it\/wp-json\/wp\/v2\/posts\/1302236\/revisions"}],"wp:featuredmedia":[{"embeddable":true,"href":"https:\/\/www.pressenza.com\/it\/wp-json\/wp\/v2\/media\/1302252"}],"wp:attachment":[{"href":"https:\/\/www.pressenza.com\/it\/wp-json\/wp\/v2\/media?parent=1302236"}],"wp:term":[{"taxonomy":"category","embeddable":true,"href":"https:\/\/www.pressenza.com\/it\/wp-json\/wp\/v2\/categories?post=1302236"},{"taxonomy":"post_tag","embeddable":true,"href":"https:\/\/www.pressenza.com\/it\/wp-json\/wp\/v2\/tags?post=1302236"}],"curies":[{"name":"wp","href":"https:\/\/api.w.org\/{rel}","templated":true}]}}