{"id":1299763,"date":"2021-02-17T22:19:03","date_gmt":"2021-02-17T22:19:03","guid":{"rendered":"https:\/\/www.pressenza.com\/?p=1299763"},"modified":"2021-02-17T22:21:02","modified_gmt":"2021-02-17T22:21:02","slug":"piano-vaccinale-lettera-dal-tis-al-ministro-speranza-sulle-misure-per-le-persone-piu-fragili","status":"publish","type":"post","link":"https:\/\/www.pressenza.com\/it\/2021\/02\/piano-vaccinale-lettera-dal-tis-al-ministro-speranza-sulle-misure-per-le-persone-piu-fragili\/","title":{"rendered":"Piano vaccinale, lettera dal TIS al ministro Speranza sulle misure per le persone pi\u00f9 fragili"},"content":{"rendered":"<p dir=\"ltr\">Una delle maggiori difficolt\u00e0 segnalate al Ministero della Salute \u00e8 la mancanza di\u00a0documenti per poter accedere di fatto alle prestazioni offerte dal Servizio sanitario pubblico,\u00a0 tra cui in questa fase \u00e8 cruciale la vaccinazione anti Covid19.\u00a0 \u201cIl diritto al vaccino c&#8217;\u00e8, ma non \u00e8 praticabile\u201d, <a href=\"https:\/\/www.ilsole24ore.com\/art\/vaccini-anti-covid-rischio-500mila-invisibili-ADTsnKKB\" target=\"_blank\" rel=\"noopener noreferrer\">spiega Marco Paggi, avvocato dell&#8217;Asgi al Sole24ore<\/a>. \u201cAver individuato nel medico di famiglia il tramite per l&#8217;accesso al vaccino rischia di tradursi in un ostacolo insormontabile per questa particolare fascia di popolazione. A meno che in ogni Asl non si individui un medico di riferimento per queste persone\u201d.<\/p>\n<p dir=\"ltr\">\u201cL&#8217;impostazione esclusiva di iscrizione tramite piattaforma nazionale\/regionale per la\u00a0 prenotazione del vaccino presso il proprio medico di medicina generale o in altro luogo,\u00a0 potrebbe essere un ostacolo discriminante per la popolazione socialmente pi\u00f9 fragile, come\u00a0 \u00e8 gi\u00e0 successo in alcune Regioni con l&#8217;obbligatoriet\u00e0 di ricetta dematerializzata e\u00a0 prenotazione on line\u201d.<\/p>\n<p dir=\"ltr\">E\u2019 quanto si legge in una <strong>lettera inviata il 4 febbraio 2021<\/strong> da Associazione Studi Giuridici Immigrazione (ASGI), Caritas Italiana, Centro Astalli, Emergency, Intersos, M\u00e9decins du\u00a0 Monde, Medici contro la Tortura, Medici per i Diritti Umani (MEDU), Medici Senza Frontiere\u00a0 (MSF), Sanit\u00e0 di Frontiera e Societ\u00e0 Italiana di Medicina delle Migrazioni (SIMM). Queste\u00a0 associazioni, riunite nel <strong>Tavolo Immigrazione e Salute<\/strong> (TIS), hanno elencato una serie di\u00a0 raccomandazioni al Ministero della Salute per raggiungere alcune centinaia di migliaia di\u00a0 persone appartenenti a categorie socialmente fragili o che vivono in situazioni che possono\u00a0 essere di ostacolo per l\u2019accesso al piano vaccinale.<\/p>\n<p dir=\"ltr\">Il TIS ha elencato tra questi le persone, italiane e straniere, accolte in strutture collettive,\u00a0 coloro che sono senza documenti o permesso di soggiorno, i cittadini comunitari in\u00a0 condizione di irregolarit\u00e0 amministrativa, i richiedenti asilo che ancora non hanno potuto\u00a0 accedere al servizio pubblico e gli apolidi, nonch\u00e9 i soggetti socialmente fragili che vivono in\u00a0insediamenti informali o comunque chi non ha il medico di base ed ha difficolt\u00e0 di accesso al\u00a0 SSN. Tra questi vi sono anche le centinaia di migliaia di lavoratori e lavoratrici straniere in\u00a0 fase di regolarizzazione ed in attesa del permesso di soggiorno, per i quali non sempre \u00e8\u00a0 stato dato accesso al Servizio Sanitario Nazionale, pur avendone diritto.<\/p>\n<p dir=\"ltr\">Una delle maggiori difficolt\u00e0 segnalate al Ministero della Salute \u00e8 la mancanza di\u00a0documenti per poter accedere di fatto alle prestazioni offerte dal Servizio sanitario pubblico,\u00a0 tra cui in questa fase \u00e8 cruciale la vaccinazione anti Covid19.<\/p>\n<p dir=\"ltr\">Il TIS ricorda che nelle FAQ presenti sul sito dell\u2019AIFA vi siano le indicazioni per effettuare la\u00a0 vaccinazione alle persone (italiane e straniere) in condizioni di fragilit\u00e0 sociale accettando\u00a0 \u201cqualsiasi documento (non necessariamente in corso di validit\u00e0) che riporti l\u2019identit\u00e0 della\u00a0 persona da vaccinare\u201d e che \u201cIn mancanza di un qualsiasi documento verranno registrati i\u00a0 dati anagrafici dichiarati dalla persona e l\u2019indicazione di una eventuale<\/p>\n<p dir=\"ltr\">ente\/struttura\/associazione di riferimento&#8221;, come comunque sancito dall&#8217;articolo 32 della\u00a0 Costituzione italiana e previsto dall&#8217;articolo 35 del Testo Unico sull&#8217;immigrazione\u201d.<\/p>\n<p dir=\"ltr\">Tuttavia il fatto che per prenotare il vaccino bisogna iscriversi tramite piattaforma\u00a0 nazionale\/regionale o presso il proprio medico di medicina generale o in altro luogo, tramite\u00a0 il codice fiscale\/tessera sanitaria \u201cpotrebbe essere un ostacolo discriminante per la\u00a0 popolazione socialmente pi\u00f9 fragile, come \u00e8 gi\u00e0 successo in alcune Regioni con<\/p>\n<p dir=\"ltr\">l&#8217;obbligatoriet\u00e0 di ricetta dematerializzata e prenotazione on line\u201d. Nella lettera le\u00a0 associazioni presentano al Ministero una serie di raccomandazioni per includere nel\u00a0 piano vaccinale le categorie ad oggi a rischio di esclusione.<\/p>\n<p dir=\"ltr\">Tra le proposte il TIS chiede che:<\/p>\n<p dir=\"ltr\">&#8211; siano inserite specifiche modalit\u00e0 di inclusione nel Piano Vaccinale Nazionale a\u00a0 favore dei soggetti socialmente fragili, delle persone che vivono in insediamenti informali,\u00a0 dei &#8216;senza fissa dimora&#8217; compresa la popolazione migrante, dei richiedenti asilo, rifugiati e\u00a0 apolidi a prescindere dal proprio status giuridico e delle persone accolte in strutture collettive\u00a0 emergenziali o particolarmente affollate.<\/p>\n<p dir=\"ltr\">-sia prevista una &#8220;flessibilit\u00e0&#8221; amministrativa, cos\u00ec come indicata dall&#8217;AIFA, eventualmente\u00a0 anche mediata da enti locali e\/o da organizzazioni dell\u2019associazionismo e del terzo settore, per agevolare la vaccinazione a chi si trova sul territorio nazionale pur non avendo\u00a0 documenti quali tessera sanitaria, documento di identit\u00e0 o codice fiscale prevedendo;<\/p>\n<p dir=\"ltr\">&#8211; sia valorizzato il ruolo fondamentale dell\u2019associazionismo, il coinvolgimento delle\u00a0 comunit\u00e0 di immigrati e di mediatori culturali al fine di favorire la comunicazione ed\u00a0 identificare le persone affette da particolari fragilit\u00e0 socio sanitarie da sottoporre subito a\u00a0 vaccinazione anche prevedendo, in alcuni casi, un&#8217;offerta vaccinale attiva in specifici luoghi\u00a0 di aggregazione (\u2018medicina di prossimit\u00e0\u2019), tenendo conto della necessit\u00e0 di garantire il\u00a0 richiamo vaccinale in una popolazione difficile da rintracciare.<\/p>\n<p dir=\"ltr\">\u201cQueste misure possono favorire una migliore e capillare distribuzione del vaccino fra tutta la\u00a0 popolazione presente sul territorio nazionale con una maggiore copertura per una reale\u00a0 garanzia di salute pubblica e riducendo il rischio di differenziazione fra Regioni e Asl circa\u00a0 procedure, modalit\u00e0 e processi a tutela della popolazione pi\u00f9 fragile e hard-to-reach\u201d\u00a0 concludono le Associazioni, chiedendo al Ministero ( che ad oggi non ha ancora risposto alla\u00a0 lettera) un confronto e il coinvolgimento attivo del Tavolo Immigrazione e Salute e del Tavolo\u00a0 Asilo su questi rilevanti temi, evitando la &#8220;solitudine&#8221; organizzativa delle varie strutture\u00a0 d&#8217;accoglienza, che hanno dovuto spesso definire in proprio percorsi e procedure per\u00a0 un&#8217;accoglienza e gestione in sicurezza.<\/p>\n","protected":false},"excerpt":{"rendered":"<p>Una delle maggiori difficolt\u00e0 segnalate al Ministero della Salute \u00e8 la mancanza di\u00a0documenti per poter accedere di fatto alle prestazioni offerte dal Servizio sanitario pubblico,\u00a0 tra cui in questa fase \u00e8 cruciale la vaccinazione anti Covid19.\u00a0 \u201cIl diritto al vaccino&hellip;<\/p>\n","protected":false},"author":1399,"featured_media":1299779,"comment_status":"closed","ping_status":"closed","sticky":false,"template":"","format":"standard","meta":{"footnotes":""},"categories":[150,47,1259],"tags":[2636,85759,49605],"class_list":["post-1299763","post","type-post","status-publish","format-standard","has-post-thumbnail","hentry","category-comunicati-stampa","category-europa","category-salute-argomento","tag-migranti","tag-piano-vaccinale","tag-senza-fissa-dimora"],"yoast_head":"<!-- This site is optimized with the Yoast SEO plugin v27.1.1 - https:\/\/yoast.com\/product\/yoast-seo-wordpress\/ -->\n<title>Piano vaccinale, lettera dal TIS al ministro Speranza sulle misure per le persone pi\u00f9 fragili<\/title>\n<meta name=\"description\" content=\"Aver individuato nel medico di famiglia il tramite per l&#039;accesso al vaccino rischia di tradursi in un ostacolo insormontabile la fascia di popolazione pi\u00f9 vulnerabile. Nella lettera presentate una serie di raccomandazioni\" \/>\n<meta name=\"robots\" content=\"index, follow, max-snippet:-1, max-image-preview:large, max-video-preview:-1\" \/>\n<link rel=\"canonical\" href=\"https:\/\/www.pressenza.com\/it\/2021\/02\/piano-vaccinale-lettera-dal-tis-al-ministro-speranza-sulle-misure-per-le-persone-piu-fragili\/\" \/>\n<meta property=\"og:locale\" content=\"it_IT\" \/>\n<meta property=\"og:type\" content=\"article\" \/>\n<meta property=\"og:title\" content=\"Piano vaccinale, lettera dal TIS al ministro Speranza sulle misure per le persone pi\u00f9 fragili\" \/>\n<meta property=\"og:description\" content=\"Aver individuato nel medico di famiglia il tramite per l&#039;accesso al vaccino rischia di tradursi in un ostacolo insormontabile la fascia di popolazione pi\u00f9 vulnerabile. Nella lettera presentate una serie di raccomandazioni\" \/>\n<meta property=\"og:url\" content=\"https:\/\/www.pressenza.com\/it\/2021\/02\/piano-vaccinale-lettera-dal-tis-al-ministro-speranza-sulle-misure-per-le-persone-piu-fragili\/\" \/>\n<meta property=\"og:site_name\" content=\"Pressenza\" \/>\n<meta property=\"article:publisher\" content=\"https:\/\/www.facebook.com\/PressenzaItalia\" \/>\n<meta property=\"article:published_time\" content=\"2021-02-17T22:19:03+00:00\" \/>\n<meta property=\"article:modified_time\" content=\"2021-02-17T22:21:02+00:00\" \/>\n<meta property=\"og:image\" content=\"https:\/\/www.pressenza.com\/wp-content\/uploads\/2021\/02\/Senza-fissa-dimora.jpg\" \/>\n\t<meta property=\"og:image:width\" content=\"749\" \/>\n\t<meta property=\"og:image:height\" content=\"481\" \/>\n\t<meta property=\"og:image:type\" content=\"image\/jpeg\" \/>\n<meta name=\"author\" content=\"ASGI Associazione per gli studi giuridici sull\u2019immigrazione\" \/>\n<meta name=\"twitter:card\" content=\"summary_large_image\" \/>\n<meta name=\"twitter:creator\" content=\"@asgi_it\" \/>\n<meta name=\"twitter:site\" content=\"@PressenzaIPA\" \/>\n<meta name=\"twitter:label1\" content=\"Scritto da\" \/>\n\t<meta name=\"twitter:data1\" content=\"ASGI Associazione per gli studi giuridici sull\u2019immigrazione\" \/>\n\t<meta name=\"twitter:label2\" content=\"Tempo di lettura stimato\" \/>\n\t<meta name=\"twitter:data2\" content=\"4 minuti\" \/>\n<script type=\"application\/ld+json\" class=\"yoast-schema-graph\">{\"@context\":\"https:\/\/schema.org\",\"@graph\":[{\"@type\":\"Article\",\"@id\":\"https:\/\/www.pressenza.com\/it\/2021\/02\/piano-vaccinale-lettera-dal-tis-al-ministro-speranza-sulle-misure-per-le-persone-piu-fragili\/#article\",\"isPartOf\":{\"@id\":\"https:\/\/www.pressenza.com\/it\/2021\/02\/piano-vaccinale-lettera-dal-tis-al-ministro-speranza-sulle-misure-per-le-persone-piu-fragili\/\"},\"author\":{\"name\":\"ASGI Associazione per gli studi giuridici sull\u2019immigrazione\",\"@id\":\"https:\/\/www.pressenza.com\/it\/#\/schema\/person\/b7b0caf788af126e7c3da8fee8954a1c\"},\"headline\":\"Piano vaccinale, lettera dal TIS al ministro Speranza sulle misure per le persone pi\u00f9 fragili\",\"datePublished\":\"2021-02-17T22:19:03+00:00\",\"dateModified\":\"2021-02-17T22:21:02+00:00\",\"mainEntityOfPage\":{\"@id\":\"https:\/\/www.pressenza.com\/it\/2021\/02\/piano-vaccinale-lettera-dal-tis-al-ministro-speranza-sulle-misure-per-le-persone-piu-fragili\/\"},\"wordCount\":878,\"publisher\":{\"@id\":\"https:\/\/www.pressenza.com\/it\/#organization\"},\"image\":{\"@id\":\"https:\/\/www.pressenza.com\/it\/2021\/02\/piano-vaccinale-lettera-dal-tis-al-ministro-speranza-sulle-misure-per-le-persone-piu-fragili\/#primaryimage\"},\"thumbnailUrl\":\"https:\/\/www.pressenza.com\/wp-content\/uploads\/2021\/02\/Senza-fissa-dimora.jpg\",\"keywords\":[\"migranti\",\"piano vaccinale\",\"senza fissa dimora\"],\"articleSection\":[\"Comunicati Stampa\",\"Europa\",\"Salute\"],\"inLanguage\":\"it-IT\"},{\"@type\":\"WebPage\",\"@id\":\"https:\/\/www.pressenza.com\/it\/2021\/02\/piano-vaccinale-lettera-dal-tis-al-ministro-speranza-sulle-misure-per-le-persone-piu-fragili\/\",\"url\":\"https:\/\/www.pressenza.com\/it\/2021\/02\/piano-vaccinale-lettera-dal-tis-al-ministro-speranza-sulle-misure-per-le-persone-piu-fragili\/\",\"name\":\"Piano vaccinale, lettera dal TIS al ministro Speranza sulle misure per le persone pi\u00f9 fragili\",\"isPartOf\":{\"@id\":\"https:\/\/www.pressenza.com\/it\/#website\"},\"primaryImageOfPage\":{\"@id\":\"https:\/\/www.pressenza.com\/it\/2021\/02\/piano-vaccinale-lettera-dal-tis-al-ministro-speranza-sulle-misure-per-le-persone-piu-fragili\/#primaryimage\"},\"image\":{\"@id\":\"https:\/\/www.pressenza.com\/it\/2021\/02\/piano-vaccinale-lettera-dal-tis-al-ministro-speranza-sulle-misure-per-le-persone-piu-fragili\/#primaryimage\"},\"thumbnailUrl\":\"https:\/\/www.pressenza.com\/wp-content\/uploads\/2021\/02\/Senza-fissa-dimora.jpg\",\"datePublished\":\"2021-02-17T22:19:03+00:00\",\"dateModified\":\"2021-02-17T22:21:02+00:00\",\"description\":\"Aver individuato nel medico di famiglia il tramite per l'accesso al vaccino rischia di tradursi in un ostacolo insormontabile la fascia di popolazione pi\u00f9 vulnerabile. Nella lettera presentate una serie di raccomandazioni\",\"breadcrumb\":{\"@id\":\"https:\/\/www.pressenza.com\/it\/2021\/02\/piano-vaccinale-lettera-dal-tis-al-ministro-speranza-sulle-misure-per-le-persone-piu-fragili\/#breadcrumb\"},\"inLanguage\":\"it-IT\",\"potentialAction\":[{\"@type\":\"ReadAction\",\"target\":[\"https:\/\/www.pressenza.com\/it\/2021\/02\/piano-vaccinale-lettera-dal-tis-al-ministro-speranza-sulle-misure-per-le-persone-piu-fragili\/\"]}]},{\"@type\":\"ImageObject\",\"inLanguage\":\"it-IT\",\"@id\":\"https:\/\/www.pressenza.com\/it\/2021\/02\/piano-vaccinale-lettera-dal-tis-al-ministro-speranza-sulle-misure-per-le-persone-piu-fragili\/#primaryimage\",\"url\":\"https:\/\/www.pressenza.com\/wp-content\/uploads\/2021\/02\/Senza-fissa-dimora.jpg\",\"contentUrl\":\"https:\/\/www.pressenza.com\/wp-content\/uploads\/2021\/02\/Senza-fissa-dimora.jpg\",\"width\":749,\"height\":481},{\"@type\":\"BreadcrumbList\",\"@id\":\"https:\/\/www.pressenza.com\/it\/2021\/02\/piano-vaccinale-lettera-dal-tis-al-ministro-speranza-sulle-misure-per-le-persone-piu-fragili\/#breadcrumb\",\"itemListElement\":[{\"@type\":\"ListItem\",\"position\":1,\"name\":\"Accueil\",\"item\":\"https:\/\/www.pressenza.com\/it\/\"},{\"@type\":\"ListItem\",\"position\":2,\"name\":\"Piano vaccinale, lettera dal TIS al ministro Speranza sulle misure per le persone pi\u00f9 fragili\"}]},{\"@type\":\"WebSite\",\"@id\":\"https:\/\/www.pressenza.com\/it\/#website\",\"url\":\"https:\/\/www.pressenza.com\/it\/\",\"name\":\"Pressenza\",\"description\":\"Agenzia di Stampa Internazionale\",\"publisher\":{\"@id\":\"https:\/\/www.pressenza.com\/it\/#organization\"},\"potentialAction\":[{\"@type\":\"SearchAction\",\"target\":{\"@type\":\"EntryPoint\",\"urlTemplate\":\"https:\/\/www.pressenza.com\/it\/?s={search_term_string}\"},\"query-input\":{\"@type\":\"PropertyValueSpecification\",\"valueRequired\":true,\"valueName\":\"search_term_string\"}}],\"inLanguage\":\"it-IT\"},{\"@type\":\"Organization\",\"@id\":\"https:\/\/www.pressenza.com\/it\/#organization\",\"name\":\"Pressenza\",\"url\":\"https:\/\/www.pressenza.com\/it\/\",\"logo\":{\"@type\":\"ImageObject\",\"inLanguage\":\"it-IT\",\"@id\":\"https:\/\/www.pressenza.com\/it\/#\/schema\/logo\/image\/\",\"url\":\"https:\/\/www.pressenza.com\/wp-content\/uploads\/2022\/10\/pressenza_logo_200x200.jpg\",\"contentUrl\":\"https:\/\/www.pressenza.com\/wp-content\/uploads\/2022\/10\/pressenza_logo_200x200.jpg\",\"width\":200,\"height\":200,\"caption\":\"Pressenza\"},\"image\":{\"@id\":\"https:\/\/www.pressenza.com\/it\/#\/schema\/logo\/image\/\"},\"sameAs\":[\"https:\/\/www.facebook.com\/PressenzaItalia\",\"https:\/\/x.com\/PressenzaIPA\"]},{\"@type\":\"Person\",\"@id\":\"https:\/\/www.pressenza.com\/it\/#\/schema\/person\/b7b0caf788af126e7c3da8fee8954a1c\",\"name\":\"ASGI Associazione per gli studi giuridici sull\u2019immigrazione\",\"description\":\"http:\/\/www.asgi.it\/\",\"sameAs\":[\"http:\/\/www.asgi.it\/\",\"https:\/\/x.com\/asgi_it\"],\"url\":\"https:\/\/www.pressenza.com\/it\/author\/asgi\/\"}]}<\/script>\n<!-- \/ Yoast SEO plugin. -->","yoast_head_json":{"title":"Piano vaccinale, lettera dal TIS al ministro Speranza sulle misure per le persone pi\u00f9 fragili","description":"Aver individuato nel medico di famiglia il tramite per l'accesso al vaccino rischia di tradursi in un ostacolo insormontabile la fascia di popolazione pi\u00f9 vulnerabile. Nella lettera presentate una serie di raccomandazioni","robots":{"index":"index","follow":"follow","max-snippet":"max-snippet:-1","max-image-preview":"max-image-preview:large","max-video-preview":"max-video-preview:-1"},"canonical":"https:\/\/www.pressenza.com\/it\/2021\/02\/piano-vaccinale-lettera-dal-tis-al-ministro-speranza-sulle-misure-per-le-persone-piu-fragili\/","og_locale":"it_IT","og_type":"article","og_title":"Piano vaccinale, lettera dal TIS al ministro Speranza sulle misure per le persone pi\u00f9 fragili","og_description":"Aver individuato nel medico di famiglia il tramite per l'accesso al vaccino rischia di tradursi in un ostacolo insormontabile la fascia di popolazione pi\u00f9 vulnerabile. Nella lettera presentate una serie di raccomandazioni","og_url":"https:\/\/www.pressenza.com\/it\/2021\/02\/piano-vaccinale-lettera-dal-tis-al-ministro-speranza-sulle-misure-per-le-persone-piu-fragili\/","og_site_name":"Pressenza","article_publisher":"https:\/\/www.facebook.com\/PressenzaItalia","article_published_time":"2021-02-17T22:19:03+00:00","article_modified_time":"2021-02-17T22:21:02+00:00","og_image":[{"width":749,"height":481,"url":"https:\/\/www.pressenza.com\/wp-content\/uploads\/2021\/02\/Senza-fissa-dimora.jpg","type":"image\/jpeg"}],"author":"ASGI Associazione per gli studi giuridici sull\u2019immigrazione","twitter_card":"summary_large_image","twitter_creator":"@asgi_it","twitter_site":"@PressenzaIPA","twitter_misc":{"Scritto da":"ASGI Associazione per gli studi giuridici sull\u2019immigrazione","Tempo di lettura stimato":"4 minuti"},"schema":{"@context":"https:\/\/schema.org","@graph":[{"@type":"Article","@id":"https:\/\/www.pressenza.com\/it\/2021\/02\/piano-vaccinale-lettera-dal-tis-al-ministro-speranza-sulle-misure-per-le-persone-piu-fragili\/#article","isPartOf":{"@id":"https:\/\/www.pressenza.com\/it\/2021\/02\/piano-vaccinale-lettera-dal-tis-al-ministro-speranza-sulle-misure-per-le-persone-piu-fragili\/"},"author":{"name":"ASGI Associazione per gli studi giuridici sull\u2019immigrazione","@id":"https:\/\/www.pressenza.com\/it\/#\/schema\/person\/b7b0caf788af126e7c3da8fee8954a1c"},"headline":"Piano vaccinale, lettera dal TIS al ministro Speranza sulle misure per le persone pi\u00f9 fragili","datePublished":"2021-02-17T22:19:03+00:00","dateModified":"2021-02-17T22:21:02+00:00","mainEntityOfPage":{"@id":"https:\/\/www.pressenza.com\/it\/2021\/02\/piano-vaccinale-lettera-dal-tis-al-ministro-speranza-sulle-misure-per-le-persone-piu-fragili\/"},"wordCount":878,"publisher":{"@id":"https:\/\/www.pressenza.com\/it\/#organization"},"image":{"@id":"https:\/\/www.pressenza.com\/it\/2021\/02\/piano-vaccinale-lettera-dal-tis-al-ministro-speranza-sulle-misure-per-le-persone-piu-fragili\/#primaryimage"},"thumbnailUrl":"https:\/\/www.pressenza.com\/wp-content\/uploads\/2021\/02\/Senza-fissa-dimora.jpg","keywords":["migranti","piano vaccinale","senza fissa dimora"],"articleSection":["Comunicati Stampa","Europa","Salute"],"inLanguage":"it-IT"},{"@type":"WebPage","@id":"https:\/\/www.pressenza.com\/it\/2021\/02\/piano-vaccinale-lettera-dal-tis-al-ministro-speranza-sulle-misure-per-le-persone-piu-fragili\/","url":"https:\/\/www.pressenza.com\/it\/2021\/02\/piano-vaccinale-lettera-dal-tis-al-ministro-speranza-sulle-misure-per-le-persone-piu-fragili\/","name":"Piano vaccinale, lettera dal TIS al ministro Speranza sulle misure per le persone pi\u00f9 fragili","isPartOf":{"@id":"https:\/\/www.pressenza.com\/it\/#website"},"primaryImageOfPage":{"@id":"https:\/\/www.pressenza.com\/it\/2021\/02\/piano-vaccinale-lettera-dal-tis-al-ministro-speranza-sulle-misure-per-le-persone-piu-fragili\/#primaryimage"},"image":{"@id":"https:\/\/www.pressenza.com\/it\/2021\/02\/piano-vaccinale-lettera-dal-tis-al-ministro-speranza-sulle-misure-per-le-persone-piu-fragili\/#primaryimage"},"thumbnailUrl":"https:\/\/www.pressenza.com\/wp-content\/uploads\/2021\/02\/Senza-fissa-dimora.jpg","datePublished":"2021-02-17T22:19:03+00:00","dateModified":"2021-02-17T22:21:02+00:00","description":"Aver individuato nel medico di famiglia il tramite per l'accesso al vaccino rischia di tradursi in un ostacolo insormontabile la fascia di popolazione pi\u00f9 vulnerabile. Nella lettera presentate una serie di raccomandazioni","breadcrumb":{"@id":"https:\/\/www.pressenza.com\/it\/2021\/02\/piano-vaccinale-lettera-dal-tis-al-ministro-speranza-sulle-misure-per-le-persone-piu-fragili\/#breadcrumb"},"inLanguage":"it-IT","potentialAction":[{"@type":"ReadAction","target":["https:\/\/www.pressenza.com\/it\/2021\/02\/piano-vaccinale-lettera-dal-tis-al-ministro-speranza-sulle-misure-per-le-persone-piu-fragili\/"]}]},{"@type":"ImageObject","inLanguage":"it-IT","@id":"https:\/\/www.pressenza.com\/it\/2021\/02\/piano-vaccinale-lettera-dal-tis-al-ministro-speranza-sulle-misure-per-le-persone-piu-fragili\/#primaryimage","url":"https:\/\/www.pressenza.com\/wp-content\/uploads\/2021\/02\/Senza-fissa-dimora.jpg","contentUrl":"https:\/\/www.pressenza.com\/wp-content\/uploads\/2021\/02\/Senza-fissa-dimora.jpg","width":749,"height":481},{"@type":"BreadcrumbList","@id":"https:\/\/www.pressenza.com\/it\/2021\/02\/piano-vaccinale-lettera-dal-tis-al-ministro-speranza-sulle-misure-per-le-persone-piu-fragili\/#breadcrumb","itemListElement":[{"@type":"ListItem","position":1,"name":"Accueil","item":"https:\/\/www.pressenza.com\/it\/"},{"@type":"ListItem","position":2,"name":"Piano vaccinale, lettera dal TIS al ministro Speranza sulle misure per le persone pi\u00f9 fragili"}]},{"@type":"WebSite","@id":"https:\/\/www.pressenza.com\/it\/#website","url":"https:\/\/www.pressenza.com\/it\/","name":"Pressenza","description":"Agenzia di Stampa Internazionale","publisher":{"@id":"https:\/\/www.pressenza.com\/it\/#organization"},"potentialAction":[{"@type":"SearchAction","target":{"@type":"EntryPoint","urlTemplate":"https:\/\/www.pressenza.com\/it\/?s={search_term_string}"},"query-input":{"@type":"PropertyValueSpecification","valueRequired":true,"valueName":"search_term_string"}}],"inLanguage":"it-IT"},{"@type":"Organization","@id":"https:\/\/www.pressenza.com\/it\/#organization","name":"Pressenza","url":"https:\/\/www.pressenza.com\/it\/","logo":{"@type":"ImageObject","inLanguage":"it-IT","@id":"https:\/\/www.pressenza.com\/it\/#\/schema\/logo\/image\/","url":"https:\/\/www.pressenza.com\/wp-content\/uploads\/2022\/10\/pressenza_logo_200x200.jpg","contentUrl":"https:\/\/www.pressenza.com\/wp-content\/uploads\/2022\/10\/pressenza_logo_200x200.jpg","width":200,"height":200,"caption":"Pressenza"},"image":{"@id":"https:\/\/www.pressenza.com\/it\/#\/schema\/logo\/image\/"},"sameAs":["https:\/\/www.facebook.com\/PressenzaItalia","https:\/\/x.com\/PressenzaIPA"]},{"@type":"Person","@id":"https:\/\/www.pressenza.com\/it\/#\/schema\/person\/b7b0caf788af126e7c3da8fee8954a1c","name":"ASGI Associazione per gli studi giuridici sull\u2019immigrazione","description":"http:\/\/www.asgi.it\/","sameAs":["http:\/\/www.asgi.it\/","https:\/\/x.com\/asgi_it"],"url":"https:\/\/www.pressenza.com\/it\/author\/asgi\/"}]}},"place":"","original_article_url":"","_links":{"self":[{"href":"https:\/\/www.pressenza.com\/it\/wp-json\/wp\/v2\/posts\/1299763","targetHints":{"allow":["GET"]}}],"collection":[{"href":"https:\/\/www.pressenza.com\/it\/wp-json\/wp\/v2\/posts"}],"about":[{"href":"https:\/\/www.pressenza.com\/it\/wp-json\/wp\/v2\/types\/post"}],"author":[{"embeddable":true,"href":"https:\/\/www.pressenza.com\/it\/wp-json\/wp\/v2\/users\/1399"}],"replies":[{"embeddable":true,"href":"https:\/\/www.pressenza.com\/it\/wp-json\/wp\/v2\/comments?post=1299763"}],"version-history":[{"count":0,"href":"https:\/\/www.pressenza.com\/it\/wp-json\/wp\/v2\/posts\/1299763\/revisions"}],"wp:featuredmedia":[{"embeddable":true,"href":"https:\/\/www.pressenza.com\/it\/wp-json\/wp\/v2\/media\/1299779"}],"wp:attachment":[{"href":"https:\/\/www.pressenza.com\/it\/wp-json\/wp\/v2\/media?parent=1299763"}],"wp:term":[{"taxonomy":"category","embeddable":true,"href":"https:\/\/www.pressenza.com\/it\/wp-json\/wp\/v2\/categories?post=1299763"},{"taxonomy":"post_tag","embeddable":true,"href":"https:\/\/www.pressenza.com\/it\/wp-json\/wp\/v2\/tags?post=1299763"}],"curies":[{"name":"wp","href":"https:\/\/api.w.org\/{rel}","templated":true}]}}