{"id":1299666,"date":"2021-02-17T22:02:41","date_gmt":"2021-02-17T22:02:41","guid":{"rendered":"https:\/\/www.pressenza.com\/?p=1299666"},"modified":"2021-02-17T22:02:41","modified_gmt":"2021-02-17T22:02:41","slug":"elezioni-in-catalogna-coalizione-pro-indipendenza-o-coalizione-di-sinistra","status":"publish","type":"post","link":"https:\/\/www.pressenza.com\/it\/2021\/02\/elezioni-in-catalogna-coalizione-pro-indipendenza-o-coalizione-di-sinistra\/","title":{"rendered":"Elezioni in Catalogna: coalizione pro-indipendenza o coalizione di sinistra"},"content":{"rendered":"<p style=\"padding-left: 40px;\"><em><span style=\"font-size: medium;\"><span lang=\"it-IT\">I risultati delle elezioni del 14 Febbraio hanno precipitato la Catalogna in un&#8217;incertezza che la lascia senza un presidente e con tre possibili scenari: una coalizione di partiti pro-indipendenza, una coalizione di forze di sinistra o una ripetizione delle elezioni.<\/span><\/span><\/em><\/p>\n<p style=\"padding-left: 40px;\"><em><span style=\"font-size: medium;\"><span lang=\"it-IT\">Il vincitore in quanto a voti \u00e8 stato il PSC (Partit Socialista de Catalunya) ma con uno scenario di difficile investitura, con poca differenza di voti e gli stessi seggi del partito di sinistra pro-indipendenza in Catalogna ERC (Esquerra Republicana de Catalunya).<\/span><\/span><\/em><\/p>\n<p><span style=\"font-size: medium;\"><span lang=\"it-IT\">La mattina piovosa e grigia del 14 Febbraio ha mobilitato una bassa percentuale di elettori (52,42%) in un&#8217;elezione vissuta nell&#8217;incertezza pi\u00f9 totale e in piena ondata pandemica. Le fasce orarie permettevano di differenziare gli elettori anziani e vulnerabili, che potevano recarsi alle urne durante le prime due ore del mattino, seguiti dal resto dei cittadini e lasciando l&#8217;ultima ora agli elettori infetti da COVID o a rischio di soffrirne. Questo fatto ha trasformato i seggi elettorali in una fotografia di persone vestite con EPIS, come se fossero i reparti di terapia intensiva di un ospedale. Anche se, ad essere onesti, forse questa \u00e8 la migliore diagnosi in un momento in cui la politica \u00e8 ai minimi storici e merita di essere screditata da una gran parte della popolazione.<\/span><\/span><\/p>\n<p><span style=\"font-size: medium;\"><span lang=\"it-IT\">La sintesi d\u00e0 almeno due punti di vista sul vincitore delle elezioni. Da un lato, <\/span><\/span><span style=\"font-size: medium;\"><span lang=\"it-IT\"><b>l&#8217;insieme dei partiti che promuovono l\u2019indipendenza<\/b><\/span><\/span><span style=\"font-size: medium;\"><span lang=\"it-IT\"> (formato da partiti di sinistra e di destra) ha preso pi\u00f9 del 50% dei voti (74 seggi di 68 che sarebbe la maggioranza assoluta su 135 seggi), un successo clamoroso in un momento in cui sembrava che il sogno dell&#8217;indipendenza stesse svanendo dopo la dura repressione che il governo spagnolo ha esercitato per 3 anni e 3 mesi sui principali leader che hanno iniziato una lotta pacifica per il diritto all&#8217;autodeterminazione e che attualmente sono ancora in prigione o in esilio. Dall&#8217;altra parte, <\/span><\/span><span style=\"font-size: medium;\"><span lang=\"it-IT\"><b>anche le forze di sinistra<\/b><\/span><\/span><span style=\"font-size: medium;\"><span lang=\"it-IT\"> (pro-indipendenza e non-indipendenza) superano di gran lunga il 50% dei voti (75 seggi). La possibile coalizione di uno qualsiasi di questi scenari darebbe Pere Aragon\u00e9s come presidente in entrambi i casi, con un governo pro-indipendenza o con un governo di sinistra. Se nessuna delle due complesse situazioni raggiungesse un accordo, la Catalogna tornerebbe alle urne in futuro.<\/span><\/span><\/p>\n<p><span style=\"font-size: medium;\"><span lang=\"it-IT\"><b>Dal punto di vista del movimento pro-indipendenza<\/b><\/span><\/span><span style=\"font-size: medium;\"><span lang=\"it-IT\">, la presidenza di un partito repubblicano (ERC, 33 seggi), di sinistra e pro-indipendenza, \u00e8 un evento storico che non si \u00e8 ripetuto negli ultimi 80 anni. Il popolo catalano \u00e8 rimasto fermo alle sue radici, alle sue idee, e in tempi di crisi, il sentimento delle sue origini rinasce con forza. Il suo presidente, Oriol Junqueras, un uomo di aspetto semplice, grande oratore, cristiano nelle sue credenze spirituali, non potr\u00e0 servire come presidente nel caso in cui si raggiunga una coalizione di forze pro-indipendenza perch\u00e9 \u00e8 imprigionato dopo il &#8220;referendum illegale&#8221; sull&#8217;indipendenza nell&#8217;ottobre 2017. Il suo successore, Pere Aragon\u00e9s (attuale presidente ad interim) sarebbe investito dell&#8217;importante carica al suo posto. Questa investitura sarebbe possibile solo con l&#8217;appoggio degli altri due partiti pro-indipendenza: Junts (di destra, 32 seggi) e la CUP (sinistra anticapitalista e assemblearista, 9 seggi).<\/span><\/span><\/p>\n<p><span style=\"font-size: medium;\"><span lang=\"it-IT\">In questo scenario politico pro-indipendenza, vale la pena notare l&#8217;aumento dei voti del CUP rispetto alle elezioni precedenti. Per la maggior parte, il CUP \u00e8 composto da giovani elettori con un&#8217;alta percentuale di studenti universitari.<\/span><\/span><\/p>\n<p><span style=\"font-size: medium;\"><span lang=\"it-IT\"><b>Dal punto di vista di un possibile scenario presieduto dalla sinistra<\/b><\/span><\/span><span style=\"font-size: medium;\"><span lang=\"it-IT\"> c&#8217;\u00e8 ancora Pere Aragon\u00e9s come presidente, ma la sua investitura \u00e8 possibile solo con l&#8217;appoggio di En Com\u00fa Podem (i Comunes catalani derivati dal partito di Pablo Iglesias che, guidati da Jessica Albiach, sono riusciti a mantenere 8 seggi) e il PSC, entrambi alleati nel governo centrale, ma con grandi differenze rispetto alla posizione pro-indipendenza.<\/span><\/span><\/p>\n<p><span style=\"font-size: medium;\"><span lang=\"it-IT\">Il PSC (Partit Socialista Catal\u00e0), pur essendo il vincitore in quanto a voti (ma con gli stessi seggi di ERC), non avrebbe quasi nessuna possibilit\u00e0 di presiedere il Parlamento. Queste elezioni hanno presagito la rinascita del PSC dalle ceneri delle ultime consultazioni, tornando sulla parte della bilancia da cui storicamente ha sempre combattuto con la destra nazionalista catalana. Salvador Illa \u00e8 stata la mossa vincente del Partito Socialista Operaio Spagnolo, il suo ruolo di ministro della salute del governo centrale lo ha reso figura di spicco e centro dell&#8217;attenzione di tutti i canali televisivi. La sua parola nel mezzo della pandemia arrivava direttamente alle masse, quindi, quale miglior candidato per un partito che stava segnando un gol con una figura di grande peso, senza crepe e portavoce della pandemia. Va ricordato che il PSC ha sostenuto il PP nell&#8217;applicazione dell&#8217;articolo 155 in Catalogna, un articolo con il quale il governo centrale \u00e8 intervenuto sull&#8217;autonomia della Catalogna per 7 mesi.<\/span><\/span><\/p>\n<p><span style=\"font-size: medium;\"><span lang=\"it-IT\">Al di l\u00e0 di questi due scenari politici, la cui composizione presenta delle complessit\u00e0 in entrambi i casi, vale la pena notare l&#8217;ingresso di VOX (l&#8217;estrema destra) al Parlamento catalano con la ragguardevole cifra di 11 seggi; e la caduta del resto delle forze di destra o di centro-destra come il PP(Partido Polular), Cs (Ciutadans) e infine la scomparsa del PDCAT, ex alleato di Junts e che per anni ha presieduto la Generalitat.<\/span><\/span><\/p>\n<p>&nbsp;<\/p>\n<p><em>Traduzione dallo spagnolo di Francesca Grassia. Revisione: Silvia Nocera<\/em><\/p>\n","protected":false},"excerpt":{"rendered":"<p>I risultati delle elezioni del 14 Febbraio hanno precipitato la Catalogna in un&#8217;incertezza che la lascia senza un presidente e con tre possibili scenari: una coalizione di partiti pro-indipendenza, una coalizione di forze di sinistra o una ripetizione delle elezioni.&hellip;<\/p>\n","protected":false},"author":647,"featured_media":1298543,"comment_status":"closed","ping_status":"closed","sticky":false,"template":"","format":"standard","meta":{"footnotes":""},"categories":[11388,47,162,55],"tags":[87480,87481,87482,87483,87484,87485,87486],"class_list":["post-1299666","post","type-post","status-publish","format-standard","has-post-thumbnail","hentry","category-contenuti-originali","category-europa","category-opinioni","category-politica","tag-eleccionscatalanas14f","tag-eleccionscatalunya","tag-eleccionsparlament-it","tag-encomupodem-it","tag-14f-it","tag-erc-it","tag-psc-it"],"yoast_head":"<!-- This site is optimized with the Yoast SEO plugin v27.1.1 - https:\/\/yoast.com\/product\/yoast-seo-wordpress\/ -->\n<title>Elezioni in Catalogna: coalizione pro-indipendenza o coalizione di sinistra<\/title>\n<meta name=\"description\" content=\"I risultati delle elezioni del 14 Febbraio hanno precipitato la Catalogna in un&#039;incertezza che la lascia senza un presidente e con tre possibili scenari:\" \/>\n<meta name=\"robots\" content=\"index, follow, max-snippet:-1, max-image-preview:large, max-video-preview:-1\" \/>\n<link rel=\"canonical\" href=\"https:\/\/www.pressenza.com\/it\/2021\/02\/elezioni-in-catalogna-coalizione-pro-indipendenza-o-coalizione-di-sinistra\/\" \/>\n<meta property=\"og:locale\" content=\"it_IT\" \/>\n<meta property=\"og:type\" content=\"article\" \/>\n<meta property=\"og:title\" content=\"Elezioni in Catalogna: coalizione pro-indipendenza o coalizione di sinistra\" \/>\n<meta property=\"og:description\" content=\"I risultati delle elezioni del 14 Febbraio hanno precipitato la Catalogna in un&#039;incertezza che la lascia senza un presidente e con tre possibili scenari:\" \/>\n<meta property=\"og:url\" content=\"https:\/\/www.pressenza.com\/it\/2021\/02\/elezioni-in-catalogna-coalizione-pro-indipendenza-o-coalizione-di-sinistra\/\" \/>\n<meta property=\"og:site_name\" content=\"Pressenza\" \/>\n<meta property=\"article:publisher\" content=\"https:\/\/www.facebook.com\/PressenzaItalia\" \/>\n<meta property=\"article:published_time\" content=\"2021-02-17T22:02:41+00:00\" \/>\n<meta property=\"og:image\" content=\"https:\/\/www.pressenza.com\/wp-content\/uploads\/2021\/02\/14F.jpg\" \/>\n\t<meta property=\"og:image:width\" content=\"956\" \/>\n\t<meta property=\"og:image:height\" content=\"592\" \/>\n\t<meta property=\"og:image:type\" content=\"image\/jpeg\" \/>\n<meta name=\"author\" content=\"Raquel Paricio\" \/>\n<meta name=\"twitter:card\" content=\"summary_large_image\" \/>\n<meta name=\"twitter:creator\" content=\"@PressenzaIPA\" \/>\n<meta name=\"twitter:site\" content=\"@PressenzaIPA\" \/>\n<meta name=\"twitter:label1\" content=\"Scritto da\" \/>\n\t<meta name=\"twitter:data1\" content=\"Raquel Paricio\" \/>\n\t<meta name=\"twitter:label2\" content=\"Tempo di lettura stimato\" \/>\n\t<meta name=\"twitter:data2\" content=\"4 minuti\" \/>\n<script type=\"application\/ld+json\" class=\"yoast-schema-graph\">{\"@context\":\"https:\/\/schema.org\",\"@graph\":[{\"@type\":\"Article\",\"@id\":\"https:\/\/www.pressenza.com\/it\/2021\/02\/elezioni-in-catalogna-coalizione-pro-indipendenza-o-coalizione-di-sinistra\/#article\",\"isPartOf\":{\"@id\":\"https:\/\/www.pressenza.com\/it\/2021\/02\/elezioni-in-catalogna-coalizione-pro-indipendenza-o-coalizione-di-sinistra\/\"},\"author\":{\"name\":\"Raquel Paricio\",\"@id\":\"https:\/\/www.pressenza.com\/it\/#\/schema\/person\/7104466338f7b188aedd367b5e15c977\"},\"headline\":\"Elezioni in Catalogna: coalizione pro-indipendenza o coalizione di sinistra\",\"datePublished\":\"2021-02-17T22:02:41+00:00\",\"mainEntityOfPage\":{\"@id\":\"https:\/\/www.pressenza.com\/it\/2021\/02\/elezioni-in-catalogna-coalizione-pro-indipendenza-o-coalizione-di-sinistra\/\"},\"wordCount\":866,\"publisher\":{\"@id\":\"https:\/\/www.pressenza.com\/it\/#organization\"},\"image\":{\"@id\":\"https:\/\/www.pressenza.com\/it\/2021\/02\/elezioni-in-catalogna-coalizione-pro-indipendenza-o-coalizione-di-sinistra\/#primaryimage\"},\"thumbnailUrl\":\"https:\/\/www.pressenza.com\/wp-content\/uploads\/2021\/02\/14F.jpg\",\"keywords\":[\"#EleccionsCatalanas14F\",\"#EleccionsCatalunya\",\"#EleccionsParlament\",\"#EnCom\u00faPodem\",\"14F\",\"ERC\",\"PSC\"],\"articleSection\":[\"contenuti originali\",\"Europa\",\"Opinioni\",\"Politica\"],\"inLanguage\":\"it-IT\"},{\"@type\":\"WebPage\",\"@id\":\"https:\/\/www.pressenza.com\/it\/2021\/02\/elezioni-in-catalogna-coalizione-pro-indipendenza-o-coalizione-di-sinistra\/\",\"url\":\"https:\/\/www.pressenza.com\/it\/2021\/02\/elezioni-in-catalogna-coalizione-pro-indipendenza-o-coalizione-di-sinistra\/\",\"name\":\"Elezioni in Catalogna: coalizione pro-indipendenza o coalizione di sinistra\",\"isPartOf\":{\"@id\":\"https:\/\/www.pressenza.com\/it\/#website\"},\"primaryImageOfPage\":{\"@id\":\"https:\/\/www.pressenza.com\/it\/2021\/02\/elezioni-in-catalogna-coalizione-pro-indipendenza-o-coalizione-di-sinistra\/#primaryimage\"},\"image\":{\"@id\":\"https:\/\/www.pressenza.com\/it\/2021\/02\/elezioni-in-catalogna-coalizione-pro-indipendenza-o-coalizione-di-sinistra\/#primaryimage\"},\"thumbnailUrl\":\"https:\/\/www.pressenza.com\/wp-content\/uploads\/2021\/02\/14F.jpg\",\"datePublished\":\"2021-02-17T22:02:41+00:00\",\"description\":\"I risultati delle elezioni del 14 Febbraio hanno precipitato la Catalogna in un'incertezza che la lascia senza un presidente e con tre possibili scenari:\",\"breadcrumb\":{\"@id\":\"https:\/\/www.pressenza.com\/it\/2021\/02\/elezioni-in-catalogna-coalizione-pro-indipendenza-o-coalizione-di-sinistra\/#breadcrumb\"},\"inLanguage\":\"it-IT\",\"potentialAction\":[{\"@type\":\"ReadAction\",\"target\":[\"https:\/\/www.pressenza.com\/it\/2021\/02\/elezioni-in-catalogna-coalizione-pro-indipendenza-o-coalizione-di-sinistra\/\"]}]},{\"@type\":\"ImageObject\",\"inLanguage\":\"it-IT\",\"@id\":\"https:\/\/www.pressenza.com\/it\/2021\/02\/elezioni-in-catalogna-coalizione-pro-indipendenza-o-coalizione-di-sinistra\/#primaryimage\",\"url\":\"https:\/\/www.pressenza.com\/wp-content\/uploads\/2021\/02\/14F.jpg\",\"contentUrl\":\"https:\/\/www.pressenza.com\/wp-content\/uploads\/2021\/02\/14F.jpg\",\"width\":956,\"height\":592},{\"@type\":\"BreadcrumbList\",\"@id\":\"https:\/\/www.pressenza.com\/it\/2021\/02\/elezioni-in-catalogna-coalizione-pro-indipendenza-o-coalizione-di-sinistra\/#breadcrumb\",\"itemListElement\":[{\"@type\":\"ListItem\",\"position\":1,\"name\":\"Accueil\",\"item\":\"https:\/\/www.pressenza.com\/it\/\"},{\"@type\":\"ListItem\",\"position\":2,\"name\":\"Elezioni in Catalogna: coalizione pro-indipendenza o coalizione di sinistra\"}]},{\"@type\":\"WebSite\",\"@id\":\"https:\/\/www.pressenza.com\/it\/#website\",\"url\":\"https:\/\/www.pressenza.com\/it\/\",\"name\":\"Pressenza\",\"description\":\"Agenzia di Stampa Internazionale\",\"publisher\":{\"@id\":\"https:\/\/www.pressenza.com\/it\/#organization\"},\"potentialAction\":[{\"@type\":\"SearchAction\",\"target\":{\"@type\":\"EntryPoint\",\"urlTemplate\":\"https:\/\/www.pressenza.com\/it\/?s={search_term_string}\"},\"query-input\":{\"@type\":\"PropertyValueSpecification\",\"valueRequired\":true,\"valueName\":\"search_term_string\"}}],\"inLanguage\":\"it-IT\"},{\"@type\":\"Organization\",\"@id\":\"https:\/\/www.pressenza.com\/it\/#organization\",\"name\":\"Pressenza\",\"url\":\"https:\/\/www.pressenza.com\/it\/\",\"logo\":{\"@type\":\"ImageObject\",\"inLanguage\":\"it-IT\",\"@id\":\"https:\/\/www.pressenza.com\/it\/#\/schema\/logo\/image\/\",\"url\":\"https:\/\/www.pressenza.com\/wp-content\/uploads\/2022\/10\/pressenza_logo_200x200.jpg\",\"contentUrl\":\"https:\/\/www.pressenza.com\/wp-content\/uploads\/2022\/10\/pressenza_logo_200x200.jpg\",\"width\":200,\"height\":200,\"caption\":\"Pressenza\"},\"image\":{\"@id\":\"https:\/\/www.pressenza.com\/it\/#\/schema\/logo\/image\/\"},\"sameAs\":[\"https:\/\/www.facebook.com\/PressenzaItalia\",\"https:\/\/x.com\/PressenzaIPA\"]},{\"@type\":\"Person\",\"@id\":\"https:\/\/www.pressenza.com\/it\/#\/schema\/person\/7104466338f7b188aedd367b5e15c977\",\"name\":\"Raquel Paricio\",\"description\":\"Docente. Artista. Humanista. Doctora en Arte y Tecnolog\u00eda. Investiga en las diferentes escuelas de meditaci\u00f3n de diferentes culturas.\",\"url\":\"https:\/\/www.pressenza.com\/it\/author\/raquel-paricio\/\"}]}<\/script>\n<!-- \/ Yoast SEO plugin. -->","yoast_head_json":{"title":"Elezioni in Catalogna: coalizione pro-indipendenza o coalizione di sinistra","description":"I risultati delle elezioni del 14 Febbraio hanno precipitato la Catalogna in un'incertezza che la lascia senza un presidente e con tre possibili scenari:","robots":{"index":"index","follow":"follow","max-snippet":"max-snippet:-1","max-image-preview":"max-image-preview:large","max-video-preview":"max-video-preview:-1"},"canonical":"https:\/\/www.pressenza.com\/it\/2021\/02\/elezioni-in-catalogna-coalizione-pro-indipendenza-o-coalizione-di-sinistra\/","og_locale":"it_IT","og_type":"article","og_title":"Elezioni in Catalogna: coalizione pro-indipendenza o coalizione di sinistra","og_description":"I risultati delle elezioni del 14 Febbraio hanno precipitato la Catalogna in un'incertezza che la lascia senza un presidente e con tre possibili scenari:","og_url":"https:\/\/www.pressenza.com\/it\/2021\/02\/elezioni-in-catalogna-coalizione-pro-indipendenza-o-coalizione-di-sinistra\/","og_site_name":"Pressenza","article_publisher":"https:\/\/www.facebook.com\/PressenzaItalia","article_published_time":"2021-02-17T22:02:41+00:00","og_image":[{"width":956,"height":592,"url":"https:\/\/www.pressenza.com\/wp-content\/uploads\/2021\/02\/14F.jpg","type":"image\/jpeg"}],"author":"Raquel Paricio","twitter_card":"summary_large_image","twitter_creator":"@PressenzaIPA","twitter_site":"@PressenzaIPA","twitter_misc":{"Scritto da":"Raquel Paricio","Tempo di lettura stimato":"4 minuti"},"schema":{"@context":"https:\/\/schema.org","@graph":[{"@type":"Article","@id":"https:\/\/www.pressenza.com\/it\/2021\/02\/elezioni-in-catalogna-coalizione-pro-indipendenza-o-coalizione-di-sinistra\/#article","isPartOf":{"@id":"https:\/\/www.pressenza.com\/it\/2021\/02\/elezioni-in-catalogna-coalizione-pro-indipendenza-o-coalizione-di-sinistra\/"},"author":{"name":"Raquel Paricio","@id":"https:\/\/www.pressenza.com\/it\/#\/schema\/person\/7104466338f7b188aedd367b5e15c977"},"headline":"Elezioni in Catalogna: coalizione pro-indipendenza o coalizione di sinistra","datePublished":"2021-02-17T22:02:41+00:00","mainEntityOfPage":{"@id":"https:\/\/www.pressenza.com\/it\/2021\/02\/elezioni-in-catalogna-coalizione-pro-indipendenza-o-coalizione-di-sinistra\/"},"wordCount":866,"publisher":{"@id":"https:\/\/www.pressenza.com\/it\/#organization"},"image":{"@id":"https:\/\/www.pressenza.com\/it\/2021\/02\/elezioni-in-catalogna-coalizione-pro-indipendenza-o-coalizione-di-sinistra\/#primaryimage"},"thumbnailUrl":"https:\/\/www.pressenza.com\/wp-content\/uploads\/2021\/02\/14F.jpg","keywords":["#EleccionsCatalanas14F","#EleccionsCatalunya","#EleccionsParlament","#EnCom\u00faPodem","14F","ERC","PSC"],"articleSection":["contenuti originali","Europa","Opinioni","Politica"],"inLanguage":"it-IT"},{"@type":"WebPage","@id":"https:\/\/www.pressenza.com\/it\/2021\/02\/elezioni-in-catalogna-coalizione-pro-indipendenza-o-coalizione-di-sinistra\/","url":"https:\/\/www.pressenza.com\/it\/2021\/02\/elezioni-in-catalogna-coalizione-pro-indipendenza-o-coalizione-di-sinistra\/","name":"Elezioni in Catalogna: coalizione pro-indipendenza o coalizione di sinistra","isPartOf":{"@id":"https:\/\/www.pressenza.com\/it\/#website"},"primaryImageOfPage":{"@id":"https:\/\/www.pressenza.com\/it\/2021\/02\/elezioni-in-catalogna-coalizione-pro-indipendenza-o-coalizione-di-sinistra\/#primaryimage"},"image":{"@id":"https:\/\/www.pressenza.com\/it\/2021\/02\/elezioni-in-catalogna-coalizione-pro-indipendenza-o-coalizione-di-sinistra\/#primaryimage"},"thumbnailUrl":"https:\/\/www.pressenza.com\/wp-content\/uploads\/2021\/02\/14F.jpg","datePublished":"2021-02-17T22:02:41+00:00","description":"I risultati delle elezioni del 14 Febbraio hanno precipitato la Catalogna in un'incertezza che la lascia senza un presidente e con tre possibili scenari:","breadcrumb":{"@id":"https:\/\/www.pressenza.com\/it\/2021\/02\/elezioni-in-catalogna-coalizione-pro-indipendenza-o-coalizione-di-sinistra\/#breadcrumb"},"inLanguage":"it-IT","potentialAction":[{"@type":"ReadAction","target":["https:\/\/www.pressenza.com\/it\/2021\/02\/elezioni-in-catalogna-coalizione-pro-indipendenza-o-coalizione-di-sinistra\/"]}]},{"@type":"ImageObject","inLanguage":"it-IT","@id":"https:\/\/www.pressenza.com\/it\/2021\/02\/elezioni-in-catalogna-coalizione-pro-indipendenza-o-coalizione-di-sinistra\/#primaryimage","url":"https:\/\/www.pressenza.com\/wp-content\/uploads\/2021\/02\/14F.jpg","contentUrl":"https:\/\/www.pressenza.com\/wp-content\/uploads\/2021\/02\/14F.jpg","width":956,"height":592},{"@type":"BreadcrumbList","@id":"https:\/\/www.pressenza.com\/it\/2021\/02\/elezioni-in-catalogna-coalizione-pro-indipendenza-o-coalizione-di-sinistra\/#breadcrumb","itemListElement":[{"@type":"ListItem","position":1,"name":"Accueil","item":"https:\/\/www.pressenza.com\/it\/"},{"@type":"ListItem","position":2,"name":"Elezioni in Catalogna: coalizione pro-indipendenza o coalizione di sinistra"}]},{"@type":"WebSite","@id":"https:\/\/www.pressenza.com\/it\/#website","url":"https:\/\/www.pressenza.com\/it\/","name":"Pressenza","description":"Agenzia di Stampa Internazionale","publisher":{"@id":"https:\/\/www.pressenza.com\/it\/#organization"},"potentialAction":[{"@type":"SearchAction","target":{"@type":"EntryPoint","urlTemplate":"https:\/\/www.pressenza.com\/it\/?s={search_term_string}"},"query-input":{"@type":"PropertyValueSpecification","valueRequired":true,"valueName":"search_term_string"}}],"inLanguage":"it-IT"},{"@type":"Organization","@id":"https:\/\/www.pressenza.com\/it\/#organization","name":"Pressenza","url":"https:\/\/www.pressenza.com\/it\/","logo":{"@type":"ImageObject","inLanguage":"it-IT","@id":"https:\/\/www.pressenza.com\/it\/#\/schema\/logo\/image\/","url":"https:\/\/www.pressenza.com\/wp-content\/uploads\/2022\/10\/pressenza_logo_200x200.jpg","contentUrl":"https:\/\/www.pressenza.com\/wp-content\/uploads\/2022\/10\/pressenza_logo_200x200.jpg","width":200,"height":200,"caption":"Pressenza"},"image":{"@id":"https:\/\/www.pressenza.com\/it\/#\/schema\/logo\/image\/"},"sameAs":["https:\/\/www.facebook.com\/PressenzaItalia","https:\/\/x.com\/PressenzaIPA"]},{"@type":"Person","@id":"https:\/\/www.pressenza.com\/it\/#\/schema\/person\/7104466338f7b188aedd367b5e15c977","name":"Raquel Paricio","description":"Docente. Artista. Humanista. Doctora en Arte y Tecnolog\u00eda. Investiga en las diferentes escuelas de meditaci\u00f3n de diferentes culturas.","url":"https:\/\/www.pressenza.com\/it\/author\/raquel-paricio\/"}]}},"place":"Barcellona","original_article_url":"","_links":{"self":[{"href":"https:\/\/www.pressenza.com\/it\/wp-json\/wp\/v2\/posts\/1299666","targetHints":{"allow":["GET"]}}],"collection":[{"href":"https:\/\/www.pressenza.com\/it\/wp-json\/wp\/v2\/posts"}],"about":[{"href":"https:\/\/www.pressenza.com\/it\/wp-json\/wp\/v2\/types\/post"}],"author":[{"embeddable":true,"href":"https:\/\/www.pressenza.com\/it\/wp-json\/wp\/v2\/users\/647"}],"replies":[{"embeddable":true,"href":"https:\/\/www.pressenza.com\/it\/wp-json\/wp\/v2\/comments?post=1299666"}],"version-history":[{"count":0,"href":"https:\/\/www.pressenza.com\/it\/wp-json\/wp\/v2\/posts\/1299666\/revisions"}],"wp:featuredmedia":[{"embeddable":true,"href":"https:\/\/www.pressenza.com\/it\/wp-json\/wp\/v2\/media\/1298543"}],"wp:attachment":[{"href":"https:\/\/www.pressenza.com\/it\/wp-json\/wp\/v2\/media?parent=1299666"}],"wp:term":[{"taxonomy":"category","embeddable":true,"href":"https:\/\/www.pressenza.com\/it\/wp-json\/wp\/v2\/categories?post=1299666"},{"taxonomy":"post_tag","embeddable":true,"href":"https:\/\/www.pressenza.com\/it\/wp-json\/wp\/v2\/tags?post=1299666"}],"curies":[{"name":"wp","href":"https:\/\/api.w.org\/{rel}","templated":true}]}}