{"id":129838,"date":"2014-09-02T11:06:18","date_gmt":"2014-09-02T10:06:18","guid":{"rendered":"http:\/\/www.pressenza.com\/?p=129838"},"modified":"2014-09-02T11:07:37","modified_gmt":"2014-09-02T10:07:37","slug":"violenza-anti-musulmana-in-birmania-opera-buddhisti-neo-nazisti","status":"publish","type":"post","link":"https:\/\/www.pressenza.com\/it\/2014\/09\/violenza-anti-musulmana-in-birmania-opera-buddhisti-neo-nazisti\/","title":{"rendered":"La violenza anti-musulmana in Birmania \u00e8 opera di buddhisti neo-nazisti?"},"content":{"rendered":"<p><strong>Ray Downs*,\u00a0<a href=\"http:\/\/www.vice.com\/\" target=\"_blank\">Vice<\/a>\u00a0\u2013<a href=\"https:\/\/www.transcend.org\/tms\" target=\"_blank\">TRANSCEND Media Service<\/a>\u00a0<\/strong><\/p>\n<p>Quando la maggior parte degli occidentali pensa al buddhismo, immagina uomini sorridenti e panciuti e citazioni ispiratrici alla Phil Jackson. \u201cNeo-nazisti buddhisti\u201d sembra una contraddizione di termini, ma in Birmania sta crescendo un feroce sentimento anti-musulmano. Estremisti buddhisti aggrediscono i musulmani e bruciano case e moschee, una situazione ignorata fino a quando Anonymous non ha lanciato una campagna su Twitter per denunciare il genocidio del popolo Rohingya, i musulmani ufficialmente privi di nazionalit\u00e0 che secondo molti potrebbero essere massacrati se il mondo non reagisce.<\/p>\n<p>Secondo il Dottor Muang Zarni, attivista birmano per i diritti umani e ricercatore presso la London School of Economics, gran parte della responsabilit\u00e0 della situazione attuale in Birmania va attribuita al gruppo 969, un\u2019organizzazione neo-nazista di istigatori all\u2019odio razziale che usa tattiche hitleriane per \u201cpurificare\u201d il paese sbarazzandosi dei musulmani. A suo parere \u00e8 anche uno dei movimenti che sta crescendo con maggiore velocit\u00e0.<\/p>\n<p>Ho parlato con il dottor Zarni per scoprire cosa sta succedendo in Birmania e come sia possibile che un buddhista sia nazista.<\/p>\n<p><strong>VICE: Chi sono i 969 e cosa significa questo numero?<\/strong><\/p>\n<p><strong>Dottor Muang Zarni:\u00a0<\/strong>I leader del gruppo 969 sono birmani vestiti da monaci. E\u2019 difficile considerarli davvero dei monaci, visto che diffondono un messaggio di odio anti-musulmano e di islamofobia incompatibile con quello buddhista di gentilezza universale. Il numero 969 significa tre cose: il 9 allude agli attributi speciali di\u00a0Buddha, il fondatore della religione, il 6 si riferisce agli insegnamenti del dharma e l\u2019ultimo 9 a speciali caratteristiche o attributi dei monaci.<\/p>\n<p><strong>Lei ha descritto il gruppo 969 come \u201cil movimento neo-nazista di nazionalisti \u2018buddhisti\u2019 che sta crescendo con maggiore velocit\u00e0 in Birmania\u201d. Che cosa li rende neo-nazisti e perch\u00e9 se la prendono con i musulmani?<\/strong><\/p>\n<p>Uso il termine neo-nazista perch\u00e9 hanno un proposito genocida: tutti i musulmani della Birmania, compresi quelli di etnia birmana, sono considerati sanguisughe, come lo erano gli ebrei nel Terzo Reich dominato dai nazisti. \u00a0Esiste un parallelismo tra ci\u00f2 che abbiamo visto nella Germania nazista e quello che sta accadendo oggi in Birmania. Il movimento 969 e i suoi leaders incitano ad attaccare i musulmani \u2013 non solo i \u00a0Rohingya della parte occidentale del paese, descritti in modo erroneo come immigrati illegali provenienti dal \u00a0Bangladesh, ma tutti i musulmani. I buddhisti che cercano di aiutarli o fanno acquisti in negozi musulmani vengono picchiati, minacciati o esclusi da altri buddhisti.<\/p>\n<p>I militari sono coinvolti in questo movimento. Nel migliore dei casi le autorit\u00e0 militari tollerano il suo messaggio di odio, nel peggiore \u2013 e credo che sia cos\u00ec \u2013 alcuni elementi lo appoggiano in modo passivo. Negli ultimi cinquant\u2019anni, da quando hanno preso il potere, i militari hanno delegato a varie organizzazioni all\u2019interno delle comunit\u00e0 birmane il compito di incitare alla violenza contro gruppi ben precisi: prima erano i dissidenti, poi i cinesi e ora sono i musulmani.<\/p>\n<p><strong>Che cosa ha da guadagnare il governo birmano da questa violenza?<\/strong><\/p>\n<p>A mio parere ci sono tre obiettivi. Innanzitutto i capi militari hanno sostituito le uniformi con gli abiti civili, ma il loro atteggiamento autoritario e dittatoriale non \u00e8 cambiato. Sono ossessionati dalla sicurezza e alcuni di loro ritengono che le attuali riforme siano eccessive. Vogliono rallentare e limitare il processo riformista e per questo devono creare insicurezza sociale e usare situazioni instabili per poter dire: \u201cLa gente non \u00e0 matura per la libert\u00e0 di espressione, di movimento e di organizzazione, dunque noi dobbiamo gestire la situazione per assicurare l\u2019ordine e impedire che si uccidano a vicenda.\u201d<\/p>\n<p>In secondo luogo l\u2019anno scorso, quando sono cominciate queste ondate di violenza contro i musulmani Rohingya, i militari e il loro partito politico erano in grosse difficolt\u00e0 per la pesante sconfitta elettorale. A due mesi dalla disfatta hanno deciso di creare un potente e diffuso sentimento anti-musulmano nel paese. Ora Aun Sang Suu Kyi \u00e8 in una situazione difficile, perch\u00e9 pu\u00f2 usare solo il linguaggio dei diritti umani e della democrazia, che non \u00e8 potente come l\u2019ideologia propugnata dai militari e da questi monaci neo-nazisti. Quando si tratta di opporsi a questo tipo di abnorme movimento religioso, il linguaggio dei diritti umani non \u00e8 mai sufficiente.<\/p>\n<p>In terzo luogo, credo che i militari non stiano lasciando nulla al caso. Nel 2015 \u00e8 prevista un\u2019altra tornata elettorale e loro vogliono disporre di un nuovo movimento politico da opporre al partito di Aun Sang Suu Kyi. Come risultato il gruppo neo-nazista 969 \u00e8 il movimento pi\u00f9 popolare del paese.<\/p>\n<p><strong>Su <a href=\"http:\/\/www.youtube.com\/watch?v=N7irUgGsFYw\" target=\"_blank\">YouTube il video di un sermon<\/a>e\u00a0di Wirathu, uno dei leader del gruppo 969, lo mostra mentre afferma che i musulmani stanno appropriandosi del paese e distruggendo lo stile di vita buddhista. Questo punto di vista \u00e8 diffuso solo negli ambienti estremisti, o anche tra i cittadini comuni?<\/strong><\/p>\n<p>La reazione \u00e8 mista. Noi birmani tendiamo a nutrire pregiudizi nei confronti della gente con la pelle pi\u00f9 scura. E\u2019 un atteggiamento tipico dei paesi dell\u2019Estremo Oriente o del Sud-Est Asiatico, dove la pelle pi\u00f9 chiara viene considerata pi\u00f9 prestigiosa e desiderabile. Il movimento 969 approfitta dei pregiudizi storici e culturali della nostra societ\u00e0 verso la gente con la pelle pi\u00f9 scura.<\/p>\n<p>Inoltre nel paese pi\u00f9 povero del Sud-Est Asiatico il linguaggio del nazionalismo economico usato dai neo-nazisti fa presa. Loro dicono alla gente che \u00e8 povera perch\u00e9 le \u201csanguisughe islamiche\u201d si prendono la sua ricchezza.<\/p>\n<p><strong>Quale ruolo possono avere i governi occidentali in questa situazione?<\/strong><\/p>\n<p>La Birmania \u00e8 un paese fondamentale nella nuova politica estera di Obama, che tenta di riequilibrare gli interessi e il potere americani. Si trova infatti tra due grandi potenze, l\u2019India e la Cina ed \u00e8 anche vicina alla Thailandia, ossia il fulcro strategico degli Stati Uniti per ogni operazione diplomatica, economica e dei servizi segreti nel Sud-Est Asiatico.<\/p>\n<p>Le compagnie americane ed europee sono in cerca di nuovi mercati per uscire dal loro declino economico e la Birmania possiede ingenti risorse di petrolio, gas, uranio e legname. Non dipingeranno certo il loro nuovo socio in affari in un mercato emergente come un paese dove si sta praticando un genocidio.<\/p>\n<p>Se l\u2019Occidente definisse un genocidio ci\u00f2 che sta accadendo in Birmania, la comunit\u00e0 internazionale esigerebbe un intervento e chiederebbe che i colpevoli vengano portati davanti alla giustizia. Per questo penso che la comunit\u00e0 internazionale stia usando la mano leggera con i militari birmani.<\/p>\n<p><strong>Per saperne di pi\u00f9 sulla violenza etnica in Birmania:<\/strong><\/p>\n<p><em><a href=\"http:\/\/www.vice.com\/read\/the-rohingya-movement-as-seen-by-a-journalist-in-burma\" target=\"_blank\">The Rohingya Movement, as Seen by a Journalist in Burma<\/a><\/em><\/p>\n<p><em><a href=\"http:\/\/www.vice.com\/read\/anonymous-taught-twitter-about-the-rohingya-genocide\" target=\"_blank\">Anonymous Taught Twitter About the Rohingya Genocide<\/a><\/em><\/p>\n<p><em><a href=\"http:\/\/www.vice.com\/read\/screwdrivers-and-slingshots-inside-burmas-erupting-ethnic-strife\" target=\"_blank\">Screwdriver\u2019s and Slingshots: Inside Burma\u2019s Erupting Sectarian Strif<\/a>e<\/em><\/p>\n<p><b>*Maung Zarni, ricercatore presso l\u2019Universit\u00e0 di Malaya, \u00e8 membro di TRANSCEND Network for Peace, Development and Environment, fondatore e direttore della Free Burma Coalition (1995-2004) e ricercatore in visita (2011-13) presso la Civil Society and Human Security Research Unit, Department of International Development, London School of Economics. Il suo prossimo libro sulla Birmania sar\u00e0 pubblicato dalla Yale University Press<\/b><b>.<\/b><strong>\u00a0Ha<i> <\/i>studiato negli Stati Uniti<i>, <\/i>dove<i> <\/i>ha vissuto e lavorato per 17 anni<i>. <\/i>Il suo sito \u00e8<i> <\/i><\/strong><em><b><a href=\"http:\/\/www.maungzarni.com\/\" target=\"_blank\">www.maungzarni.com<\/a>.<\/b><\/em><b> <\/b><b>Questo articolo \u00e8 stato ripreso da<\/b><em><b> <a href=\"https:\/\/www.transcend.org\/tms\" target=\"_blank\"><i>TRANSCEND Media Service<\/i><\/a>.\u00a0<\/b><\/em><em><b><a href=\"http:\/\/www.vice.com\/read\/is-burmas-anti-muslim-violence-led-by-buddhist-neo-nazis\" target=\"_blank\">Originale: vice.com<\/a><\/b><\/em><\/p>\n<p><strong>Leggere anche:<\/strong><\/p>\n<p><a href=\"http:\/\/human-wrongs-watch.net\/2013\/05\/24\/23446\/\" target=\"_blank\"><strong>Burma: Is Nobel Peace Laureate Aung San Suu Kyi Complicit in the Rohingya\u00a0Ethnocide?<\/strong><\/a><\/p>\n<p><a href=\"http:\/\/human-wrongs-watch.net\/2013\/04\/02\/22129\/\" target=\"_blank\"><strong>\u201cEverything Was on Fire\u201d \u2013 Ma Kyi, Displaced by Violence in Burma<\/strong><\/a><\/p>\n<p><a href=\"http:\/\/human-wrongs-watch.net\/2012\/11\/28\/17337\/\" target=\"_blank\"><strong>Burma\u2019s Step-By-Step Approach toward Rohingya Genocide, Ethno-cide<\/strong><\/a><\/p>\n<p><a href=\"http:\/\/human-wrongs-watch.net\/2012\/11\/16\/16852\/\" target=\"_blank\"><strong>Burma \u2014 Plight of 800,000 Muslim Rohingya Worsened<\/strong><\/a><\/p>\n<p><a href=\"http:\/\/human-wrongs-watch.net\/2012\/11\/03\/16024\/\" target=\"_blank\"><strong>Burma \u2014 People Suffering from Burns, Gunshot, Arrow Injuries in Rakhine State<\/strong><\/a><\/p>\n<p><a href=\"http:\/\/human-wrongs-watch.net\/2012\/10\/10\/14092\/\" target=\"_blank\"><strong>Burma: Did the Government Incite the Racial Violence Targeting the Rohingy?<\/strong><\/a><\/p>\n<p><a href=\"http:\/\/human-wrongs-watch.net\/2012\/11\/01\/15876\/\" target=\"_blank\"><strong>Burma: UN \u2018Alarmed\u2019 at Violence, Calls for Access to Displaced People in Rakhine<\/strong><\/a><\/p>\n<p><a href=\"http:\/\/human-wrongs-watch.net\/2012\/10\/28\/15589\/\" target=\"_blank\"><strong>Burma: Hundreds of Homes Razed in Rohingya Muslim Area \u2013 Satellite Imagery<\/strong><\/a><\/p>\n<p><strong><a href=\"http:\/\/human-wrongs-watch.net\/2012\/10\/27\/15483\/\" target=\"_blank\">End Endemic Discrimination against Muslim Community \u2013 UN to Burma\u00a0<\/a><\/strong><\/p>\n<p><strong><a href=\"http:\/\/human-wrongs-watch.net\/2012\/10\/26\/15447\/\" target=\"_blank\">Burma \u2013 More Violence in Muslim Rakhine State, UN Calls for Urgent Action<\/a><\/strong><\/p>\n<p><a href=\"http:\/\/human-wrongs-watch.net\/2012\/10\/26\/15410\/\" target=\"_blank\"><strong>Mounting, Uncontrolled Violence against 800,000 Muslims in Burma<\/strong><\/a><\/p>\n<h3><strong><\/strong><strong>2014<\/strong><strong>\u00a0<a href=\"http:\/\/human-wrongs-watch.net\/\" target=\"_blank\">Human Wrongs Watch<\/a><\/strong><\/h3>\n<p>Traduzione dall\u2019inglese di Anna Polo<\/p>\n","protected":false},"excerpt":{"rendered":"<p>Ray Downs*,\u00a0Vice\u00a0\u2013TRANSCEND Media Service\u00a0 Quando la maggior parte degli occidentali pensa al buddhismo, immagina uomini sorridenti e panciuti e citazioni ispiratrici alla Phil Jackson. \u201cNeo-nazisti buddhisti\u201d sembra una contraddizione di termini, ma in Birmania sta crescendo un feroce sentimento anti-musulmano.&hellip;<\/p>\n","protected":false},"author":530,"featured_media":129785,"comment_status":"closed","ping_status":"open","sticky":false,"template":"","format":"standard","meta":{"footnotes":""},"categories":[46,60,38],"tags":[3334,12117,5643],"class_list":["post-129838","post","type-post","status-publish","format-standard","has-post-thumbnail","hentry","category-asia-it","category-diritti-umani","category-internazionale","tag-birmania","tag-buddhisti","tag-musulmani"],"yoast_head":"<!-- This site is optimized with the Yoast SEO plugin v27.1.1 - https:\/\/yoast.com\/product\/yoast-seo-wordpress\/ -->\n<title>La violenza anti-musulmana in Birmania \u00e8 opera di buddhisti neo-nazisti?<\/title>\n<meta name=\"description\" content=\"Ray Downs*,\u00a0Vice\u00a0\u2013TRANSCEND Media Service\u00a0 Quando la maggior parte degli occidentali pensa al buddhismo, immagina uomini sorridenti e panciuti e citazioni\" \/>\n<meta name=\"robots\" content=\"index, follow, max-snippet:-1, max-image-preview:large, max-video-preview:-1\" \/>\n<link rel=\"canonical\" href=\"https:\/\/www.pressenza.com\/it\/2014\/09\/violenza-anti-musulmana-in-birmania-opera-buddhisti-neo-nazisti\/\" \/>\n<meta property=\"og:locale\" content=\"it_IT\" \/>\n<meta property=\"og:type\" content=\"article\" \/>\n<meta property=\"og:title\" content=\"La violenza anti-musulmana in Birmania \u00e8 opera di buddhisti neo-nazisti?\" \/>\n<meta property=\"og:description\" content=\"Ray Downs*,\u00a0Vice\u00a0\u2013TRANSCEND Media Service\u00a0 Quando la maggior parte degli occidentali pensa al buddhismo, immagina uomini sorridenti e panciuti e citazioni\" \/>\n<meta property=\"og:url\" content=\"https:\/\/www.pressenza.com\/it\/2014\/09\/violenza-anti-musulmana-in-birmania-opera-buddhisti-neo-nazisti\/\" \/>\n<meta property=\"og:site_name\" content=\"Pressenza\" \/>\n<meta property=\"article:publisher\" content=\"https:\/\/www.facebook.com\/PressenzaItalia\" \/>\n<meta property=\"article:published_time\" content=\"2014-09-02T10:06:18+00:00\" \/>\n<meta property=\"article:modified_time\" content=\"2014-09-02T10:07:37+00:00\" \/>\n<meta property=\"og:image\" content=\"https:\/\/www.pressenza.com\/wp-content\/uploads\/2014\/09\/969-logo-burma-myanmar1.jpg\" \/>\n\t<meta property=\"og:image:width\" content=\"640\" \/>\n\t<meta property=\"og:image:height\" content=\"426\" \/>\n\t<meta property=\"og:image:type\" content=\"image\/jpeg\" \/>\n<meta name=\"author\" content=\"Baher Kamal\" \/>\n<meta name=\"twitter:card\" content=\"summary_large_image\" \/>\n<meta name=\"twitter:creator\" content=\"@PressenzaIPA\" \/>\n<meta name=\"twitter:site\" content=\"@PressenzaIPA\" \/>\n<meta name=\"twitter:label1\" content=\"Scritto da\" \/>\n\t<meta name=\"twitter:data1\" content=\"Baher Kamal\" \/>\n\t<meta name=\"twitter:label2\" content=\"Tempo di lettura stimato\" \/>\n\t<meta name=\"twitter:data2\" content=\"6 minuti\" \/>\n<script type=\"application\/ld+json\" class=\"yoast-schema-graph\">{\"@context\":\"https:\/\/schema.org\",\"@graph\":[{\"@type\":\"Article\",\"@id\":\"https:\/\/www.pressenza.com\/it\/2014\/09\/violenza-anti-musulmana-in-birmania-opera-buddhisti-neo-nazisti\/#article\",\"isPartOf\":{\"@id\":\"https:\/\/www.pressenza.com\/it\/2014\/09\/violenza-anti-musulmana-in-birmania-opera-buddhisti-neo-nazisti\/\"},\"author\":{\"name\":\"Baher Kamal\",\"@id\":\"https:\/\/www.pressenza.com\/it\/#\/schema\/person\/a78eb664d1a2baf4d9b26dc0c0fc5b1b\"},\"headline\":\"La violenza anti-musulmana in Birmania \u00e8 opera di buddhisti neo-nazisti?\",\"datePublished\":\"2014-09-02T10:06:18+00:00\",\"dateModified\":\"2014-09-02T10:07:37+00:00\",\"mainEntityOfPage\":{\"@id\":\"https:\/\/www.pressenza.com\/it\/2014\/09\/violenza-anti-musulmana-in-birmania-opera-buddhisti-neo-nazisti\/\"},\"wordCount\":1290,\"publisher\":{\"@id\":\"https:\/\/www.pressenza.com\/it\/#organization\"},\"image\":{\"@id\":\"https:\/\/www.pressenza.com\/it\/2014\/09\/violenza-anti-musulmana-in-birmania-opera-buddhisti-neo-nazisti\/#primaryimage\"},\"thumbnailUrl\":\"https:\/\/www.pressenza.com\/wp-content\/uploads\/2014\/09\/969-logo-burma-myanmar1.jpg\",\"keywords\":[\"Birmania\",\"buddhisti\",\"musulmani\"],\"articleSection\":[\"Asia\",\"Diritti Umani\",\"Internazionale\"],\"inLanguage\":\"it-IT\"},{\"@type\":\"WebPage\",\"@id\":\"https:\/\/www.pressenza.com\/it\/2014\/09\/violenza-anti-musulmana-in-birmania-opera-buddhisti-neo-nazisti\/\",\"url\":\"https:\/\/www.pressenza.com\/it\/2014\/09\/violenza-anti-musulmana-in-birmania-opera-buddhisti-neo-nazisti\/\",\"name\":\"La violenza anti-musulmana in Birmania \u00e8 opera di buddhisti neo-nazisti?\",\"isPartOf\":{\"@id\":\"https:\/\/www.pressenza.com\/it\/#website\"},\"primaryImageOfPage\":{\"@id\":\"https:\/\/www.pressenza.com\/it\/2014\/09\/violenza-anti-musulmana-in-birmania-opera-buddhisti-neo-nazisti\/#primaryimage\"},\"image\":{\"@id\":\"https:\/\/www.pressenza.com\/it\/2014\/09\/violenza-anti-musulmana-in-birmania-opera-buddhisti-neo-nazisti\/#primaryimage\"},\"thumbnailUrl\":\"https:\/\/www.pressenza.com\/wp-content\/uploads\/2014\/09\/969-logo-burma-myanmar1.jpg\",\"datePublished\":\"2014-09-02T10:06:18+00:00\",\"dateModified\":\"2014-09-02T10:07:37+00:00\",\"description\":\"Ray Downs*,\u00a0Vice\u00a0\u2013TRANSCEND Media Service\u00a0 Quando la maggior parte degli occidentali pensa al buddhismo, immagina uomini sorridenti e panciuti e citazioni\",\"breadcrumb\":{\"@id\":\"https:\/\/www.pressenza.com\/it\/2014\/09\/violenza-anti-musulmana-in-birmania-opera-buddhisti-neo-nazisti\/#breadcrumb\"},\"inLanguage\":\"it-IT\",\"potentialAction\":[{\"@type\":\"ReadAction\",\"target\":[\"https:\/\/www.pressenza.com\/it\/2014\/09\/violenza-anti-musulmana-in-birmania-opera-buddhisti-neo-nazisti\/\"]}]},{\"@type\":\"ImageObject\",\"inLanguage\":\"it-IT\",\"@id\":\"https:\/\/www.pressenza.com\/it\/2014\/09\/violenza-anti-musulmana-in-birmania-opera-buddhisti-neo-nazisti\/#primaryimage\",\"url\":\"https:\/\/www.pressenza.com\/wp-content\/uploads\/2014\/09\/969-logo-burma-myanmar1.jpg\",\"contentUrl\":\"https:\/\/www.pressenza.com\/wp-content\/uploads\/2014\/09\/969-logo-burma-myanmar1.jpg\",\"width\":640,\"height\":426},{\"@type\":\"BreadcrumbList\",\"@id\":\"https:\/\/www.pressenza.com\/it\/2014\/09\/violenza-anti-musulmana-in-birmania-opera-buddhisti-neo-nazisti\/#breadcrumb\",\"itemListElement\":[{\"@type\":\"ListItem\",\"position\":1,\"name\":\"Accueil\",\"item\":\"https:\/\/www.pressenza.com\/it\/\"},{\"@type\":\"ListItem\",\"position\":2,\"name\":\"La violenza anti-musulmana in Birmania \u00e8 opera di buddhisti neo-nazisti?\"}]},{\"@type\":\"WebSite\",\"@id\":\"https:\/\/www.pressenza.com\/it\/#website\",\"url\":\"https:\/\/www.pressenza.com\/it\/\",\"name\":\"Pressenza\",\"description\":\"Agenzia di Stampa Internazionale\",\"publisher\":{\"@id\":\"https:\/\/www.pressenza.com\/it\/#organization\"},\"potentialAction\":[{\"@type\":\"SearchAction\",\"target\":{\"@type\":\"EntryPoint\",\"urlTemplate\":\"https:\/\/www.pressenza.com\/it\/?s={search_term_string}\"},\"query-input\":{\"@type\":\"PropertyValueSpecification\",\"valueRequired\":true,\"valueName\":\"search_term_string\"}}],\"inLanguage\":\"it-IT\"},{\"@type\":\"Organization\",\"@id\":\"https:\/\/www.pressenza.com\/it\/#organization\",\"name\":\"Pressenza\",\"url\":\"https:\/\/www.pressenza.com\/it\/\",\"logo\":{\"@type\":\"ImageObject\",\"inLanguage\":\"it-IT\",\"@id\":\"https:\/\/www.pressenza.com\/it\/#\/schema\/logo\/image\/\",\"url\":\"https:\/\/www.pressenza.com\/wp-content\/uploads\/2022\/10\/pressenza_logo_200x200.jpg\",\"contentUrl\":\"https:\/\/www.pressenza.com\/wp-content\/uploads\/2022\/10\/pressenza_logo_200x200.jpg\",\"width\":200,\"height\":200,\"caption\":\"Pressenza\"},\"image\":{\"@id\":\"https:\/\/www.pressenza.com\/it\/#\/schema\/logo\/image\/\"},\"sameAs\":[\"https:\/\/www.facebook.com\/PressenzaItalia\",\"https:\/\/x.com\/PressenzaIPA\"]},{\"@type\":\"Person\",\"@id\":\"https:\/\/www.pressenza.com\/it\/#\/schema\/person\/a78eb664d1a2baf4d9b26dc0c0fc5b1b\",\"name\":\"Baher Kamal\",\"description\":\"Baher Kamal, Egyptian-born, Spanish national secular journalist. He is founder and publisher of Human Wrongs Watch Kamal is a pro-peace, non-violence, human rights, harmonious coexistence defender among human beings and with Nature, with more than 43 years of professional experience. With these issues in sight, he covered practically all professional posts, from correspondent to chief editor of dailies and international news agencies. human-wrongs-watch.net\",\"url\":\"https:\/\/www.pressenza.com\/it\/author\/baher-kamal\/\"}]}<\/script>\n<!-- \/ Yoast SEO plugin. -->","yoast_head_json":{"title":"La violenza anti-musulmana in Birmania \u00e8 opera di buddhisti neo-nazisti?","description":"Ray Downs*,\u00a0Vice\u00a0\u2013TRANSCEND Media Service\u00a0 Quando la maggior parte degli occidentali pensa al buddhismo, immagina uomini sorridenti e panciuti e citazioni","robots":{"index":"index","follow":"follow","max-snippet":"max-snippet:-1","max-image-preview":"max-image-preview:large","max-video-preview":"max-video-preview:-1"},"canonical":"https:\/\/www.pressenza.com\/it\/2014\/09\/violenza-anti-musulmana-in-birmania-opera-buddhisti-neo-nazisti\/","og_locale":"it_IT","og_type":"article","og_title":"La violenza anti-musulmana in Birmania \u00e8 opera di buddhisti neo-nazisti?","og_description":"Ray Downs*,\u00a0Vice\u00a0\u2013TRANSCEND Media Service\u00a0 Quando la maggior parte degli occidentali pensa al buddhismo, immagina uomini sorridenti e panciuti e citazioni","og_url":"https:\/\/www.pressenza.com\/it\/2014\/09\/violenza-anti-musulmana-in-birmania-opera-buddhisti-neo-nazisti\/","og_site_name":"Pressenza","article_publisher":"https:\/\/www.facebook.com\/PressenzaItalia","article_published_time":"2014-09-02T10:06:18+00:00","article_modified_time":"2014-09-02T10:07:37+00:00","og_image":[{"width":640,"height":426,"url":"https:\/\/www.pressenza.com\/wp-content\/uploads\/2014\/09\/969-logo-burma-myanmar1.jpg","type":"image\/jpeg"}],"author":"Baher Kamal","twitter_card":"summary_large_image","twitter_creator":"@PressenzaIPA","twitter_site":"@PressenzaIPA","twitter_misc":{"Scritto da":"Baher Kamal","Tempo di lettura stimato":"6 minuti"},"schema":{"@context":"https:\/\/schema.org","@graph":[{"@type":"Article","@id":"https:\/\/www.pressenza.com\/it\/2014\/09\/violenza-anti-musulmana-in-birmania-opera-buddhisti-neo-nazisti\/#article","isPartOf":{"@id":"https:\/\/www.pressenza.com\/it\/2014\/09\/violenza-anti-musulmana-in-birmania-opera-buddhisti-neo-nazisti\/"},"author":{"name":"Baher Kamal","@id":"https:\/\/www.pressenza.com\/it\/#\/schema\/person\/a78eb664d1a2baf4d9b26dc0c0fc5b1b"},"headline":"La violenza anti-musulmana in Birmania \u00e8 opera di buddhisti neo-nazisti?","datePublished":"2014-09-02T10:06:18+00:00","dateModified":"2014-09-02T10:07:37+00:00","mainEntityOfPage":{"@id":"https:\/\/www.pressenza.com\/it\/2014\/09\/violenza-anti-musulmana-in-birmania-opera-buddhisti-neo-nazisti\/"},"wordCount":1290,"publisher":{"@id":"https:\/\/www.pressenza.com\/it\/#organization"},"image":{"@id":"https:\/\/www.pressenza.com\/it\/2014\/09\/violenza-anti-musulmana-in-birmania-opera-buddhisti-neo-nazisti\/#primaryimage"},"thumbnailUrl":"https:\/\/www.pressenza.com\/wp-content\/uploads\/2014\/09\/969-logo-burma-myanmar1.jpg","keywords":["Birmania","buddhisti","musulmani"],"articleSection":["Asia","Diritti Umani","Internazionale"],"inLanguage":"it-IT"},{"@type":"WebPage","@id":"https:\/\/www.pressenza.com\/it\/2014\/09\/violenza-anti-musulmana-in-birmania-opera-buddhisti-neo-nazisti\/","url":"https:\/\/www.pressenza.com\/it\/2014\/09\/violenza-anti-musulmana-in-birmania-opera-buddhisti-neo-nazisti\/","name":"La violenza anti-musulmana in Birmania \u00e8 opera di buddhisti neo-nazisti?","isPartOf":{"@id":"https:\/\/www.pressenza.com\/it\/#website"},"primaryImageOfPage":{"@id":"https:\/\/www.pressenza.com\/it\/2014\/09\/violenza-anti-musulmana-in-birmania-opera-buddhisti-neo-nazisti\/#primaryimage"},"image":{"@id":"https:\/\/www.pressenza.com\/it\/2014\/09\/violenza-anti-musulmana-in-birmania-opera-buddhisti-neo-nazisti\/#primaryimage"},"thumbnailUrl":"https:\/\/www.pressenza.com\/wp-content\/uploads\/2014\/09\/969-logo-burma-myanmar1.jpg","datePublished":"2014-09-02T10:06:18+00:00","dateModified":"2014-09-02T10:07:37+00:00","description":"Ray Downs*,\u00a0Vice\u00a0\u2013TRANSCEND Media Service\u00a0 Quando la maggior parte degli occidentali pensa al buddhismo, immagina uomini sorridenti e panciuti e citazioni","breadcrumb":{"@id":"https:\/\/www.pressenza.com\/it\/2014\/09\/violenza-anti-musulmana-in-birmania-opera-buddhisti-neo-nazisti\/#breadcrumb"},"inLanguage":"it-IT","potentialAction":[{"@type":"ReadAction","target":["https:\/\/www.pressenza.com\/it\/2014\/09\/violenza-anti-musulmana-in-birmania-opera-buddhisti-neo-nazisti\/"]}]},{"@type":"ImageObject","inLanguage":"it-IT","@id":"https:\/\/www.pressenza.com\/it\/2014\/09\/violenza-anti-musulmana-in-birmania-opera-buddhisti-neo-nazisti\/#primaryimage","url":"https:\/\/www.pressenza.com\/wp-content\/uploads\/2014\/09\/969-logo-burma-myanmar1.jpg","contentUrl":"https:\/\/www.pressenza.com\/wp-content\/uploads\/2014\/09\/969-logo-burma-myanmar1.jpg","width":640,"height":426},{"@type":"BreadcrumbList","@id":"https:\/\/www.pressenza.com\/it\/2014\/09\/violenza-anti-musulmana-in-birmania-opera-buddhisti-neo-nazisti\/#breadcrumb","itemListElement":[{"@type":"ListItem","position":1,"name":"Accueil","item":"https:\/\/www.pressenza.com\/it\/"},{"@type":"ListItem","position":2,"name":"La violenza anti-musulmana in Birmania \u00e8 opera di buddhisti neo-nazisti?"}]},{"@type":"WebSite","@id":"https:\/\/www.pressenza.com\/it\/#website","url":"https:\/\/www.pressenza.com\/it\/","name":"Pressenza","description":"Agenzia di Stampa Internazionale","publisher":{"@id":"https:\/\/www.pressenza.com\/it\/#organization"},"potentialAction":[{"@type":"SearchAction","target":{"@type":"EntryPoint","urlTemplate":"https:\/\/www.pressenza.com\/it\/?s={search_term_string}"},"query-input":{"@type":"PropertyValueSpecification","valueRequired":true,"valueName":"search_term_string"}}],"inLanguage":"it-IT"},{"@type":"Organization","@id":"https:\/\/www.pressenza.com\/it\/#organization","name":"Pressenza","url":"https:\/\/www.pressenza.com\/it\/","logo":{"@type":"ImageObject","inLanguage":"it-IT","@id":"https:\/\/www.pressenza.com\/it\/#\/schema\/logo\/image\/","url":"https:\/\/www.pressenza.com\/wp-content\/uploads\/2022\/10\/pressenza_logo_200x200.jpg","contentUrl":"https:\/\/www.pressenza.com\/wp-content\/uploads\/2022\/10\/pressenza_logo_200x200.jpg","width":200,"height":200,"caption":"Pressenza"},"image":{"@id":"https:\/\/www.pressenza.com\/it\/#\/schema\/logo\/image\/"},"sameAs":["https:\/\/www.facebook.com\/PressenzaItalia","https:\/\/x.com\/PressenzaIPA"]},{"@type":"Person","@id":"https:\/\/www.pressenza.com\/it\/#\/schema\/person\/a78eb664d1a2baf4d9b26dc0c0fc5b1b","name":"Baher Kamal","description":"Baher Kamal, Egyptian-born, Spanish national secular journalist. He is founder and publisher of Human Wrongs Watch Kamal is a pro-peace, non-violence, human rights, harmonious coexistence defender among human beings and with Nature, with more than 43 years of professional experience. With these issues in sight, he covered practically all professional posts, from correspondent to chief editor of dailies and international news agencies. human-wrongs-watch.net","url":"https:\/\/www.pressenza.com\/it\/author\/baher-kamal\/"}]}},"place":"","original_article_url":"","_links":{"self":[{"href":"https:\/\/www.pressenza.com\/it\/wp-json\/wp\/v2\/posts\/129838","targetHints":{"allow":["GET"]}}],"collection":[{"href":"https:\/\/www.pressenza.com\/it\/wp-json\/wp\/v2\/posts"}],"about":[{"href":"https:\/\/www.pressenza.com\/it\/wp-json\/wp\/v2\/types\/post"}],"author":[{"embeddable":true,"href":"https:\/\/www.pressenza.com\/it\/wp-json\/wp\/v2\/users\/530"}],"replies":[{"embeddable":true,"href":"https:\/\/www.pressenza.com\/it\/wp-json\/wp\/v2\/comments?post=129838"}],"version-history":[{"count":0,"href":"https:\/\/www.pressenza.com\/it\/wp-json\/wp\/v2\/posts\/129838\/revisions"}],"wp:featuredmedia":[{"embeddable":true,"href":"https:\/\/www.pressenza.com\/it\/wp-json\/wp\/v2\/media\/129785"}],"wp:attachment":[{"href":"https:\/\/www.pressenza.com\/it\/wp-json\/wp\/v2\/media?parent=129838"}],"wp:term":[{"taxonomy":"category","embeddable":true,"href":"https:\/\/www.pressenza.com\/it\/wp-json\/wp\/v2\/categories?post=129838"},{"taxonomy":"post_tag","embeddable":true,"href":"https:\/\/www.pressenza.com\/it\/wp-json\/wp\/v2\/tags?post=129838"}],"curies":[{"name":"wp","href":"https:\/\/api.w.org\/{rel}","templated":true}]}}