{"id":1297445,"date":"2021-02-13T17:48:35","date_gmt":"2021-02-13T17:48:35","guid":{"rendered":"https:\/\/www.pressenza.com\/?p=1297445"},"modified":"2021-02-13T17:54:34","modified_gmt":"2021-02-13T17:54:34","slug":"ministero-della-disabilita-lennesima-occasione-persa","status":"publish","type":"post","link":"https:\/\/www.pressenza.com\/it\/2021\/02\/ministero-della-disabilita-lennesima-occasione-persa\/","title":{"rendered":"Ministero della Disabilit\u00e0, l&#8217;ennesima occasione persa"},"content":{"rendered":"<p><em>Nel novembre 2020 abbiamo intervistato <a href=\"https:\/\/www.pressenza.com\/it\/2020\/11\/una-bambina-disabile-e-un-incredibile-circolo-di-forza-amore-e-consapevolezza\/\">Fortunato Nicoletti<\/a>, fondatore dell\u2019associazione Nessuno \u00e8 escluso. Riceviamo e volentieri pubblichiamo questo su commento all\u2019istituzione del Ministero della Disabilit\u00e0 nel nuovo governo Draghi. <\/em><\/p>\n<p>Grassone, quattrocchi, mongoloide, ebreo, finocchio, handicappato, muso giallo, nano, barbone, terrone, albanese, zingaro, sfigato, minorato, mostro, balena, arabo, disadattato, negro, pelato, vegetale e chiss\u00e0 quanti termini ancora che usiamo tutti i giorni come fossero aggettivi o appellativi assolutamente normali.<\/p>\n<p>La cultura della diversit\u00e0 \u00e8 quasi completamente assente nella nostra societ\u00e0, tutto \u00e8 giustificato e giustificabile con un semplice: ma si fa per dire, lo dicono tutti, non \u00e8 un\u2019offesa. Invece \u00e8 proprio da questo che forse dovremmo cominciare, imparare ad esprimerci senza per forza denigrare, discriminare o addirittura bullizzare gli altri. E non importa se ci\u00f2 avviene in maniera consapevole o meno, anzi paradossalmente \u00e8 ancora pi\u00f9 grave se lo si fa involontariamente perch\u00e9 significa che il livello di penetrazione di un linguaggio stereotipato, omologato e per certi versi pre-concettuale ha raggiunto una profondit\u00e0 tale da essere complicatissimo da eradicare. Perci\u00f2 \u00e8 fondamentale la scuola, per questo \u00e8 essenziale ritornare a insegnare l&#8217;educazione civica, ma soprattutto \u00e8 necessario imparare anche attraverso la comunicazione, non solo a rispettare l&#8217;altro, ma ad arricchirsi reciprocamente delle proprie diversit\u00e0 e delle altrui diverse abilit\u00e0.<\/p>\n<p>E tutto questo lo certifichiamo istituendo niente meno che un Ministero ad hoc, come se le persone con disabilit\u00e0 fossero una categoria da ghettizzare o una specie in via di estinzione, mentre rappresentano solo l&#8217;ennesima occasione di speculazione e vile propaganda. E allora perch\u00e9 non il Ministero della Povert\u00e0 o quello dell\u2019Obesit\u00e0? Perch\u00e9 non il Dicastero dell\u2019Immigrazione o meglio ancora dell&#8217;Ignoranza?<\/p>\n<p>Altro che innovazione tecnologica e transizione ambientale, questo paese \u00e8 talmente culturalmente arretrato, decrepito e assetato di equit\u00e0 sociale che solo pensare di affrontare le diseguaglianze con un Ministro della Disabilit\u00e0 (peraltro totalmente incompetente in materia e senza portafoglio) \u00e8 disarmante. La vera inclusione va insegnata e praticata a partire dalle scuole materne, passando per l&#8217;informazione di massa e attraverso la costruzione di percorsi di integrazione e accessibilit\u00e0 di cui non solo ogni ministero, non solo ogni politico, non solo ogni amministratore pubblico, ma tutta la societ\u00e0 civile dovrebbe farsi carico.<\/p>\n<p>Un\u2019altra occasione persa, l&#8217;ennesima.<\/p>\n<p>Un\u2019altra ragione, l&#8217;ennesima, per combattere per i diritti dei nostri figli e non mollare di un millimetro.<\/p>\n","protected":false},"excerpt":{"rendered":"<p>Nel novembre 2020 abbiamo intervistato Fortunato Nicoletti, fondatore dell\u2019associazione Nessuno \u00e8 escluso. Riceviamo e volentieri pubblichiamo questo su commento all\u2019istituzione del Ministero della Disabilit\u00e0 nel nuovo governo Draghi. Grassone, quattrocchi, mongoloide, ebreo, finocchio, handicappato, muso giallo, nano, barbone, terrone, albanese,&hellip;<\/p>\n","protected":false},"author":594,"featured_media":1231424,"comment_status":"closed","ping_status":"closed","sticky":false,"template":"","format":"standard","meta":{"footnotes":""},"categories":[47,1261,162,55],"tags":[87328,83480,87327,87326],"class_list":["post-1297445","post","type-post","status-publish","format-standard","has-post-thumbnail","hentry","category-europa","category-diversita","category-opinioni","category-politica","tag-associazione-nessuno-e-escluso","tag-fortunato-nicoletti","tag-governo-draghi","tag-ministero-della-disabilita"],"yoast_head":"<!-- This site is optimized with the Yoast SEO plugin v27.1.1 - https:\/\/yoast.com\/product\/yoast-seo-wordpress\/ -->\n<title>Ministero della Disabilit\u00e0, l&#039;ennesima occasione persa<\/title>\n<meta name=\"description\" content=\"Nel novembre 2020 abbiamo intervistato Fortunato Nicoletti, fondatore dell\u2019associazione Nessuno \u00e8 escluso. Riceviamo e volentieri pubblichiamo questo su\" \/>\n<meta name=\"robots\" content=\"index, follow, max-snippet:-1, max-image-preview:large, max-video-preview:-1\" \/>\n<link rel=\"canonical\" href=\"https:\/\/www.pressenza.com\/it\/2021\/02\/ministero-della-disabilita-lennesima-occasione-persa\/\" \/>\n<meta property=\"og:locale\" content=\"it_IT\" \/>\n<meta property=\"og:type\" content=\"article\" \/>\n<meta property=\"og:title\" content=\"Ministero della Disabilit\u00e0, l&#039;ennesima occasione persa\" \/>\n<meta property=\"og:description\" content=\"Nel novembre 2020 abbiamo intervistato Fortunato Nicoletti, fondatore dell\u2019associazione Nessuno \u00e8 escluso. Riceviamo e volentieri pubblichiamo questo su\" \/>\n<meta property=\"og:url\" content=\"https:\/\/www.pressenza.com\/it\/2021\/02\/ministero-della-disabilita-lennesima-occasione-persa\/\" \/>\n<meta property=\"og:site_name\" content=\"Pressenza\" \/>\n<meta property=\"article:publisher\" content=\"https:\/\/www.facebook.com\/PressenzaItalia\" \/>\n<meta property=\"article:author\" content=\"https:\/\/www.facebook.com\/PressenzaItalia\" \/>\n<meta property=\"article:published_time\" content=\"2021-02-13T17:48:35+00:00\" \/>\n<meta property=\"article:modified_time\" content=\"2021-02-13T17:54:34+00:00\" \/>\n<meta property=\"og:image\" content=\"https:\/\/www.pressenza.com\/wp-content\/uploads\/2020\/11\/tavolino-Nessuno-\u00e8-escluso.jpg\" \/>\n\t<meta property=\"og:image:width\" content=\"960\" \/>\n\t<meta property=\"og:image:height\" content=\"721\" \/>\n\t<meta property=\"og:image:type\" content=\"image\/jpeg\" \/>\n<meta name=\"author\" content=\"Redazione Italia\" \/>\n<meta name=\"twitter:card\" content=\"summary_large_image\" \/>\n<meta name=\"twitter:creator\" content=\"@pressenza_it\" \/>\n<meta name=\"twitter:site\" content=\"@PressenzaIPA\" \/>\n<meta name=\"twitter:label1\" content=\"Scritto da\" \/>\n\t<meta name=\"twitter:data1\" content=\"Redazione Italia\" \/>\n\t<meta name=\"twitter:label2\" content=\"Tempo di lettura stimato\" \/>\n\t<meta name=\"twitter:data2\" content=\"2 minuti\" \/>\n<script type=\"application\/ld+json\" class=\"yoast-schema-graph\">{\"@context\":\"https:\/\/schema.org\",\"@graph\":[{\"@type\":\"Article\",\"@id\":\"https:\/\/www.pressenza.com\/it\/2021\/02\/ministero-della-disabilita-lennesima-occasione-persa\/#article\",\"isPartOf\":{\"@id\":\"https:\/\/www.pressenza.com\/it\/2021\/02\/ministero-della-disabilita-lennesima-occasione-persa\/\"},\"author\":{\"name\":\"Redazione Italia\",\"@id\":\"https:\/\/www.pressenza.com\/it\/#\/schema\/person\/d983e81827ae24f2c7b1a2123d197f8d\"},\"headline\":\"Ministero della Disabilit\u00e0, l&#8217;ennesima occasione persa\",\"datePublished\":\"2021-02-13T17:48:35+00:00\",\"dateModified\":\"2021-02-13T17:54:34+00:00\",\"mainEntityOfPage\":{\"@id\":\"https:\/\/www.pressenza.com\/it\/2021\/02\/ministero-della-disabilita-lennesima-occasione-persa\/\"},\"wordCount\":390,\"publisher\":{\"@id\":\"https:\/\/www.pressenza.com\/it\/#organization\"},\"image\":{\"@id\":\"https:\/\/www.pressenza.com\/it\/2021\/02\/ministero-della-disabilita-lennesima-occasione-persa\/#primaryimage\"},\"thumbnailUrl\":\"https:\/\/www.pressenza.com\/wp-content\/uploads\/2020\/11\/tavolino-Nessuno-\u00e8-escluso.jpg\",\"keywords\":[\"associazione Nessuno \u00e8 escluso\",\"Fortunato Nicoletti\",\"governo Draghi\",\"Ministero della Disabilit\u00e0\"],\"articleSection\":[\"Europa\",\"Non discriminazione\",\"Opinioni\",\"Politica\"],\"inLanguage\":\"it-IT\"},{\"@type\":\"WebPage\",\"@id\":\"https:\/\/www.pressenza.com\/it\/2021\/02\/ministero-della-disabilita-lennesima-occasione-persa\/\",\"url\":\"https:\/\/www.pressenza.com\/it\/2021\/02\/ministero-della-disabilita-lennesima-occasione-persa\/\",\"name\":\"Ministero della Disabilit\u00e0, l'ennesima occasione persa\",\"isPartOf\":{\"@id\":\"https:\/\/www.pressenza.com\/it\/#website\"},\"primaryImageOfPage\":{\"@id\":\"https:\/\/www.pressenza.com\/it\/2021\/02\/ministero-della-disabilita-lennesima-occasione-persa\/#primaryimage\"},\"image\":{\"@id\":\"https:\/\/www.pressenza.com\/it\/2021\/02\/ministero-della-disabilita-lennesima-occasione-persa\/#primaryimage\"},\"thumbnailUrl\":\"https:\/\/www.pressenza.com\/wp-content\/uploads\/2020\/11\/tavolino-Nessuno-\u00e8-escluso.jpg\",\"datePublished\":\"2021-02-13T17:48:35+00:00\",\"dateModified\":\"2021-02-13T17:54:34+00:00\",\"description\":\"Nel novembre 2020 abbiamo intervistato Fortunato Nicoletti, fondatore dell\u2019associazione Nessuno \u00e8 escluso. Riceviamo e volentieri pubblichiamo questo su\",\"breadcrumb\":{\"@id\":\"https:\/\/www.pressenza.com\/it\/2021\/02\/ministero-della-disabilita-lennesima-occasione-persa\/#breadcrumb\"},\"inLanguage\":\"it-IT\",\"potentialAction\":[{\"@type\":\"ReadAction\",\"target\":[\"https:\/\/www.pressenza.com\/it\/2021\/02\/ministero-della-disabilita-lennesima-occasione-persa\/\"]}]},{\"@type\":\"ImageObject\",\"inLanguage\":\"it-IT\",\"@id\":\"https:\/\/www.pressenza.com\/it\/2021\/02\/ministero-della-disabilita-lennesima-occasione-persa\/#primaryimage\",\"url\":\"https:\/\/www.pressenza.com\/wp-content\/uploads\/2020\/11\/tavolino-Nessuno-\u00e8-escluso.jpg\",\"contentUrl\":\"https:\/\/www.pressenza.com\/wp-content\/uploads\/2020\/11\/tavolino-Nessuno-\u00e8-escluso.jpg\",\"width\":960,\"height\":721},{\"@type\":\"BreadcrumbList\",\"@id\":\"https:\/\/www.pressenza.com\/it\/2021\/02\/ministero-della-disabilita-lennesima-occasione-persa\/#breadcrumb\",\"itemListElement\":[{\"@type\":\"ListItem\",\"position\":1,\"name\":\"Accueil\",\"item\":\"https:\/\/www.pressenza.com\/it\/\"},{\"@type\":\"ListItem\",\"position\":2,\"name\":\"Ministero della Disabilit\u00e0, l&#8217;ennesima occasione persa\"}]},{\"@type\":\"WebSite\",\"@id\":\"https:\/\/www.pressenza.com\/it\/#website\",\"url\":\"https:\/\/www.pressenza.com\/it\/\",\"name\":\"Pressenza\",\"description\":\"Agenzia di Stampa Internazionale\",\"publisher\":{\"@id\":\"https:\/\/www.pressenza.com\/it\/#organization\"},\"potentialAction\":[{\"@type\":\"SearchAction\",\"target\":{\"@type\":\"EntryPoint\",\"urlTemplate\":\"https:\/\/www.pressenza.com\/it\/?s={search_term_string}\"},\"query-input\":{\"@type\":\"PropertyValueSpecification\",\"valueRequired\":true,\"valueName\":\"search_term_string\"}}],\"inLanguage\":\"it-IT\"},{\"@type\":\"Organization\",\"@id\":\"https:\/\/www.pressenza.com\/it\/#organization\",\"name\":\"Pressenza\",\"url\":\"https:\/\/www.pressenza.com\/it\/\",\"logo\":{\"@type\":\"ImageObject\",\"inLanguage\":\"it-IT\",\"@id\":\"https:\/\/www.pressenza.com\/it\/#\/schema\/logo\/image\/\",\"url\":\"https:\/\/www.pressenza.com\/wp-content\/uploads\/2022\/10\/pressenza_logo_200x200.jpg\",\"contentUrl\":\"https:\/\/www.pressenza.com\/wp-content\/uploads\/2022\/10\/pressenza_logo_200x200.jpg\",\"width\":200,\"height\":200,\"caption\":\"Pressenza\"},\"image\":{\"@id\":\"https:\/\/www.pressenza.com\/it\/#\/schema\/logo\/image\/\"},\"sameAs\":[\"https:\/\/www.facebook.com\/PressenzaItalia\",\"https:\/\/x.com\/PressenzaIPA\"]},{\"@type\":\"Person\",\"@id\":\"https:\/\/www.pressenza.com\/it\/#\/schema\/person\/d983e81827ae24f2c7b1a2123d197f8d\",\"name\":\"Redazione Italia\",\"description\":\"News from the Pressenza Bureau in Italy\",\"sameAs\":[\"https:\/\/www.pressenza.com\/it\/author\/redazione-italia\/\",\"https:\/\/www.facebook.com\/PressenzaItalia\",\"https:\/\/www.instagram.com\/pressenza_italia\/\",\"https:\/\/x.com\/pressenza_it\",\"https:\/\/www.youtube.com\/channel\/UCSalEIWjE1RSxkwjfftFuqg\"],\"url\":\"https:\/\/www.pressenza.com\/it\/author\/redazione-italia\/\"}]}<\/script>\n<!-- \/ Yoast SEO plugin. -->","yoast_head_json":{"title":"Ministero della Disabilit\u00e0, l'ennesima occasione persa","description":"Nel novembre 2020 abbiamo intervistato Fortunato Nicoletti, fondatore dell\u2019associazione Nessuno \u00e8 escluso. Riceviamo e volentieri pubblichiamo questo su","robots":{"index":"index","follow":"follow","max-snippet":"max-snippet:-1","max-image-preview":"max-image-preview:large","max-video-preview":"max-video-preview:-1"},"canonical":"https:\/\/www.pressenza.com\/it\/2021\/02\/ministero-della-disabilita-lennesima-occasione-persa\/","og_locale":"it_IT","og_type":"article","og_title":"Ministero della Disabilit\u00e0, l'ennesima occasione persa","og_description":"Nel novembre 2020 abbiamo intervistato Fortunato Nicoletti, fondatore dell\u2019associazione Nessuno \u00e8 escluso. Riceviamo e volentieri pubblichiamo questo su","og_url":"https:\/\/www.pressenza.com\/it\/2021\/02\/ministero-della-disabilita-lennesima-occasione-persa\/","og_site_name":"Pressenza","article_publisher":"https:\/\/www.facebook.com\/PressenzaItalia","article_author":"https:\/\/www.facebook.com\/PressenzaItalia","article_published_time":"2021-02-13T17:48:35+00:00","article_modified_time":"2021-02-13T17:54:34+00:00","og_image":[{"width":960,"height":721,"url":"https:\/\/www.pressenza.com\/wp-content\/uploads\/2020\/11\/tavolino-Nessuno-\u00e8-escluso.jpg","type":"image\/jpeg"}],"author":"Redazione Italia","twitter_card":"summary_large_image","twitter_creator":"@pressenza_it","twitter_site":"@PressenzaIPA","twitter_misc":{"Scritto da":"Redazione Italia","Tempo di lettura stimato":"2 minuti"},"schema":{"@context":"https:\/\/schema.org","@graph":[{"@type":"Article","@id":"https:\/\/www.pressenza.com\/it\/2021\/02\/ministero-della-disabilita-lennesima-occasione-persa\/#article","isPartOf":{"@id":"https:\/\/www.pressenza.com\/it\/2021\/02\/ministero-della-disabilita-lennesima-occasione-persa\/"},"author":{"name":"Redazione Italia","@id":"https:\/\/www.pressenza.com\/it\/#\/schema\/person\/d983e81827ae24f2c7b1a2123d197f8d"},"headline":"Ministero della Disabilit\u00e0, l&#8217;ennesima occasione persa","datePublished":"2021-02-13T17:48:35+00:00","dateModified":"2021-02-13T17:54:34+00:00","mainEntityOfPage":{"@id":"https:\/\/www.pressenza.com\/it\/2021\/02\/ministero-della-disabilita-lennesima-occasione-persa\/"},"wordCount":390,"publisher":{"@id":"https:\/\/www.pressenza.com\/it\/#organization"},"image":{"@id":"https:\/\/www.pressenza.com\/it\/2021\/02\/ministero-della-disabilita-lennesima-occasione-persa\/#primaryimage"},"thumbnailUrl":"https:\/\/www.pressenza.com\/wp-content\/uploads\/2020\/11\/tavolino-Nessuno-\u00e8-escluso.jpg","keywords":["associazione Nessuno \u00e8 escluso","Fortunato Nicoletti","governo Draghi","Ministero della Disabilit\u00e0"],"articleSection":["Europa","Non discriminazione","Opinioni","Politica"],"inLanguage":"it-IT"},{"@type":"WebPage","@id":"https:\/\/www.pressenza.com\/it\/2021\/02\/ministero-della-disabilita-lennesima-occasione-persa\/","url":"https:\/\/www.pressenza.com\/it\/2021\/02\/ministero-della-disabilita-lennesima-occasione-persa\/","name":"Ministero della Disabilit\u00e0, l'ennesima occasione persa","isPartOf":{"@id":"https:\/\/www.pressenza.com\/it\/#website"},"primaryImageOfPage":{"@id":"https:\/\/www.pressenza.com\/it\/2021\/02\/ministero-della-disabilita-lennesima-occasione-persa\/#primaryimage"},"image":{"@id":"https:\/\/www.pressenza.com\/it\/2021\/02\/ministero-della-disabilita-lennesima-occasione-persa\/#primaryimage"},"thumbnailUrl":"https:\/\/www.pressenza.com\/wp-content\/uploads\/2020\/11\/tavolino-Nessuno-\u00e8-escluso.jpg","datePublished":"2021-02-13T17:48:35+00:00","dateModified":"2021-02-13T17:54:34+00:00","description":"Nel novembre 2020 abbiamo intervistato Fortunato Nicoletti, fondatore dell\u2019associazione Nessuno \u00e8 escluso. Riceviamo e volentieri pubblichiamo questo su","breadcrumb":{"@id":"https:\/\/www.pressenza.com\/it\/2021\/02\/ministero-della-disabilita-lennesima-occasione-persa\/#breadcrumb"},"inLanguage":"it-IT","potentialAction":[{"@type":"ReadAction","target":["https:\/\/www.pressenza.com\/it\/2021\/02\/ministero-della-disabilita-lennesima-occasione-persa\/"]}]},{"@type":"ImageObject","inLanguage":"it-IT","@id":"https:\/\/www.pressenza.com\/it\/2021\/02\/ministero-della-disabilita-lennesima-occasione-persa\/#primaryimage","url":"https:\/\/www.pressenza.com\/wp-content\/uploads\/2020\/11\/tavolino-Nessuno-\u00e8-escluso.jpg","contentUrl":"https:\/\/www.pressenza.com\/wp-content\/uploads\/2020\/11\/tavolino-Nessuno-\u00e8-escluso.jpg","width":960,"height":721},{"@type":"BreadcrumbList","@id":"https:\/\/www.pressenza.com\/it\/2021\/02\/ministero-della-disabilita-lennesima-occasione-persa\/#breadcrumb","itemListElement":[{"@type":"ListItem","position":1,"name":"Accueil","item":"https:\/\/www.pressenza.com\/it\/"},{"@type":"ListItem","position":2,"name":"Ministero della Disabilit\u00e0, l&#8217;ennesima occasione persa"}]},{"@type":"WebSite","@id":"https:\/\/www.pressenza.com\/it\/#website","url":"https:\/\/www.pressenza.com\/it\/","name":"Pressenza","description":"Agenzia di Stampa Internazionale","publisher":{"@id":"https:\/\/www.pressenza.com\/it\/#organization"},"potentialAction":[{"@type":"SearchAction","target":{"@type":"EntryPoint","urlTemplate":"https:\/\/www.pressenza.com\/it\/?s={search_term_string}"},"query-input":{"@type":"PropertyValueSpecification","valueRequired":true,"valueName":"search_term_string"}}],"inLanguage":"it-IT"},{"@type":"Organization","@id":"https:\/\/www.pressenza.com\/it\/#organization","name":"Pressenza","url":"https:\/\/www.pressenza.com\/it\/","logo":{"@type":"ImageObject","inLanguage":"it-IT","@id":"https:\/\/www.pressenza.com\/it\/#\/schema\/logo\/image\/","url":"https:\/\/www.pressenza.com\/wp-content\/uploads\/2022\/10\/pressenza_logo_200x200.jpg","contentUrl":"https:\/\/www.pressenza.com\/wp-content\/uploads\/2022\/10\/pressenza_logo_200x200.jpg","width":200,"height":200,"caption":"Pressenza"},"image":{"@id":"https:\/\/www.pressenza.com\/it\/#\/schema\/logo\/image\/"},"sameAs":["https:\/\/www.facebook.com\/PressenzaItalia","https:\/\/x.com\/PressenzaIPA"]},{"@type":"Person","@id":"https:\/\/www.pressenza.com\/it\/#\/schema\/person\/d983e81827ae24f2c7b1a2123d197f8d","name":"Redazione Italia","description":"News from the Pressenza Bureau in Italy","sameAs":["https:\/\/www.pressenza.com\/it\/author\/redazione-italia\/","https:\/\/www.facebook.com\/PressenzaItalia","https:\/\/www.instagram.com\/pressenza_italia\/","https:\/\/x.com\/pressenza_it","https:\/\/www.youtube.com\/channel\/UCSalEIWjE1RSxkwjfftFuqg"],"url":"https:\/\/www.pressenza.com\/it\/author\/redazione-italia\/"}]}},"place":"Fortunato Nicoletti","original_article_url":"","_links":{"self":[{"href":"https:\/\/www.pressenza.com\/it\/wp-json\/wp\/v2\/posts\/1297445","targetHints":{"allow":["GET"]}}],"collection":[{"href":"https:\/\/www.pressenza.com\/it\/wp-json\/wp\/v2\/posts"}],"about":[{"href":"https:\/\/www.pressenza.com\/it\/wp-json\/wp\/v2\/types\/post"}],"author":[{"embeddable":true,"href":"https:\/\/www.pressenza.com\/it\/wp-json\/wp\/v2\/users\/594"}],"replies":[{"embeddable":true,"href":"https:\/\/www.pressenza.com\/it\/wp-json\/wp\/v2\/comments?post=1297445"}],"version-history":[{"count":0,"href":"https:\/\/www.pressenza.com\/it\/wp-json\/wp\/v2\/posts\/1297445\/revisions"}],"wp:featuredmedia":[{"embeddable":true,"href":"https:\/\/www.pressenza.com\/it\/wp-json\/wp\/v2\/media\/1231424"}],"wp:attachment":[{"href":"https:\/\/www.pressenza.com\/it\/wp-json\/wp\/v2\/media?parent=1297445"}],"wp:term":[{"taxonomy":"category","embeddable":true,"href":"https:\/\/www.pressenza.com\/it\/wp-json\/wp\/v2\/categories?post=1297445"},{"taxonomy":"post_tag","embeddable":true,"href":"https:\/\/www.pressenza.com\/it\/wp-json\/wp\/v2\/tags?post=1297445"}],"curies":[{"name":"wp","href":"https:\/\/api.w.org\/{rel}","templated":true}]}}