{"id":1293679,"date":"2021-02-08T15:35:53","date_gmt":"2021-02-08T15:35:53","guid":{"rendered":"https:\/\/www.pressenza.com\/?p=1293679"},"modified":"2021-02-08T15:35:53","modified_gmt":"2021-02-08T15:35:53","slug":"mondo-pacifista-cattolico-bresciano-fa-rete-e-rilancia-la-lotta-alla-armi-nucleari","status":"publish","type":"post","link":"https:\/\/www.pressenza.com\/it\/2021\/02\/mondo-pacifista-cattolico-bresciano-fa-rete-e-rilancia-la-lotta-alla-armi-nucleari\/","title":{"rendered":"Mondo pacifista cattolico bresciano fa Rete e rilancia la lotta alla Armi Nucleari"},"content":{"rendered":"<p dir=\"ltr\">Con il 31 gennaio 2021, alla conclusione del Mese della Pace, \u00e8 terminata la raccolta di adesioni al documento in cui si chiedeva la ratifica da parte dell&#8217;Italia del Trattato di Proibizione delle Armi Nucleari; l&#8217;eliminazione di tutte le armi nucleari dal territorio del nostro Paese; la sospensione dei lavori di ampliamento della base di Ghedi (BS) dove dovrebbero essere ospitati gli F35 in grado di trasportare i nuovi ordigni atomici.<\/p>\n<p dir=\"ltr\">L&#8217;iniziativa, nata con l&#8217;obiettivo di coinvolgere il pi\u00f9 possibile il mondo cattolico bresciano sui temi della lotta pacifista, ha avuto risultati molto positivi. Il documento \u00e8 stato promosso da 17 esponenti cattolici tra cui quattro sacerdoti, due missionari, la presidente uscente dell&#8217;Azione cattolica, due aclisti, un esponente del Movimento dei Focolari, una figura di spicco del volontariato bresciano e alcuni componenti di Pax Christi.<\/p>\n<p dir=\"ltr\">Il documento \u00e8 stato sottoscritto dalle Acli provinciali e da 56 circoli locali delle Acli, dall\u2019Azione Cattolica diocesana e da diversi gruppi parrocchiali di AC, dalla Cooperativa cattolico-democratica di Cultura, dal Movimento dei Focolari, da Pax Christi, dalle Comunit\u00e0 missionarie dei saveriani e dei comboniani, da altri gruppi missionari locali, dalla S. Vincenzo, dagli Scout, da diversi gruppi della Caritas, dalle suore Mariste, dalle suore canossiane, dalle suore Paoline, da Noi Siamo Chiesa, da Mani Tese, dalla rete Radi\u00e9 Resch e da altre realt\u00e0 locali; poi da diverse decine di parrocchie e di Unit\u00e0 Pastorali, da una quarantina di sacerdoti a titolo personale; poi ancora da esponenti del mondo universitario, della societ\u00e0 civile e del volontariato.<\/p>\n<p dir=\"ltr\">I primi firmatari di quel documento volevano privilegiare le adesioni legate all&#8217;associazionismo, ma poi spontaneamente sono giunte centinaia di adesioni singole, sempre. Come pure molti, sia singoli che associazioni sempre del mondo cattolico, hanno chiesto da altre province di poter sottoscrivere il documento.<\/p>\n<p dir=\"ltr\">Alla vigilia dell&#8217;entrata in vigore del Trattato Onu (22 gennaio 2021) \u00e8 arrivato anche un documento del vescovo di Brescia, mons. Pierantonio Tremolada, che sottoscriveva la richiesta al Governo e al Parlamento italiano di ratificare il Trattato Onu di proibizione delle armi nucleari e invitava &#8220;gli artigiani della pace&#8221; a continuare con coraggio nella loro attivit\u00e0.<\/p>\n<p dir=\"ltr\">Un documento di piena condivisione dell&#8217;iniziativa \u00e8 giunto anche da mons. Domenico Sigalini, di Dello (BS), vescovo emerito di Palestrina, assistente nazionale dell&#8217;Azione cattolica italiana dal 2007 al 2014, organizzatore con Giovanni Paolo II delle Giornate Mondiali della Giovent\u00f9.<\/p>\n<p dir=\"ltr\">Il documento verr\u00e0 consegnato, con tutte le sottoscrizioni cattoliche, ai parlamentari bresciani, al Sindaco di Brescia e al Presidente del Consiglio Comunale di Brescia, al Presidente della Provincia di Brescia, al Sindaco di Collebeato come rappresentante dei 54 Sindaci bresciani che hanno aderito alla campagna &#8220;Italia Ripensaci&#8221;, al Prefetto e al sindaco di Ghedi.<\/p>\n<p dir=\"ltr\">Ad ognuno verr\u00e0 chiesto di attivarsi, nella parte di propria competenza, per il perseguimento degli obiettivi indicati nel documento.<\/p>\n<p dir=\"ltr\">Copia del documento con tutte le adesioni verr\u00e0 consegnata anche al vescovo di Brescia, mons. Pierantonio Tremolada per far sentire la sua voce affinch\u00e9 la Conferenza Episcopale Italiana si esprima in modo chiaro e netto nella richiesta al Governo e al Parlamento italiani di ratificare il Trattato Onu di Proibizione delle Armi Nucleari.<\/p>\n<p dir=\"ltr\">Questa esperienza intende indicare una strada del maggiore coinvolgimento possibile per fare rete contro la guerra. Se in tutte le diocesi e a livello nazionale l&#8217;associazionismo si facesse sentire su questo tema in modo chiaro e unitario, la politica non potrebbe certo far finta di niente.<\/p>\n<p dir=\"ltr\">I ripetuti interventi di Papa Francesco sono un invito a percorrere con coraggio questa strada, andando oltre il protagonismo individuale, al fine di rendere possibile il raggiungimento di determinati obiettivi.<\/p>\n<p dir=\"ltr\">La voce del mondo cattolico unitamente a quella della societ\u00e0 civile e di altre confessioni religiose, che da tempo in forma sempre pi\u00f9 diffusa chiedono al nostro Paese la ratifica del Trattato Onu, pu\u00f2 riuscire a orientare la politica sulle strade della pace e del disarmo nucleare.<\/p>\n<p dir=\"ltr\">Come ricordano i promotori, riprendendo le parole di Papa Francesco nell&#8217;enciclica &#8220;Fratelli Tutti&#8221; :<\/p>\n<p dir=\"ltr\">\u201cL\u2019eliminazione totale delle armi nucleari diventa sia una sfida sia un imperativo morale e umanitario\u201d.<\/p>\n<p dir=\"ltr\">I promotori:\u00a0Don Alfredo Scaratti, Andrea Franchini, Angelo Onger, Anna Scalori, Anselmo Palini, Dante Mantovani, don Fabio Corazzina, don Gabriele Scalmana, Giorgio Zubani, padre Girolamo Miante, Giuliana Sberna, Luigi Manf\u00e8, padre Mario Menin, Mauro Scaroni, Rosalba Panaro, don Umberto Dell\u2019Aversana, Urbano Gerola.<\/p>\n","protected":false},"excerpt":{"rendered":"<p>Con il 31 gennaio 2021, alla conclusione del Mese della Pace, \u00e8 terminata la raccolta di adesioni al documento in cui si chiedeva la ratifica da parte dell&#8217;Italia del Trattato di Proibizione delle Armi Nucleari; l&#8217;eliminazione di tutte le armi&hellip;<\/p>\n","protected":false},"author":1969,"featured_media":898839,"comment_status":"closed","ping_status":"closed","sticky":false,"template":"","format":"standard","meta":{"footnotes":""},"categories":[150,47,1263],"tags":[895,6022,40818,40054],"class_list":["post-1293679","post","type-post","status-publish","format-standard","has-post-thumbnail","hentry","category-comunicati-stampa","category-europa","category-pace-disarmo","tag-armi-nucleari","tag-brescia","tag-italia-ripensaci","tag-trattato-di-proibizione-delle-armi-nucleari"],"yoast_head":"<!-- This site is optimized with the Yoast SEO plugin v27.1.1 - https:\/\/yoast.com\/product\/yoast-seo-wordpress\/ -->\n<title>Mondo pacifista cattolico bresciano fa Rete e rilancia la lotta alla Armi Nucleari<\/title>\n<meta name=\"description\" content=\"Con il 31 gennaio 2021, alla conclusione del Mese della Pace, \u00e8 terminata la raccolta di adesioni al documento in cui si chiedeva la ratifica da parte\" \/>\n<meta name=\"robots\" content=\"index, follow, max-snippet:-1, max-image-preview:large, max-video-preview:-1\" \/>\n<link rel=\"canonical\" href=\"https:\/\/www.pressenza.com\/it\/2021\/02\/mondo-pacifista-cattolico-bresciano-fa-rete-e-rilancia-la-lotta-alla-armi-nucleari\/\" \/>\n<meta property=\"og:locale\" content=\"it_IT\" \/>\n<meta property=\"og:type\" content=\"article\" \/>\n<meta property=\"og:title\" content=\"Mondo pacifista cattolico bresciano fa Rete e rilancia la lotta alla Armi Nucleari\" \/>\n<meta property=\"og:description\" content=\"Con il 31 gennaio 2021, alla conclusione del Mese della Pace, \u00e8 terminata la raccolta di adesioni al documento in cui si chiedeva la ratifica da parte\" \/>\n<meta property=\"og:url\" content=\"https:\/\/www.pressenza.com\/it\/2021\/02\/mondo-pacifista-cattolico-bresciano-fa-rete-e-rilancia-la-lotta-alla-armi-nucleari\/\" \/>\n<meta property=\"og:site_name\" content=\"Pressenza\" \/>\n<meta property=\"article:publisher\" content=\"https:\/\/www.facebook.com\/PressenzaItalia\" \/>\n<meta property=\"article:published_time\" content=\"2021-02-08T15:35:53+00:00\" \/>\n<meta property=\"og:image\" content=\"https:\/\/www.pressenza.com\/wp-content\/uploads\/2019\/08\/brescia-02.jpg\" \/>\n\t<meta property=\"og:image:width\" content=\"1920\" \/>\n\t<meta property=\"og:image:height\" content=\"2560\" \/>\n\t<meta property=\"og:image:type\" content=\"image\/jpeg\" \/>\n<meta name=\"author\" content=\"Redazione Sebino Franciacorta\" \/>\n<meta name=\"twitter:card\" content=\"summary_large_image\" \/>\n<meta name=\"twitter:creator\" content=\"@PressenzaIPA\" \/>\n<meta name=\"twitter:site\" content=\"@PressenzaIPA\" \/>\n<meta name=\"twitter:label1\" content=\"Scritto da\" \/>\n\t<meta name=\"twitter:data1\" content=\"Redazione Sebino Franciacorta\" \/>\n\t<meta name=\"twitter:label2\" content=\"Tempo di lettura stimato\" \/>\n\t<meta name=\"twitter:data2\" content=\"3 minuti\" \/>\n<script type=\"application\/ld+json\" class=\"yoast-schema-graph\">{\"@context\":\"https:\/\/schema.org\",\"@graph\":[{\"@type\":\"Article\",\"@id\":\"https:\/\/www.pressenza.com\/it\/2021\/02\/mondo-pacifista-cattolico-bresciano-fa-rete-e-rilancia-la-lotta-alla-armi-nucleari\/#article\",\"isPartOf\":{\"@id\":\"https:\/\/www.pressenza.com\/it\/2021\/02\/mondo-pacifista-cattolico-bresciano-fa-rete-e-rilancia-la-lotta-alla-armi-nucleari\/\"},\"author\":{\"name\":\"Redazione Sebino Franciacorta\",\"@id\":\"https:\/\/www.pressenza.com\/it\/#\/schema\/person\/9ec653259bb79d6ea2255fd80043dc9c\"},\"headline\":\"Mondo pacifista cattolico bresciano fa Rete e rilancia la lotta alla Armi Nucleari\",\"datePublished\":\"2021-02-08T15:35:53+00:00\",\"mainEntityOfPage\":{\"@id\":\"https:\/\/www.pressenza.com\/it\/2021\/02\/mondo-pacifista-cattolico-bresciano-fa-rete-e-rilancia-la-lotta-alla-armi-nucleari\/\"},\"wordCount\":721,\"publisher\":{\"@id\":\"https:\/\/www.pressenza.com\/it\/#organization\"},\"image\":{\"@id\":\"https:\/\/www.pressenza.com\/it\/2021\/02\/mondo-pacifista-cattolico-bresciano-fa-rete-e-rilancia-la-lotta-alla-armi-nucleari\/#primaryimage\"},\"thumbnailUrl\":\"https:\/\/www.pressenza.com\/wp-content\/uploads\/2019\/08\/brescia-02.jpg\",\"keywords\":[\"armi nucleari\",\"Brescia\",\"Italia ripensaci\",\"Trattato di proibizione delle armi nucleari\"],\"articleSection\":[\"Comunicati Stampa\",\"Europa\",\"Pace e Disarmo\"],\"inLanguage\":\"it-IT\"},{\"@type\":\"WebPage\",\"@id\":\"https:\/\/www.pressenza.com\/it\/2021\/02\/mondo-pacifista-cattolico-bresciano-fa-rete-e-rilancia-la-lotta-alla-armi-nucleari\/\",\"url\":\"https:\/\/www.pressenza.com\/it\/2021\/02\/mondo-pacifista-cattolico-bresciano-fa-rete-e-rilancia-la-lotta-alla-armi-nucleari\/\",\"name\":\"Mondo pacifista cattolico bresciano fa Rete e rilancia la lotta alla Armi Nucleari\",\"isPartOf\":{\"@id\":\"https:\/\/www.pressenza.com\/it\/#website\"},\"primaryImageOfPage\":{\"@id\":\"https:\/\/www.pressenza.com\/it\/2021\/02\/mondo-pacifista-cattolico-bresciano-fa-rete-e-rilancia-la-lotta-alla-armi-nucleari\/#primaryimage\"},\"image\":{\"@id\":\"https:\/\/www.pressenza.com\/it\/2021\/02\/mondo-pacifista-cattolico-bresciano-fa-rete-e-rilancia-la-lotta-alla-armi-nucleari\/#primaryimage\"},\"thumbnailUrl\":\"https:\/\/www.pressenza.com\/wp-content\/uploads\/2019\/08\/brescia-02.jpg\",\"datePublished\":\"2021-02-08T15:35:53+00:00\",\"description\":\"Con il 31 gennaio 2021, alla conclusione del Mese della Pace, \u00e8 terminata la raccolta di adesioni al documento in cui si chiedeva la ratifica da parte\",\"breadcrumb\":{\"@id\":\"https:\/\/www.pressenza.com\/it\/2021\/02\/mondo-pacifista-cattolico-bresciano-fa-rete-e-rilancia-la-lotta-alla-armi-nucleari\/#breadcrumb\"},\"inLanguage\":\"it-IT\",\"potentialAction\":[{\"@type\":\"ReadAction\",\"target\":[\"https:\/\/www.pressenza.com\/it\/2021\/02\/mondo-pacifista-cattolico-bresciano-fa-rete-e-rilancia-la-lotta-alla-armi-nucleari\/\"]}]},{\"@type\":\"ImageObject\",\"inLanguage\":\"it-IT\",\"@id\":\"https:\/\/www.pressenza.com\/it\/2021\/02\/mondo-pacifista-cattolico-bresciano-fa-rete-e-rilancia-la-lotta-alla-armi-nucleari\/#primaryimage\",\"url\":\"https:\/\/www.pressenza.com\/wp-content\/uploads\/2019\/08\/brescia-02.jpg\",\"contentUrl\":\"https:\/\/www.pressenza.com\/wp-content\/uploads\/2019\/08\/brescia-02.jpg\",\"width\":1920,\"height\":2560},{\"@type\":\"BreadcrumbList\",\"@id\":\"https:\/\/www.pressenza.com\/it\/2021\/02\/mondo-pacifista-cattolico-bresciano-fa-rete-e-rilancia-la-lotta-alla-armi-nucleari\/#breadcrumb\",\"itemListElement\":[{\"@type\":\"ListItem\",\"position\":1,\"name\":\"Accueil\",\"item\":\"https:\/\/www.pressenza.com\/it\/\"},{\"@type\":\"ListItem\",\"position\":2,\"name\":\"Mondo pacifista cattolico bresciano fa Rete e rilancia la lotta alla Armi Nucleari\"}]},{\"@type\":\"WebSite\",\"@id\":\"https:\/\/www.pressenza.com\/it\/#website\",\"url\":\"https:\/\/www.pressenza.com\/it\/\",\"name\":\"Pressenza\",\"description\":\"Agenzia di Stampa Internazionale\",\"publisher\":{\"@id\":\"https:\/\/www.pressenza.com\/it\/#organization\"},\"potentialAction\":[{\"@type\":\"SearchAction\",\"target\":{\"@type\":\"EntryPoint\",\"urlTemplate\":\"https:\/\/www.pressenza.com\/it\/?s={search_term_string}\"},\"query-input\":{\"@type\":\"PropertyValueSpecification\",\"valueRequired\":true,\"valueName\":\"search_term_string\"}}],\"inLanguage\":\"it-IT\"},{\"@type\":\"Organization\",\"@id\":\"https:\/\/www.pressenza.com\/it\/#organization\",\"name\":\"Pressenza\",\"url\":\"https:\/\/www.pressenza.com\/it\/\",\"logo\":{\"@type\":\"ImageObject\",\"inLanguage\":\"it-IT\",\"@id\":\"https:\/\/www.pressenza.com\/it\/#\/schema\/logo\/image\/\",\"url\":\"https:\/\/www.pressenza.com\/wp-content\/uploads\/2022\/10\/pressenza_logo_200x200.jpg\",\"contentUrl\":\"https:\/\/www.pressenza.com\/wp-content\/uploads\/2022\/10\/pressenza_logo_200x200.jpg\",\"width\":200,\"height\":200,\"caption\":\"Pressenza\"},\"image\":{\"@id\":\"https:\/\/www.pressenza.com\/it\/#\/schema\/logo\/image\/\"},\"sameAs\":[\"https:\/\/www.facebook.com\/PressenzaItalia\",\"https:\/\/x.com\/PressenzaIPA\"]},{\"@type\":\"Person\",\"@id\":\"https:\/\/www.pressenza.com\/it\/#\/schema\/person\/9ec653259bb79d6ea2255fd80043dc9c\",\"name\":\"Redazione Sebino Franciacorta\",\"url\":\"https:\/\/www.pressenza.com\/it\/author\/redazione-sebino-franciacorta\/\"}]}<\/script>\n<!-- \/ Yoast SEO plugin. -->","yoast_head_json":{"title":"Mondo pacifista cattolico bresciano fa Rete e rilancia la lotta alla Armi Nucleari","description":"Con il 31 gennaio 2021, alla conclusione del Mese della Pace, \u00e8 terminata la raccolta di adesioni al documento in cui si chiedeva la ratifica da parte","robots":{"index":"index","follow":"follow","max-snippet":"max-snippet:-1","max-image-preview":"max-image-preview:large","max-video-preview":"max-video-preview:-1"},"canonical":"https:\/\/www.pressenza.com\/it\/2021\/02\/mondo-pacifista-cattolico-bresciano-fa-rete-e-rilancia-la-lotta-alla-armi-nucleari\/","og_locale":"it_IT","og_type":"article","og_title":"Mondo pacifista cattolico bresciano fa Rete e rilancia la lotta alla Armi Nucleari","og_description":"Con il 31 gennaio 2021, alla conclusione del Mese della Pace, \u00e8 terminata la raccolta di adesioni al documento in cui si chiedeva la ratifica da parte","og_url":"https:\/\/www.pressenza.com\/it\/2021\/02\/mondo-pacifista-cattolico-bresciano-fa-rete-e-rilancia-la-lotta-alla-armi-nucleari\/","og_site_name":"Pressenza","article_publisher":"https:\/\/www.facebook.com\/PressenzaItalia","article_published_time":"2021-02-08T15:35:53+00:00","og_image":[{"width":1920,"height":2560,"url":"https:\/\/www.pressenza.com\/wp-content\/uploads\/2019\/08\/brescia-02.jpg","type":"image\/jpeg"}],"author":"Redazione Sebino Franciacorta","twitter_card":"summary_large_image","twitter_creator":"@PressenzaIPA","twitter_site":"@PressenzaIPA","twitter_misc":{"Scritto da":"Redazione Sebino Franciacorta","Tempo di lettura stimato":"3 minuti"},"schema":{"@context":"https:\/\/schema.org","@graph":[{"@type":"Article","@id":"https:\/\/www.pressenza.com\/it\/2021\/02\/mondo-pacifista-cattolico-bresciano-fa-rete-e-rilancia-la-lotta-alla-armi-nucleari\/#article","isPartOf":{"@id":"https:\/\/www.pressenza.com\/it\/2021\/02\/mondo-pacifista-cattolico-bresciano-fa-rete-e-rilancia-la-lotta-alla-armi-nucleari\/"},"author":{"name":"Redazione Sebino Franciacorta","@id":"https:\/\/www.pressenza.com\/it\/#\/schema\/person\/9ec653259bb79d6ea2255fd80043dc9c"},"headline":"Mondo pacifista cattolico bresciano fa Rete e rilancia la lotta alla Armi Nucleari","datePublished":"2021-02-08T15:35:53+00:00","mainEntityOfPage":{"@id":"https:\/\/www.pressenza.com\/it\/2021\/02\/mondo-pacifista-cattolico-bresciano-fa-rete-e-rilancia-la-lotta-alla-armi-nucleari\/"},"wordCount":721,"publisher":{"@id":"https:\/\/www.pressenza.com\/it\/#organization"},"image":{"@id":"https:\/\/www.pressenza.com\/it\/2021\/02\/mondo-pacifista-cattolico-bresciano-fa-rete-e-rilancia-la-lotta-alla-armi-nucleari\/#primaryimage"},"thumbnailUrl":"https:\/\/www.pressenza.com\/wp-content\/uploads\/2019\/08\/brescia-02.jpg","keywords":["armi nucleari","Brescia","Italia ripensaci","Trattato di proibizione delle armi nucleari"],"articleSection":["Comunicati Stampa","Europa","Pace e Disarmo"],"inLanguage":"it-IT"},{"@type":"WebPage","@id":"https:\/\/www.pressenza.com\/it\/2021\/02\/mondo-pacifista-cattolico-bresciano-fa-rete-e-rilancia-la-lotta-alla-armi-nucleari\/","url":"https:\/\/www.pressenza.com\/it\/2021\/02\/mondo-pacifista-cattolico-bresciano-fa-rete-e-rilancia-la-lotta-alla-armi-nucleari\/","name":"Mondo pacifista cattolico bresciano fa Rete e rilancia la lotta alla Armi Nucleari","isPartOf":{"@id":"https:\/\/www.pressenza.com\/it\/#website"},"primaryImageOfPage":{"@id":"https:\/\/www.pressenza.com\/it\/2021\/02\/mondo-pacifista-cattolico-bresciano-fa-rete-e-rilancia-la-lotta-alla-armi-nucleari\/#primaryimage"},"image":{"@id":"https:\/\/www.pressenza.com\/it\/2021\/02\/mondo-pacifista-cattolico-bresciano-fa-rete-e-rilancia-la-lotta-alla-armi-nucleari\/#primaryimage"},"thumbnailUrl":"https:\/\/www.pressenza.com\/wp-content\/uploads\/2019\/08\/brescia-02.jpg","datePublished":"2021-02-08T15:35:53+00:00","description":"Con il 31 gennaio 2021, alla conclusione del Mese della Pace, \u00e8 terminata la raccolta di adesioni al documento in cui si chiedeva la ratifica da parte","breadcrumb":{"@id":"https:\/\/www.pressenza.com\/it\/2021\/02\/mondo-pacifista-cattolico-bresciano-fa-rete-e-rilancia-la-lotta-alla-armi-nucleari\/#breadcrumb"},"inLanguage":"it-IT","potentialAction":[{"@type":"ReadAction","target":["https:\/\/www.pressenza.com\/it\/2021\/02\/mondo-pacifista-cattolico-bresciano-fa-rete-e-rilancia-la-lotta-alla-armi-nucleari\/"]}]},{"@type":"ImageObject","inLanguage":"it-IT","@id":"https:\/\/www.pressenza.com\/it\/2021\/02\/mondo-pacifista-cattolico-bresciano-fa-rete-e-rilancia-la-lotta-alla-armi-nucleari\/#primaryimage","url":"https:\/\/www.pressenza.com\/wp-content\/uploads\/2019\/08\/brescia-02.jpg","contentUrl":"https:\/\/www.pressenza.com\/wp-content\/uploads\/2019\/08\/brescia-02.jpg","width":1920,"height":2560},{"@type":"BreadcrumbList","@id":"https:\/\/www.pressenza.com\/it\/2021\/02\/mondo-pacifista-cattolico-bresciano-fa-rete-e-rilancia-la-lotta-alla-armi-nucleari\/#breadcrumb","itemListElement":[{"@type":"ListItem","position":1,"name":"Accueil","item":"https:\/\/www.pressenza.com\/it\/"},{"@type":"ListItem","position":2,"name":"Mondo pacifista cattolico bresciano fa Rete e rilancia la lotta alla Armi Nucleari"}]},{"@type":"WebSite","@id":"https:\/\/www.pressenza.com\/it\/#website","url":"https:\/\/www.pressenza.com\/it\/","name":"Pressenza","description":"Agenzia di Stampa Internazionale","publisher":{"@id":"https:\/\/www.pressenza.com\/it\/#organization"},"potentialAction":[{"@type":"SearchAction","target":{"@type":"EntryPoint","urlTemplate":"https:\/\/www.pressenza.com\/it\/?s={search_term_string}"},"query-input":{"@type":"PropertyValueSpecification","valueRequired":true,"valueName":"search_term_string"}}],"inLanguage":"it-IT"},{"@type":"Organization","@id":"https:\/\/www.pressenza.com\/it\/#organization","name":"Pressenza","url":"https:\/\/www.pressenza.com\/it\/","logo":{"@type":"ImageObject","inLanguage":"it-IT","@id":"https:\/\/www.pressenza.com\/it\/#\/schema\/logo\/image\/","url":"https:\/\/www.pressenza.com\/wp-content\/uploads\/2022\/10\/pressenza_logo_200x200.jpg","contentUrl":"https:\/\/www.pressenza.com\/wp-content\/uploads\/2022\/10\/pressenza_logo_200x200.jpg","width":200,"height":200,"caption":"Pressenza"},"image":{"@id":"https:\/\/www.pressenza.com\/it\/#\/schema\/logo\/image\/"},"sameAs":["https:\/\/www.facebook.com\/PressenzaItalia","https:\/\/x.com\/PressenzaIPA"]},{"@type":"Person","@id":"https:\/\/www.pressenza.com\/it\/#\/schema\/person\/9ec653259bb79d6ea2255fd80043dc9c","name":"Redazione Sebino Franciacorta","url":"https:\/\/www.pressenza.com\/it\/author\/redazione-sebino-franciacorta\/"}]}},"place":"Brescia","original_article_url":"","_links":{"self":[{"href":"https:\/\/www.pressenza.com\/it\/wp-json\/wp\/v2\/posts\/1293679","targetHints":{"allow":["GET"]}}],"collection":[{"href":"https:\/\/www.pressenza.com\/it\/wp-json\/wp\/v2\/posts"}],"about":[{"href":"https:\/\/www.pressenza.com\/it\/wp-json\/wp\/v2\/types\/post"}],"author":[{"embeddable":true,"href":"https:\/\/www.pressenza.com\/it\/wp-json\/wp\/v2\/users\/1969"}],"replies":[{"embeddable":true,"href":"https:\/\/www.pressenza.com\/it\/wp-json\/wp\/v2\/comments?post=1293679"}],"version-history":[{"count":0,"href":"https:\/\/www.pressenza.com\/it\/wp-json\/wp\/v2\/posts\/1293679\/revisions"}],"wp:featuredmedia":[{"embeddable":true,"href":"https:\/\/www.pressenza.com\/it\/wp-json\/wp\/v2\/media\/898839"}],"wp:attachment":[{"href":"https:\/\/www.pressenza.com\/it\/wp-json\/wp\/v2\/media?parent=1293679"}],"wp:term":[{"taxonomy":"category","embeddable":true,"href":"https:\/\/www.pressenza.com\/it\/wp-json\/wp\/v2\/categories?post=1293679"},{"taxonomy":"post_tag","embeddable":true,"href":"https:\/\/www.pressenza.com\/it\/wp-json\/wp\/v2\/tags?post=1293679"}],"curies":[{"name":"wp","href":"https:\/\/api.w.org\/{rel}","templated":true}]}}