{"id":1293147,"date":"2021-02-07T18:34:01","date_gmt":"2021-02-07T18:34:01","guid":{"rendered":"https:\/\/www.pressenza.com\/?p=1293147"},"modified":"2021-02-07T18:36:21","modified_gmt":"2021-02-07T18:36:21","slug":"annullare-il-25-del-debito-pubblico-si-puo-ma","status":"publish","type":"post","link":"https:\/\/www.pressenza.com\/it\/2021\/02\/annullare-il-25-del-debito-pubblico-si-puo-ma\/","title":{"rendered":"Annullare il 25% del debito pubblico si pu\u00f2, ma\u2026"},"content":{"rendered":"<p>Da tempo e da pi\u00f9 parti negli ultimi mesi ha preso slancio la proposta di cancellare la parte di debito (circa il 25%) che alcuni paesi europei hanno nei confronti della Banca Centrale Europea (BCE). Questa tesi \u00e8 stata sostenuta anche dal Presidente del Parlamento Europeo David Sassoli. Il recente <a href=\"https:\/\/ilmanifesto.it\/la-bce-puo-cancellare-il-debito-ora-2-500-miliardi-per-la-ripresa\/\">appello<\/a> sottoscritto da oltre un centinaio di economisti di vari paesi europei \u00e8 un ulteriore passo in questa direzione. Si tratta di una proposta tutto sommato ragionevole, che presenta alcune criticit\u00e0, ma con vantaggi probabilmente superiori agli aspetti negativi.<\/p>\n<p>Sottolineata la validit\u00e0 della proposta, occorre riconoscere che nell\u2019appello degli economisti ci sono alcuni aspetti che lasciano perplessi. Anzitutto il titolo: \u201cAnnullare i debiti pubblici detenuti dalla BCE per prendere il controllo del nostro destino\u201d. L\u2019Italia attualmente ha un debito pubblico che corrisponde a circa il 160% del Prodotto Interno Lordo (PIL). Se la Banca Centrale Europea congelasse per sempre o annullasse il 25% del nostro debito, questo scenderebbe al 120% nel rapporto debito\/PIL. Dieci anni fa l\u2019Italia era al 120%, ma sembra abbastanza azzardato pensare che avessimo il \u201ccontrollo del nostro destino\u201d. In realt\u00e0 avevamo, anche allora, un debito pubblico eccessivamente alto, con uno spreco di risorse destinate a pagare gli interessi. Ridurre il debito di un quarto sarebbe una buona notizia, ma la situazione debitoria resterebbe comunque critica. L\u2019enfasi sul controllo del nostro destino \u00e8 palesemente eccessiva.<\/p>\n<p>Inoltre nell\u2019appello c\u2019\u00e8 una novit\u00e0 rispetto alle precedenti versioni: \u201cLa nostra proposta \u00e8 quindi semplice: firmiamo un contratto tra gli Stati europei e la BCE. Quest&#8217;ultima si impegna a cancellare i debiti pubblici che detiene (o a trasformarli in debiti perpetui senza interessi), mentre gli Stati si impegnano a investire le stesse somme nella ricostruzione ecologica e sociale\u201d. Domanda: dove troveranno gli Stati queste somme da investire? Probabilmente facendo nuovo debito. E chi dovrebbe sottoscriverlo? La Banca Centrale Europea? Il rischio di un circolo vizioso \u00e8 evidente.<\/p>\n<p>Infine, nell\u2019appello da un lato si cita l\u2019esempio del \u201cquantitative easing voluto da Mario Draghi\u201d, cio\u00e8 il fatto che da anni la BCE sta acquistando una parte importante dei titoli di debito emessi dagli Stati europei, dall\u2019altro si afferma che \u201csiamo fortunati ad avere un creditore che non teme di perdere i suoi soldi: la BCE\u201d. La fortuna non c\u2019entra nulla: si tratta di una precisa scelta di politica monetaria della BCE guidata da Mario Draghi, che negli ultimi anni \u00e8 riuscito a convincere anche gli altri rappresentanti dei paesi europei (Germania in primis) a stampare moneta per tenere bassi i tassi di interesse. Ci\u00f2 non significa necessariamente approvare tutto ci\u00f2 che Draghi o la BCE hanno fatto. Ma occorre riconoscere che \u00e8 grazie alla politica del \u201cquantitative easing\u201d se oggi possiamo ipotizzare la cancellazione del debito pubblico detenuto dalla BCE.<\/p>\n<p>&nbsp;<\/p>\n<p>&nbsp;<\/p>\n<p>&nbsp;<\/p>\n","protected":false},"excerpt":{"rendered":"<p>Da tempo e da pi\u00f9 parti negli ultimi mesi ha preso slancio la proposta di cancellare la parte di debito (circa il 25%) che alcuni paesi europei hanno nei confronti della Banca Centrale Europea (BCE). Questa tesi \u00e8 stata sostenuta&hellip;<\/p>\n","protected":false},"author":1280,"featured_media":520084,"comment_status":"closed","ping_status":"closed","sticky":false,"template":"","format":"standard","meta":{"footnotes":""},"categories":[11388,62,47,162],"tags":[947,35169,9139,87074,18492],"class_list":["post-1293147","post","type-post","status-publish","format-standard","has-post-thumbnail","hentry","category-contenuti-originali","category-economia","category-europa","category-opinioni","tag-appello","tag-banca-centrale-europea","tag-debito-pubblico","tag-economisti","tag-mario-draghi"],"yoast_head":"<!-- This site is optimized with the Yoast SEO plugin v27.1.1 - https:\/\/yoast.com\/product\/yoast-seo-wordpress\/ -->\n<title>Annullare il 25% del debito pubblico si pu\u00f2, ma\u2026<\/title>\n<meta name=\"description\" content=\"Da tempo e da pi\u00f9 parti negli ultimi mesi ha preso slancio la proposta di cancellare la parte di debito (circa il 25%) che alcuni paesi europei hanno nei\" \/>\n<meta name=\"robots\" content=\"index, follow, max-snippet:-1, max-image-preview:large, max-video-preview:-1\" \/>\n<link rel=\"canonical\" href=\"https:\/\/www.pressenza.com\/it\/2021\/02\/annullare-il-25-del-debito-pubblico-si-puo-ma\/\" \/>\n<meta property=\"og:locale\" content=\"it_IT\" \/>\n<meta property=\"og:type\" content=\"article\" \/>\n<meta property=\"og:title\" content=\"Annullare il 25% del debito pubblico si pu\u00f2, ma\u2026\" \/>\n<meta property=\"og:description\" content=\"Da tempo e da pi\u00f9 parti negli ultimi mesi ha preso slancio la proposta di cancellare la parte di debito (circa il 25%) che alcuni paesi europei hanno nei\" \/>\n<meta property=\"og:url\" content=\"https:\/\/www.pressenza.com\/it\/2021\/02\/annullare-il-25-del-debito-pubblico-si-puo-ma\/\" \/>\n<meta property=\"og:site_name\" content=\"Pressenza\" \/>\n<meta property=\"article:publisher\" content=\"https:\/\/www.facebook.com\/PressenzaItalia\" \/>\n<meta property=\"article:published_time\" content=\"2021-02-07T18:34:01+00:00\" \/>\n<meta property=\"article:modified_time\" content=\"2021-02-07T18:36:21+00:00\" \/>\n<meta property=\"og:image\" content=\"https:\/\/www.pressenza.com\/wp-content\/uploads\/2017\/09\/debito-pubblico.jpg\" \/>\n\t<meta property=\"og:image:width\" content=\"750\" \/>\n\t<meta property=\"og:image:height\" content=\"375\" \/>\n\t<meta property=\"og:image:type\" content=\"image\/jpeg\" \/>\n<meta name=\"author\" content=\"Rocco Artifoni\" \/>\n<meta name=\"twitter:card\" content=\"summary_large_image\" \/>\n<meta name=\"twitter:creator\" content=\"@PressenzaIPA\" \/>\n<meta name=\"twitter:site\" content=\"@PressenzaIPA\" \/>\n<meta name=\"twitter:label1\" content=\"Scritto da\" \/>\n\t<meta name=\"twitter:data1\" content=\"Rocco Artifoni\" \/>\n\t<meta name=\"twitter:label2\" content=\"Tempo di lettura stimato\" \/>\n\t<meta name=\"twitter:data2\" content=\"2 minuti\" \/>\n<script type=\"application\/ld+json\" class=\"yoast-schema-graph\">{\"@context\":\"https:\/\/schema.org\",\"@graph\":[{\"@type\":\"Article\",\"@id\":\"https:\/\/www.pressenza.com\/it\/2021\/02\/annullare-il-25-del-debito-pubblico-si-puo-ma\/#article\",\"isPartOf\":{\"@id\":\"https:\/\/www.pressenza.com\/it\/2021\/02\/annullare-il-25-del-debito-pubblico-si-puo-ma\/\"},\"author\":{\"name\":\"Rocco Artifoni\",\"@id\":\"https:\/\/www.pressenza.com\/it\/#\/schema\/person\/47253bd773bfdc8f669fc1a490a0d099\"},\"headline\":\"Annullare il 25% del debito pubblico si pu\u00f2, ma\u2026\",\"datePublished\":\"2021-02-07T18:34:01+00:00\",\"dateModified\":\"2021-02-07T18:36:21+00:00\",\"mainEntityOfPage\":{\"@id\":\"https:\/\/www.pressenza.com\/it\/2021\/02\/annullare-il-25-del-debito-pubblico-si-puo-ma\/\"},\"wordCount\":466,\"publisher\":{\"@id\":\"https:\/\/www.pressenza.com\/it\/#organization\"},\"image\":{\"@id\":\"https:\/\/www.pressenza.com\/it\/2021\/02\/annullare-il-25-del-debito-pubblico-si-puo-ma\/#primaryimage\"},\"thumbnailUrl\":\"https:\/\/www.pressenza.com\/wp-content\/uploads\/2017\/09\/debito-pubblico.jpg\",\"keywords\":[\"appello\",\"Banca Centrale Europea\",\"debito pubblico\",\"economisti\",\"Mario Draghi\"],\"articleSection\":[\"contenuti originali\",\"Economia\",\"Europa\",\"Opinioni\"],\"inLanguage\":\"it-IT\"},{\"@type\":\"WebPage\",\"@id\":\"https:\/\/www.pressenza.com\/it\/2021\/02\/annullare-il-25-del-debito-pubblico-si-puo-ma\/\",\"url\":\"https:\/\/www.pressenza.com\/it\/2021\/02\/annullare-il-25-del-debito-pubblico-si-puo-ma\/\",\"name\":\"Annullare il 25% del debito pubblico si pu\u00f2, ma\u2026\",\"isPartOf\":{\"@id\":\"https:\/\/www.pressenza.com\/it\/#website\"},\"primaryImageOfPage\":{\"@id\":\"https:\/\/www.pressenza.com\/it\/2021\/02\/annullare-il-25-del-debito-pubblico-si-puo-ma\/#primaryimage\"},\"image\":{\"@id\":\"https:\/\/www.pressenza.com\/it\/2021\/02\/annullare-il-25-del-debito-pubblico-si-puo-ma\/#primaryimage\"},\"thumbnailUrl\":\"https:\/\/www.pressenza.com\/wp-content\/uploads\/2017\/09\/debito-pubblico.jpg\",\"datePublished\":\"2021-02-07T18:34:01+00:00\",\"dateModified\":\"2021-02-07T18:36:21+00:00\",\"description\":\"Da tempo e da pi\u00f9 parti negli ultimi mesi ha preso slancio la proposta di cancellare la parte di debito (circa il 25%) che alcuni paesi europei hanno nei\",\"breadcrumb\":{\"@id\":\"https:\/\/www.pressenza.com\/it\/2021\/02\/annullare-il-25-del-debito-pubblico-si-puo-ma\/#breadcrumb\"},\"inLanguage\":\"it-IT\",\"potentialAction\":[{\"@type\":\"ReadAction\",\"target\":[\"https:\/\/www.pressenza.com\/it\/2021\/02\/annullare-il-25-del-debito-pubblico-si-puo-ma\/\"]}]},{\"@type\":\"ImageObject\",\"inLanguage\":\"it-IT\",\"@id\":\"https:\/\/www.pressenza.com\/it\/2021\/02\/annullare-il-25-del-debito-pubblico-si-puo-ma\/#primaryimage\",\"url\":\"https:\/\/www.pressenza.com\/wp-content\/uploads\/2017\/09\/debito-pubblico.jpg\",\"contentUrl\":\"https:\/\/www.pressenza.com\/wp-content\/uploads\/2017\/09\/debito-pubblico.jpg\",\"width\":750,\"height\":375,\"caption\":\"debito pubblico public debt europe\"},{\"@type\":\"BreadcrumbList\",\"@id\":\"https:\/\/www.pressenza.com\/it\/2021\/02\/annullare-il-25-del-debito-pubblico-si-puo-ma\/#breadcrumb\",\"itemListElement\":[{\"@type\":\"ListItem\",\"position\":1,\"name\":\"Accueil\",\"item\":\"https:\/\/www.pressenza.com\/it\/\"},{\"@type\":\"ListItem\",\"position\":2,\"name\":\"Annullare il 25% del debito pubblico si pu\u00f2, ma\u2026\"}]},{\"@type\":\"WebSite\",\"@id\":\"https:\/\/www.pressenza.com\/it\/#website\",\"url\":\"https:\/\/www.pressenza.com\/it\/\",\"name\":\"Pressenza\",\"description\":\"Agenzia di Stampa Internazionale\",\"publisher\":{\"@id\":\"https:\/\/www.pressenza.com\/it\/#organization\"},\"potentialAction\":[{\"@type\":\"SearchAction\",\"target\":{\"@type\":\"EntryPoint\",\"urlTemplate\":\"https:\/\/www.pressenza.com\/it\/?s={search_term_string}\"},\"query-input\":{\"@type\":\"PropertyValueSpecification\",\"valueRequired\":true,\"valueName\":\"search_term_string\"}}],\"inLanguage\":\"it-IT\"},{\"@type\":\"Organization\",\"@id\":\"https:\/\/www.pressenza.com\/it\/#organization\",\"name\":\"Pressenza\",\"url\":\"https:\/\/www.pressenza.com\/it\/\",\"logo\":{\"@type\":\"ImageObject\",\"inLanguage\":\"it-IT\",\"@id\":\"https:\/\/www.pressenza.com\/it\/#\/schema\/logo\/image\/\",\"url\":\"https:\/\/www.pressenza.com\/wp-content\/uploads\/2022\/10\/pressenza_logo_200x200.jpg\",\"contentUrl\":\"https:\/\/www.pressenza.com\/wp-content\/uploads\/2022\/10\/pressenza_logo_200x200.jpg\",\"width\":200,\"height\":200,\"caption\":\"Pressenza\"},\"image\":{\"@id\":\"https:\/\/www.pressenza.com\/it\/#\/schema\/logo\/image\/\"},\"sameAs\":[\"https:\/\/www.facebook.com\/PressenzaItalia\",\"https:\/\/x.com\/PressenzaIPA\"]},{\"@type\":\"Person\",\"@id\":\"https:\/\/www.pressenza.com\/it\/#\/schema\/person\/47253bd773bfdc8f669fc1a490a0d099\",\"name\":\"Rocco Artifoni\",\"description\":\"Rocco Artifoni \u00e8 nato a Bergamo nel 1960. \u00c8 presidente nazionale dell\u2019Associazione per la Riduzione del Debito Pubblico (www.ardep.it) e referente per la Lombardia dell\u2019Associazione Art. 53 (www.articolo53.it). Principali appartenenze e impegni locali (provincia di Bergamo): Consiglio Direttivo della Fondazione Serughetti La Porta (www.laportabergamo.it), Comitato provinciale per l\u2019abolizione delle barriere architettoniche (www.diversabile.it), Coordinamento provinciale di Libera (www.liberabg.it), Comitato bergamasco per la difesa della Costituzione (www.salviamolacostituzione.bg.it), Scuola di educazione e formazione alla politica We Care (www.scuolawecare.it), Redazione della rivista L\u2019Incontro e delle Edizioni Gruppo Aeper (www.aeper.it). Nel 2014 ha pubblicato insieme a Filippo Pizzolato \u201cL\u2019ABC della Costituzione\u201d per le Edizioni Gruppo Aeper con prefazione di don Luigi Ciotti. Nel 2018, insieme a Francesco Gesualdi e Antonio De Lellis, per CADTM Italia ha pubblicato il dossier \u201cFisco &amp; Debito. Gli effetti delle controriforme fiscali sul nostro debito pubblico\u201d.\",\"url\":\"https:\/\/www.pressenza.com\/it\/author\/rocco-artifoni\/\"}]}<\/script>\n<!-- \/ Yoast SEO plugin. -->","yoast_head_json":{"title":"Annullare il 25% del debito pubblico si pu\u00f2, ma\u2026","description":"Da tempo e da pi\u00f9 parti negli ultimi mesi ha preso slancio la proposta di cancellare la parte di debito (circa il 25%) che alcuni paesi europei hanno nei","robots":{"index":"index","follow":"follow","max-snippet":"max-snippet:-1","max-image-preview":"max-image-preview:large","max-video-preview":"max-video-preview:-1"},"canonical":"https:\/\/www.pressenza.com\/it\/2021\/02\/annullare-il-25-del-debito-pubblico-si-puo-ma\/","og_locale":"it_IT","og_type":"article","og_title":"Annullare il 25% del debito pubblico si pu\u00f2, ma\u2026","og_description":"Da tempo e da pi\u00f9 parti negli ultimi mesi ha preso slancio la proposta di cancellare la parte di debito (circa il 25%) che alcuni paesi europei hanno nei","og_url":"https:\/\/www.pressenza.com\/it\/2021\/02\/annullare-il-25-del-debito-pubblico-si-puo-ma\/","og_site_name":"Pressenza","article_publisher":"https:\/\/www.facebook.com\/PressenzaItalia","article_published_time":"2021-02-07T18:34:01+00:00","article_modified_time":"2021-02-07T18:36:21+00:00","og_image":[{"width":750,"height":375,"url":"https:\/\/www.pressenza.com\/wp-content\/uploads\/2017\/09\/debito-pubblico.jpg","type":"image\/jpeg"}],"author":"Rocco Artifoni","twitter_card":"summary_large_image","twitter_creator":"@PressenzaIPA","twitter_site":"@PressenzaIPA","twitter_misc":{"Scritto da":"Rocco Artifoni","Tempo di lettura stimato":"2 minuti"},"schema":{"@context":"https:\/\/schema.org","@graph":[{"@type":"Article","@id":"https:\/\/www.pressenza.com\/it\/2021\/02\/annullare-il-25-del-debito-pubblico-si-puo-ma\/#article","isPartOf":{"@id":"https:\/\/www.pressenza.com\/it\/2021\/02\/annullare-il-25-del-debito-pubblico-si-puo-ma\/"},"author":{"name":"Rocco Artifoni","@id":"https:\/\/www.pressenza.com\/it\/#\/schema\/person\/47253bd773bfdc8f669fc1a490a0d099"},"headline":"Annullare il 25% del debito pubblico si pu\u00f2, ma\u2026","datePublished":"2021-02-07T18:34:01+00:00","dateModified":"2021-02-07T18:36:21+00:00","mainEntityOfPage":{"@id":"https:\/\/www.pressenza.com\/it\/2021\/02\/annullare-il-25-del-debito-pubblico-si-puo-ma\/"},"wordCount":466,"publisher":{"@id":"https:\/\/www.pressenza.com\/it\/#organization"},"image":{"@id":"https:\/\/www.pressenza.com\/it\/2021\/02\/annullare-il-25-del-debito-pubblico-si-puo-ma\/#primaryimage"},"thumbnailUrl":"https:\/\/www.pressenza.com\/wp-content\/uploads\/2017\/09\/debito-pubblico.jpg","keywords":["appello","Banca Centrale Europea","debito pubblico","economisti","Mario Draghi"],"articleSection":["contenuti originali","Economia","Europa","Opinioni"],"inLanguage":"it-IT"},{"@type":"WebPage","@id":"https:\/\/www.pressenza.com\/it\/2021\/02\/annullare-il-25-del-debito-pubblico-si-puo-ma\/","url":"https:\/\/www.pressenza.com\/it\/2021\/02\/annullare-il-25-del-debito-pubblico-si-puo-ma\/","name":"Annullare il 25% del debito pubblico si pu\u00f2, ma\u2026","isPartOf":{"@id":"https:\/\/www.pressenza.com\/it\/#website"},"primaryImageOfPage":{"@id":"https:\/\/www.pressenza.com\/it\/2021\/02\/annullare-il-25-del-debito-pubblico-si-puo-ma\/#primaryimage"},"image":{"@id":"https:\/\/www.pressenza.com\/it\/2021\/02\/annullare-il-25-del-debito-pubblico-si-puo-ma\/#primaryimage"},"thumbnailUrl":"https:\/\/www.pressenza.com\/wp-content\/uploads\/2017\/09\/debito-pubblico.jpg","datePublished":"2021-02-07T18:34:01+00:00","dateModified":"2021-02-07T18:36:21+00:00","description":"Da tempo e da pi\u00f9 parti negli ultimi mesi ha preso slancio la proposta di cancellare la parte di debito (circa il 25%) che alcuni paesi europei hanno nei","breadcrumb":{"@id":"https:\/\/www.pressenza.com\/it\/2021\/02\/annullare-il-25-del-debito-pubblico-si-puo-ma\/#breadcrumb"},"inLanguage":"it-IT","potentialAction":[{"@type":"ReadAction","target":["https:\/\/www.pressenza.com\/it\/2021\/02\/annullare-il-25-del-debito-pubblico-si-puo-ma\/"]}]},{"@type":"ImageObject","inLanguage":"it-IT","@id":"https:\/\/www.pressenza.com\/it\/2021\/02\/annullare-il-25-del-debito-pubblico-si-puo-ma\/#primaryimage","url":"https:\/\/www.pressenza.com\/wp-content\/uploads\/2017\/09\/debito-pubblico.jpg","contentUrl":"https:\/\/www.pressenza.com\/wp-content\/uploads\/2017\/09\/debito-pubblico.jpg","width":750,"height":375,"caption":"debito pubblico public debt europe"},{"@type":"BreadcrumbList","@id":"https:\/\/www.pressenza.com\/it\/2021\/02\/annullare-il-25-del-debito-pubblico-si-puo-ma\/#breadcrumb","itemListElement":[{"@type":"ListItem","position":1,"name":"Accueil","item":"https:\/\/www.pressenza.com\/it\/"},{"@type":"ListItem","position":2,"name":"Annullare il 25% del debito pubblico si pu\u00f2, ma\u2026"}]},{"@type":"WebSite","@id":"https:\/\/www.pressenza.com\/it\/#website","url":"https:\/\/www.pressenza.com\/it\/","name":"Pressenza","description":"Agenzia di Stampa Internazionale","publisher":{"@id":"https:\/\/www.pressenza.com\/it\/#organization"},"potentialAction":[{"@type":"SearchAction","target":{"@type":"EntryPoint","urlTemplate":"https:\/\/www.pressenza.com\/it\/?s={search_term_string}"},"query-input":{"@type":"PropertyValueSpecification","valueRequired":true,"valueName":"search_term_string"}}],"inLanguage":"it-IT"},{"@type":"Organization","@id":"https:\/\/www.pressenza.com\/it\/#organization","name":"Pressenza","url":"https:\/\/www.pressenza.com\/it\/","logo":{"@type":"ImageObject","inLanguage":"it-IT","@id":"https:\/\/www.pressenza.com\/it\/#\/schema\/logo\/image\/","url":"https:\/\/www.pressenza.com\/wp-content\/uploads\/2022\/10\/pressenza_logo_200x200.jpg","contentUrl":"https:\/\/www.pressenza.com\/wp-content\/uploads\/2022\/10\/pressenza_logo_200x200.jpg","width":200,"height":200,"caption":"Pressenza"},"image":{"@id":"https:\/\/www.pressenza.com\/it\/#\/schema\/logo\/image\/"},"sameAs":["https:\/\/www.facebook.com\/PressenzaItalia","https:\/\/x.com\/PressenzaIPA"]},{"@type":"Person","@id":"https:\/\/www.pressenza.com\/it\/#\/schema\/person\/47253bd773bfdc8f669fc1a490a0d099","name":"Rocco Artifoni","description":"Rocco Artifoni \u00e8 nato a Bergamo nel 1960. \u00c8 presidente nazionale dell\u2019Associazione per la Riduzione del Debito Pubblico (www.ardep.it) e referente per la Lombardia dell\u2019Associazione Art. 53 (www.articolo53.it). Principali appartenenze e impegni locali (provincia di Bergamo): Consiglio Direttivo della Fondazione Serughetti La Porta (www.laportabergamo.it), Comitato provinciale per l\u2019abolizione delle barriere architettoniche (www.diversabile.it), Coordinamento provinciale di Libera (www.liberabg.it), Comitato bergamasco per la difesa della Costituzione (www.salviamolacostituzione.bg.it), Scuola di educazione e formazione alla politica We Care (www.scuolawecare.it), Redazione della rivista L\u2019Incontro e delle Edizioni Gruppo Aeper (www.aeper.it). Nel 2014 ha pubblicato insieme a Filippo Pizzolato \u201cL\u2019ABC della Costituzione\u201d per le Edizioni Gruppo Aeper con prefazione di don Luigi Ciotti. Nel 2018, insieme a Francesco Gesualdi e Antonio De Lellis, per CADTM Italia ha pubblicato il dossier \u201cFisco &amp; Debito. Gli effetti delle controriforme fiscali sul nostro debito pubblico\u201d.","url":"https:\/\/www.pressenza.com\/it\/author\/rocco-artifoni\/"}]}},"place":"","original_article_url":"","_links":{"self":[{"href":"https:\/\/www.pressenza.com\/it\/wp-json\/wp\/v2\/posts\/1293147","targetHints":{"allow":["GET"]}}],"collection":[{"href":"https:\/\/www.pressenza.com\/it\/wp-json\/wp\/v2\/posts"}],"about":[{"href":"https:\/\/www.pressenza.com\/it\/wp-json\/wp\/v2\/types\/post"}],"author":[{"embeddable":true,"href":"https:\/\/www.pressenza.com\/it\/wp-json\/wp\/v2\/users\/1280"}],"replies":[{"embeddable":true,"href":"https:\/\/www.pressenza.com\/it\/wp-json\/wp\/v2\/comments?post=1293147"}],"version-history":[{"count":0,"href":"https:\/\/www.pressenza.com\/it\/wp-json\/wp\/v2\/posts\/1293147\/revisions"}],"wp:featuredmedia":[{"embeddable":true,"href":"https:\/\/www.pressenza.com\/it\/wp-json\/wp\/v2\/media\/520084"}],"wp:attachment":[{"href":"https:\/\/www.pressenza.com\/it\/wp-json\/wp\/v2\/media?parent=1293147"}],"wp:term":[{"taxonomy":"category","embeddable":true,"href":"https:\/\/www.pressenza.com\/it\/wp-json\/wp\/v2\/categories?post=1293147"},{"taxonomy":"post_tag","embeddable":true,"href":"https:\/\/www.pressenza.com\/it\/wp-json\/wp\/v2\/tags?post=1293147"}],"curies":[{"name":"wp","href":"https:\/\/api.w.org\/{rel}","templated":true}]}}