{"id":1289256,"date":"2021-01-31T15:37:50","date_gmt":"2021-01-31T15:37:50","guid":{"rendered":"https:\/\/www.pressenza.com\/?p=1289256"},"modified":"2021-11-06T16:55:42","modified_gmt":"2021-11-06T16:55:42","slug":"la-politica-delle-donne-dal-piemonte-alla-sicilia-e-da-palermo-a-torino","status":"publish","type":"post","link":"https:\/\/www.pressenza.com\/it\/2021\/01\/la-politica-delle-donne-dal-piemonte-alla-sicilia-e-da-palermo-a-torino\/","title":{"rendered":"La politica delle donne dal Piemonte alla Sicilia e da Palermo a Torino"},"content":{"rendered":"<p>Il 28 gennaio 2021 il presidio che da ottobre le <em>Mamme in piazza per la libert\u00e0 di dissenso<\/em> organizzano ogni gioved\u00ec dinanzi al carcere delle Vallette di Torino per portare affetto e sostegno a Dana Lauriola, alle altre attiviste Notav e a tutte le detenute, ha visto l\u2019adesione di diverse associazioni di donne che lungo la Penisola hanno raccolto l\u2019appello (vedi pagina-<a href=\"https:\/\/www.facebook.com\/665374417260049\/posts\/1066898283774325\/\">FB)<\/a> lanciato dall\u2019UDI Palermo il 23 gennaio, dopo che Dana e, successivamente, Fabiola e altre carcerate avevano intrapreso lo sciopero della fame per reclamare i diritti negati.<\/p>\n<p>Il presidio in diretta Facebook del 28 gennaio ha visto la partecipazione a distanza di donne singole e associate, ma anche di uomini che hanno voluto esprimere sostegno al comitato delle <em>Mamme<\/em>, solidariet\u00e0 a Dana e alle compagne in carcere perch\u00e9 \u00e8 davvero intollerabile, come \u00e8 stato rilevato anche dai <em>Giuristi democratici<\/em> e da <em>Amnesty International<\/em>, che in Italia si possano scontare pene detentive di due anni per il blocco di un quarto d\u2019ora di un casello avvenuto in maniera pacifica e per l\u2019uso di un megafono con il quale spiegare le ragioni della protesta, o pene da scontare ai domiciliari per aver distribuito volantini.<\/p>\n<p>Tra le voci che si sono levate per chiarire le ragioni del presidio c\u2019\u00e8 quella di Diana, una delle mamme, che ne d\u00e0 una testimonianza diretta nel corso di <strong>un\u2019intervista<sup>(1)<\/sup><\/strong>:\u00a0 quando si sono viste recapitare le denunce e gli avvisi di garanzia indirizzati ai figli, lei e le altre madri, che risiedono in diversi luoghi d\u2019Italia, sono rimaste in un primo momento disorientate e frastornate, ma poi dal 2015 hanno trovato conforto e forza nelle relazioni che hanno costruito, nella \u00a0solidariet\u00e0 reciproca e nella solidariet\u00e0 con le figlie e i figli e le loro lotte, tese a rivendicare l\u2019antifascismo, l\u2019equit\u00e0 sociale, la salvaguardia dell\u2019ambiente. Le relazioni che esse stanno costruendo e le azioni concrete con forte valore simbolico che stanno realizzando reclamano che venga restituita a Dana e alle\/agli altre\/i <em>la vita<\/em> non fra le sbarre di un carcere.<\/p>\n<p>Le Mamme in piazza per la libert\u00e0 di dissenso dichiarano di <strong><em>essere Madri<\/em><\/strong> non solo dei propri figli ma anche di Dana, Fabiola e dei\/delle compagni\/e dissenzienti rispetto ad alcune scelte economiche e sociali delle istituzioni; esse espongono tutte se stesse nel presidio settimanale; promuovono e realizzano azioni riconducibili alla <strong><em>politica delle donne<\/em><\/strong>, che \u00e8 cura e attenzione per ogni vita, per ogni forma vivente, per ogni ecosistema. Un modo di fare politica in qualche modo corrispondente a quello di Dana e delle altre sue compagne di lotta che dal carcere hanno utilizzato l\u2019arma non violenta dello sciopero della fame ottenendo una piccola-grande vittoria, stando alla notizia delle rassicurazioni da parte della direzione del carcere di Torino sull\u2019accoglienza delle richieste delle detenute.<\/p>\n<p>Le <strong>donne dell\u2019UDIPalermo<\/strong>, \u201cfermamente decise a custodire\u201d la \u201cnostra DEMOCRAZIA, un bene estremamente fragile\u201d, che da mesi denunciano l\u2019intento di ridurre a questione di ordine pubblico \u201cla\u00a0 protesta di un territorio\u201d chiedendo \u201cimmediata libert\u00e0 per Dana\u201d nell\u2019<strong>appello lanciato al Presidente della Repubblica<sup>(2)<\/sup>,<\/strong>\u00a0riconoscono e valorizzano la novit\u00e0 della <em>forza politica<\/em> delle Mamme in piazza per la libert\u00e0 di dissenso come pure di Dana e delle altre e per questo hanno dato avvio il 28 gennaio a <em>un\u2019azione politica di pi\u00f9 ampio respiro<\/em> che vede coinvolte diverse associazioni di donne e di singole, ma anche di uomini e di singoli, da Palermo a Torino, dalla Val di Susa alla Sicilia. Lo ha ben rilevato Ugo Mattei, giurista e costituzionalista, erede di Stefano Rodot\u00e0 nel suo impegno riguardo alla \u201cdottrina sui beni comuni\u201d, il quale ha salutato il \u201cponte di solidariet\u00e0, speranza, lotta comune che dalla Sicilia\u201d ha raggiunto il \u201cPiemonte attraversando l\u2019Italia\u201d e che con un comunicato si \u00e8 unito al \u201ccoro di protesta in difesa del diritto di resistenza e di dissenso politico\u201d.<\/p>\n<p>&nbsp;<\/p>\n<p>L\u2019iniziativa del 28 gennaio dovrebbe far riflettere le donne che rivendicano le quote rosa nei luoghi della politica e nei governi: come mai non sono \u00a0le prime a porre attenzione e ascolto alle <em>Mamme in piazza<\/em> che reclamano per le figlie e i figli \u201cla vita che viene loro sottratta con la detenzione e le misure cautelari\u201d mediante la sproporzione tra i reati contestati e le pene inflitte?<\/p>\n<p>&nbsp;<\/p>\n<p>E come mai le deputate, le senatrici, le sindache, le consigliere, le assessore che dichiarano di avere i loro riferimenti culturali e politici nelle donne che hanno partecipato alla Resistenza, non danno voce alle richieste di libert\u00e0 delle giovani attiviste in carcere?<\/p>\n<p>&nbsp;<\/p>\n<p>Come mai le ammiratrici della politica di Lidia Menapace \u2013 partigiana e antifascista da poco scomparsa \u2013 ne disconoscono l\u2019amicizia con Nicoletta Dosio, anche lei incriminata e carcerata per aver preso parte alla manifestazione Notav per cui Dana \u00e8 detenuta?<\/p>\n<p>&nbsp;<\/p>\n<p>Come mai le donne che si dichiarano rappresentanti delle istanze delle donne \u2013 anche grazie ai movimenti femministi \u2013 non ascoltano n\u00e9 recepiscono le richieste di libert\u00e0 delle giovani attiviste in carcere, delle <em>Mamme in piazza per la libert\u00e0 di dissenso<\/em>, dell\u2019<em>UDIPalermo<\/em>, dell\u2019<em>UDI Nazionale, <\/em>della <em>Citt\u00e0 felice di Catania<\/em>, di <em>Archivia donne<\/em>, de <em>Le Rose bianche<\/em>, di <em>Studi femministi<\/em>, delle <em>Onde donneinmovimento<\/em>, di <em>Femminile \u00e8 politico: potere alle donne<\/em>, di <em>Iniziativa Femminista<\/em>, di \u00a0<em>Ecofemministe e sostenibilit\u00e0,<\/em> del <em>Coordinamento antiviolenza 21 luglio Palermo<\/em>, e di tutte le donne singole e associate che si sono unite simbolicamente in piazza il 28 gennaio scorso?<\/p>\n<p>C\u2019\u00e8 un\u2019eccellenza femminile nel pensiero e nelle pratiche che \u00e8 nel cuore delle donne e che ispira l\u2019impegno quotidiano in un <strong>cambiamento<\/strong> concreto che riguarda tutti i piani dell\u2019esistenza collettiva, dell\u2019esistenza di ogni singola donna e di ogni singolo uomo, di ogni essere vivente,\u00a0 di ogni ecosistema. A questa eccellenza portatrice di una <strong>rivoluzione simbolica<\/strong> che si traduce in <strong>politica delle donne per donne e uomini<\/strong> \u00e8 bene appellarsi anche quando si parla di diritti elementari quali la libert\u00e0 di dissenso e di protesta, perch\u00e9 nel nostro Paese nel contesto odierno, al di l\u00e0 della TAV, \u00e8 in gioco il fragile bene della democrazia e con essa la Costituzione italiana.<\/p>\n<p>&nbsp;<\/p>\n<p>&nbsp;<\/p>\n<p>&nbsp;<\/p>\n<p><strong><sup>(1)<\/sup>ascolta l&#8217;intervista su <u>Radio <a href=\"https:\/\/www.OndaRossa.info\/newsredazione\/2021\/01\/no-tav-mamme-piazza-liberta-dissenso?fbclid=IwAR275-kCs7ez-qnhd_EcVKQgzU4ZT6kk1_O9k2JkUlSlvDfT68IS2hos2kw\">Onda Rossa<\/a><\/u><\/strong><\/p>\n<p><strong><sup>(2)<\/sup><\/strong><a href=\"https:\/\/www.google.com\/url?client=internal-element-cse&amp;cx=007077999554478440219:soezhh45q10&amp;q=https:\/\/www.pressenza.com\/it\/2021\/01\/lettere-aperta-a-mattarella-udi-palermo-rinnova-lappello-liberta-per-dana\/&amp;sa=U&amp;ved=2ahUKEwjK49bfx8buAhVzwQIHHWGpApsQFjAGegQIBBAB&amp;usg=AOvVaw1ObbysOx8iBK325clf7hOZ\">Lettere aperta a Mattarella.\u00a0UDI\u00a0<strong>Palermo<\/strong>\u00a0rinnova l&#8217;appello LIBERTA &#8230;<\/a><\/p>\n","protected":false},"excerpt":{"rendered":"<p>Il 28 gennaio 2021 il presidio che da ottobre le Mamme in piazza per la libert\u00e0 di dissenso organizzano ogni gioved\u00ec dinanzi al carcere delle Vallette di Torino per portare affetto e sostegno a Dana Lauriola, alle altre attiviste Notav&hellip;<\/p>\n","protected":false},"author":2073,"featured_media":1289271,"comment_status":"closed","ping_status":"closed","sticky":false,"template":"","format":"standard","meta":{"footnotes":""},"categories":[60,54513,46975,162],"tags":[86828,86829,48563,86825],"class_list":["post-1289256","post","type-post","status-publish","format-standard","has-post-thumbnail","hentry","category-diritti-umani","category-genere-e-femminismi","category-giovani","category-opinioni","tag-dana","tag-fabiola","tag-notav","tag-tutt-liber"],"yoast_head":"<!-- This site is optimized with the Yoast SEO plugin v27.1.1 - https:\/\/yoast.com\/product\/yoast-seo-wordpress\/ -->\n<title>La politica delle donne dal Piemonte alla Sicilia e da Palermo a Torino<\/title>\n<meta name=\"description\" content=\"Il 28 gennaio 2021 il presidio che da ottobre le Mamme in piazza per la libert\u00e0 di dissenso organizzano ogni gioved\u00ec dinanzi al carcere delle Vallette di\" \/>\n<meta name=\"robots\" content=\"index, follow, max-snippet:-1, max-image-preview:large, max-video-preview:-1\" \/>\n<link rel=\"canonical\" href=\"https:\/\/www.pressenza.com\/it\/2021\/01\/la-politica-delle-donne-dal-piemonte-alla-sicilia-e-da-palermo-a-torino\/\" \/>\n<meta property=\"og:locale\" content=\"it_IT\" \/>\n<meta property=\"og:type\" content=\"article\" \/>\n<meta property=\"og:title\" content=\"La politica delle donne dal Piemonte alla Sicilia e da Palermo a Torino\" \/>\n<meta property=\"og:description\" content=\"Il 28 gennaio 2021 il presidio che da ottobre le Mamme in piazza per la libert\u00e0 di dissenso organizzano ogni gioved\u00ec dinanzi al carcere delle Vallette di\" \/>\n<meta property=\"og:url\" content=\"https:\/\/www.pressenza.com\/it\/2021\/01\/la-politica-delle-donne-dal-piemonte-alla-sicilia-e-da-palermo-a-torino\/\" \/>\n<meta property=\"og:site_name\" content=\"Pressenza\" \/>\n<meta property=\"article:publisher\" content=\"https:\/\/www.facebook.com\/PressenzaItalia\" \/>\n<meta property=\"article:published_time\" content=\"2021-01-31T15:37:50+00:00\" \/>\n<meta property=\"article:modified_time\" content=\"2021-11-06T16:55:42+00:00\" \/>\n<meta property=\"og:image\" content=\"https:\/\/www.pressenza.com\/wp-content\/uploads\/2021\/01\/130549432_3976734669027833_8372432224163720838_n_2.jpg\" \/>\n\t<meta property=\"og:image:width\" content=\"1045\" \/>\n\t<meta property=\"og:image:height\" content=\"768\" \/>\n\t<meta property=\"og:image:type\" content=\"image\/jpeg\" \/>\n<meta name=\"author\" content=\"Ketty Giannilivigni\" \/>\n<meta name=\"twitter:card\" content=\"summary_large_image\" \/>\n<meta name=\"twitter:creator\" content=\"@PressenzaIPA\" \/>\n<meta name=\"twitter:site\" content=\"@PressenzaIPA\" \/>\n<meta name=\"twitter:label1\" content=\"Scritto da\" \/>\n\t<meta name=\"twitter:data1\" content=\"Ketty Giannilivigni\" \/>\n\t<meta name=\"twitter:label2\" content=\"Tempo di lettura stimato\" \/>\n\t<meta name=\"twitter:data2\" content=\"5 minuti\" \/>\n<script type=\"application\/ld+json\" class=\"yoast-schema-graph\">{\"@context\":\"https:\/\/schema.org\",\"@graph\":[{\"@type\":\"Article\",\"@id\":\"https:\/\/www.pressenza.com\/it\/2021\/01\/la-politica-delle-donne-dal-piemonte-alla-sicilia-e-da-palermo-a-torino\/#article\",\"isPartOf\":{\"@id\":\"https:\/\/www.pressenza.com\/it\/2021\/01\/la-politica-delle-donne-dal-piemonte-alla-sicilia-e-da-palermo-a-torino\/\"},\"author\":{\"name\":\"Ketty Giannilivigni\",\"@id\":\"https:\/\/www.pressenza.com\/it\/#\/schema\/person\/4716f959d9db6175a7babf35dbc6cb1e\"},\"headline\":\"La politica delle donne dal Piemonte alla Sicilia e da Palermo a Torino\",\"datePublished\":\"2021-01-31T15:37:50+00:00\",\"dateModified\":\"2021-11-06T16:55:42+00:00\",\"mainEntityOfPage\":{\"@id\":\"https:\/\/www.pressenza.com\/it\/2021\/01\/la-politica-delle-donne-dal-piemonte-alla-sicilia-e-da-palermo-a-torino\/\"},\"wordCount\":1032,\"publisher\":{\"@id\":\"https:\/\/www.pressenza.com\/it\/#organization\"},\"image\":{\"@id\":\"https:\/\/www.pressenza.com\/it\/2021\/01\/la-politica-delle-donne-dal-piemonte-alla-sicilia-e-da-palermo-a-torino\/#primaryimage\"},\"thumbnailUrl\":\"https:\/\/www.pressenza.com\/wp-content\/uploads\/2021\/01\/130549432_3976734669027833_8372432224163720838_n_2.jpg\",\"keywords\":[\"Dana\",\"Fabiola\",\"NOTAV\",\"tutt* Liber*\"],\"articleSection\":[\"Diritti Umani\",\"Genere e femminismi\",\"Giovani\",\"Opinioni\"],\"inLanguage\":\"it-IT\"},{\"@type\":\"WebPage\",\"@id\":\"https:\/\/www.pressenza.com\/it\/2021\/01\/la-politica-delle-donne-dal-piemonte-alla-sicilia-e-da-palermo-a-torino\/\",\"url\":\"https:\/\/www.pressenza.com\/it\/2021\/01\/la-politica-delle-donne-dal-piemonte-alla-sicilia-e-da-palermo-a-torino\/\",\"name\":\"La politica delle donne dal Piemonte alla Sicilia e da Palermo a Torino\",\"isPartOf\":{\"@id\":\"https:\/\/www.pressenza.com\/it\/#website\"},\"primaryImageOfPage\":{\"@id\":\"https:\/\/www.pressenza.com\/it\/2021\/01\/la-politica-delle-donne-dal-piemonte-alla-sicilia-e-da-palermo-a-torino\/#primaryimage\"},\"image\":{\"@id\":\"https:\/\/www.pressenza.com\/it\/2021\/01\/la-politica-delle-donne-dal-piemonte-alla-sicilia-e-da-palermo-a-torino\/#primaryimage\"},\"thumbnailUrl\":\"https:\/\/www.pressenza.com\/wp-content\/uploads\/2021\/01\/130549432_3976734669027833_8372432224163720838_n_2.jpg\",\"datePublished\":\"2021-01-31T15:37:50+00:00\",\"dateModified\":\"2021-11-06T16:55:42+00:00\",\"description\":\"Il 28 gennaio 2021 il presidio che da ottobre le Mamme in piazza per la libert\u00e0 di dissenso organizzano ogni gioved\u00ec dinanzi al carcere delle Vallette di\",\"breadcrumb\":{\"@id\":\"https:\/\/www.pressenza.com\/it\/2021\/01\/la-politica-delle-donne-dal-piemonte-alla-sicilia-e-da-palermo-a-torino\/#breadcrumb\"},\"inLanguage\":\"it-IT\",\"potentialAction\":[{\"@type\":\"ReadAction\",\"target\":[\"https:\/\/www.pressenza.com\/it\/2021\/01\/la-politica-delle-donne-dal-piemonte-alla-sicilia-e-da-palermo-a-torino\/\"]}]},{\"@type\":\"ImageObject\",\"inLanguage\":\"it-IT\",\"@id\":\"https:\/\/www.pressenza.com\/it\/2021\/01\/la-politica-delle-donne-dal-piemonte-alla-sicilia-e-da-palermo-a-torino\/#primaryimage\",\"url\":\"https:\/\/www.pressenza.com\/wp-content\/uploads\/2021\/01\/130549432_3976734669027833_8372432224163720838_n_2.jpg\",\"contentUrl\":\"https:\/\/www.pressenza.com\/wp-content\/uploads\/2021\/01\/130549432_3976734669027833_8372432224163720838_n_2.jpg\",\"width\":1045,\"height\":768},{\"@type\":\"BreadcrumbList\",\"@id\":\"https:\/\/www.pressenza.com\/it\/2021\/01\/la-politica-delle-donne-dal-piemonte-alla-sicilia-e-da-palermo-a-torino\/#breadcrumb\",\"itemListElement\":[{\"@type\":\"ListItem\",\"position\":1,\"name\":\"Accueil\",\"item\":\"https:\/\/www.pressenza.com\/it\/\"},{\"@type\":\"ListItem\",\"position\":2,\"name\":\"La politica delle donne dal Piemonte alla Sicilia e da Palermo a Torino\"}]},{\"@type\":\"WebSite\",\"@id\":\"https:\/\/www.pressenza.com\/it\/#website\",\"url\":\"https:\/\/www.pressenza.com\/it\/\",\"name\":\"Pressenza\",\"description\":\"Agenzia di Stampa Internazionale\",\"publisher\":{\"@id\":\"https:\/\/www.pressenza.com\/it\/#organization\"},\"potentialAction\":[{\"@type\":\"SearchAction\",\"target\":{\"@type\":\"EntryPoint\",\"urlTemplate\":\"https:\/\/www.pressenza.com\/it\/?s={search_term_string}\"},\"query-input\":{\"@type\":\"PropertyValueSpecification\",\"valueRequired\":true,\"valueName\":\"search_term_string\"}}],\"inLanguage\":\"it-IT\"},{\"@type\":\"Organization\",\"@id\":\"https:\/\/www.pressenza.com\/it\/#organization\",\"name\":\"Pressenza\",\"url\":\"https:\/\/www.pressenza.com\/it\/\",\"logo\":{\"@type\":\"ImageObject\",\"inLanguage\":\"it-IT\",\"@id\":\"https:\/\/www.pressenza.com\/it\/#\/schema\/logo\/image\/\",\"url\":\"https:\/\/www.pressenza.com\/wp-content\/uploads\/2022\/10\/pressenza_logo_200x200.jpg\",\"contentUrl\":\"https:\/\/www.pressenza.com\/wp-content\/uploads\/2022\/10\/pressenza_logo_200x200.jpg\",\"width\":200,\"height\":200,\"caption\":\"Pressenza\"},\"image\":{\"@id\":\"https:\/\/www.pressenza.com\/it\/#\/schema\/logo\/image\/\"},\"sameAs\":[\"https:\/\/www.facebook.com\/PressenzaItalia\",\"https:\/\/x.com\/PressenzaIPA\"]},{\"@type\":\"Person\",\"@id\":\"https:\/\/www.pressenza.com\/it\/#\/schema\/person\/4716f959d9db6175a7babf35dbc6cb1e\",\"name\":\"Ketty Giannilivigni\",\"description\":\"Scrittrice e saggista, femminista e sociologa della moda. Ha collaborato con varie riviste (\\\"Salvare Palermo\\\", \\\"Ciumelato\\\", \\\"Mezzocielo\\\", \\\"Segno\\\") e testate online come \\\"NoteBlock\\\" e \\\"Mediterraneo di Pace\\\". Inoltre \u00e8 stata fra i fondatori del Comitato sui Beni comuni \\\"Stefano Rodot\u00e0\\\" di Palermo.\",\"url\":\"https:\/\/www.pressenza.com\/it\/author\/ketty-giannilivigni\/\"}]}<\/script>\n<!-- \/ Yoast SEO plugin. -->","yoast_head_json":{"title":"La politica delle donne dal Piemonte alla Sicilia e da Palermo a Torino","description":"Il 28 gennaio 2021 il presidio che da ottobre le Mamme in piazza per la libert\u00e0 di dissenso organizzano ogni gioved\u00ec dinanzi al carcere delle Vallette di","robots":{"index":"index","follow":"follow","max-snippet":"max-snippet:-1","max-image-preview":"max-image-preview:large","max-video-preview":"max-video-preview:-1"},"canonical":"https:\/\/www.pressenza.com\/it\/2021\/01\/la-politica-delle-donne-dal-piemonte-alla-sicilia-e-da-palermo-a-torino\/","og_locale":"it_IT","og_type":"article","og_title":"La politica delle donne dal Piemonte alla Sicilia e da Palermo a Torino","og_description":"Il 28 gennaio 2021 il presidio che da ottobre le Mamme in piazza per la libert\u00e0 di dissenso organizzano ogni gioved\u00ec dinanzi al carcere delle Vallette di","og_url":"https:\/\/www.pressenza.com\/it\/2021\/01\/la-politica-delle-donne-dal-piemonte-alla-sicilia-e-da-palermo-a-torino\/","og_site_name":"Pressenza","article_publisher":"https:\/\/www.facebook.com\/PressenzaItalia","article_published_time":"2021-01-31T15:37:50+00:00","article_modified_time":"2021-11-06T16:55:42+00:00","og_image":[{"width":1045,"height":768,"url":"https:\/\/www.pressenza.com\/wp-content\/uploads\/2021\/01\/130549432_3976734669027833_8372432224163720838_n_2.jpg","type":"image\/jpeg"}],"author":"Ketty Giannilivigni","twitter_card":"summary_large_image","twitter_creator":"@PressenzaIPA","twitter_site":"@PressenzaIPA","twitter_misc":{"Scritto da":"Ketty Giannilivigni","Tempo di lettura stimato":"5 minuti"},"schema":{"@context":"https:\/\/schema.org","@graph":[{"@type":"Article","@id":"https:\/\/www.pressenza.com\/it\/2021\/01\/la-politica-delle-donne-dal-piemonte-alla-sicilia-e-da-palermo-a-torino\/#article","isPartOf":{"@id":"https:\/\/www.pressenza.com\/it\/2021\/01\/la-politica-delle-donne-dal-piemonte-alla-sicilia-e-da-palermo-a-torino\/"},"author":{"name":"Ketty Giannilivigni","@id":"https:\/\/www.pressenza.com\/it\/#\/schema\/person\/4716f959d9db6175a7babf35dbc6cb1e"},"headline":"La politica delle donne dal Piemonte alla Sicilia e da Palermo a Torino","datePublished":"2021-01-31T15:37:50+00:00","dateModified":"2021-11-06T16:55:42+00:00","mainEntityOfPage":{"@id":"https:\/\/www.pressenza.com\/it\/2021\/01\/la-politica-delle-donne-dal-piemonte-alla-sicilia-e-da-palermo-a-torino\/"},"wordCount":1032,"publisher":{"@id":"https:\/\/www.pressenza.com\/it\/#organization"},"image":{"@id":"https:\/\/www.pressenza.com\/it\/2021\/01\/la-politica-delle-donne-dal-piemonte-alla-sicilia-e-da-palermo-a-torino\/#primaryimage"},"thumbnailUrl":"https:\/\/www.pressenza.com\/wp-content\/uploads\/2021\/01\/130549432_3976734669027833_8372432224163720838_n_2.jpg","keywords":["Dana","Fabiola","NOTAV","tutt* Liber*"],"articleSection":["Diritti Umani","Genere e femminismi","Giovani","Opinioni"],"inLanguage":"it-IT"},{"@type":"WebPage","@id":"https:\/\/www.pressenza.com\/it\/2021\/01\/la-politica-delle-donne-dal-piemonte-alla-sicilia-e-da-palermo-a-torino\/","url":"https:\/\/www.pressenza.com\/it\/2021\/01\/la-politica-delle-donne-dal-piemonte-alla-sicilia-e-da-palermo-a-torino\/","name":"La politica delle donne dal Piemonte alla Sicilia e da Palermo a Torino","isPartOf":{"@id":"https:\/\/www.pressenza.com\/it\/#website"},"primaryImageOfPage":{"@id":"https:\/\/www.pressenza.com\/it\/2021\/01\/la-politica-delle-donne-dal-piemonte-alla-sicilia-e-da-palermo-a-torino\/#primaryimage"},"image":{"@id":"https:\/\/www.pressenza.com\/it\/2021\/01\/la-politica-delle-donne-dal-piemonte-alla-sicilia-e-da-palermo-a-torino\/#primaryimage"},"thumbnailUrl":"https:\/\/www.pressenza.com\/wp-content\/uploads\/2021\/01\/130549432_3976734669027833_8372432224163720838_n_2.jpg","datePublished":"2021-01-31T15:37:50+00:00","dateModified":"2021-11-06T16:55:42+00:00","description":"Il 28 gennaio 2021 il presidio che da ottobre le Mamme in piazza per la libert\u00e0 di dissenso organizzano ogni gioved\u00ec dinanzi al carcere delle Vallette di","breadcrumb":{"@id":"https:\/\/www.pressenza.com\/it\/2021\/01\/la-politica-delle-donne-dal-piemonte-alla-sicilia-e-da-palermo-a-torino\/#breadcrumb"},"inLanguage":"it-IT","potentialAction":[{"@type":"ReadAction","target":["https:\/\/www.pressenza.com\/it\/2021\/01\/la-politica-delle-donne-dal-piemonte-alla-sicilia-e-da-palermo-a-torino\/"]}]},{"@type":"ImageObject","inLanguage":"it-IT","@id":"https:\/\/www.pressenza.com\/it\/2021\/01\/la-politica-delle-donne-dal-piemonte-alla-sicilia-e-da-palermo-a-torino\/#primaryimage","url":"https:\/\/www.pressenza.com\/wp-content\/uploads\/2021\/01\/130549432_3976734669027833_8372432224163720838_n_2.jpg","contentUrl":"https:\/\/www.pressenza.com\/wp-content\/uploads\/2021\/01\/130549432_3976734669027833_8372432224163720838_n_2.jpg","width":1045,"height":768},{"@type":"BreadcrumbList","@id":"https:\/\/www.pressenza.com\/it\/2021\/01\/la-politica-delle-donne-dal-piemonte-alla-sicilia-e-da-palermo-a-torino\/#breadcrumb","itemListElement":[{"@type":"ListItem","position":1,"name":"Accueil","item":"https:\/\/www.pressenza.com\/it\/"},{"@type":"ListItem","position":2,"name":"La politica delle donne dal Piemonte alla Sicilia e da Palermo a Torino"}]},{"@type":"WebSite","@id":"https:\/\/www.pressenza.com\/it\/#website","url":"https:\/\/www.pressenza.com\/it\/","name":"Pressenza","description":"Agenzia di Stampa Internazionale","publisher":{"@id":"https:\/\/www.pressenza.com\/it\/#organization"},"potentialAction":[{"@type":"SearchAction","target":{"@type":"EntryPoint","urlTemplate":"https:\/\/www.pressenza.com\/it\/?s={search_term_string}"},"query-input":{"@type":"PropertyValueSpecification","valueRequired":true,"valueName":"search_term_string"}}],"inLanguage":"it-IT"},{"@type":"Organization","@id":"https:\/\/www.pressenza.com\/it\/#organization","name":"Pressenza","url":"https:\/\/www.pressenza.com\/it\/","logo":{"@type":"ImageObject","inLanguage":"it-IT","@id":"https:\/\/www.pressenza.com\/it\/#\/schema\/logo\/image\/","url":"https:\/\/www.pressenza.com\/wp-content\/uploads\/2022\/10\/pressenza_logo_200x200.jpg","contentUrl":"https:\/\/www.pressenza.com\/wp-content\/uploads\/2022\/10\/pressenza_logo_200x200.jpg","width":200,"height":200,"caption":"Pressenza"},"image":{"@id":"https:\/\/www.pressenza.com\/it\/#\/schema\/logo\/image\/"},"sameAs":["https:\/\/www.facebook.com\/PressenzaItalia","https:\/\/x.com\/PressenzaIPA"]},{"@type":"Person","@id":"https:\/\/www.pressenza.com\/it\/#\/schema\/person\/4716f959d9db6175a7babf35dbc6cb1e","name":"Ketty Giannilivigni","description":"Scrittrice e saggista, femminista e sociologa della moda. Ha collaborato con varie riviste (\"Salvare Palermo\", \"Ciumelato\", \"Mezzocielo\", \"Segno\") e testate online come \"NoteBlock\" e \"Mediterraneo di Pace\". Inoltre \u00e8 stata fra i fondatori del Comitato sui Beni comuni \"Stefano Rodot\u00e0\" di Palermo.","url":"https:\/\/www.pressenza.com\/it\/author\/ketty-giannilivigni\/"}]}},"place":"","original_article_url":"","_links":{"self":[{"href":"https:\/\/www.pressenza.com\/it\/wp-json\/wp\/v2\/posts\/1289256","targetHints":{"allow":["GET"]}}],"collection":[{"href":"https:\/\/www.pressenza.com\/it\/wp-json\/wp\/v2\/posts"}],"about":[{"href":"https:\/\/www.pressenza.com\/it\/wp-json\/wp\/v2\/types\/post"}],"author":[{"embeddable":true,"href":"https:\/\/www.pressenza.com\/it\/wp-json\/wp\/v2\/users\/2073"}],"replies":[{"embeddable":true,"href":"https:\/\/www.pressenza.com\/it\/wp-json\/wp\/v2\/comments?post=1289256"}],"version-history":[{"count":0,"href":"https:\/\/www.pressenza.com\/it\/wp-json\/wp\/v2\/posts\/1289256\/revisions"}],"wp:featuredmedia":[{"embeddable":true,"href":"https:\/\/www.pressenza.com\/it\/wp-json\/wp\/v2\/media\/1289271"}],"wp:attachment":[{"href":"https:\/\/www.pressenza.com\/it\/wp-json\/wp\/v2\/media?parent=1289256"}],"wp:term":[{"taxonomy":"category","embeddable":true,"href":"https:\/\/www.pressenza.com\/it\/wp-json\/wp\/v2\/categories?post=1289256"},{"taxonomy":"post_tag","embeddable":true,"href":"https:\/\/www.pressenza.com\/it\/wp-json\/wp\/v2\/tags?post=1289256"}],"curies":[{"name":"wp","href":"https:\/\/api.w.org\/{rel}","templated":true}]}}