{"id":1288707,"date":"2021-01-30T10:00:59","date_gmt":"2021-01-30T10:00:59","guid":{"rendered":"https:\/\/www.pressenza.com\/?p=1288707"},"modified":"2021-01-30T10:05:20","modified_gmt":"2021-01-30T10:05:20","slug":"don-fortunato-di-noto-e-meter-associazione-in-lotta-contro-gli-abusi-sui-minori","status":"publish","type":"post","link":"https:\/\/www.pressenza.com\/it\/2021\/01\/don-fortunato-di-noto-e-meter-associazione-in-lotta-contro-gli-abusi-sui-minori\/","title":{"rendered":"Don Fortunato di Noto e Meter, associazione in lotta contro gli abusi sui minori"},"content":{"rendered":"<p><strong>Pu\u00f2 presentarci brevemente la sua associazione?<\/strong><\/p>\n<p>Meter \u00e8 nata ad Avola, in provincia di Siracusa, nella parrocchia Madonna del Carmine, luogo in cui iniziai a svolgere il mio ministerio di parroco. Nel \u201891 avevo uno dei primi computer; oltre ad avere ascoltato le esperienze drammatiche di abuso da parte di alcuni bambini, mi imbattei nelle prime immagini e video pedopornografici. Non vi erano allora leggi e orientamenti per quanto riguardava le nuove tecnologie, cos\u00ec posi dunque la domanda su cosa potessi fare nei confronti di quei bambini abusati. Cominciai allora a inviare denunce via fax, perch\u00e9 nemmeno le Procure avevano dei computer. Iniziammo da quel momento una lotta, aiutati anche dai mass media, in cui chiedevamo interventi sulla questione e scattarono particolari attivit\u00e0 investigative al riguardo. Oggi vi sono leggi, orientamenti e pronunciamenti contro la pedofilia e la pedopornografia, mentre a quei tempi no. Grazie a dei parlamentari riuscii a parlare e a mostrare all\u2019ex Presidente della Camera Luciano Violante ci\u00f2 che accadeva in Internet. Nel \u201897 il Parlamento italiano fu il primo al mondo a votare una mozione contro la pedofilia. Questa mozione porta il mio nome. Partendo da una piccola comunit\u00e0 provinciale della periferia del sud Italia, abbiamo dato risposte concrete a un fenomeno iniziato trent\u2019anni fa.<\/p>\n<p>Meter \u00e8 un ufficio altamente specializzato nel monitoraggio della rete soprattutto per ci\u00f2 che riguarda la pedofilia, la pedopornografia e l\u2019abuso sui minori. Abbiamo un centro di ascolto e di accoglienza delle vittime e offriamo anche un accompagnamento da parte di un gruppo di specialisti (psicologi, psicoterapeuti, avvocati e assistenti sociali). Negli ultimi anni abbiamo accolto e sostenuto pi\u00f9 di 1.700 vittime di abuso (maltrattamenti, trascuratezza, abuso sessuale etc..). Prima di queste misure restrittive dovute al covid organizzavamo pi\u00f9 di 380 convegni all\u2019anno in tutta Italia e in Europa. Andavamo nelle scuole, nelle universit\u00e0, nelle diocesi, nel mondo laico culturale ed intellettuale. Abbiamo anche un centro polivalente di cura per i bambini autistici.<\/p>\n<p><strong>L\u2019associazione Meter presenta ogni anno un report sulle segnalazioni di abusi e prodotti pedopornografici. Cosa indicano i dati del 2020 rispetto all\u2019anno precedente?<\/strong><\/p>\n<p>Stiamo riportando i dati del 2020 sul nostro <a href=\"https:\/\/www.associazionemeter.org\/\">portale<\/a>, dove potete consultare tutti i report degli anni precedenti. Prima di darvi qualche numero vorrei spiegarvi la sua logica, non essendo un elaborato statistico. I numeri che offriamo rappresentano l\u2019impegno della OSMOCOP (Osservatorio Mondiale contro la Pedofilia) e anche di Meter. I report mostrano anche un lavoro di analisi scientifica: ad esempio vengono riportati i profili dei pedofili, si mostra l\u2019andamento della pedopornografia nel mondo, come si sposta e si struttura.<\/p>\n<p>Nel 2020 le segnalazioni sono molto aumentate e soprattutto sta aumentando moltissimo la produzione e divulgazione degli abusi che i bambini subiscono. Stiamo parlando di milioni di bambini coinvolti, che vanno dai neonati (fenomeno dell\u2019infantofilia) fino ai 12\/13 anni. Il pedofilo preferisce i bambini prepuberi, dai 14 anni in su parliamo di sfruttamento dei minori a scopi sessuali. Ci\u00f2 che io chiamo \u201cla digitalizzazione del corpo sessuale\u201d, ossia la sua esposizione, \u00e8 uno dei fenomeni endemici e molto presenti in cui le organizzazioni criminali fanno la loro parte. Queste hanno fiutato l\u2019affare nel commercializzare i bambini e nel produrre materiale pedopornografico attraverso canali ben precisi e definiti nei quali il flusso economico \u00e8 quasi inquantificabile con la complicit\u00e0 di tanti fattori.<\/p>\n<p><strong>Quali fattori?<\/strong><\/p>\n<p>Secondo i dati dell\u2019OMS nel mondo vi sono due miliardi e quattrocento milioni di minori; di questi un miliardo e trecento milioni hanno subito violenze o negligenze fisiche, emotive o sessuali.<\/p>\n<p>Se met\u00e0 della popolazione mondiale \u00e8 abusata (l\u2019abuso sessuale \u00e8 solo una delle forma, anche se molto presente) allora vi \u00e8 una forma deviata di percepire il bambino e di concepire la sessualit\u00e0. Dobbiamo riflettere su come percepiamo i bambini, con una visione condizionata dal potere dei media e della globalizzazione. Vi sono fattori culturali, antropologici, delle periferie intese non solo territorialmente ma anche nelle nostre famiglie. C\u2019\u00e8 molta povert\u00e0 d\u2019affetto e relazionale.<\/p>\n<p>Nella pedofilia e pedopornografia ci sono due livelli: il primo \u00e8 legato alla criminalit\u00e0, mentre il secondo \u00e8 in relazione con l\u2019aspetto pseudo culturale. Esiste un movimento ben strutturato e definito di soggetti che si autoproclamano pedofili e tentano di normalizzare la possibilit\u00e0 di vivere relazioni d\u2019amore e anche sessuali con i bambini. Le lobbies pedofile sono molto strutturate nel mondo e vengono sostenute da frange culturali, filosofiche, psicologiche, antropologiche e storiche, secondo le quali la pedofilia non \u00e8 un malessere, ma un fenomeno che \u00e8 sempre esistito. Non veniva condannato perch\u00e9 era un rapporto tra il pedagogo ed il discepolo in cui attraverso la sodomizzazione si trasmetteva il sapere. Questi gruppi sostengono anche che la pedofilia sia l\u2019ultimo tab\u00f9 sessuale da sconfiggere, cos\u00ec come \u00e8 avvenuto per l\u2019omosessualit\u00e0 e la definiscono un orientamento sessuale, un semplice fatto naturale e non una devianza, o un disturbo della personalit\u00e0. Si autodefiniscono pedofili virtuosi che non vogliono fare del male ai bambini, dato che questi possono esprimere il loro consenso, pur essendo minori.<\/p>\n<p>Questa non \u00e8 la fissazione di un prete: se cercate in internet troverete enormi portali in cui vengono raccolti fondi e avanzate le ipotesi per giustificare la pedofilia. E\u2019 un mondo enorme e non c\u2019\u00e8 paese al mondo in cui non si avanzi questo tipo di giustificazione della pedofilia culturale. E\u2019 un tentativo costante, come la goccia che scava la roccia. Qualcosa si sta facendo per contrastare questi movimenti: ad esempio \u00e8 stata costituita in Europa la Convenzione di Lanzarote, che ha classificato come apologia di reato il divulgare o il giustificare la pedofilia, anche attraverso i social network.<\/p>\n<p>Io sono il nemico numero uno della pedofilia culturale e ho ricevuto numerose minacce dall\u2019ex partito olandese dei pedofili. Dobbiamo lavorare tutti assieme per rendere l\u2019infanzia pi\u00f9 serena e per questo mi appello alle diverse associazioni che hanno a cuore questo tema.<\/p>\n<p><strong>Perch\u00e9 i media televisivi non parlano di questo argomento?<\/strong><\/p>\n<p>La questione della pedofilia \u00e8 trasversale e complessa, ha delle maglie che si intrecciano e dunque parlarne significherebbe rendere noti fenomeni scandalosi e intollerabili. E\u2019 per\u00f2 necessario raccontare l\u2019abuso con le dovute cautele. Parlare di abusi di neonati paralizza, traumatizza e narcotizza; una persona sensibile non riesce ad accettare questi gravissimi fenomeni. E\u2019 necessario che i media amplifichino la denuncia e che aiutino l\u2019opinione pubblica a impegnarsi sempre di pi\u00f9. E\u2019 o non \u00e8 un crimine contro la piccola umanit\u00e0? Perch\u00e9 non se ne parla, quando sappiamo dai dati dell\u2019OMS che in Europa vi sono circa diciotto milioni di minori abusati? Non \u00e8 una forse una tragedia?<\/p>\n<p>Personaggi dello spettacolo e della politica parlano della violenza contro le donne, ma perch\u00e9 non si parla anche degli abusi sull\u2019infanzia? Forse perch\u00e9 \u00e8 un argomento scomodo?<\/p>\n<p><strong>Qual \u00e8 la sua posizione riguardo agli abusi sui minori compiuti all\u2019interno della Chiesa e spesso coperti dalle autorit\u00e0 ecclesiastiche?<\/strong><\/p>\n<p>Credo che dobbiamo ribadire con molta serenit\u00e0 che la Chiesa non ha assolutamente paura di esporsi e di dire la verit\u00e0. C\u2019\u00e8 stato un serio problema, dove la lobby del silenzio ha permesso la chiusura, la rimozione e l\u2019incapacit\u00e0 di gestire questo vergognoso scandalo, ma questo avviene anche nella societ\u00e0.<\/p>\n<p>Certo, esistono sacerdoti pedofili, ma non dimentichiamo che esistono anche magistrati pedofili, psicologi pedofili, avvocati pedofili, maestri pedofili, genitori pedofili. Non \u00e8 la categoria che fa il pedofilo, \u00e8 il soggetto che ha delle responsabilit\u00e0 personali. Un abuso \u00e8 sempre un abuso. E non credo che se un magistrato pedofilo venisse inquisito e condannato, bisognerebbe poi accusare tutta la magistratura.<\/p>\n<p>E\u2019 fondamentale dire che la Chiesa si \u00e8 posta sempre dalla parte dei bambini: a fronte di migliaia di sacerdoti accusati, processati e condannati perch\u00e9 hanno compiuto gravi fatti personali, ci sono comunque centinaia di migliaia di altri sacerdoti che, nei campi di frontiera, nei luoghi dove l\u2019infanzia \u00e8 abbandonata, si prodigano affinch\u00e9 nessun bambino venga violato, ma anzi venga sempre aiutato. In effetti, c\u2019\u00e8 quasi una strategia culturale, ed \u00e8 questo che mi dispiace e che non aiuta nessuno.<\/p>\n<p>Oggi non siamo pi\u00f9 all\u2019anno zero. Si deve fare sempre di pi\u00f9 con responsabilit\u00e0, trasparenza e capacit\u00e0 di tutelare senza tentennamenti i minori e le persone vulnerabili. Tutti siamo chiamati responsabilmente a fare la nostra parte.<\/p>\n<p><strong>Come genitori, come possiamo prevenire la caduta dei nostri figli nella rete della pedofilia?<\/strong><\/p>\n<p>I genitori dovrebbero assumersi la responsabilit\u00e0 di fare i genitori e gli educatori; non possono delegare alla scuola, alla Chiesa o alla societ\u00e0 questo ruolo. I genitori hanno affidato il ruolo di trasmettere la vita, la sua bellezza e i suoi valori alle bambinaie o agli smartphones. Non si pu\u00f2 dare ai bambini strumenti quali Internet o smartphones, dato che non sappiamo chi ci sia dall\u2019altro lato di molte chat. I bambini devono essere accompagnati dai genitori, che dovrebbero avere chiaro l\u2019orientamento da dare ai figli. L\u2019orientamento nasce dall\u2019amore, ossia dalla capacit\u00e0, dall\u2019ambito e dal ruolo in cui mi ritrovo, sapendo che l\u2019altro darebbe la vita per me.<\/p>\n<p>In una societ\u00e0 globalizzata che ha il potere di manipolare le nostre menti dal punto di vista psicologico e non solo, dobbiamo avere la capacit\u00e0 di creare il recinto di protezione contro le derive e i naufragi nelle isole deserte. E\u2019 necessario attivare con creativit\u00e0 processi educativi nuovi in un mondo che ha bisogno di tutto ci\u00f2.<\/p>\n<p><strong>Come contattare l\u2019associazione Meter per denunciare un possibile abuso?<\/strong><\/p>\n<p>Il nostro numero verde \u00e8 800455270. \u00a0Le denunce le ascoltiamo, le inoltriamo e accompagniamo i denuncianti nei posti di polizia. Inoltre accompagniamo psicologicamente e giuridicamente le presunte vittime.<\/p>\n<p>Per concludere vorrei invitare tutti alla riflessione su questo fenomeno affinch\u00e9 le cose possano cambiare,<\/p>\n<p>Dobbiamo avere audacia, costanza e intelligenza. La pedofilia e la pedopornografia sono una forma di schiavit\u00f9, quindi dobbiamo lavorare insieme per liberare questi nuovi schiavi.<\/p>\n<p>Fonti:<\/p>\n<p>World Health Organization (2013). European report on preventing child maltreatment <a href=\"https:\/\/www.who.int\/reproductivehealth\/en\/\">https:\/\/www.who.int\/reproductivehealth\/en\/<\/a><\/p>\n<p><a href=\"https:\/\/www.agensir.it\/quotidiano\/2020\/11\/19\/infanzia-save-the-children-1-miliardo-di-minori-nel-mondo-vittima-di-violenza-fisica-sessuale-o-psicologica\/\">https:\/\/www.agensir.it\/quotidiano\/2020\/11\/19\/infanzia-save-the-children-1-miliardo-di-minori-nel-mondo-vittima-di-violenza-fisica-sessuale-o-psicologica\/<\/a>;<\/p>\n<p><a href=\"https:\/\/www.quotidianosanita.it\/studi-e-analisi\/articolo.php?articolo_id=58711\">https:\/\/www.quotidianosanita.it\/studi-e-analisi\/articolo.php?articolo_id=58711<\/a><\/p>\n<p><a href=\"https:\/\/ec.europa.eu\/commission\/presscorner\/detail\/it\/ip_20_1380\">https:\/\/ec.europa.eu\/commission\/presscorner\/detail\/it\/ip_20_1380<\/a><\/p>\n<p><a href=\"https:\/\/www.unicef.it\/media\/rapporto-unicef-2014-ogni-bambino-conta\/#:~:text=%C2%ABNel%20mondo%20sono%202%2C2,il%2031%25%20della%20popolazione%20mondiale\">https:\/\/www.unicef.it\/media\/rapporto-unicef-2014-ogni-bambino-conta\/#:~:text=%C2%ABNel%20mondo%20sono%202%2C2,il%2031%25%20della%20popolazione%20mondiale<\/a><\/p>\n<p>&nbsp;<\/p>\n","protected":false},"excerpt":{"rendered":"<p>Pu\u00f2 presentarci brevemente la sua associazione? Meter \u00e8 nata ad Avola, in provincia di Siracusa, nella parrocchia Madonna del Carmine, luogo in cui iniziai a svolgere il mio ministerio di parroco. Nel \u201891 avevo uno dei primi computer; oltre ad&hellip;<\/p>\n","protected":false},"author":1617,"featured_media":1288708,"comment_status":"closed","ping_status":"closed","sticky":false,"template":"","format":"standard","meta":{"footnotes":""},"categories":[11388,60,157],"tags":[86791,86790,86789,8790],"class_list":["post-1288707","post","type-post","status-publish","format-standard","has-post-thumbnail","hentry","category-contenuti-originali","category-diritti-umani","category-interviste","tag-abusi-sui-bambini","tag-associazione-meter","tag-don-fortunato-di-noto","tag-pedofilia"],"yoast_head":"<!-- This site is optimized with the Yoast SEO plugin v27.1.1 - https:\/\/yoast.com\/product\/yoast-seo-wordpress\/ -->\n<title>Don Fortunato di Noto e Meter, associazione in lotta contro gli abusi sui minori<\/title>\n<meta name=\"description\" content=\"Pu\u00f2 presentarci brevemente la sua associazione? Meter \u00e8 nata ad Avola, in provincia di Siracusa, nella parrocchia Madonna del Carmine, luogo in cui\" \/>\n<meta name=\"robots\" content=\"index, follow, max-snippet:-1, max-image-preview:large, max-video-preview:-1\" \/>\n<link rel=\"canonical\" href=\"https:\/\/www.pressenza.com\/it\/2021\/01\/don-fortunato-di-noto-e-meter-associazione-in-lotta-contro-gli-abusi-sui-minori\/\" \/>\n<meta property=\"og:locale\" content=\"it_IT\" \/>\n<meta property=\"og:type\" content=\"article\" \/>\n<meta property=\"og:title\" content=\"Don Fortunato di Noto e Meter, associazione in lotta contro gli abusi sui minori\" \/>\n<meta property=\"og:description\" content=\"Pu\u00f2 presentarci brevemente la sua associazione? Meter \u00e8 nata ad Avola, in provincia di Siracusa, nella parrocchia Madonna del Carmine, luogo in cui\" \/>\n<meta property=\"og:url\" content=\"https:\/\/www.pressenza.com\/it\/2021\/01\/don-fortunato-di-noto-e-meter-associazione-in-lotta-contro-gli-abusi-sui-minori\/\" \/>\n<meta property=\"og:site_name\" content=\"Pressenza\" \/>\n<meta property=\"article:publisher\" content=\"https:\/\/www.facebook.com\/PressenzaItalia\" \/>\n<meta property=\"article:published_time\" content=\"2021-01-30T10:00:59+00:00\" \/>\n<meta property=\"article:modified_time\" content=\"2021-01-30T10:05:20+00:00\" \/>\n<meta property=\"og:image\" content=\"https:\/\/www.pressenza.com\/wp-content\/uploads\/2021\/01\/donfortunatodinoto2-rit.jpg\" \/>\n\t<meta property=\"og:image:width\" content=\"1920\" \/>\n\t<meta property=\"og:image:height\" content=\"1218\" \/>\n\t<meta property=\"og:image:type\" content=\"image\/jpeg\" \/>\n<meta name=\"author\" content=\"Rosco Clamore\" \/>\n<meta name=\"twitter:card\" content=\"summary_large_image\" \/>\n<meta name=\"twitter:creator\" content=\"@PressenzaIPA\" \/>\n<meta name=\"twitter:site\" content=\"@PressenzaIPA\" \/>\n<meta name=\"twitter:label1\" content=\"Scritto da\" \/>\n\t<meta name=\"twitter:data1\" content=\"Rosco Clamore\" \/>\n\t<meta name=\"twitter:label2\" content=\"Tempo di lettura stimato\" \/>\n\t<meta name=\"twitter:data2\" content=\"8 minuti\" \/>\n<script type=\"application\/ld+json\" class=\"yoast-schema-graph\">{\"@context\":\"https:\/\/schema.org\",\"@graph\":[{\"@type\":\"Article\",\"@id\":\"https:\/\/www.pressenza.com\/it\/2021\/01\/don-fortunato-di-noto-e-meter-associazione-in-lotta-contro-gli-abusi-sui-minori\/#article\",\"isPartOf\":{\"@id\":\"https:\/\/www.pressenza.com\/it\/2021\/01\/don-fortunato-di-noto-e-meter-associazione-in-lotta-contro-gli-abusi-sui-minori\/\"},\"author\":{\"name\":\"Rosco Clamore\",\"@id\":\"https:\/\/www.pressenza.com\/it\/#\/schema\/person\/709976aa08f2a04a6763fd20e3e84f6a\"},\"headline\":\"Don Fortunato di Noto e Meter, associazione in lotta contro gli abusi sui minori\",\"datePublished\":\"2021-01-30T10:00:59+00:00\",\"dateModified\":\"2021-01-30T10:05:20+00:00\",\"mainEntityOfPage\":{\"@id\":\"https:\/\/www.pressenza.com\/it\/2021\/01\/don-fortunato-di-noto-e-meter-associazione-in-lotta-contro-gli-abusi-sui-minori\/\"},\"wordCount\":1680,\"publisher\":{\"@id\":\"https:\/\/www.pressenza.com\/it\/#organization\"},\"image\":{\"@id\":\"https:\/\/www.pressenza.com\/it\/2021\/01\/don-fortunato-di-noto-e-meter-associazione-in-lotta-contro-gli-abusi-sui-minori\/#primaryimage\"},\"thumbnailUrl\":\"https:\/\/www.pressenza.com\/wp-content\/uploads\/2021\/01\/donfortunatodinoto2-rit.jpg\",\"keywords\":[\"abusi sui bambini\",\"associazione Meter\",\"Don Fortunato di Noto\",\"pedofilia\"],\"articleSection\":[\"contenuti originali\",\"Diritti Umani\",\"Interviste\"],\"inLanguage\":\"it-IT\"},{\"@type\":\"WebPage\",\"@id\":\"https:\/\/www.pressenza.com\/it\/2021\/01\/don-fortunato-di-noto-e-meter-associazione-in-lotta-contro-gli-abusi-sui-minori\/\",\"url\":\"https:\/\/www.pressenza.com\/it\/2021\/01\/don-fortunato-di-noto-e-meter-associazione-in-lotta-contro-gli-abusi-sui-minori\/\",\"name\":\"Don Fortunato di Noto e Meter, associazione in lotta contro gli abusi sui minori\",\"isPartOf\":{\"@id\":\"https:\/\/www.pressenza.com\/it\/#website\"},\"primaryImageOfPage\":{\"@id\":\"https:\/\/www.pressenza.com\/it\/2021\/01\/don-fortunato-di-noto-e-meter-associazione-in-lotta-contro-gli-abusi-sui-minori\/#primaryimage\"},\"image\":{\"@id\":\"https:\/\/www.pressenza.com\/it\/2021\/01\/don-fortunato-di-noto-e-meter-associazione-in-lotta-contro-gli-abusi-sui-minori\/#primaryimage\"},\"thumbnailUrl\":\"https:\/\/www.pressenza.com\/wp-content\/uploads\/2021\/01\/donfortunatodinoto2-rit.jpg\",\"datePublished\":\"2021-01-30T10:00:59+00:00\",\"dateModified\":\"2021-01-30T10:05:20+00:00\",\"description\":\"Pu\u00f2 presentarci brevemente la sua associazione? Meter \u00e8 nata ad Avola, in provincia di Siracusa, nella parrocchia Madonna del Carmine, luogo in cui\",\"breadcrumb\":{\"@id\":\"https:\/\/www.pressenza.com\/it\/2021\/01\/don-fortunato-di-noto-e-meter-associazione-in-lotta-contro-gli-abusi-sui-minori\/#breadcrumb\"},\"inLanguage\":\"it-IT\",\"potentialAction\":[{\"@type\":\"ReadAction\",\"target\":[\"https:\/\/www.pressenza.com\/it\/2021\/01\/don-fortunato-di-noto-e-meter-associazione-in-lotta-contro-gli-abusi-sui-minori\/\"]}]},{\"@type\":\"ImageObject\",\"inLanguage\":\"it-IT\",\"@id\":\"https:\/\/www.pressenza.com\/it\/2021\/01\/don-fortunato-di-noto-e-meter-associazione-in-lotta-contro-gli-abusi-sui-minori\/#primaryimage\",\"url\":\"https:\/\/www.pressenza.com\/wp-content\/uploads\/2021\/01\/donfortunatodinoto2-rit.jpg\",\"contentUrl\":\"https:\/\/www.pressenza.com\/wp-content\/uploads\/2021\/01\/donfortunatodinoto2-rit.jpg\",\"width\":1920,\"height\":1218},{\"@type\":\"BreadcrumbList\",\"@id\":\"https:\/\/www.pressenza.com\/it\/2021\/01\/don-fortunato-di-noto-e-meter-associazione-in-lotta-contro-gli-abusi-sui-minori\/#breadcrumb\",\"itemListElement\":[{\"@type\":\"ListItem\",\"position\":1,\"name\":\"Accueil\",\"item\":\"https:\/\/www.pressenza.com\/it\/\"},{\"@type\":\"ListItem\",\"position\":2,\"name\":\"Don Fortunato di Noto e Meter, associazione in lotta contro gli abusi sui minori\"}]},{\"@type\":\"WebSite\",\"@id\":\"https:\/\/www.pressenza.com\/it\/#website\",\"url\":\"https:\/\/www.pressenza.com\/it\/\",\"name\":\"Pressenza\",\"description\":\"Agenzia di Stampa Internazionale\",\"publisher\":{\"@id\":\"https:\/\/www.pressenza.com\/it\/#organization\"},\"potentialAction\":[{\"@type\":\"SearchAction\",\"target\":{\"@type\":\"EntryPoint\",\"urlTemplate\":\"https:\/\/www.pressenza.com\/it\/?s={search_term_string}\"},\"query-input\":{\"@type\":\"PropertyValueSpecification\",\"valueRequired\":true,\"valueName\":\"search_term_string\"}}],\"inLanguage\":\"it-IT\"},{\"@type\":\"Organization\",\"@id\":\"https:\/\/www.pressenza.com\/it\/#organization\",\"name\":\"Pressenza\",\"url\":\"https:\/\/www.pressenza.com\/it\/\",\"logo\":{\"@type\":\"ImageObject\",\"inLanguage\":\"it-IT\",\"@id\":\"https:\/\/www.pressenza.com\/it\/#\/schema\/logo\/image\/\",\"url\":\"https:\/\/www.pressenza.com\/wp-content\/uploads\/2022\/10\/pressenza_logo_200x200.jpg\",\"contentUrl\":\"https:\/\/www.pressenza.com\/wp-content\/uploads\/2022\/10\/pressenza_logo_200x200.jpg\",\"width\":200,\"height\":200,\"caption\":\"Pressenza\"},\"image\":{\"@id\":\"https:\/\/www.pressenza.com\/it\/#\/schema\/logo\/image\/\"},\"sameAs\":[\"https:\/\/www.facebook.com\/PressenzaItalia\",\"https:\/\/x.com\/PressenzaIPA\"]},{\"@type\":\"Person\",\"@id\":\"https:\/\/www.pressenza.com\/it\/#\/schema\/person\/709976aa08f2a04a6763fd20e3e84f6a\",\"name\":\"Rosco Clamore\",\"url\":\"https:\/\/www.pressenza.com\/it\/author\/claudio-rossetti\/\"}]}<\/script>\n<!-- \/ Yoast SEO plugin. -->","yoast_head_json":{"title":"Don Fortunato di Noto e Meter, associazione in lotta contro gli abusi sui minori","description":"Pu\u00f2 presentarci brevemente la sua associazione? Meter \u00e8 nata ad Avola, in provincia di Siracusa, nella parrocchia Madonna del Carmine, luogo in cui","robots":{"index":"index","follow":"follow","max-snippet":"max-snippet:-1","max-image-preview":"max-image-preview:large","max-video-preview":"max-video-preview:-1"},"canonical":"https:\/\/www.pressenza.com\/it\/2021\/01\/don-fortunato-di-noto-e-meter-associazione-in-lotta-contro-gli-abusi-sui-minori\/","og_locale":"it_IT","og_type":"article","og_title":"Don Fortunato di Noto e Meter, associazione in lotta contro gli abusi sui minori","og_description":"Pu\u00f2 presentarci brevemente la sua associazione? Meter \u00e8 nata ad Avola, in provincia di Siracusa, nella parrocchia Madonna del Carmine, luogo in cui","og_url":"https:\/\/www.pressenza.com\/it\/2021\/01\/don-fortunato-di-noto-e-meter-associazione-in-lotta-contro-gli-abusi-sui-minori\/","og_site_name":"Pressenza","article_publisher":"https:\/\/www.facebook.com\/PressenzaItalia","article_published_time":"2021-01-30T10:00:59+00:00","article_modified_time":"2021-01-30T10:05:20+00:00","og_image":[{"width":1920,"height":1218,"url":"https:\/\/www.pressenza.com\/wp-content\/uploads\/2021\/01\/donfortunatodinoto2-rit.jpg","type":"image\/jpeg"}],"author":"Rosco Clamore","twitter_card":"summary_large_image","twitter_creator":"@PressenzaIPA","twitter_site":"@PressenzaIPA","twitter_misc":{"Scritto da":"Rosco Clamore","Tempo di lettura stimato":"8 minuti"},"schema":{"@context":"https:\/\/schema.org","@graph":[{"@type":"Article","@id":"https:\/\/www.pressenza.com\/it\/2021\/01\/don-fortunato-di-noto-e-meter-associazione-in-lotta-contro-gli-abusi-sui-minori\/#article","isPartOf":{"@id":"https:\/\/www.pressenza.com\/it\/2021\/01\/don-fortunato-di-noto-e-meter-associazione-in-lotta-contro-gli-abusi-sui-minori\/"},"author":{"name":"Rosco Clamore","@id":"https:\/\/www.pressenza.com\/it\/#\/schema\/person\/709976aa08f2a04a6763fd20e3e84f6a"},"headline":"Don Fortunato di Noto e Meter, associazione in lotta contro gli abusi sui minori","datePublished":"2021-01-30T10:00:59+00:00","dateModified":"2021-01-30T10:05:20+00:00","mainEntityOfPage":{"@id":"https:\/\/www.pressenza.com\/it\/2021\/01\/don-fortunato-di-noto-e-meter-associazione-in-lotta-contro-gli-abusi-sui-minori\/"},"wordCount":1680,"publisher":{"@id":"https:\/\/www.pressenza.com\/it\/#organization"},"image":{"@id":"https:\/\/www.pressenza.com\/it\/2021\/01\/don-fortunato-di-noto-e-meter-associazione-in-lotta-contro-gli-abusi-sui-minori\/#primaryimage"},"thumbnailUrl":"https:\/\/www.pressenza.com\/wp-content\/uploads\/2021\/01\/donfortunatodinoto2-rit.jpg","keywords":["abusi sui bambini","associazione Meter","Don Fortunato di Noto","pedofilia"],"articleSection":["contenuti originali","Diritti Umani","Interviste"],"inLanguage":"it-IT"},{"@type":"WebPage","@id":"https:\/\/www.pressenza.com\/it\/2021\/01\/don-fortunato-di-noto-e-meter-associazione-in-lotta-contro-gli-abusi-sui-minori\/","url":"https:\/\/www.pressenza.com\/it\/2021\/01\/don-fortunato-di-noto-e-meter-associazione-in-lotta-contro-gli-abusi-sui-minori\/","name":"Don Fortunato di Noto e Meter, associazione in lotta contro gli abusi sui minori","isPartOf":{"@id":"https:\/\/www.pressenza.com\/it\/#website"},"primaryImageOfPage":{"@id":"https:\/\/www.pressenza.com\/it\/2021\/01\/don-fortunato-di-noto-e-meter-associazione-in-lotta-contro-gli-abusi-sui-minori\/#primaryimage"},"image":{"@id":"https:\/\/www.pressenza.com\/it\/2021\/01\/don-fortunato-di-noto-e-meter-associazione-in-lotta-contro-gli-abusi-sui-minori\/#primaryimage"},"thumbnailUrl":"https:\/\/www.pressenza.com\/wp-content\/uploads\/2021\/01\/donfortunatodinoto2-rit.jpg","datePublished":"2021-01-30T10:00:59+00:00","dateModified":"2021-01-30T10:05:20+00:00","description":"Pu\u00f2 presentarci brevemente la sua associazione? Meter \u00e8 nata ad Avola, in provincia di Siracusa, nella parrocchia Madonna del Carmine, luogo in cui","breadcrumb":{"@id":"https:\/\/www.pressenza.com\/it\/2021\/01\/don-fortunato-di-noto-e-meter-associazione-in-lotta-contro-gli-abusi-sui-minori\/#breadcrumb"},"inLanguage":"it-IT","potentialAction":[{"@type":"ReadAction","target":["https:\/\/www.pressenza.com\/it\/2021\/01\/don-fortunato-di-noto-e-meter-associazione-in-lotta-contro-gli-abusi-sui-minori\/"]}]},{"@type":"ImageObject","inLanguage":"it-IT","@id":"https:\/\/www.pressenza.com\/it\/2021\/01\/don-fortunato-di-noto-e-meter-associazione-in-lotta-contro-gli-abusi-sui-minori\/#primaryimage","url":"https:\/\/www.pressenza.com\/wp-content\/uploads\/2021\/01\/donfortunatodinoto2-rit.jpg","contentUrl":"https:\/\/www.pressenza.com\/wp-content\/uploads\/2021\/01\/donfortunatodinoto2-rit.jpg","width":1920,"height":1218},{"@type":"BreadcrumbList","@id":"https:\/\/www.pressenza.com\/it\/2021\/01\/don-fortunato-di-noto-e-meter-associazione-in-lotta-contro-gli-abusi-sui-minori\/#breadcrumb","itemListElement":[{"@type":"ListItem","position":1,"name":"Accueil","item":"https:\/\/www.pressenza.com\/it\/"},{"@type":"ListItem","position":2,"name":"Don Fortunato di Noto e Meter, associazione in lotta contro gli abusi sui minori"}]},{"@type":"WebSite","@id":"https:\/\/www.pressenza.com\/it\/#website","url":"https:\/\/www.pressenza.com\/it\/","name":"Pressenza","description":"Agenzia di Stampa Internazionale","publisher":{"@id":"https:\/\/www.pressenza.com\/it\/#organization"},"potentialAction":[{"@type":"SearchAction","target":{"@type":"EntryPoint","urlTemplate":"https:\/\/www.pressenza.com\/it\/?s={search_term_string}"},"query-input":{"@type":"PropertyValueSpecification","valueRequired":true,"valueName":"search_term_string"}}],"inLanguage":"it-IT"},{"@type":"Organization","@id":"https:\/\/www.pressenza.com\/it\/#organization","name":"Pressenza","url":"https:\/\/www.pressenza.com\/it\/","logo":{"@type":"ImageObject","inLanguage":"it-IT","@id":"https:\/\/www.pressenza.com\/it\/#\/schema\/logo\/image\/","url":"https:\/\/www.pressenza.com\/wp-content\/uploads\/2022\/10\/pressenza_logo_200x200.jpg","contentUrl":"https:\/\/www.pressenza.com\/wp-content\/uploads\/2022\/10\/pressenza_logo_200x200.jpg","width":200,"height":200,"caption":"Pressenza"},"image":{"@id":"https:\/\/www.pressenza.com\/it\/#\/schema\/logo\/image\/"},"sameAs":["https:\/\/www.facebook.com\/PressenzaItalia","https:\/\/x.com\/PressenzaIPA"]},{"@type":"Person","@id":"https:\/\/www.pressenza.com\/it\/#\/schema\/person\/709976aa08f2a04a6763fd20e3e84f6a","name":"Rosco Clamore","url":"https:\/\/www.pressenza.com\/it\/author\/claudio-rossetti\/"}]}},"place":"","original_article_url":"","_links":{"self":[{"href":"https:\/\/www.pressenza.com\/it\/wp-json\/wp\/v2\/posts\/1288707","targetHints":{"allow":["GET"]}}],"collection":[{"href":"https:\/\/www.pressenza.com\/it\/wp-json\/wp\/v2\/posts"}],"about":[{"href":"https:\/\/www.pressenza.com\/it\/wp-json\/wp\/v2\/types\/post"}],"author":[{"embeddable":true,"href":"https:\/\/www.pressenza.com\/it\/wp-json\/wp\/v2\/users\/1617"}],"replies":[{"embeddable":true,"href":"https:\/\/www.pressenza.com\/it\/wp-json\/wp\/v2\/comments?post=1288707"}],"version-history":[{"count":0,"href":"https:\/\/www.pressenza.com\/it\/wp-json\/wp\/v2\/posts\/1288707\/revisions"}],"wp:featuredmedia":[{"embeddable":true,"href":"https:\/\/www.pressenza.com\/it\/wp-json\/wp\/v2\/media\/1288708"}],"wp:attachment":[{"href":"https:\/\/www.pressenza.com\/it\/wp-json\/wp\/v2\/media?parent=1288707"}],"wp:term":[{"taxonomy":"category","embeddable":true,"href":"https:\/\/www.pressenza.com\/it\/wp-json\/wp\/v2\/categories?post=1288707"},{"taxonomy":"post_tag","embeddable":true,"href":"https:\/\/www.pressenza.com\/it\/wp-json\/wp\/v2\/tags?post=1288707"}],"curies":[{"name":"wp","href":"https:\/\/api.w.org\/{rel}","templated":true}]}}