{"id":1288091,"date":"2021-01-29T18:17:25","date_gmt":"2021-01-29T18:17:25","guid":{"rendered":"https:\/\/www.pressenza.com\/?p=1288091"},"modified":"2021-01-29T18:22:01","modified_gmt":"2021-01-29T18:22:01","slug":"manifesto-saharawi-per-la-difesa-delle-risorse-naturali","status":"publish","type":"post","link":"https:\/\/www.pressenza.com\/it\/2021\/01\/manifesto-saharawi-per-la-difesa-delle-risorse-naturali\/","title":{"rendered":"Manifesto saharawi per la difesa delle risorse naturali"},"content":{"rendered":"<div class=\"et_pb_row et_pb_row_1\">\n<div class=\"et_pb_column et_pb_column_1_2 et_pb_column_1 et_pb_css_mix_blend_mode_passthrough\">\n<div class=\"et_pb_module et_pb_text et_pb_text_1 et_pb_text_align_left et_pb_bg_layout_light\">\n<div class=\"et_pb_text_inner\">\n<blockquote><p><em>La campagna internazionale <strong>Il Sahara Occidentale non \u00e8 in vendita* (WSNS<\/strong>, la sua sigla in inglese) ha pubblicato un <strong>MANIFESTO <\/strong>nel quale si chiede l&#8217;appoggio della comunit\u00e0 internazionale.<\/em><\/p>\n<p>La causa pu\u00f2 essere sostenuta accedendo a questo link: <a href=\"https:\/\/www.westernsaharaisnotforsale.org\/manifesto\/\">Appoggio al Manifesto<\/a> (in inglese).<\/p><\/blockquote>\n<p><strong>Manifesto: <\/strong><strong>\u00abLa nostra terra, le nostre risorse: STOP al saccheggio delle risorse naturali del Sahara Occidentale\u00bb<\/strong><\/p>\n<p>L&#8217;occupazione del Sahara Occidentale da parte del Marocco dura da 45 anni, durante i quali i diritti fondamentali del popolo saharawi sono stati calpestati impunemente attraverso abusi sistematici perpetrati ai danni del popolo, la costruzione di un muro di apartheid che quotidianamente miete vittime tra la popolazione e il saccheggio sistematico delle ricchezze naturali del Sahara Occidentale, in violazione di tutte le norme internazionali.<\/p>\n<p>Il 13\u00a0 novembre 2020 abbiamo assistito al ritorno nello regione di scontri a fuoco dopo la violazione, da parte del Marocco, del cessate il fuoco sottoscritto nel 1991 sotto l&#8217;egida delle Nazioni Unite.<\/p>\n<p>Come organizzazioni della societ\u00e0 civile saharawi, e in base alle conclusioni della Conferenza Internazionale di Resistenza civile &#8220;Sahara Rise&#8221;, che si \u00e8 svolta nel febbraio 2018 nella Wilaya di Smara, nei Campi dei Rifugiati Saharawi, promuoviamo la campagna internazionale contro il saccheggio delle risorse naturali nel Sahara Occidentale, &#8220;Il Sahara non \u00e8 in vendita&#8221;.<\/p>\n<p>Tale campagna si basa su una visione e su principi che mirano a porre fine agli investimenti stranieri delle imprese multinazionali dislocate nel Sahara Occidentale occupato, e alle imprese che contribuiscono al saccheggio sistematico da parte del Marocco delle ricchezze del popolo saharawi.<\/p>\n<p>Uno dei principali obiettivi della campagna \u00e8 sensibilizzare e mobilitare la societ\u00e0 civile internazionale al fine di aumentare la pressione sullo Stato marocchino di occupazione e perch\u00e9 tale Regime e il suo progetto coloniale subiscano perdite tanto in termini di appoggio popolare quanto economici, cosa che lo condurr\u00e0 inevitabilmente a terminare la sua occupazione illegale del Sahara Occidentale.<\/p>\n<p>La campagna nasce come iniziativa popolare guidata da organizzazioni della societ\u00e0 civile in diversi luoghi: nei territori occupati, nei Campi dei Rifugiati e nella Diaspora, al fine di contribuire a denunciare le pratiche illegali dell&#8217;occupazione marocchina e le sue violazioni dei diritti fondamentali del popolo saharawi, oltre che per evidenziare il ruolo tanto negativo e negligente svolto da alcune aziende straniere coinvolte nel saccheggio illegale delle risorse del popolo saharawi, e ci\u00f2 che questo costituisce in termini di sostegno materiale e politico all&#8217;occupazione illegale marocchina e, di conseguenza, alla prosecuzione della sua sistematica violazione dei diritti dei saharawi.<\/p>\n<p>La campagna prender\u00e0 di mira le imprese straniere coinvolte nella violazione del diritto internazionale avendo stipulato contratti e accordi con lo Stato di occupazione marocchino, finalizzati alla realizzazione di progetti nel Sahara Occidentale occupato, o alla partecipazione al trasporto e all\u2019importazione di prodotti saharawi.<\/p>\n<p><strong>Pertanto, con questa campagna chiediamo:<\/strong><\/p>\n<ol>\n<li>La cessazione immediata di qualunque tipo di investimento straniero nel Sahara Occidentale occupato e il ritiro delle imprese che contribuiscono al saccheggio delle risorse naturali e al prolungamento del conflitto.<\/li>\n<li>La distruzione del muro di umiliazione e vergogna che divide il Sahara Occidentale in due.<\/li>\n<li>Il rispetto da parte del Marocco della legalit\u00e0 internazionale e la fine della sua occupazione illegale del Sahara Occidentale.<\/li>\n<li>L&#8217;azione degli Stati e delle organizzazioni al fine di esercitare pressioni di diverso tipo sul Marocco, incluso l&#8217;embargo, per spingerlo a porre fine alla sua occupazione del Sahara Occidentale, permettendo al popolo saharawi una vita normale in libert\u00e0 e dignit\u00e0.<\/li>\n<\/ol>\n<p>* <em>&#8220;Il Sahara Occidentale non \u00e8 in vendita&#8221; (WSNS \u00e8 la sua sigla in inglese), \u00e8 una campagna internazionale contro il saccheggio delle risorse naturali del Sahara Occidentale, promossa da diverse organizzazioni della societ\u00e0 civile saharawi, dei territori occupati, dei campi dei rifugiati e della diaspora.<\/em><\/p>\n<p><em>WSNS nasce dalla conferenza internazionale &#8220;Sahara Rise&#8221; (intitolata a Deida Uld Yazid,, considerato il padre della resistenza saharawi, n.d.t.) sulla resistenza civile nonviolenta, tenutasi nel febbraio del2018 nei campi per i rifugiati saharawi, con l&#8217;obiettivo di porre fine alle operazioni delle compagnie straniere e al loro sfruttamento illegale delle risorse naturali del Sahara Occidentale occupato. <\/em><\/p>\n<p><em>Con questa iniziativa intendiamo dare voce al popolo saharawi, che si oppone allo sfruttamento delle sue risorse naturali, e dare visibilit\u00e0 alle sue sofferenze nelle zone occupate, dovute alla repressione sistematica, e nei campi profughi, a causa della condizione di esilio e asilo.<\/em><\/p>\n<p><em>Mobilitare la comunit\u00e0 internazionale e le organizzazioni della societ\u00e0 civile \u00e8 la chiave per accrescere la pressione sullo Stato di occupazione marocchino, e rendere la sua campagna espansionistica poco redditizia (sia a livello economico che di opinione pubblica) in modo che cessi la sua occupazione illegale del Sahara Occidentale.\u00a0 \u00a0\u00a0<\/em><\/p>\n<p><strong><em>Traduzione dallo spagnolo di Manuela Donati; revisione di Thomas Schmid<\/em><\/strong><\/p>\n<\/div>\n<\/div>\n<\/div>\n<\/div>\n","protected":false},"excerpt":{"rendered":"<p>La campagna internazionale Il Sahara Occidentale non \u00e8 in vendita* (WSNS, la sua sigla in inglese) ha pubblicato un MANIFESTO nel quale si chiede l&#8217;appoggio della comunit\u00e0 internazionale. La causa pu\u00f2 essere sostenuta accedendo a questo link: Appoggio al Manifesto&hellip;<\/p>\n","protected":false},"author":1681,"featured_media":1287401,"comment_status":"closed","ping_status":"closed","sticky":false,"template":"","format":"standard","meta":{"footnotes":""},"categories":[45,11388,60],"tags":[54560,86764,4090,83716,4400,1487],"class_list":["post-1288091","post","type-post","status-publish","format-standard","has-post-thumbnail","hentry","category-africa-it","category-contenuti-originali","category-diritti-umani","tag-diritti-umani-es-it","tag-diritto-autodeterminazione-dei-popoli","tag-marocco","tag-popolo-saharawi","tag-sahara-occidentale","tag-territori-occupati"],"yoast_head":"<!-- This site is optimized with the Yoast SEO plugin v27.1.1 - https:\/\/yoast.com\/product\/yoast-seo-wordpress\/ -->\n<title>Manifesto saharawi per la difesa delle risorse naturali<\/title>\n<meta name=\"description\" content=\"La campagna internazionale Il Sahara Occidentale non \u00e8 in vendita* (WSNS, la sua sigla in inglese) ha pubblicato un MANIFESTO nel quale si chiede\" \/>\n<meta name=\"robots\" content=\"index, follow, max-snippet:-1, max-image-preview:large, max-video-preview:-1\" \/>\n<link rel=\"canonical\" href=\"https:\/\/www.pressenza.com\/it\/2021\/01\/manifesto-saharawi-per-la-difesa-delle-risorse-naturali\/\" \/>\n<meta property=\"og:locale\" content=\"it_IT\" \/>\n<meta property=\"og:type\" content=\"article\" \/>\n<meta property=\"og:title\" content=\"Manifesto saharawi per la difesa delle risorse naturali\" \/>\n<meta property=\"og:description\" content=\"La campagna internazionale Il Sahara Occidentale non \u00e8 in vendita* (WSNS, la sua sigla in inglese) ha pubblicato un MANIFESTO nel quale si chiede\" \/>\n<meta property=\"og:url\" content=\"https:\/\/www.pressenza.com\/it\/2021\/01\/manifesto-saharawi-per-la-difesa-delle-risorse-naturali\/\" \/>\n<meta property=\"og:site_name\" content=\"Pressenza\" \/>\n<meta property=\"article:publisher\" content=\"https:\/\/www.facebook.com\/PressenzaItalia\" \/>\n<meta property=\"article:published_time\" content=\"2021-01-29T18:17:25+00:00\" \/>\n<meta property=\"article:modified_time\" content=\"2021-01-29T18:22:01+00:00\" \/>\n<meta property=\"og:image\" content=\"https:\/\/www.pressenza.com\/wp-content\/uploads\/2021\/01\/Banner_Home-1.jpg\" \/>\n\t<meta property=\"og:image:width\" content=\"1920\" \/>\n\t<meta property=\"og:image:height\" content=\"787\" \/>\n\t<meta property=\"og:image:type\" content=\"image\/jpeg\" \/>\n<meta name=\"author\" content=\"Redacci\u00f3n Espa\u00f1a\" \/>\n<meta name=\"twitter:card\" content=\"summary_large_image\" \/>\n<meta name=\"twitter:creator\" content=\"@PressenzaIPA\" \/>\n<meta name=\"twitter:site\" content=\"@PressenzaIPA\" \/>\n<meta name=\"twitter:label1\" content=\"Scritto da\" \/>\n\t<meta name=\"twitter:data1\" content=\"Redacci\u00f3n Espa\u00f1a\" \/>\n\t<meta name=\"twitter:label2\" content=\"Tempo di lettura stimato\" \/>\n\t<meta name=\"twitter:data2\" content=\"4 minuti\" \/>\n<script type=\"application\/ld+json\" class=\"yoast-schema-graph\">{\"@context\":\"https:\/\/schema.org\",\"@graph\":[{\"@type\":\"Article\",\"@id\":\"https:\/\/www.pressenza.com\/it\/2021\/01\/manifesto-saharawi-per-la-difesa-delle-risorse-naturali\/#article\",\"isPartOf\":{\"@id\":\"https:\/\/www.pressenza.com\/it\/2021\/01\/manifesto-saharawi-per-la-difesa-delle-risorse-naturali\/\"},\"author\":{\"name\":\"Redacci\u00f3n Espa\u00f1a\",\"@id\":\"https:\/\/www.pressenza.com\/it\/#\/schema\/person\/fffbbe2f14495897417f313a954dae23\"},\"headline\":\"Manifesto saharawi per la difesa delle risorse naturali\",\"datePublished\":\"2021-01-29T18:17:25+00:00\",\"dateModified\":\"2021-01-29T18:22:01+00:00\",\"mainEntityOfPage\":{\"@id\":\"https:\/\/www.pressenza.com\/it\/2021\/01\/manifesto-saharawi-per-la-difesa-delle-risorse-naturali\/\"},\"wordCount\":769,\"publisher\":{\"@id\":\"https:\/\/www.pressenza.com\/it\/#organization\"},\"image\":{\"@id\":\"https:\/\/www.pressenza.com\/it\/2021\/01\/manifesto-saharawi-per-la-difesa-delle-risorse-naturali\/#primaryimage\"},\"thumbnailUrl\":\"https:\/\/www.pressenza.com\/wp-content\/uploads\/2021\/01\/Banner_Home-1.jpg\",\"keywords\":[\"diritti umani\",\"diritto autodeterminazione dei popoli\",\"Marocco\",\"popolo Saharawi\",\"Sahara Occidentale\",\"territori occupati\"],\"articleSection\":[\"Africa\",\"contenuti originali\",\"Diritti Umani\"],\"inLanguage\":\"it-IT\"},{\"@type\":\"WebPage\",\"@id\":\"https:\/\/www.pressenza.com\/it\/2021\/01\/manifesto-saharawi-per-la-difesa-delle-risorse-naturali\/\",\"url\":\"https:\/\/www.pressenza.com\/it\/2021\/01\/manifesto-saharawi-per-la-difesa-delle-risorse-naturali\/\",\"name\":\"Manifesto saharawi per la difesa delle risorse naturali\",\"isPartOf\":{\"@id\":\"https:\/\/www.pressenza.com\/it\/#website\"},\"primaryImageOfPage\":{\"@id\":\"https:\/\/www.pressenza.com\/it\/2021\/01\/manifesto-saharawi-per-la-difesa-delle-risorse-naturali\/#primaryimage\"},\"image\":{\"@id\":\"https:\/\/www.pressenza.com\/it\/2021\/01\/manifesto-saharawi-per-la-difesa-delle-risorse-naturali\/#primaryimage\"},\"thumbnailUrl\":\"https:\/\/www.pressenza.com\/wp-content\/uploads\/2021\/01\/Banner_Home-1.jpg\",\"datePublished\":\"2021-01-29T18:17:25+00:00\",\"dateModified\":\"2021-01-29T18:22:01+00:00\",\"description\":\"La campagna internazionale Il Sahara Occidentale non \u00e8 in vendita* (WSNS, la sua sigla in inglese) ha pubblicato un MANIFESTO nel quale si chiede\",\"breadcrumb\":{\"@id\":\"https:\/\/www.pressenza.com\/it\/2021\/01\/manifesto-saharawi-per-la-difesa-delle-risorse-naturali\/#breadcrumb\"},\"inLanguage\":\"it-IT\",\"potentialAction\":[{\"@type\":\"ReadAction\",\"target\":[\"https:\/\/www.pressenza.com\/it\/2021\/01\/manifesto-saharawi-per-la-difesa-delle-risorse-naturali\/\"]}]},{\"@type\":\"ImageObject\",\"inLanguage\":\"it-IT\",\"@id\":\"https:\/\/www.pressenza.com\/it\/2021\/01\/manifesto-saharawi-per-la-difesa-delle-risorse-naturali\/#primaryimage\",\"url\":\"https:\/\/www.pressenza.com\/wp-content\/uploads\/2021\/01\/Banner_Home-1.jpg\",\"contentUrl\":\"https:\/\/www.pressenza.com\/wp-content\/uploads\/2021\/01\/Banner_Home-1.jpg\",\"width\":1920,\"height\":787},{\"@type\":\"BreadcrumbList\",\"@id\":\"https:\/\/www.pressenza.com\/it\/2021\/01\/manifesto-saharawi-per-la-difesa-delle-risorse-naturali\/#breadcrumb\",\"itemListElement\":[{\"@type\":\"ListItem\",\"position\":1,\"name\":\"Accueil\",\"item\":\"https:\/\/www.pressenza.com\/it\/\"},{\"@type\":\"ListItem\",\"position\":2,\"name\":\"Manifesto saharawi per la difesa delle risorse naturali\"}]},{\"@type\":\"WebSite\",\"@id\":\"https:\/\/www.pressenza.com\/it\/#website\",\"url\":\"https:\/\/www.pressenza.com\/it\/\",\"name\":\"Pressenza\",\"description\":\"Agenzia di Stampa Internazionale\",\"publisher\":{\"@id\":\"https:\/\/www.pressenza.com\/it\/#organization\"},\"potentialAction\":[{\"@type\":\"SearchAction\",\"target\":{\"@type\":\"EntryPoint\",\"urlTemplate\":\"https:\/\/www.pressenza.com\/it\/?s={search_term_string}\"},\"query-input\":{\"@type\":\"PropertyValueSpecification\",\"valueRequired\":true,\"valueName\":\"search_term_string\"}}],\"inLanguage\":\"it-IT\"},{\"@type\":\"Organization\",\"@id\":\"https:\/\/www.pressenza.com\/it\/#organization\",\"name\":\"Pressenza\",\"url\":\"https:\/\/www.pressenza.com\/it\/\",\"logo\":{\"@type\":\"ImageObject\",\"inLanguage\":\"it-IT\",\"@id\":\"https:\/\/www.pressenza.com\/it\/#\/schema\/logo\/image\/\",\"url\":\"https:\/\/www.pressenza.com\/wp-content\/uploads\/2022\/10\/pressenza_logo_200x200.jpg\",\"contentUrl\":\"https:\/\/www.pressenza.com\/wp-content\/uploads\/2022\/10\/pressenza_logo_200x200.jpg\",\"width\":200,\"height\":200,\"caption\":\"Pressenza\"},\"image\":{\"@id\":\"https:\/\/www.pressenza.com\/it\/#\/schema\/logo\/image\/\"},\"sameAs\":[\"https:\/\/www.facebook.com\/PressenzaItalia\",\"https:\/\/x.com\/PressenzaIPA\"]},{\"@type\":\"Person\",\"@id\":\"https:\/\/www.pressenza.com\/it\/#\/schema\/person\/fffbbe2f14495897417f313a954dae23\",\"name\":\"Redacci\u00f3n Espa\u00f1a\",\"url\":\"https:\/\/www.pressenza.com\/it\/author\/redaccion-espana\/\"}]}<\/script>\n<!-- \/ Yoast SEO plugin. -->","yoast_head_json":{"title":"Manifesto saharawi per la difesa delle risorse naturali","description":"La campagna internazionale Il Sahara Occidentale non \u00e8 in vendita* (WSNS, la sua sigla in inglese) ha pubblicato un MANIFESTO nel quale si chiede","robots":{"index":"index","follow":"follow","max-snippet":"max-snippet:-1","max-image-preview":"max-image-preview:large","max-video-preview":"max-video-preview:-1"},"canonical":"https:\/\/www.pressenza.com\/it\/2021\/01\/manifesto-saharawi-per-la-difesa-delle-risorse-naturali\/","og_locale":"it_IT","og_type":"article","og_title":"Manifesto saharawi per la difesa delle risorse naturali","og_description":"La campagna internazionale Il Sahara Occidentale non \u00e8 in vendita* (WSNS, la sua sigla in inglese) ha pubblicato un MANIFESTO nel quale si chiede","og_url":"https:\/\/www.pressenza.com\/it\/2021\/01\/manifesto-saharawi-per-la-difesa-delle-risorse-naturali\/","og_site_name":"Pressenza","article_publisher":"https:\/\/www.facebook.com\/PressenzaItalia","article_published_time":"2021-01-29T18:17:25+00:00","article_modified_time":"2021-01-29T18:22:01+00:00","og_image":[{"width":1920,"height":787,"url":"https:\/\/www.pressenza.com\/wp-content\/uploads\/2021\/01\/Banner_Home-1.jpg","type":"image\/jpeg"}],"author":"Redacci\u00f3n Espa\u00f1a","twitter_card":"summary_large_image","twitter_creator":"@PressenzaIPA","twitter_site":"@PressenzaIPA","twitter_misc":{"Scritto da":"Redacci\u00f3n Espa\u00f1a","Tempo di lettura stimato":"4 minuti"},"schema":{"@context":"https:\/\/schema.org","@graph":[{"@type":"Article","@id":"https:\/\/www.pressenza.com\/it\/2021\/01\/manifesto-saharawi-per-la-difesa-delle-risorse-naturali\/#article","isPartOf":{"@id":"https:\/\/www.pressenza.com\/it\/2021\/01\/manifesto-saharawi-per-la-difesa-delle-risorse-naturali\/"},"author":{"name":"Redacci\u00f3n Espa\u00f1a","@id":"https:\/\/www.pressenza.com\/it\/#\/schema\/person\/fffbbe2f14495897417f313a954dae23"},"headline":"Manifesto saharawi per la difesa delle risorse naturali","datePublished":"2021-01-29T18:17:25+00:00","dateModified":"2021-01-29T18:22:01+00:00","mainEntityOfPage":{"@id":"https:\/\/www.pressenza.com\/it\/2021\/01\/manifesto-saharawi-per-la-difesa-delle-risorse-naturali\/"},"wordCount":769,"publisher":{"@id":"https:\/\/www.pressenza.com\/it\/#organization"},"image":{"@id":"https:\/\/www.pressenza.com\/it\/2021\/01\/manifesto-saharawi-per-la-difesa-delle-risorse-naturali\/#primaryimage"},"thumbnailUrl":"https:\/\/www.pressenza.com\/wp-content\/uploads\/2021\/01\/Banner_Home-1.jpg","keywords":["diritti umani","diritto autodeterminazione dei popoli","Marocco","popolo Saharawi","Sahara Occidentale","territori occupati"],"articleSection":["Africa","contenuti originali","Diritti Umani"],"inLanguage":"it-IT"},{"@type":"WebPage","@id":"https:\/\/www.pressenza.com\/it\/2021\/01\/manifesto-saharawi-per-la-difesa-delle-risorse-naturali\/","url":"https:\/\/www.pressenza.com\/it\/2021\/01\/manifesto-saharawi-per-la-difesa-delle-risorse-naturali\/","name":"Manifesto saharawi per la difesa delle risorse naturali","isPartOf":{"@id":"https:\/\/www.pressenza.com\/it\/#website"},"primaryImageOfPage":{"@id":"https:\/\/www.pressenza.com\/it\/2021\/01\/manifesto-saharawi-per-la-difesa-delle-risorse-naturali\/#primaryimage"},"image":{"@id":"https:\/\/www.pressenza.com\/it\/2021\/01\/manifesto-saharawi-per-la-difesa-delle-risorse-naturali\/#primaryimage"},"thumbnailUrl":"https:\/\/www.pressenza.com\/wp-content\/uploads\/2021\/01\/Banner_Home-1.jpg","datePublished":"2021-01-29T18:17:25+00:00","dateModified":"2021-01-29T18:22:01+00:00","description":"La campagna internazionale Il Sahara Occidentale non \u00e8 in vendita* (WSNS, la sua sigla in inglese) ha pubblicato un MANIFESTO nel quale si chiede","breadcrumb":{"@id":"https:\/\/www.pressenza.com\/it\/2021\/01\/manifesto-saharawi-per-la-difesa-delle-risorse-naturali\/#breadcrumb"},"inLanguage":"it-IT","potentialAction":[{"@type":"ReadAction","target":["https:\/\/www.pressenza.com\/it\/2021\/01\/manifesto-saharawi-per-la-difesa-delle-risorse-naturali\/"]}]},{"@type":"ImageObject","inLanguage":"it-IT","@id":"https:\/\/www.pressenza.com\/it\/2021\/01\/manifesto-saharawi-per-la-difesa-delle-risorse-naturali\/#primaryimage","url":"https:\/\/www.pressenza.com\/wp-content\/uploads\/2021\/01\/Banner_Home-1.jpg","contentUrl":"https:\/\/www.pressenza.com\/wp-content\/uploads\/2021\/01\/Banner_Home-1.jpg","width":1920,"height":787},{"@type":"BreadcrumbList","@id":"https:\/\/www.pressenza.com\/it\/2021\/01\/manifesto-saharawi-per-la-difesa-delle-risorse-naturali\/#breadcrumb","itemListElement":[{"@type":"ListItem","position":1,"name":"Accueil","item":"https:\/\/www.pressenza.com\/it\/"},{"@type":"ListItem","position":2,"name":"Manifesto saharawi per la difesa delle risorse naturali"}]},{"@type":"WebSite","@id":"https:\/\/www.pressenza.com\/it\/#website","url":"https:\/\/www.pressenza.com\/it\/","name":"Pressenza","description":"Agenzia di Stampa Internazionale","publisher":{"@id":"https:\/\/www.pressenza.com\/it\/#organization"},"potentialAction":[{"@type":"SearchAction","target":{"@type":"EntryPoint","urlTemplate":"https:\/\/www.pressenza.com\/it\/?s={search_term_string}"},"query-input":{"@type":"PropertyValueSpecification","valueRequired":true,"valueName":"search_term_string"}}],"inLanguage":"it-IT"},{"@type":"Organization","@id":"https:\/\/www.pressenza.com\/it\/#organization","name":"Pressenza","url":"https:\/\/www.pressenza.com\/it\/","logo":{"@type":"ImageObject","inLanguage":"it-IT","@id":"https:\/\/www.pressenza.com\/it\/#\/schema\/logo\/image\/","url":"https:\/\/www.pressenza.com\/wp-content\/uploads\/2022\/10\/pressenza_logo_200x200.jpg","contentUrl":"https:\/\/www.pressenza.com\/wp-content\/uploads\/2022\/10\/pressenza_logo_200x200.jpg","width":200,"height":200,"caption":"Pressenza"},"image":{"@id":"https:\/\/www.pressenza.com\/it\/#\/schema\/logo\/image\/"},"sameAs":["https:\/\/www.facebook.com\/PressenzaItalia","https:\/\/x.com\/PressenzaIPA"]},{"@type":"Person","@id":"https:\/\/www.pressenza.com\/it\/#\/schema\/person\/fffbbe2f14495897417f313a954dae23","name":"Redacci\u00f3n Espa\u00f1a","url":"https:\/\/www.pressenza.com\/it\/author\/redaccion-espana\/"}]}},"place":"","original_article_url":"","_links":{"self":[{"href":"https:\/\/www.pressenza.com\/it\/wp-json\/wp\/v2\/posts\/1288091","targetHints":{"allow":["GET"]}}],"collection":[{"href":"https:\/\/www.pressenza.com\/it\/wp-json\/wp\/v2\/posts"}],"about":[{"href":"https:\/\/www.pressenza.com\/it\/wp-json\/wp\/v2\/types\/post"}],"author":[{"embeddable":true,"href":"https:\/\/www.pressenza.com\/it\/wp-json\/wp\/v2\/users\/1681"}],"replies":[{"embeddable":true,"href":"https:\/\/www.pressenza.com\/it\/wp-json\/wp\/v2\/comments?post=1288091"}],"version-history":[{"count":0,"href":"https:\/\/www.pressenza.com\/it\/wp-json\/wp\/v2\/posts\/1288091\/revisions"}],"wp:featuredmedia":[{"embeddable":true,"href":"https:\/\/www.pressenza.com\/it\/wp-json\/wp\/v2\/media\/1287401"}],"wp:attachment":[{"href":"https:\/\/www.pressenza.com\/it\/wp-json\/wp\/v2\/media?parent=1288091"}],"wp:term":[{"taxonomy":"category","embeddable":true,"href":"https:\/\/www.pressenza.com\/it\/wp-json\/wp\/v2\/categories?post=1288091"},{"taxonomy":"post_tag","embeddable":true,"href":"https:\/\/www.pressenza.com\/it\/wp-json\/wp\/v2\/tags?post=1288091"}],"curies":[{"name":"wp","href":"https:\/\/api.w.org\/{rel}","templated":true}]}}