{"id":1287269,"date":"2021-01-28T16:09:53","date_gmt":"2021-01-28T16:09:53","guid":{"rendered":"https:\/\/www.pressenza.com\/?p=1287269"},"modified":"2021-01-28T16:12:23","modified_gmt":"2021-01-28T16:12:23","slug":"la-sofferenza-in-carcere-sta-aumentando-intervista-al-garante-dei-detenuti-francesco-maisto","status":"publish","type":"post","link":"https:\/\/www.pressenza.com\/it\/2021\/01\/la-sofferenza-in-carcere-sta-aumentando-intervista-al-garante-dei-detenuti-francesco-maisto\/","title":{"rendered":"La sofferenza in carcere sta aumentando. Intervista al garante dei detenuti Francesco Maisto"},"content":{"rendered":"<p><em>Nella mia vita ho fatto giocare tanti bimbi, tanti. C\u2019\u00e8 un gioco di una facilit\u00e0 estrema e di un successo sicuro, credo peschi lontano tra i nostri gesti primordiali. Prendete una bella corda forte, mettetevi in mezzo, gridate ai bimbi che la prendano da una parte e dall\u2019altra e in un attimo daranno anima e corpo, suderanno e si faranno male alle mani pur di tirare la fune dalla loro parte.<\/em><\/p>\n<p><em>Francesco Maisto d\u00e0 l\u2019impressione di aver speso tanto tempo a tirare la corda. Una vita trascorsa come magistrato di sorveglianza, si occupa di carceri da sempre; ora \u00e8 in pensione, ma \u00e8 garante dei detenuti qui a Milano. <\/em><\/p>\n<p>Gli chiedo che cosa si stia facendo in questo periodo per mettere in sicurezza i detenuti e chi lavora nel carcere: \u201cPochissimo!\u201d risponde. \u201cLa cosa da fare era soprattutto una: sfoltire, guadagnare spazio e distanza. Si \u00e8 fatto troppo poco. Dal ministero una commissione pletorica. Non vi sono quasi pi\u00f9 parlamentari che entrano nelle carceri, che si spendono per questa vicenda. Con il Covid il sovraffollamento delle nostre carceri \u00e8 diventato ancora pi\u00f9 evidente e drammatico. Credo che si dovrebbero alleggerire le carceri a livello nazionale di almeno 4\/5mila unit\u00e0. Deve anche aumentare il cablaggio, in modo da avere migliori connessioni per i colloqui o la scuola. La rete internet attualmente spesso non regge. Non \u00e8 solo questione di soldi da investire; c\u2019entrano anche i troppi intralci burocratici per la realizzazione immediata di alcuni cambiamenti urgenti.\u201d<\/p>\n<p><strong>Le rivolte sono state pagate a prezzo altissimo <em>(vedi trasmissione Report del 18\/1\/21). <\/em>Quali forme di pressione possono attuare i detenuti e i loro familiari?<\/strong><\/p>\n<p>Le carceri italiane hanno visto moltissime forme di protesta civile, che devono poter continuare; sono uno sfogo utile e necessario. E\u2019 stata bloccata per esempio la richiesta di un detenuto di iscriversi all\u2019associazione \u201cNessuno tocchi Caino\u201d e questo non va bene. Voleva unirsi allo sciopero della fame promosso da Rita Bernardini e al quale mi sono partecipato anch\u2019io. Una lotta per fare pressione rispetto alla criticit\u00e0 della situazione delle carceri italiane.<\/p>\n<p>Se manca la trasparenza nelle carceri, questa danneggia tutti: i detenuti, la comunit\u00e0 penitenziaria e anche la popolazione civile. E invece sta tornando questa volont\u00e0 di chiudersi a riccio. A tratti sembra di tornare al pre-riforma 1975, quando le carceri erano avulse dalla societ\u00e0. Si rischia di tornare a \u201cgirachiavi e camosci\u201d <em>(gergo carcerario con il quale si chiamano gli agenti e i detenuti), <\/em>come vorrebbero alcuni sindacati di polizia penitenziaria e alcuni partiti politici, ma non \u00e8 possibile.<\/p>\n<p><strong>Come procede la richiesta che nelle carceri arrivino al pi\u00f9 presto i vaccini?<\/strong><\/p>\n<p>Noi garanti stiamo facendo tutte le pressioni possibili, abbiamo firmato appelli ai parlamentari, ai singoli ministri e al governo, abbiamo messo in evidenza i pericoli di contagio nelle carceri, per tutti coloro che vi entrano. Se qualche pubblico ministero diceva che si era pi\u00f9 sicuri in carcere che in piazza Duomo, bisogna invece sapere che il Covid \u00e8 arrivato anche all\u2019interno del reparto 41bis di Opera. Anche oggi \u00e8 scoppiato un focolaio a Rebibbia. Molti gli appelli anche dal mondo del volontariato e invece i membri del governo non mostrano alcuna intenzione di dare una minima priorit\u00e0 alle vaccinazioni dei detenuti e di chi lavora in carcere. Attualmente i volontari nelle tre carceri milanesi sono pi\u00f9 di mille, la maggior parte dei quali in questo momento \u00e8 bloccata. Qualcuno \u00e8 riuscito a mantenere la propria attivit\u00e0, ma non \u00e8 affatto facile. In questo momento gli arrestati sono soprattutto clochards, tossici e persone con problemi di salute mentale, quelli che non hanno nulla da perdere (apro una parentesi: San Vittore \u00e8 quasi diventato un vecchio ospedale psichiatrico giudiziario!). Spesso non hanno abiti adeguati, hanno freddo\u2026<\/p>\n<p>La situazione \u00e8 delicata, bisogna fare molta attenzione. Se spesso durante questa emergenza Covid vi \u00e8 una situazione \u201coscillatoria\u201d del contagio nella societ\u00e0 esterna, questo avviene anche nel circuito penitenziario. Per esempio a Milano c\u2019\u00e8 un luogo di grande eccellenza come l\u2019ICAM (Istituto a custodia attenuata per detenute madri), dove queste vivono con i loro bambini in una struttura ben diversa da un carcere. Attualmente \u00e8 vuota e il Comune ipotizzava di chiuderla definitivamente, ma chi ci dice che passato questo periodo non si tornino ad avere mamme con bambini? E allora sar\u00e0 bene avere questa struttura. Rischiamo regressioni.<\/p>\n<p>Torniamo pure al decreto legge che avrebbe dovuto contribuire a ridurre l\u2019affollamento: sono previsti una quantit\u00e0 di motivi ostativi che ne limitano grandemente l\u2019efficacia. La maggior parte delle persone che ne potrebbe beneficiare sono fragili, spesso senza casa, senza lavoro e senza assistenza sanitaria. Non si pu\u00f2 far finta di nulla. E\u2019 vero che la cassa delle ammende ha messo a disposizione dei fondi per affrontare queste situazioni, ma la Regione Lombardia ha voluto spendere quei soldi a favore della polizia penitenziaria. E\u2019 assurdo, quella ha altri canali per avere aiuti! Ma intanto si perde tempo; queste strutture hanno dei tempi troppo lunghi.<\/p>\n<p>Il Parlamento avrebbe dovuto mettere in atto delle misure quasi automatiche per sfoltire la popolazione carceraria di quei soggetti non pericolosi che possono tranquillamente espiare la pena in misure alternative. E questo non \u00e8 stato fatto.<\/p>\n<p><strong>Le suggerisco un gioco: se lei fosse Ministro di Grazia e Giustizia proporrebbe subito una misura del genere?<\/strong><\/p>\n<p>Il dottor Maisto ride\u2026 \u201cIo ho 74 anni, ero arrivato al massimo della mia carriera e ora sono un magistrato in pensione che fa il garante. In passato ministri che non erano particolarmente progressisti, nel momento in cui l\u2019Italia, per la sentenza europea Torregiani, fu accusata di sovraffollamento, attuarono delle misure speciali che sfoltirono le carceri. Un aumento delle riduzioni di pena per tutti coloro che avevano tenuto una condotta regolare. In quell\u2019occasione tanti poterono uscire, altri videro una riduzione della pena. A maggior ragione oggi si dovrebbe fare un\u2019azione di questo genere, anche a livello simbolico. Si parla di Ristori e Ristori, ma per le carceri niente? La sofferenza sta solo aumentando.<\/p>\n<p><strong>Durante il primo lockdown, quando fummo costretti a restare in casa, qualcuno disse che forse avremmo capito di pi\u00f9 le condizioni dei detenuti. Le sembra che sia avvenuto?<\/strong><\/p>\n<p>No, mi sembra invece che cresca una cattiveria punitiva, un egoismo non fondato. In Italia \u00e8 ancora forte e diffusa la cultura del \u201cbuttare le chiavi e farli marcire dentro\u201d. C\u2019\u00e8 per\u00f2 ancora molta voglia di lavorare, lo vedo dal mondo dei volontari, che restano attivi nel dare speranza. Le risposte del mondo della politica sono spesso false e inadeguate.<\/p>\n<p><strong>In questo momento \u00e8 pi\u00f9 frustrato o pi\u00f9 arrabbiato?<\/strong><\/p>\n<p>Sono pi\u00f9 arrabbiato\u2026. anche se preferisco dire \u201creattivo\u201d. La rabbia non mi appartiene.<\/p>\n<p><strong>Lei il carcere di San Vittore lo raderebbe al suolo?<\/strong><\/p>\n<p>Per niente, bisogna conoscere e mantenere la memoria per sapere quanta sofferenza c\u2019\u00e8 stata l\u00e0 dentro. Per i nazisti fu un parcheggio prima di mandare gli ebrei verso i campi di sterminio. E\u2019 un monumento storico all\u2019interno della citt\u00e0, dove ci sono ancora persone detenute che soffrono perch\u00e9 hanno sbagliato o perch\u00e9 <em>forse <\/em>hanno sbagliato. Potrebbe essere trasformato rispondendo in parte alle esigenze originarie, in parte a nuove funzioni sociali. San Vittore potrebbe diventare un luogo per semi-liberi e anche un museo; sarebbe davvero significativo. Che si ricordi come l\u00e0 dentro migliaia di persone hanno sofferto, a ragione o a torto. A me non va fatta questa domanda. Io ho speso tanto della mia vita l\u00ec dentro, da magistrato e alla fine anche da volontario. Ho visto i morti bruciati, ho visto di tutto, mi hanno chiamato per convincere a scendere detenuti che si erano rifugiati nelle bocche di lupo, sono riuscito a far buttar gi\u00f9 quelle finestre da cui non si vedeva fuori, ora sostituite da finestroni. A San Vittore c\u2019erano delle celle sotterranee dette \u201cai topi\u201d e io le ho fatte chiudere. Ogni giorno mi arrivavano i rapporti giudiziari di infortuni sul lavoro riguardo ai detenuti con le dita tagliate, non c\u2018era la minima sicurezza. Io non sono oggettivo su San Vittore.<\/p>\n<p>Io mi ritengo un riformista democratico, un riduzionista; non sono un abolizionista del carcere, ma sono sicuramente per la de-istituzionalizzazione.<\/p>\n<p><strong>La Costituzione italiana dice che la pena, e quindi in sostanza il carcere, deve avere una funzione riabilitativa, rieducativa. Da 1 a 100, come classificherebbe in questo senso il carcere in Italia?<\/strong><\/p>\n<p>Direi 10. Molto poco. La maggior parte dei fondi viene investita in sorveglianza, struttura, vigilanza, architettura e non in alternative. Bollate resta una struttura \u201cvirtuosa\u201d dove la recidiva guarda caso \u00e8 molto pi\u00f9 bassa.<\/p>\n<p><em>Siamo arrivati alla fine del tempo a disposizione e rimane una grande questione aperta: il CPR di Milano. Mi faccio promettere dal dottor Maisto che faremo un\u2019intervista solo su questo e lui acconsente. A presto, dottor Maisto.<\/em><\/p>\n","protected":false},"excerpt":{"rendered":"<p>Nella mia vita ho fatto giocare tanti bimbi, tanti. C\u2019\u00e8 un gioco di una facilit\u00e0 estrema e di un successo sicuro, credo peschi lontano tra i nostri gesti primordiali. Prendete una bella corda forte, mettetevi in mezzo, gridate ai bimbi&hellip;<\/p>\n","protected":false},"author":1537,"featured_media":1287271,"comment_status":"closed","ping_status":"closed","sticky":false,"template":"","format":"standard","meta":{"footnotes":""},"categories":[11388,60,47,157],"tags":[6642,72593,86700,70882,11408,9794,1685],"class_list":["post-1287269","post","type-post","status-publish","format-standard","has-post-thumbnail","hentry","category-contenuti-originali","category-diritti-umani","category-europa","category-interviste","tag-carcere","tag-covid","tag-francesco-maisto","tag-san-vittore","tag-sovraffollamento","tag-vaccini","tag-volontari"],"yoast_head":"<!-- This site is optimized with the Yoast SEO plugin v27.1.1 - https:\/\/yoast.com\/product\/yoast-seo-wordpress\/ -->\n<title>La sofferenza in carcere sta aumentando. Intervista al garante dei detenuti Francesco Maisto<\/title>\n<meta name=\"description\" content=\"Nella mia vita ho fatto giocare tanti bimbi, tanti. C\u2019\u00e8 un gioco di una facilit\u00e0 estrema e di un successo sicuro, credo peschi lontano tra i nostri gesti\" \/>\n<meta name=\"robots\" content=\"index, follow, max-snippet:-1, max-image-preview:large, max-video-preview:-1\" \/>\n<link rel=\"canonical\" href=\"https:\/\/www.pressenza.com\/it\/2021\/01\/la-sofferenza-in-carcere-sta-aumentando-intervista-al-garante-dei-detenuti-francesco-maisto\/\" \/>\n<meta property=\"og:locale\" content=\"it_IT\" \/>\n<meta property=\"og:type\" content=\"article\" \/>\n<meta property=\"og:title\" content=\"La sofferenza in carcere sta aumentando. Intervista al garante dei detenuti Francesco Maisto\" \/>\n<meta property=\"og:description\" content=\"Nella mia vita ho fatto giocare tanti bimbi, tanti. C\u2019\u00e8 un gioco di una facilit\u00e0 estrema e di un successo sicuro, credo peschi lontano tra i nostri gesti\" \/>\n<meta property=\"og:url\" content=\"https:\/\/www.pressenza.com\/it\/2021\/01\/la-sofferenza-in-carcere-sta-aumentando-intervista-al-garante-dei-detenuti-francesco-maisto\/\" \/>\n<meta property=\"og:site_name\" content=\"Pressenza\" \/>\n<meta property=\"article:publisher\" content=\"https:\/\/www.facebook.com\/PressenzaItalia\" \/>\n<meta property=\"article:published_time\" content=\"2021-01-28T16:09:53+00:00\" \/>\n<meta property=\"article:modified_time\" content=\"2021-01-28T16:12:23+00:00\" \/>\n<meta property=\"og:image\" content=\"https:\/\/www.pressenza.com\/wp-content\/uploads\/2021\/01\/Intervista-Maisto.jpg\" \/>\n\t<meta property=\"og:image:width\" content=\"1920\" \/>\n\t<meta property=\"og:image:height\" content=\"1080\" \/>\n\t<meta property=\"og:image:type\" content=\"image\/jpeg\" \/>\n<meta name=\"author\" content=\"Andrea De Lotto\" \/>\n<meta name=\"twitter:card\" content=\"summary_large_image\" \/>\n<meta name=\"twitter:creator\" content=\"@PressenzaIPA\" \/>\n<meta name=\"twitter:site\" content=\"@PressenzaIPA\" \/>\n<meta name=\"twitter:label1\" content=\"Scritto da\" \/>\n\t<meta name=\"twitter:data1\" content=\"Andrea De Lotto\" \/>\n\t<meta name=\"twitter:label2\" content=\"Tempo di lettura stimato\" \/>\n\t<meta name=\"twitter:data2\" content=\"7 minuti\" \/>\n<script type=\"application\/ld+json\" class=\"yoast-schema-graph\">{\"@context\":\"https:\/\/schema.org\",\"@graph\":[{\"@type\":\"Article\",\"@id\":\"https:\/\/www.pressenza.com\/it\/2021\/01\/la-sofferenza-in-carcere-sta-aumentando-intervista-al-garante-dei-detenuti-francesco-maisto\/#article\",\"isPartOf\":{\"@id\":\"https:\/\/www.pressenza.com\/it\/2021\/01\/la-sofferenza-in-carcere-sta-aumentando-intervista-al-garante-dei-detenuti-francesco-maisto\/\"},\"author\":{\"name\":\"Andrea De Lotto\",\"@id\":\"https:\/\/www.pressenza.com\/it\/#\/schema\/person\/6388dc0281afd7eeb72a1763aca696a4\"},\"headline\":\"La sofferenza in carcere sta aumentando. Intervista al garante dei detenuti Francesco Maisto\",\"datePublished\":\"2021-01-28T16:09:53+00:00\",\"dateModified\":\"2021-01-28T16:12:23+00:00\",\"mainEntityOfPage\":{\"@id\":\"https:\/\/www.pressenza.com\/it\/2021\/01\/la-sofferenza-in-carcere-sta-aumentando-intervista-al-garante-dei-detenuti-francesco-maisto\/\"},\"wordCount\":1447,\"publisher\":{\"@id\":\"https:\/\/www.pressenza.com\/it\/#organization\"},\"image\":{\"@id\":\"https:\/\/www.pressenza.com\/it\/2021\/01\/la-sofferenza-in-carcere-sta-aumentando-intervista-al-garante-dei-detenuti-francesco-maisto\/#primaryimage\"},\"thumbnailUrl\":\"https:\/\/www.pressenza.com\/wp-content\/uploads\/2021\/01\/Intervista-Maisto.jpg\",\"keywords\":[\"carcere\",\"covid\",\"Francesco Maisto\",\"San Vittore\",\"sovraffollamento\",\"Vaccini\",\"volontari\"],\"articleSection\":[\"contenuti originali\",\"Diritti Umani\",\"Europa\",\"Interviste\"],\"inLanguage\":\"it-IT\"},{\"@type\":\"WebPage\",\"@id\":\"https:\/\/www.pressenza.com\/it\/2021\/01\/la-sofferenza-in-carcere-sta-aumentando-intervista-al-garante-dei-detenuti-francesco-maisto\/\",\"url\":\"https:\/\/www.pressenza.com\/it\/2021\/01\/la-sofferenza-in-carcere-sta-aumentando-intervista-al-garante-dei-detenuti-francesco-maisto\/\",\"name\":\"La sofferenza in carcere sta aumentando. Intervista al garante dei detenuti Francesco Maisto\",\"isPartOf\":{\"@id\":\"https:\/\/www.pressenza.com\/it\/#website\"},\"primaryImageOfPage\":{\"@id\":\"https:\/\/www.pressenza.com\/it\/2021\/01\/la-sofferenza-in-carcere-sta-aumentando-intervista-al-garante-dei-detenuti-francesco-maisto\/#primaryimage\"},\"image\":{\"@id\":\"https:\/\/www.pressenza.com\/it\/2021\/01\/la-sofferenza-in-carcere-sta-aumentando-intervista-al-garante-dei-detenuti-francesco-maisto\/#primaryimage\"},\"thumbnailUrl\":\"https:\/\/www.pressenza.com\/wp-content\/uploads\/2021\/01\/Intervista-Maisto.jpg\",\"datePublished\":\"2021-01-28T16:09:53+00:00\",\"dateModified\":\"2021-01-28T16:12:23+00:00\",\"description\":\"Nella mia vita ho fatto giocare tanti bimbi, tanti. C\u2019\u00e8 un gioco di una facilit\u00e0 estrema e di un successo sicuro, credo peschi lontano tra i nostri gesti\",\"breadcrumb\":{\"@id\":\"https:\/\/www.pressenza.com\/it\/2021\/01\/la-sofferenza-in-carcere-sta-aumentando-intervista-al-garante-dei-detenuti-francesco-maisto\/#breadcrumb\"},\"inLanguage\":\"it-IT\",\"potentialAction\":[{\"@type\":\"ReadAction\",\"target\":[\"https:\/\/www.pressenza.com\/it\/2021\/01\/la-sofferenza-in-carcere-sta-aumentando-intervista-al-garante-dei-detenuti-francesco-maisto\/\"]}]},{\"@type\":\"ImageObject\",\"inLanguage\":\"it-IT\",\"@id\":\"https:\/\/www.pressenza.com\/it\/2021\/01\/la-sofferenza-in-carcere-sta-aumentando-intervista-al-garante-dei-detenuti-francesco-maisto\/#primaryimage\",\"url\":\"https:\/\/www.pressenza.com\/wp-content\/uploads\/2021\/01\/Intervista-Maisto.jpg\",\"contentUrl\":\"https:\/\/www.pressenza.com\/wp-content\/uploads\/2021\/01\/Intervista-Maisto.jpg\",\"width\":1920,\"height\":1080},{\"@type\":\"BreadcrumbList\",\"@id\":\"https:\/\/www.pressenza.com\/it\/2021\/01\/la-sofferenza-in-carcere-sta-aumentando-intervista-al-garante-dei-detenuti-francesco-maisto\/#breadcrumb\",\"itemListElement\":[{\"@type\":\"ListItem\",\"position\":1,\"name\":\"Accueil\",\"item\":\"https:\/\/www.pressenza.com\/it\/\"},{\"@type\":\"ListItem\",\"position\":2,\"name\":\"La sofferenza in carcere sta aumentando. Intervista al garante dei detenuti Francesco Maisto\"}]},{\"@type\":\"WebSite\",\"@id\":\"https:\/\/www.pressenza.com\/it\/#website\",\"url\":\"https:\/\/www.pressenza.com\/it\/\",\"name\":\"Pressenza\",\"description\":\"Agenzia di Stampa Internazionale\",\"publisher\":{\"@id\":\"https:\/\/www.pressenza.com\/it\/#organization\"},\"potentialAction\":[{\"@type\":\"SearchAction\",\"target\":{\"@type\":\"EntryPoint\",\"urlTemplate\":\"https:\/\/www.pressenza.com\/it\/?s={search_term_string}\"},\"query-input\":{\"@type\":\"PropertyValueSpecification\",\"valueRequired\":true,\"valueName\":\"search_term_string\"}}],\"inLanguage\":\"it-IT\"},{\"@type\":\"Organization\",\"@id\":\"https:\/\/www.pressenza.com\/it\/#organization\",\"name\":\"Pressenza\",\"url\":\"https:\/\/www.pressenza.com\/it\/\",\"logo\":{\"@type\":\"ImageObject\",\"inLanguage\":\"it-IT\",\"@id\":\"https:\/\/www.pressenza.com\/it\/#\/schema\/logo\/image\/\",\"url\":\"https:\/\/www.pressenza.com\/wp-content\/uploads\/2022\/10\/pressenza_logo_200x200.jpg\",\"contentUrl\":\"https:\/\/www.pressenza.com\/wp-content\/uploads\/2022\/10\/pressenza_logo_200x200.jpg\",\"width\":200,\"height\":200,\"caption\":\"Pressenza\"},\"image\":{\"@id\":\"https:\/\/www.pressenza.com\/it\/#\/schema\/logo\/image\/\"},\"sameAs\":[\"https:\/\/www.facebook.com\/PressenzaItalia\",\"https:\/\/x.com\/PressenzaIPA\"]},{\"@type\":\"Person\",\"@id\":\"https:\/\/www.pressenza.com\/it\/#\/schema\/person\/6388dc0281afd7eeb72a1763aca696a4\",\"name\":\"Andrea De Lotto\",\"url\":\"https:\/\/www.pressenza.com\/it\/author\/andrea-de-lotto\/\"}]}<\/script>\n<!-- \/ Yoast SEO plugin. -->","yoast_head_json":{"title":"La sofferenza in carcere sta aumentando. Intervista al garante dei detenuti Francesco Maisto","description":"Nella mia vita ho fatto giocare tanti bimbi, tanti. C\u2019\u00e8 un gioco di una facilit\u00e0 estrema e di un successo sicuro, credo peschi lontano tra i nostri gesti","robots":{"index":"index","follow":"follow","max-snippet":"max-snippet:-1","max-image-preview":"max-image-preview:large","max-video-preview":"max-video-preview:-1"},"canonical":"https:\/\/www.pressenza.com\/it\/2021\/01\/la-sofferenza-in-carcere-sta-aumentando-intervista-al-garante-dei-detenuti-francesco-maisto\/","og_locale":"it_IT","og_type":"article","og_title":"La sofferenza in carcere sta aumentando. Intervista al garante dei detenuti Francesco Maisto","og_description":"Nella mia vita ho fatto giocare tanti bimbi, tanti. C\u2019\u00e8 un gioco di una facilit\u00e0 estrema e di un successo sicuro, credo peschi lontano tra i nostri gesti","og_url":"https:\/\/www.pressenza.com\/it\/2021\/01\/la-sofferenza-in-carcere-sta-aumentando-intervista-al-garante-dei-detenuti-francesco-maisto\/","og_site_name":"Pressenza","article_publisher":"https:\/\/www.facebook.com\/PressenzaItalia","article_published_time":"2021-01-28T16:09:53+00:00","article_modified_time":"2021-01-28T16:12:23+00:00","og_image":[{"width":1920,"height":1080,"url":"https:\/\/www.pressenza.com\/wp-content\/uploads\/2021\/01\/Intervista-Maisto.jpg","type":"image\/jpeg"}],"author":"Andrea De Lotto","twitter_card":"summary_large_image","twitter_creator":"@PressenzaIPA","twitter_site":"@PressenzaIPA","twitter_misc":{"Scritto da":"Andrea De Lotto","Tempo di lettura stimato":"7 minuti"},"schema":{"@context":"https:\/\/schema.org","@graph":[{"@type":"Article","@id":"https:\/\/www.pressenza.com\/it\/2021\/01\/la-sofferenza-in-carcere-sta-aumentando-intervista-al-garante-dei-detenuti-francesco-maisto\/#article","isPartOf":{"@id":"https:\/\/www.pressenza.com\/it\/2021\/01\/la-sofferenza-in-carcere-sta-aumentando-intervista-al-garante-dei-detenuti-francesco-maisto\/"},"author":{"name":"Andrea De Lotto","@id":"https:\/\/www.pressenza.com\/it\/#\/schema\/person\/6388dc0281afd7eeb72a1763aca696a4"},"headline":"La sofferenza in carcere sta aumentando. Intervista al garante dei detenuti Francesco Maisto","datePublished":"2021-01-28T16:09:53+00:00","dateModified":"2021-01-28T16:12:23+00:00","mainEntityOfPage":{"@id":"https:\/\/www.pressenza.com\/it\/2021\/01\/la-sofferenza-in-carcere-sta-aumentando-intervista-al-garante-dei-detenuti-francesco-maisto\/"},"wordCount":1447,"publisher":{"@id":"https:\/\/www.pressenza.com\/it\/#organization"},"image":{"@id":"https:\/\/www.pressenza.com\/it\/2021\/01\/la-sofferenza-in-carcere-sta-aumentando-intervista-al-garante-dei-detenuti-francesco-maisto\/#primaryimage"},"thumbnailUrl":"https:\/\/www.pressenza.com\/wp-content\/uploads\/2021\/01\/Intervista-Maisto.jpg","keywords":["carcere","covid","Francesco Maisto","San Vittore","sovraffollamento","Vaccini","volontari"],"articleSection":["contenuti originali","Diritti Umani","Europa","Interviste"],"inLanguage":"it-IT"},{"@type":"WebPage","@id":"https:\/\/www.pressenza.com\/it\/2021\/01\/la-sofferenza-in-carcere-sta-aumentando-intervista-al-garante-dei-detenuti-francesco-maisto\/","url":"https:\/\/www.pressenza.com\/it\/2021\/01\/la-sofferenza-in-carcere-sta-aumentando-intervista-al-garante-dei-detenuti-francesco-maisto\/","name":"La sofferenza in carcere sta aumentando. Intervista al garante dei detenuti Francesco Maisto","isPartOf":{"@id":"https:\/\/www.pressenza.com\/it\/#website"},"primaryImageOfPage":{"@id":"https:\/\/www.pressenza.com\/it\/2021\/01\/la-sofferenza-in-carcere-sta-aumentando-intervista-al-garante-dei-detenuti-francesco-maisto\/#primaryimage"},"image":{"@id":"https:\/\/www.pressenza.com\/it\/2021\/01\/la-sofferenza-in-carcere-sta-aumentando-intervista-al-garante-dei-detenuti-francesco-maisto\/#primaryimage"},"thumbnailUrl":"https:\/\/www.pressenza.com\/wp-content\/uploads\/2021\/01\/Intervista-Maisto.jpg","datePublished":"2021-01-28T16:09:53+00:00","dateModified":"2021-01-28T16:12:23+00:00","description":"Nella mia vita ho fatto giocare tanti bimbi, tanti. C\u2019\u00e8 un gioco di una facilit\u00e0 estrema e di un successo sicuro, credo peschi lontano tra i nostri gesti","breadcrumb":{"@id":"https:\/\/www.pressenza.com\/it\/2021\/01\/la-sofferenza-in-carcere-sta-aumentando-intervista-al-garante-dei-detenuti-francesco-maisto\/#breadcrumb"},"inLanguage":"it-IT","potentialAction":[{"@type":"ReadAction","target":["https:\/\/www.pressenza.com\/it\/2021\/01\/la-sofferenza-in-carcere-sta-aumentando-intervista-al-garante-dei-detenuti-francesco-maisto\/"]}]},{"@type":"ImageObject","inLanguage":"it-IT","@id":"https:\/\/www.pressenza.com\/it\/2021\/01\/la-sofferenza-in-carcere-sta-aumentando-intervista-al-garante-dei-detenuti-francesco-maisto\/#primaryimage","url":"https:\/\/www.pressenza.com\/wp-content\/uploads\/2021\/01\/Intervista-Maisto.jpg","contentUrl":"https:\/\/www.pressenza.com\/wp-content\/uploads\/2021\/01\/Intervista-Maisto.jpg","width":1920,"height":1080},{"@type":"BreadcrumbList","@id":"https:\/\/www.pressenza.com\/it\/2021\/01\/la-sofferenza-in-carcere-sta-aumentando-intervista-al-garante-dei-detenuti-francesco-maisto\/#breadcrumb","itemListElement":[{"@type":"ListItem","position":1,"name":"Accueil","item":"https:\/\/www.pressenza.com\/it\/"},{"@type":"ListItem","position":2,"name":"La sofferenza in carcere sta aumentando. Intervista al garante dei detenuti Francesco Maisto"}]},{"@type":"WebSite","@id":"https:\/\/www.pressenza.com\/it\/#website","url":"https:\/\/www.pressenza.com\/it\/","name":"Pressenza","description":"Agenzia di Stampa Internazionale","publisher":{"@id":"https:\/\/www.pressenza.com\/it\/#organization"},"potentialAction":[{"@type":"SearchAction","target":{"@type":"EntryPoint","urlTemplate":"https:\/\/www.pressenza.com\/it\/?s={search_term_string}"},"query-input":{"@type":"PropertyValueSpecification","valueRequired":true,"valueName":"search_term_string"}}],"inLanguage":"it-IT"},{"@type":"Organization","@id":"https:\/\/www.pressenza.com\/it\/#organization","name":"Pressenza","url":"https:\/\/www.pressenza.com\/it\/","logo":{"@type":"ImageObject","inLanguage":"it-IT","@id":"https:\/\/www.pressenza.com\/it\/#\/schema\/logo\/image\/","url":"https:\/\/www.pressenza.com\/wp-content\/uploads\/2022\/10\/pressenza_logo_200x200.jpg","contentUrl":"https:\/\/www.pressenza.com\/wp-content\/uploads\/2022\/10\/pressenza_logo_200x200.jpg","width":200,"height":200,"caption":"Pressenza"},"image":{"@id":"https:\/\/www.pressenza.com\/it\/#\/schema\/logo\/image\/"},"sameAs":["https:\/\/www.facebook.com\/PressenzaItalia","https:\/\/x.com\/PressenzaIPA"]},{"@type":"Person","@id":"https:\/\/www.pressenza.com\/it\/#\/schema\/person\/6388dc0281afd7eeb72a1763aca696a4","name":"Andrea De Lotto","url":"https:\/\/www.pressenza.com\/it\/author\/andrea-de-lotto\/"}]}},"place":"","original_article_url":"","_links":{"self":[{"href":"https:\/\/www.pressenza.com\/it\/wp-json\/wp\/v2\/posts\/1287269","targetHints":{"allow":["GET"]}}],"collection":[{"href":"https:\/\/www.pressenza.com\/it\/wp-json\/wp\/v2\/posts"}],"about":[{"href":"https:\/\/www.pressenza.com\/it\/wp-json\/wp\/v2\/types\/post"}],"author":[{"embeddable":true,"href":"https:\/\/www.pressenza.com\/it\/wp-json\/wp\/v2\/users\/1537"}],"replies":[{"embeddable":true,"href":"https:\/\/www.pressenza.com\/it\/wp-json\/wp\/v2\/comments?post=1287269"}],"version-history":[{"count":0,"href":"https:\/\/www.pressenza.com\/it\/wp-json\/wp\/v2\/posts\/1287269\/revisions"}],"wp:featuredmedia":[{"embeddable":true,"href":"https:\/\/www.pressenza.com\/it\/wp-json\/wp\/v2\/media\/1287271"}],"wp:attachment":[{"href":"https:\/\/www.pressenza.com\/it\/wp-json\/wp\/v2\/media?parent=1287269"}],"wp:term":[{"taxonomy":"category","embeddable":true,"href":"https:\/\/www.pressenza.com\/it\/wp-json\/wp\/v2\/categories?post=1287269"},{"taxonomy":"post_tag","embeddable":true,"href":"https:\/\/www.pressenza.com\/it\/wp-json\/wp\/v2\/tags?post=1287269"}],"curies":[{"name":"wp","href":"https:\/\/api.w.org\/{rel}","templated":true}]}}