{"id":1286030,"date":"2021-01-26T15:43:56","date_gmt":"2021-01-26T15:43:56","guid":{"rendered":"https:\/\/www.pressenza.com\/?p=1286030"},"modified":"2021-01-26T15:45:57","modified_gmt":"2021-01-26T15:45:57","slug":"il-pericolo-del-debito","status":"publish","type":"post","link":"https:\/\/www.pressenza.com\/it\/2021\/01\/il-pericolo-del-debito\/","title":{"rendered":"Il pericolo del debito"},"content":{"rendered":"<p>Dall\u2019Europa sarebbero in arrivo oltre 200 miliardi di euro, ma la maggior parte di questi soldi sono un prestito. Anche quelli che non sono un prestito sono una \u201cpartita di giro\u201d. L\u2019Italia, come ogni Stato dell\u2019Unione, ogni anno versa un contributo al bilancio europeo e poi l\u2019Europa \u201crestituisce\u201d a ogni paese, quindi anche all\u2019Italia, una sovvenzione. I dati dimostrano che in questa \u201cpartita\u201d da 200 miliardi l\u2019Italia ci guadagna poco meno del 2% del PIL (circa 34 miliardi di euro), al contrario della Germania che ci perde oltre il 2% del PIL (oltre 70 miliardi di euro).<\/p>\n<p>Considerati questi dati, \u00e8 incomprensibile l\u2019enfasi che in Italia viene manifestata sui soldi che arriveranno dall\u2019Europa, di solito senza evidenziare il rischio di un eccessivo indebitamento (considerato il nostro debito pubblico gi\u00e0 altissimo) e soprattutto senza spiegare come si intende procedere per la restituzione dei prestiti. Quest\u2019ultima questione viene taciuta, poich\u00e9 implica necessariamente la consapevolezza che il debito che stiamo contraendo di fatto viene posto a carico delle prossime generazioni, ammesso e non concesso che il debito attuale possa venir saldato da questa generazione.<\/p>\n<p>L\u2019ultimo dato disponibile sul debito pubblico (al 30\/11\/2020) \u00e8 di 2.586 miliardi di euro, che corrisponde mediamente a circa 43.000 euro per ogni cittadino italiano. Come far\u00e0 il povero Stato italiano a pagarlo? Le strade principali sono due: farlo pagare ai contribuenti di oggi, oppure a quelli di domani. Domanda logica: ma i contribuenti attuali sarebbero in grado di pagare l\u2019attuale debito? S\u00ec, poich\u00e9 la ricchezza privata italiana ammonta ad oltre 10.000 miliardi, cio\u00e8 il quadruplo del debito pubblico.<\/p>\n<p>Non solo: le famiglie italiane sono le pi\u00f9 ricche d\u2019Europa, sia come propriet\u00e0 immobiliari sia per liquidit\u00e0. Infatti, mediamente ogni famiglia in Italia dispone di beni mobili pari a 2,21 volte il proprio reddito annuo. Le famiglie francesi 1,59 volte, quelle tedesche 1,25 e quelle spagnole 0,84 volte il proprio reddito annuo. Insomma, gli italiani sono grandi risparmiatori e dispongono di grandi riserve. Di conseguenza, anzitutto per ragione etiche, a saldare il debito potremmo e dovremmo provvedere adesso, senza scaricare questo peso sui nostri figli e nipoti.<\/p>\n<p>Si potrebbe obiettare che questi ragionamenti avrebbero avuto un senso prima della pandemia, poich\u00e9 nella situazione attuale le cose sono molto cambiate. Invece, per quanto riguarda il debito pubblico e le ricchezze private tendenzialmente non \u00e8 cambiato nulla. Infatti, negli ultimi 12 mesi il debito pubblico \u00e8 aumentato di 139 miliardi, mentre nel 2020 la liquidit\u00e0 sui conti correnti degli italiani \u00e8 aumentata di 162 miliardi di euro. Pertanto, il vero problema dell\u2019Italia non \u00e8 il debito o la ricchezza, ma la disuguaglianza. Il 20% della popolazione pi\u00f9 abbiente detiene il 66% della ricchezza. In Italia il 40% pi\u00f9 ricco possiede l\u201985%. \u00c8 chiaro che per ridurre il debito pubblico bisogna bussare alle porte dei ricchi, perch\u00e9 soltanto l\u00ec si possono trovare le risorse necessarie.<\/p>\n<p>Lo studio \u201cDebito &amp; Fisco\u201d, realizzato nel 2018 da CADTM Italia, ha dimostrato che \u2013 grazie a sconti fiscali e a leggi di favore sulle imposte \u2013 negli ultimi 40 anni i ricchi hanno \u201crisparmiato\u201d 300 miliardi di euro. Marco Biagi, nell\u2019ultima intervista prima di essere assassinato da un commando di terroristi dalle Brigate Rosse, aveva dichiarato: \u201cIo sono della scuola di Robin Hood: ogni tanto ai ricchi bisogna prendere le cose con la forza\u201d. Ovviamente si riferiva alla forza delle leggi. \u00c8 appena il caso di ricordare che nel 1974 l\u2019aliquota pi\u00f9 elevata sui redditi delle persone fisiche era del 72%, mentre quella attuale \u00e8 del 43%. Come dire che i ricchi progressivamente hanno pagato meno tasse. L\u2019esatto contrario di quanto viene prescritto dalla Costituzione.<\/p>\n<p>Inoltre, i dati ufficiali rilevano che l\u2019evasione fiscale \u00e8 superiore a 100 miliardi di euro ogni anno. Di conseguenza, negli ultimi 30 anni l\u2019evasione fiscale ha superato ampliamente il debito pubblico nel frattempo accumulato. Non \u00e8 vero ci\u00f2 che alcuni politici hanno detto, cio\u00e8 che lo Stato ha messo le mani nelle tasche degli italiani. In realt\u00e0 \u00e8 accaduto il contrario: alcuni (non pochi) italiani hanno messo le mani nelle tasche della cassa comune, sottraendo enormi risorse e indebitando tutta la comunit\u00e0. John Adams, il secondo Presidente degli Stati Uniti d\u2019America, diceva che \u201cci sono due modi per rendere schiava una nazione: uno \u00e8 la spada, l\u2019altro sono i debiti\u201d.<\/p>\n<p>Se questa \u00e8 la storia fiscale recente, forse sarebbe il caso di smetterla davvero sia con l\u2019evasione fiscale sia con l\u2019indebitamento. Da un lato abbiamo la necessit\u00e0 di recuperare il maltolto e di evitare che si continuino a sottrarre risorse alla comunit\u00e0 Italia. Dall\u2019altro dobbiamo evitare di indebitarci ulteriormente e avviare una riduzione progressiva del debito attuale. Per questo i soldi dell\u2019Europa potrebbero non servire. Servirebbe invece una seria riforma fiscale e un controllo sulla congruit\u00e0 tra redditi e patrimoni posseduti. Si potrebbe fare, se ci fosse la volont\u00e0 politica. Questo \u00e8 il problema.<\/p>\n<p>&nbsp;<\/p>\n<p>&nbsp;<\/p>\n","protected":false},"excerpt":{"rendered":"<p>Dall\u2019Europa sarebbero in arrivo oltre 200 miliardi di euro, ma la maggior parte di questi soldi sono un prestito. Anche quelli che non sono un prestito sono una \u201cpartita di giro\u201d. L\u2019Italia, come ogni Stato dell\u2019Unione, ogni anno versa un&hellip;<\/p>\n","protected":false},"author":1280,"featured_media":609717,"comment_status":"closed","ping_status":"closed","sticky":false,"template":"","format":"standard","meta":{"footnotes":""},"categories":[11388,62,47,162],"tags":[9139,10575,23862,4869,370,70346],"class_list":["post-1286030","post","type-post","status-publish","format-standard","has-post-thumbnail","hentry","category-contenuti-originali","category-economia","category-europa","category-opinioni","tag-debito-pubblico","tag-disuguaglianza","tag-europa-es-2-it","tag-evasione-fiscale","tag-italia","tag-pandemia"],"yoast_head":"<!-- This site is optimized with the Yoast SEO plugin v27.1.1 - https:\/\/yoast.com\/product\/yoast-seo-wordpress\/ -->\n<title>Il pericolo del debito<\/title>\n<meta name=\"description\" content=\"Dall\u2019Europa sarebbero in arrivo oltre 200 miliardi di euro, ma la maggior parte di questi soldi sono un prestito. Anche quelli che non sono un prestito\" \/>\n<meta name=\"robots\" content=\"index, follow, max-snippet:-1, max-image-preview:large, max-video-preview:-1\" \/>\n<link rel=\"canonical\" href=\"https:\/\/www.pressenza.com\/it\/2021\/01\/il-pericolo-del-debito\/\" \/>\n<meta property=\"og:locale\" content=\"it_IT\" \/>\n<meta property=\"og:type\" content=\"article\" \/>\n<meta property=\"og:title\" content=\"Il pericolo del debito\" \/>\n<meta property=\"og:description\" content=\"Dall\u2019Europa sarebbero in arrivo oltre 200 miliardi di euro, ma la maggior parte di questi soldi sono un prestito. Anche quelli che non sono un prestito\" \/>\n<meta property=\"og:url\" content=\"https:\/\/www.pressenza.com\/it\/2021\/01\/il-pericolo-del-debito\/\" \/>\n<meta property=\"og:site_name\" content=\"Pressenza\" \/>\n<meta property=\"article:publisher\" content=\"https:\/\/www.facebook.com\/PressenzaItalia\" \/>\n<meta property=\"article:published_time\" content=\"2021-01-26T15:43:56+00:00\" \/>\n<meta property=\"article:modified_time\" content=\"2021-01-26T15:45:57+00:00\" \/>\n<meta property=\"og:image\" content=\"https:\/\/www.pressenza.com\/wp-content\/uploads\/2018\/03\/debito-pubblico.jpg\" \/>\n\t<meta property=\"og:image:width\" content=\"1275\" \/>\n\t<meta property=\"og:image:height\" content=\"850\" \/>\n\t<meta property=\"og:image:type\" content=\"image\/jpeg\" \/>\n<meta name=\"author\" content=\"Rocco Artifoni\" \/>\n<meta name=\"twitter:card\" content=\"summary_large_image\" \/>\n<meta name=\"twitter:creator\" content=\"@PressenzaIPA\" \/>\n<meta name=\"twitter:site\" content=\"@PressenzaIPA\" \/>\n<meta name=\"twitter:label1\" content=\"Scritto da\" \/>\n\t<meta name=\"twitter:data1\" content=\"Rocco Artifoni\" \/>\n\t<meta name=\"twitter:label2\" content=\"Tempo di lettura stimato\" \/>\n\t<meta name=\"twitter:data2\" content=\"4 minuti\" \/>\n<script type=\"application\/ld+json\" class=\"yoast-schema-graph\">{\"@context\":\"https:\/\/schema.org\",\"@graph\":[{\"@type\":\"Article\",\"@id\":\"https:\/\/www.pressenza.com\/it\/2021\/01\/il-pericolo-del-debito\/#article\",\"isPartOf\":{\"@id\":\"https:\/\/www.pressenza.com\/it\/2021\/01\/il-pericolo-del-debito\/\"},\"author\":{\"name\":\"Rocco Artifoni\",\"@id\":\"https:\/\/www.pressenza.com\/it\/#\/schema\/person\/47253bd773bfdc8f669fc1a490a0d099\"},\"headline\":\"Il pericolo del debito\",\"datePublished\":\"2021-01-26T15:43:56+00:00\",\"dateModified\":\"2021-01-26T15:45:57+00:00\",\"mainEntityOfPage\":{\"@id\":\"https:\/\/www.pressenza.com\/it\/2021\/01\/il-pericolo-del-debito\/\"},\"wordCount\":786,\"publisher\":{\"@id\":\"https:\/\/www.pressenza.com\/it\/#organization\"},\"image\":{\"@id\":\"https:\/\/www.pressenza.com\/it\/2021\/01\/il-pericolo-del-debito\/#primaryimage\"},\"thumbnailUrl\":\"https:\/\/www.pressenza.com\/wp-content\/uploads\/2018\/03\/debito-pubblico.jpg\",\"keywords\":[\"debito pubblico\",\"disuguaglianza\",\"Europa\",\"evasione fiscale\",\"Italia\",\"pandemia\"],\"articleSection\":[\"contenuti originali\",\"Economia\",\"Europa\",\"Opinioni\"],\"inLanguage\":\"it-IT\"},{\"@type\":\"WebPage\",\"@id\":\"https:\/\/www.pressenza.com\/it\/2021\/01\/il-pericolo-del-debito\/\",\"url\":\"https:\/\/www.pressenza.com\/it\/2021\/01\/il-pericolo-del-debito\/\",\"name\":\"Il pericolo del debito\",\"isPartOf\":{\"@id\":\"https:\/\/www.pressenza.com\/it\/#website\"},\"primaryImageOfPage\":{\"@id\":\"https:\/\/www.pressenza.com\/it\/2021\/01\/il-pericolo-del-debito\/#primaryimage\"},\"image\":{\"@id\":\"https:\/\/www.pressenza.com\/it\/2021\/01\/il-pericolo-del-debito\/#primaryimage\"},\"thumbnailUrl\":\"https:\/\/www.pressenza.com\/wp-content\/uploads\/2018\/03\/debito-pubblico.jpg\",\"datePublished\":\"2021-01-26T15:43:56+00:00\",\"dateModified\":\"2021-01-26T15:45:57+00:00\",\"description\":\"Dall\u2019Europa sarebbero in arrivo oltre 200 miliardi di euro, ma la maggior parte di questi soldi sono un prestito. Anche quelli che non sono un prestito\",\"breadcrumb\":{\"@id\":\"https:\/\/www.pressenza.com\/it\/2021\/01\/il-pericolo-del-debito\/#breadcrumb\"},\"inLanguage\":\"it-IT\",\"potentialAction\":[{\"@type\":\"ReadAction\",\"target\":[\"https:\/\/www.pressenza.com\/it\/2021\/01\/il-pericolo-del-debito\/\"]}]},{\"@type\":\"ImageObject\",\"inLanguage\":\"it-IT\",\"@id\":\"https:\/\/www.pressenza.com\/it\/2021\/01\/il-pericolo-del-debito\/#primaryimage\",\"url\":\"https:\/\/www.pressenza.com\/wp-content\/uploads\/2018\/03\/debito-pubblico.jpg\",\"contentUrl\":\"https:\/\/www.pressenza.com\/wp-content\/uploads\/2018\/03\/debito-pubblico.jpg\",\"width\":1275,\"height\":850},{\"@type\":\"BreadcrumbList\",\"@id\":\"https:\/\/www.pressenza.com\/it\/2021\/01\/il-pericolo-del-debito\/#breadcrumb\",\"itemListElement\":[{\"@type\":\"ListItem\",\"position\":1,\"name\":\"Accueil\",\"item\":\"https:\/\/www.pressenza.com\/it\/\"},{\"@type\":\"ListItem\",\"position\":2,\"name\":\"Il pericolo del debito\"}]},{\"@type\":\"WebSite\",\"@id\":\"https:\/\/www.pressenza.com\/it\/#website\",\"url\":\"https:\/\/www.pressenza.com\/it\/\",\"name\":\"Pressenza\",\"description\":\"Agenzia di Stampa Internazionale\",\"publisher\":{\"@id\":\"https:\/\/www.pressenza.com\/it\/#organization\"},\"potentialAction\":[{\"@type\":\"SearchAction\",\"target\":{\"@type\":\"EntryPoint\",\"urlTemplate\":\"https:\/\/www.pressenza.com\/it\/?s={search_term_string}\"},\"query-input\":{\"@type\":\"PropertyValueSpecification\",\"valueRequired\":true,\"valueName\":\"search_term_string\"}}],\"inLanguage\":\"it-IT\"},{\"@type\":\"Organization\",\"@id\":\"https:\/\/www.pressenza.com\/it\/#organization\",\"name\":\"Pressenza\",\"url\":\"https:\/\/www.pressenza.com\/it\/\",\"logo\":{\"@type\":\"ImageObject\",\"inLanguage\":\"it-IT\",\"@id\":\"https:\/\/www.pressenza.com\/it\/#\/schema\/logo\/image\/\",\"url\":\"https:\/\/www.pressenza.com\/wp-content\/uploads\/2022\/10\/pressenza_logo_200x200.jpg\",\"contentUrl\":\"https:\/\/www.pressenza.com\/wp-content\/uploads\/2022\/10\/pressenza_logo_200x200.jpg\",\"width\":200,\"height\":200,\"caption\":\"Pressenza\"},\"image\":{\"@id\":\"https:\/\/www.pressenza.com\/it\/#\/schema\/logo\/image\/\"},\"sameAs\":[\"https:\/\/www.facebook.com\/PressenzaItalia\",\"https:\/\/x.com\/PressenzaIPA\"]},{\"@type\":\"Person\",\"@id\":\"https:\/\/www.pressenza.com\/it\/#\/schema\/person\/47253bd773bfdc8f669fc1a490a0d099\",\"name\":\"Rocco Artifoni\",\"description\":\"Rocco Artifoni \u00e8 nato a Bergamo nel 1960. \u00c8 presidente nazionale dell\u2019Associazione per la Riduzione del Debito Pubblico (www.ardep.it) e referente per la Lombardia dell\u2019Associazione Art. 53 (www.articolo53.it). Principali appartenenze e impegni locali (provincia di Bergamo): Consiglio Direttivo della Fondazione Serughetti La Porta (www.laportabergamo.it), Comitato provinciale per l\u2019abolizione delle barriere architettoniche (www.diversabile.it), Coordinamento provinciale di Libera (www.liberabg.it), Comitato bergamasco per la difesa della Costituzione (www.salviamolacostituzione.bg.it), Scuola di educazione e formazione alla politica We Care (www.scuolawecare.it), Redazione della rivista L\u2019Incontro e delle Edizioni Gruppo Aeper (www.aeper.it). Nel 2014 ha pubblicato insieme a Filippo Pizzolato \u201cL\u2019ABC della Costituzione\u201d per le Edizioni Gruppo Aeper con prefazione di don Luigi Ciotti. Nel 2018, insieme a Francesco Gesualdi e Antonio De Lellis, per CADTM Italia ha pubblicato il dossier \u201cFisco &amp; Debito. Gli effetti delle controriforme fiscali sul nostro debito pubblico\u201d.\",\"url\":\"https:\/\/www.pressenza.com\/it\/author\/rocco-artifoni\/\"}]}<\/script>\n<!-- \/ Yoast SEO plugin. -->","yoast_head_json":{"title":"Il pericolo del debito","description":"Dall\u2019Europa sarebbero in arrivo oltre 200 miliardi di euro, ma la maggior parte di questi soldi sono un prestito. Anche quelli che non sono un prestito","robots":{"index":"index","follow":"follow","max-snippet":"max-snippet:-1","max-image-preview":"max-image-preview:large","max-video-preview":"max-video-preview:-1"},"canonical":"https:\/\/www.pressenza.com\/it\/2021\/01\/il-pericolo-del-debito\/","og_locale":"it_IT","og_type":"article","og_title":"Il pericolo del debito","og_description":"Dall\u2019Europa sarebbero in arrivo oltre 200 miliardi di euro, ma la maggior parte di questi soldi sono un prestito. Anche quelli che non sono un prestito","og_url":"https:\/\/www.pressenza.com\/it\/2021\/01\/il-pericolo-del-debito\/","og_site_name":"Pressenza","article_publisher":"https:\/\/www.facebook.com\/PressenzaItalia","article_published_time":"2021-01-26T15:43:56+00:00","article_modified_time":"2021-01-26T15:45:57+00:00","og_image":[{"width":1275,"height":850,"url":"https:\/\/www.pressenza.com\/wp-content\/uploads\/2018\/03\/debito-pubblico.jpg","type":"image\/jpeg"}],"author":"Rocco Artifoni","twitter_card":"summary_large_image","twitter_creator":"@PressenzaIPA","twitter_site":"@PressenzaIPA","twitter_misc":{"Scritto da":"Rocco Artifoni","Tempo di lettura stimato":"4 minuti"},"schema":{"@context":"https:\/\/schema.org","@graph":[{"@type":"Article","@id":"https:\/\/www.pressenza.com\/it\/2021\/01\/il-pericolo-del-debito\/#article","isPartOf":{"@id":"https:\/\/www.pressenza.com\/it\/2021\/01\/il-pericolo-del-debito\/"},"author":{"name":"Rocco Artifoni","@id":"https:\/\/www.pressenza.com\/it\/#\/schema\/person\/47253bd773bfdc8f669fc1a490a0d099"},"headline":"Il pericolo del debito","datePublished":"2021-01-26T15:43:56+00:00","dateModified":"2021-01-26T15:45:57+00:00","mainEntityOfPage":{"@id":"https:\/\/www.pressenza.com\/it\/2021\/01\/il-pericolo-del-debito\/"},"wordCount":786,"publisher":{"@id":"https:\/\/www.pressenza.com\/it\/#organization"},"image":{"@id":"https:\/\/www.pressenza.com\/it\/2021\/01\/il-pericolo-del-debito\/#primaryimage"},"thumbnailUrl":"https:\/\/www.pressenza.com\/wp-content\/uploads\/2018\/03\/debito-pubblico.jpg","keywords":["debito pubblico","disuguaglianza","Europa","evasione fiscale","Italia","pandemia"],"articleSection":["contenuti originali","Economia","Europa","Opinioni"],"inLanguage":"it-IT"},{"@type":"WebPage","@id":"https:\/\/www.pressenza.com\/it\/2021\/01\/il-pericolo-del-debito\/","url":"https:\/\/www.pressenza.com\/it\/2021\/01\/il-pericolo-del-debito\/","name":"Il pericolo del debito","isPartOf":{"@id":"https:\/\/www.pressenza.com\/it\/#website"},"primaryImageOfPage":{"@id":"https:\/\/www.pressenza.com\/it\/2021\/01\/il-pericolo-del-debito\/#primaryimage"},"image":{"@id":"https:\/\/www.pressenza.com\/it\/2021\/01\/il-pericolo-del-debito\/#primaryimage"},"thumbnailUrl":"https:\/\/www.pressenza.com\/wp-content\/uploads\/2018\/03\/debito-pubblico.jpg","datePublished":"2021-01-26T15:43:56+00:00","dateModified":"2021-01-26T15:45:57+00:00","description":"Dall\u2019Europa sarebbero in arrivo oltre 200 miliardi di euro, ma la maggior parte di questi soldi sono un prestito. Anche quelli che non sono un prestito","breadcrumb":{"@id":"https:\/\/www.pressenza.com\/it\/2021\/01\/il-pericolo-del-debito\/#breadcrumb"},"inLanguage":"it-IT","potentialAction":[{"@type":"ReadAction","target":["https:\/\/www.pressenza.com\/it\/2021\/01\/il-pericolo-del-debito\/"]}]},{"@type":"ImageObject","inLanguage":"it-IT","@id":"https:\/\/www.pressenza.com\/it\/2021\/01\/il-pericolo-del-debito\/#primaryimage","url":"https:\/\/www.pressenza.com\/wp-content\/uploads\/2018\/03\/debito-pubblico.jpg","contentUrl":"https:\/\/www.pressenza.com\/wp-content\/uploads\/2018\/03\/debito-pubblico.jpg","width":1275,"height":850},{"@type":"BreadcrumbList","@id":"https:\/\/www.pressenza.com\/it\/2021\/01\/il-pericolo-del-debito\/#breadcrumb","itemListElement":[{"@type":"ListItem","position":1,"name":"Accueil","item":"https:\/\/www.pressenza.com\/it\/"},{"@type":"ListItem","position":2,"name":"Il pericolo del debito"}]},{"@type":"WebSite","@id":"https:\/\/www.pressenza.com\/it\/#website","url":"https:\/\/www.pressenza.com\/it\/","name":"Pressenza","description":"Agenzia di Stampa Internazionale","publisher":{"@id":"https:\/\/www.pressenza.com\/it\/#organization"},"potentialAction":[{"@type":"SearchAction","target":{"@type":"EntryPoint","urlTemplate":"https:\/\/www.pressenza.com\/it\/?s={search_term_string}"},"query-input":{"@type":"PropertyValueSpecification","valueRequired":true,"valueName":"search_term_string"}}],"inLanguage":"it-IT"},{"@type":"Organization","@id":"https:\/\/www.pressenza.com\/it\/#organization","name":"Pressenza","url":"https:\/\/www.pressenza.com\/it\/","logo":{"@type":"ImageObject","inLanguage":"it-IT","@id":"https:\/\/www.pressenza.com\/it\/#\/schema\/logo\/image\/","url":"https:\/\/www.pressenza.com\/wp-content\/uploads\/2022\/10\/pressenza_logo_200x200.jpg","contentUrl":"https:\/\/www.pressenza.com\/wp-content\/uploads\/2022\/10\/pressenza_logo_200x200.jpg","width":200,"height":200,"caption":"Pressenza"},"image":{"@id":"https:\/\/www.pressenza.com\/it\/#\/schema\/logo\/image\/"},"sameAs":["https:\/\/www.facebook.com\/PressenzaItalia","https:\/\/x.com\/PressenzaIPA"]},{"@type":"Person","@id":"https:\/\/www.pressenza.com\/it\/#\/schema\/person\/47253bd773bfdc8f669fc1a490a0d099","name":"Rocco Artifoni","description":"Rocco Artifoni \u00e8 nato a Bergamo nel 1960. \u00c8 presidente nazionale dell\u2019Associazione per la Riduzione del Debito Pubblico (www.ardep.it) e referente per la Lombardia dell\u2019Associazione Art. 53 (www.articolo53.it). Principali appartenenze e impegni locali (provincia di Bergamo): Consiglio Direttivo della Fondazione Serughetti La Porta (www.laportabergamo.it), Comitato provinciale per l\u2019abolizione delle barriere architettoniche (www.diversabile.it), Coordinamento provinciale di Libera (www.liberabg.it), Comitato bergamasco per la difesa della Costituzione (www.salviamolacostituzione.bg.it), Scuola di educazione e formazione alla politica We Care (www.scuolawecare.it), Redazione della rivista L\u2019Incontro e delle Edizioni Gruppo Aeper (www.aeper.it). Nel 2014 ha pubblicato insieme a Filippo Pizzolato \u201cL\u2019ABC della Costituzione\u201d per le Edizioni Gruppo Aeper con prefazione di don Luigi Ciotti. Nel 2018, insieme a Francesco Gesualdi e Antonio De Lellis, per CADTM Italia ha pubblicato il dossier \u201cFisco &amp; Debito. Gli effetti delle controriforme fiscali sul nostro debito pubblico\u201d.","url":"https:\/\/www.pressenza.com\/it\/author\/rocco-artifoni\/"}]}},"place":"","original_article_url":"","_links":{"self":[{"href":"https:\/\/www.pressenza.com\/it\/wp-json\/wp\/v2\/posts\/1286030","targetHints":{"allow":["GET"]}}],"collection":[{"href":"https:\/\/www.pressenza.com\/it\/wp-json\/wp\/v2\/posts"}],"about":[{"href":"https:\/\/www.pressenza.com\/it\/wp-json\/wp\/v2\/types\/post"}],"author":[{"embeddable":true,"href":"https:\/\/www.pressenza.com\/it\/wp-json\/wp\/v2\/users\/1280"}],"replies":[{"embeddable":true,"href":"https:\/\/www.pressenza.com\/it\/wp-json\/wp\/v2\/comments?post=1286030"}],"version-history":[{"count":0,"href":"https:\/\/www.pressenza.com\/it\/wp-json\/wp\/v2\/posts\/1286030\/revisions"}],"wp:featuredmedia":[{"embeddable":true,"href":"https:\/\/www.pressenza.com\/it\/wp-json\/wp\/v2\/media\/609717"}],"wp:attachment":[{"href":"https:\/\/www.pressenza.com\/it\/wp-json\/wp\/v2\/media?parent=1286030"}],"wp:term":[{"taxonomy":"category","embeddable":true,"href":"https:\/\/www.pressenza.com\/it\/wp-json\/wp\/v2\/categories?post=1286030"},{"taxonomy":"post_tag","embeddable":true,"href":"https:\/\/www.pressenza.com\/it\/wp-json\/wp\/v2\/tags?post=1286030"}],"curies":[{"name":"wp","href":"https:\/\/api.w.org\/{rel}","templated":true}]}}